{"id":88624,"date":"2023-11-23T19:39:42","date_gmt":"2023-11-23T18:39:42","guid":{"rendered":"https:\/\/exaudi.org\/?p=88624"},"modified":"2023-11-26T09:38:09","modified_gmt":"2023-11-26T08:38:09","slug":"preparazione-alla-missione","status":"publish","type":"post","link":"https:\/\/exaudi.org\/it\/preparazione-alla-missione\/","title":{"rendered":"Preparazione alla missione"},"content":{"rendered":"<p>Fisicamente, don Alberione era un uomo di statura inferiore alla media, magro e gracile. La sua bellezza era tutta spirituale, anzi moralmente era un gigante; aveva il talento di un realizzatore come pochi altri, e le fondamenta nate dal suo cuore e dalla sua operosit\u00e0 lo testimoniano. Per quanto dipendeva da lui, si nascondeva il pi\u00f9 possibile. Proprio per questo si pu\u00f2 ripetere con il Magnificat che egli fu l&#8217;umile esaltato e che la sua umilt\u00e0 fu la radice della sua grandezza.<\/p>\n<p>Riconosceva che tutto ci\u00f2 che era riuscito a fare era opera di Dio e, infatti, temeva di ostacolarlo e danneggiarlo con le sue inadeguatezze, le sue incoerenze, i suoi difetti. Prima di impegnarsi nell&#8217;azione, mise alla base di tutto la preghiera. Poi vennero gli impulsi, le decisioni molto ferme che sembravano improvvise, ma che erano seguite da lunghe ore di silenzio, di solitudine, di colloqui con Ges\u00f9 nell&#8217;Eucaristia.<\/p>\n<p>Dopo la chiamata al sacerdozio, sentita quando era ancora molto giovane &#8211; &#8220;Sar\u00f2 sacerdote&#8221;, rispose alla maestra che gli chiedeva cosa avrebbe fatto da grande &#8211; e dopo gli anni trascorsi nel seminario di Bra, seguiti dall&#8217;ingresso nel seminario di Alba, entrambi in Italia, e dalla notte di adorazione del 31 dicembre 1900, il giovane seminarista si prepara alla sua missione con una seriet\u00e0 e un impegno straordinari, che sono un grande incoraggiamento per i suoi figli e figlie di oggi e del futuro.<\/p>\n<p>Infatti, negli anni di preparazione al sacerdozio, lo studio insieme alla spiritualit\u00e0 costituiscono l&#8217;asse portante dell&#8217;itinerario formativo del giovane Alberione. Scrive di s\u00e9: &#8220;Per cinque anni lesse, due volte al giorno, una sezione della Storia universale della Chiesa di Rohrbacher; per altri cinque anni, quella di Hergenrother; per otto anni, nel tempo libero, lesse la storia universale di Cant\u00f9, estendendola alla storia della letteratura, dell&#8217;arte, della guerra, della navigazione, della musica in particolare, del diritto, delle religioni, della filosofia&#8221;.<\/p>\n<p>Dopo l&#8217;ordinazione, avvenuta il 29 giugno 1907, don Alberione, oltre all&#8217;incarico di direttore spirituale del seminario, che mantenne fino al 1920, ricopr\u00ec altri incarichi, tra cui quello di professore di storia civile al liceo, di storia ecclesiastica e liturgia, di storia dell&#8217;arte; fu maestro di liturgia e d&#8217;arte e insegn\u00f2 teologia pastorale ai nuovi sacerdoti. Fu bibliotecario in seminario, professore di religione nell&#8217;oratorio maschile di Alba, direttore dei terziari domenicani della diocesi, ecc.<\/p>\n<p>Questa impressionante sequenza di attivit\u00e0 e responsabilit\u00e0 del Fondatore ci lascia senza parole, rivela il fuoco che ardeva in lui, la sua incessante ricerca del Signore e della sua volont\u00e0, cos\u00ec come il forte desiderio di mettere in pratica tutto ci\u00f2 che di bello, buono e vero aveva appreso nei suoi studi e nella sua formazione religiosa: davvero un modello meraviglioso a cui ispirarsi e da imitare per noi, figli e figlie di Don Alberione nel XXI secolo.<\/p>\n<p>Il Fondatore sapeva leggere i &#8220;segni dei tempi&#8221;, sentiva che era tempo di fare qualcosa di &#8220;nuovo&#8221;. Scriveva nel 1922: &#8220;Le quattro pie donne che ricevono la comunione ogni mattina, i quattro giovani che si riuniscono ogni sera intorno al parroco, non sono tutto il paese, non sono tutto il popolo: molte altre pecore sono fuori dell&#8217;ovile. \u00c8 a loro che il Pastore deve andare: oggi andiamo da queste anime con la stampa. Un tempo bastava aspettare le persone in Chiesa, oggi bisogna andare a cercarle in casa, nei campi, nell&#8217;officina: chi ama le anime lo fa&#8221;.<\/p>\n<p>Secondo l&#8217;insegnamento di Alberione, tutte le invenzioni umane devono essere messe al servizio del Vangelo: ogni macchina da stampa diventa per lui un pulpito; il giornale, il film, il disco devono diventare un annuncio di salvezza. E oggi, nell&#8217;era di internet e dei social network, siamo sempre pi\u00f9 invitati ad &#8220;abitare&#8221; questo ambiente comunicativo per essere una significativa presenza paolina, affinch\u00e9 il Vangelo possa raggiungere tutti, lontani e vicini.<\/p>\n<h3><strong>P. Vito Spagnolo, SSP<\/strong><\/h3>\n<p><a href=\"https:\/\/www.paulus.net\/index.php?option=com_content&amp;view=article&amp;id=6557:prepararsi-per-la-missione&amp;catid=887&amp;Itemid=2249&amp;lang=it\">Web San Paolo Roma<\/a><\/p>\n","protected":false},"excerpt":{"rendered":"<p>Il beato Giacomo Alberione: la sua incessante ricerca del Signore e della sua volont\u00e0, cos\u00ec come il suo forte desiderio di mettere in pratica tutto ci\u00f2 che di bello, buono e vero aveva appreso negli studi e nella formazione religiosa.<\/p>\n","protected":false},"author":17,"featured_media":88525,"comment_status":"closed","ping_status":"closed","sticky":false,"template":"","format":"standard","meta":{"_acf_changed":false,"_crdt_document":"","inline_featured_image":false,"footnotes":""},"categories":[73],"tags":[11095,11079,11080,11081,11082,11083,4952],"class_list":["post-88624","post","type-post","status-publish","format-standard","has-post-thumbnail","hentry","category-chiesa-e-mondo","tag-beato-giacomo-alberione","tag-beato-santiago-alberione-2","tag-fr-vito-spagnolo","tag-padri-paolini","tag-societa-di-san-paolo","tag-ssp-3","tag-trending-it"],"acf":[],"yoast_head":"<!-- This site is optimized with the Yoast SEO plugin v27.5 - https:\/\/yoast.com\/product\/yoast-seo-wordpress\/ -->\n<title>Preparazione alla missione &#8211; Exaudi<\/title>\n<meta name=\"robots\" content=\"index, follow, max-snippet:-1, max-image-preview:large, max-video-preview:-1\" \/>\n<link rel=\"canonical\" href=\"https:\/\/exaudi.org\/it\/preparazione-alla-missione\/\" \/>\n<meta property=\"og:locale\" content=\"it_IT\" \/>\n<meta property=\"og:type\" content=\"article\" \/>\n<meta property=\"og:title\" content=\"Preparazione alla missione &#8211; Exaudi\" \/>\n<meta property=\"og:description\" content=\"Il beato Giacomo Alberione: la sua incessante ricerca del Signore e della sua volont\u00e0, cos\u00ec come il suo forte desiderio di mettere in pratica tutto ci\u00f2 che di bello, buono e vero aveva appreso negli studi e nella formazione religiosa.\" \/>\n<meta property=\"og:url\" content=\"https:\/\/exaudi.org\/it\/preparazione-alla-missione\/\" \/>\n<meta property=\"og:site_name\" content=\"Exaudi\" \/>\n<meta property=\"article:publisher\" content=\"https:\/\/www.facebook.com\/ExaudiNews\" \/>\n<meta property=\"article:author\" content=\"https:\/\/www.facebook.com\/ExaudiNotizie\/\" \/>\n<meta property=\"article:published_time\" content=\"2023-11-23T18:39:42+00:00\" \/>\n<meta property=\"article:modified_time\" content=\"2023-11-26T08:38:09+00:00\" \/>\n<meta property=\"og:image\" content=\"https:\/\/exaudi.org\/wp-content\/uploads\/2023\/11\/cq5dam.thumbnail.cropped.750.422-1-10.jpeg\" \/>\n\t<meta property=\"og:image:width\" content=\"750\" \/>\n\t<meta property=\"og:image:height\" content=\"422\" \/>\n\t<meta property=\"og:image:type\" content=\"image\/jpeg\" \/>\n<meta name=\"author\" content=\"Exaudi Redazione\" \/>\n<meta name=\"twitter:card\" content=\"summary_large_image\" \/>\n<meta name=\"twitter:creator\" content=\"@Exaudi_Notizie\" \/>\n<meta name=\"twitter:site\" content=\"@Exaudi_News\" \/>\n<meta name=\"twitter:label1\" content=\"Scritto da\" \/>\n\t<meta name=\"twitter:data1\" content=\"Exaudi Redazione\" \/>\n\t<meta name=\"twitter:label2\" content=\"Tempo di lettura stimato\" \/>\n\t<meta name=\"twitter:data2\" content=\"3 minuti\" \/>\n<script type=\"application\/ld+json\" class=\"yoast-schema-graph\">{\"@context\":\"https:\\\/\\\/schema.org\",\"@graph\":[{\"@type\":\"Article\",\"@id\":\"https:\\\/\\\/exaudi.org\\\/it\\\/preparazione-alla-missione\\\/#article\",\"isPartOf\":{\"@id\":\"https:\\\/\\\/exaudi.org\\\/it\\\/preparazione-alla-missione\\\/\"},\"author\":{\"name\":\"Exaudi Redazione\",\"@id\":\"https:\\\/\\\/exaudi.org\\\/#\\\/schema\\\/person\\\/e1ab6ed07c01774724dd96f925f3a5f0\"},\"headline\":\"Preparazione alla missione\",\"datePublished\":\"2023-11-23T18:39:42+00:00\",\"dateModified\":\"2023-11-26T08:38:09+00:00\",\"mainEntityOfPage\":{\"@id\":\"https:\\\/\\\/exaudi.org\\\/it\\\/preparazione-alla-missione\\\/\"},\"wordCount\":650,\"image\":{\"@id\":\"https:\\\/\\\/exaudi.org\\\/it\\\/preparazione-alla-missione\\\/#primaryimage\"},\"thumbnailUrl\":\"https:\\\/\\\/exaudi.org\\\/wp-content\\\/uploads\\\/2023\\\/11\\\/cq5dam.thumbnail.cropped.750.422-1-10.jpeg\",\"keywords\":[\"Beato Giacomo Alberione\",\"BEATO SANTIAGO ALBERIONE\",\"FR. VITO SPAGNOLO\",\"PADRI PAOLINI\",\"SOCIET\u00c0 DI SAN PAOLO\",\"SSP\",\"Trending\"],\"articleSection\":[\"Chiesa e Mondo\"],\"inLanguage\":\"it-IT\"},{\"@type\":\"WebPage\",\"@id\":\"https:\\\/\\\/exaudi.org\\\/it\\\/preparazione-alla-missione\\\/\",\"url\":\"https:\\\/\\\/exaudi.org\\\/it\\\/preparazione-alla-missione\\\/\",\"name\":\"Preparazione alla missione &#8211; Exaudi\",\"isPartOf\":{\"@id\":\"https:\\\/\\\/exaudi.org\\\/#website\"},\"primaryImageOfPage\":{\"@id\":\"https:\\\/\\\/exaudi.org\\\/it\\\/preparazione-alla-missione\\\/#primaryimage\"},\"image\":{\"@id\":\"https:\\\/\\\/exaudi.org\\\/it\\\/preparazione-alla-missione\\\/#primaryimage\"},\"thumbnailUrl\":\"https:\\\/\\\/exaudi.org\\\/wp-content\\\/uploads\\\/2023\\\/11\\\/cq5dam.thumbnail.cropped.750.422-1-10.jpeg\",\"datePublished\":\"2023-11-23T18:39:42+00:00\",\"dateModified\":\"2023-11-26T08:38:09+00:00\",\"author\":{\"@id\":\"https:\\\/\\\/exaudi.org\\\/#\\\/schema\\\/person\\\/e1ab6ed07c01774724dd96f925f3a5f0\"},\"breadcrumb\":{\"@id\":\"https:\\\/\\\/exaudi.org\\\/it\\\/preparazione-alla-missione\\\/#breadcrumb\"},\"inLanguage\":\"it-IT\",\"potentialAction\":[{\"@type\":\"ReadAction\",\"target\":[\"https:\\\/\\\/exaudi.org\\\/it\\\/preparazione-alla-missione\\\/\"]}]},{\"@type\":\"ImageObject\",\"inLanguage\":\"it-IT\",\"@id\":\"https:\\\/\\\/exaudi.org\\\/it\\\/preparazione-alla-missione\\\/#primaryimage\",\"url\":\"https:\\\/\\\/exaudi.org\\\/wp-content\\\/uploads\\\/2023\\\/11\\\/cq5dam.thumbnail.cropped.750.422-1-10.jpeg\",\"contentUrl\":\"https:\\\/\\\/exaudi.org\\\/wp-content\\\/uploads\\\/2023\\\/11\\\/cq5dam.thumbnail.cropped.750.422-1-10.jpeg\",\"width\":750,\"height\":422},{\"@type\":\"BreadcrumbList\",\"@id\":\"https:\\\/\\\/exaudi.org\\\/it\\\/preparazione-alla-missione\\\/#breadcrumb\",\"itemListElement\":[{\"@type\":\"ListItem\",\"position\":1,\"name\":\"Portada\",\"item\":\"https:\\\/\\\/exaudi.org\\\/it\\\/\"},{\"@type\":\"ListItem\",\"position\":2,\"name\":\"Preparazione alla missione\"}]},{\"@type\":\"WebSite\",\"@id\":\"https:\\\/\\\/exaudi.org\\\/#website\",\"url\":\"https:\\\/\\\/exaudi.org\\\/\",\"name\":\"Exaudi\",\"description\":\"News\",\"potentialAction\":[{\"@type\":\"SearchAction\",\"target\":{\"@type\":\"EntryPoint\",\"urlTemplate\":\"https:\\\/\\\/exaudi.org\\\/?s={search_term_string}\"},\"query-input\":{\"@type\":\"PropertyValueSpecification\",\"valueRequired\":true,\"valueName\":\"search_term_string\"}}],\"inLanguage\":\"it-IT\"},{\"@type\":\"Person\",\"@id\":\"https:\\\/\\\/exaudi.org\\\/#\\\/schema\\\/person\\\/e1ab6ed07c01774724dd96f925f3a5f0\",\"name\":\"Exaudi Redazione\",\"image\":{\"@type\":\"ImageObject\",\"inLanguage\":\"it-IT\",\"@id\":\"https:\\\/\\\/secure.gravatar.com\\\/avatar\\\/ad6774b3ada023bf5b939d64f45c94b3adf91502dd883507d469b4308a943bb3?s=96&d=mm&r=g\",\"url\":\"https:\\\/\\\/secure.gravatar.com\\\/avatar\\\/ad6774b3ada023bf5b939d64f45c94b3adf91502dd883507d469b4308a943bb3?s=96&d=mm&r=g\",\"contentUrl\":\"https:\\\/\\\/secure.gravatar.com\\\/avatar\\\/ad6774b3ada023bf5b939d64f45c94b3adf91502dd883507d469b4308a943bb3?s=96&d=mm&r=g\",\"caption\":\"Exaudi Redazione\"},\"description\":\"Che cosa \u00e8 Exaudi News? Exaudi News \u00e8 un agenzia cattolica internazionale che informa, istruisce e trasforma quotidianamente in spagnolo, inglese e italiano. Attraverso notizie, articoli di analisi e trasmissioni in diretta degli eventi del Papa, Exaudi cerca di rafforzare l'unit\u00e0 dei cristiani e di contribuire all'evangelizzazione del mondo, sempre guidato dalla dottrina sociale della Chiesa. Lavoriamo per portare la verit\u00e0 e i valori cristiani in ogni angolo del pianeta. Aiutaci a trasformare il mondo con Exaudi! Noi di Exaudi crediamo che l'evangelizzazione e l'informazione di qualit\u00e0 possano cambiare la vita. Per continuare la nostra missione ed espandere la nostra portata, abbiamo bisogno del tuo aiuto. Stiamo anche cercando persone motivate che vogliano unirsi al nostro team. Grazie al vostro sostegno raggiungeremo pi\u00f9 persone, diffonderemo il messaggio di Cristo e rafforzeremo l'unit\u00e0 dei cristiani. Vuoi unirti alla nostra missione? Per maggiori informazioni su come contribuire, visita Exaudi.org\\\/it o contattaci direttamente: info@exaudi.org Exaudi: informa, forma e trasforma.\",\"sameAs\":[\"https:\\\/\\\/www.facebook.com\\\/ExaudiNotizie\\\/\",\"https:\\\/\\\/www.instagram.com\\\/Exaudi_notizie\\\/\",\"https:\\\/\\\/x.com\\\/Exaudi_Notizie\",\"https:\\\/\\\/www.youtube.com\\\/@exaudicatholicnews\"],\"url\":\"https:\\\/\\\/exaudi.org\\\/it\\\/author\\\/dlvedi-org\\\/\"}]}<\/script>\n<!-- \/ Yoast SEO plugin. -->","yoast_head_json":{"title":"Preparazione alla missione &#8211; Exaudi","robots":{"index":"index","follow":"follow","max-snippet":"max-snippet:-1","max-image-preview":"max-image-preview:large","max-video-preview":"max-video-preview:-1"},"canonical":"https:\/\/exaudi.org\/it\/preparazione-alla-missione\/","og_locale":"it_IT","og_type":"article","og_title":"Preparazione alla missione &#8211; Exaudi","og_description":"Il beato Giacomo Alberione: la sua incessante ricerca del Signore e della sua volont\u00e0, cos\u00ec come il suo forte desiderio di mettere in pratica tutto ci\u00f2 che di bello, buono e vero aveva appreso negli studi e nella formazione religiosa.","og_url":"https:\/\/exaudi.org\/it\/preparazione-alla-missione\/","og_site_name":"Exaudi","article_publisher":"https:\/\/www.facebook.com\/ExaudiNews","article_author":"https:\/\/www.facebook.com\/ExaudiNotizie\/","article_published_time":"2023-11-23T18:39:42+00:00","article_modified_time":"2023-11-26T08:38:09+00:00","og_image":[{"width":750,"height":422,"url":"https:\/\/exaudi.org\/wp-content\/uploads\/2023\/11\/cq5dam.thumbnail.cropped.750.422-1-10.jpeg","type":"image\/jpeg"}],"author":"Exaudi Redazione","twitter_card":"summary_large_image","twitter_creator":"@Exaudi_Notizie","twitter_site":"@Exaudi_News","twitter_misc":{"Scritto da":"Exaudi Redazione","Tempo di lettura stimato":"3 minuti"},"schema":{"@context":"https:\/\/schema.org","@graph":[{"@type":"Article","@id":"https:\/\/exaudi.org\/it\/preparazione-alla-missione\/#article","isPartOf":{"@id":"https:\/\/exaudi.org\/it\/preparazione-alla-missione\/"},"author":{"name":"Exaudi Redazione","@id":"https:\/\/exaudi.org\/#\/schema\/person\/e1ab6ed07c01774724dd96f925f3a5f0"},"headline":"Preparazione alla missione","datePublished":"2023-11-23T18:39:42+00:00","dateModified":"2023-11-26T08:38:09+00:00","mainEntityOfPage":{"@id":"https:\/\/exaudi.org\/it\/preparazione-alla-missione\/"},"wordCount":650,"image":{"@id":"https:\/\/exaudi.org\/it\/preparazione-alla-missione\/#primaryimage"},"thumbnailUrl":"https:\/\/exaudi.org\/wp-content\/uploads\/2023\/11\/cq5dam.thumbnail.cropped.750.422-1-10.jpeg","keywords":["Beato Giacomo Alberione","BEATO SANTIAGO ALBERIONE","FR. VITO SPAGNOLO","PADRI PAOLINI","SOCIET\u00c0 DI SAN PAOLO","SSP","Trending"],"articleSection":["Chiesa e Mondo"],"inLanguage":"it-IT"},{"@type":"WebPage","@id":"https:\/\/exaudi.org\/it\/preparazione-alla-missione\/","url":"https:\/\/exaudi.org\/it\/preparazione-alla-missione\/","name":"Preparazione alla missione &#8211; Exaudi","isPartOf":{"@id":"https:\/\/exaudi.org\/#website"},"primaryImageOfPage":{"@id":"https:\/\/exaudi.org\/it\/preparazione-alla-missione\/#primaryimage"},"image":{"@id":"https:\/\/exaudi.org\/it\/preparazione-alla-missione\/#primaryimage"},"thumbnailUrl":"https:\/\/exaudi.org\/wp-content\/uploads\/2023\/11\/cq5dam.thumbnail.cropped.750.422-1-10.jpeg","datePublished":"2023-11-23T18:39:42+00:00","dateModified":"2023-11-26T08:38:09+00:00","author":{"@id":"https:\/\/exaudi.org\/#\/schema\/person\/e1ab6ed07c01774724dd96f925f3a5f0"},"breadcrumb":{"@id":"https:\/\/exaudi.org\/it\/preparazione-alla-missione\/#breadcrumb"},"inLanguage":"it-IT","potentialAction":[{"@type":"ReadAction","target":["https:\/\/exaudi.org\/it\/preparazione-alla-missione\/"]}]},{"@type":"ImageObject","inLanguage":"it-IT","@id":"https:\/\/exaudi.org\/it\/preparazione-alla-missione\/#primaryimage","url":"https:\/\/exaudi.org\/wp-content\/uploads\/2023\/11\/cq5dam.thumbnail.cropped.750.422-1-10.jpeg","contentUrl":"https:\/\/exaudi.org\/wp-content\/uploads\/2023\/11\/cq5dam.thumbnail.cropped.750.422-1-10.jpeg","width":750,"height":422},{"@type":"BreadcrumbList","@id":"https:\/\/exaudi.org\/it\/preparazione-alla-missione\/#breadcrumb","itemListElement":[{"@type":"ListItem","position":1,"name":"Portada","item":"https:\/\/exaudi.org\/it\/"},{"@type":"ListItem","position":2,"name":"Preparazione alla missione"}]},{"@type":"WebSite","@id":"https:\/\/exaudi.org\/#website","url":"https:\/\/exaudi.org\/","name":"Exaudi","description":"News","potentialAction":[{"@type":"SearchAction","target":{"@type":"EntryPoint","urlTemplate":"https:\/\/exaudi.org\/?s={search_term_string}"},"query-input":{"@type":"PropertyValueSpecification","valueRequired":true,"valueName":"search_term_string"}}],"inLanguage":"it-IT"},{"@type":"Person","@id":"https:\/\/exaudi.org\/#\/schema\/person\/e1ab6ed07c01774724dd96f925f3a5f0","name":"Exaudi Redazione","image":{"@type":"ImageObject","inLanguage":"it-IT","@id":"https:\/\/secure.gravatar.com\/avatar\/ad6774b3ada023bf5b939d64f45c94b3adf91502dd883507d469b4308a943bb3?s=96&d=mm&r=g","url":"https:\/\/secure.gravatar.com\/avatar\/ad6774b3ada023bf5b939d64f45c94b3adf91502dd883507d469b4308a943bb3?s=96&d=mm&r=g","contentUrl":"https:\/\/secure.gravatar.com\/avatar\/ad6774b3ada023bf5b939d64f45c94b3adf91502dd883507d469b4308a943bb3?s=96&d=mm&r=g","caption":"Exaudi Redazione"},"description":"Che cosa \u00e8 Exaudi News? Exaudi News \u00e8 un agenzia cattolica internazionale che informa, istruisce e trasforma quotidianamente in spagnolo, inglese e italiano. Attraverso notizie, articoli di analisi e trasmissioni in diretta degli eventi del Papa, Exaudi cerca di rafforzare l'unit\u00e0 dei cristiani e di contribuire all'evangelizzazione del mondo, sempre guidato dalla dottrina sociale della Chiesa. Lavoriamo per portare la verit\u00e0 e i valori cristiani in ogni angolo del pianeta. Aiutaci a trasformare il mondo con Exaudi! Noi di Exaudi crediamo che l'evangelizzazione e l'informazione di qualit\u00e0 possano cambiare la vita. Per continuare la nostra missione ed espandere la nostra portata, abbiamo bisogno del tuo aiuto. Stiamo anche cercando persone motivate che vogliano unirsi al nostro team. Grazie al vostro sostegno raggiungeremo pi\u00f9 persone, diffonderemo il messaggio di Cristo e rafforzeremo l'unit\u00e0 dei cristiani. Vuoi unirti alla nostra missione? Per maggiori informazioni su come contribuire, visita Exaudi.org\/it o contattaci direttamente: info@exaudi.org Exaudi: informa, forma e trasforma.","sameAs":["https:\/\/www.facebook.com\/ExaudiNotizie\/","https:\/\/www.instagram.com\/Exaudi_notizie\/","https:\/\/x.com\/Exaudi_Notizie","https:\/\/www.youtube.com\/@exaudicatholicnews"],"url":"https:\/\/exaudi.org\/it\/author\/dlvedi-org\/"}]}},"jetpack_featured_media_url":"https:\/\/exaudi.org\/wp-content\/uploads\/2023\/11\/cq5dam.thumbnail.cropped.750.422-1-10.jpeg","jetpack_shortlink":"https:\/\/wp.me\/pgKjF2-n3q","_links":{"self":[{"href":"https:\/\/exaudi.org\/it\/wp-json\/wp\/v2\/posts\/88624","targetHints":{"allow":["GET"]}}],"collection":[{"href":"https:\/\/exaudi.org\/it\/wp-json\/wp\/v2\/posts"}],"about":[{"href":"https:\/\/exaudi.org\/it\/wp-json\/wp\/v2\/types\/post"}],"author":[{"embeddable":true,"href":"https:\/\/exaudi.org\/it\/wp-json\/wp\/v2\/users\/17"}],"replies":[{"embeddable":true,"href":"https:\/\/exaudi.org\/it\/wp-json\/wp\/v2\/comments?post=88624"}],"version-history":[{"count":0,"href":"https:\/\/exaudi.org\/it\/wp-json\/wp\/v2\/posts\/88624\/revisions"}],"wp:featuredmedia":[{"embeddable":true,"href":"https:\/\/exaudi.org\/it\/wp-json\/wp\/v2\/media\/88525"}],"wp:attachment":[{"href":"https:\/\/exaudi.org\/it\/wp-json\/wp\/v2\/media?parent=88624"}],"wp:term":[{"taxonomy":"category","embeddable":true,"href":"https:\/\/exaudi.org\/it\/wp-json\/wp\/v2\/categories?post=88624"},{"taxonomy":"post_tag","embeddable":true,"href":"https:\/\/exaudi.org\/it\/wp-json\/wp\/v2\/tags?post=88624"}],"curies":[{"name":"wp","href":"https:\/\/api.w.org\/{rel}","templated":true}]}}