{"id":88604,"date":"2023-11-23T17:37:07","date_gmt":"2023-11-23T16:37:07","guid":{"rendered":"https:\/\/exaudi.org\/?p=88604"},"modified":"2023-11-23T17:37:07","modified_gmt":"2023-11-23T16:37:07","slug":"papa-francesco-costruire-ponti-senza-costruire-muri","status":"publish","type":"post","link":"https:\/\/exaudi.org\/it\/papa-francesco-costruire-ponti-senza-costruire-muri\/","title":{"rendered":"Papa Francesco: &#8220;Costruire ponti senza costruire muri&#8221;"},"content":{"rendered":"<p>Questa mattina, nel Palazzo Apostolico Vaticano, il Santo Padre Francesco ha ricevuto in Udienza le Delegazioni della Federazione Italiana Settimanali Cattolici (FISC), dell\u2019Unione Stampa Periodica Italiana (USPI), dell\u2019Associazione \u201cCorallo\u201d e dell\u2019Associazione \u201cAiart \u2013 Cittadini mediali\u201d.<\/p>\n<p>Nell&#8217;udienza alle delegazioni, Papa Francesco ha sottolineato l&#8217;importanza della comunicazione e della formazione per costruire una societ\u00e0 pi\u00f9 giusta e fraterna.<\/p>\n<p>Innanzitutto, il Papa ha fatto riferimento all&#8217;importanza della comunicazione, soprattutto nella formazione dei seminaristi. Ha detto loro che &#8220;la comunicazione \u00e8 un dono di Dio, e come tale deve essere usata per il bene, per costruire ponti tra le persone e per diffondere il messaggio evangelico di amore e speranza&#8221;.<\/p>\n<p>In secondo luogo, il Papa ha fatto riferimento all&#8217;importanza della formazione per costruire una societ\u00e0 pi\u00f9 giusta e fraterna. Ha detto ai seminaristi che &#8220;il mondo di oggi ha bisogno di persone educate, capaci di dialogare, di ascoltare e di costruire ponti tra culture diverse&#8221;.<\/p>\n<p>In terzo luogo, il Papa ha fatto riferimento all&#8217;importanza della formazione nel campo della vita consacrata. Ha detto ai seminaristi che &#8220;la vita consacrata \u00e8 un dono prezioso di Dio, e come tale va custodito e coltivato&#8221;.<\/p>\n<p>In quarto luogo, il Papa ha fatto riferimento all&#8217;importanza della formazione nell&#8217;area della missione. Ha detto ai seminaristi che &#8220;la missione \u00e8 la ragion d&#8217;essere della vita consacrata, e come tale deve essere portata avanti con entusiasmo e gioia&#8221;.<\/p>\n<p>In quinto luogo, il Papa ha fatto riferimento all&#8217;importanza della formazione nell&#8217;area della speranza. Ha detto ai seminaristi che &#8220;la speranza \u00e8 la virt\u00f9 che ci permette di guardare al futuro con fiducia, e come tale deve essere coltivata e alimentata&#8221;.<\/p>\n<p>Pubblichiamo di seguito il discorso che il Papa ha rivolto ai presenti nel corso dell\u2019incontro:<\/p>\n<h3><strong>Discorso del Santo Padre<\/strong><\/h3>\n<p><i>Cari fratelli e sorelle, buongiorno e benvenuti!<\/i><\/p>\n<p>Sono contento di incontrarvi, quali membri della Federazione Italiana Settimanali Cattolici, dell\u2019Unione Stampa Periodica Italiana, delle Associazioni \u201cCorallo\u201d e \u201cAiart \u2013 Cittadini mediali\u201d. Desidero esprimere il mio apprezzamento per il vostro lavoro quotidiano nel mondo della comunicazione. Vi occupate di stampa, televisione, radio e nuove tecnologie, con un impegno a educare ai\u00a0<i>media<\/i>\u00a0i lettori e gli utenti. Il vostro radicamento capillare testimonia il desiderio di raggiungere le persone con attenzione e vicinanza, con umanit\u00e0. Anzi, direi che ben rappresentate quella \u201cgeografia umana\u201d che anima il territorio italiano. La comunicazione, d\u2019altronde, \u00e8 questo: mettere in comune, tessere trame di comunione, creare ponti senza alzare muri. Negli ultimi anni diverse innovazioni hanno interessato il vostro settore e per questo \u00e8 necessario rinnovare sempre l\u2019impegno per la promozione della dignit\u00e0 delle persone, per la giustizia e la verit\u00e0, per la legalit\u00e0 e la corresponsabilit\u00e0 educativa. Vorrei dunque invitarvi a non perdere di vista, nel contesto delle grandi autostrade comunicative di oggi, sempre pi\u00f9 veloci e intasate,\u00a0<i>tre sentieri,\u00a0<\/i>che<i>\u00a0<\/i>\u00e8 bene non perdere di vista e che vanno sempre percorsi.<\/p>\n<p>Il primo \u00e8 quello della\u00a0<i>formazione<\/i>. Non \u00e8 un semplice compito, ma una questione vitale. In gioco c\u2019\u00e8 infatti il futuro della societ\u00e0. La formazione \u00e8 la strada per connettere le generazioni, per favorire il dialogo tra giovani e anziani, quell\u2019alleanza intergenerazionale che, oggi pi\u00f9 che mai, \u00e8 fondamentale. Ma come educare, in particolare le giovani generazioni immerse in un contesto sempre pi\u00f9 digitale? C\u2019\u00e8 un passo del Vangelo che pu\u00f2 ispirare un buon approccio, quando Ges\u00f9 ci dice di essere \u00abprudenti come i serpenti e semplici come le colombe\u00bb (<i>Mt<\/i>\u00a010,16). La prudenza e la semplicit\u00e0 sono due ingredienti educativi basilari per orientarsi nella complessit\u00e0 di oggi, specialmente del\u00a0<i>web<\/i>, dov\u2019\u00e8 necessario non essere ingenui \u2013 non essere ingenui \u2013 e, allo stesso tempo, non cedere alla tentazione di seminare rabbia e odio. La prudenza, vissuta con semplicit\u00e0 d\u2019animo, \u00e8 quella virt\u00f9 che aiuta a vedere lontano, che porta ad agire con \u201cprevisione\u201d, con lungimiranza. E non ci sono corsi per avere prudenza, non si studia per avere prudenza. La prudenza si esercita, si vive, \u00e8 un atteggiamento che nasce insieme dal cuore e dalla mente, e poi si sviluppa. La prudenza, vissuta con semplicit\u00e0 d\u2019animo, sempre ci aiuta ad avere lungimiranza. I settimanali cattolici portano questo sguardo sapiente nelle case della gente: non danno solo la notizia del momento, che si brucia facilmente, ma veicolano una visione umana, una visione cristiana volta a formare le menti e i cuori, perch\u00e9 non si lascino deformare dalle parole urlate o da cronache che, passando con curiosit\u00e0 morbosa dal nero al rosa, trascurano la limpidit\u00e0 del bianco. Pertanto vi incoraggio a promuovere una \u201cecologia della comunicazione\u201d nei territori, nelle scuole, nelle famiglie, tra di voi. Voi avete la vocazione di ricordare, con uno stile semplice e comprensibile, che, al di l\u00e0 delle notizie e degli\u00a0<i>scoop<\/i>, ci sono sempre dei sentimenti, delle storie, delle persone in carne e ossa da rispettare come se fossero i propri parenti. E vediamo dalle tristissime cronache di questi giorni, dalle terribili notizie di violenza contro le donne, quanto sia urgente educare al rispetto e alla cura: formare uomini capaci di relazioni sane. Comunicare \u00e8 formare l\u2019uomo. Comunicare \u00e8 formare la societ\u00e0. Non abbandonate il sentiero della formazione: sar\u00e0 esso a portarvi lontano!<\/p>\n<p>Il secondo sentiero \u00e8 quello della\u00a0<i>tutela<\/i>. Il primo la formazione, il secondo la tutela. \u00abNella comunicazione digitale si vuole mostrare tutto ed ogni individuo diventa oggetto di sguardi che frugano, denudano e divulgano, spesso in maniera anonima. Il rispetto verso l\u2019altro si sgretola e in tal modo, nello stesso tempo in cui lo sposto, lo ignoro e lo tengo a distanza, senza alcun pudore posso invadere la sua vita fino all\u2019estremo\u00bb (Lett. enc.\u00a0<i><a href=\"https:\/\/www.vatican.va\/content\/francesco\/it\/encyclicals\/documents\/papa-francesco_20201003_enciclica-fratelli-tutti.html#42\">Fratelli tutti<\/a><\/i>, 42). Per questo \u00e8 fondamentale promuovere strumenti che proteggano tutti, soprattutto le fasce pi\u00f9 deboli, i minori, gli anziani e le persone con disabilit\u00e0, e li proteggano dall\u2019invadenza del digitale e dalle seduzioni di una comunicazione provocatoria e polemica. Le vostre realt\u00e0, impegnate in questo settore, possono far crescere una cittadinanza mediale tutelata, possono sostenere presidi di libert\u00e0 informativa e promuovere la coscienza civica, perch\u00e9 siano riconosciuti diritti e doveri anche in questo campo. \u00c8 una questione di\u00a0<i>democrazia comunicativa<\/i>. E questo, per favore, fatelo senza paura, come Davide contro Golia (cfr\u00a0<i>1 Sam<\/i>\u00a017): con una piccola fionda fece cadere il gigante. Non giocate solo in difesa ma, rimanendo \u201cpiccoli dentro\u201d, pensate in grande, perch\u00e9 a un compito grande siete chiamati: tutelare, attraverso le parole e le immagini, la dignit\u00e0 delle persone, specialmente la dignit\u00e0 dei piccoli e dei poveri, i preferiti di Dio.<\/p>\n<p>Il terzo sentiero \u00e8 la\u00a0<i>testimonianza<\/i>. Vorrei indicarvi l\u2019esempio del Beato Carlo Acutis: \u00abEgli sapeva molto bene che questi meccanismi della comunicazione, della pubblicit\u00e0 e delle reti sociali possono essere utilizzati per farci diventare soggetti addormentati, dipendenti dal consumo e dalle novit\u00e0 che possiamo comprare, ossessionati dal tempo libero, chiusi nella negativit\u00e0. Lui per\u00f2 ha saputo usare le nuove tecniche di comunicazione per trasmettere il Vangelo, per comunicare valori e bellezza\u00bb (Esort. ap.\u00a0<i><a href=\"https:\/\/www.vatican.va\/content\/francesco\/it\/apost_exhortations\/documents\/papa-francesco_esortazione-ap_20190325_christus-vivit.html#105\">Christus vivit<\/a>,\u00a0<\/i>105). Quel giovane non \u00e8 caduto in trappola, ma \u00e8 diventato un testimone della comunicazione. La testimonianza \u00e8 profezia, \u00e8 creativit\u00e0, che libera e spinge a rimboccarsi le maniche, a uscire dalle proprie zone di tranquillit\u00e0 per rischiare. S\u00ec, la fedelt\u00e0 al Vangelo postula la capacit\u00e0 di rischiare nel bene. E di andare controcorrente: di parlare di fraternit\u00e0 in un mondo individualista; di pace in un mondo in guerra; di attenzione ai poveri in un mondo insofferente e indifferente. Ma questo si pu\u00f2 fare credibilmente solo se prima si testimonia ci\u00f2 di cui si parla.<\/p>\n<p>Cari amici, vi ringrazio per la visita e vi invito ad andare avanti. Affido il vostro impegno a San Francesco di Sales e al Beato Carlo Acutis, perch\u00e9 guidino i vostri passi sui sentieri della formazione, della tutela e della testimonianza. Di cuore benedico voi. E, per favore, non dimenticatevi di pregare per me. Grazie!<\/p>\n","protected":false},"excerpt":{"rendered":"<p>Stampa, televisione, radio e nuove tecnologie il loro impegno \u00e8 quello di educare i lettori<\/p>\n","protected":false},"author":17,"featured_media":88605,"comment_status":"closed","ping_status":"closed","sticky":false,"template":"","format":"standard","meta":{"_acf_changed":false,"_crdt_document":"","inline_featured_image":false,"footnotes":""},"categories":[123,67],"tags":[11058,251,11057,11056,11055,4952,1843],"class_list":["post-88604","post","type-post","status-publish","format-standard","has-post-thumbnail","hentry","category-discorsi","category-leone-xiv","tag-nuova-tecnologia","tag-papa-francesco","tag-radio-3","tag-stampa","tag-televisione","tag-trending-it","tag-udienza"],"acf":[],"yoast_head":"<!-- This site is optimized with the Yoast SEO plugin v27.5 - https:\/\/yoast.com\/product\/yoast-seo-wordpress\/ -->\n<title>Papa Francesco: &quot;Costruire ponti senza costruire muri&quot; &#8211; Exaudi<\/title>\n<meta name=\"robots\" content=\"index, follow, max-snippet:-1, max-image-preview:large, max-video-preview:-1\" \/>\n<link rel=\"canonical\" href=\"https:\/\/exaudi.org\/it\/pope-francis-build-bridges-without-building-walls\/\" \/>\n<meta property=\"og:locale\" content=\"it_IT\" \/>\n<meta property=\"og:type\" content=\"article\" \/>\n<meta property=\"og:title\" content=\"Papa Francesco: &quot;Costruire ponti senza costruire muri&quot; &#8211; Exaudi\" \/>\n<meta property=\"og:description\" content=\"Stampa, televisione, radio e nuove tecnologie il loro impegno \u00e8 quello di educare i lettori\" \/>\n<meta property=\"og:url\" content=\"https:\/\/exaudi.org\/pope-francis-build-bridges-without-building-walls\/\" \/>\n<meta property=\"og:site_name\" content=\"Exaudi\" \/>\n<meta property=\"article:publisher\" content=\"https:\/\/www.facebook.com\/ExaudiNews\" \/>\n<meta property=\"article:author\" content=\"https:\/\/www.facebook.com\/ExaudiNotizie\/\" \/>\n<meta property=\"article:published_time\" content=\"2023-11-23T16:37:07+00:00\" \/>\n<meta property=\"og:image\" content=\"https:\/\/exaudi.org\/wp-content\/uploads\/2023\/11\/cq5dam.web_.800.800-1-7.jpeg\" \/>\n\t<meta property=\"og:image:width\" content=\"800\" \/>\n\t<meta property=\"og:image:height\" content=\"533\" \/>\n\t<meta property=\"og:image:type\" content=\"image\/jpeg\" \/>\n<meta name=\"author\" content=\"Exaudi Redazione\" \/>\n<meta name=\"twitter:card\" content=\"summary_large_image\" \/>\n<meta name=\"twitter:creator\" content=\"@Exaudi_Notizie\" \/>\n<meta name=\"twitter:site\" content=\"@Exaudi_News\" \/>\n<meta name=\"twitter:label1\" content=\"Scritto da\" \/>\n\t<meta name=\"twitter:data1\" content=\"Exaudi Redazione\" \/>\n\t<meta name=\"twitter:label2\" content=\"Tempo di lettura stimato\" \/>\n\t<meta name=\"twitter:data2\" content=\"6 minuti\" \/>\n<script type=\"application\/ld+json\" class=\"yoast-schema-graph\">{\"@context\":\"https:\\\/\\\/schema.org\",\"@graph\":[{\"@type\":\"Article\",\"@id\":\"https:\\\/\\\/exaudi.org\\\/pope-francis-build-bridges-without-building-walls\\\/#article\",\"isPartOf\":{\"@id\":\"https:\\\/\\\/exaudi.org\\\/pope-francis-build-bridges-without-building-walls\\\/\"},\"author\":{\"name\":\"Exaudi Redazione\",\"@id\":\"https:\\\/\\\/exaudi.org\\\/#\\\/schema\\\/person\\\/e1ab6ed07c01774724dd96f925f3a5f0\"},\"headline\":\"Papa Francesco: &#8220;Costruire ponti senza costruire muri&#8221;\",\"datePublished\":\"2023-11-23T16:37:07+00:00\",\"mainEntityOfPage\":{\"@id\":\"https:\\\/\\\/exaudi.org\\\/pope-francis-build-bridges-without-building-walls\\\/\"},\"wordCount\":1295,\"image\":{\"@id\":\"https:\\\/\\\/exaudi.org\\\/pope-francis-build-bridges-without-building-walls\\\/#primaryimage\"},\"thumbnailUrl\":\"https:\\\/\\\/exaudi.org\\\/wp-content\\\/uploads\\\/2023\\\/11\\\/cq5dam.web_.800.800-1-7.jpeg\",\"keywords\":[\"nuova tecnologia\",\"Papa Francesco\",\"radio\",\"stampa\",\"televisione\",\"Trending\",\"udienza\"],\"articleSection\":[\"Discorsi\",\"Leone XIV\"],\"inLanguage\":\"it-IT\"},{\"@type\":\"WebPage\",\"@id\":\"https:\\\/\\\/exaudi.org\\\/pope-francis-build-bridges-without-building-walls\\\/\",\"url\":\"https:\\\/\\\/exaudi.org\\\/pope-francis-build-bridges-without-building-walls\\\/\",\"name\":\"Papa Francesco: \\\"Costruire ponti senza costruire muri\\\" &#8211; Exaudi\",\"isPartOf\":{\"@id\":\"https:\\\/\\\/exaudi.org\\\/#website\"},\"primaryImageOfPage\":{\"@id\":\"https:\\\/\\\/exaudi.org\\\/pope-francis-build-bridges-without-building-walls\\\/#primaryimage\"},\"image\":{\"@id\":\"https:\\\/\\\/exaudi.org\\\/pope-francis-build-bridges-without-building-walls\\\/#primaryimage\"},\"thumbnailUrl\":\"https:\\\/\\\/exaudi.org\\\/wp-content\\\/uploads\\\/2023\\\/11\\\/cq5dam.web_.800.800-1-7.jpeg\",\"datePublished\":\"2023-11-23T16:37:07+00:00\",\"author\":{\"@id\":\"https:\\\/\\\/exaudi.org\\\/#\\\/schema\\\/person\\\/e1ab6ed07c01774724dd96f925f3a5f0\"},\"breadcrumb\":{\"@id\":\"https:\\\/\\\/exaudi.org\\\/pope-francis-build-bridges-without-building-walls\\\/#breadcrumb\"},\"inLanguage\":\"it-IT\",\"potentialAction\":[{\"@type\":\"ReadAction\",\"target\":[\"https:\\\/\\\/exaudi.org\\\/pope-francis-build-bridges-without-building-walls\\\/\"]}]},{\"@type\":\"ImageObject\",\"inLanguage\":\"it-IT\",\"@id\":\"https:\\\/\\\/exaudi.org\\\/pope-francis-build-bridges-without-building-walls\\\/#primaryimage\",\"url\":\"https:\\\/\\\/exaudi.org\\\/wp-content\\\/uploads\\\/2023\\\/11\\\/cq5dam.web_.800.800-1-7.jpeg\",\"contentUrl\":\"https:\\\/\\\/exaudi.org\\\/wp-content\\\/uploads\\\/2023\\\/11\\\/cq5dam.web_.800.800-1-7.jpeg\",\"width\":800,\"height\":533,\"caption\":\"Vatican Media\"},{\"@type\":\"BreadcrumbList\",\"@id\":\"https:\\\/\\\/exaudi.org\\\/pope-francis-build-bridges-without-building-walls\\\/#breadcrumb\",\"itemListElement\":[{\"@type\":\"ListItem\",\"position\":1,\"name\":\"Portada\",\"item\":\"https:\\\/\\\/exaudi.org\\\/it\\\/\"},{\"@type\":\"ListItem\",\"position\":2,\"name\":\"Papa Francesco: &#8220;Costruire ponti senza costruire muri&#8221;\"}]},{\"@type\":\"WebSite\",\"@id\":\"https:\\\/\\\/exaudi.org\\\/#website\",\"url\":\"https:\\\/\\\/exaudi.org\\\/\",\"name\":\"Exaudi\",\"description\":\"News\",\"potentialAction\":[{\"@type\":\"SearchAction\",\"target\":{\"@type\":\"EntryPoint\",\"urlTemplate\":\"https:\\\/\\\/exaudi.org\\\/?s={search_term_string}\"},\"query-input\":{\"@type\":\"PropertyValueSpecification\",\"valueRequired\":true,\"valueName\":\"search_term_string\"}}],\"inLanguage\":\"it-IT\"},{\"@type\":\"Person\",\"@id\":\"https:\\\/\\\/exaudi.org\\\/#\\\/schema\\\/person\\\/e1ab6ed07c01774724dd96f925f3a5f0\",\"name\":\"Exaudi Redazione\",\"image\":{\"@type\":\"ImageObject\",\"inLanguage\":\"it-IT\",\"@id\":\"https:\\\/\\\/secure.gravatar.com\\\/avatar\\\/ad6774b3ada023bf5b939d64f45c94b3adf91502dd883507d469b4308a943bb3?s=96&d=mm&r=g\",\"url\":\"https:\\\/\\\/secure.gravatar.com\\\/avatar\\\/ad6774b3ada023bf5b939d64f45c94b3adf91502dd883507d469b4308a943bb3?s=96&d=mm&r=g\",\"contentUrl\":\"https:\\\/\\\/secure.gravatar.com\\\/avatar\\\/ad6774b3ada023bf5b939d64f45c94b3adf91502dd883507d469b4308a943bb3?s=96&d=mm&r=g\",\"caption\":\"Exaudi Redazione\"},\"description\":\"Che cosa \u00e8 Exaudi News? Exaudi News \u00e8 un agenzia cattolica internazionale che informa, istruisce e trasforma quotidianamente in spagnolo, inglese e italiano. Attraverso notizie, articoli di analisi e trasmissioni in diretta degli eventi del Papa, Exaudi cerca di rafforzare l'unit\u00e0 dei cristiani e di contribuire all'evangelizzazione del mondo, sempre guidato dalla dottrina sociale della Chiesa. Lavoriamo per portare la verit\u00e0 e i valori cristiani in ogni angolo del pianeta. Aiutaci a trasformare il mondo con Exaudi! Noi di Exaudi crediamo che l'evangelizzazione e l'informazione di qualit\u00e0 possano cambiare la vita. Per continuare la nostra missione ed espandere la nostra portata, abbiamo bisogno del tuo aiuto. Stiamo anche cercando persone motivate che vogliano unirsi al nostro team. Grazie al vostro sostegno raggiungeremo pi\u00f9 persone, diffonderemo il messaggio di Cristo e rafforzeremo l'unit\u00e0 dei cristiani. Vuoi unirti alla nostra missione? Per maggiori informazioni su come contribuire, visita Exaudi.org\\\/it o contattaci direttamente: info@exaudi.org Exaudi: informa, forma e trasforma.\",\"sameAs\":[\"https:\\\/\\\/www.facebook.com\\\/ExaudiNotizie\\\/\",\"https:\\\/\\\/www.instagram.com\\\/Exaudi_notizie\\\/\",\"https:\\\/\\\/x.com\\\/Exaudi_Notizie\",\"https:\\\/\\\/www.youtube.com\\\/@exaudicatholicnews\"],\"url\":\"https:\\\/\\\/exaudi.org\\\/it\\\/author\\\/dlvedi-org\\\/\"}]}<\/script>\n<!-- \/ Yoast SEO plugin. -->","yoast_head_json":{"title":"Papa Francesco: \"Costruire ponti senza costruire muri\" &#8211; Exaudi","robots":{"index":"index","follow":"follow","max-snippet":"max-snippet:-1","max-image-preview":"max-image-preview:large","max-video-preview":"max-video-preview:-1"},"canonical":"https:\/\/exaudi.org\/it\/pope-francis-build-bridges-without-building-walls\/","og_locale":"it_IT","og_type":"article","og_title":"Papa Francesco: \"Costruire ponti senza costruire muri\" &#8211; Exaudi","og_description":"Stampa, televisione, radio e nuove tecnologie il loro impegno \u00e8 quello di educare i lettori","og_url":"https:\/\/exaudi.org\/pope-francis-build-bridges-without-building-walls\/","og_site_name":"Exaudi","article_publisher":"https:\/\/www.facebook.com\/ExaudiNews","article_author":"https:\/\/www.facebook.com\/ExaudiNotizie\/","article_published_time":"2023-11-23T16:37:07+00:00","og_image":[{"width":800,"height":533,"url":"https:\/\/exaudi.org\/wp-content\/uploads\/2023\/11\/cq5dam.web_.800.800-1-7.jpeg","type":"image\/jpeg"}],"author":"Exaudi Redazione","twitter_card":"summary_large_image","twitter_creator":"@Exaudi_Notizie","twitter_site":"@Exaudi_News","twitter_misc":{"Scritto da":"Exaudi Redazione","Tempo di lettura stimato":"6 minuti"},"schema":{"@context":"https:\/\/schema.org","@graph":[{"@type":"Article","@id":"https:\/\/exaudi.org\/pope-francis-build-bridges-without-building-walls\/#article","isPartOf":{"@id":"https:\/\/exaudi.org\/pope-francis-build-bridges-without-building-walls\/"},"author":{"name":"Exaudi Redazione","@id":"https:\/\/exaudi.org\/#\/schema\/person\/e1ab6ed07c01774724dd96f925f3a5f0"},"headline":"Papa Francesco: &#8220;Costruire ponti senza costruire muri&#8221;","datePublished":"2023-11-23T16:37:07+00:00","mainEntityOfPage":{"@id":"https:\/\/exaudi.org\/pope-francis-build-bridges-without-building-walls\/"},"wordCount":1295,"image":{"@id":"https:\/\/exaudi.org\/pope-francis-build-bridges-without-building-walls\/#primaryimage"},"thumbnailUrl":"https:\/\/exaudi.org\/wp-content\/uploads\/2023\/11\/cq5dam.web_.800.800-1-7.jpeg","keywords":["nuova tecnologia","Papa Francesco","radio","stampa","televisione","Trending","udienza"],"articleSection":["Discorsi","Leone XIV"],"inLanguage":"it-IT"},{"@type":"WebPage","@id":"https:\/\/exaudi.org\/pope-francis-build-bridges-without-building-walls\/","url":"https:\/\/exaudi.org\/pope-francis-build-bridges-without-building-walls\/","name":"Papa Francesco: \"Costruire ponti senza costruire muri\" &#8211; Exaudi","isPartOf":{"@id":"https:\/\/exaudi.org\/#website"},"primaryImageOfPage":{"@id":"https:\/\/exaudi.org\/pope-francis-build-bridges-without-building-walls\/#primaryimage"},"image":{"@id":"https:\/\/exaudi.org\/pope-francis-build-bridges-without-building-walls\/#primaryimage"},"thumbnailUrl":"https:\/\/exaudi.org\/wp-content\/uploads\/2023\/11\/cq5dam.web_.800.800-1-7.jpeg","datePublished":"2023-11-23T16:37:07+00:00","author":{"@id":"https:\/\/exaudi.org\/#\/schema\/person\/e1ab6ed07c01774724dd96f925f3a5f0"},"breadcrumb":{"@id":"https:\/\/exaudi.org\/pope-francis-build-bridges-without-building-walls\/#breadcrumb"},"inLanguage":"it-IT","potentialAction":[{"@type":"ReadAction","target":["https:\/\/exaudi.org\/pope-francis-build-bridges-without-building-walls\/"]}]},{"@type":"ImageObject","inLanguage":"it-IT","@id":"https:\/\/exaudi.org\/pope-francis-build-bridges-without-building-walls\/#primaryimage","url":"https:\/\/exaudi.org\/wp-content\/uploads\/2023\/11\/cq5dam.web_.800.800-1-7.jpeg","contentUrl":"https:\/\/exaudi.org\/wp-content\/uploads\/2023\/11\/cq5dam.web_.800.800-1-7.jpeg","width":800,"height":533,"caption":"Vatican Media"},{"@type":"BreadcrumbList","@id":"https:\/\/exaudi.org\/pope-francis-build-bridges-without-building-walls\/#breadcrumb","itemListElement":[{"@type":"ListItem","position":1,"name":"Portada","item":"https:\/\/exaudi.org\/it\/"},{"@type":"ListItem","position":2,"name":"Papa Francesco: &#8220;Costruire ponti senza costruire muri&#8221;"}]},{"@type":"WebSite","@id":"https:\/\/exaudi.org\/#website","url":"https:\/\/exaudi.org\/","name":"Exaudi","description":"News","potentialAction":[{"@type":"SearchAction","target":{"@type":"EntryPoint","urlTemplate":"https:\/\/exaudi.org\/?s={search_term_string}"},"query-input":{"@type":"PropertyValueSpecification","valueRequired":true,"valueName":"search_term_string"}}],"inLanguage":"it-IT"},{"@type":"Person","@id":"https:\/\/exaudi.org\/#\/schema\/person\/e1ab6ed07c01774724dd96f925f3a5f0","name":"Exaudi Redazione","image":{"@type":"ImageObject","inLanguage":"it-IT","@id":"https:\/\/secure.gravatar.com\/avatar\/ad6774b3ada023bf5b939d64f45c94b3adf91502dd883507d469b4308a943bb3?s=96&d=mm&r=g","url":"https:\/\/secure.gravatar.com\/avatar\/ad6774b3ada023bf5b939d64f45c94b3adf91502dd883507d469b4308a943bb3?s=96&d=mm&r=g","contentUrl":"https:\/\/secure.gravatar.com\/avatar\/ad6774b3ada023bf5b939d64f45c94b3adf91502dd883507d469b4308a943bb3?s=96&d=mm&r=g","caption":"Exaudi Redazione"},"description":"Che cosa \u00e8 Exaudi News? Exaudi News \u00e8 un agenzia cattolica internazionale che informa, istruisce e trasforma quotidianamente in spagnolo, inglese e italiano. Attraverso notizie, articoli di analisi e trasmissioni in diretta degli eventi del Papa, Exaudi cerca di rafforzare l'unit\u00e0 dei cristiani e di contribuire all'evangelizzazione del mondo, sempre guidato dalla dottrina sociale della Chiesa. Lavoriamo per portare la verit\u00e0 e i valori cristiani in ogni angolo del pianeta. Aiutaci a trasformare il mondo con Exaudi! Noi di Exaudi crediamo che l'evangelizzazione e l'informazione di qualit\u00e0 possano cambiare la vita. Per continuare la nostra missione ed espandere la nostra portata, abbiamo bisogno del tuo aiuto. Stiamo anche cercando persone motivate che vogliano unirsi al nostro team. Grazie al vostro sostegno raggiungeremo pi\u00f9 persone, diffonderemo il messaggio di Cristo e rafforzeremo l'unit\u00e0 dei cristiani. Vuoi unirti alla nostra missione? Per maggiori informazioni su come contribuire, visita Exaudi.org\/it o contattaci direttamente: info@exaudi.org Exaudi: informa, forma e trasforma.","sameAs":["https:\/\/www.facebook.com\/ExaudiNotizie\/","https:\/\/www.instagram.com\/Exaudi_notizie\/","https:\/\/x.com\/Exaudi_Notizie","https:\/\/www.youtube.com\/@exaudicatholicnews"],"url":"https:\/\/exaudi.org\/it\/author\/dlvedi-org\/"}]}},"jetpack_featured_media_url":"https:\/\/exaudi.org\/wp-content\/uploads\/2023\/11\/cq5dam.web_.800.800-1-7.jpeg","jetpack_shortlink":"https:\/\/wp.me\/pgKjF2-n36","_links":{"self":[{"href":"https:\/\/exaudi.org\/it\/wp-json\/wp\/v2\/posts\/88604","targetHints":{"allow":["GET"]}}],"collection":[{"href":"https:\/\/exaudi.org\/it\/wp-json\/wp\/v2\/posts"}],"about":[{"href":"https:\/\/exaudi.org\/it\/wp-json\/wp\/v2\/types\/post"}],"author":[{"embeddable":true,"href":"https:\/\/exaudi.org\/it\/wp-json\/wp\/v2\/users\/17"}],"replies":[{"embeddable":true,"href":"https:\/\/exaudi.org\/it\/wp-json\/wp\/v2\/comments?post=88604"}],"version-history":[{"count":0,"href":"https:\/\/exaudi.org\/it\/wp-json\/wp\/v2\/posts\/88604\/revisions"}],"wp:featuredmedia":[{"embeddable":true,"href":"https:\/\/exaudi.org\/it\/wp-json\/wp\/v2\/media\/88605"}],"wp:attachment":[{"href":"https:\/\/exaudi.org\/it\/wp-json\/wp\/v2\/media?parent=88604"}],"wp:term":[{"taxonomy":"category","embeddable":true,"href":"https:\/\/exaudi.org\/it\/wp-json\/wp\/v2\/categories?post=88604"},{"taxonomy":"post_tag","embeddable":true,"href":"https:\/\/exaudi.org\/it\/wp-json\/wp\/v2\/tags?post=88604"}],"curies":[{"name":"wp","href":"https:\/\/api.w.org\/{rel}","templated":true}]}}