{"id":88519,"date":"2023-11-22T20:15:25","date_gmt":"2023-11-22T19:15:25","guid":{"rendered":"https:\/\/exaudi.org\/?p=88519"},"modified":"2023-11-23T02:41:53","modified_gmt":"2023-11-23T01:41:53","slug":"bello-e-il-rischio","status":"publish","type":"post","link":"https:\/\/exaudi.org\/it\/bello-e-il-rischio\/","title":{"rendered":"Bello \u00e8 il rischio"},"content":{"rendered":"<p>Normalmente i libri di poesia fanno parte delle mie letture, meglio se capisco le poesie e se dicono qualcosa di bello sull&#8217;apparire e sull&#8217;essere della realt\u00e0. Mi sono trovata molto bene tra i versi di &#8220;Bello es el riesgo&#8221; (Rialp, 2019, edizione Kindle) di Marcela Duque, poesie dell&#8217;umano e del divino, scritte con fascino, timore e tremore, con il piacevole aroma del senso trascendente della vita.<\/p>\n<p>C&#8217;\u00e8 nostalgia come quando ricorda la sua infanzia nel verde colombiano o quando si slancia verso una pienezza pi\u00f9 grande dei mari caraibici e pi\u00f9 alta delle Ande americane. Per tornare un giorno a casa e, &#8220;nel frattempo, alla poesia&#8221;. Siamo mulattieri e non mancano i chiaroscuri lungo il cammino. Cerchiamo la permanenza, compatibile con tante cose passeggere. Cos\u00ec, un giorno scopriamo, come sottolinea Marcela, che le foglie del nostro albero non sono sempreverdi e che &#8220;un giorno arriver\u00e0 la sofferenza che mi lascer\u00e0 senza peso nell&#8217;aria&#8221;.<\/p>\n<p>In tempi come i nostri, cos\u00ec dediti alla ricerca del successo e all&#8217;esibizione dei risultati professionali nei curriculum, mi piace la poesia &#8220;Brindisi di compleanno&#8221;; un canto grato e umile di chi sa di essere in debito per tanti doni ricevuti: &#8220;Oggi brindo a voi, amici miei, che trovate ancora il tempo di darmi, perch\u00e9 questa \u00e8 la vita che festeggio oggi, che non \u00e8 solo mia, ma un dono offerto da mille mani, la vita che mi date con la vostra presenza, la vita che si vive in coloro che amo&#8221;. Non si tratta certo di negare la quota di realizzazione personale nelle competenze che abbiamo, ma di intrecciare i vari fili che compongono le eccellenze biografiche: il proprio sforzo, la mano che aiuta e il soffio dello Spirito. &#8220;Cos\u00ec, quando la poesia, leggera, prender\u00e0 il volo e la vedrete pulsare, saprete che in essa \u00e8 presente un soffio che non \u00e8 venuto dalla sola abilit\u00e0 delle vostre mani&#8221;.<\/p>\n<p>Poesie dell&#8217;umano e del divino, come ho detto sopra. E certamente nei versi di Marcela ci sono tracce di versi del Vangelo, come quella scena accattivante del dialogo e della compagnia del Risorto con i discepoli di Emmaus, un viaggio che ho fatto qualche anno fa in un pellegrinaggio in Terra Santa: &#8220;Si fa tardi. Si sta facendo buio. Sta arrivando il crepuscolo senza stelle. Il buio sar\u00e0 impenetrabile (&#8230;). Il mio cuore arde per ascoltarti. Ti voglio per sempre qui nella mia casa. Non sapr\u00f2 cosa fare quando te ne andrai. Resta, ti prego, \u00e8 notte fonda. Ho bisogno della luce del tuo sguardo. A volte il cuore brucia; a volte \u00e8 tetro; ci sono momenti in cui rabbrividisce per il freddo e la paura. In ogni caso, \u00e8 la compagnia del Signore che cerchiamo. S\u00ec, resta con noi, resta qui: nella solitudine la paura \u00e8 soffocante.<\/p>\n<p>Bello \u00e8 il rischio &#8211; dice Socrate nel Fedone &#8211; di chi afferma che l&#8217;anima \u00e8 immortale e con questa poesia Marcela conclude il testo: &#8220;Ho sentito le tue parole nella sua bocca: vale il rischio di credere, di essere presi per pazzi e ignoranti, per aver creduto nell&#8217;anima e nelle sue dimore; \u00e8 bello il rischio di credersi immortali, di vivere in tensione verso l&#8217;alto, anche se non abbiamo prove e ci rivolgiamo alla fede e ai canti dei bambini&#8221;. Una vita ripida alla ricerca dell&#8217;eccellenza, una vita di piccole e grandi speranze. Un andare e venire dall&#8217;inquietudine alla serenit\u00e0 e viceversa, fino a raggiungere la pienezza di una vita che non finisce qui, come diceva splendidamente anche il nostro Victor Andres Belaunde.<\/p>\n<p>Una bella raccolta di poesie per tornare ancora e ancora ai suoi versi.<\/p>\n<p>&nbsp;<\/p>\n","protected":false},"excerpt":{"rendered":"<p>di credersi immortali, di vivere in tensione verso il sublime, anche se non abbiamo prove e ci rivolgiamo alla fede e ai canti dei bambini.<\/p>\n","protected":false},"author":109,"featured_media":88422,"comment_status":"closed","ping_status":"closed","sticky":false,"template":"","format":"standard","meta":{"_acf_changed":false,"_crdt_document":"","inline_featured_image":false,"footnotes":""},"categories":[129],"tags":[6872,11018,11019,11020,4952],"class_list":["post-88519","post","type-post","status-publish","format-standard","has-post-thumbnail","hentry","category-voci","tag-bellezza","tag-marcela-duque-2","tag-poesia-2","tag-rischio","tag-trending-it"],"acf":[],"yoast_head":"<!-- This site is optimized with the Yoast SEO plugin v27.4 - https:\/\/yoast.com\/product\/yoast-seo-wordpress\/ -->\n<title>Bello \u00e8 il rischio &#8211; Exaudi<\/title>\n<meta name=\"robots\" content=\"index, follow, max-snippet:-1, max-image-preview:large, max-video-preview:-1\" \/>\n<link rel=\"canonical\" href=\"https:\/\/exaudi.org\/it\/bello-e-il-rischio\/\" \/>\n<meta property=\"og:locale\" content=\"it_IT\" \/>\n<meta property=\"og:type\" content=\"article\" \/>\n<meta property=\"og:title\" content=\"Bello \u00e8 il rischio &#8211; Exaudi\" \/>\n<meta property=\"og:description\" content=\"di credersi immortali, di vivere in tensione verso il sublime, anche se non abbiamo prove e ci rivolgiamo alla fede e ai canti dei bambini.\" \/>\n<meta property=\"og:url\" content=\"https:\/\/exaudi.org\/it\/bello-e-il-rischio\/\" \/>\n<meta property=\"og:site_name\" content=\"Exaudi\" \/>\n<meta property=\"article:publisher\" content=\"https:\/\/www.facebook.com\/ExaudiNews\" \/>\n<meta property=\"article:published_time\" content=\"2023-11-22T19:15:25+00:00\" \/>\n<meta property=\"article:modified_time\" content=\"2023-11-23T01:41:53+00:00\" \/>\n<meta property=\"og:image\" content=\"https:\/\/exaudi.org\/wp-content\/uploads\/2023\/11\/pexels-karolina-grabowska-4218588-scaled.jpg\" \/>\n\t<meta property=\"og:image:width\" content=\"2560\" \/>\n\t<meta property=\"og:image:height\" content=\"1707\" \/>\n\t<meta property=\"og:image:type\" content=\"image\/jpeg\" \/>\n<meta name=\"author\" content=\"Francisco Bobadilla\" \/>\n<meta name=\"twitter:card\" content=\"summary_large_image\" \/>\n<meta name=\"twitter:creator\" content=\"@Exaudi_News\" \/>\n<meta name=\"twitter:site\" content=\"@Exaudi_News\" \/>\n<meta name=\"twitter:label1\" content=\"Scritto da\" \/>\n\t<meta name=\"twitter:data1\" content=\"Francisco Bobadilla\" \/>\n\t<meta name=\"twitter:label2\" content=\"Tempo di lettura stimato\" \/>\n\t<meta name=\"twitter:data2\" content=\"3 minuti\" \/>\n<script type=\"application\/ld+json\" class=\"yoast-schema-graph\">{\"@context\":\"https:\\\/\\\/schema.org\",\"@graph\":[{\"@type\":\"Article\",\"@id\":\"https:\\\/\\\/exaudi.org\\\/it\\\/bello-e-il-rischio\\\/#article\",\"isPartOf\":{\"@id\":\"https:\\\/\\\/exaudi.org\\\/it\\\/bello-e-il-rischio\\\/\"},\"author\":{\"name\":\"Francisco Bobadilla\",\"@id\":\"https:\\\/\\\/exaudi.org\\\/#\\\/schema\\\/person\\\/f2d4ad1e1e2bb7dad42a623b75b7166b\"},\"headline\":\"Bello \u00e8 il rischio\",\"datePublished\":\"2023-11-22T19:15:25+00:00\",\"dateModified\":\"2023-11-23T01:41:53+00:00\",\"mainEntityOfPage\":{\"@id\":\"https:\\\/\\\/exaudi.org\\\/it\\\/bello-e-il-rischio\\\/\"},\"wordCount\":600,\"image\":{\"@id\":\"https:\\\/\\\/exaudi.org\\\/it\\\/bello-e-il-rischio\\\/#primaryimage\"},\"thumbnailUrl\":\"https:\\\/\\\/exaudi.org\\\/wp-content\\\/uploads\\\/2023\\\/11\\\/pexels-karolina-grabowska-4218588-scaled.jpg\",\"keywords\":[\"bellezza\",\"MARCELA DUQUE\",\"POESIA\",\"RISCHIO\",\"Trending\"],\"articleSection\":[\"Voci\"],\"inLanguage\":\"it-IT\"},{\"@type\":\"WebPage\",\"@id\":\"https:\\\/\\\/exaudi.org\\\/it\\\/bello-e-il-rischio\\\/\",\"url\":\"https:\\\/\\\/exaudi.org\\\/it\\\/bello-e-il-rischio\\\/\",\"name\":\"Bello \u00e8 il rischio &#8211; Exaudi\",\"isPartOf\":{\"@id\":\"https:\\\/\\\/exaudi.org\\\/#website\"},\"primaryImageOfPage\":{\"@id\":\"https:\\\/\\\/exaudi.org\\\/it\\\/bello-e-il-rischio\\\/#primaryimage\"},\"image\":{\"@id\":\"https:\\\/\\\/exaudi.org\\\/it\\\/bello-e-il-rischio\\\/#primaryimage\"},\"thumbnailUrl\":\"https:\\\/\\\/exaudi.org\\\/wp-content\\\/uploads\\\/2023\\\/11\\\/pexels-karolina-grabowska-4218588-scaled.jpg\",\"datePublished\":\"2023-11-22T19:15:25+00:00\",\"dateModified\":\"2023-11-23T01:41:53+00:00\",\"author\":{\"@id\":\"https:\\\/\\\/exaudi.org\\\/#\\\/schema\\\/person\\\/f2d4ad1e1e2bb7dad42a623b75b7166b\"},\"breadcrumb\":{\"@id\":\"https:\\\/\\\/exaudi.org\\\/it\\\/bello-e-il-rischio\\\/#breadcrumb\"},\"inLanguage\":\"it-IT\",\"potentialAction\":[{\"@type\":\"ReadAction\",\"target\":[\"https:\\\/\\\/exaudi.org\\\/it\\\/bello-e-il-rischio\\\/\"]}]},{\"@type\":\"ImageObject\",\"inLanguage\":\"it-IT\",\"@id\":\"https:\\\/\\\/exaudi.org\\\/it\\\/bello-e-il-rischio\\\/#primaryimage\",\"url\":\"https:\\\/\\\/exaudi.org\\\/wp-content\\\/uploads\\\/2023\\\/11\\\/pexels-karolina-grabowska-4218588-scaled.jpg\",\"contentUrl\":\"https:\\\/\\\/exaudi.org\\\/wp-content\\\/uploads\\\/2023\\\/11\\\/pexels-karolina-grabowska-4218588-scaled.jpg\",\"width\":2560,\"height\":1707,\"caption\":\"pexels-karolina-grabowska\"},{\"@type\":\"BreadcrumbList\",\"@id\":\"https:\\\/\\\/exaudi.org\\\/it\\\/bello-e-il-rischio\\\/#breadcrumb\",\"itemListElement\":[{\"@type\":\"ListItem\",\"position\":1,\"name\":\"Portada\",\"item\":\"https:\\\/\\\/exaudi.org\\\/it\\\/\"},{\"@type\":\"ListItem\",\"position\":2,\"name\":\"Bello \u00e8 il rischio\"}]},{\"@type\":\"WebSite\",\"@id\":\"https:\\\/\\\/exaudi.org\\\/#website\",\"url\":\"https:\\\/\\\/exaudi.org\\\/\",\"name\":\"Exaudi\",\"description\":\"News\",\"potentialAction\":[{\"@type\":\"SearchAction\",\"target\":{\"@type\":\"EntryPoint\",\"urlTemplate\":\"https:\\\/\\\/exaudi.org\\\/?s={search_term_string}\"},\"query-input\":{\"@type\":\"PropertyValueSpecification\",\"valueRequired\":true,\"valueName\":\"search_term_string\"}}],\"inLanguage\":\"it-IT\"},{\"@type\":\"Person\",\"@id\":\"https:\\\/\\\/exaudi.org\\\/#\\\/schema\\\/person\\\/f2d4ad1e1e2bb7dad42a623b75b7166b\",\"name\":\"Francisco Bobadilla\",\"image\":{\"@type\":\"ImageObject\",\"inLanguage\":\"it-IT\",\"@id\":\"https:\\\/\\\/secure.gravatar.com\\\/avatar\\\/8d65d74eeda045f5ef133a25b739fed12768ab871a0ddb2772cf98408d61ee37?s=96&d=mm&r=g\",\"url\":\"https:\\\/\\\/secure.gravatar.com\\\/avatar\\\/8d65d74eeda045f5ef133a25b739fed12768ab871a0ddb2772cf98408d61ee37?s=96&d=mm&r=g\",\"contentUrl\":\"https:\\\/\\\/secure.gravatar.com\\\/avatar\\\/8d65d74eeda045f5ef133a25b739fed12768ab871a0ddb2772cf98408d61ee37?s=96&d=mm&r=g\",\"caption\":\"Francisco Bobadilla\"},\"description\":\"Francisco Bobadilla es profesor principal de la Universidad de Piura, donde dicta clases para el pre-grado y posgrado. Interesado en las Humanidades y en la dimensi\u00f3n \u00e9tica de la conducta humana. Lector habitual, de cuyas lecturas se nutre en gran parte este blog. Es autor, entre otros, de los libros \u201cPasi\u00f3n por la Excelencia\u201d, \u201cEmpresas con alma\u201d, \u00abProgreso econ\u00f3mico y desarrollo humano\u00bb, \u00abEl C\u00f3digo da Vinci: de la ficci\u00f3n a la realidad\u00bb; \u00abLa disponibilidad de los derechos de la personalidad\u00bb. Abogado y Master en Derecho Civil por la PUCP, doctor en Derecho por la Universidad de Zaragoza; Licenciado en Ciencias de la Informaci\u00f3n por la Universidad de Piura. Sus temas: pensamiento pol\u00edtico y social, \u00e9tica y cultura, derechos de la persona.\",\"sameAs\":[\"https:\\\/\\\/tertuliaabierta.wordpress.com\\\/\"],\"url\":\"https:\\\/\\\/exaudi.org\\\/it\\\/author\\\/francisco-bobadilla\\\/\"}]}<\/script>\n<!-- \/ Yoast SEO plugin. -->","yoast_head_json":{"title":"Bello \u00e8 il rischio &#8211; Exaudi","robots":{"index":"index","follow":"follow","max-snippet":"max-snippet:-1","max-image-preview":"max-image-preview:large","max-video-preview":"max-video-preview:-1"},"canonical":"https:\/\/exaudi.org\/it\/bello-e-il-rischio\/","og_locale":"it_IT","og_type":"article","og_title":"Bello \u00e8 il rischio &#8211; Exaudi","og_description":"di credersi immortali, di vivere in tensione verso il sublime, anche se non abbiamo prove e ci rivolgiamo alla fede e ai canti dei bambini.","og_url":"https:\/\/exaudi.org\/it\/bello-e-il-rischio\/","og_site_name":"Exaudi","article_publisher":"https:\/\/www.facebook.com\/ExaudiNews","article_published_time":"2023-11-22T19:15:25+00:00","article_modified_time":"2023-11-23T01:41:53+00:00","og_image":[{"width":2560,"height":1707,"url":"https:\/\/exaudi.org\/wp-content\/uploads\/2023\/11\/pexels-karolina-grabowska-4218588-scaled.jpg","type":"image\/jpeg"}],"author":"Francisco Bobadilla","twitter_card":"summary_large_image","twitter_creator":"@Exaudi_News","twitter_site":"@Exaudi_News","twitter_misc":{"Scritto da":"Francisco Bobadilla","Tempo di lettura stimato":"3 minuti"},"schema":{"@context":"https:\/\/schema.org","@graph":[{"@type":"Article","@id":"https:\/\/exaudi.org\/it\/bello-e-il-rischio\/#article","isPartOf":{"@id":"https:\/\/exaudi.org\/it\/bello-e-il-rischio\/"},"author":{"name":"Francisco Bobadilla","@id":"https:\/\/exaudi.org\/#\/schema\/person\/f2d4ad1e1e2bb7dad42a623b75b7166b"},"headline":"Bello \u00e8 il rischio","datePublished":"2023-11-22T19:15:25+00:00","dateModified":"2023-11-23T01:41:53+00:00","mainEntityOfPage":{"@id":"https:\/\/exaudi.org\/it\/bello-e-il-rischio\/"},"wordCount":600,"image":{"@id":"https:\/\/exaudi.org\/it\/bello-e-il-rischio\/#primaryimage"},"thumbnailUrl":"https:\/\/exaudi.org\/wp-content\/uploads\/2023\/11\/pexels-karolina-grabowska-4218588-scaled.jpg","keywords":["bellezza","MARCELA DUQUE","POESIA","RISCHIO","Trending"],"articleSection":["Voci"],"inLanguage":"it-IT"},{"@type":"WebPage","@id":"https:\/\/exaudi.org\/it\/bello-e-il-rischio\/","url":"https:\/\/exaudi.org\/it\/bello-e-il-rischio\/","name":"Bello \u00e8 il rischio &#8211; Exaudi","isPartOf":{"@id":"https:\/\/exaudi.org\/#website"},"primaryImageOfPage":{"@id":"https:\/\/exaudi.org\/it\/bello-e-il-rischio\/#primaryimage"},"image":{"@id":"https:\/\/exaudi.org\/it\/bello-e-il-rischio\/#primaryimage"},"thumbnailUrl":"https:\/\/exaudi.org\/wp-content\/uploads\/2023\/11\/pexels-karolina-grabowska-4218588-scaled.jpg","datePublished":"2023-11-22T19:15:25+00:00","dateModified":"2023-11-23T01:41:53+00:00","author":{"@id":"https:\/\/exaudi.org\/#\/schema\/person\/f2d4ad1e1e2bb7dad42a623b75b7166b"},"breadcrumb":{"@id":"https:\/\/exaudi.org\/it\/bello-e-il-rischio\/#breadcrumb"},"inLanguage":"it-IT","potentialAction":[{"@type":"ReadAction","target":["https:\/\/exaudi.org\/it\/bello-e-il-rischio\/"]}]},{"@type":"ImageObject","inLanguage":"it-IT","@id":"https:\/\/exaudi.org\/it\/bello-e-il-rischio\/#primaryimage","url":"https:\/\/exaudi.org\/wp-content\/uploads\/2023\/11\/pexels-karolina-grabowska-4218588-scaled.jpg","contentUrl":"https:\/\/exaudi.org\/wp-content\/uploads\/2023\/11\/pexels-karolina-grabowska-4218588-scaled.jpg","width":2560,"height":1707,"caption":"pexels-karolina-grabowska"},{"@type":"BreadcrumbList","@id":"https:\/\/exaudi.org\/it\/bello-e-il-rischio\/#breadcrumb","itemListElement":[{"@type":"ListItem","position":1,"name":"Portada","item":"https:\/\/exaudi.org\/it\/"},{"@type":"ListItem","position":2,"name":"Bello \u00e8 il rischio"}]},{"@type":"WebSite","@id":"https:\/\/exaudi.org\/#website","url":"https:\/\/exaudi.org\/","name":"Exaudi","description":"News","potentialAction":[{"@type":"SearchAction","target":{"@type":"EntryPoint","urlTemplate":"https:\/\/exaudi.org\/?s={search_term_string}"},"query-input":{"@type":"PropertyValueSpecification","valueRequired":true,"valueName":"search_term_string"}}],"inLanguage":"it-IT"},{"@type":"Person","@id":"https:\/\/exaudi.org\/#\/schema\/person\/f2d4ad1e1e2bb7dad42a623b75b7166b","name":"Francisco Bobadilla","image":{"@type":"ImageObject","inLanguage":"it-IT","@id":"https:\/\/secure.gravatar.com\/avatar\/8d65d74eeda045f5ef133a25b739fed12768ab871a0ddb2772cf98408d61ee37?s=96&d=mm&r=g","url":"https:\/\/secure.gravatar.com\/avatar\/8d65d74eeda045f5ef133a25b739fed12768ab871a0ddb2772cf98408d61ee37?s=96&d=mm&r=g","contentUrl":"https:\/\/secure.gravatar.com\/avatar\/8d65d74eeda045f5ef133a25b739fed12768ab871a0ddb2772cf98408d61ee37?s=96&d=mm&r=g","caption":"Francisco Bobadilla"},"description":"Francisco Bobadilla es profesor principal de la Universidad de Piura, donde dicta clases para el pre-grado y posgrado. Interesado en las Humanidades y en la dimensi\u00f3n \u00e9tica de la conducta humana. Lector habitual, de cuyas lecturas se nutre en gran parte este blog. Es autor, entre otros, de los libros \u201cPasi\u00f3n por la Excelencia\u201d, \u201cEmpresas con alma\u201d, \u00abProgreso econ\u00f3mico y desarrollo humano\u00bb, \u00abEl C\u00f3digo da Vinci: de la ficci\u00f3n a la realidad\u00bb; \u00abLa disponibilidad de los derechos de la personalidad\u00bb. Abogado y Master en Derecho Civil por la PUCP, doctor en Derecho por la Universidad de Zaragoza; Licenciado en Ciencias de la Informaci\u00f3n por la Universidad de Piura. Sus temas: pensamiento pol\u00edtico y social, \u00e9tica y cultura, derechos de la persona.","sameAs":["https:\/\/tertuliaabierta.wordpress.com\/"],"url":"https:\/\/exaudi.org\/it\/author\/francisco-bobadilla\/"}]}},"jetpack_featured_media_url":"https:\/\/exaudi.org\/wp-content\/uploads\/2023\/11\/pexels-karolina-grabowska-4218588-scaled.jpg","jetpack_shortlink":"https:\/\/wp.me\/pgKjF2-n1J","_links":{"self":[{"href":"https:\/\/exaudi.org\/it\/wp-json\/wp\/v2\/posts\/88519","targetHints":{"allow":["GET"]}}],"collection":[{"href":"https:\/\/exaudi.org\/it\/wp-json\/wp\/v2\/posts"}],"about":[{"href":"https:\/\/exaudi.org\/it\/wp-json\/wp\/v2\/types\/post"}],"author":[{"embeddable":true,"href":"https:\/\/exaudi.org\/it\/wp-json\/wp\/v2\/users\/109"}],"replies":[{"embeddable":true,"href":"https:\/\/exaudi.org\/it\/wp-json\/wp\/v2\/comments?post=88519"}],"version-history":[{"count":0,"href":"https:\/\/exaudi.org\/it\/wp-json\/wp\/v2\/posts\/88519\/revisions"}],"wp:featuredmedia":[{"embeddable":true,"href":"https:\/\/exaudi.org\/it\/wp-json\/wp\/v2\/media\/88422"}],"wp:attachment":[{"href":"https:\/\/exaudi.org\/it\/wp-json\/wp\/v2\/media?parent=88519"}],"wp:term":[{"taxonomy":"category","embeddable":true,"href":"https:\/\/exaudi.org\/it\/wp-json\/wp\/v2\/categories?post=88519"},{"taxonomy":"post_tag","embeddable":true,"href":"https:\/\/exaudi.org\/it\/wp-json\/wp\/v2\/tags?post=88519"}],"curies":[{"name":"wp","href":"https:\/\/api.w.org\/{rel}","templated":true}]}}