{"id":88504,"date":"2023-11-22T18:58:24","date_gmt":"2023-11-22T17:58:24","guid":{"rendered":"https:\/\/exaudi.org\/?p=88504"},"modified":"2023-11-22T18:58:24","modified_gmt":"2023-11-22T17:58:24","slug":"lannuncio-e-per-tutti-siamo-chiamati-a-evangelizzare-senza-escludere-nessuno","status":"publish","type":"post","link":"https:\/\/exaudi.org\/it\/lannuncio-e-per-tutti-siamo-chiamati-a-evangelizzare-senza-escludere-nessuno\/","title":{"rendered":"L&#8217;annuncio \u00e8 per tutti, siamo chiamati a evangelizzare senza escludere nessuno"},"content":{"rendered":"<p>L\u2019Udienza Generale di questa mattina si \u00e8 svolta alle ore 9.00 in Piazza San Pietro.<\/p>\n<p>Nel discorso in lingua italiana il Papa, continuando il ciclo di catechesi\u00a0<i>La passione per l\u2019evangelizzazione: lo zelo apostolico del credente<\/i>, ha incentrato la Sua meditazione sul tema \u201cL\u2019annuncio \u00e8 per tutti\u201d (Lettura:<b><i>\u00a0<\/i><\/b><i>Mt<\/i>\u00a028,18-20).<\/p>\n<p>Dopo aver riassunto la Sua catechesi nelle diverse lingue, il Santo Padre ha indirizzato particolari espressioni di saluto ai fedeli presenti.<\/p>\n<p>L\u2019Udienza Generale si \u00e8 conclusa con la recita del\u00a0<i>Pater Noster<\/i>\u00a0e la Benedizione Apostolica.<\/p>\n<p><b>Catechesi. La passione per l\u2019evangelizzazione: lo zelo apostolico del credente. 27.\u00a0<i>L\u2019annuncio \u00e8 per tutti<\/i><\/b><\/p>\n<p><i>Cari fratelli e sorelle!<\/i><\/p>\n<p>Dopo aver visto, la scorsa volta, che l\u2019annuncio cristiano \u00e8 gioia, soffermiamoci oggi su un secondo aspetto: \u00e8\u00a0<i>per tutti<\/i>, l\u2019annuncio cristiano \u00e8 gioia per tutti. Quando incontriamo veramente il Signore Ges\u00f9, lo stupore di questo incontro pervade la nostra vita e chiede di essere portato al di l\u00e0 di noi. Questo Egli desidera, che il suo Vangelo sia per tutti. In esso, infatti, c\u2019\u00e8 una \u201cpotenza umanizzatrice\u201d, un compimento di vita che \u00e8 destinata ad ogni uomo e ogni donna, perch\u00e9 per tutti Cristo \u00e8 nato, \u00e8 morto, \u00e8 risorto. Per tutti: nessuno escluso.<\/p>\n<p><img loading=\"lazy\" decoding=\"async\" class=\"size-medium wp-image-88495 alignleft\" src=\"https:\/\/exaudi.org\/wp-content\/uploads\/2023\/11\/404918261_739859894846703_573780816076126459_n-300x203.jpg\" alt=\"\" width=\"300\" height=\"203\" srcset=\"https:\/\/exaudi.org\/wp-content\/uploads\/2023\/11\/404918261_739859894846703_573780816076126459_n-300x203.jpg 300w, https:\/\/exaudi.org\/wp-content\/uploads\/2023\/11\/404918261_739859894846703_573780816076126459_n-1024x694.jpg 1024w, https:\/\/exaudi.org\/wp-content\/uploads\/2023\/11\/404918261_739859894846703_573780816076126459_n-770x522.jpg 770w, https:\/\/exaudi.org\/wp-content\/uploads\/2023\/11\/404918261_739859894846703_573780816076126459_n-500x339.jpg 500w, https:\/\/exaudi.org\/wp-content\/uploads\/2023\/11\/404918261_739859894846703_573780816076126459_n-293x199.jpg 293w, https:\/\/exaudi.org\/wp-content\/uploads\/2023\/11\/404918261_739859894846703_573780816076126459_n-120x80.jpg 120w, https:\/\/exaudi.org\/wp-content\/uploads\/2023\/11\/404918261_739859894846703_573780816076126459_n-390x264.jpg 390w, https:\/\/exaudi.org\/wp-content\/uploads\/2023\/11\/404918261_739859894846703_573780816076126459_n.jpg 1080w\" sizes=\"auto, (max-width: 300px) 100vw, 300px\" \/>In\u00a0<i><a href=\"https:\/\/www.vatican.va\/content\/francesco\/it\/apost_exhortations\/documents\/papa-francesco_esortazione-ap_20131124_evangelii-gaudium.html\">Evangelii gaudium<\/a><\/i>\u00a0si legge: \u00abTutti hanno il diritto di ricevere il Vangelo. I cristiani hanno il dovere di annunciarlo senza escludere nessuno, non come chi impone un nuovo obbligo, bens\u00ec come chi condivide una gioia, segnala un orizzonte bello, offre un banchetto desiderabile. La Chiesa non cresce per proselitismo ma \u201cper attrazione\u201d\u00bb (<a href=\"https:\/\/www.vatican.va\/content\/francesco\/it\/apost_exhortations\/documents\/papa-francesco_esortazione-ap_20131124_evangelii-gaudium.html#III.%E2%80%82La_nuova_evangelizzazione_per_la_trasmissione_della_fede\">n. 14<\/a>). Fratelli, sorelle, sentiamoci al servizio della\u00a0<i>destinazione universale del Vangelo<\/i>, \u00e8 per tutti; e distinguiamoci per la capacit\u00e0 di uscire da noi stessi &#8211; un annuncio per essere vero annuncio deve uscire dall\u2019egoismo proprio &#8211; e avere anche la capacit\u00e0 di superare ogni confine. I cristiani si ritrovano sul sagrato pi\u00f9 che in sacrestia, e vanno \u00abper le piazze e per le vie della citt\u00e0\u00bb (<i>Lc<\/i>\u00a014,21). Devono essere aperti ed espansivi, i cristiani devono essere \u201cestroversi\u201d, e questo loro carattere viene da Ges\u00f9, che ha fatto della sua presenza nel mondo un cammino continuo, finalizzato a raggiungere tutti, persino imparando da certi suoi incontri.<\/p>\n<p>In questo senso, il Vangelo riporta il sorprendente incontro di Ges\u00f9 con una donna straniera, una cananea che lo supplica di guarire la figlia malata (cfr\u00a0<i>Mt<\/i>\u00a015,21-28). Ges\u00f9 rifiuta, dicendo di essere stato mandato solo \u00aballe pecore perdute della casa di Israele\u00bb e che \u00abnon \u00e8 bene prendere il pane dei figli e gettarlo ai cagnolini\u00bb (vv. 24.26). Ma la donna, con l\u2019insistenza tipica dei semplici, replica che anche \u00abi cagnolini mangiano le briciole che cadono dalla tavola dei loro padroni\u00bb (v. 27). Ges\u00f9 rimane colpito e le dice: \u00abDonna, grande \u00e8 la tua fede! Avvenga per te come desideri\u00bb (v. 28). Questo incontro con questa donna ha qualcosa di unico. Non solo qualcuno fa cambiare idea a Ges\u00f9, e si tratta di una donna, straniera e pagana; ma il Signore stesso trova conferma al fatto che la sua predicazione non debba limitarsi al popolo a cui appartiene, ma aprirsi a tutti.<\/p>\n<p>La Bibbia ci mostra che quando Dio chiama una persona e stringe un patto con alcuni il criterio \u00e8 sempre questo:\u00a0<i>elegge qualcuno per raggiungere altri<\/i>, questo \u00e8 il criterio di Dio, della chiamata di Dio. Tutti gli amici del Signore hanno sperimentato la bellezza ma anche la responsabilit\u00e0 e il peso di essere \u201cscelti\u201d da Lui. E tutti Hanno provato lo scoraggiamento di fronte alle proprie debolezze o la perdita delle loro sicurezze. Ma la tentazione forse pi\u00f9 grande \u00e8 quella di considerare la chiamata ricevuta come un privilegio, per favore no, la chiamata non \u00e8 un privilegio, mai. Noi non possiamo dire che siamo privilegiati in confronto agli altri, no. La chiamata \u00e8 per un servizio. E Dio sceglie uno per amare tutti, per arrivare a tutti.<\/p>\n<p>Anche per prevenire la tentazione di identificare il cristianesimo con una cultura, con un\u2019etnia, con un sistema. Cos\u00ec, per\u00f2, perde la sua natura veramente\u00a0<i>cattolica<\/i>, ossia per<i>\u00a0<\/i>tutti, universale: non \u00e8 un gruppetto di eletti di prima classe. Non dimentichiamo: Dio sceglie qualcuno per amare\u00a0<i>tutti<\/i>. Questo orizzonte di universalit\u00e0. Il Vangelo non \u00e8 solo per me, \u00e8 per tutti, non lo dimentichiamo. Grazie.<\/p>\n<p>________________________________________________<\/p>\n<p><b><img loading=\"lazy\" decoding=\"async\" class=\"size-medium wp-image-88489 alignleft\" src=\"https:\/\/exaudi.org\/wp-content\/uploads\/2023\/11\/cq5dam.web_.800.800-44-300x200.jpeg\" alt=\"\" width=\"300\" height=\"200\" srcset=\"https:\/\/exaudi.org\/wp-content\/uploads\/2023\/11\/cq5dam.web_.800.800-44-300x200.jpeg 300w, https:\/\/exaudi.org\/wp-content\/uploads\/2023\/11\/cq5dam.web_.800.800-44-770x513.jpeg 770w, https:\/\/exaudi.org\/wp-content\/uploads\/2023\/11\/cq5dam.web_.800.800-44-360x240.jpeg?crop=1 360w, https:\/\/exaudi.org\/wp-content\/uploads\/2023\/11\/cq5dam.web_.800.800-44-500x333.jpeg 500w, https:\/\/exaudi.org\/wp-content\/uploads\/2023\/11\/cq5dam.web_.800.800-44-370x247.jpeg 370w, https:\/\/exaudi.org\/wp-content\/uploads\/2023\/11\/cq5dam.web_.800.800-44-293x195.jpeg 293w, https:\/\/exaudi.org\/wp-content\/uploads\/2023\/11\/cq5dam.web_.800.800-44-120x80.jpeg 120w, https:\/\/exaudi.org\/wp-content\/uploads\/2023\/11\/cq5dam.web_.800.800-44-240x160.jpeg 240w, https:\/\/exaudi.org\/wp-content\/uploads\/2023\/11\/cq5dam.web_.800.800-44-390x260.jpeg 390w, https:\/\/exaudi.org\/wp-content\/uploads\/2023\/11\/cq5dam.web_.800.800-44.jpeg 800w\" sizes=\"auto, (max-width: 300px) 100vw, 300px\" \/>Saluti<\/b><\/p>\n<p>Rivolgo un cordiale benvenuto ai pellegrini di lingua italiana, in particolare ai fedeli di San\u2019Elpidio a Mare e di Sant\u2019Andrea in Andria, all\u2019Associazione culturale Musadoc, ai Genieri e Trasmettitori d\u2019Italia, all\u2019Associazione vittime della violenza.<\/p>\n<p>Accolgo con affetto i partecipanti all\u2019Assemblea Nazionale delle Scuole Cattoliche, auspicando un effettivo riconoscimento della loro importante opera formativa.<\/p>\n<p>Saluto infine gli anziani, i malati, gli sposi novelli e i giovani, tra cui numerose scolaresche. Domenica prossima, ultima del Tempo Ordinario, celebreremo la solennit\u00e0 di Cristo, Re. Vi esorto a porre Ges\u00f9 al centro della vostra vita, e da Lui riceverete luce e coraggio in ogni scelta quotidiana.<\/p>\n<p>E non dimentichiamo di perseverare nella preghiera per quanti soffrono a causa delle guerre in tante parti del mondo, specialmente per le care popolazioni dell\u2019Ucraina, la martoriata Ucraina, e di Israele e della Palestina. Questa mattina ho ricevuto due delegazioni, una di israeliani che hanno parenti come ostaggi in Gaza e un\u2019altra di palestinesi che hanno dei parenti che soffrono a Gaza.\u00a0Loro soffrono tanto e ho sentito come soffrono ambedue: le guerre fanno questo, ma qui siamo andati oltre le guerre, questo non \u00e8 guerreggiare, questo \u00e8 terrorismo. Per favore, andiamo avanti per la pace, pregate per la pace, pregate tanto per la pace. Che il Signore metta mano l\u00ec, che il Signore ci aiuti a risolvere i problemi e non andare avanti con le passioni che alla fine uccidono tutti. Preghiamo per il popolo palestinese, preghiamo per il popolo israeliano, perch\u00e9 venga la pace.<\/p>\n<p>A tutti la mia Benedizione!<\/p>\n<p><iframe loading=\"lazy\" title=\"November 22 2023 General Audience Pope Francis\" width=\"500\" height=\"281\" src=\"https:\/\/www.youtube.com\/embed\/kry7cdvWZ0Q?feature=oembed\" frameborder=\"0\" allow=\"accelerometer; autoplay; clipboard-write; encrypted-media; gyroscope; picture-in-picture; web-share\" referrerpolicy=\"strict-origin-when-cross-origin\" allowfullscreen><\/iframe><\/p>\n","protected":false},"excerpt":{"rendered":"<p>Le parole del Papa all&#8217;udienza generale<\/p>\n","protected":false},"author":17,"featured_media":88479,"comment_status":"closed","ping_status":"closed","sticky":false,"template":"","format":"standard","meta":{"_acf_changed":false,"_crdt_document":"","inline_featured_image":false,"footnotes":""},"categories":[67,111],"tags":[2487,251,10344,579],"class_list":["post-88504","post","type-post","status-publish","format-standard","has-post-thumbnail","hentry","category-leone-xiv","category-udienza-generale","tag-featured-3","tag-papa-francesco","tag-passione-per-levangelizzazione","tag-udienza-generale"],"acf":[],"yoast_head":"<!-- This site is optimized with the Yoast SEO plugin v27.4 - https:\/\/yoast.com\/product\/yoast-seo-wordpress\/ -->\n<title>L&#039;annuncio \u00e8 per tutti, siamo chiamati a evangelizzare senza escludere nessuno &#8211; Exaudi<\/title>\n<meta name=\"robots\" content=\"index, follow, max-snippet:-1, max-image-preview:large, max-video-preview:-1\" \/>\n<link rel=\"canonical\" href=\"https:\/\/exaudi.org\/it\/lannuncio-e-per-tutti-siamo-chiamati-a-evangelizzare-senza-escludere-nessuno\/\" \/>\n<meta property=\"og:locale\" content=\"it_IT\" \/>\n<meta property=\"og:type\" content=\"article\" \/>\n<meta property=\"og:title\" content=\"L&#039;annuncio \u00e8 per tutti, siamo chiamati a evangelizzare senza escludere nessuno &#8211; Exaudi\" \/>\n<meta property=\"og:description\" content=\"Le parole del Papa all&#039;udienza generale\" \/>\n<meta property=\"og:url\" content=\"https:\/\/exaudi.org\/it\/lannuncio-e-per-tutti-siamo-chiamati-a-evangelizzare-senza-escludere-nessuno\/\" \/>\n<meta property=\"og:site_name\" content=\"Exaudi\" \/>\n<meta property=\"article:publisher\" content=\"https:\/\/www.facebook.com\/ExaudiNews\" \/>\n<meta property=\"article:author\" content=\"https:\/\/www.facebook.com\/ExaudiNotizie\/\" \/>\n<meta property=\"article:published_time\" content=\"2023-11-22T17:58:24+00:00\" \/>\n<meta property=\"og:image\" content=\"https:\/\/exaudi.org\/wp-content\/uploads\/2023\/11\/cq5dam.web_.800.800-41.jpeg\" \/>\n\t<meta property=\"og:image:width\" content=\"800\" \/>\n\t<meta property=\"og:image:height\" content=\"533\" \/>\n\t<meta property=\"og:image:type\" content=\"image\/jpeg\" \/>\n<meta name=\"author\" content=\"Exaudi Redazione\" \/>\n<meta name=\"twitter:card\" content=\"summary_large_image\" \/>\n<meta name=\"twitter:creator\" content=\"@Exaudi_Notizie\" \/>\n<meta name=\"twitter:site\" content=\"@Exaudi_News\" \/>\n<meta name=\"twitter:label1\" content=\"Scritto da\" \/>\n\t<meta name=\"twitter:data1\" content=\"Exaudi Redazione\" \/>\n\t<meta name=\"twitter:label2\" content=\"Tempo di lettura stimato\" \/>\n\t<meta name=\"twitter:data2\" content=\"5 minuti\" \/>\n<script type=\"application\/ld+json\" class=\"yoast-schema-graph\">{\"@context\":\"https:\\\/\\\/schema.org\",\"@graph\":[{\"@type\":\"Article\",\"@id\":\"https:\\\/\\\/exaudi.org\\\/it\\\/lannuncio-e-per-tutti-siamo-chiamati-a-evangelizzare-senza-escludere-nessuno\\\/#article\",\"isPartOf\":{\"@id\":\"https:\\\/\\\/exaudi.org\\\/it\\\/lannuncio-e-per-tutti-siamo-chiamati-a-evangelizzare-senza-escludere-nessuno\\\/\"},\"author\":{\"name\":\"Exaudi Redazione\",\"@id\":\"https:\\\/\\\/exaudi.org\\\/#\\\/schema\\\/person\\\/e1ab6ed07c01774724dd96f925f3a5f0\"},\"headline\":\"L&#8217;annuncio \u00e8 per tutti, siamo chiamati a evangelizzare senza escludere nessuno\",\"datePublished\":\"2023-11-22T17:58:24+00:00\",\"mainEntityOfPage\":{\"@id\":\"https:\\\/\\\/exaudi.org\\\/it\\\/lannuncio-e-per-tutti-siamo-chiamati-a-evangelizzare-senza-escludere-nessuno\\\/\"},\"wordCount\":967,\"image\":{\"@id\":\"https:\\\/\\\/exaudi.org\\\/it\\\/lannuncio-e-per-tutti-siamo-chiamati-a-evangelizzare-senza-escludere-nessuno\\\/#primaryimage\"},\"thumbnailUrl\":\"https:\\\/\\\/exaudi.org\\\/wp-content\\\/uploads\\\/2023\\\/11\\\/cq5dam.web_.800.800-41.jpeg\",\"keywords\":[\"Featured\",\"Papa Francesco\",\"Passione per l'evangelizzazione\",\"udienza generale\"],\"articleSection\":[\"Leone XIV\",\"Udienza generale\"],\"inLanguage\":\"it-IT\"},{\"@type\":\"WebPage\",\"@id\":\"https:\\\/\\\/exaudi.org\\\/it\\\/lannuncio-e-per-tutti-siamo-chiamati-a-evangelizzare-senza-escludere-nessuno\\\/\",\"url\":\"https:\\\/\\\/exaudi.org\\\/it\\\/lannuncio-e-per-tutti-siamo-chiamati-a-evangelizzare-senza-escludere-nessuno\\\/\",\"name\":\"L'annuncio \u00e8 per tutti, siamo chiamati a evangelizzare senza escludere nessuno &#8211; Exaudi\",\"isPartOf\":{\"@id\":\"https:\\\/\\\/exaudi.org\\\/#website\"},\"primaryImageOfPage\":{\"@id\":\"https:\\\/\\\/exaudi.org\\\/it\\\/lannuncio-e-per-tutti-siamo-chiamati-a-evangelizzare-senza-escludere-nessuno\\\/#primaryimage\"},\"image\":{\"@id\":\"https:\\\/\\\/exaudi.org\\\/it\\\/lannuncio-e-per-tutti-siamo-chiamati-a-evangelizzare-senza-escludere-nessuno\\\/#primaryimage\"},\"thumbnailUrl\":\"https:\\\/\\\/exaudi.org\\\/wp-content\\\/uploads\\\/2023\\\/11\\\/cq5dam.web_.800.800-41.jpeg\",\"datePublished\":\"2023-11-22T17:58:24+00:00\",\"author\":{\"@id\":\"https:\\\/\\\/exaudi.org\\\/#\\\/schema\\\/person\\\/e1ab6ed07c01774724dd96f925f3a5f0\"},\"breadcrumb\":{\"@id\":\"https:\\\/\\\/exaudi.org\\\/it\\\/lannuncio-e-per-tutti-siamo-chiamati-a-evangelizzare-senza-escludere-nessuno\\\/#breadcrumb\"},\"inLanguage\":\"it-IT\",\"potentialAction\":[{\"@type\":\"ReadAction\",\"target\":[\"https:\\\/\\\/exaudi.org\\\/it\\\/lannuncio-e-per-tutti-siamo-chiamati-a-evangelizzare-senza-escludere-nessuno\\\/\"]}]},{\"@type\":\"ImageObject\",\"inLanguage\":\"it-IT\",\"@id\":\"https:\\\/\\\/exaudi.org\\\/it\\\/lannuncio-e-per-tutti-siamo-chiamati-a-evangelizzare-senza-escludere-nessuno\\\/#primaryimage\",\"url\":\"https:\\\/\\\/exaudi.org\\\/wp-content\\\/uploads\\\/2023\\\/11\\\/cq5dam.web_.800.800-41.jpeg\",\"contentUrl\":\"https:\\\/\\\/exaudi.org\\\/wp-content\\\/uploads\\\/2023\\\/11\\\/cq5dam.web_.800.800-41.jpeg\",\"width\":800,\"height\":533,\"caption\":\"Vatican Media\"},{\"@type\":\"BreadcrumbList\",\"@id\":\"https:\\\/\\\/exaudi.org\\\/it\\\/lannuncio-e-per-tutti-siamo-chiamati-a-evangelizzare-senza-escludere-nessuno\\\/#breadcrumb\",\"itemListElement\":[{\"@type\":\"ListItem\",\"position\":1,\"name\":\"Portada\",\"item\":\"https:\\\/\\\/exaudi.org\\\/it\\\/\"},{\"@type\":\"ListItem\",\"position\":2,\"name\":\"L&#8217;annuncio \u00e8 per tutti, siamo chiamati a evangelizzare senza escludere nessuno\"}]},{\"@type\":\"WebSite\",\"@id\":\"https:\\\/\\\/exaudi.org\\\/#website\",\"url\":\"https:\\\/\\\/exaudi.org\\\/\",\"name\":\"Exaudi\",\"description\":\"News\",\"potentialAction\":[{\"@type\":\"SearchAction\",\"target\":{\"@type\":\"EntryPoint\",\"urlTemplate\":\"https:\\\/\\\/exaudi.org\\\/?s={search_term_string}\"},\"query-input\":{\"@type\":\"PropertyValueSpecification\",\"valueRequired\":true,\"valueName\":\"search_term_string\"}}],\"inLanguage\":\"it-IT\"},{\"@type\":\"Person\",\"@id\":\"https:\\\/\\\/exaudi.org\\\/#\\\/schema\\\/person\\\/e1ab6ed07c01774724dd96f925f3a5f0\",\"name\":\"Exaudi Redazione\",\"image\":{\"@type\":\"ImageObject\",\"inLanguage\":\"it-IT\",\"@id\":\"https:\\\/\\\/secure.gravatar.com\\\/avatar\\\/ad6774b3ada023bf5b939d64f45c94b3adf91502dd883507d469b4308a943bb3?s=96&d=mm&r=g\",\"url\":\"https:\\\/\\\/secure.gravatar.com\\\/avatar\\\/ad6774b3ada023bf5b939d64f45c94b3adf91502dd883507d469b4308a943bb3?s=96&d=mm&r=g\",\"contentUrl\":\"https:\\\/\\\/secure.gravatar.com\\\/avatar\\\/ad6774b3ada023bf5b939d64f45c94b3adf91502dd883507d469b4308a943bb3?s=96&d=mm&r=g\",\"caption\":\"Exaudi Redazione\"},\"description\":\"Che cosa \u00e8 Exaudi News? Exaudi News \u00e8 un agenzia cattolica internazionale che informa, istruisce e trasforma quotidianamente in spagnolo, inglese e italiano. Attraverso notizie, articoli di analisi e trasmissioni in diretta degli eventi del Papa, Exaudi cerca di rafforzare l'unit\u00e0 dei cristiani e di contribuire all'evangelizzazione del mondo, sempre guidato dalla dottrina sociale della Chiesa. Lavoriamo per portare la verit\u00e0 e i valori cristiani in ogni angolo del pianeta. Aiutaci a trasformare il mondo con Exaudi! Noi di Exaudi crediamo che l'evangelizzazione e l'informazione di qualit\u00e0 possano cambiare la vita. Per continuare la nostra missione ed espandere la nostra portata, abbiamo bisogno del tuo aiuto. Stiamo anche cercando persone motivate che vogliano unirsi al nostro team. Grazie al vostro sostegno raggiungeremo pi\u00f9 persone, diffonderemo il messaggio di Cristo e rafforzeremo l'unit\u00e0 dei cristiani. Vuoi unirti alla nostra missione? Per maggiori informazioni su come contribuire, visita Exaudi.org\\\/it o contattaci direttamente: info@exaudi.org Exaudi: informa, forma e trasforma.\",\"sameAs\":[\"https:\\\/\\\/www.facebook.com\\\/ExaudiNotizie\\\/\",\"https:\\\/\\\/www.instagram.com\\\/Exaudi_notizie\\\/\",\"https:\\\/\\\/x.com\\\/Exaudi_Notizie\",\"https:\\\/\\\/www.youtube.com\\\/@exaudicatholicnews\"],\"url\":\"https:\\\/\\\/exaudi.org\\\/it\\\/author\\\/dlvedi-org\\\/\"}]}<\/script>\n<!-- \/ Yoast SEO plugin. -->","yoast_head_json":{"title":"L'annuncio \u00e8 per tutti, siamo chiamati a evangelizzare senza escludere nessuno &#8211; Exaudi","robots":{"index":"index","follow":"follow","max-snippet":"max-snippet:-1","max-image-preview":"max-image-preview:large","max-video-preview":"max-video-preview:-1"},"canonical":"https:\/\/exaudi.org\/it\/lannuncio-e-per-tutti-siamo-chiamati-a-evangelizzare-senza-escludere-nessuno\/","og_locale":"it_IT","og_type":"article","og_title":"L'annuncio \u00e8 per tutti, siamo chiamati a evangelizzare senza escludere nessuno &#8211; Exaudi","og_description":"Le parole del Papa all'udienza generale","og_url":"https:\/\/exaudi.org\/it\/lannuncio-e-per-tutti-siamo-chiamati-a-evangelizzare-senza-escludere-nessuno\/","og_site_name":"Exaudi","article_publisher":"https:\/\/www.facebook.com\/ExaudiNews","article_author":"https:\/\/www.facebook.com\/ExaudiNotizie\/","article_published_time":"2023-11-22T17:58:24+00:00","og_image":[{"width":800,"height":533,"url":"https:\/\/exaudi.org\/wp-content\/uploads\/2023\/11\/cq5dam.web_.800.800-41.jpeg","type":"image\/jpeg"}],"author":"Exaudi Redazione","twitter_card":"summary_large_image","twitter_creator":"@Exaudi_Notizie","twitter_site":"@Exaudi_News","twitter_misc":{"Scritto da":"Exaudi Redazione","Tempo di lettura stimato":"5 minuti"},"schema":{"@context":"https:\/\/schema.org","@graph":[{"@type":"Article","@id":"https:\/\/exaudi.org\/it\/lannuncio-e-per-tutti-siamo-chiamati-a-evangelizzare-senza-escludere-nessuno\/#article","isPartOf":{"@id":"https:\/\/exaudi.org\/it\/lannuncio-e-per-tutti-siamo-chiamati-a-evangelizzare-senza-escludere-nessuno\/"},"author":{"name":"Exaudi Redazione","@id":"https:\/\/exaudi.org\/#\/schema\/person\/e1ab6ed07c01774724dd96f925f3a5f0"},"headline":"L&#8217;annuncio \u00e8 per tutti, siamo chiamati a evangelizzare senza escludere nessuno","datePublished":"2023-11-22T17:58:24+00:00","mainEntityOfPage":{"@id":"https:\/\/exaudi.org\/it\/lannuncio-e-per-tutti-siamo-chiamati-a-evangelizzare-senza-escludere-nessuno\/"},"wordCount":967,"image":{"@id":"https:\/\/exaudi.org\/it\/lannuncio-e-per-tutti-siamo-chiamati-a-evangelizzare-senza-escludere-nessuno\/#primaryimage"},"thumbnailUrl":"https:\/\/exaudi.org\/wp-content\/uploads\/2023\/11\/cq5dam.web_.800.800-41.jpeg","keywords":["Featured","Papa Francesco","Passione per l'evangelizzazione","udienza generale"],"articleSection":["Leone XIV","Udienza generale"],"inLanguage":"it-IT"},{"@type":"WebPage","@id":"https:\/\/exaudi.org\/it\/lannuncio-e-per-tutti-siamo-chiamati-a-evangelizzare-senza-escludere-nessuno\/","url":"https:\/\/exaudi.org\/it\/lannuncio-e-per-tutti-siamo-chiamati-a-evangelizzare-senza-escludere-nessuno\/","name":"L'annuncio \u00e8 per tutti, siamo chiamati a evangelizzare senza escludere nessuno &#8211; Exaudi","isPartOf":{"@id":"https:\/\/exaudi.org\/#website"},"primaryImageOfPage":{"@id":"https:\/\/exaudi.org\/it\/lannuncio-e-per-tutti-siamo-chiamati-a-evangelizzare-senza-escludere-nessuno\/#primaryimage"},"image":{"@id":"https:\/\/exaudi.org\/it\/lannuncio-e-per-tutti-siamo-chiamati-a-evangelizzare-senza-escludere-nessuno\/#primaryimage"},"thumbnailUrl":"https:\/\/exaudi.org\/wp-content\/uploads\/2023\/11\/cq5dam.web_.800.800-41.jpeg","datePublished":"2023-11-22T17:58:24+00:00","author":{"@id":"https:\/\/exaudi.org\/#\/schema\/person\/e1ab6ed07c01774724dd96f925f3a5f0"},"breadcrumb":{"@id":"https:\/\/exaudi.org\/it\/lannuncio-e-per-tutti-siamo-chiamati-a-evangelizzare-senza-escludere-nessuno\/#breadcrumb"},"inLanguage":"it-IT","potentialAction":[{"@type":"ReadAction","target":["https:\/\/exaudi.org\/it\/lannuncio-e-per-tutti-siamo-chiamati-a-evangelizzare-senza-escludere-nessuno\/"]}]},{"@type":"ImageObject","inLanguage":"it-IT","@id":"https:\/\/exaudi.org\/it\/lannuncio-e-per-tutti-siamo-chiamati-a-evangelizzare-senza-escludere-nessuno\/#primaryimage","url":"https:\/\/exaudi.org\/wp-content\/uploads\/2023\/11\/cq5dam.web_.800.800-41.jpeg","contentUrl":"https:\/\/exaudi.org\/wp-content\/uploads\/2023\/11\/cq5dam.web_.800.800-41.jpeg","width":800,"height":533,"caption":"Vatican Media"},{"@type":"BreadcrumbList","@id":"https:\/\/exaudi.org\/it\/lannuncio-e-per-tutti-siamo-chiamati-a-evangelizzare-senza-escludere-nessuno\/#breadcrumb","itemListElement":[{"@type":"ListItem","position":1,"name":"Portada","item":"https:\/\/exaudi.org\/it\/"},{"@type":"ListItem","position":2,"name":"L&#8217;annuncio \u00e8 per tutti, siamo chiamati a evangelizzare senza escludere nessuno"}]},{"@type":"WebSite","@id":"https:\/\/exaudi.org\/#website","url":"https:\/\/exaudi.org\/","name":"Exaudi","description":"News","potentialAction":[{"@type":"SearchAction","target":{"@type":"EntryPoint","urlTemplate":"https:\/\/exaudi.org\/?s={search_term_string}"},"query-input":{"@type":"PropertyValueSpecification","valueRequired":true,"valueName":"search_term_string"}}],"inLanguage":"it-IT"},{"@type":"Person","@id":"https:\/\/exaudi.org\/#\/schema\/person\/e1ab6ed07c01774724dd96f925f3a5f0","name":"Exaudi Redazione","image":{"@type":"ImageObject","inLanguage":"it-IT","@id":"https:\/\/secure.gravatar.com\/avatar\/ad6774b3ada023bf5b939d64f45c94b3adf91502dd883507d469b4308a943bb3?s=96&d=mm&r=g","url":"https:\/\/secure.gravatar.com\/avatar\/ad6774b3ada023bf5b939d64f45c94b3adf91502dd883507d469b4308a943bb3?s=96&d=mm&r=g","contentUrl":"https:\/\/secure.gravatar.com\/avatar\/ad6774b3ada023bf5b939d64f45c94b3adf91502dd883507d469b4308a943bb3?s=96&d=mm&r=g","caption":"Exaudi Redazione"},"description":"Che cosa \u00e8 Exaudi News? Exaudi News \u00e8 un agenzia cattolica internazionale che informa, istruisce e trasforma quotidianamente in spagnolo, inglese e italiano. Attraverso notizie, articoli di analisi e trasmissioni in diretta degli eventi del Papa, Exaudi cerca di rafforzare l'unit\u00e0 dei cristiani e di contribuire all'evangelizzazione del mondo, sempre guidato dalla dottrina sociale della Chiesa. Lavoriamo per portare la verit\u00e0 e i valori cristiani in ogni angolo del pianeta. Aiutaci a trasformare il mondo con Exaudi! Noi di Exaudi crediamo che l'evangelizzazione e l'informazione di qualit\u00e0 possano cambiare la vita. Per continuare la nostra missione ed espandere la nostra portata, abbiamo bisogno del tuo aiuto. Stiamo anche cercando persone motivate che vogliano unirsi al nostro team. Grazie al vostro sostegno raggiungeremo pi\u00f9 persone, diffonderemo il messaggio di Cristo e rafforzeremo l'unit\u00e0 dei cristiani. Vuoi unirti alla nostra missione? Per maggiori informazioni su come contribuire, visita Exaudi.org\/it o contattaci direttamente: info@exaudi.org Exaudi: informa, forma e trasforma.","sameAs":["https:\/\/www.facebook.com\/ExaudiNotizie\/","https:\/\/www.instagram.com\/Exaudi_notizie\/","https:\/\/x.com\/Exaudi_Notizie","https:\/\/www.youtube.com\/@exaudicatholicnews"],"url":"https:\/\/exaudi.org\/it\/author\/dlvedi-org\/"}]}},"jetpack_featured_media_url":"https:\/\/exaudi.org\/wp-content\/uploads\/2023\/11\/cq5dam.web_.800.800-41.jpeg","jetpack_shortlink":"https:\/\/wp.me\/pgKjF2-n1u","_links":{"self":[{"href":"https:\/\/exaudi.org\/it\/wp-json\/wp\/v2\/posts\/88504","targetHints":{"allow":["GET"]}}],"collection":[{"href":"https:\/\/exaudi.org\/it\/wp-json\/wp\/v2\/posts"}],"about":[{"href":"https:\/\/exaudi.org\/it\/wp-json\/wp\/v2\/types\/post"}],"author":[{"embeddable":true,"href":"https:\/\/exaudi.org\/it\/wp-json\/wp\/v2\/users\/17"}],"replies":[{"embeddable":true,"href":"https:\/\/exaudi.org\/it\/wp-json\/wp\/v2\/comments?post=88504"}],"version-history":[{"count":0,"href":"https:\/\/exaudi.org\/it\/wp-json\/wp\/v2\/posts\/88504\/revisions"}],"wp:featuredmedia":[{"embeddable":true,"href":"https:\/\/exaudi.org\/it\/wp-json\/wp\/v2\/media\/88479"}],"wp:attachment":[{"href":"https:\/\/exaudi.org\/it\/wp-json\/wp\/v2\/media?parent=88504"}],"wp:term":[{"taxonomy":"category","embeddable":true,"href":"https:\/\/exaudi.org\/it\/wp-json\/wp\/v2\/categories?post=88504"},{"taxonomy":"post_tag","embeddable":true,"href":"https:\/\/exaudi.org\/it\/wp-json\/wp\/v2\/tags?post=88504"}],"curies":[{"name":"wp","href":"https:\/\/api.w.org\/{rel}","templated":true}]}}