{"id":88385,"date":"2023-11-21T11:08:07","date_gmt":"2023-11-21T10:08:07","guid":{"rendered":"https:\/\/exaudi.org\/?p=88385"},"modified":"2023-11-21T11:10:55","modified_gmt":"2023-11-21T10:10:55","slug":"papa-francesco-nella-piccolezza-riconoscono-il-volto-di-dio","status":"publish","type":"post","link":"https:\/\/exaudi.org\/it\/papa-francesco-nella-piccolezza-riconoscono-il-volto-di-dio\/","title":{"rendered":"Papa Francesco: &#8220;nella piccolezza riconoscono il volto di Dio&#8221;"},"content":{"rendered":"<div class=\"article__subTitle\">\n<audio class=\"wp-audio-shortcode\" id=\"audio-88385-1\" preload=\"none\" style=\"width: 100%;\" controls=\"controls\"><source type=\"audio\/mpeg\" src=\"https:\/\/exaudi.org\/wp-content\/uploads\/2023\/11\/Franceso-natale.mp3?_=1\" \/><a href=\"https:\/\/exaudi.org\/wp-content\/uploads\/2023\/11\/Franceso-natale.mp3\">https:\/\/exaudi.org\/wp-content\/uploads\/2023\/11\/Franceso-natale.mp3<\/a><\/audio>\n<p>Un volume della Piemme in coedizione con la Libreria Editrice Vaticana raccoglie una serie di testi, riflessioni, discorsi e omelie che il Papa ha dedicato alla rappresentazione della Nativit\u00e0. Di seguito il testo integrale dell\u2019introduzione firmata dal Pontefice.<\/p>\n<\/div>\n<div class=\"article__text\">\n<p>Due volte ho desiderato andare a visitare Greccio. La prima per conoscere il luogo dove san Francesco d\u2019Assisi ha inventato il presepe, qualcosa che ha segnato anche la mia infanzia: nella casa dei miei genitori a Buenos Aires non mancava mai questo segno del Natale, prima ancora dell\u2019albero.<\/p>\n<p>La seconda volta sono tornato volentieri in quella localit\u00e0, oggi in provincia di Rieti, per firmare la Lettera Apostolica Admirabile signum sul senso e il significato del presepe oggi. In entrambe le occasioni ho avvertito sprigionarsi una particolare emozione dalla grotta ove si ammira un affresco medievale che ritrae la notte di Betlemme e quella di Greccio, messe dall\u2019artista come in parallelo.<\/p>\n<p>L\u2019emozione di quella vista mi spinge ad approfondire il mistero cristiano che ama nascondersi dentro ci\u00f2 che \u00e8 infinitamente piccolo. In effetti, l\u2019incarnazione di Ges\u00f9 Cristo resta il cuore della rivelazione di Dio, anche se si dimentica facilmente che il suo dispiegarsi \u00e8 cos\u00ec discreto al punto da passare inosservato.<\/p>\n<p>La piccolezza, infatti, \u00e8 la strada per incontrare Dio. In un epitaffio commemorativo di sant\u2019Ignazio di Loyola troviamo scritto: \u00abNon coerceri a maximo, sed contineri a minimo, divinum est\u00bb. \u00c8 divino avere ideali che non siano limitati da niente di ci\u00f2 che esiste, ma ideali che siano allo stesso tempo contenuti e vissuti nelle cose pi\u00f9 piccole della vita. Insomma, non bisogna spaventarsi delle cose grandi, occorre andare avanti e tenere conto delle cose pi\u00f9 piccole.<\/p>\n<p>Ecco la ragione per cui salvaguardare lo spirito del presepe diventa una salutare immersione nella presenza di Dio che si manifesta nelle piccole, talora banali e ripetitive, cose quotidiane. Saper rinunciare a ci\u00f2 che seduce, ma porta su una brutta strada, per capire e scegliere le vie di Dio, \u00e8 il compito che ci attende. A tal proposito, \u00e8 un grande dono il discernimento, e non bisogna mai stancarsi di domandarlo nella preghiera. I pastori nel presepe sono quelli che accolgono la sorpresa di Dio e vivono con stupore l\u2019incontro con Lui, adorandolo: nella piccolezza riconoscono il volto di Dio. Umanamente siamo tutti portati a ricercare la grandezza, ma \u00e8 un dono saperla trovare davvero: saper trovare la grandezza in quella piccolezza che Dio tanto ama.<\/p>\n<p>Nel gennaio 2016 incontrai i giovani di Rieti proprio nell\u2019oasi di Ges\u00f9 Bambino, poco sopra il Santuario del presepe. A loro, e oggi a tutti, ricordai che nella notte di Natale due sono i segni che ci guidano nel riconoscere Ges\u00f9. Uno \u00e8 il cielo pieno di stelle. Sono tante, un numero infinito, quelle stelle, ma fra tutte spicca una stella speciale, quella che spinge i Magi a partire dalle proprie case e iniziare un viaggio, un cammino che essi non sapevano dove li avrebbe condotti. Succede cos\u00ec anche nella nostra vita: in un certo momento qualche \u201cstella\u201d speciale ci invita ad assumere una decisione, a fare una scelta, a iniziare un cammino. A Dio dobbiamo con forza chiedere di farci vedere quella stella che ci spinge verso qualcosa in pi\u00f9 rispetto alle nostre abitudini, perch\u00e9 quella stella ci porter\u00e0 a contemplare Ges\u00f9, quel bimbo che nasce a Betlemme e che vuole la nostra piena felicit\u00e0.<\/p>\n<p>In quella notte resa santa dalla nascita del Salvatore troviamo un altro segno potente: la piccolezza di Dio. Gli angeli indicano ai pastori un bambino nato nella mangiatoia. Non un segno di potenza, di autosufficienza o di superbia. No. Il Dio eterno si annienta in un essere umano indifeso, mite, umile. Dio si \u00e8 abbassato perch\u00e9 noi potessimo camminare con Lui e perch\u00e9 Lui potesse mettersi al nostro fianco, non sopra e lontano da noi.<\/p>\n<p>Stupore e meraviglia sono i due sentimenti che emozionano tutti, piccoli e grandi, davanti al presepe che \u00e8 come un Vangelo vivo che trabocca dalle pagine della Sacra Scrittura. Non \u00e8 importante come si allestisce il presepe, pu\u00f2 essere sempre uguale o modificarsi ogni anno; ci\u00f2 che conta \u00e8 che esso parli alla vita.<\/p>\n<p>Il primo biografo di san Francesco, Tommaso da Celano, descrive la notte del Natale del 1223, di cui quest\u2019anno festeggiamo l\u2019VIII centenario. Quando Francesco arriv\u00f2, trov\u00f2 la greppia con il fieno, il bue e l\u2019asinello. La gente accorsa manifest\u00f2 una gioia indicibile, mai assaporata prima, davanti alla scena del Natale. Poi il sacerdote, sulla mangiatoia, celebr\u00f2 solennemente l\u2019Eucaristia, mostrando il legame tra l\u2019Incarnazione del Figlio di Dio e l\u2019Eucaristia. In quella circostanza, a Greccio, non esisteva nessuna statuina: il presepe venne realizzato e vissuto da quanti erano presenti.<\/p>\n<p>Sono certo che il primo presepe, che realizz\u00f2 una grande opera di evangelizzazione, possa anche oggi essere l\u2019occasione per suscitare stupore e meraviglia. Cos\u00ec, ci\u00f2 che san Francesco inizi\u00f2 con la semplicit\u00e0 di quel segno permane fino ai nostri giorni, come una genuina forma della bellezza della nostra fede.<\/p>\n<\/div>\n","protected":false},"excerpt":{"rendered":"<p>Francesco racconta il presepe in un libro<\/p>\n","protected":false},"author":17,"featured_media":88368,"comment_status":"closed","ping_status":"closed","sticky":false,"template":"","format":"standard","meta":{"_acf_changed":false,"_crdt_document":"","inline_featured_image":false,"footnotes":""},"categories":[67],"tags":[2487,10745,4696,251,4695],"class_list":["post-88385","post","type-post","status-publish","format-standard","has-post-thumbnail","hentry","category-leone-xiv","tag-featured-3","tag-libro-2","tag-natale","tag-papa-francesco","tag-presepe"],"acf":[],"yoast_head":"<!-- This site is optimized with the Yoast SEO plugin v27.4 - https:\/\/yoast.com\/product\/yoast-seo-wordpress\/ -->\n<title>Papa Francesco: &quot;nella piccolezza riconoscono il volto di Dio&quot; &#8211; Exaudi<\/title>\n<meta name=\"robots\" content=\"index, follow, max-snippet:-1, max-image-preview:large, max-video-preview:-1\" \/>\n<link rel=\"canonical\" href=\"https:\/\/exaudi.org\/it\/papa-francesco-nella-piccolezza-riconoscono-il-volto-di-dio\/\" \/>\n<meta property=\"og:locale\" content=\"it_IT\" \/>\n<meta property=\"og:type\" content=\"article\" \/>\n<meta property=\"og:title\" content=\"Papa Francesco: &quot;nella piccolezza riconoscono il volto di Dio&quot; &#8211; Exaudi\" \/>\n<meta property=\"og:description\" content=\"Francesco racconta il presepe in un libro\" \/>\n<meta property=\"og:url\" content=\"https:\/\/exaudi.org\/it\/papa-francesco-nella-piccolezza-riconoscono-il-volto-di-dio\/\" \/>\n<meta property=\"og:site_name\" content=\"Exaudi\" \/>\n<meta property=\"article:publisher\" content=\"https:\/\/www.facebook.com\/ExaudiNews\" \/>\n<meta property=\"article:author\" content=\"https:\/\/www.facebook.com\/ExaudiNotizie\/\" \/>\n<meta property=\"article:published_time\" content=\"2023-11-21T10:08:07+00:00\" \/>\n<meta property=\"article:modified_time\" content=\"2023-11-21T10:10:55+00:00\" \/>\n<meta property=\"og:image\" content=\"https:\/\/exaudi.org\/wp-content\/uploads\/2023\/11\/cq5dam.thumbnail.cropped.750.422-25.jpeg\" \/>\n\t<meta property=\"og:image:width\" content=\"750\" \/>\n\t<meta property=\"og:image:height\" content=\"422\" \/>\n\t<meta property=\"og:image:type\" content=\"image\/jpeg\" \/>\n<meta name=\"author\" content=\"Exaudi Redazione\" \/>\n<meta name=\"twitter:card\" content=\"summary_large_image\" \/>\n<meta name=\"twitter:creator\" content=\"@Exaudi_Notizie\" \/>\n<meta name=\"twitter:site\" content=\"@Exaudi_News\" \/>\n<meta name=\"twitter:label1\" content=\"Scritto da\" \/>\n\t<meta name=\"twitter:data1\" content=\"Exaudi Redazione\" \/>\n\t<meta name=\"twitter:label2\" content=\"Tempo di lettura stimato\" \/>\n\t<meta name=\"twitter:data2\" content=\"4 minuti\" \/>\n<script type=\"application\/ld+json\" class=\"yoast-schema-graph\">{\"@context\":\"https:\\\/\\\/schema.org\",\"@graph\":[{\"@type\":\"Article\",\"@id\":\"https:\\\/\\\/exaudi.org\\\/it\\\/papa-francesco-nella-piccolezza-riconoscono-il-volto-di-dio\\\/#article\",\"isPartOf\":{\"@id\":\"https:\\\/\\\/exaudi.org\\\/it\\\/papa-francesco-nella-piccolezza-riconoscono-il-volto-di-dio\\\/\"},\"author\":{\"name\":\"Exaudi Redazione\",\"@id\":\"https:\\\/\\\/exaudi.org\\\/#\\\/schema\\\/person\\\/e1ab6ed07c01774724dd96f925f3a5f0\"},\"headline\":\"Papa Francesco: &#8220;nella piccolezza riconoscono il volto di Dio&#8221;\",\"datePublished\":\"2023-11-21T10:08:07+00:00\",\"dateModified\":\"2023-11-21T10:10:55+00:00\",\"mainEntityOfPage\":{\"@id\":\"https:\\\/\\\/exaudi.org\\\/it\\\/papa-francesco-nella-piccolezza-riconoscono-il-volto-di-dio\\\/\"},\"wordCount\":843,\"image\":{\"@id\":\"https:\\\/\\\/exaudi.org\\\/it\\\/papa-francesco-nella-piccolezza-riconoscono-il-volto-di-dio\\\/#primaryimage\"},\"thumbnailUrl\":\"https:\\\/\\\/exaudi.org\\\/wp-content\\\/uploads\\\/2023\\\/11\\\/cq5dam.thumbnail.cropped.750.422-25.jpeg\",\"keywords\":[\"Featured\",\"LIBRO\",\"natale\",\"Papa Francesco\",\"presepe\"],\"articleSection\":[\"Leone XIV\"],\"inLanguage\":\"it-IT\"},{\"@type\":\"WebPage\",\"@id\":\"https:\\\/\\\/exaudi.org\\\/it\\\/papa-francesco-nella-piccolezza-riconoscono-il-volto-di-dio\\\/\",\"url\":\"https:\\\/\\\/exaudi.org\\\/it\\\/papa-francesco-nella-piccolezza-riconoscono-il-volto-di-dio\\\/\",\"name\":\"Papa Francesco: \\\"nella piccolezza riconoscono il volto di Dio\\\" &#8211; Exaudi\",\"isPartOf\":{\"@id\":\"https:\\\/\\\/exaudi.org\\\/#website\"},\"primaryImageOfPage\":{\"@id\":\"https:\\\/\\\/exaudi.org\\\/it\\\/papa-francesco-nella-piccolezza-riconoscono-il-volto-di-dio\\\/#primaryimage\"},\"image\":{\"@id\":\"https:\\\/\\\/exaudi.org\\\/it\\\/papa-francesco-nella-piccolezza-riconoscono-il-volto-di-dio\\\/#primaryimage\"},\"thumbnailUrl\":\"https:\\\/\\\/exaudi.org\\\/wp-content\\\/uploads\\\/2023\\\/11\\\/cq5dam.thumbnail.cropped.750.422-25.jpeg\",\"datePublished\":\"2023-11-21T10:08:07+00:00\",\"dateModified\":\"2023-11-21T10:10:55+00:00\",\"author\":{\"@id\":\"https:\\\/\\\/exaudi.org\\\/#\\\/schema\\\/person\\\/e1ab6ed07c01774724dd96f925f3a5f0\"},\"breadcrumb\":{\"@id\":\"https:\\\/\\\/exaudi.org\\\/it\\\/papa-francesco-nella-piccolezza-riconoscono-il-volto-di-dio\\\/#breadcrumb\"},\"inLanguage\":\"it-IT\",\"potentialAction\":[{\"@type\":\"ReadAction\",\"target\":[\"https:\\\/\\\/exaudi.org\\\/it\\\/papa-francesco-nella-piccolezza-riconoscono-il-volto-di-dio\\\/\"]}]},{\"@type\":\"ImageObject\",\"inLanguage\":\"it-IT\",\"@id\":\"https:\\\/\\\/exaudi.org\\\/it\\\/papa-francesco-nella-piccolezza-riconoscono-il-volto-di-dio\\\/#primaryimage\",\"url\":\"https:\\\/\\\/exaudi.org\\\/wp-content\\\/uploads\\\/2023\\\/11\\\/cq5dam.thumbnail.cropped.750.422-25.jpeg\",\"contentUrl\":\"https:\\\/\\\/exaudi.org\\\/wp-content\\\/uploads\\\/2023\\\/11\\\/cq5dam.thumbnail.cropped.750.422-25.jpeg\",\"width\":750,\"height\":422},{\"@type\":\"BreadcrumbList\",\"@id\":\"https:\\\/\\\/exaudi.org\\\/it\\\/papa-francesco-nella-piccolezza-riconoscono-il-volto-di-dio\\\/#breadcrumb\",\"itemListElement\":[{\"@type\":\"ListItem\",\"position\":1,\"name\":\"Portada\",\"item\":\"https:\\\/\\\/exaudi.org\\\/it\\\/\"},{\"@type\":\"ListItem\",\"position\":2,\"name\":\"Papa Francesco: &#8220;nella piccolezza riconoscono il volto di Dio&#8221;\"}]},{\"@type\":\"WebSite\",\"@id\":\"https:\\\/\\\/exaudi.org\\\/#website\",\"url\":\"https:\\\/\\\/exaudi.org\\\/\",\"name\":\"Exaudi\",\"description\":\"News\",\"potentialAction\":[{\"@type\":\"SearchAction\",\"target\":{\"@type\":\"EntryPoint\",\"urlTemplate\":\"https:\\\/\\\/exaudi.org\\\/?s={search_term_string}\"},\"query-input\":{\"@type\":\"PropertyValueSpecification\",\"valueRequired\":true,\"valueName\":\"search_term_string\"}}],\"inLanguage\":\"it-IT\"},{\"@type\":\"Person\",\"@id\":\"https:\\\/\\\/exaudi.org\\\/#\\\/schema\\\/person\\\/e1ab6ed07c01774724dd96f925f3a5f0\",\"name\":\"Exaudi Redazione\",\"image\":{\"@type\":\"ImageObject\",\"inLanguage\":\"it-IT\",\"@id\":\"https:\\\/\\\/secure.gravatar.com\\\/avatar\\\/ad6774b3ada023bf5b939d64f45c94b3adf91502dd883507d469b4308a943bb3?s=96&d=mm&r=g\",\"url\":\"https:\\\/\\\/secure.gravatar.com\\\/avatar\\\/ad6774b3ada023bf5b939d64f45c94b3adf91502dd883507d469b4308a943bb3?s=96&d=mm&r=g\",\"contentUrl\":\"https:\\\/\\\/secure.gravatar.com\\\/avatar\\\/ad6774b3ada023bf5b939d64f45c94b3adf91502dd883507d469b4308a943bb3?s=96&d=mm&r=g\",\"caption\":\"Exaudi Redazione\"},\"description\":\"Che cosa \u00e8 Exaudi News? Exaudi News \u00e8 un agenzia cattolica internazionale che informa, istruisce e trasforma quotidianamente in spagnolo, inglese e italiano. Attraverso notizie, articoli di analisi e trasmissioni in diretta degli eventi del Papa, Exaudi cerca di rafforzare l'unit\u00e0 dei cristiani e di contribuire all'evangelizzazione del mondo, sempre guidato dalla dottrina sociale della Chiesa. Lavoriamo per portare la verit\u00e0 e i valori cristiani in ogni angolo del pianeta. Aiutaci a trasformare il mondo con Exaudi! Noi di Exaudi crediamo che l'evangelizzazione e l'informazione di qualit\u00e0 possano cambiare la vita. Per continuare la nostra missione ed espandere la nostra portata, abbiamo bisogno del tuo aiuto. Stiamo anche cercando persone motivate che vogliano unirsi al nostro team. Grazie al vostro sostegno raggiungeremo pi\u00f9 persone, diffonderemo il messaggio di Cristo e rafforzeremo l'unit\u00e0 dei cristiani. Vuoi unirti alla nostra missione? Per maggiori informazioni su come contribuire, visita Exaudi.org\\\/it o contattaci direttamente: info@exaudi.org Exaudi: informa, forma e trasforma.\",\"sameAs\":[\"https:\\\/\\\/www.facebook.com\\\/ExaudiNotizie\\\/\",\"https:\\\/\\\/www.instagram.com\\\/Exaudi_notizie\\\/\",\"https:\\\/\\\/x.com\\\/Exaudi_Notizie\",\"https:\\\/\\\/www.youtube.com\\\/@exaudicatholicnews\"],\"url\":\"https:\\\/\\\/exaudi.org\\\/it\\\/author\\\/dlvedi-org\\\/\"}]}<\/script>\n<!-- \/ Yoast SEO plugin. -->","yoast_head_json":{"title":"Papa Francesco: \"nella piccolezza riconoscono il volto di Dio\" &#8211; Exaudi","robots":{"index":"index","follow":"follow","max-snippet":"max-snippet:-1","max-image-preview":"max-image-preview:large","max-video-preview":"max-video-preview:-1"},"canonical":"https:\/\/exaudi.org\/it\/papa-francesco-nella-piccolezza-riconoscono-il-volto-di-dio\/","og_locale":"it_IT","og_type":"article","og_title":"Papa Francesco: \"nella piccolezza riconoscono il volto di Dio\" &#8211; Exaudi","og_description":"Francesco racconta il presepe in un libro","og_url":"https:\/\/exaudi.org\/it\/papa-francesco-nella-piccolezza-riconoscono-il-volto-di-dio\/","og_site_name":"Exaudi","article_publisher":"https:\/\/www.facebook.com\/ExaudiNews","article_author":"https:\/\/www.facebook.com\/ExaudiNotizie\/","article_published_time":"2023-11-21T10:08:07+00:00","article_modified_time":"2023-11-21T10:10:55+00:00","og_image":[{"width":750,"height":422,"url":"https:\/\/exaudi.org\/wp-content\/uploads\/2023\/11\/cq5dam.thumbnail.cropped.750.422-25.jpeg","type":"image\/jpeg"}],"author":"Exaudi Redazione","twitter_card":"summary_large_image","twitter_creator":"@Exaudi_Notizie","twitter_site":"@Exaudi_News","twitter_misc":{"Scritto da":"Exaudi Redazione","Tempo di lettura stimato":"4 minuti"},"schema":{"@context":"https:\/\/schema.org","@graph":[{"@type":"Article","@id":"https:\/\/exaudi.org\/it\/papa-francesco-nella-piccolezza-riconoscono-il-volto-di-dio\/#article","isPartOf":{"@id":"https:\/\/exaudi.org\/it\/papa-francesco-nella-piccolezza-riconoscono-il-volto-di-dio\/"},"author":{"name":"Exaudi Redazione","@id":"https:\/\/exaudi.org\/#\/schema\/person\/e1ab6ed07c01774724dd96f925f3a5f0"},"headline":"Papa Francesco: &#8220;nella piccolezza riconoscono il volto di Dio&#8221;","datePublished":"2023-11-21T10:08:07+00:00","dateModified":"2023-11-21T10:10:55+00:00","mainEntityOfPage":{"@id":"https:\/\/exaudi.org\/it\/papa-francesco-nella-piccolezza-riconoscono-il-volto-di-dio\/"},"wordCount":843,"image":{"@id":"https:\/\/exaudi.org\/it\/papa-francesco-nella-piccolezza-riconoscono-il-volto-di-dio\/#primaryimage"},"thumbnailUrl":"https:\/\/exaudi.org\/wp-content\/uploads\/2023\/11\/cq5dam.thumbnail.cropped.750.422-25.jpeg","keywords":["Featured","LIBRO","natale","Papa Francesco","presepe"],"articleSection":["Leone XIV"],"inLanguage":"it-IT"},{"@type":"WebPage","@id":"https:\/\/exaudi.org\/it\/papa-francesco-nella-piccolezza-riconoscono-il-volto-di-dio\/","url":"https:\/\/exaudi.org\/it\/papa-francesco-nella-piccolezza-riconoscono-il-volto-di-dio\/","name":"Papa Francesco: \"nella piccolezza riconoscono il volto di Dio\" &#8211; Exaudi","isPartOf":{"@id":"https:\/\/exaudi.org\/#website"},"primaryImageOfPage":{"@id":"https:\/\/exaudi.org\/it\/papa-francesco-nella-piccolezza-riconoscono-il-volto-di-dio\/#primaryimage"},"image":{"@id":"https:\/\/exaudi.org\/it\/papa-francesco-nella-piccolezza-riconoscono-il-volto-di-dio\/#primaryimage"},"thumbnailUrl":"https:\/\/exaudi.org\/wp-content\/uploads\/2023\/11\/cq5dam.thumbnail.cropped.750.422-25.jpeg","datePublished":"2023-11-21T10:08:07+00:00","dateModified":"2023-11-21T10:10:55+00:00","author":{"@id":"https:\/\/exaudi.org\/#\/schema\/person\/e1ab6ed07c01774724dd96f925f3a5f0"},"breadcrumb":{"@id":"https:\/\/exaudi.org\/it\/papa-francesco-nella-piccolezza-riconoscono-il-volto-di-dio\/#breadcrumb"},"inLanguage":"it-IT","potentialAction":[{"@type":"ReadAction","target":["https:\/\/exaudi.org\/it\/papa-francesco-nella-piccolezza-riconoscono-il-volto-di-dio\/"]}]},{"@type":"ImageObject","inLanguage":"it-IT","@id":"https:\/\/exaudi.org\/it\/papa-francesco-nella-piccolezza-riconoscono-il-volto-di-dio\/#primaryimage","url":"https:\/\/exaudi.org\/wp-content\/uploads\/2023\/11\/cq5dam.thumbnail.cropped.750.422-25.jpeg","contentUrl":"https:\/\/exaudi.org\/wp-content\/uploads\/2023\/11\/cq5dam.thumbnail.cropped.750.422-25.jpeg","width":750,"height":422},{"@type":"BreadcrumbList","@id":"https:\/\/exaudi.org\/it\/papa-francesco-nella-piccolezza-riconoscono-il-volto-di-dio\/#breadcrumb","itemListElement":[{"@type":"ListItem","position":1,"name":"Portada","item":"https:\/\/exaudi.org\/it\/"},{"@type":"ListItem","position":2,"name":"Papa Francesco: &#8220;nella piccolezza riconoscono il volto di Dio&#8221;"}]},{"@type":"WebSite","@id":"https:\/\/exaudi.org\/#website","url":"https:\/\/exaudi.org\/","name":"Exaudi","description":"News","potentialAction":[{"@type":"SearchAction","target":{"@type":"EntryPoint","urlTemplate":"https:\/\/exaudi.org\/?s={search_term_string}"},"query-input":{"@type":"PropertyValueSpecification","valueRequired":true,"valueName":"search_term_string"}}],"inLanguage":"it-IT"},{"@type":"Person","@id":"https:\/\/exaudi.org\/#\/schema\/person\/e1ab6ed07c01774724dd96f925f3a5f0","name":"Exaudi Redazione","image":{"@type":"ImageObject","inLanguage":"it-IT","@id":"https:\/\/secure.gravatar.com\/avatar\/ad6774b3ada023bf5b939d64f45c94b3adf91502dd883507d469b4308a943bb3?s=96&d=mm&r=g","url":"https:\/\/secure.gravatar.com\/avatar\/ad6774b3ada023bf5b939d64f45c94b3adf91502dd883507d469b4308a943bb3?s=96&d=mm&r=g","contentUrl":"https:\/\/secure.gravatar.com\/avatar\/ad6774b3ada023bf5b939d64f45c94b3adf91502dd883507d469b4308a943bb3?s=96&d=mm&r=g","caption":"Exaudi Redazione"},"description":"Che cosa \u00e8 Exaudi News? Exaudi News \u00e8 un agenzia cattolica internazionale che informa, istruisce e trasforma quotidianamente in spagnolo, inglese e italiano. Attraverso notizie, articoli di analisi e trasmissioni in diretta degli eventi del Papa, Exaudi cerca di rafforzare l'unit\u00e0 dei cristiani e di contribuire all'evangelizzazione del mondo, sempre guidato dalla dottrina sociale della Chiesa. Lavoriamo per portare la verit\u00e0 e i valori cristiani in ogni angolo del pianeta. Aiutaci a trasformare il mondo con Exaudi! Noi di Exaudi crediamo che l'evangelizzazione e l'informazione di qualit\u00e0 possano cambiare la vita. Per continuare la nostra missione ed espandere la nostra portata, abbiamo bisogno del tuo aiuto. Stiamo anche cercando persone motivate che vogliano unirsi al nostro team. Grazie al vostro sostegno raggiungeremo pi\u00f9 persone, diffonderemo il messaggio di Cristo e rafforzeremo l'unit\u00e0 dei cristiani. Vuoi unirti alla nostra missione? Per maggiori informazioni su come contribuire, visita Exaudi.org\/it o contattaci direttamente: info@exaudi.org Exaudi: informa, forma e trasforma.","sameAs":["https:\/\/www.facebook.com\/ExaudiNotizie\/","https:\/\/www.instagram.com\/Exaudi_notizie\/","https:\/\/x.com\/Exaudi_Notizie","https:\/\/www.youtube.com\/@exaudicatholicnews"],"url":"https:\/\/exaudi.org\/it\/author\/dlvedi-org\/"}]}},"jetpack_featured_media_url":"https:\/\/exaudi.org\/wp-content\/uploads\/2023\/11\/cq5dam.thumbnail.cropped.750.422-25.jpeg","jetpack_shortlink":"https:\/\/wp.me\/pgKjF2-mZz","_links":{"self":[{"href":"https:\/\/exaudi.org\/it\/wp-json\/wp\/v2\/posts\/88385","targetHints":{"allow":["GET"]}}],"collection":[{"href":"https:\/\/exaudi.org\/it\/wp-json\/wp\/v2\/posts"}],"about":[{"href":"https:\/\/exaudi.org\/it\/wp-json\/wp\/v2\/types\/post"}],"author":[{"embeddable":true,"href":"https:\/\/exaudi.org\/it\/wp-json\/wp\/v2\/users\/17"}],"replies":[{"embeddable":true,"href":"https:\/\/exaudi.org\/it\/wp-json\/wp\/v2\/comments?post=88385"}],"version-history":[{"count":0,"href":"https:\/\/exaudi.org\/it\/wp-json\/wp\/v2\/posts\/88385\/revisions"}],"wp:featuredmedia":[{"embeddable":true,"href":"https:\/\/exaudi.org\/it\/wp-json\/wp\/v2\/media\/88368"}],"wp:attachment":[{"href":"https:\/\/exaudi.org\/it\/wp-json\/wp\/v2\/media?parent=88385"}],"wp:term":[{"taxonomy":"category","embeddable":true,"href":"https:\/\/exaudi.org\/it\/wp-json\/wp\/v2\/categories?post=88385"},{"taxonomy":"post_tag","embeddable":true,"href":"https:\/\/exaudi.org\/it\/wp-json\/wp\/v2\/tags?post=88385"}],"curies":[{"name":"wp","href":"https:\/\/api.w.org\/{rel}","templated":true}]}}