{"id":88326,"date":"2023-11-20T21:15:16","date_gmt":"2023-11-20T20:15:16","guid":{"rendered":"https:\/\/exaudi.org\/?p=88326"},"modified":"2023-11-20T21:15:16","modified_gmt":"2023-11-20T20:15:16","slug":"giornata-di-preghiera-per-le-vittime-di-abusi","status":"publish","type":"post","link":"https:\/\/exaudi.org\/it\/giornata-di-preghiera-per-le-vittime-di-abusi\/","title":{"rendered":"Giornata di preghiera per le vittime di abusi"},"content":{"rendered":"<p>Il 20 novembre la Chiesa spagnola celebra la Giornata di preghiera e penitenza per le vittime di abusi. La Conferenza episcopale spagnola (CEE), accogliendo l&#8217;invito rivolto da Papa Francesco nel settembre 2016, in cui chiedeva alle Conferenze episcopali nazionali di scegliere un giorno appropriato in cui pregare per i sopravvissuti e le vittime di abusi sessuali nell&#8217;ambito dell&#8217;iniziativa della Giornata universale di preghiera&#8221;, ha aderito a questa richiesta e ha scelto il 20 novembre, Giornata universale dei bambini, per questa Giornata.<\/p>\n<h3><strong>Una Giornata di preghiera per gli abusi sui minori<\/strong><\/h3>\n<p>Da alcuni anni la Chiesa in Spagna desidera dedicare questo giorno della Giornata universale dei bambini alla preghiera e alla penitenza per le vittime di abusi sessuali. Per questo motivo, i cristiani elevano le loro preghiere per i bambini e i giovani, affinch\u00e9 tutti possano avere una casa e ambienti adatti dove crescere e svilupparsi in pace e armonia, e non debbano mai sperimentare situazioni di abuso. Inoltre, in questo giorno ricordiamo con particolare affetto coloro che hanno subito qualsiasi tipo di abuso fisico o morale; e preghiamo per loro, affinch\u00e9 possano riprendersi e ritrovare la fiducia, la gioia e la speranza che sono state loro ingiustamente sottratte.<\/p>\n<p>Chiede inoltre perdono per gli abusi sui bambini da parte di pastori e fedeli all&#8217;interno della Chiesa, e prega affinch\u00e9 tali atrocit\u00e0 non si ripetano mai pi\u00f9, e affinch\u00e9 ci\u00f2 dia a tutti i membri della Chiesa un maggiore senso di responsabilit\u00e0 nei confronti dei minori affidati alle loro cure. A questo proposito, la Commissione episcopale per la liturgia offre un sussidio liturgico.<\/p>\n<h3><strong>Preghiera per le vittime di abusi<\/strong><\/h3>\n<p>Dio di amore infinito, sempre presente, sempre giusto, tu vegli su di noi e ci proteggi, e ci hai dato il tuo unico Figlio per salvarci con il suo sangue sulla croce.<\/p>\n<p>Ti chiediamo perdono, Signore, per tutti i casi di abusi su minori che la tua Chiesa ha subito.<\/p>\n<p>Perdona tutti i sacerdoti, i religiosi e i laici che hanno tradito il loro ministero e la fiducia di coloro che dovevano proteggere: i piccoli.<\/p>\n<p>Ti preghiamo, Signore, per tutti i sopravvissuti agli abusi sessuali, affinch\u00e9 possano trovare pace in Te.<\/p>\n<p>Preghiamo per coloro che cercano di fuggire ogni giorno dalla profonda ferita dell&#8217;abuso sessuale, affinch\u00e9 possano andare avanti e cercarti.<\/p>\n<p>Signore Ges\u00f9, pastore di pace, degnati di unire alla tua sofferenza il dolore di tutti coloro che sono stati feriti nel corpo, nella mente e nello spirito da coloro che hanno tradito la fiducia riposta in loro.<\/p>\n<p>Ascolta il grido dei nostri fratelli e sorelle che sono stati gravemente feriti, cos\u00ec come il grido di coloro che li amano; dona loro la speranza che mitigher\u00e0 la disperazione dei loro cuori, dona loro la fede che calmer\u00e0 i loro spiriti turbati, concedi loro giustizia per la loro causa, illuminali con la tua verit\u00e0.<\/p>\n<p>Spirito Santo, consolatore dei cuori, guarisci le ferite dei tuoi figli e delle tue figlie e ristabilisci l&#8217;integrit\u00e0 di ci\u00f2 che \u00e8 stato spezzato.<\/p>\n<p>Concedici coraggio e saggezza, umilt\u00e0 e grazia, per agire con giustizia.<\/p>\n<p>Infondi la tua saggezza nelle nostre preghiere e nei nostri sforzi.<\/p>\n<p>Che tutti coloro che sono stati feriti da abusi possano trovare pace e giustizia.<\/p>\n<p>Padre Dio, prenditi cura delle vittime con speciale predilezione.<\/p>\n<p>Aiuta i sacerdoti a essere esempi di santit\u00e0 e dedizione ai loro fedeli.<\/p>\n<p>Dio nostro Figlio, proteggi i nostri fratelli abusati come ti sei preso cura dei tuoi amici e discepoli.<\/p>\n<p>Aiuta i sacerdoti a vivere come hai vissuto tu sulla terra.<\/p>\n<p>Dio Spirito Santo, ispira alle vittime forza e misericordia. Illumina la tua Chiesa in questo momento di difficolt\u00e0 e aiutala a trovare la strada.<\/p>\n<p>Te lo chiediamo per mezzo di Ges\u00f9 Cristo nostro Signore.<\/p>\n<p>Amen.<\/p>\n","protected":false},"excerpt":{"rendered":"<p>La CEE celebra la Giornata universale dell&#8217;infanzia il 20 novembre, su invito di Papa Francesco<\/p>\n","protected":false},"author":17,"featured_media":88290,"comment_status":"closed","ping_status":"closed","sticky":false,"template":"","format":"standard","meta":{"_acf_changed":false,"_crdt_document":"","inline_featured_image":false,"footnotes":""},"categories":[73],"tags":[10975,10976,578,936,4952,10977],"class_list":["post-88326","post","type-post","status-publish","format-standard","has-post-thumbnail","hentry","category-chiesa-e-mondo","tag-cee-2","tag-conferenza-episcopale-spagnola-cee","tag-preghiera","tag-spagna","tag-trending-it","tag-vittime-di-abusi"],"acf":[],"yoast_head":"<!-- This site is optimized with the Yoast SEO plugin v27.5 - https:\/\/yoast.com\/product\/yoast-seo-wordpress\/ -->\n<title>Giornata di preghiera per le vittime di abusi &#8211; Exaudi<\/title>\n<meta name=\"robots\" content=\"index, follow, max-snippet:-1, max-image-preview:large, max-video-preview:-1\" \/>\n<link rel=\"canonical\" href=\"https:\/\/exaudi.org\/it\/day-of-prayer-for-abuse-victims\/\" \/>\n<meta property=\"og:locale\" content=\"it_IT\" \/>\n<meta property=\"og:type\" content=\"article\" \/>\n<meta property=\"og:title\" content=\"Giornata di preghiera per le vittime di abusi &#8211; Exaudi\" \/>\n<meta property=\"og:description\" content=\"La CEE celebra la Giornata universale dell&#039;infanzia il 20 novembre, su invito di Papa Francesco\" \/>\n<meta property=\"og:url\" content=\"https:\/\/exaudi.org\/day-of-prayer-for-abuse-victims\/\" \/>\n<meta property=\"og:site_name\" content=\"Exaudi\" \/>\n<meta property=\"article:publisher\" content=\"https:\/\/www.facebook.com\/ExaudiNews\" \/>\n<meta property=\"article:author\" content=\"https:\/\/www.facebook.com\/ExaudiNotizie\/\" \/>\n<meta property=\"article:published_time\" content=\"2023-11-20T20:15:16+00:00\" \/>\n<meta property=\"og:image\" content=\"https:\/\/exaudi.org\/wp-content\/uploads\/2023\/11\/cq5dam.thumbnail.cropped.500.281.jpeg\" \/>\n\t<meta property=\"og:image:width\" content=\"500\" \/>\n\t<meta property=\"og:image:height\" content=\"281\" \/>\n\t<meta property=\"og:image:type\" content=\"image\/jpeg\" \/>\n<meta name=\"author\" content=\"Exaudi Redazione\" \/>\n<meta name=\"twitter:card\" content=\"summary_large_image\" \/>\n<meta name=\"twitter:creator\" content=\"@Exaudi_Notizie\" \/>\n<meta name=\"twitter:site\" content=\"@Exaudi_News\" \/>\n<meta name=\"twitter:label1\" content=\"Scritto da\" \/>\n\t<meta name=\"twitter:data1\" content=\"Exaudi Redazione\" \/>\n\t<meta name=\"twitter:label2\" content=\"Tempo di lettura stimato\" \/>\n\t<meta name=\"twitter:data2\" content=\"3 minuti\" \/>\n<script type=\"application\/ld+json\" class=\"yoast-schema-graph\">{\"@context\":\"https:\\\/\\\/schema.org\",\"@graph\":[{\"@type\":\"Article\",\"@id\":\"https:\\\/\\\/exaudi.org\\\/day-of-prayer-for-abuse-victims\\\/#article\",\"isPartOf\":{\"@id\":\"https:\\\/\\\/exaudi.org\\\/day-of-prayer-for-abuse-victims\\\/\"},\"author\":{\"name\":\"Exaudi Redazione\",\"@id\":\"https:\\\/\\\/exaudi.org\\\/#\\\/schema\\\/person\\\/e1ab6ed07c01774724dd96f925f3a5f0\"},\"headline\":\"Giornata di preghiera per le vittime di abusi\",\"datePublished\":\"2023-11-20T20:15:16+00:00\",\"mainEntityOfPage\":{\"@id\":\"https:\\\/\\\/exaudi.org\\\/day-of-prayer-for-abuse-victims\\\/\"},\"wordCount\":626,\"image\":{\"@id\":\"https:\\\/\\\/exaudi.org\\\/day-of-prayer-for-abuse-victims\\\/#primaryimage\"},\"thumbnailUrl\":\"https:\\\/\\\/exaudi.org\\\/wp-content\\\/uploads\\\/2023\\\/11\\\/cq5dam.thumbnail.cropped.500.281.jpeg\",\"keywords\":[\"CEE\",\"CONFERENZA EPISCOPALE SPAGNOLA (CEE)\",\"preghiera\",\"Spagna\",\"Trending\",\"VITTIME DI ABUSI\"],\"articleSection\":[\"Chiesa e Mondo\"],\"inLanguage\":\"it-IT\"},{\"@type\":\"WebPage\",\"@id\":\"https:\\\/\\\/exaudi.org\\\/day-of-prayer-for-abuse-victims\\\/\",\"url\":\"https:\\\/\\\/exaudi.org\\\/day-of-prayer-for-abuse-victims\\\/\",\"name\":\"Giornata di preghiera per le vittime di abusi &#8211; Exaudi\",\"isPartOf\":{\"@id\":\"https:\\\/\\\/exaudi.org\\\/#website\"},\"primaryImageOfPage\":{\"@id\":\"https:\\\/\\\/exaudi.org\\\/day-of-prayer-for-abuse-victims\\\/#primaryimage\"},\"image\":{\"@id\":\"https:\\\/\\\/exaudi.org\\\/day-of-prayer-for-abuse-victims\\\/#primaryimage\"},\"thumbnailUrl\":\"https:\\\/\\\/exaudi.org\\\/wp-content\\\/uploads\\\/2023\\\/11\\\/cq5dam.thumbnail.cropped.500.281.jpeg\",\"datePublished\":\"2023-11-20T20:15:16+00:00\",\"author\":{\"@id\":\"https:\\\/\\\/exaudi.org\\\/#\\\/schema\\\/person\\\/e1ab6ed07c01774724dd96f925f3a5f0\"},\"breadcrumb\":{\"@id\":\"https:\\\/\\\/exaudi.org\\\/day-of-prayer-for-abuse-victims\\\/#breadcrumb\"},\"inLanguage\":\"it-IT\",\"potentialAction\":[{\"@type\":\"ReadAction\",\"target\":[\"https:\\\/\\\/exaudi.org\\\/day-of-prayer-for-abuse-victims\\\/\"]}]},{\"@type\":\"ImageObject\",\"inLanguage\":\"it-IT\",\"@id\":\"https:\\\/\\\/exaudi.org\\\/day-of-prayer-for-abuse-victims\\\/#primaryimage\",\"url\":\"https:\\\/\\\/exaudi.org\\\/wp-content\\\/uploads\\\/2023\\\/11\\\/cq5dam.thumbnail.cropped.500.281.jpeg\",\"contentUrl\":\"https:\\\/\\\/exaudi.org\\\/wp-content\\\/uploads\\\/2023\\\/11\\\/cq5dam.thumbnail.cropped.500.281.jpeg\",\"width\":500,\"height\":281},{\"@type\":\"BreadcrumbList\",\"@id\":\"https:\\\/\\\/exaudi.org\\\/day-of-prayer-for-abuse-victims\\\/#breadcrumb\",\"itemListElement\":[{\"@type\":\"ListItem\",\"position\":1,\"name\":\"Portada\",\"item\":\"https:\\\/\\\/exaudi.org\\\/it\\\/\"},{\"@type\":\"ListItem\",\"position\":2,\"name\":\"Giornata di preghiera per le vittime di abusi\"}]},{\"@type\":\"WebSite\",\"@id\":\"https:\\\/\\\/exaudi.org\\\/#website\",\"url\":\"https:\\\/\\\/exaudi.org\\\/\",\"name\":\"Exaudi\",\"description\":\"News\",\"potentialAction\":[{\"@type\":\"SearchAction\",\"target\":{\"@type\":\"EntryPoint\",\"urlTemplate\":\"https:\\\/\\\/exaudi.org\\\/?s={search_term_string}\"},\"query-input\":{\"@type\":\"PropertyValueSpecification\",\"valueRequired\":true,\"valueName\":\"search_term_string\"}}],\"inLanguage\":\"it-IT\"},{\"@type\":\"Person\",\"@id\":\"https:\\\/\\\/exaudi.org\\\/#\\\/schema\\\/person\\\/e1ab6ed07c01774724dd96f925f3a5f0\",\"name\":\"Exaudi Redazione\",\"image\":{\"@type\":\"ImageObject\",\"inLanguage\":\"it-IT\",\"@id\":\"https:\\\/\\\/secure.gravatar.com\\\/avatar\\\/ad6774b3ada023bf5b939d64f45c94b3adf91502dd883507d469b4308a943bb3?s=96&d=mm&r=g\",\"url\":\"https:\\\/\\\/secure.gravatar.com\\\/avatar\\\/ad6774b3ada023bf5b939d64f45c94b3adf91502dd883507d469b4308a943bb3?s=96&d=mm&r=g\",\"contentUrl\":\"https:\\\/\\\/secure.gravatar.com\\\/avatar\\\/ad6774b3ada023bf5b939d64f45c94b3adf91502dd883507d469b4308a943bb3?s=96&d=mm&r=g\",\"caption\":\"Exaudi Redazione\"},\"description\":\"Che cosa \u00e8 Exaudi News? Exaudi News \u00e8 un agenzia cattolica internazionale che informa, istruisce e trasforma quotidianamente in spagnolo, inglese e italiano. Attraverso notizie, articoli di analisi e trasmissioni in diretta degli eventi del Papa, Exaudi cerca di rafforzare l'unit\u00e0 dei cristiani e di contribuire all'evangelizzazione del mondo, sempre guidato dalla dottrina sociale della Chiesa. Lavoriamo per portare la verit\u00e0 e i valori cristiani in ogni angolo del pianeta. Aiutaci a trasformare il mondo con Exaudi! Noi di Exaudi crediamo che l'evangelizzazione e l'informazione di qualit\u00e0 possano cambiare la vita. Per continuare la nostra missione ed espandere la nostra portata, abbiamo bisogno del tuo aiuto. Stiamo anche cercando persone motivate che vogliano unirsi al nostro team. Grazie al vostro sostegno raggiungeremo pi\u00f9 persone, diffonderemo il messaggio di Cristo e rafforzeremo l'unit\u00e0 dei cristiani. Vuoi unirti alla nostra missione? Per maggiori informazioni su come contribuire, visita Exaudi.org\\\/it o contattaci direttamente: info@exaudi.org Exaudi: informa, forma e trasforma.\",\"sameAs\":[\"https:\\\/\\\/www.facebook.com\\\/ExaudiNotizie\\\/\",\"https:\\\/\\\/www.instagram.com\\\/Exaudi_notizie\\\/\",\"https:\\\/\\\/x.com\\\/Exaudi_Notizie\",\"https:\\\/\\\/www.youtube.com\\\/@exaudicatholicnews\"],\"url\":\"https:\\\/\\\/exaudi.org\\\/it\\\/author\\\/dlvedi-org\\\/\"}]}<\/script>\n<!-- \/ Yoast SEO plugin. -->","yoast_head_json":{"title":"Giornata di preghiera per le vittime di abusi &#8211; Exaudi","robots":{"index":"index","follow":"follow","max-snippet":"max-snippet:-1","max-image-preview":"max-image-preview:large","max-video-preview":"max-video-preview:-1"},"canonical":"https:\/\/exaudi.org\/it\/day-of-prayer-for-abuse-victims\/","og_locale":"it_IT","og_type":"article","og_title":"Giornata di preghiera per le vittime di abusi &#8211; Exaudi","og_description":"La CEE celebra la Giornata universale dell'infanzia il 20 novembre, su invito di Papa Francesco","og_url":"https:\/\/exaudi.org\/day-of-prayer-for-abuse-victims\/","og_site_name":"Exaudi","article_publisher":"https:\/\/www.facebook.com\/ExaudiNews","article_author":"https:\/\/www.facebook.com\/ExaudiNotizie\/","article_published_time":"2023-11-20T20:15:16+00:00","og_image":[{"width":500,"height":281,"url":"https:\/\/exaudi.org\/wp-content\/uploads\/2023\/11\/cq5dam.thumbnail.cropped.500.281.jpeg","type":"image\/jpeg"}],"author":"Exaudi Redazione","twitter_card":"summary_large_image","twitter_creator":"@Exaudi_Notizie","twitter_site":"@Exaudi_News","twitter_misc":{"Scritto da":"Exaudi Redazione","Tempo di lettura stimato":"3 minuti"},"schema":{"@context":"https:\/\/schema.org","@graph":[{"@type":"Article","@id":"https:\/\/exaudi.org\/day-of-prayer-for-abuse-victims\/#article","isPartOf":{"@id":"https:\/\/exaudi.org\/day-of-prayer-for-abuse-victims\/"},"author":{"name":"Exaudi Redazione","@id":"https:\/\/exaudi.org\/#\/schema\/person\/e1ab6ed07c01774724dd96f925f3a5f0"},"headline":"Giornata di preghiera per le vittime di abusi","datePublished":"2023-11-20T20:15:16+00:00","mainEntityOfPage":{"@id":"https:\/\/exaudi.org\/day-of-prayer-for-abuse-victims\/"},"wordCount":626,"image":{"@id":"https:\/\/exaudi.org\/day-of-prayer-for-abuse-victims\/#primaryimage"},"thumbnailUrl":"https:\/\/exaudi.org\/wp-content\/uploads\/2023\/11\/cq5dam.thumbnail.cropped.500.281.jpeg","keywords":["CEE","CONFERENZA EPISCOPALE SPAGNOLA (CEE)","preghiera","Spagna","Trending","VITTIME DI ABUSI"],"articleSection":["Chiesa e Mondo"],"inLanguage":"it-IT"},{"@type":"WebPage","@id":"https:\/\/exaudi.org\/day-of-prayer-for-abuse-victims\/","url":"https:\/\/exaudi.org\/day-of-prayer-for-abuse-victims\/","name":"Giornata di preghiera per le vittime di abusi &#8211; Exaudi","isPartOf":{"@id":"https:\/\/exaudi.org\/#website"},"primaryImageOfPage":{"@id":"https:\/\/exaudi.org\/day-of-prayer-for-abuse-victims\/#primaryimage"},"image":{"@id":"https:\/\/exaudi.org\/day-of-prayer-for-abuse-victims\/#primaryimage"},"thumbnailUrl":"https:\/\/exaudi.org\/wp-content\/uploads\/2023\/11\/cq5dam.thumbnail.cropped.500.281.jpeg","datePublished":"2023-11-20T20:15:16+00:00","author":{"@id":"https:\/\/exaudi.org\/#\/schema\/person\/e1ab6ed07c01774724dd96f925f3a5f0"},"breadcrumb":{"@id":"https:\/\/exaudi.org\/day-of-prayer-for-abuse-victims\/#breadcrumb"},"inLanguage":"it-IT","potentialAction":[{"@type":"ReadAction","target":["https:\/\/exaudi.org\/day-of-prayer-for-abuse-victims\/"]}]},{"@type":"ImageObject","inLanguage":"it-IT","@id":"https:\/\/exaudi.org\/day-of-prayer-for-abuse-victims\/#primaryimage","url":"https:\/\/exaudi.org\/wp-content\/uploads\/2023\/11\/cq5dam.thumbnail.cropped.500.281.jpeg","contentUrl":"https:\/\/exaudi.org\/wp-content\/uploads\/2023\/11\/cq5dam.thumbnail.cropped.500.281.jpeg","width":500,"height":281},{"@type":"BreadcrumbList","@id":"https:\/\/exaudi.org\/day-of-prayer-for-abuse-victims\/#breadcrumb","itemListElement":[{"@type":"ListItem","position":1,"name":"Portada","item":"https:\/\/exaudi.org\/it\/"},{"@type":"ListItem","position":2,"name":"Giornata di preghiera per le vittime di abusi"}]},{"@type":"WebSite","@id":"https:\/\/exaudi.org\/#website","url":"https:\/\/exaudi.org\/","name":"Exaudi","description":"News","potentialAction":[{"@type":"SearchAction","target":{"@type":"EntryPoint","urlTemplate":"https:\/\/exaudi.org\/?s={search_term_string}"},"query-input":{"@type":"PropertyValueSpecification","valueRequired":true,"valueName":"search_term_string"}}],"inLanguage":"it-IT"},{"@type":"Person","@id":"https:\/\/exaudi.org\/#\/schema\/person\/e1ab6ed07c01774724dd96f925f3a5f0","name":"Exaudi Redazione","image":{"@type":"ImageObject","inLanguage":"it-IT","@id":"https:\/\/secure.gravatar.com\/avatar\/ad6774b3ada023bf5b939d64f45c94b3adf91502dd883507d469b4308a943bb3?s=96&d=mm&r=g","url":"https:\/\/secure.gravatar.com\/avatar\/ad6774b3ada023bf5b939d64f45c94b3adf91502dd883507d469b4308a943bb3?s=96&d=mm&r=g","contentUrl":"https:\/\/secure.gravatar.com\/avatar\/ad6774b3ada023bf5b939d64f45c94b3adf91502dd883507d469b4308a943bb3?s=96&d=mm&r=g","caption":"Exaudi Redazione"},"description":"Che cosa \u00e8 Exaudi News? Exaudi News \u00e8 un agenzia cattolica internazionale che informa, istruisce e trasforma quotidianamente in spagnolo, inglese e italiano. Attraverso notizie, articoli di analisi e trasmissioni in diretta degli eventi del Papa, Exaudi cerca di rafforzare l'unit\u00e0 dei cristiani e di contribuire all'evangelizzazione del mondo, sempre guidato dalla dottrina sociale della Chiesa. Lavoriamo per portare la verit\u00e0 e i valori cristiani in ogni angolo del pianeta. Aiutaci a trasformare il mondo con Exaudi! Noi di Exaudi crediamo che l'evangelizzazione e l'informazione di qualit\u00e0 possano cambiare la vita. Per continuare la nostra missione ed espandere la nostra portata, abbiamo bisogno del tuo aiuto. Stiamo anche cercando persone motivate che vogliano unirsi al nostro team. Grazie al vostro sostegno raggiungeremo pi\u00f9 persone, diffonderemo il messaggio di Cristo e rafforzeremo l'unit\u00e0 dei cristiani. Vuoi unirti alla nostra missione? Per maggiori informazioni su come contribuire, visita Exaudi.org\/it o contattaci direttamente: info@exaudi.org Exaudi: informa, forma e trasforma.","sameAs":["https:\/\/www.facebook.com\/ExaudiNotizie\/","https:\/\/www.instagram.com\/Exaudi_notizie\/","https:\/\/x.com\/Exaudi_Notizie","https:\/\/www.youtube.com\/@exaudicatholicnews"],"url":"https:\/\/exaudi.org\/it\/author\/dlvedi-org\/"}]}},"jetpack_featured_media_url":"https:\/\/exaudi.org\/wp-content\/uploads\/2023\/11\/cq5dam.thumbnail.cropped.500.281.jpeg","jetpack_shortlink":"https:\/\/wp.me\/pgKjF2-mYC","_links":{"self":[{"href":"https:\/\/exaudi.org\/it\/wp-json\/wp\/v2\/posts\/88326","targetHints":{"allow":["GET"]}}],"collection":[{"href":"https:\/\/exaudi.org\/it\/wp-json\/wp\/v2\/posts"}],"about":[{"href":"https:\/\/exaudi.org\/it\/wp-json\/wp\/v2\/types\/post"}],"author":[{"embeddable":true,"href":"https:\/\/exaudi.org\/it\/wp-json\/wp\/v2\/users\/17"}],"replies":[{"embeddable":true,"href":"https:\/\/exaudi.org\/it\/wp-json\/wp\/v2\/comments?post=88326"}],"version-history":[{"count":0,"href":"https:\/\/exaudi.org\/it\/wp-json\/wp\/v2\/posts\/88326\/revisions"}],"wp:featuredmedia":[{"embeddable":true,"href":"https:\/\/exaudi.org\/it\/wp-json\/wp\/v2\/media\/88290"}],"wp:attachment":[{"href":"https:\/\/exaudi.org\/it\/wp-json\/wp\/v2\/media?parent=88326"}],"wp:term":[{"taxonomy":"category","embeddable":true,"href":"https:\/\/exaudi.org\/it\/wp-json\/wp\/v2\/categories?post=88326"},{"taxonomy":"post_tag","embeddable":true,"href":"https:\/\/exaudi.org\/it\/wp-json\/wp\/v2\/tags?post=88326"}],"curies":[{"name":"wp","href":"https:\/\/api.w.org\/{rel}","templated":true}]}}