{"id":88176,"date":"2023-11-18T16:01:33","date_gmt":"2023-11-18T15:01:33","guid":{"rendered":"https:\/\/exaudi.org\/?p=88176"},"modified":"2023-11-18T16:01:33","modified_gmt":"2023-11-18T15:01:33","slug":"curero-la-tua-ferita-e-ti-guariro-dalle-tue-piaghe-ger-3017","status":"publish","type":"post","link":"https:\/\/exaudi.org\/it\/curero-la-tua-ferita-e-ti-guariro-dalle-tue-piaghe-ger-3017\/","title":{"rendered":"\u00abCurer\u00f2 la tua ferita e ti guarir\u00f2 dalle tue piaghe\u00bb (Ger 30,17)"},"content":{"rendered":"<p>Questa mattina il Santo Padre Francesco ha ricevuto in Udienza i partecipanti al I incontro nazionale dei Servizi e dei Centri di ascolto territoriali per la tutela dei minori e dei pi\u00f9 vulnerabili promosso dalla Conferenza Episcopale Italiana.<\/p>\n<p>L&#8217;udienza di Papa Francesco \u00e8 stata un evento importante per la Chiesa cattolica. Il Papa ha colto l&#8217;occasione per ribadire il suo impegno per la tutela dei minori e per chiedere scusa alle vittime di abusi sessuali commessi da membri della Chiesa.<\/p>\n<p>Il Papa ha iniziato il suo discorso sottolineando l&#8217;importanza dell&#8217;ascolto: &#8220;Per essere custodi \u00e8 necessario saper ascoltare, lasciando da parte ogni forma di protagonismo e interesse personale&#8221;. Ha poi parlato della necessit\u00e0 di curare le vittime di abusi: &#8220;La guarigione delle ferite richiede tempo, pazienza e amore&#8221;. Infine, ha chiesto ai partecipanti in platea di impegnarsi a continuare a lavorare per la tutela dei minori: &#8220;Ognuno di voi \u00e8 uno strumento di Dio per custodire la vita dei bambini&#8221;.<\/p>\n<p><b><u>Discorso del Santo Padre<\/u><\/b><\/p>\n<p><i>Cari fratelli e sorelle, buongiorno!<\/i><\/p>\n<p>Saluto il Cardinale Zuppi, Mons. Baturi e Mons. Ghizzoni, e saluto tutti voi, referenti diocesani e regionali dei Servizi tutela minori e dei Centri di ascolto. Voi rappresentate l\u2019impegno della Chiesa in Italia nel promuovere una cultura di tutela per i minori e i pi\u00f9 vulnerabili. Vi accolgo a conclusione del vostro primo incontro nazionale, nella giornata in cui, per il terzo anno, tutte le comunit\u00e0 ecclesiali in Italia sono coinvolte nella preghiera, nella richiesta di perdono e nella sensibilizzazione riguardo a questa dolorosa realt\u00e0. Questo \u00e8 importante: il coinvolgimento di tutto il popolo di Dio. E mi congratulo anche perch\u00e9 avete risposto prontamente all\u2019invito con il rapporto sulla vostra rete territoriale. Grazie.<\/p>\n<p>Per questo appuntamento avete scelto come tema\u00a0<i>La bellezza ferita. \u00abCurer\u00f2 la tua ferita e ti guarir\u00f2 dalle tue piaghe\u00bb<\/i>\u00a0(<i>Ger<\/i>\u00a030,17). Nel vostro servizio, lasciatevi guidare da questa certezza annunciata dal profeta Geremia: il Signore \u00e8 pronto a guarire ogni ferita, anche la pi\u00f9 profonda. Perch\u00e9 ci\u00f2 avvenga, per\u00f2, sono necessari la nostra conversione e il riconoscimento delle nostre mancanze. Non ci possiamo fermare nell\u2019azione di tutela dei minori e dei vulnerabili e, allo stesso tempo, di contrasto a ogni forma di abuso, sessuale, di potere o di coscienza. A questo proposito, vorrei suggerirvi tre verbi, da cui trarre orientamento per ogni iniziativa: custodire, ascoltare e curare.<\/p>\n<p>Innanzitutto,\u00a0<i>custodire<\/i>: partecipare attivamente al dolore delle persone ferite e far s\u00ec che tutta la comunit\u00e0 sia responsabile della protezione dei minori e di chi \u00e8 pi\u00f9 vulnerabile. Tutta la comunit\u00e0 cristiana, nella ricchezza delle sue componenti e competenze, dev\u2019essere coinvolta, perch\u00e9 l\u2019azione di tutela \u00e8 parte integrante della missione della Chiesa nella costruzione del Regno di Dio. Custodire significa orientare il proprio cuore, il proprio sguardo e il proprio operato a favore dei pi\u00f9 piccoli e indifesi. \u00c8 un percorso che richiede un rinnovamento interiore e comunitario, nella giustizia e nella verit\u00e0. Chi custodisce, chi custodisce il proprio cuore, sa che \u00abnessun silenzio o occultamento pu\u00f2 essere accettato in tema di abusi\u00bb &#8211; questa non \u00e8 materia negoziabile -; e sa anche che \u00e8 importante \u00abperseguire l\u2019accertamento della verit\u00e0 e il ristabilimento della giustizia all\u2019interno della comunit\u00e0 ecclesiale, anche in quei casi in cui determinati comportamenti non siano considerati reati per la legge dello Stato, ma lo sono per la normativa canonica\u00bb (cfr Cei-Cism,\u00a0<i>Linee Guida per la tutela dei minori e delle persone vulnerabili<\/i>). Custodire vuol dire anche prevenire le occasioni di male, e questo \u00e8 possibile soltanto attraverso una costante attivit\u00e0 di formazione, volta a diffondere sensibilit\u00e0 e attenzione alla tutela dei pi\u00f9 fragili. E questo \u00e8 importante anche fuori dal nostro mondo ecclesiastico. Pensate che, secondo le statistiche mondiali, tra il 42 e il 46 per cento degli abusi si fanno in famiglia o nel quartiere. Zitto, si copre tutto: gli zii, i nonni, i fratelli, tutto. Poi, nel mondo dello sport, poi nelle scuole, e cos\u00ec via.<\/p>\n<p>Il secondo elemento \u00e8\u00a0<i>ascoltare<\/i>. Per custodire occorre saper ascoltare, mettendo da parte ogni forma di protagonismo e interesse personale. L\u2019ascolto \u00e8 movimento del cuore ed \u00e8 anche un\u2019opzione fondamentale per mettere al centro di ogni nostra azione chi ha sofferto o sta soffrendo e chi \u00e8 pi\u00f9 fragile e vulnerabile. Pensiamo a Ges\u00f9 che accoglie i bambini e tutti i \u201cpiccoli\u201d (cfr\u00a0<i>Mt<\/i>\u00a019,14). L\u2019ascolto delle vittime \u00e8 il passo necessario per far crescere una cultura della prevenzione, che si concretizza nella formazione di tutta la comunit\u00e0, nell\u2019attuazione di procedure e buone prassi, nella vigilanza e in quella limpidezza dell\u2019agire che costruisce e rinnova la fiducia. Solo l\u2019ascolto del dolore delle persone che hanno sofferto questi terribili crimini apre alla solidariet\u00e0 e spinge a fare tutto il possibile perch\u00e9 l\u2019abuso non si ripeta. Questa \u00e8 l\u2019unica via per condividere realmente ci\u00f2 che \u00e8 accaduto nella vita di una vittima, cos\u00ec da sentirsi interpellati a un rinnovamento personale e comunitario. Siamo chiamati a una reazione morale, a promuovere e a testimoniare la vicinanza verso coloro che sono stati feriti da un abuso. Saper ascoltare \u00e8 prendersi cura delle vittime. \u00abRiparare i tessuti lacerati della storia \u00e8 un atto redentivo, \u00e8 l\u2019atto del Servo sofferente, che non ha evitato il dolore, ma ha preso su di s\u00e9 ogni colpa (cfr\u00a0<i>Is<\/i>\u00a053,1-14). Questa \u00e8 la via della riparazione e della redenzione: la via della croce di Cristo\u00bb (<i><a href=\"https:\/\/www.vatican.va\/content\/francesco\/it\/speeches\/2023\/may\/documents\/20230505-pontcom-tutelaminori.html\">Discorso ai membri della Pontificia Commissione per la Tutela dei Minori<\/a><\/i>,\u00a05 maggio 2023).<\/p>\n<p>Solo percorrendo la strada del custodire e dell\u2019ascoltare \u00e8 possibile\u00a0<i>curare<\/i>. In questo tempo si \u00e8 diffusa la cultura dello scarto, al contrario di ci\u00f2 che dice il Vangelo; le nostre comunit\u00e0 devono essere una salutare provocazione per la societ\u00e0, nella loro capacit\u00e0 di farsi carico degli errori del passato e di aprire percorsi nuovi. La \u201ccura\u201d delle ferite \u00e8 anche opera di giustizia. Proprio per questo \u00e8 importante perseguire coloro che commettono tali crimini, ancor pi\u00f9 se in contesti ecclesiali. E loro stessi hanno il dovere morale di una profonda conversione personale, che conduca al riconoscimento della propria infedelt\u00e0 vocazionale, alla ripresa della vita spirituale e all\u2019umile richiesta di perdono alle vittime per le proprie azioni.<\/p>\n<p>Esprimo, pertanto, apprezzamento per le realt\u00e0 che voi rappresentate, Servizi per la tutela dei minori e Centri di ascolto, diffusi in tutto il Paese come luoghi cui riferirsi per trovare ascolto. Continuate a compiere ogni sforzo. E prendetevi cura anche di una cosa molto brutta che succede, che sono i filmati pornografici che usano i bambini. Questo succede, anzi, \u00e8 a portata di mano di chiunque paghi, sul telefonino. Dove si fanno, questi filmati? Chi \u00e8 il responsabile? In quale Paese? Per favore, lavorare su questo: \u00e8 una lotta che dobbiamo fare perch\u00e9 si diffonde nei telefonini la cosa pi\u00f9 brutta. Continuate a compiere ogni sforzo perch\u00e9 tutti coloro che sono stati feriti dalla piaga degli abusi possano sentirsi liberi di rivolgersi con fiducia ai Centri di ascolto, trovando quell\u2019accoglienza e quel sostegno che possano lenire le loro ferite e rinnovare la fiducia tradita. Curare \u00e8 condividere passione ecclesiale e competenze con l\u2019impegno a formare il maggior numero possibile di operatori pastorali. Cos\u00ec si promuove un vero e proprio cambio culturale che metta al centro i pi\u00f9 piccoli e vulnerabili nella Chiesa e nella societ\u00e0. Questa vostra azione ecclesiale pu\u00f2 favorire la crescita dell\u2019attenzione nell\u2019intera societ\u00e0 italiana su questa piaga che purtroppo coinvolge tanti, troppi, minori e adulti.<\/p>\n<p>I risultati della rilevazione sulle attivit\u00e0 dei Servizi e dei Centri che oggi mi avete consegnato mettono in luce proprio il bene che sapete compiere sul territorio, facendovi prossimi a chi ha patito una ferita lacerante. Quello che state facendo \u00e8 prezioso sia per le vittime sia per tutta la comunit\u00e0 ecclesiale. Emerge da queste pagine la testimonianza di un impegno costante e condiviso. Questa \u00e8 la strada per creare fiducia, la fiducia che porta ad un reale rinnovamento.<\/p>\n<p>Desidero, infine, ringraziarvi per il supporto che state fornendo ad altre Conferenze Episcopali; come pure per il sostegno ai piani della Pontificia Commissione per la Tutela dei Minori verso quei Paesi, specialmente in via di sviluppo, che dispongono di scarse risorse per la prevenzione e per l\u2019attuazione di politiche di tutela.<\/p>\n<p>Andate avanti! Vi sono vicino nel vostro lavoro e vi benedico di cuore. Prego per voi, perch\u00e9 il vostro lavoro non \u00e8 facile; e voi, per favore, non dimenticatevi di pregare per me, perch\u00e9 il mio lavoro, anche, non \u00e8 facile! Grazie.<\/p>\n","protected":false},"excerpt":{"rendered":"<p>Il Papa in udienza con i partecipanti ai Servizi per la tutela dei minori e ai Centri di ascolto<\/p>\n","protected":false},"author":17,"featured_media":88177,"comment_status":"closed","ping_status":"closed","sticky":false,"template":"","format":"standard","meta":{"_acf_changed":false,"_crdt_document":"","inline_featured_image":false,"footnotes":""},"categories":[73,67],"tags":[10947,6544,2044,251,1973,4952,1843],"class_list":["post-88176","post","type-post","status-publish","format-standard","has-post-thumbnail","hentry","category-chiesa-e-mondo","category-leone-xiv","tag-cis","tag-conferenza-episcopale","tag-italia-it","tag-papa-francesco","tag-protezione-dei-minori","tag-trending-it","tag-udienza"],"acf":[],"yoast_head":"<!-- This site is optimized with the Yoast SEO plugin v27.5 - https:\/\/yoast.com\/product\/yoast-seo-wordpress\/ -->\n<title>\u00abCurer\u00f2 la tua ferita e ti guarir\u00f2 dalle tue piaghe\u00bb (Ger 30,17) &#8211; Exaudi<\/title>\n<meta name=\"robots\" content=\"index, follow, max-snippet:-1, max-image-preview:large, max-video-preview:-1\" \/>\n<link rel=\"canonical\" href=\"https:\/\/exaudi.org\/it\/curero-la-tua-ferita-e-ti-guariro-dalle-tue-piaghe-ger-3017\/\" \/>\n<meta property=\"og:locale\" content=\"it_IT\" \/>\n<meta property=\"og:type\" content=\"article\" \/>\n<meta property=\"og:title\" content=\"\u00abCurer\u00f2 la tua ferita e ti guarir\u00f2 dalle tue piaghe\u00bb (Ger 30,17) &#8211; Exaudi\" \/>\n<meta property=\"og:description\" content=\"Il Papa in udienza con i partecipanti ai Servizi per la tutela dei minori e ai Centri di ascolto\" \/>\n<meta property=\"og:url\" content=\"https:\/\/exaudi.org\/it\/curero-la-tua-ferita-e-ti-guariro-dalle-tue-piaghe-ger-3017\/\" \/>\n<meta property=\"og:site_name\" content=\"Exaudi\" \/>\n<meta property=\"article:publisher\" content=\"https:\/\/www.facebook.com\/ExaudiNews\" \/>\n<meta property=\"article:author\" content=\"https:\/\/www.facebook.com\/ExaudiNotizie\/\" \/>\n<meta property=\"article:published_time\" content=\"2023-11-18T15:01:33+00:00\" \/>\n<meta property=\"og:image\" content=\"https:\/\/exaudi.org\/wp-content\/uploads\/2023\/11\/cq5dam.web_.800.800-6.jpeg\" \/>\n\t<meta property=\"og:image:width\" content=\"800\" \/>\n\t<meta property=\"og:image:height\" content=\"533\" \/>\n\t<meta property=\"og:image:type\" content=\"image\/jpeg\" \/>\n<meta name=\"author\" content=\"Exaudi Redazione\" \/>\n<meta name=\"twitter:card\" content=\"summary_large_image\" \/>\n<meta name=\"twitter:creator\" content=\"@Exaudi_Notizie\" \/>\n<meta name=\"twitter:site\" content=\"@Exaudi_News\" \/>\n<meta name=\"twitter:label1\" content=\"Scritto da\" \/>\n\t<meta name=\"twitter:data1\" content=\"Exaudi Redazione\" \/>\n\t<meta name=\"twitter:label2\" content=\"Tempo di lettura stimato\" \/>\n\t<meta name=\"twitter:data2\" content=\"7 minuti\" \/>\n<script type=\"application\/ld+json\" class=\"yoast-schema-graph\">{\"@context\":\"https:\\\/\\\/schema.org\",\"@graph\":[{\"@type\":\"Article\",\"@id\":\"https:\\\/\\\/exaudi.org\\\/it\\\/curero-la-tua-ferita-e-ti-guariro-dalle-tue-piaghe-ger-3017\\\/#article\",\"isPartOf\":{\"@id\":\"https:\\\/\\\/exaudi.org\\\/it\\\/curero-la-tua-ferita-e-ti-guariro-dalle-tue-piaghe-ger-3017\\\/\"},\"author\":{\"name\":\"Exaudi Redazione\",\"@id\":\"https:\\\/\\\/exaudi.org\\\/#\\\/schema\\\/person\\\/e1ab6ed07c01774724dd96f925f3a5f0\"},\"headline\":\"\u00abCurer\u00f2 la tua ferita e ti guarir\u00f2 dalle tue piaghe\u00bb (Ger 30,17)\",\"datePublished\":\"2023-11-18T15:01:33+00:00\",\"mainEntityOfPage\":{\"@id\":\"https:\\\/\\\/exaudi.org\\\/it\\\/curero-la-tua-ferita-e-ti-guariro-dalle-tue-piaghe-ger-3017\\\/\"},\"wordCount\":1395,\"image\":{\"@id\":\"https:\\\/\\\/exaudi.org\\\/it\\\/curero-la-tua-ferita-e-ti-guariro-dalle-tue-piaghe-ger-3017\\\/#primaryimage\"},\"thumbnailUrl\":\"https:\\\/\\\/exaudi.org\\\/wp-content\\\/uploads\\\/2023\\\/11\\\/cq5dam.web_.800.800-6.jpeg\",\"keywords\":[\"CIS\",\"conferenza episcopale\",\"Italia\",\"Papa Francesco\",\"Protezione dei minori\",\"Trending\",\"udienza\"],\"articleSection\":[\"Chiesa e Mondo\",\"Leone XIV\"],\"inLanguage\":\"it-IT\"},{\"@type\":\"WebPage\",\"@id\":\"https:\\\/\\\/exaudi.org\\\/it\\\/curero-la-tua-ferita-e-ti-guariro-dalle-tue-piaghe-ger-3017\\\/\",\"url\":\"https:\\\/\\\/exaudi.org\\\/it\\\/curero-la-tua-ferita-e-ti-guariro-dalle-tue-piaghe-ger-3017\\\/\",\"name\":\"\u00abCurer\u00f2 la tua ferita e ti guarir\u00f2 dalle tue piaghe\u00bb (Ger 30,17) &#8211; Exaudi\",\"isPartOf\":{\"@id\":\"https:\\\/\\\/exaudi.org\\\/#website\"},\"primaryImageOfPage\":{\"@id\":\"https:\\\/\\\/exaudi.org\\\/it\\\/curero-la-tua-ferita-e-ti-guariro-dalle-tue-piaghe-ger-3017\\\/#primaryimage\"},\"image\":{\"@id\":\"https:\\\/\\\/exaudi.org\\\/it\\\/curero-la-tua-ferita-e-ti-guariro-dalle-tue-piaghe-ger-3017\\\/#primaryimage\"},\"thumbnailUrl\":\"https:\\\/\\\/exaudi.org\\\/wp-content\\\/uploads\\\/2023\\\/11\\\/cq5dam.web_.800.800-6.jpeg\",\"datePublished\":\"2023-11-18T15:01:33+00:00\",\"author\":{\"@id\":\"https:\\\/\\\/exaudi.org\\\/#\\\/schema\\\/person\\\/e1ab6ed07c01774724dd96f925f3a5f0\"},\"breadcrumb\":{\"@id\":\"https:\\\/\\\/exaudi.org\\\/it\\\/curero-la-tua-ferita-e-ti-guariro-dalle-tue-piaghe-ger-3017\\\/#breadcrumb\"},\"inLanguage\":\"it-IT\",\"potentialAction\":[{\"@type\":\"ReadAction\",\"target\":[\"https:\\\/\\\/exaudi.org\\\/it\\\/curero-la-tua-ferita-e-ti-guariro-dalle-tue-piaghe-ger-3017\\\/\"]}]},{\"@type\":\"ImageObject\",\"inLanguage\":\"it-IT\",\"@id\":\"https:\\\/\\\/exaudi.org\\\/it\\\/curero-la-tua-ferita-e-ti-guariro-dalle-tue-piaghe-ger-3017\\\/#primaryimage\",\"url\":\"https:\\\/\\\/exaudi.org\\\/wp-content\\\/uploads\\\/2023\\\/11\\\/cq5dam.web_.800.800-6.jpeg\",\"contentUrl\":\"https:\\\/\\\/exaudi.org\\\/wp-content\\\/uploads\\\/2023\\\/11\\\/cq5dam.web_.800.800-6.jpeg\",\"width\":800,\"height\":533,\"caption\":\"Vatican Media\"},{\"@type\":\"BreadcrumbList\",\"@id\":\"https:\\\/\\\/exaudi.org\\\/it\\\/curero-la-tua-ferita-e-ti-guariro-dalle-tue-piaghe-ger-3017\\\/#breadcrumb\",\"itemListElement\":[{\"@type\":\"ListItem\",\"position\":1,\"name\":\"Portada\",\"item\":\"https:\\\/\\\/exaudi.org\\\/it\\\/\"},{\"@type\":\"ListItem\",\"position\":2,\"name\":\"\u00abCurer\u00f2 la tua ferita e ti guarir\u00f2 dalle tue piaghe\u00bb (Ger 30,17)\"}]},{\"@type\":\"WebSite\",\"@id\":\"https:\\\/\\\/exaudi.org\\\/#website\",\"url\":\"https:\\\/\\\/exaudi.org\\\/\",\"name\":\"Exaudi\",\"description\":\"News\",\"potentialAction\":[{\"@type\":\"SearchAction\",\"target\":{\"@type\":\"EntryPoint\",\"urlTemplate\":\"https:\\\/\\\/exaudi.org\\\/?s={search_term_string}\"},\"query-input\":{\"@type\":\"PropertyValueSpecification\",\"valueRequired\":true,\"valueName\":\"search_term_string\"}}],\"inLanguage\":\"it-IT\"},{\"@type\":\"Person\",\"@id\":\"https:\\\/\\\/exaudi.org\\\/#\\\/schema\\\/person\\\/e1ab6ed07c01774724dd96f925f3a5f0\",\"name\":\"Exaudi Redazione\",\"image\":{\"@type\":\"ImageObject\",\"inLanguage\":\"it-IT\",\"@id\":\"https:\\\/\\\/secure.gravatar.com\\\/avatar\\\/ad6774b3ada023bf5b939d64f45c94b3adf91502dd883507d469b4308a943bb3?s=96&d=mm&r=g\",\"url\":\"https:\\\/\\\/secure.gravatar.com\\\/avatar\\\/ad6774b3ada023bf5b939d64f45c94b3adf91502dd883507d469b4308a943bb3?s=96&d=mm&r=g\",\"contentUrl\":\"https:\\\/\\\/secure.gravatar.com\\\/avatar\\\/ad6774b3ada023bf5b939d64f45c94b3adf91502dd883507d469b4308a943bb3?s=96&d=mm&r=g\",\"caption\":\"Exaudi Redazione\"},\"description\":\"Che cosa \u00e8 Exaudi News? Exaudi News \u00e8 un agenzia cattolica internazionale che informa, istruisce e trasforma quotidianamente in spagnolo, inglese e italiano. Attraverso notizie, articoli di analisi e trasmissioni in diretta degli eventi del Papa, Exaudi cerca di rafforzare l'unit\u00e0 dei cristiani e di contribuire all'evangelizzazione del mondo, sempre guidato dalla dottrina sociale della Chiesa. Lavoriamo per portare la verit\u00e0 e i valori cristiani in ogni angolo del pianeta. Aiutaci a trasformare il mondo con Exaudi! Noi di Exaudi crediamo che l'evangelizzazione e l'informazione di qualit\u00e0 possano cambiare la vita. Per continuare la nostra missione ed espandere la nostra portata, abbiamo bisogno del tuo aiuto. Stiamo anche cercando persone motivate che vogliano unirsi al nostro team. Grazie al vostro sostegno raggiungeremo pi\u00f9 persone, diffonderemo il messaggio di Cristo e rafforzeremo l'unit\u00e0 dei cristiani. Vuoi unirti alla nostra missione? Per maggiori informazioni su come contribuire, visita Exaudi.org\\\/it o contattaci direttamente: info@exaudi.org Exaudi: informa, forma e trasforma.\",\"sameAs\":[\"https:\\\/\\\/www.facebook.com\\\/ExaudiNotizie\\\/\",\"https:\\\/\\\/www.instagram.com\\\/Exaudi_notizie\\\/\",\"https:\\\/\\\/x.com\\\/Exaudi_Notizie\",\"https:\\\/\\\/www.youtube.com\\\/@exaudicatholicnews\"],\"url\":\"https:\\\/\\\/exaudi.org\\\/it\\\/author\\\/dlvedi-org\\\/\"}]}<\/script>\n<!-- \/ Yoast SEO plugin. -->","yoast_head_json":{"title":"\u00abCurer\u00f2 la tua ferita e ti guarir\u00f2 dalle tue piaghe\u00bb (Ger 30,17) &#8211; Exaudi","robots":{"index":"index","follow":"follow","max-snippet":"max-snippet:-1","max-image-preview":"max-image-preview:large","max-video-preview":"max-video-preview:-1"},"canonical":"https:\/\/exaudi.org\/it\/curero-la-tua-ferita-e-ti-guariro-dalle-tue-piaghe-ger-3017\/","og_locale":"it_IT","og_type":"article","og_title":"\u00abCurer\u00f2 la tua ferita e ti guarir\u00f2 dalle tue piaghe\u00bb (Ger 30,17) &#8211; Exaudi","og_description":"Il Papa in udienza con i partecipanti ai Servizi per la tutela dei minori e ai Centri di ascolto","og_url":"https:\/\/exaudi.org\/it\/curero-la-tua-ferita-e-ti-guariro-dalle-tue-piaghe-ger-3017\/","og_site_name":"Exaudi","article_publisher":"https:\/\/www.facebook.com\/ExaudiNews","article_author":"https:\/\/www.facebook.com\/ExaudiNotizie\/","article_published_time":"2023-11-18T15:01:33+00:00","og_image":[{"width":800,"height":533,"url":"https:\/\/exaudi.org\/wp-content\/uploads\/2023\/11\/cq5dam.web_.800.800-6.jpeg","type":"image\/jpeg"}],"author":"Exaudi Redazione","twitter_card":"summary_large_image","twitter_creator":"@Exaudi_Notizie","twitter_site":"@Exaudi_News","twitter_misc":{"Scritto da":"Exaudi Redazione","Tempo di lettura stimato":"7 minuti"},"schema":{"@context":"https:\/\/schema.org","@graph":[{"@type":"Article","@id":"https:\/\/exaudi.org\/it\/curero-la-tua-ferita-e-ti-guariro-dalle-tue-piaghe-ger-3017\/#article","isPartOf":{"@id":"https:\/\/exaudi.org\/it\/curero-la-tua-ferita-e-ti-guariro-dalle-tue-piaghe-ger-3017\/"},"author":{"name":"Exaudi Redazione","@id":"https:\/\/exaudi.org\/#\/schema\/person\/e1ab6ed07c01774724dd96f925f3a5f0"},"headline":"\u00abCurer\u00f2 la tua ferita e ti guarir\u00f2 dalle tue piaghe\u00bb (Ger 30,17)","datePublished":"2023-11-18T15:01:33+00:00","mainEntityOfPage":{"@id":"https:\/\/exaudi.org\/it\/curero-la-tua-ferita-e-ti-guariro-dalle-tue-piaghe-ger-3017\/"},"wordCount":1395,"image":{"@id":"https:\/\/exaudi.org\/it\/curero-la-tua-ferita-e-ti-guariro-dalle-tue-piaghe-ger-3017\/#primaryimage"},"thumbnailUrl":"https:\/\/exaudi.org\/wp-content\/uploads\/2023\/11\/cq5dam.web_.800.800-6.jpeg","keywords":["CIS","conferenza episcopale","Italia","Papa Francesco","Protezione dei minori","Trending","udienza"],"articleSection":["Chiesa e Mondo","Leone XIV"],"inLanguage":"it-IT"},{"@type":"WebPage","@id":"https:\/\/exaudi.org\/it\/curero-la-tua-ferita-e-ti-guariro-dalle-tue-piaghe-ger-3017\/","url":"https:\/\/exaudi.org\/it\/curero-la-tua-ferita-e-ti-guariro-dalle-tue-piaghe-ger-3017\/","name":"\u00abCurer\u00f2 la tua ferita e ti guarir\u00f2 dalle tue piaghe\u00bb (Ger 30,17) &#8211; Exaudi","isPartOf":{"@id":"https:\/\/exaudi.org\/#website"},"primaryImageOfPage":{"@id":"https:\/\/exaudi.org\/it\/curero-la-tua-ferita-e-ti-guariro-dalle-tue-piaghe-ger-3017\/#primaryimage"},"image":{"@id":"https:\/\/exaudi.org\/it\/curero-la-tua-ferita-e-ti-guariro-dalle-tue-piaghe-ger-3017\/#primaryimage"},"thumbnailUrl":"https:\/\/exaudi.org\/wp-content\/uploads\/2023\/11\/cq5dam.web_.800.800-6.jpeg","datePublished":"2023-11-18T15:01:33+00:00","author":{"@id":"https:\/\/exaudi.org\/#\/schema\/person\/e1ab6ed07c01774724dd96f925f3a5f0"},"breadcrumb":{"@id":"https:\/\/exaudi.org\/it\/curero-la-tua-ferita-e-ti-guariro-dalle-tue-piaghe-ger-3017\/#breadcrumb"},"inLanguage":"it-IT","potentialAction":[{"@type":"ReadAction","target":["https:\/\/exaudi.org\/it\/curero-la-tua-ferita-e-ti-guariro-dalle-tue-piaghe-ger-3017\/"]}]},{"@type":"ImageObject","inLanguage":"it-IT","@id":"https:\/\/exaudi.org\/it\/curero-la-tua-ferita-e-ti-guariro-dalle-tue-piaghe-ger-3017\/#primaryimage","url":"https:\/\/exaudi.org\/wp-content\/uploads\/2023\/11\/cq5dam.web_.800.800-6.jpeg","contentUrl":"https:\/\/exaudi.org\/wp-content\/uploads\/2023\/11\/cq5dam.web_.800.800-6.jpeg","width":800,"height":533,"caption":"Vatican Media"},{"@type":"BreadcrumbList","@id":"https:\/\/exaudi.org\/it\/curero-la-tua-ferita-e-ti-guariro-dalle-tue-piaghe-ger-3017\/#breadcrumb","itemListElement":[{"@type":"ListItem","position":1,"name":"Portada","item":"https:\/\/exaudi.org\/it\/"},{"@type":"ListItem","position":2,"name":"\u00abCurer\u00f2 la tua ferita e ti guarir\u00f2 dalle tue piaghe\u00bb (Ger 30,17)"}]},{"@type":"WebSite","@id":"https:\/\/exaudi.org\/#website","url":"https:\/\/exaudi.org\/","name":"Exaudi","description":"News","potentialAction":[{"@type":"SearchAction","target":{"@type":"EntryPoint","urlTemplate":"https:\/\/exaudi.org\/?s={search_term_string}"},"query-input":{"@type":"PropertyValueSpecification","valueRequired":true,"valueName":"search_term_string"}}],"inLanguage":"it-IT"},{"@type":"Person","@id":"https:\/\/exaudi.org\/#\/schema\/person\/e1ab6ed07c01774724dd96f925f3a5f0","name":"Exaudi Redazione","image":{"@type":"ImageObject","inLanguage":"it-IT","@id":"https:\/\/secure.gravatar.com\/avatar\/ad6774b3ada023bf5b939d64f45c94b3adf91502dd883507d469b4308a943bb3?s=96&d=mm&r=g","url":"https:\/\/secure.gravatar.com\/avatar\/ad6774b3ada023bf5b939d64f45c94b3adf91502dd883507d469b4308a943bb3?s=96&d=mm&r=g","contentUrl":"https:\/\/secure.gravatar.com\/avatar\/ad6774b3ada023bf5b939d64f45c94b3adf91502dd883507d469b4308a943bb3?s=96&d=mm&r=g","caption":"Exaudi Redazione"},"description":"Che cosa \u00e8 Exaudi News? Exaudi News \u00e8 un agenzia cattolica internazionale che informa, istruisce e trasforma quotidianamente in spagnolo, inglese e italiano. Attraverso notizie, articoli di analisi e trasmissioni in diretta degli eventi del Papa, Exaudi cerca di rafforzare l'unit\u00e0 dei cristiani e di contribuire all'evangelizzazione del mondo, sempre guidato dalla dottrina sociale della Chiesa. Lavoriamo per portare la verit\u00e0 e i valori cristiani in ogni angolo del pianeta. Aiutaci a trasformare il mondo con Exaudi! Noi di Exaudi crediamo che l'evangelizzazione e l'informazione di qualit\u00e0 possano cambiare la vita. Per continuare la nostra missione ed espandere la nostra portata, abbiamo bisogno del tuo aiuto. Stiamo anche cercando persone motivate che vogliano unirsi al nostro team. Grazie al vostro sostegno raggiungeremo pi\u00f9 persone, diffonderemo il messaggio di Cristo e rafforzeremo l'unit\u00e0 dei cristiani. Vuoi unirti alla nostra missione? Per maggiori informazioni su come contribuire, visita Exaudi.org\/it o contattaci direttamente: info@exaudi.org Exaudi: informa, forma e trasforma.","sameAs":["https:\/\/www.facebook.com\/ExaudiNotizie\/","https:\/\/www.instagram.com\/Exaudi_notizie\/","https:\/\/x.com\/Exaudi_Notizie","https:\/\/www.youtube.com\/@exaudicatholicnews"],"url":"https:\/\/exaudi.org\/it\/author\/dlvedi-org\/"}]}},"jetpack_featured_media_url":"https:\/\/exaudi.org\/wp-content\/uploads\/2023\/11\/cq5dam.web_.800.800-6.jpeg","jetpack_shortlink":"https:\/\/wp.me\/pgKjF2-mWc","_links":{"self":[{"href":"https:\/\/exaudi.org\/it\/wp-json\/wp\/v2\/posts\/88176","targetHints":{"allow":["GET"]}}],"collection":[{"href":"https:\/\/exaudi.org\/it\/wp-json\/wp\/v2\/posts"}],"about":[{"href":"https:\/\/exaudi.org\/it\/wp-json\/wp\/v2\/types\/post"}],"author":[{"embeddable":true,"href":"https:\/\/exaudi.org\/it\/wp-json\/wp\/v2\/users\/17"}],"replies":[{"embeddable":true,"href":"https:\/\/exaudi.org\/it\/wp-json\/wp\/v2\/comments?post=88176"}],"version-history":[{"count":0,"href":"https:\/\/exaudi.org\/it\/wp-json\/wp\/v2\/posts\/88176\/revisions"}],"wp:featuredmedia":[{"embeddable":true,"href":"https:\/\/exaudi.org\/it\/wp-json\/wp\/v2\/media\/88177"}],"wp:attachment":[{"href":"https:\/\/exaudi.org\/it\/wp-json\/wp\/v2\/media?parent=88176"}],"wp:term":[{"taxonomy":"category","embeddable":true,"href":"https:\/\/exaudi.org\/it\/wp-json\/wp\/v2\/categories?post=88176"},{"taxonomy":"post_tag","embeddable":true,"href":"https:\/\/exaudi.org\/it\/wp-json\/wp\/v2\/tags?post=88176"}],"curies":[{"name":"wp","href":"https:\/\/api.w.org\/{rel}","templated":true}]}}