{"id":87978,"date":"2023-11-15T18:48:31","date_gmt":"2023-11-15T17:48:31","guid":{"rendered":"https:\/\/exaudi.org\/?p=87978"},"modified":"2023-11-15T18:48:31","modified_gmt":"2023-11-15T17:48:31","slug":"il-vangelo-e-un-annuncio-un-annuncio-di-gioia","status":"publish","type":"post","link":"https:\/\/exaudi.org\/it\/il-vangelo-e-un-annuncio-un-annuncio-di-gioia\/","title":{"rendered":"&#8220;Il Vangelo \u00e8 un annuncio, un annuncio di gioia&#8221;"},"content":{"rendered":"<p>L&#8217;Udienza Generale di questa mattina, mercoled\u00ec 15 novembre 2023, si \u00e8 svolta alle ore 9:00 in Piazza San Pietro.<\/p>\n<p>Nel suo discorso in italiano, il Papa, continuando il ciclo di catechesi Passione per l&#8217;evangelizzazione: lo zelo apostolico del credente. L&#8217;annuncio \u00e8 gioia.<\/p>\n<p>All&#8217;udienza generale, Francesco ha detto di voler riassumere le catechesi sullo zelo apostolico alla luce dell&#8217;Evangelii Gaudium: l&#8217;annuncio di Cristo \u00e8 sempre giovane, ne hanno bisogno l&#8217;uomo e la societ\u00e0 di oggi &#8220;che lascia deserti gli spazi del senso religioso&#8221;.<\/p>\n<p>Dopo aver riassunto la catechesi nelle varie lingue, il Santo Padre ha rivolto particolari espressioni di saluto ai fedeli presenti.<\/p>\n<p>L&#8217;Udienza Generale si \u00e8 conclusa con la recita del Pater Noster e la Benedizione Apostolica.<\/p>\n<p>Di seguito il testo della catechesi completa, i saluti e le parole del Santo Padre in inglese.<\/p>\n<p>***<\/p>\n<p><b>Catechesi.\u00a0La passione per l\u2019evangelizzazione: lo zelo apostolico del credente. 26.\u00a0<i>L\u2019annuncio \u00e8 gioia<\/i><\/b><\/p>\n<p><i>Cari fratelli e sorelle, buongiorno!<\/i><\/p>\n<p>Dopo aver incontrato diversi testimoni dell\u2019annuncio del Vangelo, mi propongo di sintetizzare questo ciclo di catechesi sullo zelo apostolico in quattro punti, ispirati all\u2019Esortazione apostolica <i><a href=\"https:\/\/www.vatican.va\/content\/francesco\/it\/apost_exhortations\/documents\/papa-francesco_esortazione-ap_20131124_evangelii-gaudium.html\">Evangelii gaudium<\/a><\/i>, che in questo mese compie dieci anni. Il primo punto che vediamo oggi, il primo dei quattro, non pu\u00f2 che riguardare l\u2019atteggiamento da cui dipende la sostanza del gesto evangelizzatore:\u00a0<i>la gioia<\/i>. Il messaggio cristiano, come abbiamo ascoltato dalle parole che l\u2019angelo rivolge ai pastori, \u00e8 l\u2019annuncio di \u00abuna grande gioia\u00bb (<i>Lc<\/i>\u00a02,10). E la ragione? Una buona notizia, una sorpresa, un bell\u2019avvenimento? Molto di pi\u00f9, una Persona: Ges\u00f9! Ges\u00f9 \u00e8 la gioia. \u00c8 Lui il Dio fatto uomo che \u00e8 venuto da noi! La questione, cari fratelli e sorelle, non \u00e8 dunque\u00a0<i>se<\/i>\u00a0annunciarlo, ma\u00a0<i>come<\/i>\u00a0annunciarlo, e questo \u201ccome\u201d \u00e8 la gioia. O annunciamo Ges\u00f9 con gioia, o non lo annunciamo, perch\u00e9 un\u2019altra via di annunciarlo non \u00e8 capace di portare la vera realt\u00e0 di Ges\u00f9.<\/p>\n<p><img loading=\"lazy\" decoding=\"async\" class=\"size-medium wp-image-87966 alignleft\" src=\"https:\/\/exaudi.org\/wp-content\/uploads\/2023\/11\/cq5dam.web_.800.800-36-300x200.jpeg\" alt=\"\" width=\"300\" height=\"200\" srcset=\"https:\/\/exaudi.org\/wp-content\/uploads\/2023\/11\/cq5dam.web_.800.800-36-300x200.jpeg 300w, https:\/\/exaudi.org\/wp-content\/uploads\/2023\/11\/cq5dam.web_.800.800-36-770x513.jpeg 770w, https:\/\/exaudi.org\/wp-content\/uploads\/2023\/11\/cq5dam.web_.800.800-36-360x240.jpeg?crop=1 360w, https:\/\/exaudi.org\/wp-content\/uploads\/2023\/11\/cq5dam.web_.800.800-36-500x333.jpeg 500w, https:\/\/exaudi.org\/wp-content\/uploads\/2023\/11\/cq5dam.web_.800.800-36-370x247.jpeg 370w, https:\/\/exaudi.org\/wp-content\/uploads\/2023\/11\/cq5dam.web_.800.800-36-293x195.jpeg 293w, https:\/\/exaudi.org\/wp-content\/uploads\/2023\/11\/cq5dam.web_.800.800-36-120x80.jpeg 120w, https:\/\/exaudi.org\/wp-content\/uploads\/2023\/11\/cq5dam.web_.800.800-36-240x160.jpeg 240w, https:\/\/exaudi.org\/wp-content\/uploads\/2023\/11\/cq5dam.web_.800.800-36-390x260.jpeg 390w, https:\/\/exaudi.org\/wp-content\/uploads\/2023\/11\/cq5dam.web_.800.800-36.jpeg 800w\" sizes=\"auto, (max-width: 300px) 100vw, 300px\" \/>Ecco perch\u00e9 un cristiano scontento, un cristiano triste, un cristiano insoddisfatto o, peggio ancora, risentito e rancoroso non \u00e8 credibile. Questo parler\u00e0 di Ges\u00f9 ma nessuno gli creder\u00e0! Una volta mi diceva una persona, parlando di questi cristiani: \u201cMa sono cristiani con faccia di baccal\u00e0!\u201d, cio\u00e8, non esprimono niente, sono cos\u00ec, e la gioia \u00e8 essenziale. \u00c8 essenziale vigilare sui nostri sentimenti. L\u2019evangelizzazione opera la gratuit\u00e0, perch\u00e9 viene dalla pienezza, non dalla pressione. E quando si fa un\u2019evangelizzazione \u2013 si vuole fare ma questo non va \u2013 in base a ideologie, questo non \u00e8 evangelizzare, questo non \u00e8 il Vangelo. Il Vangelo non \u00e8 una ideologia: il Vangelo \u00e8 un annuncio, un annuncio di gioia. Le ideologie sono fredde, tutte. Il Vangelo ha il calore della gioia. Le ideologie non sanno sorridere, il Vangelo \u00e8 un sorriso, ti fa sorridere perch\u00e9 ti tocca l\u2019anima con la Buona Notizia.<\/p>\n<p>La nascita di Ges\u00f9, nella storia come nella vita, \u00e8 il principio della gioia: pensate a quello che \u00e8 successo ai discepoli di Emmaus che dalla gioia non potevano credere, e gli altri, poi, i discepoli tutti insieme, quando Ges\u00f9 va al Cenacolo, non potevano credere\u00a0<i>dalla gioia<\/i>\u00a0(cfr\u00a0<i>Lc<\/i>\u00a024,13-35). La gioia di avere Ges\u00f9 risorto. L\u2019incontro con Ges\u00f9 sempre ti porta la gioia e se questo non succede a te, non \u00e8 un vero incontro con Ges\u00f9.<\/p>\n<p>E questo che fa Ges\u00f9 con i discepoli ci dice che\u00a0<i>i primi a dover essere evangelizzati sono i discepoli<\/i>, i primi a dover essere evangelizzati siamo noi, cristiani: siamo noi. E questo \u00e8 tanto importante. Immersi nel clima veloce e confuso di oggi, pure noi, infatti, potremmo trovarci a vivere la fede con un sottile senso di rinuncia, persuasi che per il Vangelo non ci sia pi\u00f9 ascolto e che non valga pi\u00f9 la pena impegnarsi per annunciarlo. Potremmo addirittura esser tentati dall\u2019idea di lasciare che \u201cgli altri\u201d vadano per la loro strada. Invece proprio questo \u00e8 il momento di ritornare al Vangelo per scoprire che Cristo \u00ab\u00e8 sempre giovane e fonte costante di novit\u00e0\u00bb (<i><a href=\"https:\/\/www.vatican.va\/content\/francesco\/it\/apost_exhortations\/documents\/papa-francesco_esortazione-ap_20131124_evangelii-gaudium.html#Un%E2%80%99eterna_novit%C3%A0\">Evangelii gaudium<\/a><\/i>, 11).<\/p>\n<p><img loading=\"lazy\" decoding=\"async\" class=\"size-medium wp-image-87969 alignleft\" src=\"https:\/\/exaudi.org\/wp-content\/uploads\/2023\/11\/cq5dam.web_.800.800-37-300x200.jpeg\" alt=\"\" width=\"300\" height=\"200\" srcset=\"https:\/\/exaudi.org\/wp-content\/uploads\/2023\/11\/cq5dam.web_.800.800-37-300x200.jpeg 300w, https:\/\/exaudi.org\/wp-content\/uploads\/2023\/11\/cq5dam.web_.800.800-37-770x513.jpeg 770w, https:\/\/exaudi.org\/wp-content\/uploads\/2023\/11\/cq5dam.web_.800.800-37-360x240.jpeg?crop=1 360w, https:\/\/exaudi.org\/wp-content\/uploads\/2023\/11\/cq5dam.web_.800.800-37-500x333.jpeg 500w, https:\/\/exaudi.org\/wp-content\/uploads\/2023\/11\/cq5dam.web_.800.800-37-370x247.jpeg 370w, https:\/\/exaudi.org\/wp-content\/uploads\/2023\/11\/cq5dam.web_.800.800-37-293x195.jpeg 293w, https:\/\/exaudi.org\/wp-content\/uploads\/2023\/11\/cq5dam.web_.800.800-37-120x80.jpeg 120w, https:\/\/exaudi.org\/wp-content\/uploads\/2023\/11\/cq5dam.web_.800.800-37-240x160.jpeg 240w, https:\/\/exaudi.org\/wp-content\/uploads\/2023\/11\/cq5dam.web_.800.800-37-390x260.jpeg 390w, https:\/\/exaudi.org\/wp-content\/uploads\/2023\/11\/cq5dam.web_.800.800-37.jpeg 800w\" sizes=\"auto, (max-width: 300px) 100vw, 300px\" \/>Cos\u00ec, come i due di Emmaus, si torna nella vita quotidiana con lo slancio di chi ha trovato un tesoro: erano gioiosi, questi due, perch\u00e9 avevano trovato Ges\u00f9, e ha cambiato loro la vita. E si scopre che l\u2019umanit\u00e0 abbonda di fratelli e sorelle che aspettano una parola di speranza. Il Vangelo \u00e8 atteso anche oggi: l\u2019uomo di oggi \u00e8 come l\u2019uomo di ogni tempo: ne ha bisogno, anche la civilt\u00e0 dell\u2019incredulit\u00e0 programmata e della secolarit\u00e0 istituzionalizzata; anzi, soprattutto la societ\u00e0 che lascia deserti gli spazi del senso religioso, ha bisogno di Ges\u00f9. Questo \u00e8 il momento favorevole all\u2019annuncio di Ges\u00f9. Perci\u00f2 vorrei dire nuovamente a tutti: \u00abLa gioia del Vangelo\u00a0riempie il cuore e la vita intera di coloro che si incontrano con Ges\u00f9. Coloro che si lasciano salvare da Lui sono liberati dal peccato, dalla tristezza, dal vuoto interiore, dall\u2019isolamento. Con Ges\u00f9 Cristo sempre nasce e rinasce la gioia (<i><a href=\"https:\/\/www.vatican.va\/content\/francesco\/it\/apost_exhortations\/documents\/papa-francesco_esortazione-ap_20131124_evangelii-gaudium.html#II.%E2%80%82La_dolce_e_confortante_gioia_di_evangelizzare\">ibid<\/a><\/i>.,1). Non dimentichiamo questo. E se qualcuno di noi non percepisce questa gioia, si domandi se ha trovato Ges\u00f9. Una gioia interiore. Il Vangelo va sulla strada della gioia, sempre, \u00e8 il grande annuncio. Invito ogni cristiano, in qualsiasi luogo e situazione si trovi, a rinnovare oggi stesso il suo incontro con Ges\u00f9 Cristo. Ognuno di noi oggi si prenda un pochettino di tempo e pensi: \u201cGes\u00f9, Tu sei dentro di me: io voglio incontrarTi tutti i giorni. Tu sei una Persona, non sei un\u2019idea; Tu sei un compagno di cammino, non sei un programma. Tu sei Amore che risolve tanti problemi. Tu sei l\u2019inizio dell\u2019evangelizzazione. Tu, Ges\u00f9, sei la fonte della gioia\u201d. Amen.<\/p>\n<p>_____________________________________<\/p>\n<p><b>Saluti<\/b><\/p>\n<p>Rivolgo un cordiale benvenuto ai pellegrini di lingua italiana, in particolare ai fedeli di Portici e a quelli di Lauria. Saluto l\u2019Associazione Volontari Italiani del Sangue e sottolineo il valore etico della donazione del sangue: un gesto che aiuta a salvare tante vite umane!<\/p>\n<p>Accolgo con affetto gli Scout Agesci di Foligno \u2013 fanno rumore, questi \u2013, insieme con i ministranti e il gruppo della pastorale vocazionale, accompagnati dalle famiglie. Cari ragazzi, vi esorto ad essere coraggiosi protagonisti negli ambienti in cui vivete; siate soprattutto gioiosi testimoni del Vangelo, costruttori di ponti e mai di muri, mai!<\/p>\n<p>Saluto infine gli anziani, i malati, gli sposi novelli \u2013 sono tanti \u2013 e i giovani, tra i quali saluto in particolare il folto gruppo dell\u2019Istituto \u201cMiraglia\u201d di Lauria. Le ultime settimane dell\u2019anno liturgico ci invitano al senso della speranza cristiana. In questa prospettiva vi invito a cogliere sempre il significato e il valore delle esperienze quotidiane e anche delle prove, pensando che \u00abtutto concorre al bene di coloro che amano Dio\u00bb (<i>Rm<\/i>\u00a08,28).<\/p>\n<p>Preghiamo, fratelli e sorelle, per la pace, in modo speciale per la martoriata Ucraina che soffre tanto, e poi in Terra Santa, in Palestina e Israele, e non dimentichiamo il Sudan che soffre tanto, e pensiamo dovunque c\u2019\u00e8 guerra, ci sono tante guerre! Preghiamo per la pace: ogni giorno, qualcuno si prenda qualche tempo per pregare per la pace. Vogliamo la pace. A tutti la mia Benedizione!<\/p>\n<p>_____________________________________<\/p>\n<p><strong>Sintesi letta dal Santo Padre in spagnolo<\/strong><\/p>\n<p>Cari fratelli e sorelle:<\/p>\n<p>Per concludere il ciclo di catechesi che abbiamo tenuto sullo zelo apostolico, vorrei riassumerne il contenuto in quattro temi, ispirati all&#8217;esortazione Evangelii gaudium, nel decimo anniversario della pubblicazione. Oggi affronteremo la prima parola: gioia. Come i pastori di Betlemme, anche a noi viene annunciata una grande gioia, che non \u00e8 un concetto, n\u00e9 una buona notizia, ma un&#8217;altra cosa, una persona, Ges\u00f9 di Nazareth.<\/p>\n<p>Noi cristiani non possiamo essere persone tristi, tanto meno risentite, traumatizzate dai nostri fallimenti o dal futuro della societ\u00e0. Al contrario, la forza del nostro annuncio sta nel saper comunicare la gioia che nasce dall&#8217;incontro con Ges\u00f9, anche nelle circostanze difficili. Ma per questo siamo i primi a essere evangelizzati. Come i discepoli di Emmaus, in mezzo alla desolazione della croce e della passione, siamo chiamati a riscoprire la sua presenza nella nostra vita, lasciandoci sorprendere dalla potenza del suo amore e della sua gioia.<\/p>\n<p><iframe loading=\"lazy\" title=\"November 15 2023 General Audience Pope Francis\" width=\"500\" height=\"281\" src=\"https:\/\/www.youtube.com\/embed\/p2OeZWxaguc?feature=oembed\" frameborder=\"0\" allow=\"accelerometer; autoplay; clipboard-write; encrypted-media; gyroscope; picture-in-picture; web-share\" referrerpolicy=\"strict-origin-when-cross-origin\" allowfullscreen><\/iframe><\/p>\n","protected":false},"excerpt":{"rendered":"<p>Le parole del Papa all&#8217;Udienza Generale<\/p>\n","protected":false},"author":17,"featured_media":87963,"comment_status":"closed","ping_status":"closed","sticky":false,"template":"","format":"standard","meta":{"_acf_changed":false,"_crdt_document":"","inline_featured_image":false,"footnotes":""},"categories":[67,111],"tags":[2487,688,578,579],"class_list":["post-87978","post","type-post","status-publish","format-standard","has-post-thumbnail","hentry","category-leone-xiv","category-udienza-generale","tag-featured-3","tag-pace","tag-preghiera","tag-udienza-generale"],"acf":[],"yoast_head":"<!-- This site is optimized with the Yoast SEO plugin v27.5 - https:\/\/yoast.com\/product\/yoast-seo-wordpress\/ -->\n<title>&quot;Il Vangelo \u00e8 un annuncio, un annuncio di gioia&quot; &#8211; Exaudi<\/title>\n<meta name=\"robots\" content=\"index, follow, max-snippet:-1, max-image-preview:large, max-video-preview:-1\" \/>\n<link rel=\"canonical\" href=\"https:\/\/exaudi.org\/it\/il-vangelo-e-un-annuncio-un-annuncio-di-gioia\/\" \/>\n<meta property=\"og:locale\" content=\"it_IT\" \/>\n<meta property=\"og:type\" content=\"article\" \/>\n<meta property=\"og:title\" content=\"&quot;Il Vangelo \u00e8 un annuncio, un annuncio di gioia&quot; &#8211; Exaudi\" \/>\n<meta property=\"og:description\" content=\"Le parole del Papa all&#039;Udienza Generale\" \/>\n<meta property=\"og:url\" content=\"https:\/\/exaudi.org\/it\/il-vangelo-e-un-annuncio-un-annuncio-di-gioia\/\" \/>\n<meta property=\"og:site_name\" content=\"Exaudi\" \/>\n<meta property=\"article:publisher\" content=\"https:\/\/www.facebook.com\/ExaudiNews\" \/>\n<meta property=\"article:author\" content=\"https:\/\/www.facebook.com\/ExaudiNotizie\/\" \/>\n<meta property=\"article:published_time\" content=\"2023-11-15T17:48:31+00:00\" \/>\n<meta property=\"og:image\" content=\"https:\/\/exaudi.org\/wp-content\/uploads\/2023\/11\/cq5dam.web_.800.800-35.jpeg\" \/>\n\t<meta property=\"og:image:width\" content=\"800\" \/>\n\t<meta property=\"og:image:height\" content=\"533\" \/>\n\t<meta property=\"og:image:type\" content=\"image\/jpeg\" \/>\n<meta name=\"author\" content=\"Exaudi Redazione\" \/>\n<meta name=\"twitter:card\" content=\"summary_large_image\" \/>\n<meta name=\"twitter:creator\" content=\"@Exaudi_Notizie\" \/>\n<meta name=\"twitter:site\" content=\"@Exaudi_News\" \/>\n<meta name=\"twitter:label1\" content=\"Scritto da\" \/>\n\t<meta name=\"twitter:data1\" content=\"Exaudi Redazione\" \/>\n\t<meta name=\"twitter:label2\" content=\"Tempo di lettura stimato\" \/>\n\t<meta name=\"twitter:data2\" content=\"7 minuti\" \/>\n<script type=\"application\/ld+json\" class=\"yoast-schema-graph\">{\"@context\":\"https:\\\/\\\/schema.org\",\"@graph\":[{\"@type\":\"Article\",\"@id\":\"https:\\\/\\\/exaudi.org\\\/it\\\/il-vangelo-e-un-annuncio-un-annuncio-di-gioia\\\/#article\",\"isPartOf\":{\"@id\":\"https:\\\/\\\/exaudi.org\\\/it\\\/il-vangelo-e-un-annuncio-un-annuncio-di-gioia\\\/\"},\"author\":{\"name\":\"Exaudi Redazione\",\"@id\":\"https:\\\/\\\/exaudi.org\\\/#\\\/schema\\\/person\\\/e1ab6ed07c01774724dd96f925f3a5f0\"},\"headline\":\"&#8220;Il Vangelo \u00e8 un annuncio, un annuncio di gioia&#8221;\",\"datePublished\":\"2023-11-15T17:48:31+00:00\",\"mainEntityOfPage\":{\"@id\":\"https:\\\/\\\/exaudi.org\\\/it\\\/il-vangelo-e-un-annuncio-un-annuncio-di-gioia\\\/\"},\"wordCount\":1326,\"image\":{\"@id\":\"https:\\\/\\\/exaudi.org\\\/it\\\/il-vangelo-e-un-annuncio-un-annuncio-di-gioia\\\/#primaryimage\"},\"thumbnailUrl\":\"https:\\\/\\\/exaudi.org\\\/wp-content\\\/uploads\\\/2023\\\/11\\\/cq5dam.web_.800.800-35.jpeg\",\"keywords\":[\"Featured\",\"pace\",\"preghiera\",\"udienza generale\"],\"articleSection\":[\"Leone XIV\",\"Udienza generale\"],\"inLanguage\":\"it-IT\"},{\"@type\":\"WebPage\",\"@id\":\"https:\\\/\\\/exaudi.org\\\/it\\\/il-vangelo-e-un-annuncio-un-annuncio-di-gioia\\\/\",\"url\":\"https:\\\/\\\/exaudi.org\\\/it\\\/il-vangelo-e-un-annuncio-un-annuncio-di-gioia\\\/\",\"name\":\"\\\"Il Vangelo \u00e8 un annuncio, un annuncio di gioia\\\" &#8211; Exaudi\",\"isPartOf\":{\"@id\":\"https:\\\/\\\/exaudi.org\\\/#website\"},\"primaryImageOfPage\":{\"@id\":\"https:\\\/\\\/exaudi.org\\\/it\\\/il-vangelo-e-un-annuncio-un-annuncio-di-gioia\\\/#primaryimage\"},\"image\":{\"@id\":\"https:\\\/\\\/exaudi.org\\\/it\\\/il-vangelo-e-un-annuncio-un-annuncio-di-gioia\\\/#primaryimage\"},\"thumbnailUrl\":\"https:\\\/\\\/exaudi.org\\\/wp-content\\\/uploads\\\/2023\\\/11\\\/cq5dam.web_.800.800-35.jpeg\",\"datePublished\":\"2023-11-15T17:48:31+00:00\",\"author\":{\"@id\":\"https:\\\/\\\/exaudi.org\\\/#\\\/schema\\\/person\\\/e1ab6ed07c01774724dd96f925f3a5f0\"},\"breadcrumb\":{\"@id\":\"https:\\\/\\\/exaudi.org\\\/it\\\/il-vangelo-e-un-annuncio-un-annuncio-di-gioia\\\/#breadcrumb\"},\"inLanguage\":\"it-IT\",\"potentialAction\":[{\"@type\":\"ReadAction\",\"target\":[\"https:\\\/\\\/exaudi.org\\\/it\\\/il-vangelo-e-un-annuncio-un-annuncio-di-gioia\\\/\"]}]},{\"@type\":\"ImageObject\",\"inLanguage\":\"it-IT\",\"@id\":\"https:\\\/\\\/exaudi.org\\\/it\\\/il-vangelo-e-un-annuncio-un-annuncio-di-gioia\\\/#primaryimage\",\"url\":\"https:\\\/\\\/exaudi.org\\\/wp-content\\\/uploads\\\/2023\\\/11\\\/cq5dam.web_.800.800-35.jpeg\",\"contentUrl\":\"https:\\\/\\\/exaudi.org\\\/wp-content\\\/uploads\\\/2023\\\/11\\\/cq5dam.web_.800.800-35.jpeg\",\"width\":800,\"height\":533,\"caption\":\"Vatican Media\"},{\"@type\":\"BreadcrumbList\",\"@id\":\"https:\\\/\\\/exaudi.org\\\/it\\\/il-vangelo-e-un-annuncio-un-annuncio-di-gioia\\\/#breadcrumb\",\"itemListElement\":[{\"@type\":\"ListItem\",\"position\":1,\"name\":\"Portada\",\"item\":\"https:\\\/\\\/exaudi.org\\\/it\\\/\"},{\"@type\":\"ListItem\",\"position\":2,\"name\":\"&#8220;Il Vangelo \u00e8 un annuncio, un annuncio di gioia&#8221;\"}]},{\"@type\":\"WebSite\",\"@id\":\"https:\\\/\\\/exaudi.org\\\/#website\",\"url\":\"https:\\\/\\\/exaudi.org\\\/\",\"name\":\"Exaudi\",\"description\":\"News\",\"potentialAction\":[{\"@type\":\"SearchAction\",\"target\":{\"@type\":\"EntryPoint\",\"urlTemplate\":\"https:\\\/\\\/exaudi.org\\\/?s={search_term_string}\"},\"query-input\":{\"@type\":\"PropertyValueSpecification\",\"valueRequired\":true,\"valueName\":\"search_term_string\"}}],\"inLanguage\":\"it-IT\"},{\"@type\":\"Person\",\"@id\":\"https:\\\/\\\/exaudi.org\\\/#\\\/schema\\\/person\\\/e1ab6ed07c01774724dd96f925f3a5f0\",\"name\":\"Exaudi Redazione\",\"image\":{\"@type\":\"ImageObject\",\"inLanguage\":\"it-IT\",\"@id\":\"https:\\\/\\\/secure.gravatar.com\\\/avatar\\\/ad6774b3ada023bf5b939d64f45c94b3adf91502dd883507d469b4308a943bb3?s=96&d=mm&r=g\",\"url\":\"https:\\\/\\\/secure.gravatar.com\\\/avatar\\\/ad6774b3ada023bf5b939d64f45c94b3adf91502dd883507d469b4308a943bb3?s=96&d=mm&r=g\",\"contentUrl\":\"https:\\\/\\\/secure.gravatar.com\\\/avatar\\\/ad6774b3ada023bf5b939d64f45c94b3adf91502dd883507d469b4308a943bb3?s=96&d=mm&r=g\",\"caption\":\"Exaudi Redazione\"},\"description\":\"Che cosa \u00e8 Exaudi News? Exaudi News \u00e8 un agenzia cattolica internazionale che informa, istruisce e trasforma quotidianamente in spagnolo, inglese e italiano. Attraverso notizie, articoli di analisi e trasmissioni in diretta degli eventi del Papa, Exaudi cerca di rafforzare l'unit\u00e0 dei cristiani e di contribuire all'evangelizzazione del mondo, sempre guidato dalla dottrina sociale della Chiesa. Lavoriamo per portare la verit\u00e0 e i valori cristiani in ogni angolo del pianeta. Aiutaci a trasformare il mondo con Exaudi! Noi di Exaudi crediamo che l'evangelizzazione e l'informazione di qualit\u00e0 possano cambiare la vita. Per continuare la nostra missione ed espandere la nostra portata, abbiamo bisogno del tuo aiuto. Stiamo anche cercando persone motivate che vogliano unirsi al nostro team. Grazie al vostro sostegno raggiungeremo pi\u00f9 persone, diffonderemo il messaggio di Cristo e rafforzeremo l'unit\u00e0 dei cristiani. Vuoi unirti alla nostra missione? Per maggiori informazioni su come contribuire, visita Exaudi.org\\\/it o contattaci direttamente: info@exaudi.org Exaudi: informa, forma e trasforma.\",\"sameAs\":[\"https:\\\/\\\/www.facebook.com\\\/ExaudiNotizie\\\/\",\"https:\\\/\\\/www.instagram.com\\\/Exaudi_notizie\\\/\",\"https:\\\/\\\/x.com\\\/Exaudi_Notizie\",\"https:\\\/\\\/www.youtube.com\\\/@exaudicatholicnews\"],\"url\":\"https:\\\/\\\/exaudi.org\\\/it\\\/author\\\/dlvedi-org\\\/\"}]}<\/script>\n<!-- \/ Yoast SEO plugin. -->","yoast_head_json":{"title":"\"Il Vangelo \u00e8 un annuncio, un annuncio di gioia\" &#8211; Exaudi","robots":{"index":"index","follow":"follow","max-snippet":"max-snippet:-1","max-image-preview":"max-image-preview:large","max-video-preview":"max-video-preview:-1"},"canonical":"https:\/\/exaudi.org\/it\/il-vangelo-e-un-annuncio-un-annuncio-di-gioia\/","og_locale":"it_IT","og_type":"article","og_title":"\"Il Vangelo \u00e8 un annuncio, un annuncio di gioia\" &#8211; Exaudi","og_description":"Le parole del Papa all'Udienza Generale","og_url":"https:\/\/exaudi.org\/it\/il-vangelo-e-un-annuncio-un-annuncio-di-gioia\/","og_site_name":"Exaudi","article_publisher":"https:\/\/www.facebook.com\/ExaudiNews","article_author":"https:\/\/www.facebook.com\/ExaudiNotizie\/","article_published_time":"2023-11-15T17:48:31+00:00","og_image":[{"width":800,"height":533,"url":"https:\/\/exaudi.org\/wp-content\/uploads\/2023\/11\/cq5dam.web_.800.800-35.jpeg","type":"image\/jpeg"}],"author":"Exaudi Redazione","twitter_card":"summary_large_image","twitter_creator":"@Exaudi_Notizie","twitter_site":"@Exaudi_News","twitter_misc":{"Scritto da":"Exaudi Redazione","Tempo di lettura stimato":"7 minuti"},"schema":{"@context":"https:\/\/schema.org","@graph":[{"@type":"Article","@id":"https:\/\/exaudi.org\/it\/il-vangelo-e-un-annuncio-un-annuncio-di-gioia\/#article","isPartOf":{"@id":"https:\/\/exaudi.org\/it\/il-vangelo-e-un-annuncio-un-annuncio-di-gioia\/"},"author":{"name":"Exaudi Redazione","@id":"https:\/\/exaudi.org\/#\/schema\/person\/e1ab6ed07c01774724dd96f925f3a5f0"},"headline":"&#8220;Il Vangelo \u00e8 un annuncio, un annuncio di gioia&#8221;","datePublished":"2023-11-15T17:48:31+00:00","mainEntityOfPage":{"@id":"https:\/\/exaudi.org\/it\/il-vangelo-e-un-annuncio-un-annuncio-di-gioia\/"},"wordCount":1326,"image":{"@id":"https:\/\/exaudi.org\/it\/il-vangelo-e-un-annuncio-un-annuncio-di-gioia\/#primaryimage"},"thumbnailUrl":"https:\/\/exaudi.org\/wp-content\/uploads\/2023\/11\/cq5dam.web_.800.800-35.jpeg","keywords":["Featured","pace","preghiera","udienza generale"],"articleSection":["Leone XIV","Udienza generale"],"inLanguage":"it-IT"},{"@type":"WebPage","@id":"https:\/\/exaudi.org\/it\/il-vangelo-e-un-annuncio-un-annuncio-di-gioia\/","url":"https:\/\/exaudi.org\/it\/il-vangelo-e-un-annuncio-un-annuncio-di-gioia\/","name":"\"Il Vangelo \u00e8 un annuncio, un annuncio di gioia\" &#8211; Exaudi","isPartOf":{"@id":"https:\/\/exaudi.org\/#website"},"primaryImageOfPage":{"@id":"https:\/\/exaudi.org\/it\/il-vangelo-e-un-annuncio-un-annuncio-di-gioia\/#primaryimage"},"image":{"@id":"https:\/\/exaudi.org\/it\/il-vangelo-e-un-annuncio-un-annuncio-di-gioia\/#primaryimage"},"thumbnailUrl":"https:\/\/exaudi.org\/wp-content\/uploads\/2023\/11\/cq5dam.web_.800.800-35.jpeg","datePublished":"2023-11-15T17:48:31+00:00","author":{"@id":"https:\/\/exaudi.org\/#\/schema\/person\/e1ab6ed07c01774724dd96f925f3a5f0"},"breadcrumb":{"@id":"https:\/\/exaudi.org\/it\/il-vangelo-e-un-annuncio-un-annuncio-di-gioia\/#breadcrumb"},"inLanguage":"it-IT","potentialAction":[{"@type":"ReadAction","target":["https:\/\/exaudi.org\/it\/il-vangelo-e-un-annuncio-un-annuncio-di-gioia\/"]}]},{"@type":"ImageObject","inLanguage":"it-IT","@id":"https:\/\/exaudi.org\/it\/il-vangelo-e-un-annuncio-un-annuncio-di-gioia\/#primaryimage","url":"https:\/\/exaudi.org\/wp-content\/uploads\/2023\/11\/cq5dam.web_.800.800-35.jpeg","contentUrl":"https:\/\/exaudi.org\/wp-content\/uploads\/2023\/11\/cq5dam.web_.800.800-35.jpeg","width":800,"height":533,"caption":"Vatican Media"},{"@type":"BreadcrumbList","@id":"https:\/\/exaudi.org\/it\/il-vangelo-e-un-annuncio-un-annuncio-di-gioia\/#breadcrumb","itemListElement":[{"@type":"ListItem","position":1,"name":"Portada","item":"https:\/\/exaudi.org\/it\/"},{"@type":"ListItem","position":2,"name":"&#8220;Il Vangelo \u00e8 un annuncio, un annuncio di gioia&#8221;"}]},{"@type":"WebSite","@id":"https:\/\/exaudi.org\/#website","url":"https:\/\/exaudi.org\/","name":"Exaudi","description":"News","potentialAction":[{"@type":"SearchAction","target":{"@type":"EntryPoint","urlTemplate":"https:\/\/exaudi.org\/?s={search_term_string}"},"query-input":{"@type":"PropertyValueSpecification","valueRequired":true,"valueName":"search_term_string"}}],"inLanguage":"it-IT"},{"@type":"Person","@id":"https:\/\/exaudi.org\/#\/schema\/person\/e1ab6ed07c01774724dd96f925f3a5f0","name":"Exaudi Redazione","image":{"@type":"ImageObject","inLanguage":"it-IT","@id":"https:\/\/secure.gravatar.com\/avatar\/ad6774b3ada023bf5b939d64f45c94b3adf91502dd883507d469b4308a943bb3?s=96&d=mm&r=g","url":"https:\/\/secure.gravatar.com\/avatar\/ad6774b3ada023bf5b939d64f45c94b3adf91502dd883507d469b4308a943bb3?s=96&d=mm&r=g","contentUrl":"https:\/\/secure.gravatar.com\/avatar\/ad6774b3ada023bf5b939d64f45c94b3adf91502dd883507d469b4308a943bb3?s=96&d=mm&r=g","caption":"Exaudi Redazione"},"description":"Che cosa \u00e8 Exaudi News? Exaudi News \u00e8 un agenzia cattolica internazionale che informa, istruisce e trasforma quotidianamente in spagnolo, inglese e italiano. Attraverso notizie, articoli di analisi e trasmissioni in diretta degli eventi del Papa, Exaudi cerca di rafforzare l'unit\u00e0 dei cristiani e di contribuire all'evangelizzazione del mondo, sempre guidato dalla dottrina sociale della Chiesa. Lavoriamo per portare la verit\u00e0 e i valori cristiani in ogni angolo del pianeta. Aiutaci a trasformare il mondo con Exaudi! Noi di Exaudi crediamo che l'evangelizzazione e l'informazione di qualit\u00e0 possano cambiare la vita. Per continuare la nostra missione ed espandere la nostra portata, abbiamo bisogno del tuo aiuto. Stiamo anche cercando persone motivate che vogliano unirsi al nostro team. Grazie al vostro sostegno raggiungeremo pi\u00f9 persone, diffonderemo il messaggio di Cristo e rafforzeremo l'unit\u00e0 dei cristiani. Vuoi unirti alla nostra missione? Per maggiori informazioni su come contribuire, visita Exaudi.org\/it o contattaci direttamente: info@exaudi.org Exaudi: informa, forma e trasforma.","sameAs":["https:\/\/www.facebook.com\/ExaudiNotizie\/","https:\/\/www.instagram.com\/Exaudi_notizie\/","https:\/\/x.com\/Exaudi_Notizie","https:\/\/www.youtube.com\/@exaudicatholicnews"],"url":"https:\/\/exaudi.org\/it\/author\/dlvedi-org\/"}]}},"jetpack_featured_media_url":"https:\/\/exaudi.org\/wp-content\/uploads\/2023\/11\/cq5dam.web_.800.800-35.jpeg","jetpack_shortlink":"https:\/\/wp.me\/pgKjF2-mT0","_links":{"self":[{"href":"https:\/\/exaudi.org\/it\/wp-json\/wp\/v2\/posts\/87978","targetHints":{"allow":["GET"]}}],"collection":[{"href":"https:\/\/exaudi.org\/it\/wp-json\/wp\/v2\/posts"}],"about":[{"href":"https:\/\/exaudi.org\/it\/wp-json\/wp\/v2\/types\/post"}],"author":[{"embeddable":true,"href":"https:\/\/exaudi.org\/it\/wp-json\/wp\/v2\/users\/17"}],"replies":[{"embeddable":true,"href":"https:\/\/exaudi.org\/it\/wp-json\/wp\/v2\/comments?post=87978"}],"version-history":[{"count":0,"href":"https:\/\/exaudi.org\/it\/wp-json\/wp\/v2\/posts\/87978\/revisions"}],"wp:featuredmedia":[{"embeddable":true,"href":"https:\/\/exaudi.org\/it\/wp-json\/wp\/v2\/media\/87963"}],"wp:attachment":[{"href":"https:\/\/exaudi.org\/it\/wp-json\/wp\/v2\/media?parent=87978"}],"wp:term":[{"taxonomy":"category","embeddable":true,"href":"https:\/\/exaudi.org\/it\/wp-json\/wp\/v2\/categories?post=87978"},{"taxonomy":"post_tag","embeddable":true,"href":"https:\/\/exaudi.org\/it\/wp-json\/wp\/v2\/tags?post=87978"}],"curies":[{"name":"wp","href":"https:\/\/api.w.org\/{rel}","templated":true}]}}