{"id":87689,"date":"2023-11-11T17:56:36","date_gmt":"2023-11-11T16:56:36","guid":{"rendered":"https:\/\/exaudi.org\/?p=87689"},"modified":"2023-11-11T18:13:41","modified_gmt":"2023-11-11T17:13:41","slug":"riflessione-del-vescovo-enrique-diaz-lo-sposo-viene-andategli-incontro","status":"publish","type":"post","link":"https:\/\/exaudi.org\/it\/riflessione-del-vescovo-enrique-diaz-lo-sposo-viene-andategli-incontro\/","title":{"rendered":"Riflessione del vescovo Enrique D\u00edaz: &#8220;Lo sposo viene, andategli incontro&#8221;"},"content":{"rendered":"<p>Enrique D\u00edaz D\u00edaz condivide con i lettori di Exaudi la sua riflessione sul Vangelo di questa domenica, 12 novembre 2023, dal titolo: <em>&#8220;Lo sposo viene, andategli incontro&#8221;.<\/em><\/p>\n<p>***<\/p>\n<p><em>Sapienza di Salomone 6, 12-16: &#8220;La sapienza \u00e8 trovata da chi la cerca&#8221;.<\/em><\/p>\n<p>Salmo 62: <em>&#8220;Signore, l&#8217;anima mia ha sete di te&#8221;<\/em> *** I Tessalonicesi 4, 13.<\/p>\n<p>I Tessalonicesi 4, 13-18: <em>&#8220;Chi muore con Ges\u00f9, Dio lo porter\u00e0 con s\u00e9&#8221;.<\/em><\/p>\n<p>San Matteo 25, 1-13: <em>&#8220;Chi muore con Ges\u00f9, Dio lo porter\u00e0 con s\u00e9&#8221;<\/em>.<\/p>\n<p>Matteo 25, 1-13: &#8220;Lo sposo viene, andategli incontro&#8221;.<\/p>\n<p>L&#8217;invito a un banchetto di nozze \u00e8 uno dei temi preferiti da Ges\u00f9. Egli intende il Regno dei cieli come la pienezza dell&#8217;amore e la condivisione della gioia. E le nozze possono significare il fidanzamento del Dio amante con il suo popolo, la sposa attesa. Ges\u00f9 ci parla sempre di amore e ci invita a partecipare a questa celebrazione piena. E sarebbe il primo insegnamento a farci interrogare su come stiamo rispondendo a questa chiamata d&#8217;amore. Ma questa parabola entra anche in un clima di polemica e di provocazione. Ges\u00f9 sembra continuare a rimproverare gli scribi e i farisei per la loro incoerenza e mancanza di coerenza nella loro ricerca di Dio. Loro che erano stati invitati per primi, loro che avevano le lampade accese in mano, ora si trovano rifiutati perch\u00e9 non hanno l&#8217;olio della fede, della misericordia e della fratellanza nelle loro lampade. Hanno dimenticato ci\u00f2 che \u00e8 pi\u00f9 importante e si sono riempiti solo di apparenza e vanagloria. Molti studiosi sono colpiti dal fatto che le vergini sagge non vengono rimproverate per il loro egoismo nel negare un po&#8217; del loro olio a chi ne \u00e8 privo. Ma la chiamata e la risposta hanno soprattutto un significato personale. Dio ci chiama al suo amore in modo cos\u00ec personale e concreto che nessuno pu\u00f2 rispondere per noi. La risposta non deve essere solo di un momento, ma deve essere sempre attuale e concreta. Come l&#8217;amore, non basta aver detto una volta &#8220;ti amo&#8221;, ma deve essere manifestato con parole e azioni in ogni momento. Questo \u00e8 il peccato dei farisei: pensavano di essere gi\u00e0 salvi. \u00c8 anche il nostro peccato?<\/p>\n<p>Allo stesso tempo, in questa parabola Ges\u00f9 ci mostra anche l&#8217;urgenza della vigilanza. Descrivendo il Regno di Dio come una delle feste pi\u00f9 gioiose e partecipate, esserne esclusi significa perdere la cosa pi\u00f9 importante. La storia delle vergini ci pone in un&#8217;atmosfera di crisi che gli ascoltatori potrebbero facilmente cogliere come un campanello d&#8217;allarme per non perdere l&#8217;opportunit\u00e0 di partecipare alla grande festa del Regno. Ma in questi racconti della venuta del Figlio troviamo sempre una doppia intenzione: contemplano sia il presente che il futuro. Sono rivolti al momento presente: &#8220;state attenti, vegliate, non sapete a che ora verr\u00e0&#8230;&#8221;, ma con lo sguardo rivolto al futuro. Si tratta di convincere i discepoli che l&#8217;arrivo del futuro \u00e8 una minaccia per la loro vita presente, che \u00e8 oggi che si preparano i cambiamenti di domani, che il presente genera il futuro. La lettura dei testi di questa domenica richiede questa doppia attenzione. Ges\u00f9 sta arrivando: teniamo lo sguardo fisso su questa venuta; ma Ges\u00f9 viene anche oggi: siamo attenti e pronti ad accoglierlo. Per San Matteo, essere pronti significa ascoltare e mettere in pratica le parole di Ges\u00f9 oggi. Significa rinnovare sempre &#8220;l&#8217;olio&#8221; dell&#8217;amore e del servizio &#8211; come \u00e8 diverso dagli atteggiamenti altezzosi di sicurezza che a volte mostriamo! L&#8217;olio dell&#8217;amore di Ges\u00f9 \u00e8 sempre inquieto, sempre in ricerca e sempre attento. Ci si pu\u00f2 stancare e addormentare, ma non \u00e8 ammessa n\u00e9 la sonnolenza n\u00e9 la passivit\u00e0. L&#8217;indifferenza e la pigrizia non sono ammesse.<\/p>\n<p>Alcuni si preoccupano che se lo sposo \u00e8 in ritardo, sar\u00e0 lui a doverne sopportare le conseguenze e non le povere giovani donne che lo hanno aspettato per lunghe ore. Ma non \u00e8 un atteggiamento evangelico quello di calcolare e adattarsi alle situazioni senza la presenza del Signore. Il pericolo \u00e8 duplice: da un lato, non preoccuparsi e abbandonarsi alla bella vita, perch\u00e9 il Signore ritarda; dall&#8217;altro, non avere la pazienza di aspettare la sua venuta. La vigilanza deve essere continua. L&#8217;amore, il servizio e la dedizione non si improvvisano, sono atteggiamenti che si assumono per tutta la vita e nessuno pu\u00f2 &#8220;riempire&#8221; il nostro cuore con l&#8217;amore per gli altri. Gi\u00e0 la prima lettura ci ha messo in uno stato di ricerca e di inquietudine per trovare la saggezza. E chiedeva un cuore degno di lasciarsi trovare da lei, piuttosto che raggiungerla con le proprie forze, perch\u00e9 lei \u00e8 seduta alla porta di chi la cerca sinceramente. \u00c8 molto bella questa descrizione paradossale, contenuta nel Libro della Sapienza, dell&#8217;incontro tra l&#8217;uomo e Dio: dell&#8217;uomo che vaga e si interroga su Colui che lo ha gi\u00e0 trovato, e dell&#8217;uomo che trova Colui che non smette di cercarlo. Quando ci fermiamo, quando ci sentiamo soddisfatti e pieni di noi stessi, quando ci saturiamo dei nostri oli, nessuno pu\u00f2 riempire il nostro vuoto. Diventiamo come lampade inutili, buie e inutili, come lampade senza luce.<\/p>\n<p>Questa parabola non vuole instillare le paure e le ansie che piacciono tanto ai predicatori evangelici. Non si tratta di instillare una paura che spaventa e manipola le azioni dell&#8217;uomo. La parabola ci pone in un&#8217;altra dinamica: la dinamica dell&#8217;incontro e dell&#8217;incontro festoso al banchetto di nozze. Dobbiamo aprirci alla realt\u00e0 del Dio di Ges\u00f9: un Dio gioioso, che prepara un banchetto per riceverci, che \u00e8 in grado di comprendere le nostre stanchezze, i nostri sogni e le nostre debolezze, che vuole che la nostra felicit\u00e0 sia sempre pi\u00f9 grande nei nostri cuori e che la condividiamo nella festa universale. Chi asciuga la sua lampada o la riempie di egoismo, si esclude dalla festa. Non temiamo la fatica, il sonno, la frustrazione che sono sempre presenti nelle nostre comunit\u00e0. Impariamo a vivere nell&#8217;attesa vigile, con l&#8217;olio dell&#8217;amore e del servizio nelle nostre lampade, con l&#8217;illusione dinamica di incontrare il Signore. Quante volte mi lascio trascinare dall&#8217;indifferenza e dall&#8217;apatia? Aspetto la venuta del Signore con illusione e speranza, oppure sono assonnato e frustrato? In quali cose concrete di amore e di servizio mostro di aspettare il Signore?<\/p>\n<p><em>Padre buono, illumina i nostri cuori con la luce del tuo Spirito, affinch\u00e9 con speranza dinamica e vigilanza continua possiamo attendere la venuta del tuo Regno. Amen<\/em><\/p>\n","protected":false},"excerpt":{"rendered":"<p>31\u00aa domenica del Tempo Ordinario<\/p>\n","protected":false},"author":25,"featured_media":87647,"comment_status":"closed","ping_status":"closed","sticky":false,"template":"","format":"standard","meta":{"_acf_changed":false,"_crdt_document":"","inline_featured_image":false,"footnotes":""},"categories":[73,95],"tags":[10807,10805,4952,706],"class_list":["post-87689","post","type-post","status-publish","format-standard","has-post-thumbnail","hentry","category-chiesa-e-mondo","category-spiritualita","tag-commento","tag-mons-enrique-diaz-2","tag-trending-it","tag-vangelo"],"acf":[],"yoast_head":"<!-- This site is optimized with the Yoast SEO plugin v27.5 - https:\/\/yoast.com\/product\/yoast-seo-wordpress\/ -->\n<title>Riflessione del vescovo Enrique D\u00edaz: &quot;Lo sposo viene, andategli incontro&quot; &#8211; Exaudi<\/title>\n<meta name=\"robots\" content=\"index, follow, max-snippet:-1, max-image-preview:large, max-video-preview:-1\" \/>\n<link rel=\"canonical\" href=\"https:\/\/exaudi.org\/it\/riflessione-del-vescovo-enrique-diaz-lo-sposo-viene-andategli-incontro\/\" \/>\n<meta property=\"og:locale\" content=\"it_IT\" \/>\n<meta property=\"og:type\" content=\"article\" \/>\n<meta property=\"og:title\" content=\"Riflessione del vescovo Enrique D\u00edaz: &quot;Lo sposo viene, andategli incontro&quot; &#8211; Exaudi\" \/>\n<meta property=\"og:description\" content=\"31\u00aa domenica del Tempo Ordinario\" \/>\n<meta property=\"og:url\" content=\"https:\/\/exaudi.org\/it\/riflessione-del-vescovo-enrique-diaz-lo-sposo-viene-andategli-incontro\/\" \/>\n<meta property=\"og:site_name\" content=\"Exaudi\" \/>\n<meta property=\"article:publisher\" content=\"https:\/\/www.facebook.com\/ExaudiNews\" \/>\n<meta property=\"article:published_time\" content=\"2023-11-11T16:56:36+00:00\" \/>\n<meta property=\"article:modified_time\" content=\"2023-11-11T17:13:41+00:00\" \/>\n<meta property=\"og:image\" content=\"https:\/\/exaudi.org\/wp-content\/uploads\/2023\/11\/cathopic_1496701301407956-scaled.jpg\" \/>\n\t<meta property=\"og:image:width\" content=\"2560\" \/>\n\t<meta property=\"og:image:height\" content=\"1707\" \/>\n\t<meta property=\"og:image:type\" content=\"image\/jpeg\" \/>\n<meta name=\"author\" content=\"Enrique D\u00edaz\" \/>\n<meta name=\"twitter:card\" content=\"summary_large_image\" \/>\n<meta name=\"twitter:creator\" content=\"@Exaudi_News\" \/>\n<meta name=\"twitter:site\" content=\"@Exaudi_News\" \/>\n<meta name=\"twitter:label1\" content=\"Scritto da\" \/>\n\t<meta name=\"twitter:data1\" content=\"Enrique D\u00edaz\" \/>\n\t<meta name=\"twitter:label2\" content=\"Tempo di lettura stimato\" \/>\n\t<meta name=\"twitter:data2\" content=\"5 minuti\" \/>\n<script type=\"application\/ld+json\" class=\"yoast-schema-graph\">{\"@context\":\"https:\\\/\\\/schema.org\",\"@graph\":[{\"@type\":\"Article\",\"@id\":\"https:\\\/\\\/exaudi.org\\\/it\\\/riflessione-del-vescovo-enrique-diaz-lo-sposo-viene-andategli-incontro\\\/#article\",\"isPartOf\":{\"@id\":\"https:\\\/\\\/exaudi.org\\\/it\\\/riflessione-del-vescovo-enrique-diaz-lo-sposo-viene-andategli-incontro\\\/\"},\"author\":{\"name\":\"Enrique D\u00edaz\",\"@id\":\"https:\\\/\\\/exaudi.org\\\/#\\\/schema\\\/person\\\/c02ffbd10830fa375f6882f7dcf1844d\"},\"headline\":\"Riflessione del vescovo Enrique D\u00edaz: &#8220;Lo sposo viene, andategli incontro&#8221;\",\"datePublished\":\"2023-11-11T16:56:36+00:00\",\"dateModified\":\"2023-11-11T17:13:41+00:00\",\"mainEntityOfPage\":{\"@id\":\"https:\\\/\\\/exaudi.org\\\/it\\\/riflessione-del-vescovo-enrique-diaz-lo-sposo-viene-andategli-incontro\\\/\"},\"wordCount\":1069,\"image\":{\"@id\":\"https:\\\/\\\/exaudi.org\\\/it\\\/riflessione-del-vescovo-enrique-diaz-lo-sposo-viene-andategli-incontro\\\/#primaryimage\"},\"thumbnailUrl\":\"https:\\\/\\\/exaudi.org\\\/wp-content\\\/uploads\\\/2023\\\/11\\\/cathopic_1496701301407956-scaled.jpg\",\"keywords\":[\"Commento\",\"MONS. ENRIQUE D\u00cdAZ\",\"Trending\",\"Vangelo\"],\"articleSection\":[\"Chiesa e Mondo\",\"Spiritualit\u00e0\"],\"inLanguage\":\"it-IT\"},{\"@type\":\"WebPage\",\"@id\":\"https:\\\/\\\/exaudi.org\\\/it\\\/riflessione-del-vescovo-enrique-diaz-lo-sposo-viene-andategli-incontro\\\/\",\"url\":\"https:\\\/\\\/exaudi.org\\\/it\\\/riflessione-del-vescovo-enrique-diaz-lo-sposo-viene-andategli-incontro\\\/\",\"name\":\"Riflessione del vescovo Enrique D\u00edaz: \\\"Lo sposo viene, andategli incontro\\\" &#8211; Exaudi\",\"isPartOf\":{\"@id\":\"https:\\\/\\\/exaudi.org\\\/#website\"},\"primaryImageOfPage\":{\"@id\":\"https:\\\/\\\/exaudi.org\\\/it\\\/riflessione-del-vescovo-enrique-diaz-lo-sposo-viene-andategli-incontro\\\/#primaryimage\"},\"image\":{\"@id\":\"https:\\\/\\\/exaudi.org\\\/it\\\/riflessione-del-vescovo-enrique-diaz-lo-sposo-viene-andategli-incontro\\\/#primaryimage\"},\"thumbnailUrl\":\"https:\\\/\\\/exaudi.org\\\/wp-content\\\/uploads\\\/2023\\\/11\\\/cathopic_1496701301407956-scaled.jpg\",\"datePublished\":\"2023-11-11T16:56:36+00:00\",\"dateModified\":\"2023-11-11T17:13:41+00:00\",\"author\":{\"@id\":\"https:\\\/\\\/exaudi.org\\\/#\\\/schema\\\/person\\\/c02ffbd10830fa375f6882f7dcf1844d\"},\"breadcrumb\":{\"@id\":\"https:\\\/\\\/exaudi.org\\\/it\\\/riflessione-del-vescovo-enrique-diaz-lo-sposo-viene-andategli-incontro\\\/#breadcrumb\"},\"inLanguage\":\"it-IT\",\"potentialAction\":[{\"@type\":\"ReadAction\",\"target\":[\"https:\\\/\\\/exaudi.org\\\/it\\\/riflessione-del-vescovo-enrique-diaz-lo-sposo-viene-andategli-incontro\\\/\"]}]},{\"@type\":\"ImageObject\",\"inLanguage\":\"it-IT\",\"@id\":\"https:\\\/\\\/exaudi.org\\\/it\\\/riflessione-del-vescovo-enrique-diaz-lo-sposo-viene-andategli-incontro\\\/#primaryimage\",\"url\":\"https:\\\/\\\/exaudi.org\\\/wp-content\\\/uploads\\\/2023\\\/11\\\/cathopic_1496701301407956-scaled.jpg\",\"contentUrl\":\"https:\\\/\\\/exaudi.org\\\/wp-content\\\/uploads\\\/2023\\\/11\\\/cathopic_1496701301407956-scaled.jpg\",\"width\":2560,\"height\":1707,\"caption\":\"Cathopic\"},{\"@type\":\"BreadcrumbList\",\"@id\":\"https:\\\/\\\/exaudi.org\\\/it\\\/riflessione-del-vescovo-enrique-diaz-lo-sposo-viene-andategli-incontro\\\/#breadcrumb\",\"itemListElement\":[{\"@type\":\"ListItem\",\"position\":1,\"name\":\"Portada\",\"item\":\"https:\\\/\\\/exaudi.org\\\/it\\\/\"},{\"@type\":\"ListItem\",\"position\":2,\"name\":\"Riflessione del vescovo Enrique D\u00edaz: &#8220;Lo sposo viene, andategli incontro&#8221;\"}]},{\"@type\":\"WebSite\",\"@id\":\"https:\\\/\\\/exaudi.org\\\/#website\",\"url\":\"https:\\\/\\\/exaudi.org\\\/\",\"name\":\"Exaudi\",\"description\":\"News\",\"potentialAction\":[{\"@type\":\"SearchAction\",\"target\":{\"@type\":\"EntryPoint\",\"urlTemplate\":\"https:\\\/\\\/exaudi.org\\\/?s={search_term_string}\"},\"query-input\":{\"@type\":\"PropertyValueSpecification\",\"valueRequired\":true,\"valueName\":\"search_term_string\"}}],\"inLanguage\":\"it-IT\"},{\"@type\":\"Person\",\"@id\":\"https:\\\/\\\/exaudi.org\\\/#\\\/schema\\\/person\\\/c02ffbd10830fa375f6882f7dcf1844d\",\"name\":\"Enrique D\u00edaz\",\"image\":{\"@type\":\"ImageObject\",\"inLanguage\":\"it-IT\",\"@id\":\"https:\\\/\\\/secure.gravatar.com\\\/avatar\\\/7ca10be5325a95d04b74082d68ba605aa69611eb0f68f47096cb1bc349873284?s=96&d=mm&r=g\",\"url\":\"https:\\\/\\\/secure.gravatar.com\\\/avatar\\\/7ca10be5325a95d04b74082d68ba605aa69611eb0f68f47096cb1bc349873284?s=96&d=mm&r=g\",\"contentUrl\":\"https:\\\/\\\/secure.gravatar.com\\\/avatar\\\/7ca10be5325a95d04b74082d68ba605aa69611eb0f68f47096cb1bc349873284?s=96&d=mm&r=g\",\"caption\":\"Enrique D\u00edaz\"},\"description\":\"Naci\u00f3 en Huandacareo, Michoac\u00e1n, M\u00e9xico, en 1952. Realiz\u00f3 sus estudios de Filosof\u00eda y Teolog\u00eda en el Seminario de Morelia. Ordenado di\u00e1cono el 22 de mayo de 1977, y presb\u00edtero el 23 de octubre del mismo a\u00f1o. Obtuvo la Licenciatura en Sagrada Escritura en el Pontificio Instituto B\u00edblico en Roma. Ha desarrollado m\u00faltiples encargos pastorales como el de capell\u00e1n de la rector\u00eda de las Tres Aves Mar\u00edas; responsable de la Pastoral B\u00edblica Diocesana y director de la Escuela B\u00edblica en Morelia; maestro de Biblia en el Seminario Conciliar de Morelia, p\u00e1rroco de la Parroquia de Nuestra Se\u00f1ora de Guadalupe, Col. Guadalupe, Morelia; o vicario episcopal para la Zona de Nuestra Se\u00f1ora de la Luz, P\u00e1tzcuaro. Ordenado obispo auxiliar de san Crist\u00f3bal de las Casas en 2003. En la Conferencia Episcopal form\u00f3 parte de las Comisiones de Biblia, Diaconado y Ministerios Laicales. Fue responsable de las Dimensiones de Ministerios Laicales, de Educaci\u00f3n y Cultura. Ha participado en encuentros latinoamericanos y mundiales sobre el Diaconado Permanente. Actualmente es el responsable de la Dimensi\u00f3n de Pastoral de la Cultura. Particip\u00f3 como Miembro del S\u00ednodo de Obispos sobre la Palabra de Dios en la Vida y Misi\u00f3n de la Iglesia en Roma, en 2008. Recibi\u00f3 el nombramiento de obispo coadjutor de San Crist\u00f3bal de las Casas en 2014. Nombrado II obispo de Irapuato el d\u00eda 11 de marzo, tom\u00f3 posesi\u00f3n el 19 de Mayo. Colabora en varias revistas y publicaciones sobre todo con la reflexi\u00f3n diaria y dominical tanto en audio como escrita.\",\"url\":\"https:\\\/\\\/exaudi.org\\\/it\\\/author\\\/enriquediaz\\\/\"}]}<\/script>\n<!-- \/ Yoast SEO plugin. -->","yoast_head_json":{"title":"Riflessione del vescovo Enrique D\u00edaz: \"Lo sposo viene, andategli incontro\" &#8211; Exaudi","robots":{"index":"index","follow":"follow","max-snippet":"max-snippet:-1","max-image-preview":"max-image-preview:large","max-video-preview":"max-video-preview:-1"},"canonical":"https:\/\/exaudi.org\/it\/riflessione-del-vescovo-enrique-diaz-lo-sposo-viene-andategli-incontro\/","og_locale":"it_IT","og_type":"article","og_title":"Riflessione del vescovo Enrique D\u00edaz: \"Lo sposo viene, andategli incontro\" &#8211; Exaudi","og_description":"31\u00aa domenica del Tempo Ordinario","og_url":"https:\/\/exaudi.org\/it\/riflessione-del-vescovo-enrique-diaz-lo-sposo-viene-andategli-incontro\/","og_site_name":"Exaudi","article_publisher":"https:\/\/www.facebook.com\/ExaudiNews","article_published_time":"2023-11-11T16:56:36+00:00","article_modified_time":"2023-11-11T17:13:41+00:00","og_image":[{"width":2560,"height":1707,"url":"https:\/\/exaudi.org\/wp-content\/uploads\/2023\/11\/cathopic_1496701301407956-scaled.jpg","type":"image\/jpeg"}],"author":"Enrique D\u00edaz","twitter_card":"summary_large_image","twitter_creator":"@Exaudi_News","twitter_site":"@Exaudi_News","twitter_misc":{"Scritto da":"Enrique D\u00edaz","Tempo di lettura stimato":"5 minuti"},"schema":{"@context":"https:\/\/schema.org","@graph":[{"@type":"Article","@id":"https:\/\/exaudi.org\/it\/riflessione-del-vescovo-enrique-diaz-lo-sposo-viene-andategli-incontro\/#article","isPartOf":{"@id":"https:\/\/exaudi.org\/it\/riflessione-del-vescovo-enrique-diaz-lo-sposo-viene-andategli-incontro\/"},"author":{"name":"Enrique D\u00edaz","@id":"https:\/\/exaudi.org\/#\/schema\/person\/c02ffbd10830fa375f6882f7dcf1844d"},"headline":"Riflessione del vescovo Enrique D\u00edaz: &#8220;Lo sposo viene, andategli incontro&#8221;","datePublished":"2023-11-11T16:56:36+00:00","dateModified":"2023-11-11T17:13:41+00:00","mainEntityOfPage":{"@id":"https:\/\/exaudi.org\/it\/riflessione-del-vescovo-enrique-diaz-lo-sposo-viene-andategli-incontro\/"},"wordCount":1069,"image":{"@id":"https:\/\/exaudi.org\/it\/riflessione-del-vescovo-enrique-diaz-lo-sposo-viene-andategli-incontro\/#primaryimage"},"thumbnailUrl":"https:\/\/exaudi.org\/wp-content\/uploads\/2023\/11\/cathopic_1496701301407956-scaled.jpg","keywords":["Commento","MONS. ENRIQUE D\u00cdAZ","Trending","Vangelo"],"articleSection":["Chiesa e Mondo","Spiritualit\u00e0"],"inLanguage":"it-IT"},{"@type":"WebPage","@id":"https:\/\/exaudi.org\/it\/riflessione-del-vescovo-enrique-diaz-lo-sposo-viene-andategli-incontro\/","url":"https:\/\/exaudi.org\/it\/riflessione-del-vescovo-enrique-diaz-lo-sposo-viene-andategli-incontro\/","name":"Riflessione del vescovo Enrique D\u00edaz: \"Lo sposo viene, andategli incontro\" &#8211; Exaudi","isPartOf":{"@id":"https:\/\/exaudi.org\/#website"},"primaryImageOfPage":{"@id":"https:\/\/exaudi.org\/it\/riflessione-del-vescovo-enrique-diaz-lo-sposo-viene-andategli-incontro\/#primaryimage"},"image":{"@id":"https:\/\/exaudi.org\/it\/riflessione-del-vescovo-enrique-diaz-lo-sposo-viene-andategli-incontro\/#primaryimage"},"thumbnailUrl":"https:\/\/exaudi.org\/wp-content\/uploads\/2023\/11\/cathopic_1496701301407956-scaled.jpg","datePublished":"2023-11-11T16:56:36+00:00","dateModified":"2023-11-11T17:13:41+00:00","author":{"@id":"https:\/\/exaudi.org\/#\/schema\/person\/c02ffbd10830fa375f6882f7dcf1844d"},"breadcrumb":{"@id":"https:\/\/exaudi.org\/it\/riflessione-del-vescovo-enrique-diaz-lo-sposo-viene-andategli-incontro\/#breadcrumb"},"inLanguage":"it-IT","potentialAction":[{"@type":"ReadAction","target":["https:\/\/exaudi.org\/it\/riflessione-del-vescovo-enrique-diaz-lo-sposo-viene-andategli-incontro\/"]}]},{"@type":"ImageObject","inLanguage":"it-IT","@id":"https:\/\/exaudi.org\/it\/riflessione-del-vescovo-enrique-diaz-lo-sposo-viene-andategli-incontro\/#primaryimage","url":"https:\/\/exaudi.org\/wp-content\/uploads\/2023\/11\/cathopic_1496701301407956-scaled.jpg","contentUrl":"https:\/\/exaudi.org\/wp-content\/uploads\/2023\/11\/cathopic_1496701301407956-scaled.jpg","width":2560,"height":1707,"caption":"Cathopic"},{"@type":"BreadcrumbList","@id":"https:\/\/exaudi.org\/it\/riflessione-del-vescovo-enrique-diaz-lo-sposo-viene-andategli-incontro\/#breadcrumb","itemListElement":[{"@type":"ListItem","position":1,"name":"Portada","item":"https:\/\/exaudi.org\/it\/"},{"@type":"ListItem","position":2,"name":"Riflessione del vescovo Enrique D\u00edaz: &#8220;Lo sposo viene, andategli incontro&#8221;"}]},{"@type":"WebSite","@id":"https:\/\/exaudi.org\/#website","url":"https:\/\/exaudi.org\/","name":"Exaudi","description":"News","potentialAction":[{"@type":"SearchAction","target":{"@type":"EntryPoint","urlTemplate":"https:\/\/exaudi.org\/?s={search_term_string}"},"query-input":{"@type":"PropertyValueSpecification","valueRequired":true,"valueName":"search_term_string"}}],"inLanguage":"it-IT"},{"@type":"Person","@id":"https:\/\/exaudi.org\/#\/schema\/person\/c02ffbd10830fa375f6882f7dcf1844d","name":"Enrique D\u00edaz","image":{"@type":"ImageObject","inLanguage":"it-IT","@id":"https:\/\/secure.gravatar.com\/avatar\/7ca10be5325a95d04b74082d68ba605aa69611eb0f68f47096cb1bc349873284?s=96&d=mm&r=g","url":"https:\/\/secure.gravatar.com\/avatar\/7ca10be5325a95d04b74082d68ba605aa69611eb0f68f47096cb1bc349873284?s=96&d=mm&r=g","contentUrl":"https:\/\/secure.gravatar.com\/avatar\/7ca10be5325a95d04b74082d68ba605aa69611eb0f68f47096cb1bc349873284?s=96&d=mm&r=g","caption":"Enrique D\u00edaz"},"description":"Naci\u00f3 en Huandacareo, Michoac\u00e1n, M\u00e9xico, en 1952. Realiz\u00f3 sus estudios de Filosof\u00eda y Teolog\u00eda en el Seminario de Morelia. Ordenado di\u00e1cono el 22 de mayo de 1977, y presb\u00edtero el 23 de octubre del mismo a\u00f1o. Obtuvo la Licenciatura en Sagrada Escritura en el Pontificio Instituto B\u00edblico en Roma. Ha desarrollado m\u00faltiples encargos pastorales como el de capell\u00e1n de la rector\u00eda de las Tres Aves Mar\u00edas; responsable de la Pastoral B\u00edblica Diocesana y director de la Escuela B\u00edblica en Morelia; maestro de Biblia en el Seminario Conciliar de Morelia, p\u00e1rroco de la Parroquia de Nuestra Se\u00f1ora de Guadalupe, Col. Guadalupe, Morelia; o vicario episcopal para la Zona de Nuestra Se\u00f1ora de la Luz, P\u00e1tzcuaro. Ordenado obispo auxiliar de san Crist\u00f3bal de las Casas en 2003. En la Conferencia Episcopal form\u00f3 parte de las Comisiones de Biblia, Diaconado y Ministerios Laicales. Fue responsable de las Dimensiones de Ministerios Laicales, de Educaci\u00f3n y Cultura. Ha participado en encuentros latinoamericanos y mundiales sobre el Diaconado Permanente. Actualmente es el responsable de la Dimensi\u00f3n de Pastoral de la Cultura. Particip\u00f3 como Miembro del S\u00ednodo de Obispos sobre la Palabra de Dios en la Vida y Misi\u00f3n de la Iglesia en Roma, en 2008. Recibi\u00f3 el nombramiento de obispo coadjutor de San Crist\u00f3bal de las Casas en 2014. Nombrado II obispo de Irapuato el d\u00eda 11 de marzo, tom\u00f3 posesi\u00f3n el 19 de Mayo. Colabora en varias revistas y publicaciones sobre todo con la reflexi\u00f3n diaria y dominical tanto en audio como escrita.","url":"https:\/\/exaudi.org\/it\/author\/enriquediaz\/"}]}},"jetpack_featured_media_url":"https:\/\/exaudi.org\/wp-content\/uploads\/2023\/11\/cathopic_1496701301407956-scaled.jpg","jetpack_shortlink":"https:\/\/wp.me\/pgKjF2-mOl","_links":{"self":[{"href":"https:\/\/exaudi.org\/it\/wp-json\/wp\/v2\/posts\/87689","targetHints":{"allow":["GET"]}}],"collection":[{"href":"https:\/\/exaudi.org\/it\/wp-json\/wp\/v2\/posts"}],"about":[{"href":"https:\/\/exaudi.org\/it\/wp-json\/wp\/v2\/types\/post"}],"author":[{"embeddable":true,"href":"https:\/\/exaudi.org\/it\/wp-json\/wp\/v2\/users\/25"}],"replies":[{"embeddable":true,"href":"https:\/\/exaudi.org\/it\/wp-json\/wp\/v2\/comments?post=87689"}],"version-history":[{"count":0,"href":"https:\/\/exaudi.org\/it\/wp-json\/wp\/v2\/posts\/87689\/revisions"}],"wp:featuredmedia":[{"embeddable":true,"href":"https:\/\/exaudi.org\/it\/wp-json\/wp\/v2\/media\/87647"}],"wp:attachment":[{"href":"https:\/\/exaudi.org\/it\/wp-json\/wp\/v2\/media?parent=87689"}],"wp:term":[{"taxonomy":"category","embeddable":true,"href":"https:\/\/exaudi.org\/it\/wp-json\/wp\/v2\/categories?post=87689"},{"taxonomy":"post_tag","embeddable":true,"href":"https:\/\/exaudi.org\/it\/wp-json\/wp\/v2\/tags?post=87689"}],"curies":[{"name":"wp","href":"https:\/\/api.w.org\/{rel}","templated":true}]}}