{"id":87437,"date":"2023-11-09T00:34:31","date_gmt":"2023-11-08T23:34:31","guid":{"rendered":"https:\/\/exaudi.org\/?p=87437"},"modified":"2023-11-09T13:01:09","modified_gmt":"2023-11-09T12:01:09","slug":"papa-francesco-riconosce-le-virtu-eroiche-di-quattro-person","status":"publish","type":"post","link":"https:\/\/exaudi.org\/it\/papa-francesco-riconosce-le-virtu-eroiche-di-quattro-person\/","title":{"rendered":"Papa Francesco riconosce le virt\u00f9 eroiche di quattro persone"},"content":{"rendered":"<p>L&#8217;autorizzazione di Papa Francesco al Dicastero per le Cause dei Santi a promulgare Decreti riguardanti i miracoli e le virt\u00f9 eroiche \u00e8 un evento importante per la Chiesa cattolica. Questi decreti riconoscono la santit\u00e0 di vita di persone che hanno vissuto e testimoniato il Vangelo di Ges\u00f9 con eroismo.<\/p>\n<p>Nel caso particolare del cardinale argentino Eduardo Pironio, l&#8217;approvazione del miracolo attribuito alla sua intercessione \u00e8 un riconoscimento della sua vita di fede, carit\u00e0 e servizio ai pi\u00f9 bisognosi. Pironio \u00e8 stato un importante promotore delle Giornate Mondiali della Giovent\u00f9 e il suo esempio di vita \u00e8 un incoraggiamento per i giovani di tutto il mondo.<\/p>\n<p>L&#8217;approvazione delle virt\u00f9 eroiche delle altre tre persone \u00e8 anche un motivo di gioia per la Chiesa. Elisea Vakayil, Maria Francesca Foresti e Giuseppe Marrazzo sono persone che, con la loro vita di preghiera, carit\u00e0 e umilt\u00e0, hanno dato testimonianza dell&#8217;amore di Dio. Il loro esempio ci invita a seguire le loro orme e a vivere una vita cristiana impegnata.<\/p>\n<p>Nel complesso, l&#8217;autorizzazione di questi decreti \u00e8 una buona notizia per la Chiesa cattolica. Ci ricorda che la santit\u00e0 \u00e8 possibile per tutti e che l&#8217;esempio dei santi ci aiuta a seguire Ges\u00f9 e a costruire un mondo pi\u00f9 giusto e fraterno.<\/p>\n<h3><strong>Bollettino Sala Stampa della Santa Sede<\/strong><\/h3>\n<div class=\"titolo\">\n<div class=\"bulltitledate titolo\"><\/div>\n<\/div>\n<p>Promulgazione di Decreti del Dicastero delle Cause dei Santi<\/p>\n<p>Durante l\u2019Udienza concessa a Sua Eminenza Reverendissima il Signor Cardinale Marcello Semeraro, Prefetto del Dicastero delle Cause dei Santi, il Sommo Pontefice ha autorizzato il medesimo Dicastero a promulgare i Decreti riguardanti:<\/p>\n<p>&#8211; il miracolo attribuito all\u2019intercessione del Venerabile Servo di Dio Edoardo Francesco Pironio, Cardinale di Santa Romana Chiesa; nato a Nueve de Julio (Argentina) il 3 dicembre 1920 e morto a Roma (Italia) il 5 febbraio 1998;<\/p>\n<p>&#8211; le virt\u00f9 eroiche del Servo di Dio Giuseppe Marrazzo, Sacerdote professo della Congregazione dei Rogazionisti del Cuore di Ges\u00f9; nato il 5 maggio 1917 a San Vito dei Normanni (Italia) e morto il 30 novembre 1992 a Messina (Italia);<\/p>\n<p>&#8211; le virt\u00f9 eroiche della Serva di Dio Eliswa della Beata Vergine Maria (al secolo: Eliswa Vakayil), Fondatrice della Congregazione del Terz\u2019Ordine delle Carmelitane Scalze, ora Suore Carmelitane Teresiane; nata il 15 ottobre 1831 a Ochanthuruth (India) e morta il 18 luglio 1913 a Varapuzha (India);<\/p>\n<p>&#8211; le virt\u00f9 eroiche della Serva di Dio Maria Francesca Foresti (al secolo: Eleonora), Fondatrice della Congregazione delle Suore Francescane Adoratrici; nata il 17 febbraio 1898 a Bologna (Italia) e morta il 12 novembre 1953 a Ozzano Emilia (Italia).<\/p>\n","protected":false},"excerpt":{"rendered":"<p>Eduardo Pironio, Elisea Vakayil, Maria Francesca Foresti e Giuseppe Marrazzo<\/p>\n","protected":false},"author":17,"featured_media":87441,"comment_status":"closed","ping_status":"closed","sticky":false,"template":"","format":"standard","meta":{"_acf_changed":false,"_crdt_document":"","inline_featured_image":false,"footnotes":""},"categories":[101,67],"tags":[2056,10751],"class_list":["post-87437","post","type-post","status-publish","format-standard","has-post-thumbnail","hentry","category-documenti","category-leone-xiv","tag-cardinali","tag-sacerdoti-e-suore"],"acf":[],"yoast_head":"<!-- This site is optimized with the Yoast SEO plugin v27.5 - https:\/\/yoast.com\/product\/yoast-seo-wordpress\/ -->\n<title>Papa Francesco riconosce le virt\u00f9 eroiche di quattro persone &#8211; Exaudi<\/title>\n<meta name=\"robots\" content=\"index, follow, max-snippet:-1, max-image-preview:large, max-video-preview:-1\" \/>\n<link rel=\"canonical\" href=\"https:\/\/exaudi.org\/it\/papa-francesco-riconosce-le-virtu-eroiche-di-quattro-person\/\" \/>\n<meta property=\"og:locale\" content=\"it_IT\" \/>\n<meta property=\"og:type\" content=\"article\" \/>\n<meta property=\"og:title\" content=\"Papa Francesco riconosce le virt\u00f9 eroiche di quattro persone &#8211; Exaudi\" \/>\n<meta property=\"og:description\" content=\"Eduardo Pironio, Elisea Vakayil, Maria Francesca Foresti e Giuseppe Marrazzo\" \/>\n<meta property=\"og:url\" content=\"https:\/\/exaudi.org\/it\/papa-francesco-riconosce-le-virtu-eroiche-di-quattro-person\/\" \/>\n<meta property=\"og:site_name\" content=\"Exaudi\" \/>\n<meta property=\"article:publisher\" content=\"https:\/\/www.facebook.com\/ExaudiNews\" \/>\n<meta property=\"article:author\" content=\"https:\/\/www.facebook.com\/ExaudiNotizie\/\" \/>\n<meta property=\"article:published_time\" content=\"2023-11-08T23:34:31+00:00\" \/>\n<meta property=\"article:modified_time\" content=\"2023-11-09T12:01:09+00:00\" \/>\n<meta property=\"og:image\" content=\"https:\/\/exaudi.org\/wp-content\/uploads\/2023\/11\/cq5dam.thumbnail.cropped.750.422-1-3.jpeg\" \/>\n\t<meta property=\"og:image:width\" content=\"750\" \/>\n\t<meta property=\"og:image:height\" content=\"422\" \/>\n\t<meta property=\"og:image:type\" content=\"image\/jpeg\" \/>\n<meta name=\"author\" content=\"Exaudi Redazione\" \/>\n<meta name=\"twitter:card\" content=\"summary_large_image\" \/>\n<meta name=\"twitter:creator\" content=\"@Exaudi_Notizie\" \/>\n<meta name=\"twitter:site\" content=\"@Exaudi_News\" \/>\n<meta name=\"twitter:label1\" content=\"Scritto da\" \/>\n\t<meta name=\"twitter:data1\" content=\"Exaudi Redazione\" \/>\n\t<meta name=\"twitter:label2\" content=\"Tempo di lettura stimato\" \/>\n\t<meta name=\"twitter:data2\" content=\"2 minuti\" \/>\n<script type=\"application\/ld+json\" class=\"yoast-schema-graph\">{\"@context\":\"https:\\\/\\\/schema.org\",\"@graph\":[{\"@type\":\"Article\",\"@id\":\"https:\\\/\\\/exaudi.org\\\/it\\\/papa-francesco-riconosce-le-virtu-eroiche-di-quattro-person\\\/#article\",\"isPartOf\":{\"@id\":\"https:\\\/\\\/exaudi.org\\\/it\\\/papa-francesco-riconosce-le-virtu-eroiche-di-quattro-person\\\/\"},\"author\":{\"name\":\"Exaudi Redazione\",\"@id\":\"https:\\\/\\\/exaudi.org\\\/#\\\/schema\\\/person\\\/e1ab6ed07c01774724dd96f925f3a5f0\"},\"headline\":\"Papa Francesco riconosce le virt\u00f9 eroiche di quattro persone\",\"datePublished\":\"2023-11-08T23:34:31+00:00\",\"dateModified\":\"2023-11-09T12:01:09+00:00\",\"mainEntityOfPage\":{\"@id\":\"https:\\\/\\\/exaudi.org\\\/it\\\/papa-francesco-riconosce-le-virtu-eroiche-di-quattro-person\\\/\"},\"wordCount\":411,\"image\":{\"@id\":\"https:\\\/\\\/exaudi.org\\\/it\\\/papa-francesco-riconosce-le-virtu-eroiche-di-quattro-person\\\/#primaryimage\"},\"thumbnailUrl\":\"https:\\\/\\\/exaudi.org\\\/wp-content\\\/uploads\\\/2023\\\/11\\\/cq5dam.thumbnail.cropped.750.422-1-3.jpeg\",\"keywords\":[\"cardinali\",\"SACERDOTI E SUORE\"],\"articleSection\":[\"Documenti\",\"Leone XIV\"],\"inLanguage\":\"it-IT\"},{\"@type\":\"WebPage\",\"@id\":\"https:\\\/\\\/exaudi.org\\\/it\\\/papa-francesco-riconosce-le-virtu-eroiche-di-quattro-person\\\/\",\"url\":\"https:\\\/\\\/exaudi.org\\\/it\\\/papa-francesco-riconosce-le-virtu-eroiche-di-quattro-person\\\/\",\"name\":\"Papa Francesco riconosce le virt\u00f9 eroiche di quattro persone &#8211; Exaudi\",\"isPartOf\":{\"@id\":\"https:\\\/\\\/exaudi.org\\\/#website\"},\"primaryImageOfPage\":{\"@id\":\"https:\\\/\\\/exaudi.org\\\/it\\\/papa-francesco-riconosce-le-virtu-eroiche-di-quattro-person\\\/#primaryimage\"},\"image\":{\"@id\":\"https:\\\/\\\/exaudi.org\\\/it\\\/papa-francesco-riconosce-le-virtu-eroiche-di-quattro-person\\\/#primaryimage\"},\"thumbnailUrl\":\"https:\\\/\\\/exaudi.org\\\/wp-content\\\/uploads\\\/2023\\\/11\\\/cq5dam.thumbnail.cropped.750.422-1-3.jpeg\",\"datePublished\":\"2023-11-08T23:34:31+00:00\",\"dateModified\":\"2023-11-09T12:01:09+00:00\",\"author\":{\"@id\":\"https:\\\/\\\/exaudi.org\\\/#\\\/schema\\\/person\\\/e1ab6ed07c01774724dd96f925f3a5f0\"},\"breadcrumb\":{\"@id\":\"https:\\\/\\\/exaudi.org\\\/it\\\/papa-francesco-riconosce-le-virtu-eroiche-di-quattro-person\\\/#breadcrumb\"},\"inLanguage\":\"it-IT\",\"potentialAction\":[{\"@type\":\"ReadAction\",\"target\":[\"https:\\\/\\\/exaudi.org\\\/it\\\/papa-francesco-riconosce-le-virtu-eroiche-di-quattro-person\\\/\"]}]},{\"@type\":\"ImageObject\",\"inLanguage\":\"it-IT\",\"@id\":\"https:\\\/\\\/exaudi.org\\\/it\\\/papa-francesco-riconosce-le-virtu-eroiche-di-quattro-person\\\/#primaryimage\",\"url\":\"https:\\\/\\\/exaudi.org\\\/wp-content\\\/uploads\\\/2023\\\/11\\\/cq5dam.thumbnail.cropped.750.422-1-3.jpeg\",\"contentUrl\":\"https:\\\/\\\/exaudi.org\\\/wp-content\\\/uploads\\\/2023\\\/11\\\/cq5dam.thumbnail.cropped.750.422-1-3.jpeg\",\"width\":750,\"height\":422,\"caption\":\"Vatican News\"},{\"@type\":\"BreadcrumbList\",\"@id\":\"https:\\\/\\\/exaudi.org\\\/it\\\/papa-francesco-riconosce-le-virtu-eroiche-di-quattro-person\\\/#breadcrumb\",\"itemListElement\":[{\"@type\":\"ListItem\",\"position\":1,\"name\":\"Portada\",\"item\":\"https:\\\/\\\/exaudi.org\\\/it\\\/\"},{\"@type\":\"ListItem\",\"position\":2,\"name\":\"Papa Francesco riconosce le virt\u00f9 eroiche di quattro persone\"}]},{\"@type\":\"WebSite\",\"@id\":\"https:\\\/\\\/exaudi.org\\\/#website\",\"url\":\"https:\\\/\\\/exaudi.org\\\/\",\"name\":\"Exaudi\",\"description\":\"News\",\"potentialAction\":[{\"@type\":\"SearchAction\",\"target\":{\"@type\":\"EntryPoint\",\"urlTemplate\":\"https:\\\/\\\/exaudi.org\\\/?s={search_term_string}\"},\"query-input\":{\"@type\":\"PropertyValueSpecification\",\"valueRequired\":true,\"valueName\":\"search_term_string\"}}],\"inLanguage\":\"it-IT\"},{\"@type\":\"Person\",\"@id\":\"https:\\\/\\\/exaudi.org\\\/#\\\/schema\\\/person\\\/e1ab6ed07c01774724dd96f925f3a5f0\",\"name\":\"Exaudi Redazione\",\"image\":{\"@type\":\"ImageObject\",\"inLanguage\":\"it-IT\",\"@id\":\"https:\\\/\\\/secure.gravatar.com\\\/avatar\\\/ad6774b3ada023bf5b939d64f45c94b3adf91502dd883507d469b4308a943bb3?s=96&d=mm&r=g\",\"url\":\"https:\\\/\\\/secure.gravatar.com\\\/avatar\\\/ad6774b3ada023bf5b939d64f45c94b3adf91502dd883507d469b4308a943bb3?s=96&d=mm&r=g\",\"contentUrl\":\"https:\\\/\\\/secure.gravatar.com\\\/avatar\\\/ad6774b3ada023bf5b939d64f45c94b3adf91502dd883507d469b4308a943bb3?s=96&d=mm&r=g\",\"caption\":\"Exaudi Redazione\"},\"description\":\"Che cosa \u00e8 Exaudi News? Exaudi News \u00e8 un agenzia cattolica internazionale che informa, istruisce e trasforma quotidianamente in spagnolo, inglese e italiano. Attraverso notizie, articoli di analisi e trasmissioni in diretta degli eventi del Papa, Exaudi cerca di rafforzare l'unit\u00e0 dei cristiani e di contribuire all'evangelizzazione del mondo, sempre guidato dalla dottrina sociale della Chiesa. Lavoriamo per portare la verit\u00e0 e i valori cristiani in ogni angolo del pianeta. Aiutaci a trasformare il mondo con Exaudi! Noi di Exaudi crediamo che l'evangelizzazione e l'informazione di qualit\u00e0 possano cambiare la vita. Per continuare la nostra missione ed espandere la nostra portata, abbiamo bisogno del tuo aiuto. Stiamo anche cercando persone motivate che vogliano unirsi al nostro team. Grazie al vostro sostegno raggiungeremo pi\u00f9 persone, diffonderemo il messaggio di Cristo e rafforzeremo l'unit\u00e0 dei cristiani. Vuoi unirti alla nostra missione? Per maggiori informazioni su come contribuire, visita Exaudi.org\\\/it o contattaci direttamente: info@exaudi.org Exaudi: informa, forma e trasforma.\",\"sameAs\":[\"https:\\\/\\\/www.facebook.com\\\/ExaudiNotizie\\\/\",\"https:\\\/\\\/www.instagram.com\\\/Exaudi_notizie\\\/\",\"https:\\\/\\\/x.com\\\/Exaudi_Notizie\",\"https:\\\/\\\/www.youtube.com\\\/@exaudicatholicnews\"],\"url\":\"https:\\\/\\\/exaudi.org\\\/it\\\/author\\\/dlvedi-org\\\/\"}]}<\/script>\n<!-- \/ Yoast SEO plugin. -->","yoast_head_json":{"title":"Papa Francesco riconosce le virt\u00f9 eroiche di quattro persone &#8211; Exaudi","robots":{"index":"index","follow":"follow","max-snippet":"max-snippet:-1","max-image-preview":"max-image-preview:large","max-video-preview":"max-video-preview:-1"},"canonical":"https:\/\/exaudi.org\/it\/papa-francesco-riconosce-le-virtu-eroiche-di-quattro-person\/","og_locale":"it_IT","og_type":"article","og_title":"Papa Francesco riconosce le virt\u00f9 eroiche di quattro persone &#8211; Exaudi","og_description":"Eduardo Pironio, Elisea Vakayil, Maria Francesca Foresti e Giuseppe Marrazzo","og_url":"https:\/\/exaudi.org\/it\/papa-francesco-riconosce-le-virtu-eroiche-di-quattro-person\/","og_site_name":"Exaudi","article_publisher":"https:\/\/www.facebook.com\/ExaudiNews","article_author":"https:\/\/www.facebook.com\/ExaudiNotizie\/","article_published_time":"2023-11-08T23:34:31+00:00","article_modified_time":"2023-11-09T12:01:09+00:00","og_image":[{"width":750,"height":422,"url":"https:\/\/exaudi.org\/wp-content\/uploads\/2023\/11\/cq5dam.thumbnail.cropped.750.422-1-3.jpeg","type":"image\/jpeg"}],"author":"Exaudi Redazione","twitter_card":"summary_large_image","twitter_creator":"@Exaudi_Notizie","twitter_site":"@Exaudi_News","twitter_misc":{"Scritto da":"Exaudi Redazione","Tempo di lettura stimato":"2 minuti"},"schema":{"@context":"https:\/\/schema.org","@graph":[{"@type":"Article","@id":"https:\/\/exaudi.org\/it\/papa-francesco-riconosce-le-virtu-eroiche-di-quattro-person\/#article","isPartOf":{"@id":"https:\/\/exaudi.org\/it\/papa-francesco-riconosce-le-virtu-eroiche-di-quattro-person\/"},"author":{"name":"Exaudi Redazione","@id":"https:\/\/exaudi.org\/#\/schema\/person\/e1ab6ed07c01774724dd96f925f3a5f0"},"headline":"Papa Francesco riconosce le virt\u00f9 eroiche di quattro persone","datePublished":"2023-11-08T23:34:31+00:00","dateModified":"2023-11-09T12:01:09+00:00","mainEntityOfPage":{"@id":"https:\/\/exaudi.org\/it\/papa-francesco-riconosce-le-virtu-eroiche-di-quattro-person\/"},"wordCount":411,"image":{"@id":"https:\/\/exaudi.org\/it\/papa-francesco-riconosce-le-virtu-eroiche-di-quattro-person\/#primaryimage"},"thumbnailUrl":"https:\/\/exaudi.org\/wp-content\/uploads\/2023\/11\/cq5dam.thumbnail.cropped.750.422-1-3.jpeg","keywords":["cardinali","SACERDOTI E SUORE"],"articleSection":["Documenti","Leone XIV"],"inLanguage":"it-IT"},{"@type":"WebPage","@id":"https:\/\/exaudi.org\/it\/papa-francesco-riconosce-le-virtu-eroiche-di-quattro-person\/","url":"https:\/\/exaudi.org\/it\/papa-francesco-riconosce-le-virtu-eroiche-di-quattro-person\/","name":"Papa Francesco riconosce le virt\u00f9 eroiche di quattro persone &#8211; Exaudi","isPartOf":{"@id":"https:\/\/exaudi.org\/#website"},"primaryImageOfPage":{"@id":"https:\/\/exaudi.org\/it\/papa-francesco-riconosce-le-virtu-eroiche-di-quattro-person\/#primaryimage"},"image":{"@id":"https:\/\/exaudi.org\/it\/papa-francesco-riconosce-le-virtu-eroiche-di-quattro-person\/#primaryimage"},"thumbnailUrl":"https:\/\/exaudi.org\/wp-content\/uploads\/2023\/11\/cq5dam.thumbnail.cropped.750.422-1-3.jpeg","datePublished":"2023-11-08T23:34:31+00:00","dateModified":"2023-11-09T12:01:09+00:00","author":{"@id":"https:\/\/exaudi.org\/#\/schema\/person\/e1ab6ed07c01774724dd96f925f3a5f0"},"breadcrumb":{"@id":"https:\/\/exaudi.org\/it\/papa-francesco-riconosce-le-virtu-eroiche-di-quattro-person\/#breadcrumb"},"inLanguage":"it-IT","potentialAction":[{"@type":"ReadAction","target":["https:\/\/exaudi.org\/it\/papa-francesco-riconosce-le-virtu-eroiche-di-quattro-person\/"]}]},{"@type":"ImageObject","inLanguage":"it-IT","@id":"https:\/\/exaudi.org\/it\/papa-francesco-riconosce-le-virtu-eroiche-di-quattro-person\/#primaryimage","url":"https:\/\/exaudi.org\/wp-content\/uploads\/2023\/11\/cq5dam.thumbnail.cropped.750.422-1-3.jpeg","contentUrl":"https:\/\/exaudi.org\/wp-content\/uploads\/2023\/11\/cq5dam.thumbnail.cropped.750.422-1-3.jpeg","width":750,"height":422,"caption":"Vatican News"},{"@type":"BreadcrumbList","@id":"https:\/\/exaudi.org\/it\/papa-francesco-riconosce-le-virtu-eroiche-di-quattro-person\/#breadcrumb","itemListElement":[{"@type":"ListItem","position":1,"name":"Portada","item":"https:\/\/exaudi.org\/it\/"},{"@type":"ListItem","position":2,"name":"Papa Francesco riconosce le virt\u00f9 eroiche di quattro persone"}]},{"@type":"WebSite","@id":"https:\/\/exaudi.org\/#website","url":"https:\/\/exaudi.org\/","name":"Exaudi","description":"News","potentialAction":[{"@type":"SearchAction","target":{"@type":"EntryPoint","urlTemplate":"https:\/\/exaudi.org\/?s={search_term_string}"},"query-input":{"@type":"PropertyValueSpecification","valueRequired":true,"valueName":"search_term_string"}}],"inLanguage":"it-IT"},{"@type":"Person","@id":"https:\/\/exaudi.org\/#\/schema\/person\/e1ab6ed07c01774724dd96f925f3a5f0","name":"Exaudi Redazione","image":{"@type":"ImageObject","inLanguage":"it-IT","@id":"https:\/\/secure.gravatar.com\/avatar\/ad6774b3ada023bf5b939d64f45c94b3adf91502dd883507d469b4308a943bb3?s=96&d=mm&r=g","url":"https:\/\/secure.gravatar.com\/avatar\/ad6774b3ada023bf5b939d64f45c94b3adf91502dd883507d469b4308a943bb3?s=96&d=mm&r=g","contentUrl":"https:\/\/secure.gravatar.com\/avatar\/ad6774b3ada023bf5b939d64f45c94b3adf91502dd883507d469b4308a943bb3?s=96&d=mm&r=g","caption":"Exaudi Redazione"},"description":"Che cosa \u00e8 Exaudi News? Exaudi News \u00e8 un agenzia cattolica internazionale che informa, istruisce e trasforma quotidianamente in spagnolo, inglese e italiano. Attraverso notizie, articoli di analisi e trasmissioni in diretta degli eventi del Papa, Exaudi cerca di rafforzare l'unit\u00e0 dei cristiani e di contribuire all'evangelizzazione del mondo, sempre guidato dalla dottrina sociale della Chiesa. Lavoriamo per portare la verit\u00e0 e i valori cristiani in ogni angolo del pianeta. Aiutaci a trasformare il mondo con Exaudi! Noi di Exaudi crediamo che l'evangelizzazione e l'informazione di qualit\u00e0 possano cambiare la vita. Per continuare la nostra missione ed espandere la nostra portata, abbiamo bisogno del tuo aiuto. Stiamo anche cercando persone motivate che vogliano unirsi al nostro team. Grazie al vostro sostegno raggiungeremo pi\u00f9 persone, diffonderemo il messaggio di Cristo e rafforzeremo l'unit\u00e0 dei cristiani. Vuoi unirti alla nostra missione? Per maggiori informazioni su come contribuire, visita Exaudi.org\/it o contattaci direttamente: info@exaudi.org Exaudi: informa, forma e trasforma.","sameAs":["https:\/\/www.facebook.com\/ExaudiNotizie\/","https:\/\/www.instagram.com\/Exaudi_notizie\/","https:\/\/x.com\/Exaudi_Notizie","https:\/\/www.youtube.com\/@exaudicatholicnews"],"url":"https:\/\/exaudi.org\/it\/author\/dlvedi-org\/"}]}},"jetpack_featured_media_url":"https:\/\/exaudi.org\/wp-content\/uploads\/2023\/11\/cq5dam.thumbnail.cropped.750.422-1-3.jpeg","jetpack_shortlink":"https:\/\/wp.me\/pgKjF2-mKh","_links":{"self":[{"href":"https:\/\/exaudi.org\/it\/wp-json\/wp\/v2\/posts\/87437","targetHints":{"allow":["GET"]}}],"collection":[{"href":"https:\/\/exaudi.org\/it\/wp-json\/wp\/v2\/posts"}],"about":[{"href":"https:\/\/exaudi.org\/it\/wp-json\/wp\/v2\/types\/post"}],"author":[{"embeddable":true,"href":"https:\/\/exaudi.org\/it\/wp-json\/wp\/v2\/users\/17"}],"replies":[{"embeddable":true,"href":"https:\/\/exaudi.org\/it\/wp-json\/wp\/v2\/comments?post=87437"}],"version-history":[{"count":0,"href":"https:\/\/exaudi.org\/it\/wp-json\/wp\/v2\/posts\/87437\/revisions"}],"wp:featuredmedia":[{"embeddable":true,"href":"https:\/\/exaudi.org\/it\/wp-json\/wp\/v2\/media\/87441"}],"wp:attachment":[{"href":"https:\/\/exaudi.org\/it\/wp-json\/wp\/v2\/media?parent=87437"}],"wp:term":[{"taxonomy":"category","embeddable":true,"href":"https:\/\/exaudi.org\/it\/wp-json\/wp\/v2\/categories?post=87437"},{"taxonomy":"post_tag","embeddable":true,"href":"https:\/\/exaudi.org\/it\/wp-json\/wp\/v2\/tags?post=87437"}],"curies":[{"name":"wp","href":"https:\/\/api.w.org\/{rel}","templated":true}]}}