{"id":87287,"date":"2023-11-06T17:09:45","date_gmt":"2023-11-06T16:09:45","guid":{"rendered":"https:\/\/exaudi.org\/?p=87287"},"modified":"2023-11-06T17:09:45","modified_gmt":"2023-11-06T16:09:45","slug":"il-papa-chiede-il-dialogo-come-risposta-alla-violenza-e-allantisemitismo","status":"publish","type":"post","link":"https:\/\/exaudi.org\/it\/il-papa-chiede-il-dialogo-come-risposta-alla-violenza-e-allantisemitismo\/","title":{"rendered":"&#8220;Il Papa chiede il dialogo come risposta alla violenza e all&#8217;antisemitismo&#8221;"},"content":{"rendered":"<p>Questa mattina, nel Palazzo Apostolico Vaticano, il Santo Padre Francesco ha ricevuto in Udienza la Delegazione della Conference of European Rabbis.<\/p>\n<p>Pubblichiamo di seguito il testo del discorso che era stato preparato dal Papa per l\u2019occasione e che \u00e8 stato consegnato ai presenti:<\/p>\n<p><img loading=\"lazy\" decoding=\"async\" class=\"size-medium wp-image-87291 alignleft\" src=\"https:\/\/exaudi.org\/wp-content\/uploads\/2023\/11\/cq5dam.web_.800.800-300x200.jpeg\" alt=\"\" width=\"300\" height=\"200\" srcset=\"https:\/\/exaudi.org\/wp-content\/uploads\/2023\/11\/cq5dam.web_.800.800-300x200.jpeg 300w, https:\/\/exaudi.org\/wp-content\/uploads\/2023\/11\/cq5dam.web_.800.800-770x513.jpeg 770w, https:\/\/exaudi.org\/wp-content\/uploads\/2023\/11\/cq5dam.web_.800.800-360x240.jpeg?crop=1 360w, https:\/\/exaudi.org\/wp-content\/uploads\/2023\/11\/cq5dam.web_.800.800-500x333.jpeg 500w, https:\/\/exaudi.org\/wp-content\/uploads\/2023\/11\/cq5dam.web_.800.800-370x247.jpeg 370w, https:\/\/exaudi.org\/wp-content\/uploads\/2023\/11\/cq5dam.web_.800.800-293x195.jpeg 293w, https:\/\/exaudi.org\/wp-content\/uploads\/2023\/11\/cq5dam.web_.800.800-120x80.jpeg 120w, https:\/\/exaudi.org\/wp-content\/uploads\/2023\/11\/cq5dam.web_.800.800-240x160.jpeg 240w, https:\/\/exaudi.org\/wp-content\/uploads\/2023\/11\/cq5dam.web_.800.800-390x260.jpeg 390w, https:\/\/exaudi.org\/wp-content\/uploads\/2023\/11\/cq5dam.web_.800.800.jpeg 800w\" sizes=\"auto, (max-width: 300px) 100vw, 300px\" \/>Buongiorno!<\/p>\n<p>Saluto tutti voi e vi do il benvenuto. Grazie di questa visita che a me piace tanto. Ma succede che io non sto bene in salute e per questo preferisco non leggere il discorso, ma darlo a voi e che voi lo portiate con voi. Facciamo di tutto per mantenere questo clima di dialogo fraterno che il Cardinale Koch e i suoi collaboratori cercano di promuovere continuamente. Ed ora a me piacerebbe salutarvi a uno a uno.<\/p>\n<p>***<\/p>\n<p><b><u><a name=\"disc\"><\/a><i>Discorso consegnato del Santo Padre<\/i><\/u><\/b><\/p>\n<p><i>Cari fratelli,<\/i><\/p>\n<p>vi saluto, dandovi un cordiale benvenuto e ringraziandovi per la gradita visita. In passato ho gi\u00e0 incontrato in Vaticano la vostra organizzazione, voce dei rabbini in Europa. Sono lieto che siamo riusciti a intensificare le nostre relazioni nel corso del tempo e in particolare negli ultimi anni.<\/p>\n<p>Il primo pensiero e la preghiera vanno per\u00f2 soprattutto a quanto accaduto nelle ultime settimane. Ancora una volta la violenza e la guerra sono divampate in quella Terra che, benedetta dall\u2019Altissimo, sembra continuamente avversata dalle bassezze dell\u2019odio e dal rumore funesto delle armi. E preoccupa il diffondersi di manifestazioni antisemite, che fermamente condanno.<\/p>\n<p>Cari fratelli, nella notte dei conflitti noi, credenti nell\u2019unico Dio, guardiamo a Colui che il profeta Isaia chiama \u00abgiudice fra le genti e arbitro fra molti popoli\u00bb, aggiungendo, quasi come conseguenza del suo giudizio, una meravigliosa profezia di pace: \u00abSpezzeranno le loro spade e ne faranno aratri, delle loro lance faranno falci; una nazione non alzer\u00e0 pi\u00f9 la spada contro un\u2019altra nazione, non impareranno pi\u00f9 l\u2019arte della guerra\u00bb (<i>Is<\/i>\u00a02,4). In questo tempo di distruzione noi credenti siamo chiamati, per tutti e prima di tutti, a costruire la fraternit\u00e0 e ad aprire vie di riconciliazione, in nome dell\u2019Onnipotente che, come dice un altro profeta, ha \u00abprogetti di pace e non di sventura\u00bb (<i>Ger<\/i>\u00a029,11). Non le armi, non il terrorismo, non la guerra, ma la compassione, la giustizia e il dialogo sono i mezzi adeguati per edificare la pace.<\/p>\n<p>Mi soffermo proprio sull\u2019arte del dialogo. L\u2019essere umano, che ha una natura sociale e ritrova s\u00e9 stesso a contatto con gli altri, si realizza nella trama delle relazioni sociali. In tal senso non \u00e8 solo capace di dialogo, ma \u00e8 egli stesso dialogo. Sospeso tra Cielo e terra, solo in dialogo con l\u2019Oltre che lo trascende e con l\u2019altro che ne accompagna i passi, pu\u00f2 comprendersi e maturare. La parola \u201cdialogo\u201d etimologicamente significa \u201cattraverso la parola\u201d. La Parola dell\u2019Altissimo \u00e8 la lampada che illumina i sentieri della vita (cfr\u00a0<i>Sal<\/i>\u00a0119,105): essa orienta i nostri passi proprio alla ricerca del prossimo, all\u2019accoglienza, alla pazienza; non certo al brusco impeto della vendetta e alla follia dell\u2019odio bellico. Quanto \u00e8 dunque importante, per noi credenti, essere testimoni di dialogo!<\/p>\n<p>Se applichiamo queste constatazioni al dialogo ebraico-cristiano, possiamo dire che ci avviciniamo gli uni agli altri attraverso l\u2019incontro, l\u2019ascolto e lo scambio fraterno, riconoscendoci servi e discepoli di quella Parola divina, alveo vitale nel quale germogliano le nostre parole. Cos\u00ec che, per diventare edificatori di pace, siamo chiamati a essere costruttori di dialogo. Non solo con le nostre forze e con le nostre capacit\u00e0, ma con l\u2019aiuto dell\u2019Onnipotente. Infatti, \u00abSe il Signore non costruisce la casa, invano si affaticano i costruttori\u00bb (<i>Sal<\/i>\u00a0127,1).<\/p>\n<p>Il dialogo con l\u2019ebraismo \u00e8 di particolare importanza per noi cristiani, perch\u00e9 abbiamo radici ebraiche. Ges\u00f9 \u00e8 nato e vissuto da ebreo; Egli stesso \u00e8 il primo garante dell\u2019eredit\u00e0 ebraica all\u2019interno del cristianesimo e noi, che siamo di Cristo, abbiamo bisogno di voi, cari fratelli, abbiamo bisogno dell\u2019ebraismo per comprendere meglio noi stessi. Perci\u00f2 \u00e8 importante che il dialogo ebraico-cristiano mantenga viva la dimensione teologica, mentre continua ad affrontare questioni sociali, culturali e politiche.<\/p>\n<p>Le nostre tradizioni religiose sono strettamente connesse: non sono due credo tra loro estranei, sviluppatisi indipendentemente in spazi separati e senza influenzarsi a vicenda.\u00a0<a href=\"https:\/\/www.vatican.va\/content\/john-paul-ii\/it.html\">Papa Giovanni Paolo II<\/a>, durante la sua visita nella Sinagoga di Roma, osserv\u00f2 che la religione ebraica non \u00e8 estrinseca, \u00abma in un certo qual modo, \u00e8 \u201cintrinseca\u201d alla nostra religione\u00bb. Vi chiam\u00f2 \u00abnostri fratelli prediletti\u00bb, \u00abnostri fratelli maggiori\u00bb (<i><a href=\"https:\/\/www.vatican.va\/content\/john-paul-ii\/it\/speeches\/1986\/april\/documents\/hf_jp-ii_spe_19860413_sinagoga-roma.html\">Discorso<\/a><\/i>, 13 aprile 1986). Si potrebbe dunque dire che il nostro, pi\u00f9 che un dialogo interreligioso, \u00e8 un dialogo\u00a0<i>familiare<\/i>. Quando mi recai alla Sinagoga di Roma, dissi infatti che \u00abapparteniamo ad un\u2019unica famiglia, la famiglia di Dio, il quale ci accompagna e ci protegge come suo popolo\u00bb (<i><a href=\"https:\/\/www.vatican.va\/content\/francesco\/it\/speeches\/2016\/january\/documents\/papa-francesco_20160117_sinagoga.html\">Discorso<\/a><\/i>, 17 gennaio 2016).<\/p>\n<p>Cari fratelli, siamo legati gli uni agli altri davanti all\u2019unico Dio; insieme siamo chiamati a testimoniare con il nostro dialogo la sua parola e con la nostra condotta la sua pace. Il Signore della storia e della vita ci dia coraggio e pazienza per farlo.\u00a0<i>Shalom<\/i>!<\/p>\n","protected":false},"excerpt":{"rendered":"<p>Udienza la Delegazione della Conference of European Rabbis<\/p>\n","protected":false},"author":17,"featured_media":87288,"comment_status":"closed","ping_status":"closed","sticky":false,"template":"","format":"standard","meta":{"_acf_changed":false,"_crdt_document":"","inline_featured_image":false,"footnotes":""},"categories":[67],"tags":[4113,10730,1784,785,251,819,4952,1843],"class_list":["post-87287","post","type-post","status-publish","format-standard","has-post-thumbnail","hentry","category-leone-xiv","tag-antisemitismo-it","tag-dialogo-pace","tag-ebrei","tag-guerra","tag-papa-francesco","tag-terra-santa","tag-trending-it","tag-udienza"],"acf":[],"yoast_head":"<!-- This site is optimized with the Yoast SEO plugin v27.4 - https:\/\/yoast.com\/product\/yoast-seo-wordpress\/ -->\n<title>&quot;Il Papa chiede il dialogo come risposta alla violenza e all&#039;antisemitismo&quot; &#8211; Exaudi<\/title>\n<meta name=\"robots\" content=\"index, follow, max-snippet:-1, max-image-preview:large, max-video-preview:-1\" \/>\n<link rel=\"canonical\" href=\"https:\/\/exaudi.org\/it\/il-papa-chiede-il-dialogo-come-risposta-alla-violenza-e-allantisemitismo\/\" \/>\n<meta property=\"og:locale\" content=\"it_IT\" \/>\n<meta property=\"og:type\" content=\"article\" \/>\n<meta property=\"og:title\" content=\"&quot;Il Papa chiede il dialogo come risposta alla violenza e all&#039;antisemitismo&quot; &#8211; Exaudi\" \/>\n<meta property=\"og:description\" content=\"Udienza la Delegazione della Conference of European Rabbis\" \/>\n<meta property=\"og:url\" content=\"https:\/\/exaudi.org\/it\/il-papa-chiede-il-dialogo-come-risposta-alla-violenza-e-allantisemitismo\/\" \/>\n<meta property=\"og:site_name\" content=\"Exaudi\" \/>\n<meta property=\"article:publisher\" content=\"https:\/\/www.facebook.com\/ExaudiNews\" \/>\n<meta property=\"article:author\" content=\"https:\/\/www.facebook.com\/ExaudiNotizie\/\" \/>\n<meta property=\"article:published_time\" content=\"2023-11-06T16:09:45+00:00\" \/>\n<meta property=\"og:image\" content=\"https:\/\/exaudi.org\/wp-content\/uploads\/2023\/11\/cq5dam.thumbnail.cropped.750.422-9.jpeg\" \/>\n\t<meta property=\"og:image:width\" content=\"800\" \/>\n\t<meta property=\"og:image:height\" content=\"533\" \/>\n\t<meta property=\"og:image:type\" content=\"image\/jpeg\" \/>\n<meta name=\"author\" content=\"Exaudi Redazione\" \/>\n<meta name=\"twitter:card\" content=\"summary_large_image\" \/>\n<meta name=\"twitter:creator\" content=\"@Exaudi_Notizie\" \/>\n<meta name=\"twitter:site\" content=\"@Exaudi_News\" \/>\n<meta name=\"twitter:label1\" content=\"Scritto da\" \/>\n\t<meta name=\"twitter:data1\" content=\"Exaudi Redazione\" \/>\n\t<meta name=\"twitter:label2\" content=\"Tempo di lettura stimato\" \/>\n\t<meta name=\"twitter:data2\" content=\"4 minuti\" \/>\n<script type=\"application\/ld+json\" class=\"yoast-schema-graph\">{\"@context\":\"https:\\\/\\\/schema.org\",\"@graph\":[{\"@type\":\"Article\",\"@id\":\"https:\\\/\\\/exaudi.org\\\/it\\\/il-papa-chiede-il-dialogo-come-risposta-alla-violenza-e-allantisemitismo\\\/#article\",\"isPartOf\":{\"@id\":\"https:\\\/\\\/exaudi.org\\\/it\\\/il-papa-chiede-il-dialogo-come-risposta-alla-violenza-e-allantisemitismo\\\/\"},\"author\":{\"name\":\"Exaudi Redazione\",\"@id\":\"https:\\\/\\\/exaudi.org\\\/#\\\/schema\\\/person\\\/e1ab6ed07c01774724dd96f925f3a5f0\"},\"headline\":\"&#8220;Il Papa chiede il dialogo come risposta alla violenza e all&#8217;antisemitismo&#8221;\",\"datePublished\":\"2023-11-06T16:09:45+00:00\",\"mainEntityOfPage\":{\"@id\":\"https:\\\/\\\/exaudi.org\\\/it\\\/il-papa-chiede-il-dialogo-come-risposta-alla-violenza-e-allantisemitismo\\\/\"},\"wordCount\":828,\"image\":{\"@id\":\"https:\\\/\\\/exaudi.org\\\/it\\\/il-papa-chiede-il-dialogo-come-risposta-alla-violenza-e-allantisemitismo\\\/#primaryimage\"},\"thumbnailUrl\":\"https:\\\/\\\/exaudi.org\\\/wp-content\\\/uploads\\\/2023\\\/11\\\/cq5dam.thumbnail.cropped.750.422-9.jpeg\",\"keywords\":[\"Antisemitismo\",\"DIALOGO PACE\",\"ebrei\",\"guerra\",\"Papa Francesco\",\"Terra Santa\",\"Trending\",\"udienza\"],\"articleSection\":[\"Leone XIV\"],\"inLanguage\":\"it-IT\"},{\"@type\":\"WebPage\",\"@id\":\"https:\\\/\\\/exaudi.org\\\/it\\\/il-papa-chiede-il-dialogo-come-risposta-alla-violenza-e-allantisemitismo\\\/\",\"url\":\"https:\\\/\\\/exaudi.org\\\/it\\\/il-papa-chiede-il-dialogo-come-risposta-alla-violenza-e-allantisemitismo\\\/\",\"name\":\"\\\"Il Papa chiede il dialogo come risposta alla violenza e all'antisemitismo\\\" &#8211; Exaudi\",\"isPartOf\":{\"@id\":\"https:\\\/\\\/exaudi.org\\\/#website\"},\"primaryImageOfPage\":{\"@id\":\"https:\\\/\\\/exaudi.org\\\/it\\\/il-papa-chiede-il-dialogo-come-risposta-alla-violenza-e-allantisemitismo\\\/#primaryimage\"},\"image\":{\"@id\":\"https:\\\/\\\/exaudi.org\\\/it\\\/il-papa-chiede-il-dialogo-come-risposta-alla-violenza-e-allantisemitismo\\\/#primaryimage\"},\"thumbnailUrl\":\"https:\\\/\\\/exaudi.org\\\/wp-content\\\/uploads\\\/2023\\\/11\\\/cq5dam.thumbnail.cropped.750.422-9.jpeg\",\"datePublished\":\"2023-11-06T16:09:45+00:00\",\"author\":{\"@id\":\"https:\\\/\\\/exaudi.org\\\/#\\\/schema\\\/person\\\/e1ab6ed07c01774724dd96f925f3a5f0\"},\"breadcrumb\":{\"@id\":\"https:\\\/\\\/exaudi.org\\\/it\\\/il-papa-chiede-il-dialogo-come-risposta-alla-violenza-e-allantisemitismo\\\/#breadcrumb\"},\"inLanguage\":\"it-IT\",\"potentialAction\":[{\"@type\":\"ReadAction\",\"target\":[\"https:\\\/\\\/exaudi.org\\\/it\\\/il-papa-chiede-il-dialogo-come-risposta-alla-violenza-e-allantisemitismo\\\/\"]}]},{\"@type\":\"ImageObject\",\"inLanguage\":\"it-IT\",\"@id\":\"https:\\\/\\\/exaudi.org\\\/it\\\/il-papa-chiede-il-dialogo-come-risposta-alla-violenza-e-allantisemitismo\\\/#primaryimage\",\"url\":\"https:\\\/\\\/exaudi.org\\\/wp-content\\\/uploads\\\/2023\\\/11\\\/cq5dam.thumbnail.cropped.750.422-9.jpeg\",\"contentUrl\":\"https:\\\/\\\/exaudi.org\\\/wp-content\\\/uploads\\\/2023\\\/11\\\/cq5dam.thumbnail.cropped.750.422-9.jpeg\",\"width\":800,\"height\":533,\"caption\":\"Vatican Media\"},{\"@type\":\"BreadcrumbList\",\"@id\":\"https:\\\/\\\/exaudi.org\\\/it\\\/il-papa-chiede-il-dialogo-come-risposta-alla-violenza-e-allantisemitismo\\\/#breadcrumb\",\"itemListElement\":[{\"@type\":\"ListItem\",\"position\":1,\"name\":\"Portada\",\"item\":\"https:\\\/\\\/exaudi.org\\\/it\\\/\"},{\"@type\":\"ListItem\",\"position\":2,\"name\":\"&#8220;Il Papa chiede il dialogo come risposta alla violenza e all&#8217;antisemitismo&#8221;\"}]},{\"@type\":\"WebSite\",\"@id\":\"https:\\\/\\\/exaudi.org\\\/#website\",\"url\":\"https:\\\/\\\/exaudi.org\\\/\",\"name\":\"Exaudi\",\"description\":\"News\",\"potentialAction\":[{\"@type\":\"SearchAction\",\"target\":{\"@type\":\"EntryPoint\",\"urlTemplate\":\"https:\\\/\\\/exaudi.org\\\/?s={search_term_string}\"},\"query-input\":{\"@type\":\"PropertyValueSpecification\",\"valueRequired\":true,\"valueName\":\"search_term_string\"}}],\"inLanguage\":\"it-IT\"},{\"@type\":\"Person\",\"@id\":\"https:\\\/\\\/exaudi.org\\\/#\\\/schema\\\/person\\\/e1ab6ed07c01774724dd96f925f3a5f0\",\"name\":\"Exaudi Redazione\",\"image\":{\"@type\":\"ImageObject\",\"inLanguage\":\"it-IT\",\"@id\":\"https:\\\/\\\/secure.gravatar.com\\\/avatar\\\/ad6774b3ada023bf5b939d64f45c94b3adf91502dd883507d469b4308a943bb3?s=96&d=mm&r=g\",\"url\":\"https:\\\/\\\/secure.gravatar.com\\\/avatar\\\/ad6774b3ada023bf5b939d64f45c94b3adf91502dd883507d469b4308a943bb3?s=96&d=mm&r=g\",\"contentUrl\":\"https:\\\/\\\/secure.gravatar.com\\\/avatar\\\/ad6774b3ada023bf5b939d64f45c94b3adf91502dd883507d469b4308a943bb3?s=96&d=mm&r=g\",\"caption\":\"Exaudi Redazione\"},\"description\":\"Che cosa \u00e8 Exaudi News? Exaudi News \u00e8 un agenzia cattolica internazionale che informa, istruisce e trasforma quotidianamente in spagnolo, inglese e italiano. Attraverso notizie, articoli di analisi e trasmissioni in diretta degli eventi del Papa, Exaudi cerca di rafforzare l'unit\u00e0 dei cristiani e di contribuire all'evangelizzazione del mondo, sempre guidato dalla dottrina sociale della Chiesa. Lavoriamo per portare la verit\u00e0 e i valori cristiani in ogni angolo del pianeta. Aiutaci a trasformare il mondo con Exaudi! Noi di Exaudi crediamo che l'evangelizzazione e l'informazione di qualit\u00e0 possano cambiare la vita. Per continuare la nostra missione ed espandere la nostra portata, abbiamo bisogno del tuo aiuto. Stiamo anche cercando persone motivate che vogliano unirsi al nostro team. Grazie al vostro sostegno raggiungeremo pi\u00f9 persone, diffonderemo il messaggio di Cristo e rafforzeremo l'unit\u00e0 dei cristiani. Vuoi unirti alla nostra missione? Per maggiori informazioni su come contribuire, visita Exaudi.org\\\/it o contattaci direttamente: info@exaudi.org Exaudi: informa, forma e trasforma.\",\"sameAs\":[\"https:\\\/\\\/www.facebook.com\\\/ExaudiNotizie\\\/\",\"https:\\\/\\\/www.instagram.com\\\/Exaudi_notizie\\\/\",\"https:\\\/\\\/x.com\\\/Exaudi_Notizie\",\"https:\\\/\\\/www.youtube.com\\\/@exaudicatholicnews\"],\"url\":\"https:\\\/\\\/exaudi.org\\\/it\\\/author\\\/dlvedi-org\\\/\"}]}<\/script>\n<!-- \/ Yoast SEO plugin. -->","yoast_head_json":{"title":"\"Il Papa chiede il dialogo come risposta alla violenza e all'antisemitismo\" &#8211; Exaudi","robots":{"index":"index","follow":"follow","max-snippet":"max-snippet:-1","max-image-preview":"max-image-preview:large","max-video-preview":"max-video-preview:-1"},"canonical":"https:\/\/exaudi.org\/it\/il-papa-chiede-il-dialogo-come-risposta-alla-violenza-e-allantisemitismo\/","og_locale":"it_IT","og_type":"article","og_title":"\"Il Papa chiede il dialogo come risposta alla violenza e all'antisemitismo\" &#8211; Exaudi","og_description":"Udienza la Delegazione della Conference of European Rabbis","og_url":"https:\/\/exaudi.org\/it\/il-papa-chiede-il-dialogo-come-risposta-alla-violenza-e-allantisemitismo\/","og_site_name":"Exaudi","article_publisher":"https:\/\/www.facebook.com\/ExaudiNews","article_author":"https:\/\/www.facebook.com\/ExaudiNotizie\/","article_published_time":"2023-11-06T16:09:45+00:00","og_image":[{"width":800,"height":533,"url":"https:\/\/exaudi.org\/wp-content\/uploads\/2023\/11\/cq5dam.thumbnail.cropped.750.422-9.jpeg","type":"image\/jpeg"}],"author":"Exaudi Redazione","twitter_card":"summary_large_image","twitter_creator":"@Exaudi_Notizie","twitter_site":"@Exaudi_News","twitter_misc":{"Scritto da":"Exaudi Redazione","Tempo di lettura stimato":"4 minuti"},"schema":{"@context":"https:\/\/schema.org","@graph":[{"@type":"Article","@id":"https:\/\/exaudi.org\/it\/il-papa-chiede-il-dialogo-come-risposta-alla-violenza-e-allantisemitismo\/#article","isPartOf":{"@id":"https:\/\/exaudi.org\/it\/il-papa-chiede-il-dialogo-come-risposta-alla-violenza-e-allantisemitismo\/"},"author":{"name":"Exaudi Redazione","@id":"https:\/\/exaudi.org\/#\/schema\/person\/e1ab6ed07c01774724dd96f925f3a5f0"},"headline":"&#8220;Il Papa chiede il dialogo come risposta alla violenza e all&#8217;antisemitismo&#8221;","datePublished":"2023-11-06T16:09:45+00:00","mainEntityOfPage":{"@id":"https:\/\/exaudi.org\/it\/il-papa-chiede-il-dialogo-come-risposta-alla-violenza-e-allantisemitismo\/"},"wordCount":828,"image":{"@id":"https:\/\/exaudi.org\/it\/il-papa-chiede-il-dialogo-come-risposta-alla-violenza-e-allantisemitismo\/#primaryimage"},"thumbnailUrl":"https:\/\/exaudi.org\/wp-content\/uploads\/2023\/11\/cq5dam.thumbnail.cropped.750.422-9.jpeg","keywords":["Antisemitismo","DIALOGO PACE","ebrei","guerra","Papa Francesco","Terra Santa","Trending","udienza"],"articleSection":["Leone XIV"],"inLanguage":"it-IT"},{"@type":"WebPage","@id":"https:\/\/exaudi.org\/it\/il-papa-chiede-il-dialogo-come-risposta-alla-violenza-e-allantisemitismo\/","url":"https:\/\/exaudi.org\/it\/il-papa-chiede-il-dialogo-come-risposta-alla-violenza-e-allantisemitismo\/","name":"\"Il Papa chiede il dialogo come risposta alla violenza e all'antisemitismo\" &#8211; Exaudi","isPartOf":{"@id":"https:\/\/exaudi.org\/#website"},"primaryImageOfPage":{"@id":"https:\/\/exaudi.org\/it\/il-papa-chiede-il-dialogo-come-risposta-alla-violenza-e-allantisemitismo\/#primaryimage"},"image":{"@id":"https:\/\/exaudi.org\/it\/il-papa-chiede-il-dialogo-come-risposta-alla-violenza-e-allantisemitismo\/#primaryimage"},"thumbnailUrl":"https:\/\/exaudi.org\/wp-content\/uploads\/2023\/11\/cq5dam.thumbnail.cropped.750.422-9.jpeg","datePublished":"2023-11-06T16:09:45+00:00","author":{"@id":"https:\/\/exaudi.org\/#\/schema\/person\/e1ab6ed07c01774724dd96f925f3a5f0"},"breadcrumb":{"@id":"https:\/\/exaudi.org\/it\/il-papa-chiede-il-dialogo-come-risposta-alla-violenza-e-allantisemitismo\/#breadcrumb"},"inLanguage":"it-IT","potentialAction":[{"@type":"ReadAction","target":["https:\/\/exaudi.org\/it\/il-papa-chiede-il-dialogo-come-risposta-alla-violenza-e-allantisemitismo\/"]}]},{"@type":"ImageObject","inLanguage":"it-IT","@id":"https:\/\/exaudi.org\/it\/il-papa-chiede-il-dialogo-come-risposta-alla-violenza-e-allantisemitismo\/#primaryimage","url":"https:\/\/exaudi.org\/wp-content\/uploads\/2023\/11\/cq5dam.thumbnail.cropped.750.422-9.jpeg","contentUrl":"https:\/\/exaudi.org\/wp-content\/uploads\/2023\/11\/cq5dam.thumbnail.cropped.750.422-9.jpeg","width":800,"height":533,"caption":"Vatican Media"},{"@type":"BreadcrumbList","@id":"https:\/\/exaudi.org\/it\/il-papa-chiede-il-dialogo-come-risposta-alla-violenza-e-allantisemitismo\/#breadcrumb","itemListElement":[{"@type":"ListItem","position":1,"name":"Portada","item":"https:\/\/exaudi.org\/it\/"},{"@type":"ListItem","position":2,"name":"&#8220;Il Papa chiede il dialogo come risposta alla violenza e all&#8217;antisemitismo&#8221;"}]},{"@type":"WebSite","@id":"https:\/\/exaudi.org\/#website","url":"https:\/\/exaudi.org\/","name":"Exaudi","description":"News","potentialAction":[{"@type":"SearchAction","target":{"@type":"EntryPoint","urlTemplate":"https:\/\/exaudi.org\/?s={search_term_string}"},"query-input":{"@type":"PropertyValueSpecification","valueRequired":true,"valueName":"search_term_string"}}],"inLanguage":"it-IT"},{"@type":"Person","@id":"https:\/\/exaudi.org\/#\/schema\/person\/e1ab6ed07c01774724dd96f925f3a5f0","name":"Exaudi Redazione","image":{"@type":"ImageObject","inLanguage":"it-IT","@id":"https:\/\/secure.gravatar.com\/avatar\/ad6774b3ada023bf5b939d64f45c94b3adf91502dd883507d469b4308a943bb3?s=96&d=mm&r=g","url":"https:\/\/secure.gravatar.com\/avatar\/ad6774b3ada023bf5b939d64f45c94b3adf91502dd883507d469b4308a943bb3?s=96&d=mm&r=g","contentUrl":"https:\/\/secure.gravatar.com\/avatar\/ad6774b3ada023bf5b939d64f45c94b3adf91502dd883507d469b4308a943bb3?s=96&d=mm&r=g","caption":"Exaudi Redazione"},"description":"Che cosa \u00e8 Exaudi News? Exaudi News \u00e8 un agenzia cattolica internazionale che informa, istruisce e trasforma quotidianamente in spagnolo, inglese e italiano. Attraverso notizie, articoli di analisi e trasmissioni in diretta degli eventi del Papa, Exaudi cerca di rafforzare l'unit\u00e0 dei cristiani e di contribuire all'evangelizzazione del mondo, sempre guidato dalla dottrina sociale della Chiesa. Lavoriamo per portare la verit\u00e0 e i valori cristiani in ogni angolo del pianeta. Aiutaci a trasformare il mondo con Exaudi! Noi di Exaudi crediamo che l'evangelizzazione e l'informazione di qualit\u00e0 possano cambiare la vita. Per continuare la nostra missione ed espandere la nostra portata, abbiamo bisogno del tuo aiuto. Stiamo anche cercando persone motivate che vogliano unirsi al nostro team. Grazie al vostro sostegno raggiungeremo pi\u00f9 persone, diffonderemo il messaggio di Cristo e rafforzeremo l'unit\u00e0 dei cristiani. Vuoi unirti alla nostra missione? Per maggiori informazioni su come contribuire, visita Exaudi.org\/it o contattaci direttamente: info@exaudi.org Exaudi: informa, forma e trasforma.","sameAs":["https:\/\/www.facebook.com\/ExaudiNotizie\/","https:\/\/www.instagram.com\/Exaudi_notizie\/","https:\/\/x.com\/Exaudi_Notizie","https:\/\/www.youtube.com\/@exaudicatholicnews"],"url":"https:\/\/exaudi.org\/it\/author\/dlvedi-org\/"}]}},"jetpack_featured_media_url":"https:\/\/exaudi.org\/wp-content\/uploads\/2023\/11\/cq5dam.thumbnail.cropped.750.422-9.jpeg","jetpack_shortlink":"https:\/\/wp.me\/pgKjF2-mHR","_links":{"self":[{"href":"https:\/\/exaudi.org\/it\/wp-json\/wp\/v2\/posts\/87287","targetHints":{"allow":["GET"]}}],"collection":[{"href":"https:\/\/exaudi.org\/it\/wp-json\/wp\/v2\/posts"}],"about":[{"href":"https:\/\/exaudi.org\/it\/wp-json\/wp\/v2\/types\/post"}],"author":[{"embeddable":true,"href":"https:\/\/exaudi.org\/it\/wp-json\/wp\/v2\/users\/17"}],"replies":[{"embeddable":true,"href":"https:\/\/exaudi.org\/it\/wp-json\/wp\/v2\/comments?post=87287"}],"version-history":[{"count":0,"href":"https:\/\/exaudi.org\/it\/wp-json\/wp\/v2\/posts\/87287\/revisions"}],"wp:featuredmedia":[{"embeddable":true,"href":"https:\/\/exaudi.org\/it\/wp-json\/wp\/v2\/media\/87288"}],"wp:attachment":[{"href":"https:\/\/exaudi.org\/it\/wp-json\/wp\/v2\/media?parent=87287"}],"wp:term":[{"taxonomy":"category","embeddable":true,"href":"https:\/\/exaudi.org\/it\/wp-json\/wp\/v2\/categories?post=87287"},{"taxonomy":"post_tag","embeddable":true,"href":"https:\/\/exaudi.org\/it\/wp-json\/wp\/v2\/tags?post=87287"}],"curies":[{"name":"wp","href":"https:\/\/api.w.org\/{rel}","templated":true}]}}