{"id":86805,"date":"2023-10-30T14:31:21","date_gmt":"2023-10-30T13:31:21","guid":{"rendered":"https:\/\/exaudi.org\/?p=86805"},"modified":"2023-10-30T14:42:25","modified_gmt":"2023-10-30T13:42:25","slug":"inaugurazione-del-presepe-e-illuminazione-dellalbero-di-natale-in-piazza-san-pietro-2023","status":"publish","type":"post","link":"https:\/\/exaudi.org\/it\/inaugurazione-del-presepe-e-illuminazione-dellalbero-di-natale-in-piazza-san-pietro-2023\/","title":{"rendered":"Inaugurazione del Presepe e illuminazione dell&#8217;albero di Natale in Piazza San Pietro (2023)"},"content":{"rendered":"<audio class=\"wp-audio-shortcode\" id=\"audio-86805-1\" preload=\"none\" style=\"width: 100%;\" controls=\"controls\"><source type=\"audio\/mpeg\" src=\"https:\/\/exaudi.org\/wp-content\/uploads\/2023\/10\/Presepe.mp3?_=1\" \/><a href=\"https:\/\/exaudi.org\/wp-content\/uploads\/2023\/10\/Presepe.mp3\">https:\/\/exaudi.org\/wp-content\/uploads\/2023\/10\/Presepe.mp3<\/a><\/audio>\n<p>Ottocento anni fa, san Francesco d&#8217;Assisi volle realizzare il primo presepe e Onorio III approvava per i Frati Minori la Regola Bollata. Nel ricordo di questo duplice anniversario, la rappresentazione della Nativit\u00e0 in Piazza San Pietro e nell&#8217;Aula Paolo VI di quest&#8217;anno proverranno dalla Valle Reatina nella Diocesi di Rieti, mentre il monumentale albero di Natale arriva dall&#8217;alta valle Maira, nel comune di Macra, in Diocesi di Saluzzo e provincia di Cuneo.<\/p>\n<p>La tradizionale inaugurazione del Presepe e l&#8217;illuminazione dell&#8217;albero di Natale si terranno in Piazza San Pietro, sabato 9 dicembre, alle ore 17,00. La cerimonia sa r\u00e0 presieduta dal Cardinale Fernando V\u00e9rgez Alzaga, Presidente del Governatorato dello Stato della Citt\u00e0 del Vaticano, alla presenza di suor Raffaella Petrini, Segretario Generale dello stesso Governatorato. Al mattino, le Delegazioni di Rieti e di Macra s aranno ricevute in udienza da Papa Francesco per la presentazione ufficiale dei doni.<\/p>\n<p>Vuole far rivivere l&#8217;atmosfera del Natale 1223 il Presepe in piazza San Pietro, quando san Francesco, di ritorno da un viaggio in Terra Santa, chiese di rievocare la nas cita di Ges\u00f9, di farlo proprio in un paese che gli ricordava Betlemme: Greccio, un borgo nel reatino immerso tra le rocce a 700 metri di altezza.<\/p>\n<p>Piazza San Pietro si trasforma, quindi, in una ideale Greccio, dove intorno alla greppia e al bue e all&#8217;asin ello, vengono collocati pochi personaggi: quelli che realizzarono il desiderio del Poverello, come il nobile Giovanni Velita e sua moglie Alticama, tre frati compagni del Santo e alcuni pastori. La memoria torna a quanto narrato da Tommaso da Celano, che d escrisse il primo presepe vivente della storia. Si \u00e8 scelto di immaginare quanto avvenne allora attraverso una rappresentazione artistica. La scena vede al centro l&#8217;affresco della grotta di Greccio davanti al quale un frate minore celebra la messa, in pres enza di san Francesco con in braccio il Bambinello e la Madonna. Accanto San Giuseppe in adorazione e il bue e l&#8217;asinello.<\/p>\n<p>La struttura vuole ricordare la roccia del Santuario di Greccio con un simbolico abbraccio al colonnato di Piazza San Pietro ed \u00e8 c ollocata sopra a una base ottagonale in ricordo degli ottocento anni dell&#8217;evento. Intorno, una vasca dove scorre il fiume Velino con le sue acque che dalla Valle Santa giungono fino a Roma. L&#8217;acqua rimanda anche al Cantico delle Creature e alla millenaria storia della valle cos\u00ec ricca di acque, a cui sono legate le vicende delle popolazioni che l&#8217;abitano e l&#8217;hanno abitata.<\/p>\n<p>Nella rappresentazione si fa riferimento anche ai quattro Santuari francescani e alla citt\u00e0 di Rieti. L&#8217;opera \u00e8 stata realizzata dagli esperti artigiani che hanno interpretato il disegno del presepista Francesco Artese. I personaggi, di grandezza naturale, sono in terracotta dipinta (testa, mani e piedi) montati su una struttura in ferro impagliata con vestiti dell&#8217;epoca (1200).<\/p>\n<p>Anche nell&#8217;Aula Paolo VI, migliaia di tessere di vetro veneziano narreranno la rappresentazione della nascita di Ges\u00f9. Ad accoglierlo, come ottocento anni fa, San Francesco e Santa Chiara che, nonostante non fosse presente nella notte di Greccio, simboleggia la pr esenza dell&#8217;universo femminile del francescanesimo.<\/p>\n<p>Il Bambino \u00e8 avvolto in un tessuto bianco, mentre una scia azzurra giunge a terra fino ad avvolgere San Francesco inginocchiato con le mani aperte. Essa, nelle intenzioni degli artisti, rappresenta l &#8216;acqua sorgente di vita. Quasi dietro al Santo, vi \u00e8 Santa Chiara, vestita secondo lo stile sobrio delle clarisse con il volto semi coperto da un velo quasi nero e con le vesti di colore violaceo scuro.<\/p>\n<p>Le mani di Chiara sembrano appoggiate a San Francesco. Differenti sono le aureole per evidenziare i diversi ruoli dei personaggi. Le tessere trasparenti ed opache di smalto di vetro veneziano con bordatura in oro giallo liscio per il Bambino, la Madonna e San Giuseppe. Le tessere trasparenti ed opache di sm alto di vetro veneziano con bordatura in oro bianco per San Francesco e Santa Chiara. Il viso del Bambino \u00e8 piccolo e luminoso, Maria indossa un mantello blu, al suo interno si scorgono le stelle a rappresentare l&#8217;infinito, la veste \u00e8 rossa. Le mani della Madonna sorreggono il Bambino per presentarlo al mondo. San Giuseppe ha gli abiti color della terra. L&#8217;opera \u00e8 realizzata dall&#8217;artista del mosaico Alessandro Serena di Spilimbergo (Pordenone).<\/p>\n<p>Al termine dell&#8217;esposizione in Vaticano, le opere monumentali saranno esposte permanentemente nella citt\u00e0 di Rieti.<\/p>\n<p>Per quanto riguarda l&#8217;abete bianco, alto quasi 25 metri, esso proviene da un territorio particolarmente verde, l&#8217;alta valle alpina che prende il nome dal torrente che la percorre nella sua lunghezza: il Maira, nel comune di Macra, dove centinaia di migliaia di piante autoctone crescono una accanto all\u2019altra, in immense foreste. Il comune di Macra ha saputo diventare il punto di congiunzione tra la bassa e l\u2019alta valle Maira, un luo go di soste e di scambio. Il Comune si trova a 875 metri di altitudine, ed \u00e8 costituito da 17 borgate e frazioni. Nasce nel 1928 dalla fusione di Alma ed Albaretto, creati come comuni autonomi nel 1602. Ed \u00e8 proprio dai parrocchiani di Albaretto di Macra, pochi abitanti fieri delle tradizioni delle genti di montagna e fortemente motivati al rilancio, che \u00e8 nata l&#8217;iniziativa di donare l\u2019albero di Natale a Papa Francesco. Si tratta della volont\u00e0 di riscatto di una piccola comunit\u00e0 che, col suo gesto, vuole te stimoniare la vicinanza al Pontefice. La donazione \u00e8 stata resa possibile con il contributo del comune di Cuneo. Una particolarit\u00e0 riguarda l\u2019addobbo, che \u00e8 all&#8217;insegna della cura della Casa comune, nello spirito dell&#8217;enciclica \u201cLaudato si\u2019\u201d di Papa Franc esco. \u00c8 molto diverso rispetto agli anni passati, ed \u00e8 caratterizzato dalla presenza sull\u2019albero di migliaia di stelle alpine della ditta Piumatto della Edelweiss di Villar San Costanzo. Simboleggiano la neve e portano in Piazza San Pietro il fiore che caratterizza la valle Maira. \u00c8 molto importante considerare che le stelle alpine vivono allo stato naturale oltre i 1800 metri di altitudine. L\u2019azienda, che ha come obiettivo la salvaguardia ambientale, le coltiva in pianura senza compromettere quelle allo st ato naturale, per cui esse vengono in questo modo preservate per tutelare la flora tipica della montagna.<\/p>\n<p>L&#8217;allestimento dell&#8217;illuminazione e la cerimonia sono, come di consueto, curate dalla Direzione delle Infrastrutture e Servizi del Governatorato e da l Coordinamento Eventi del Governatorato.<\/p>\n<p>L\u2019albero e i Presepi rimarranno esposti fino alla conclusione del Tempo di Natale, che coincide con la festa del Battesimo del Signore, domenica 7 gennaio 2024.<\/p>\n<p>Citt\u00e0 del Vaticano, 30 ottobre 2023<\/p>\n","protected":false},"excerpt":{"rendered":"<p>Comunicato Stampa del Governatorato S.C.V. Natale 2023<\/p>\n","protected":false},"author":17,"featured_media":86816,"comment_status":"closed","ping_status":"closed","sticky":false,"template":"","format":"standard","meta":{"_acf_changed":false,"_crdt_document":"","inline_featured_image":false,"footnotes":""},"categories":[131],"tags":[4026,10648,10647,10646,10645,4952],"class_list":["post-86805","post","type-post","status-publish","format-standard","has-post-thumbnail","hentry","category-vaticano","tag-governatorato","tag-inaugurazione","tag-lalbero","tag-presepi","tag-tempo-di-natale","tag-trending-it"],"acf":[],"yoast_head":"<!-- This site is optimized with the Yoast SEO plugin v27.4 - https:\/\/yoast.com\/product\/yoast-seo-wordpress\/ -->\n<title>Inaugurazione del Presepe e illuminazione dell&#039;albero di Natale in Piazza San Pietro (2023) &#8211; Exaudi<\/title>\n<meta name=\"robots\" content=\"index, follow, max-snippet:-1, max-image-preview:large, max-video-preview:-1\" \/>\n<link rel=\"canonical\" href=\"https:\/\/exaudi.org\/it\/inaugurazione-del-presepe-e-illuminazione-dellalbero-di-natale-in-piazza-san-pietro-2023\/\" \/>\n<meta property=\"og:locale\" content=\"it_IT\" \/>\n<meta property=\"og:type\" content=\"article\" \/>\n<meta property=\"og:title\" content=\"Inaugurazione del Presepe e illuminazione dell&#039;albero di Natale in Piazza San Pietro (2023) &#8211; Exaudi\" \/>\n<meta property=\"og:description\" content=\"Comunicato Stampa del Governatorato S.C.V. Natale 2023\" \/>\n<meta property=\"og:url\" content=\"https:\/\/exaudi.org\/it\/inaugurazione-del-presepe-e-illuminazione-dellalbero-di-natale-in-piazza-san-pietro-2023\/\" \/>\n<meta property=\"og:site_name\" content=\"Exaudi\" \/>\n<meta property=\"article:publisher\" content=\"https:\/\/www.facebook.com\/ExaudiNews\" \/>\n<meta property=\"article:author\" content=\"https:\/\/www.facebook.com\/ExaudiNotizie\/\" \/>\n<meta property=\"article:published_time\" content=\"2023-10-30T13:31:21+00:00\" \/>\n<meta property=\"article:modified_time\" content=\"2023-10-30T13:42:25+00:00\" \/>\n<meta property=\"og:image\" content=\"https:\/\/exaudi.org\/wp-content\/uploads\/2023\/10\/cq5dam.thumbnail.cropped.750.422-35.jpeg\" \/>\n\t<meta property=\"og:image:width\" content=\"750\" \/>\n\t<meta property=\"og:image:height\" content=\"422\" \/>\n\t<meta property=\"og:image:type\" content=\"image\/jpeg\" \/>\n<meta name=\"author\" content=\"Exaudi Redazione\" \/>\n<meta name=\"twitter:card\" content=\"summary_large_image\" \/>\n<meta name=\"twitter:creator\" content=\"@Exaudi_Notizie\" \/>\n<meta name=\"twitter:site\" content=\"@Exaudi_News\" \/>\n<meta name=\"twitter:label1\" content=\"Scritto da\" \/>\n\t<meta name=\"twitter:data1\" content=\"Exaudi Redazione\" \/>\n\t<meta name=\"twitter:label2\" content=\"Tempo di lettura stimato\" \/>\n\t<meta name=\"twitter:data2\" content=\"5 minuti\" \/>\n<script type=\"application\/ld+json\" class=\"yoast-schema-graph\">{\"@context\":\"https:\\\/\\\/schema.org\",\"@graph\":[{\"@type\":\"Article\",\"@id\":\"https:\\\/\\\/exaudi.org\\\/it\\\/inaugurazione-del-presepe-e-illuminazione-dellalbero-di-natale-in-piazza-san-pietro-2023\\\/#article\",\"isPartOf\":{\"@id\":\"https:\\\/\\\/exaudi.org\\\/it\\\/inaugurazione-del-presepe-e-illuminazione-dellalbero-di-natale-in-piazza-san-pietro-2023\\\/\"},\"author\":{\"name\":\"Exaudi Redazione\",\"@id\":\"https:\\\/\\\/exaudi.org\\\/#\\\/schema\\\/person\\\/e1ab6ed07c01774724dd96f925f3a5f0\"},\"headline\":\"Inaugurazione del Presepe e illuminazione dell&#8217;albero di Natale in Piazza San Pietro (2023)\",\"datePublished\":\"2023-10-30T13:31:21+00:00\",\"dateModified\":\"2023-10-30T13:42:25+00:00\",\"mainEntityOfPage\":{\"@id\":\"https:\\\/\\\/exaudi.org\\\/it\\\/inaugurazione-del-presepe-e-illuminazione-dellalbero-di-natale-in-piazza-san-pietro-2023\\\/\"},\"wordCount\":1097,\"image\":{\"@id\":\"https:\\\/\\\/exaudi.org\\\/it\\\/inaugurazione-del-presepe-e-illuminazione-dellalbero-di-natale-in-piazza-san-pietro-2023\\\/#primaryimage\"},\"thumbnailUrl\":\"https:\\\/\\\/exaudi.org\\\/wp-content\\\/uploads\\\/2023\\\/10\\\/cq5dam.thumbnail.cropped.750.422-35.jpeg\",\"keywords\":[\"Governatorato\",\"Inaugurazione\",\"L\u2019albero\",\"Presepi\",\"Tempo di Natale\",\"Trending\"],\"articleSection\":[\"Vaticano\"],\"inLanguage\":\"it-IT\"},{\"@type\":\"WebPage\",\"@id\":\"https:\\\/\\\/exaudi.org\\\/it\\\/inaugurazione-del-presepe-e-illuminazione-dellalbero-di-natale-in-piazza-san-pietro-2023\\\/\",\"url\":\"https:\\\/\\\/exaudi.org\\\/it\\\/inaugurazione-del-presepe-e-illuminazione-dellalbero-di-natale-in-piazza-san-pietro-2023\\\/\",\"name\":\"Inaugurazione del Presepe e illuminazione dell'albero di Natale in Piazza San Pietro (2023) &#8211; Exaudi\",\"isPartOf\":{\"@id\":\"https:\\\/\\\/exaudi.org\\\/#website\"},\"primaryImageOfPage\":{\"@id\":\"https:\\\/\\\/exaudi.org\\\/it\\\/inaugurazione-del-presepe-e-illuminazione-dellalbero-di-natale-in-piazza-san-pietro-2023\\\/#primaryimage\"},\"image\":{\"@id\":\"https:\\\/\\\/exaudi.org\\\/it\\\/inaugurazione-del-presepe-e-illuminazione-dellalbero-di-natale-in-piazza-san-pietro-2023\\\/#primaryimage\"},\"thumbnailUrl\":\"https:\\\/\\\/exaudi.org\\\/wp-content\\\/uploads\\\/2023\\\/10\\\/cq5dam.thumbnail.cropped.750.422-35.jpeg\",\"datePublished\":\"2023-10-30T13:31:21+00:00\",\"dateModified\":\"2023-10-30T13:42:25+00:00\",\"author\":{\"@id\":\"https:\\\/\\\/exaudi.org\\\/#\\\/schema\\\/person\\\/e1ab6ed07c01774724dd96f925f3a5f0\"},\"breadcrumb\":{\"@id\":\"https:\\\/\\\/exaudi.org\\\/it\\\/inaugurazione-del-presepe-e-illuminazione-dellalbero-di-natale-in-piazza-san-pietro-2023\\\/#breadcrumb\"},\"inLanguage\":\"it-IT\",\"potentialAction\":[{\"@type\":\"ReadAction\",\"target\":[\"https:\\\/\\\/exaudi.org\\\/it\\\/inaugurazione-del-presepe-e-illuminazione-dellalbero-di-natale-in-piazza-san-pietro-2023\\\/\"]}]},{\"@type\":\"ImageObject\",\"inLanguage\":\"it-IT\",\"@id\":\"https:\\\/\\\/exaudi.org\\\/it\\\/inaugurazione-del-presepe-e-illuminazione-dellalbero-di-natale-in-piazza-san-pietro-2023\\\/#primaryimage\",\"url\":\"https:\\\/\\\/exaudi.org\\\/wp-content\\\/uploads\\\/2023\\\/10\\\/cq5dam.thumbnail.cropped.750.422-35.jpeg\",\"contentUrl\":\"https:\\\/\\\/exaudi.org\\\/wp-content\\\/uploads\\\/2023\\\/10\\\/cq5dam.thumbnail.cropped.750.422-35.jpeg\",\"width\":750,\"height\":422},{\"@type\":\"BreadcrumbList\",\"@id\":\"https:\\\/\\\/exaudi.org\\\/it\\\/inaugurazione-del-presepe-e-illuminazione-dellalbero-di-natale-in-piazza-san-pietro-2023\\\/#breadcrumb\",\"itemListElement\":[{\"@type\":\"ListItem\",\"position\":1,\"name\":\"Portada\",\"item\":\"https:\\\/\\\/exaudi.org\\\/it\\\/\"},{\"@type\":\"ListItem\",\"position\":2,\"name\":\"Inaugurazione del Presepe e illuminazione dell&#8217;albero di Natale in Piazza San Pietro (2023)\"}]},{\"@type\":\"WebSite\",\"@id\":\"https:\\\/\\\/exaudi.org\\\/#website\",\"url\":\"https:\\\/\\\/exaudi.org\\\/\",\"name\":\"Exaudi\",\"description\":\"News\",\"potentialAction\":[{\"@type\":\"SearchAction\",\"target\":{\"@type\":\"EntryPoint\",\"urlTemplate\":\"https:\\\/\\\/exaudi.org\\\/?s={search_term_string}\"},\"query-input\":{\"@type\":\"PropertyValueSpecification\",\"valueRequired\":true,\"valueName\":\"search_term_string\"}}],\"inLanguage\":\"it-IT\"},{\"@type\":\"Person\",\"@id\":\"https:\\\/\\\/exaudi.org\\\/#\\\/schema\\\/person\\\/e1ab6ed07c01774724dd96f925f3a5f0\",\"name\":\"Exaudi Redazione\",\"image\":{\"@type\":\"ImageObject\",\"inLanguage\":\"it-IT\",\"@id\":\"https:\\\/\\\/secure.gravatar.com\\\/avatar\\\/ad6774b3ada023bf5b939d64f45c94b3adf91502dd883507d469b4308a943bb3?s=96&d=mm&r=g\",\"url\":\"https:\\\/\\\/secure.gravatar.com\\\/avatar\\\/ad6774b3ada023bf5b939d64f45c94b3adf91502dd883507d469b4308a943bb3?s=96&d=mm&r=g\",\"contentUrl\":\"https:\\\/\\\/secure.gravatar.com\\\/avatar\\\/ad6774b3ada023bf5b939d64f45c94b3adf91502dd883507d469b4308a943bb3?s=96&d=mm&r=g\",\"caption\":\"Exaudi Redazione\"},\"description\":\"Che cosa \u00e8 Exaudi News? Exaudi News \u00e8 un agenzia cattolica internazionale che informa, istruisce e trasforma quotidianamente in spagnolo, inglese e italiano. Attraverso notizie, articoli di analisi e trasmissioni in diretta degli eventi del Papa, Exaudi cerca di rafforzare l'unit\u00e0 dei cristiani e di contribuire all'evangelizzazione del mondo, sempre guidato dalla dottrina sociale della Chiesa. Lavoriamo per portare la verit\u00e0 e i valori cristiani in ogni angolo del pianeta. Aiutaci a trasformare il mondo con Exaudi! Noi di Exaudi crediamo che l'evangelizzazione e l'informazione di qualit\u00e0 possano cambiare la vita. Per continuare la nostra missione ed espandere la nostra portata, abbiamo bisogno del tuo aiuto. Stiamo anche cercando persone motivate che vogliano unirsi al nostro team. Grazie al vostro sostegno raggiungeremo pi\u00f9 persone, diffonderemo il messaggio di Cristo e rafforzeremo l'unit\u00e0 dei cristiani. Vuoi unirti alla nostra missione? Per maggiori informazioni su come contribuire, visita Exaudi.org\\\/it o contattaci direttamente: info@exaudi.org Exaudi: informa, forma e trasforma.\",\"sameAs\":[\"https:\\\/\\\/www.facebook.com\\\/ExaudiNotizie\\\/\",\"https:\\\/\\\/www.instagram.com\\\/Exaudi_notizie\\\/\",\"https:\\\/\\\/x.com\\\/Exaudi_Notizie\",\"https:\\\/\\\/www.youtube.com\\\/@exaudicatholicnews\"],\"url\":\"https:\\\/\\\/exaudi.org\\\/it\\\/author\\\/dlvedi-org\\\/\"}]}<\/script>\n<!-- \/ Yoast SEO plugin. -->","yoast_head_json":{"title":"Inaugurazione del Presepe e illuminazione dell'albero di Natale in Piazza San Pietro (2023) &#8211; Exaudi","robots":{"index":"index","follow":"follow","max-snippet":"max-snippet:-1","max-image-preview":"max-image-preview:large","max-video-preview":"max-video-preview:-1"},"canonical":"https:\/\/exaudi.org\/it\/inaugurazione-del-presepe-e-illuminazione-dellalbero-di-natale-in-piazza-san-pietro-2023\/","og_locale":"it_IT","og_type":"article","og_title":"Inaugurazione del Presepe e illuminazione dell'albero di Natale in Piazza San Pietro (2023) &#8211; Exaudi","og_description":"Comunicato Stampa del Governatorato S.C.V. Natale 2023","og_url":"https:\/\/exaudi.org\/it\/inaugurazione-del-presepe-e-illuminazione-dellalbero-di-natale-in-piazza-san-pietro-2023\/","og_site_name":"Exaudi","article_publisher":"https:\/\/www.facebook.com\/ExaudiNews","article_author":"https:\/\/www.facebook.com\/ExaudiNotizie\/","article_published_time":"2023-10-30T13:31:21+00:00","article_modified_time":"2023-10-30T13:42:25+00:00","og_image":[{"width":750,"height":422,"url":"https:\/\/exaudi.org\/wp-content\/uploads\/2023\/10\/cq5dam.thumbnail.cropped.750.422-35.jpeg","type":"image\/jpeg"}],"author":"Exaudi Redazione","twitter_card":"summary_large_image","twitter_creator":"@Exaudi_Notizie","twitter_site":"@Exaudi_News","twitter_misc":{"Scritto da":"Exaudi Redazione","Tempo di lettura stimato":"5 minuti"},"schema":{"@context":"https:\/\/schema.org","@graph":[{"@type":"Article","@id":"https:\/\/exaudi.org\/it\/inaugurazione-del-presepe-e-illuminazione-dellalbero-di-natale-in-piazza-san-pietro-2023\/#article","isPartOf":{"@id":"https:\/\/exaudi.org\/it\/inaugurazione-del-presepe-e-illuminazione-dellalbero-di-natale-in-piazza-san-pietro-2023\/"},"author":{"name":"Exaudi Redazione","@id":"https:\/\/exaudi.org\/#\/schema\/person\/e1ab6ed07c01774724dd96f925f3a5f0"},"headline":"Inaugurazione del Presepe e illuminazione dell&#8217;albero di Natale in Piazza San Pietro (2023)","datePublished":"2023-10-30T13:31:21+00:00","dateModified":"2023-10-30T13:42:25+00:00","mainEntityOfPage":{"@id":"https:\/\/exaudi.org\/it\/inaugurazione-del-presepe-e-illuminazione-dellalbero-di-natale-in-piazza-san-pietro-2023\/"},"wordCount":1097,"image":{"@id":"https:\/\/exaudi.org\/it\/inaugurazione-del-presepe-e-illuminazione-dellalbero-di-natale-in-piazza-san-pietro-2023\/#primaryimage"},"thumbnailUrl":"https:\/\/exaudi.org\/wp-content\/uploads\/2023\/10\/cq5dam.thumbnail.cropped.750.422-35.jpeg","keywords":["Governatorato","Inaugurazione","L\u2019albero","Presepi","Tempo di Natale","Trending"],"articleSection":["Vaticano"],"inLanguage":"it-IT"},{"@type":"WebPage","@id":"https:\/\/exaudi.org\/it\/inaugurazione-del-presepe-e-illuminazione-dellalbero-di-natale-in-piazza-san-pietro-2023\/","url":"https:\/\/exaudi.org\/it\/inaugurazione-del-presepe-e-illuminazione-dellalbero-di-natale-in-piazza-san-pietro-2023\/","name":"Inaugurazione del Presepe e illuminazione dell'albero di Natale in Piazza San Pietro (2023) &#8211; Exaudi","isPartOf":{"@id":"https:\/\/exaudi.org\/#website"},"primaryImageOfPage":{"@id":"https:\/\/exaudi.org\/it\/inaugurazione-del-presepe-e-illuminazione-dellalbero-di-natale-in-piazza-san-pietro-2023\/#primaryimage"},"image":{"@id":"https:\/\/exaudi.org\/it\/inaugurazione-del-presepe-e-illuminazione-dellalbero-di-natale-in-piazza-san-pietro-2023\/#primaryimage"},"thumbnailUrl":"https:\/\/exaudi.org\/wp-content\/uploads\/2023\/10\/cq5dam.thumbnail.cropped.750.422-35.jpeg","datePublished":"2023-10-30T13:31:21+00:00","dateModified":"2023-10-30T13:42:25+00:00","author":{"@id":"https:\/\/exaudi.org\/#\/schema\/person\/e1ab6ed07c01774724dd96f925f3a5f0"},"breadcrumb":{"@id":"https:\/\/exaudi.org\/it\/inaugurazione-del-presepe-e-illuminazione-dellalbero-di-natale-in-piazza-san-pietro-2023\/#breadcrumb"},"inLanguage":"it-IT","potentialAction":[{"@type":"ReadAction","target":["https:\/\/exaudi.org\/it\/inaugurazione-del-presepe-e-illuminazione-dellalbero-di-natale-in-piazza-san-pietro-2023\/"]}]},{"@type":"ImageObject","inLanguage":"it-IT","@id":"https:\/\/exaudi.org\/it\/inaugurazione-del-presepe-e-illuminazione-dellalbero-di-natale-in-piazza-san-pietro-2023\/#primaryimage","url":"https:\/\/exaudi.org\/wp-content\/uploads\/2023\/10\/cq5dam.thumbnail.cropped.750.422-35.jpeg","contentUrl":"https:\/\/exaudi.org\/wp-content\/uploads\/2023\/10\/cq5dam.thumbnail.cropped.750.422-35.jpeg","width":750,"height":422},{"@type":"BreadcrumbList","@id":"https:\/\/exaudi.org\/it\/inaugurazione-del-presepe-e-illuminazione-dellalbero-di-natale-in-piazza-san-pietro-2023\/#breadcrumb","itemListElement":[{"@type":"ListItem","position":1,"name":"Portada","item":"https:\/\/exaudi.org\/it\/"},{"@type":"ListItem","position":2,"name":"Inaugurazione del Presepe e illuminazione dell&#8217;albero di Natale in Piazza San Pietro (2023)"}]},{"@type":"WebSite","@id":"https:\/\/exaudi.org\/#website","url":"https:\/\/exaudi.org\/","name":"Exaudi","description":"News","potentialAction":[{"@type":"SearchAction","target":{"@type":"EntryPoint","urlTemplate":"https:\/\/exaudi.org\/?s={search_term_string}"},"query-input":{"@type":"PropertyValueSpecification","valueRequired":true,"valueName":"search_term_string"}}],"inLanguage":"it-IT"},{"@type":"Person","@id":"https:\/\/exaudi.org\/#\/schema\/person\/e1ab6ed07c01774724dd96f925f3a5f0","name":"Exaudi Redazione","image":{"@type":"ImageObject","inLanguage":"it-IT","@id":"https:\/\/secure.gravatar.com\/avatar\/ad6774b3ada023bf5b939d64f45c94b3adf91502dd883507d469b4308a943bb3?s=96&d=mm&r=g","url":"https:\/\/secure.gravatar.com\/avatar\/ad6774b3ada023bf5b939d64f45c94b3adf91502dd883507d469b4308a943bb3?s=96&d=mm&r=g","contentUrl":"https:\/\/secure.gravatar.com\/avatar\/ad6774b3ada023bf5b939d64f45c94b3adf91502dd883507d469b4308a943bb3?s=96&d=mm&r=g","caption":"Exaudi Redazione"},"description":"Che cosa \u00e8 Exaudi News? Exaudi News \u00e8 un agenzia cattolica internazionale che informa, istruisce e trasforma quotidianamente in spagnolo, inglese e italiano. Attraverso notizie, articoli di analisi e trasmissioni in diretta degli eventi del Papa, Exaudi cerca di rafforzare l'unit\u00e0 dei cristiani e di contribuire all'evangelizzazione del mondo, sempre guidato dalla dottrina sociale della Chiesa. Lavoriamo per portare la verit\u00e0 e i valori cristiani in ogni angolo del pianeta. Aiutaci a trasformare il mondo con Exaudi! Noi di Exaudi crediamo che l'evangelizzazione e l'informazione di qualit\u00e0 possano cambiare la vita. Per continuare la nostra missione ed espandere la nostra portata, abbiamo bisogno del tuo aiuto. Stiamo anche cercando persone motivate che vogliano unirsi al nostro team. Grazie al vostro sostegno raggiungeremo pi\u00f9 persone, diffonderemo il messaggio di Cristo e rafforzeremo l'unit\u00e0 dei cristiani. Vuoi unirti alla nostra missione? Per maggiori informazioni su come contribuire, visita Exaudi.org\/it o contattaci direttamente: info@exaudi.org Exaudi: informa, forma e trasforma.","sameAs":["https:\/\/www.facebook.com\/ExaudiNotizie\/","https:\/\/www.instagram.com\/Exaudi_notizie\/","https:\/\/x.com\/Exaudi_Notizie","https:\/\/www.youtube.com\/@exaudicatholicnews"],"url":"https:\/\/exaudi.org\/it\/author\/dlvedi-org\/"}]}},"jetpack_featured_media_url":"https:\/\/exaudi.org\/wp-content\/uploads\/2023\/10\/cq5dam.thumbnail.cropped.750.422-35.jpeg","jetpack_shortlink":"https:\/\/wp.me\/pgKjF2-mA5","_links":{"self":[{"href":"https:\/\/exaudi.org\/it\/wp-json\/wp\/v2\/posts\/86805","targetHints":{"allow":["GET"]}}],"collection":[{"href":"https:\/\/exaudi.org\/it\/wp-json\/wp\/v2\/posts"}],"about":[{"href":"https:\/\/exaudi.org\/it\/wp-json\/wp\/v2\/types\/post"}],"author":[{"embeddable":true,"href":"https:\/\/exaudi.org\/it\/wp-json\/wp\/v2\/users\/17"}],"replies":[{"embeddable":true,"href":"https:\/\/exaudi.org\/it\/wp-json\/wp\/v2\/comments?post=86805"}],"version-history":[{"count":0,"href":"https:\/\/exaudi.org\/it\/wp-json\/wp\/v2\/posts\/86805\/revisions"}],"wp:featuredmedia":[{"embeddable":true,"href":"https:\/\/exaudi.org\/it\/wp-json\/wp\/v2\/media\/86816"}],"wp:attachment":[{"href":"https:\/\/exaudi.org\/it\/wp-json\/wp\/v2\/media?parent=86805"}],"wp:term":[{"taxonomy":"category","embeddable":true,"href":"https:\/\/exaudi.org\/it\/wp-json\/wp\/v2\/categories?post=86805"},{"taxonomy":"post_tag","embeddable":true,"href":"https:\/\/exaudi.org\/it\/wp-json\/wp\/v2\/tags?post=86805"}],"curies":[{"name":"wp","href":"https:\/\/api.w.org\/{rel}","templated":true}]}}