{"id":86689,"date":"2023-10-28T18:09:15","date_gmt":"2023-10-28T16:09:15","guid":{"rendered":"https:\/\/exaudi.org\/?p=86689"},"modified":"2023-10-28T18:09:15","modified_gmt":"2023-10-28T16:09:15","slug":"il-papa-esprime-sgomento-per-la-sparatoria-di-massa-a-lewiston","status":"publish","type":"post","link":"https:\/\/exaudi.org\/it\/il-papa-esprime-sgomento-per-la-sparatoria-di-massa-a-lewiston\/","title":{"rendered":"Il Papa esprime sgomento per la sparatoria di massa a Lewiston"},"content":{"rendered":"<p>Il 25 ottobre 2023, un uomo armato identificato come Robert Card, un ufficiale militare di riserva di 40 anni, ha aperto il fuoco in una sala da bowling e in un ristorante di Lewiston, nel Maine. La sparatoria ha provocato 18 morti e 13 feriti.<\/p>\n<p>Il massacro di Lewiston \u00e8 stata la sparatoria di massa pi\u00f9 letale negli Stati Uniti fino ad ora, quest&#8217;anno. \u00c8 stato un evento tragico e orribile che ha sconvolto la nazione.<\/p>\n<p>La strage di Lewiston \u00e8 stata un evento tragico e orribile. \u00c8 importante ricordare le vittime e le loro famiglie e lavorare per evitare che qualcosa di simile si ripeta.<\/p>\n<p>Pubblichiamo di seguito il telegramma di cordoglio per le vittime della strage avvenuta a Lewiston (U.S.A.), inviato &#8211; a nome del Santo Padre Francesco &#8211; dal Cardinale Segretario di Stato Pietro Parolin &#8211; al Vescovo di Portland, S.E. Mons. Robert Deeley:<\/p>\n<p><strong>Telegramma di Papa Francesco<\/strong><\/p>\n<p>IL REVERENDISSIMO ROBERT DEELEY<\/p>\n<p>VESCOVO DI PORTLAND<\/p>\n<p>SUA SANTIT\u00c0 PAPA FRANCESCO HA RICEVUTO CON PROFONDA TRISTEZZA LA NOTIZIA DELLA TERRIBILE PERDITA DI VITE UMANE CAUSATA DALLA SPARATORIA DI MASSA A LEWISTON ED ESPRIME LA SUA VICINANZA SPIRITUALE A TUTTI COLORO CHE SOFFRONO PER QUESTA INDICIBILE TRAGEDIA, SPECIALMENTE ALLE FAMIGLIE CHE HANNO PERSO I LORO CARI. SUA SANTIT\u00c0 AFFIDA LE ANIME DEI DEFUNTI ALL&#8217;AMOREVOLE MISERICORDIA DI DIO ONNIPOTENTE E PREGA PER LA GUARIGIONE DEI FERITI E DEL PERSONALE MEDICO CHE LI ASSISTE. CON LA FERMA FIDUCIA CHE, AIUTATI DALLA GRAZIA DI DIO, POSSIAMO VINCERE IL MALE CON IL BENE (CFR. ROM 12,21), IL SANTO PADRE INVOCA SULLA POPOLAZIONE DI LEWISTON E, DI FATTO, SU TUTTO IL PAESE, LE BENEDIZIONI DELLA FORZA E DELLA PACE DI DIO ONNIPOTENTE.<\/p>\n<p>CARDINALE PIETRO PAROLIN<\/p>\n<p>SEGRETARIO DI STATO<\/p>\n<p>[Testo originale: inglese]<\/p>\n","protected":false},"excerpt":{"rendered":"<p>Un telegramma di condoglianze invita ad agire per prevenire la violenza delle armi da fuoco<\/p>\n","protected":false},"author":17,"featured_media":86690,"comment_status":"closed","ping_status":"closed","sticky":false,"template":"","format":"standard","meta":{"_acf_changed":false,"_crdt_document":"","inline_featured_image":false,"footnotes":""},"categories":[131],"tags":[251,2219,7494,4952],"class_list":["post-86689","post","type-post","status-publish","format-standard","has-post-thumbnail","hentry","category-vaticano","tag-papa-francesco","tag-stati-uniti","tag-telegramma-cordoglio","tag-trending-it"],"acf":[],"yoast_head":"<!-- This site is optimized with the Yoast SEO plugin v27.4 - https:\/\/yoast.com\/product\/yoast-seo-wordpress\/ -->\n<title>Il Papa esprime sgomento per la sparatoria di massa a Lewiston &#8211; Exaudi<\/title>\n<meta name=\"robots\" content=\"index, follow, max-snippet:-1, max-image-preview:large, max-video-preview:-1\" \/>\n<link rel=\"canonical\" href=\"https:\/\/exaudi.org\/it\/il-papa-esprime-sgomento-per-la-sparatoria-di-massa-a-lewiston\/\" \/>\n<meta property=\"og:locale\" content=\"it_IT\" \/>\n<meta property=\"og:type\" content=\"article\" \/>\n<meta property=\"og:title\" content=\"Il Papa esprime sgomento per la sparatoria di massa a Lewiston &#8211; Exaudi\" \/>\n<meta property=\"og:description\" content=\"Un telegramma di condoglianze invita ad agire per prevenire la violenza delle armi da fuoco\" \/>\n<meta property=\"og:url\" content=\"https:\/\/exaudi.org\/it\/il-papa-esprime-sgomento-per-la-sparatoria-di-massa-a-lewiston\/\" \/>\n<meta property=\"og:site_name\" content=\"Exaudi\" \/>\n<meta property=\"article:publisher\" content=\"https:\/\/www.facebook.com\/ExaudiNews\" \/>\n<meta property=\"article:author\" content=\"https:\/\/www.facebook.com\/ExaudiNotizie\/\" \/>\n<meta property=\"article:published_time\" content=\"2023-10-28T16:09:15+00:00\" \/>\n<meta property=\"og:image\" content=\"https:\/\/exaudi.org\/wp-content\/uploads\/2023\/10\/cq5dam.web_.800.800-5.jpeg\" \/>\n\t<meta property=\"og:image:width\" content=\"750\" \/>\n\t<meta property=\"og:image:height\" content=\"422\" \/>\n\t<meta property=\"og:image:type\" content=\"image\/jpeg\" \/>\n<meta name=\"author\" content=\"Exaudi Redazione\" \/>\n<meta name=\"twitter:card\" content=\"summary_large_image\" \/>\n<meta name=\"twitter:creator\" content=\"@Exaudi_Notizie\" \/>\n<meta name=\"twitter:site\" content=\"@Exaudi_News\" \/>\n<meta name=\"twitter:label1\" content=\"Scritto da\" \/>\n\t<meta name=\"twitter:data1\" content=\"Exaudi Redazione\" \/>\n\t<meta name=\"twitter:label2\" content=\"Tempo di lettura stimato\" \/>\n\t<meta name=\"twitter:data2\" content=\"1 minuto\" \/>\n<script type=\"application\/ld+json\" class=\"yoast-schema-graph\">{\"@context\":\"https:\\\/\\\/schema.org\",\"@graph\":[{\"@type\":\"Article\",\"@id\":\"https:\\\/\\\/exaudi.org\\\/it\\\/il-papa-esprime-sgomento-per-la-sparatoria-di-massa-a-lewiston\\\/#article\",\"isPartOf\":{\"@id\":\"https:\\\/\\\/exaudi.org\\\/it\\\/il-papa-esprime-sgomento-per-la-sparatoria-di-massa-a-lewiston\\\/\"},\"author\":{\"name\":\"Exaudi Redazione\",\"@id\":\"https:\\\/\\\/exaudi.org\\\/#\\\/schema\\\/person\\\/e1ab6ed07c01774724dd96f925f3a5f0\"},\"headline\":\"Il Papa esprime sgomento per la sparatoria di massa a Lewiston\",\"datePublished\":\"2023-10-28T16:09:15+00:00\",\"mainEntityOfPage\":{\"@id\":\"https:\\\/\\\/exaudi.org\\\/it\\\/il-papa-esprime-sgomento-per-la-sparatoria-di-massa-a-lewiston\\\/\"},\"wordCount\":292,\"image\":{\"@id\":\"https:\\\/\\\/exaudi.org\\\/it\\\/il-papa-esprime-sgomento-per-la-sparatoria-di-massa-a-lewiston\\\/#primaryimage\"},\"thumbnailUrl\":\"https:\\\/\\\/exaudi.org\\\/wp-content\\\/uploads\\\/2023\\\/10\\\/cq5dam.web_.800.800-5.jpeg\",\"keywords\":[\"Papa Francesco\",\"Stati Uniti\",\"Telegramma cordoglio\",\"Trending\"],\"articleSection\":[\"Vaticano\"],\"inLanguage\":\"it-IT\"},{\"@type\":\"WebPage\",\"@id\":\"https:\\\/\\\/exaudi.org\\\/it\\\/il-papa-esprime-sgomento-per-la-sparatoria-di-massa-a-lewiston\\\/\",\"url\":\"https:\\\/\\\/exaudi.org\\\/it\\\/il-papa-esprime-sgomento-per-la-sparatoria-di-massa-a-lewiston\\\/\",\"name\":\"Il Papa esprime sgomento per la sparatoria di massa a Lewiston &#8211; Exaudi\",\"isPartOf\":{\"@id\":\"https:\\\/\\\/exaudi.org\\\/#website\"},\"primaryImageOfPage\":{\"@id\":\"https:\\\/\\\/exaudi.org\\\/it\\\/il-papa-esprime-sgomento-per-la-sparatoria-di-massa-a-lewiston\\\/#primaryimage\"},\"image\":{\"@id\":\"https:\\\/\\\/exaudi.org\\\/it\\\/il-papa-esprime-sgomento-per-la-sparatoria-di-massa-a-lewiston\\\/#primaryimage\"},\"thumbnailUrl\":\"https:\\\/\\\/exaudi.org\\\/wp-content\\\/uploads\\\/2023\\\/10\\\/cq5dam.web_.800.800-5.jpeg\",\"datePublished\":\"2023-10-28T16:09:15+00:00\",\"author\":{\"@id\":\"https:\\\/\\\/exaudi.org\\\/#\\\/schema\\\/person\\\/e1ab6ed07c01774724dd96f925f3a5f0\"},\"breadcrumb\":{\"@id\":\"https:\\\/\\\/exaudi.org\\\/it\\\/il-papa-esprime-sgomento-per-la-sparatoria-di-massa-a-lewiston\\\/#breadcrumb\"},\"inLanguage\":\"it-IT\",\"potentialAction\":[{\"@type\":\"ReadAction\",\"target\":[\"https:\\\/\\\/exaudi.org\\\/it\\\/il-papa-esprime-sgomento-per-la-sparatoria-di-massa-a-lewiston\\\/\"]}]},{\"@type\":\"ImageObject\",\"inLanguage\":\"it-IT\",\"@id\":\"https:\\\/\\\/exaudi.org\\\/it\\\/il-papa-esprime-sgomento-per-la-sparatoria-di-massa-a-lewiston\\\/#primaryimage\",\"url\":\"https:\\\/\\\/exaudi.org\\\/wp-content\\\/uploads\\\/2023\\\/10\\\/cq5dam.web_.800.800-5.jpeg\",\"contentUrl\":\"https:\\\/\\\/exaudi.org\\\/wp-content\\\/uploads\\\/2023\\\/10\\\/cq5dam.web_.800.800-5.jpeg\",\"width\":750,\"height\":422,\"caption\":\"Messaggi di speranza sugli alberi di Lewiston (ANSA)\"},{\"@type\":\"BreadcrumbList\",\"@id\":\"https:\\\/\\\/exaudi.org\\\/it\\\/il-papa-esprime-sgomento-per-la-sparatoria-di-massa-a-lewiston\\\/#breadcrumb\",\"itemListElement\":[{\"@type\":\"ListItem\",\"position\":1,\"name\":\"Portada\",\"item\":\"https:\\\/\\\/exaudi.org\\\/it\\\/\"},{\"@type\":\"ListItem\",\"position\":2,\"name\":\"Il Papa esprime sgomento per la sparatoria di massa a Lewiston\"}]},{\"@type\":\"WebSite\",\"@id\":\"https:\\\/\\\/exaudi.org\\\/#website\",\"url\":\"https:\\\/\\\/exaudi.org\\\/\",\"name\":\"Exaudi\",\"description\":\"News\",\"potentialAction\":[{\"@type\":\"SearchAction\",\"target\":{\"@type\":\"EntryPoint\",\"urlTemplate\":\"https:\\\/\\\/exaudi.org\\\/?s={search_term_string}\"},\"query-input\":{\"@type\":\"PropertyValueSpecification\",\"valueRequired\":true,\"valueName\":\"search_term_string\"}}],\"inLanguage\":\"it-IT\"},{\"@type\":\"Person\",\"@id\":\"https:\\\/\\\/exaudi.org\\\/#\\\/schema\\\/person\\\/e1ab6ed07c01774724dd96f925f3a5f0\",\"name\":\"Exaudi Redazione\",\"image\":{\"@type\":\"ImageObject\",\"inLanguage\":\"it-IT\",\"@id\":\"https:\\\/\\\/secure.gravatar.com\\\/avatar\\\/ad6774b3ada023bf5b939d64f45c94b3adf91502dd883507d469b4308a943bb3?s=96&d=mm&r=g\",\"url\":\"https:\\\/\\\/secure.gravatar.com\\\/avatar\\\/ad6774b3ada023bf5b939d64f45c94b3adf91502dd883507d469b4308a943bb3?s=96&d=mm&r=g\",\"contentUrl\":\"https:\\\/\\\/secure.gravatar.com\\\/avatar\\\/ad6774b3ada023bf5b939d64f45c94b3adf91502dd883507d469b4308a943bb3?s=96&d=mm&r=g\",\"caption\":\"Exaudi Redazione\"},\"description\":\"Che cosa \u00e8 Exaudi News? Exaudi News \u00e8 un agenzia cattolica internazionale che informa, istruisce e trasforma quotidianamente in spagnolo, inglese e italiano. Attraverso notizie, articoli di analisi e trasmissioni in diretta degli eventi del Papa, Exaudi cerca di rafforzare l'unit\u00e0 dei cristiani e di contribuire all'evangelizzazione del mondo, sempre guidato dalla dottrina sociale della Chiesa. Lavoriamo per portare la verit\u00e0 e i valori cristiani in ogni angolo del pianeta. Aiutaci a trasformare il mondo con Exaudi! Noi di Exaudi crediamo che l'evangelizzazione e l'informazione di qualit\u00e0 possano cambiare la vita. Per continuare la nostra missione ed espandere la nostra portata, abbiamo bisogno del tuo aiuto. Stiamo anche cercando persone motivate che vogliano unirsi al nostro team. Grazie al vostro sostegno raggiungeremo pi\u00f9 persone, diffonderemo il messaggio di Cristo e rafforzeremo l'unit\u00e0 dei cristiani. Vuoi unirti alla nostra missione? Per maggiori informazioni su come contribuire, visita Exaudi.org\\\/it o contattaci direttamente: info@exaudi.org Exaudi: informa, forma e trasforma.\",\"sameAs\":[\"https:\\\/\\\/www.facebook.com\\\/ExaudiNotizie\\\/\",\"https:\\\/\\\/www.instagram.com\\\/Exaudi_notizie\\\/\",\"https:\\\/\\\/x.com\\\/Exaudi_Notizie\",\"https:\\\/\\\/www.youtube.com\\\/@exaudicatholicnews\"],\"url\":\"https:\\\/\\\/exaudi.org\\\/it\\\/author\\\/dlvedi-org\\\/\"}]}<\/script>\n<!-- \/ Yoast SEO plugin. -->","yoast_head_json":{"title":"Il Papa esprime sgomento per la sparatoria di massa a Lewiston &#8211; Exaudi","robots":{"index":"index","follow":"follow","max-snippet":"max-snippet:-1","max-image-preview":"max-image-preview:large","max-video-preview":"max-video-preview:-1"},"canonical":"https:\/\/exaudi.org\/it\/il-papa-esprime-sgomento-per-la-sparatoria-di-massa-a-lewiston\/","og_locale":"it_IT","og_type":"article","og_title":"Il Papa esprime sgomento per la sparatoria di massa a Lewiston &#8211; Exaudi","og_description":"Un telegramma di condoglianze invita ad agire per prevenire la violenza delle armi da fuoco","og_url":"https:\/\/exaudi.org\/it\/il-papa-esprime-sgomento-per-la-sparatoria-di-massa-a-lewiston\/","og_site_name":"Exaudi","article_publisher":"https:\/\/www.facebook.com\/ExaudiNews","article_author":"https:\/\/www.facebook.com\/ExaudiNotizie\/","article_published_time":"2023-10-28T16:09:15+00:00","og_image":[{"width":750,"height":422,"url":"https:\/\/exaudi.org\/wp-content\/uploads\/2023\/10\/cq5dam.web_.800.800-5.jpeg","type":"image\/jpeg"}],"author":"Exaudi Redazione","twitter_card":"summary_large_image","twitter_creator":"@Exaudi_Notizie","twitter_site":"@Exaudi_News","twitter_misc":{"Scritto da":"Exaudi Redazione","Tempo di lettura stimato":"1 minuto"},"schema":{"@context":"https:\/\/schema.org","@graph":[{"@type":"Article","@id":"https:\/\/exaudi.org\/it\/il-papa-esprime-sgomento-per-la-sparatoria-di-massa-a-lewiston\/#article","isPartOf":{"@id":"https:\/\/exaudi.org\/it\/il-papa-esprime-sgomento-per-la-sparatoria-di-massa-a-lewiston\/"},"author":{"name":"Exaudi Redazione","@id":"https:\/\/exaudi.org\/#\/schema\/person\/e1ab6ed07c01774724dd96f925f3a5f0"},"headline":"Il Papa esprime sgomento per la sparatoria di massa a Lewiston","datePublished":"2023-10-28T16:09:15+00:00","mainEntityOfPage":{"@id":"https:\/\/exaudi.org\/it\/il-papa-esprime-sgomento-per-la-sparatoria-di-massa-a-lewiston\/"},"wordCount":292,"image":{"@id":"https:\/\/exaudi.org\/it\/il-papa-esprime-sgomento-per-la-sparatoria-di-massa-a-lewiston\/#primaryimage"},"thumbnailUrl":"https:\/\/exaudi.org\/wp-content\/uploads\/2023\/10\/cq5dam.web_.800.800-5.jpeg","keywords":["Papa Francesco","Stati Uniti","Telegramma cordoglio","Trending"],"articleSection":["Vaticano"],"inLanguage":"it-IT"},{"@type":"WebPage","@id":"https:\/\/exaudi.org\/it\/il-papa-esprime-sgomento-per-la-sparatoria-di-massa-a-lewiston\/","url":"https:\/\/exaudi.org\/it\/il-papa-esprime-sgomento-per-la-sparatoria-di-massa-a-lewiston\/","name":"Il Papa esprime sgomento per la sparatoria di massa a Lewiston &#8211; Exaudi","isPartOf":{"@id":"https:\/\/exaudi.org\/#website"},"primaryImageOfPage":{"@id":"https:\/\/exaudi.org\/it\/il-papa-esprime-sgomento-per-la-sparatoria-di-massa-a-lewiston\/#primaryimage"},"image":{"@id":"https:\/\/exaudi.org\/it\/il-papa-esprime-sgomento-per-la-sparatoria-di-massa-a-lewiston\/#primaryimage"},"thumbnailUrl":"https:\/\/exaudi.org\/wp-content\/uploads\/2023\/10\/cq5dam.web_.800.800-5.jpeg","datePublished":"2023-10-28T16:09:15+00:00","author":{"@id":"https:\/\/exaudi.org\/#\/schema\/person\/e1ab6ed07c01774724dd96f925f3a5f0"},"breadcrumb":{"@id":"https:\/\/exaudi.org\/it\/il-papa-esprime-sgomento-per-la-sparatoria-di-massa-a-lewiston\/#breadcrumb"},"inLanguage":"it-IT","potentialAction":[{"@type":"ReadAction","target":["https:\/\/exaudi.org\/it\/il-papa-esprime-sgomento-per-la-sparatoria-di-massa-a-lewiston\/"]}]},{"@type":"ImageObject","inLanguage":"it-IT","@id":"https:\/\/exaudi.org\/it\/il-papa-esprime-sgomento-per-la-sparatoria-di-massa-a-lewiston\/#primaryimage","url":"https:\/\/exaudi.org\/wp-content\/uploads\/2023\/10\/cq5dam.web_.800.800-5.jpeg","contentUrl":"https:\/\/exaudi.org\/wp-content\/uploads\/2023\/10\/cq5dam.web_.800.800-5.jpeg","width":750,"height":422,"caption":"Messaggi di speranza sugli alberi di Lewiston (ANSA)"},{"@type":"BreadcrumbList","@id":"https:\/\/exaudi.org\/it\/il-papa-esprime-sgomento-per-la-sparatoria-di-massa-a-lewiston\/#breadcrumb","itemListElement":[{"@type":"ListItem","position":1,"name":"Portada","item":"https:\/\/exaudi.org\/it\/"},{"@type":"ListItem","position":2,"name":"Il Papa esprime sgomento per la sparatoria di massa a Lewiston"}]},{"@type":"WebSite","@id":"https:\/\/exaudi.org\/#website","url":"https:\/\/exaudi.org\/","name":"Exaudi","description":"News","potentialAction":[{"@type":"SearchAction","target":{"@type":"EntryPoint","urlTemplate":"https:\/\/exaudi.org\/?s={search_term_string}"},"query-input":{"@type":"PropertyValueSpecification","valueRequired":true,"valueName":"search_term_string"}}],"inLanguage":"it-IT"},{"@type":"Person","@id":"https:\/\/exaudi.org\/#\/schema\/person\/e1ab6ed07c01774724dd96f925f3a5f0","name":"Exaudi Redazione","image":{"@type":"ImageObject","inLanguage":"it-IT","@id":"https:\/\/secure.gravatar.com\/avatar\/ad6774b3ada023bf5b939d64f45c94b3adf91502dd883507d469b4308a943bb3?s=96&d=mm&r=g","url":"https:\/\/secure.gravatar.com\/avatar\/ad6774b3ada023bf5b939d64f45c94b3adf91502dd883507d469b4308a943bb3?s=96&d=mm&r=g","contentUrl":"https:\/\/secure.gravatar.com\/avatar\/ad6774b3ada023bf5b939d64f45c94b3adf91502dd883507d469b4308a943bb3?s=96&d=mm&r=g","caption":"Exaudi Redazione"},"description":"Che cosa \u00e8 Exaudi News? Exaudi News \u00e8 un agenzia cattolica internazionale che informa, istruisce e trasforma quotidianamente in spagnolo, inglese e italiano. Attraverso notizie, articoli di analisi e trasmissioni in diretta degli eventi del Papa, Exaudi cerca di rafforzare l'unit\u00e0 dei cristiani e di contribuire all'evangelizzazione del mondo, sempre guidato dalla dottrina sociale della Chiesa. Lavoriamo per portare la verit\u00e0 e i valori cristiani in ogni angolo del pianeta. Aiutaci a trasformare il mondo con Exaudi! Noi di Exaudi crediamo che l'evangelizzazione e l'informazione di qualit\u00e0 possano cambiare la vita. Per continuare la nostra missione ed espandere la nostra portata, abbiamo bisogno del tuo aiuto. Stiamo anche cercando persone motivate che vogliano unirsi al nostro team. Grazie al vostro sostegno raggiungeremo pi\u00f9 persone, diffonderemo il messaggio di Cristo e rafforzeremo l'unit\u00e0 dei cristiani. Vuoi unirti alla nostra missione? Per maggiori informazioni su come contribuire, visita Exaudi.org\/it o contattaci direttamente: info@exaudi.org Exaudi: informa, forma e trasforma.","sameAs":["https:\/\/www.facebook.com\/ExaudiNotizie\/","https:\/\/www.instagram.com\/Exaudi_notizie\/","https:\/\/x.com\/Exaudi_Notizie","https:\/\/www.youtube.com\/@exaudicatholicnews"],"url":"https:\/\/exaudi.org\/it\/author\/dlvedi-org\/"}]}},"jetpack_featured_media_url":"https:\/\/exaudi.org\/wp-content\/uploads\/2023\/10\/cq5dam.web_.800.800-5.jpeg","jetpack_shortlink":"https:\/\/wp.me\/pgKjF2-myd","_links":{"self":[{"href":"https:\/\/exaudi.org\/it\/wp-json\/wp\/v2\/posts\/86689","targetHints":{"allow":["GET"]}}],"collection":[{"href":"https:\/\/exaudi.org\/it\/wp-json\/wp\/v2\/posts"}],"about":[{"href":"https:\/\/exaudi.org\/it\/wp-json\/wp\/v2\/types\/post"}],"author":[{"embeddable":true,"href":"https:\/\/exaudi.org\/it\/wp-json\/wp\/v2\/users\/17"}],"replies":[{"embeddable":true,"href":"https:\/\/exaudi.org\/it\/wp-json\/wp\/v2\/comments?post=86689"}],"version-history":[{"count":0,"href":"https:\/\/exaudi.org\/it\/wp-json\/wp\/v2\/posts\/86689\/revisions"}],"wp:featuredmedia":[{"embeddable":true,"href":"https:\/\/exaudi.org\/it\/wp-json\/wp\/v2\/media\/86690"}],"wp:attachment":[{"href":"https:\/\/exaudi.org\/it\/wp-json\/wp\/v2\/media?parent=86689"}],"wp:term":[{"taxonomy":"category","embeddable":true,"href":"https:\/\/exaudi.org\/it\/wp-json\/wp\/v2\/categories?post=86689"},{"taxonomy":"post_tag","embeddable":true,"href":"https:\/\/exaudi.org\/it\/wp-json\/wp\/v2\/tags?post=86689"}],"curies":[{"name":"wp","href":"https:\/\/api.w.org\/{rel}","templated":true}]}}