{"id":86357,"date":"2023-10-25T17:43:06","date_gmt":"2023-10-25T15:43:06","guid":{"rendered":"https:\/\/exaudi.org\/?p=86357"},"modified":"2023-10-25T17:43:25","modified_gmt":"2023-10-25T15:43:25","slug":"lettera-della-xvi-assemblea-generale-ordinaria-del-sinodo-dei-vescovi-al-popolo-di-dio","status":"publish","type":"post","link":"https:\/\/exaudi.org\/it\/lettera-della-xvi-assemblea-generale-ordinaria-del-sinodo-dei-vescovi-al-popolo-di-dio\/","title":{"rendered":"Lettera della XVI Assemblea Generale Ordinaria del Sinodo dei Vescovi al popolo di Dio"},"content":{"rendered":"<audio class=\"wp-audio-shortcode\" id=\"audio-86357-1\" preload=\"none\" style=\"width: 100%;\" controls=\"controls\"><source type=\"audio\/mpeg\" src=\"https:\/\/exaudi.org\/wp-content\/uploads\/2023\/10\/Lettera.mp3?_=1\" \/><a href=\"https:\/\/exaudi.org\/wp-content\/uploads\/2023\/10\/Lettera.mp3\">https:\/\/exaudi.org\/wp-content\/uploads\/2023\/10\/Lettera.mp3<\/a><\/audio>\n<p>Care sorelle, cari fratelli,<\/p>\n<p>mentre si avviano alla conclusione i lavori della prima sessione della XVI Assemblea Generale Ordinaria del Sinodo dei Vescovi, vogliamo, con tutti voi, rendere grazie a Dio per la bella e ricca esperienza che abbiamo appena vissuto. Questo tempo benedetto lo abbiamo vissuto in profonda comunione con tutti voi. Siamo stati sostenuti dalle vostre preghiere, portando con noi le vostre aspettative, le vostre domande e anche le vostre paure. Sono gi\u00e0 trascorsi due anni da quando, su richiesta di Papa Francesco, \u00e8 iniziato un lungo processo di ascolto e discernimento, aperto a tutto il popolo di Dio, nessuno escluso, per \u201ccamminare insieme\u201d, sotto la guida dello Spirito Santo, discepoli<br \/>\nmissionari alla sequela di Cristo Ges\u00f9.<\/p>\n<p>La sessione che ci ha riuniti a Roma dal 30 settembre costituisce una tappa importante in questo processo. Per molti versi, \u00e8 stata un\u2019esperienza senza precedenti. Per la prima volta, su invito di Papa Francesco, uomini e donne sono stati invitati, in virt\u00f9 del loro battesimo, a sedersi allo stesso tavolo per prendere parte non solo alle discussioni ma anche alle votazioni di questa Assemblea del Sinodo dei Vescovi. Insieme, nella complementarit\u00e0 delle nostre vocazioni, dei nostri carismi e dei nostri ministeri, abbiamo ascoltato intensamente la Parola di Dio e l&#8217;esperienza degli altri. Utilizzando il metodo della conversazione nello Spirito, abbiamo condiviso con umilt\u00e0 le ricchezze e le povert\u00e0 delle nostre comunit\u00e0 in tutti i continenti, cercando di discernere ci\u00f2 che lo Spirito Santo vuole dire alla Chiesa oggi. Abbiamo cos\u00ec sperimentato anche l&#8217;importanza di favorire scambi reciproci tra la tradizione latina e le tradizioni dell&#8217;Oriente cristiano. La partecipazione di delegati fraterni di altre Chiese e Comunit\u00e0 ecclesiali ha arricchito profondamente i nostri dibattiti.<\/p>\n<p>La nostra assemblea si \u00e8 svolta nel contesto di un mondo in crisi, le cui ferite e scandalose disuguaglianze hanno risuonato dolorosamente nei nostri cuori e hanno dato ai nostri lavori una peculiare gravit\u00e0, tanto pi\u00f9 che alcuni di noi venivano da paesi dove la guerra infuria. Abbiamo pregato per le vittime della violenza omicida, senza dimenticare tutti coloro che la miseria e la corruzione hanno gettato sulle strade pericolose della migrazione. Abbiamo assicurato la nostra solidariet\u00e0 e il nostro impegno a fianco delle donne e degli uomini che in ogni luogo del mondo si adoperano come artigiani di giustizia e di pace.<\/p>\n<p>Su invito del Santo Padre, abbiamo dato uno spazio importante al silenzio, per favorire tra noi l&#8217;ascolto rispettoso e il desiderio di comunione nello Spirito. Durante la veglia ecumenica di apertura, abbiamo sperimentato come la sete di unit\u00e0 cresca nella contemplazione silenziosa di Cristo crocifisso. \u201cLa croce \u00e8, infatti, l&#8217;unica cattedra di Colui che, dando la vita per la salvezza del mondo, ha affidato i suoi discepoli al Padre, perch\u00e9 \u2018tutti siano una sola cosa\u2019 (Gv 17,21). Saldamente uniti nella speranza che ci dona la Sua risurrezione, Gli abbiamo affidato la nostra Casa comune dove risuonano sempre pi\u00f9 urgenti il clamore della terra e il clamore dei poveri: \u2018Laudate Deum!\u2019 \u201d, ha ricordato Papa Francesco proprio all&#8217;inizio dei nostri lavori.<\/p>\n<p>Giorno dopo giorno, abbiamo sentito pressante l\u2019appello alla conversione pastorale e missionaria. Perch\u00e9 la vocazione della Chiesa \u00e8 annunciare il Vangelo non concentrandosi su se stessa, ma ponendosi al servizio dell&#8217;amore infinito con cui Dio ama il mondo (cfr Gv 3,16). Di fronte alla domanda fatta a loro, su ci\u00f2 che essi si aspettano dalla Chiesa in occasione di questo sinodo, alcune persone senzatetto che<br \/>\nvivono nei pressi di Piazza San Pietro hanno risposto: \u201cAmore!\u201d. Questo amore deve rimanere sempre il cuore ardente della Chiesa, amore trinitario ed eucaristico, come ha ricordato il Papa evocando il 15 ottobre, a met\u00e0 del cammino della nostra assemblea, il messaggio di Santa Teresa di Ges\u00f9 Bambino. \u00c8 la \u201cfiducia\u201d che ci d\u00e0 l&#8217;audacia e la libert\u00e0 interiore che abbiamo sperimentato, non esitando a esprimere le nostre convergenze e le nostre differenze, i nostri desideri e le nostre domande, liberamente e umilmente.<\/p>\n<p>E adesso? Ci auguriamo che i mesi che ci separano dalla seconda sessione, nell\u2019ottobre 2024, permettano a ognuno di partecipare concretamente al dinamismo della comunione missionaria indicata dalla parola \u201csinodo\u201d. Non si tratta di un&#8217;ideologia ma di un&#8217;esperienza radicata nella Tradizione Apostolica. Come ci ha ricordato il Papa all&#8217;inizio di questo processo: \u00abComunione e missione rischiano di restare termini un po\u2019 astratti se non si coltiva una prassi ecclesiale che esprima la concretezza della sinodalit\u00e0 (\u2026), promuovendo il reale coinvolgimento di tutti\u00bb (9 ottobre 2021). Le sfide sono molteplici e le domande numerose: la relazione di sintesi della prima sessione chiarir\u00e0 i punti di accordo raggiunti, evidenzier\u00e0 le questioni aperte e indicher\u00e0 come proseguire il lavoro.<\/p>\n<p>Per progredire nel suo discernimento, la Chiesa ha assolutamente bisogno di ascoltare tutti, a cominciare dai pi\u00f9 poveri. Ci\u00f2 richiede da parte sua un cammino di conversione, che \u00e8 anche cammino di lode: \u00abIo ti rendo lode, Padre, Signore del cielo e della terra, che hai nascosto queste cose ai dotti e ai sapienti e le hai rivelate ai piccoli\u00bb ( Lc 10,21)! Si tratta di ascoltare coloro che non hanno diritto di parola nella societ\u00e0 o che si sentono esclusi, anche dalla Chiesa. Ascoltare le persone vittime del razzismo in tutte le sue forme, in particolare, in alcune regioni, dei popoli indigeni le cui culture sono state schernite. Soprattutto, la Chiesa del nostro tempo ha il dovere di ascoltare, in<br \/>\nspirito di conversione, coloro che sono stati vittime di abusi commessi da membri del corpo ecclesiale, e di impegnarsi concretamente e strutturalmente affinch\u00e9 ci\u00f2 non accada pi\u00f9.<\/p>\n<p>La Chiesa ha anche bisogno di ascoltare i laici, donne e uomini, tutti chiamati alla santit\u00e0 in virt\u00f9 della loro vocazione battesimale: la testimonianza dei catechisti, che in molte situazioni sono i primi ad annunciare il Vangelo; la semplicit\u00e0 e la vivacit\u00e0 dei bambini, l&#8217;entusiasmo dei giovani, le loro domande e i loro richiami; i sogni degli anziani, la loro saggezza e la loro memoria. La Chiesa ha bisogno di mettersi in ascolto delle famiglie, delle loro preoccupazioni educative, della testimonianza cristiana che offrono nel mondo di oggi. Ha bisogno di accogliere le voci di coloro che desiderano essere coinvolti in ministeri laicali o in organismi partecipativi di discernimento e di decisione.<\/p>\n<p>La Chiesa ha particolarmente bisogno, per progredire nel discernimento sinodale, di raccogliere ancora di pi\u00f9 le parole e l&#8217;esperienza dei ministri ordinati: i sacerdoti, primi collaboratori dei vescovi, il cui ministero sacramentale \u00e8 indispensabile alla vita di tutto il corpo; i diaconi, che attraverso il loro ministero significano la sollecitudine di tutta la Chiesa al servizio dei pi\u00f9 vulnerabili. Deve anche lasciarsi interpellare dalla voce profetica della vita consacrata, sentinella vigile delle chiamate dello Spirito. E deve anche essere attenta a coloro che non condividono la sua fede ma cercano la verit\u00e0, e nei quali \u00e8 presente e attivo lo Spirito, Lui che d\u00e0 \u201ca tutti la possibilit\u00e0 di venire associati, nel modo che Dio conosce, al mistero pasquale\u201d (Gaudium et spes 22).<\/p>\n<p>\u201cIl mondo in cui viviamo, e che siamo chiamati ad amare e servire anche nelle sue contraddizioni, esige dalla Chiesa il potenziamento delle sinergie in tutti gli ambiti della sua missione. Proprio il cammino della sinodalit\u00e0 \u00e8 il cammino che Dio si aspetta dalla Chiesa del terzo millennio\u201d (Papa Francesco, 17 ottobre 2015). Non dobbiamo avere paura di rispondere a questa chiamata. La Vergine Maria, prima nel cammino, ci accompagna nel nostro pellegrinaggio. Nelle gioie e nei dolori Ella ci mostra suo Figlio e ci invita alla fiducia. \u00c8 Lui, Ges\u00f9, la nostra unica speranza!<\/p>\n<p>Citt\u00e0 del Vaticano, 25 ottobre 2023<\/p>\n","protected":false},"excerpt":{"rendered":"<p>Il testo integrale del documento indirizzato dall&#8217;assemblea sinodale a tutta la Chiesa: il mondo in cui viviamo, e che siamo chiamati ad amare e servire anche nelle sue contraddizioni, esige il potenziamento delle sinergie in tutti gli ambiti della sua missione<\/p>\n","protected":false},"author":17,"featured_media":86358,"comment_status":"closed","ping_status":"closed","sticky":false,"template":"","format":"standard","meta":{"_acf_changed":false,"_crdt_document":"","inline_featured_image":false,"footnotes":""},"categories":[131],"tags":[5336,10536,1107,4952,266],"class_list":["post-86357","post","type-post","status-publish","format-standard","has-post-thumbnail","hentry","category-vaticano","tag-lettera","tag-popolo-di-dio","tag-sinodo","tag-trending-it","tag-vaticano"],"acf":[],"yoast_head":"<!-- This site is optimized with the Yoast SEO plugin v27.5 - https:\/\/yoast.com\/product\/yoast-seo-wordpress\/ -->\n<title>Lettera della XVI Assemblea Generale Ordinaria del Sinodo dei Vescovi al popolo di Dio &#8211; Exaudi<\/title>\n<meta name=\"robots\" content=\"index, follow, max-snippet:-1, max-image-preview:large, max-video-preview:-1\" \/>\n<link rel=\"canonical\" href=\"https:\/\/exaudi.org\/it\/lettera-della-xvi-assemblea-generale-ordinaria-del-sinodo-dei-vescovi-al-popolo-di-dio\/\" \/>\n<meta property=\"og:locale\" content=\"it_IT\" \/>\n<meta property=\"og:type\" content=\"article\" \/>\n<meta property=\"og:title\" content=\"Lettera della XVI Assemblea Generale Ordinaria del Sinodo dei Vescovi al popolo di Dio &#8211; Exaudi\" \/>\n<meta property=\"og:description\" content=\"Il testo integrale del documento indirizzato dall&#039;assemblea sinodale a tutta la Chiesa: il mondo in cui viviamo, e che siamo chiamati ad amare e servire anche nelle sue contraddizioni, esige il potenziamento delle sinergie in tutti gli ambiti della sua missione\" \/>\n<meta property=\"og:url\" content=\"https:\/\/exaudi.org\/it\/lettera-della-xvi-assemblea-generale-ordinaria-del-sinodo-dei-vescovi-al-popolo-di-dio\/\" \/>\n<meta property=\"og:site_name\" content=\"Exaudi\" \/>\n<meta property=\"article:publisher\" content=\"https:\/\/www.facebook.com\/ExaudiNews\" \/>\n<meta property=\"article:author\" content=\"https:\/\/www.facebook.com\/ExaudiNotizie\/\" \/>\n<meta property=\"article:published_time\" content=\"2023-10-25T15:43:06+00:00\" \/>\n<meta property=\"article:modified_time\" content=\"2023-10-25T15:43:25+00:00\" \/>\n<meta property=\"og:image\" content=\"https:\/\/exaudi.org\/wp-content\/uploads\/2023\/10\/cq5dam.thumbnail.cropped.750.422-2-5.jpeg\" \/>\n\t<meta property=\"og:image:width\" content=\"750\" \/>\n\t<meta property=\"og:image:height\" content=\"422\" \/>\n\t<meta property=\"og:image:type\" content=\"image\/jpeg\" \/>\n<meta name=\"author\" content=\"Exaudi Redazione\" \/>\n<meta name=\"twitter:card\" content=\"summary_large_image\" \/>\n<meta name=\"twitter:creator\" content=\"@Exaudi_Notizie\" \/>\n<meta name=\"twitter:site\" content=\"@Exaudi_News\" \/>\n<meta name=\"twitter:label1\" content=\"Scritto da\" \/>\n\t<meta name=\"twitter:data1\" content=\"Exaudi Redazione\" \/>\n\t<meta name=\"twitter:label2\" content=\"Tempo di lettura stimato\" \/>\n\t<meta name=\"twitter:data2\" content=\"6 minuti\" \/>\n<script type=\"application\/ld+json\" class=\"yoast-schema-graph\">{\"@context\":\"https:\\\/\\\/schema.org\",\"@graph\":[{\"@type\":\"Article\",\"@id\":\"https:\\\/\\\/exaudi.org\\\/it\\\/lettera-della-xvi-assemblea-generale-ordinaria-del-sinodo-dei-vescovi-al-popolo-di-dio\\\/#article\",\"isPartOf\":{\"@id\":\"https:\\\/\\\/exaudi.org\\\/it\\\/lettera-della-xvi-assemblea-generale-ordinaria-del-sinodo-dei-vescovi-al-popolo-di-dio\\\/\"},\"author\":{\"name\":\"Exaudi Redazione\",\"@id\":\"https:\\\/\\\/exaudi.org\\\/#\\\/schema\\\/person\\\/e1ab6ed07c01774724dd96f925f3a5f0\"},\"headline\":\"Lettera della XVI Assemblea Generale Ordinaria del Sinodo dei Vescovi al popolo di Dio\",\"datePublished\":\"2023-10-25T15:43:06+00:00\",\"dateModified\":\"2023-10-25T15:43:25+00:00\",\"mainEntityOfPage\":{\"@id\":\"https:\\\/\\\/exaudi.org\\\/it\\\/lettera-della-xvi-assemblea-generale-ordinaria-del-sinodo-dei-vescovi-al-popolo-di-dio\\\/\"},\"wordCount\":1267,\"image\":{\"@id\":\"https:\\\/\\\/exaudi.org\\\/it\\\/lettera-della-xvi-assemblea-generale-ordinaria-del-sinodo-dei-vescovi-al-popolo-di-dio\\\/#primaryimage\"},\"thumbnailUrl\":\"https:\\\/\\\/exaudi.org\\\/wp-content\\\/uploads\\\/2023\\\/10\\\/cq5dam.thumbnail.cropped.750.422-2-5.jpeg\",\"keywords\":[\"lettera\",\"popolo di Dio\",\"Sinodo\",\"Trending\",\"Vaticano\"],\"articleSection\":[\"Vaticano\"],\"inLanguage\":\"it-IT\"},{\"@type\":\"WebPage\",\"@id\":\"https:\\\/\\\/exaudi.org\\\/it\\\/lettera-della-xvi-assemblea-generale-ordinaria-del-sinodo-dei-vescovi-al-popolo-di-dio\\\/\",\"url\":\"https:\\\/\\\/exaudi.org\\\/it\\\/lettera-della-xvi-assemblea-generale-ordinaria-del-sinodo-dei-vescovi-al-popolo-di-dio\\\/\",\"name\":\"Lettera della XVI Assemblea Generale Ordinaria del Sinodo dei Vescovi al popolo di Dio &#8211; Exaudi\",\"isPartOf\":{\"@id\":\"https:\\\/\\\/exaudi.org\\\/#website\"},\"primaryImageOfPage\":{\"@id\":\"https:\\\/\\\/exaudi.org\\\/it\\\/lettera-della-xvi-assemblea-generale-ordinaria-del-sinodo-dei-vescovi-al-popolo-di-dio\\\/#primaryimage\"},\"image\":{\"@id\":\"https:\\\/\\\/exaudi.org\\\/it\\\/lettera-della-xvi-assemblea-generale-ordinaria-del-sinodo-dei-vescovi-al-popolo-di-dio\\\/#primaryimage\"},\"thumbnailUrl\":\"https:\\\/\\\/exaudi.org\\\/wp-content\\\/uploads\\\/2023\\\/10\\\/cq5dam.thumbnail.cropped.750.422-2-5.jpeg\",\"datePublished\":\"2023-10-25T15:43:06+00:00\",\"dateModified\":\"2023-10-25T15:43:25+00:00\",\"author\":{\"@id\":\"https:\\\/\\\/exaudi.org\\\/#\\\/schema\\\/person\\\/e1ab6ed07c01774724dd96f925f3a5f0\"},\"breadcrumb\":{\"@id\":\"https:\\\/\\\/exaudi.org\\\/it\\\/lettera-della-xvi-assemblea-generale-ordinaria-del-sinodo-dei-vescovi-al-popolo-di-dio\\\/#breadcrumb\"},\"inLanguage\":\"it-IT\",\"potentialAction\":[{\"@type\":\"ReadAction\",\"target\":[\"https:\\\/\\\/exaudi.org\\\/it\\\/lettera-della-xvi-assemblea-generale-ordinaria-del-sinodo-dei-vescovi-al-popolo-di-dio\\\/\"]}]},{\"@type\":\"ImageObject\",\"inLanguage\":\"it-IT\",\"@id\":\"https:\\\/\\\/exaudi.org\\\/it\\\/lettera-della-xvi-assemblea-generale-ordinaria-del-sinodo-dei-vescovi-al-popolo-di-dio\\\/#primaryimage\",\"url\":\"https:\\\/\\\/exaudi.org\\\/wp-content\\\/uploads\\\/2023\\\/10\\\/cq5dam.thumbnail.cropped.750.422-2-5.jpeg\",\"contentUrl\":\"https:\\\/\\\/exaudi.org\\\/wp-content\\\/uploads\\\/2023\\\/10\\\/cq5dam.thumbnail.cropped.750.422-2-5.jpeg\",\"width\":750,\"height\":422},{\"@type\":\"BreadcrumbList\",\"@id\":\"https:\\\/\\\/exaudi.org\\\/it\\\/lettera-della-xvi-assemblea-generale-ordinaria-del-sinodo-dei-vescovi-al-popolo-di-dio\\\/#breadcrumb\",\"itemListElement\":[{\"@type\":\"ListItem\",\"position\":1,\"name\":\"Portada\",\"item\":\"https:\\\/\\\/exaudi.org\\\/it\\\/\"},{\"@type\":\"ListItem\",\"position\":2,\"name\":\"Lettera della XVI Assemblea Generale Ordinaria del Sinodo dei Vescovi al popolo di Dio\"}]},{\"@type\":\"WebSite\",\"@id\":\"https:\\\/\\\/exaudi.org\\\/#website\",\"url\":\"https:\\\/\\\/exaudi.org\\\/\",\"name\":\"Exaudi\",\"description\":\"News\",\"potentialAction\":[{\"@type\":\"SearchAction\",\"target\":{\"@type\":\"EntryPoint\",\"urlTemplate\":\"https:\\\/\\\/exaudi.org\\\/?s={search_term_string}\"},\"query-input\":{\"@type\":\"PropertyValueSpecification\",\"valueRequired\":true,\"valueName\":\"search_term_string\"}}],\"inLanguage\":\"it-IT\"},{\"@type\":\"Person\",\"@id\":\"https:\\\/\\\/exaudi.org\\\/#\\\/schema\\\/person\\\/e1ab6ed07c01774724dd96f925f3a5f0\",\"name\":\"Exaudi Redazione\",\"image\":{\"@type\":\"ImageObject\",\"inLanguage\":\"it-IT\",\"@id\":\"https:\\\/\\\/secure.gravatar.com\\\/avatar\\\/ad6774b3ada023bf5b939d64f45c94b3adf91502dd883507d469b4308a943bb3?s=96&d=mm&r=g\",\"url\":\"https:\\\/\\\/secure.gravatar.com\\\/avatar\\\/ad6774b3ada023bf5b939d64f45c94b3adf91502dd883507d469b4308a943bb3?s=96&d=mm&r=g\",\"contentUrl\":\"https:\\\/\\\/secure.gravatar.com\\\/avatar\\\/ad6774b3ada023bf5b939d64f45c94b3adf91502dd883507d469b4308a943bb3?s=96&d=mm&r=g\",\"caption\":\"Exaudi Redazione\"},\"description\":\"Che cosa \u00e8 Exaudi News? Exaudi News \u00e8 un agenzia cattolica internazionale che informa, istruisce e trasforma quotidianamente in spagnolo, inglese e italiano. Attraverso notizie, articoli di analisi e trasmissioni in diretta degli eventi del Papa, Exaudi cerca di rafforzare l'unit\u00e0 dei cristiani e di contribuire all'evangelizzazione del mondo, sempre guidato dalla dottrina sociale della Chiesa. Lavoriamo per portare la verit\u00e0 e i valori cristiani in ogni angolo del pianeta. Aiutaci a trasformare il mondo con Exaudi! Noi di Exaudi crediamo che l'evangelizzazione e l'informazione di qualit\u00e0 possano cambiare la vita. Per continuare la nostra missione ed espandere la nostra portata, abbiamo bisogno del tuo aiuto. Stiamo anche cercando persone motivate che vogliano unirsi al nostro team. Grazie al vostro sostegno raggiungeremo pi\u00f9 persone, diffonderemo il messaggio di Cristo e rafforzeremo l'unit\u00e0 dei cristiani. Vuoi unirti alla nostra missione? Per maggiori informazioni su come contribuire, visita Exaudi.org\\\/it o contattaci direttamente: info@exaudi.org Exaudi: informa, forma e trasforma.\",\"sameAs\":[\"https:\\\/\\\/www.facebook.com\\\/ExaudiNotizie\\\/\",\"https:\\\/\\\/www.instagram.com\\\/Exaudi_notizie\\\/\",\"https:\\\/\\\/x.com\\\/Exaudi_Notizie\",\"https:\\\/\\\/www.youtube.com\\\/@exaudicatholicnews\"],\"url\":\"https:\\\/\\\/exaudi.org\\\/it\\\/author\\\/dlvedi-org\\\/\"}]}<\/script>\n<!-- \/ Yoast SEO plugin. -->","yoast_head_json":{"title":"Lettera della XVI Assemblea Generale Ordinaria del Sinodo dei Vescovi al popolo di Dio &#8211; Exaudi","robots":{"index":"index","follow":"follow","max-snippet":"max-snippet:-1","max-image-preview":"max-image-preview:large","max-video-preview":"max-video-preview:-1"},"canonical":"https:\/\/exaudi.org\/it\/lettera-della-xvi-assemblea-generale-ordinaria-del-sinodo-dei-vescovi-al-popolo-di-dio\/","og_locale":"it_IT","og_type":"article","og_title":"Lettera della XVI Assemblea Generale Ordinaria del Sinodo dei Vescovi al popolo di Dio &#8211; Exaudi","og_description":"Il testo integrale del documento indirizzato dall'assemblea sinodale a tutta la Chiesa: il mondo in cui viviamo, e che siamo chiamati ad amare e servire anche nelle sue contraddizioni, esige il potenziamento delle sinergie in tutti gli ambiti della sua missione","og_url":"https:\/\/exaudi.org\/it\/lettera-della-xvi-assemblea-generale-ordinaria-del-sinodo-dei-vescovi-al-popolo-di-dio\/","og_site_name":"Exaudi","article_publisher":"https:\/\/www.facebook.com\/ExaudiNews","article_author":"https:\/\/www.facebook.com\/ExaudiNotizie\/","article_published_time":"2023-10-25T15:43:06+00:00","article_modified_time":"2023-10-25T15:43:25+00:00","og_image":[{"width":750,"height":422,"url":"https:\/\/exaudi.org\/wp-content\/uploads\/2023\/10\/cq5dam.thumbnail.cropped.750.422-2-5.jpeg","type":"image\/jpeg"}],"author":"Exaudi Redazione","twitter_card":"summary_large_image","twitter_creator":"@Exaudi_Notizie","twitter_site":"@Exaudi_News","twitter_misc":{"Scritto da":"Exaudi Redazione","Tempo di lettura stimato":"6 minuti"},"schema":{"@context":"https:\/\/schema.org","@graph":[{"@type":"Article","@id":"https:\/\/exaudi.org\/it\/lettera-della-xvi-assemblea-generale-ordinaria-del-sinodo-dei-vescovi-al-popolo-di-dio\/#article","isPartOf":{"@id":"https:\/\/exaudi.org\/it\/lettera-della-xvi-assemblea-generale-ordinaria-del-sinodo-dei-vescovi-al-popolo-di-dio\/"},"author":{"name":"Exaudi Redazione","@id":"https:\/\/exaudi.org\/#\/schema\/person\/e1ab6ed07c01774724dd96f925f3a5f0"},"headline":"Lettera della XVI Assemblea Generale Ordinaria del Sinodo dei Vescovi al popolo di Dio","datePublished":"2023-10-25T15:43:06+00:00","dateModified":"2023-10-25T15:43:25+00:00","mainEntityOfPage":{"@id":"https:\/\/exaudi.org\/it\/lettera-della-xvi-assemblea-generale-ordinaria-del-sinodo-dei-vescovi-al-popolo-di-dio\/"},"wordCount":1267,"image":{"@id":"https:\/\/exaudi.org\/it\/lettera-della-xvi-assemblea-generale-ordinaria-del-sinodo-dei-vescovi-al-popolo-di-dio\/#primaryimage"},"thumbnailUrl":"https:\/\/exaudi.org\/wp-content\/uploads\/2023\/10\/cq5dam.thumbnail.cropped.750.422-2-5.jpeg","keywords":["lettera","popolo di Dio","Sinodo","Trending","Vaticano"],"articleSection":["Vaticano"],"inLanguage":"it-IT"},{"@type":"WebPage","@id":"https:\/\/exaudi.org\/it\/lettera-della-xvi-assemblea-generale-ordinaria-del-sinodo-dei-vescovi-al-popolo-di-dio\/","url":"https:\/\/exaudi.org\/it\/lettera-della-xvi-assemblea-generale-ordinaria-del-sinodo-dei-vescovi-al-popolo-di-dio\/","name":"Lettera della XVI Assemblea Generale Ordinaria del Sinodo dei Vescovi al popolo di Dio &#8211; Exaudi","isPartOf":{"@id":"https:\/\/exaudi.org\/#website"},"primaryImageOfPage":{"@id":"https:\/\/exaudi.org\/it\/lettera-della-xvi-assemblea-generale-ordinaria-del-sinodo-dei-vescovi-al-popolo-di-dio\/#primaryimage"},"image":{"@id":"https:\/\/exaudi.org\/it\/lettera-della-xvi-assemblea-generale-ordinaria-del-sinodo-dei-vescovi-al-popolo-di-dio\/#primaryimage"},"thumbnailUrl":"https:\/\/exaudi.org\/wp-content\/uploads\/2023\/10\/cq5dam.thumbnail.cropped.750.422-2-5.jpeg","datePublished":"2023-10-25T15:43:06+00:00","dateModified":"2023-10-25T15:43:25+00:00","author":{"@id":"https:\/\/exaudi.org\/#\/schema\/person\/e1ab6ed07c01774724dd96f925f3a5f0"},"breadcrumb":{"@id":"https:\/\/exaudi.org\/it\/lettera-della-xvi-assemblea-generale-ordinaria-del-sinodo-dei-vescovi-al-popolo-di-dio\/#breadcrumb"},"inLanguage":"it-IT","potentialAction":[{"@type":"ReadAction","target":["https:\/\/exaudi.org\/it\/lettera-della-xvi-assemblea-generale-ordinaria-del-sinodo-dei-vescovi-al-popolo-di-dio\/"]}]},{"@type":"ImageObject","inLanguage":"it-IT","@id":"https:\/\/exaudi.org\/it\/lettera-della-xvi-assemblea-generale-ordinaria-del-sinodo-dei-vescovi-al-popolo-di-dio\/#primaryimage","url":"https:\/\/exaudi.org\/wp-content\/uploads\/2023\/10\/cq5dam.thumbnail.cropped.750.422-2-5.jpeg","contentUrl":"https:\/\/exaudi.org\/wp-content\/uploads\/2023\/10\/cq5dam.thumbnail.cropped.750.422-2-5.jpeg","width":750,"height":422},{"@type":"BreadcrumbList","@id":"https:\/\/exaudi.org\/it\/lettera-della-xvi-assemblea-generale-ordinaria-del-sinodo-dei-vescovi-al-popolo-di-dio\/#breadcrumb","itemListElement":[{"@type":"ListItem","position":1,"name":"Portada","item":"https:\/\/exaudi.org\/it\/"},{"@type":"ListItem","position":2,"name":"Lettera della XVI Assemblea Generale Ordinaria del Sinodo dei Vescovi al popolo di Dio"}]},{"@type":"WebSite","@id":"https:\/\/exaudi.org\/#website","url":"https:\/\/exaudi.org\/","name":"Exaudi","description":"News","potentialAction":[{"@type":"SearchAction","target":{"@type":"EntryPoint","urlTemplate":"https:\/\/exaudi.org\/?s={search_term_string}"},"query-input":{"@type":"PropertyValueSpecification","valueRequired":true,"valueName":"search_term_string"}}],"inLanguage":"it-IT"},{"@type":"Person","@id":"https:\/\/exaudi.org\/#\/schema\/person\/e1ab6ed07c01774724dd96f925f3a5f0","name":"Exaudi Redazione","image":{"@type":"ImageObject","inLanguage":"it-IT","@id":"https:\/\/secure.gravatar.com\/avatar\/ad6774b3ada023bf5b939d64f45c94b3adf91502dd883507d469b4308a943bb3?s=96&d=mm&r=g","url":"https:\/\/secure.gravatar.com\/avatar\/ad6774b3ada023bf5b939d64f45c94b3adf91502dd883507d469b4308a943bb3?s=96&d=mm&r=g","contentUrl":"https:\/\/secure.gravatar.com\/avatar\/ad6774b3ada023bf5b939d64f45c94b3adf91502dd883507d469b4308a943bb3?s=96&d=mm&r=g","caption":"Exaudi Redazione"},"description":"Che cosa \u00e8 Exaudi News? Exaudi News \u00e8 un agenzia cattolica internazionale che informa, istruisce e trasforma quotidianamente in spagnolo, inglese e italiano. Attraverso notizie, articoli di analisi e trasmissioni in diretta degli eventi del Papa, Exaudi cerca di rafforzare l'unit\u00e0 dei cristiani e di contribuire all'evangelizzazione del mondo, sempre guidato dalla dottrina sociale della Chiesa. Lavoriamo per portare la verit\u00e0 e i valori cristiani in ogni angolo del pianeta. Aiutaci a trasformare il mondo con Exaudi! Noi di Exaudi crediamo che l'evangelizzazione e l'informazione di qualit\u00e0 possano cambiare la vita. Per continuare la nostra missione ed espandere la nostra portata, abbiamo bisogno del tuo aiuto. Stiamo anche cercando persone motivate che vogliano unirsi al nostro team. Grazie al vostro sostegno raggiungeremo pi\u00f9 persone, diffonderemo il messaggio di Cristo e rafforzeremo l'unit\u00e0 dei cristiani. Vuoi unirti alla nostra missione? Per maggiori informazioni su come contribuire, visita Exaudi.org\/it o contattaci direttamente: info@exaudi.org Exaudi: informa, forma e trasforma.","sameAs":["https:\/\/www.facebook.com\/ExaudiNotizie\/","https:\/\/www.instagram.com\/Exaudi_notizie\/","https:\/\/x.com\/Exaudi_Notizie","https:\/\/www.youtube.com\/@exaudicatholicnews"],"url":"https:\/\/exaudi.org\/it\/author\/dlvedi-org\/"}]}},"jetpack_featured_media_url":"https:\/\/exaudi.org\/wp-content\/uploads\/2023\/10\/cq5dam.thumbnail.cropped.750.422-2-5.jpeg","jetpack_shortlink":"https:\/\/wp.me\/pgKjF2-msR","_links":{"self":[{"href":"https:\/\/exaudi.org\/it\/wp-json\/wp\/v2\/posts\/86357","targetHints":{"allow":["GET"]}}],"collection":[{"href":"https:\/\/exaudi.org\/it\/wp-json\/wp\/v2\/posts"}],"about":[{"href":"https:\/\/exaudi.org\/it\/wp-json\/wp\/v2\/types\/post"}],"author":[{"embeddable":true,"href":"https:\/\/exaudi.org\/it\/wp-json\/wp\/v2\/users\/17"}],"replies":[{"embeddable":true,"href":"https:\/\/exaudi.org\/it\/wp-json\/wp\/v2\/comments?post=86357"}],"version-history":[{"count":0,"href":"https:\/\/exaudi.org\/it\/wp-json\/wp\/v2\/posts\/86357\/revisions"}],"wp:featuredmedia":[{"embeddable":true,"href":"https:\/\/exaudi.org\/it\/wp-json\/wp\/v2\/media\/86358"}],"wp:attachment":[{"href":"https:\/\/exaudi.org\/it\/wp-json\/wp\/v2\/media?parent=86357"}],"wp:term":[{"taxonomy":"category","embeddable":true,"href":"https:\/\/exaudi.org\/it\/wp-json\/wp\/v2\/categories?post=86357"},{"taxonomy":"post_tag","embeddable":true,"href":"https:\/\/exaudi.org\/it\/wp-json\/wp\/v2\/tags?post=86357"}],"curies":[{"name":"wp","href":"https:\/\/api.w.org\/{rel}","templated":true}]}}