{"id":85924,"date":"2023-10-18T18:02:49","date_gmt":"2023-10-18T16:02:49","guid":{"rendered":"https:\/\/exaudi.org\/?p=85924"},"modified":"2023-10-20T17:19:40","modified_gmt":"2023-10-20T15:19:40","slug":"ho-perso-il-mio-cuore-per-gesu-di-nazareth-charles-de-foucauld","status":"publish","type":"post","link":"https:\/\/exaudi.org\/it\/ho-perso-il-mio-cuore-per-gesu-di-nazareth-charles-de-foucauld\/","title":{"rendered":"&#8220;Ho perso il mio cuore per Ges\u00f9 di Nazareth&#8221;: Charles de Foucauld"},"content":{"rendered":"<p>L\u2019Udienza Generale di questa mattina si \u00e8 svolta alle ore 9.00 in Piazza San Pietro.<\/p>\n<p>Nel discorso in lingua italiana il Papa, continuando il ciclo di catechesi\u00a0<i>La passione per l\u2019evangelizzazione: lo zelo apostolico del credente<\/i>, ha incentrato la Sua meditazione sul tema \u201cSan Charles de Foucauld, cuore pulsante di carit\u00e0 nella vita nascosta\u201d (Lettura: Lc 2,51-52).<\/p>\n<p>Dopo aver riassunto la Sua catechesi nelle diverse lingue, il Santo Padre ha indirizzato particolari espressioni di saluto ai fedeli presenti. Quindi ha rivolto il Suo pensiero alla situazione in Palestina e in Israele e ha indetto per venerd\u00ec 27 ottobre una giornata di digiuno, di preghiera e di penitenza per implorare la pace.<\/p>\n<p>L\u2019Udienza Generale si \u00e8 conclusa con la recita del\u00a0<i>Pater Noster<\/i>\u00a0e la Benedizione Apostolica.<\/p>\n<p><b>Catechesi. La passione per l\u2019evangelizzazione: lo zelo apostolico del credente.<i>\u00a023. San Charles de Foucauld, cuore pulsante di carit\u00e0 nella vita nascosta<\/i><\/b><\/p>\n<p><i>Cari fratelli e sorelle, buongiorno!<\/i><\/p>\n<p>Proseguiamo nel nostro incontro con alcuni cristiani testimoni, ricchi di zelo nell\u2019annuncio del Vangelo. Lo zelo apostolico, lo zelo per l\u2019annuncio: noi stiamo passando in rassegna alcuni cristiani che sono stati esempio di questo zelo apostolico. Oggi vorrei parlarvi di un uomo che ha fatto di Ges\u00f9 e dei fratelli pi\u00f9 poveri la passione della sua vita. Mi riferisco a san Charles de Foucauld il quale, \u00aba partire dalla sua intensa esperienza di Dio, ha compiuto un cammino di trasformazione fino a sentirsi fratello di tutti\u00bb (Lett. enc.\u00a0<i><a href=\"https:\/\/www.vatican.va\/content\/francesco\/it\/encyclicals\/documents\/papa-francesco_20201003_enciclica-fratelli-tutti.html#286\">Fratelli tutti<\/a><\/i>, 286).<\/p>\n<p>E qual \u00e8 stato il \u201csegreto\u201d di Charles de Foucauld, della sua vita? Egli, dopo aver vissuto una giovent\u00f9 lontana da Dio, senza credere in nulla se non alla ricerca disordinata del piacere, lo confida a un amico non credente, a cui, dopo essersi convertito accogliendo la grazia del perdono di Dio nella Confessione, rivela la ragione del suo vivere. Scrive: \u00abHo perso il mio cuore per Ges\u00f9 di Nazaret\u00bb\u00a0<a class=\" cleaner\" href=\"https:\/\/www.vatican.va\/content\/francesco\/it\/audiences\/2023\/documents\/20231018-udienza-generale.html#_ftn1\" name=\"_ftnref1\">[1]<\/a>. Fratel Carlo ci ricorda cos\u00ec che il primo passo per evangelizzare \u00e8 aver Ges\u00f9 dentro il cuore, \u00e8 \u201cperdere la testa\u201d per Lui. Se ci\u00f2 non avviene, difficilmente riusciamo a mostrarlo con la vita. Rischiamo invece di parlare di noi stessi, del nostro gruppo di appartenenza, di una morale o, peggio ancora, di un insieme di regole, ma non di Ges\u00f9, del suo amore, della sua misericordia. Questo io lo vedo in qualche movimento nuovo che sta sorgendo: parlano della loro visione dell\u2019umanit\u00e0, parlano della loro spiritualit\u00e0 e loro si sentono una strada nuova\u2026 Ma perch\u00e9 non parlate di Ges\u00f9? Parlano di tante cose, di organizzazione, di cammini spirituali, ma non sanno parlare di Ges\u00f9. Credo che oggi sarebbe bello che ognuno di noi si domandi: Io, ho Ges\u00f9 al centro del cuore? Ho perso un po\u2019 la testa per Ges\u00f9?<\/p>\n<p>Charles s\u00ec, al punto che passa dall\u2019\u00a0<i>attrazione per Ges\u00f9<\/i>\u00a0all\u2019\u00a0<i>imitazione di Ges\u00f9<\/i>. Consigliato dal suo confessore, va in Terra santa per visitare i luoghi in cui il Signore ha vissuto e per camminare dove il Maestro ha camminato. In particolare \u00e8 a Nazaret che comprende di doversi formare alla scuola di Cristo. Vive un rapporto intenso con il Signore, passa lunghe ore a leggere i Vangeli e si sente suo piccolo fratello. E conoscendo Ges\u00f9, nasce in lui il desiderio di farlo conoscere. Sempre succede cos\u00ec: quando ognuno di noi conosce di pi\u00f9 Ges\u00f9, nasce il desiderio di farlo conoscere, di condividere questo tesoro. Nel commentare il racconto della visita della Madonna a Sant\u2019Elisabetta, Gli fa dire: \u00abMi sono donato al mondo\u2026 portatemi al mondo\u00bb.\u00a0S\u00ec, ma\u00a0come fare? Come Maria nel mistero della Visitazione: \u00abin silenzio, con l\u2019esempio, con la vita\u00bb\u00a0<a class=\" cleaner\" href=\"https:\/\/www.vatican.va\/content\/francesco\/it\/audiences\/2023\/documents\/20231018-udienza-generale.html#_ftn2\" name=\"_ftnref2\">[2]<\/a>. Con la vita, perch\u00e9 \u00abtutta la nostra esistenza \u2013 scrive fratel Carlo \u2013 deve gridare il Vangelo\u00bb\u00a0\u00a0<a class=\" cleaner\" href=\"https:\/\/www.vatican.va\/content\/francesco\/it\/audiences\/2023\/documents\/20231018-udienza-generale.html#_ftn3\" name=\"_ftnref3\">[3]<\/a>. E tante volte la nostra esistenza grida mondanit\u00e0, grida tante cose stupide, cose strane e lui dice: \u201cNo, tutta la nostra esistenza deve gridare il Vangelo\u201d.<\/p>\n<p>Egli allora decide di stabilirsi in regioni lontane per gridare il Vangelo nel silenzio, vivendo nello spirito di Nazaret, in povert\u00e0 e nascondimento. Va nel deserto del Sahara, tra i non cristiani, e l\u00ec giunge come amico e fratello, portando la mitezza di Ges\u00f9-Eucarestia. Charles lascia che sia Ges\u00f9 ad agire silenziosamente, convinto che la \u201cvita eucaristica\u201d evangelizzi. Crede infatti che Cristo \u00e8 il primo evangelizzatore. Cos\u00ec sta in preghiera ai piedi di Ges\u00f9, davanti al tabernacolo, per una decina di ore al giorno, certo che la forza evangelizzatrice sta l\u00ec e sentendo che \u00e8 Ges\u00f9 a portarlo vicino a tanti fratelli lontani. E noi, mi chiedo, crediamo nella forza dell\u2019Eucarestia? Il nostro andare verso gli altri, il nostro servizio, trova l\u00ec, nell\u2019adorazione, il suo inizio e il suo compimento? Sono convinto che noi abbiamo perso il senso dell\u2019adorazione; dobbiamo riprenderlo, incominciando da noi consacrati, i vescovi, i sacerdoti, le suore e tutti i consacrati. \u201cPerdere\u201d tempo davanti al tabernacolo, riprendere il senso dell\u2019adorazione.<\/p>\n<p>Charles de Foucauld scrisse: \u00abOgni cristiano \u00e8 apostolo\u00bb\u00a0<a class=\" cleaner\" href=\"https:\/\/www.vatican.va\/content\/francesco\/it\/audiences\/2023\/documents\/20231018-udienza-generale.html#_ftn4\" name=\"_ftnref4\">[4]<\/a>; e ricorda a un amico che \u00abvicino ai preti ci vogliono dei laici che vedono quello che il prete non vede, che evangelizzano con una vicinanza di carit\u00e0, con una bont\u00e0 per tutti, con un affetto sempre pronto a donarsi\u00bb\u00a0\u00a0<a class=\" cleaner\" href=\"https:\/\/www.vatican.va\/content\/francesco\/it\/audiences\/2023\/documents\/20231018-udienza-generale.html#_ftn5\" name=\"_ftnref5\">[5]<\/a>. I laici santi, non arrampicatori. E quei laici, quel laico, quella laica che sono innamorati di Ges\u00f9 fanno capire al prete che lui non \u00e8 un funzionario, che lui \u00e8 un mediatore, un sacerdote. Quanto bisogno abbiamo noi sacerdoti di avere accanto a noi questi laici che credono sul serio e con la loro testimonianza ci insegnano la strada. Charles de Foucauld con questa esperienza anticipa i tempi del\u00a0\u00a0<a href=\"https:\/\/www.vatican.va\/archive\/hist_councils\/ii_vatican_council\/index_it.htm\">Concilio Vaticano II<\/a>, intuisce l\u2019importanza dei laici e comprende che l\u2019annuncio del Vangelo spetta all\u2019intero popolo di Dio. Ma come possiamo accrescere questa partecipazione? Come ha fatto Charles de Foucauld: mettendoci in ginocchio e accogliendo l\u2019azione dello Spirito, che sempre suscita modi nuovi per coinvolgere, incontrare, ascoltare e dialogare, sempre nella collaborazione e nella fiducia, sempre in comunione con la Chiesa e con i pastori.<\/p>\n<p>San Charles de Foucauld, figura che \u00e8 profezia per il nostro tempo, ha testimoniato la bellezza di comunicare il Vangelo attraverso\u00a0\u00a0<i>l\u2019apostolato della mitezza<\/i>: lui, che si sentiva \u201cfratello universale\u201d e accoglieva tutti, ci mostra la forza evangelizzatrice della mitezza, della tenerezza. Non dimentichiamo che lo stile di Dio sta in tre parole: vicinanza, compassione e tenerezza. Dio \u00e8 sempre vicino, sempre \u00e8 compassionevole, sempre \u00e8 tenero. E la testimonianza cristiana deve andare per questa strada: di vicinanza, di compassione, di tenerezza. E lui era cos\u00ec, mite e tenero. Desiderava che chiunque lo incontrasse vedesse, attraverso la sua bont\u00e0, la bont\u00e0 di Ges\u00f9. Diceva di essere, infatti, \u00abservitore di uno che \u00e8 molto pi\u00f9 buono di me\u00bb\u00a0\u00a0<a class=\" cleaner\" href=\"https:\/\/www.vatican.va\/content\/francesco\/it\/audiences\/2023\/documents\/20231018-udienza-generale.html#_ftn6\" name=\"_ftnref6\">[6]<\/a>. Vivere la bont\u00e0 di Ges\u00f9 lo portava a stringere legami fraterni e di amicizia con i poveri, con i Tuareg, con i pi\u00f9 lontani dalla sua mentalit\u00e0. Pian piano questi legami generavano fraternit\u00e0, inclusione, valorizzazione della cultura dell\u2019altro. La bont\u00e0 \u00e8 semplice e chiede di essere persone semplici, che non hanno paura di donare un sorriso. E con il sorriso, con la sua semplicit\u00e0 Fratel Carlo faceva testimonianza del Vangelo. Mai proselitismo, mai: testimonianza. L\u2019evangelizzazione non si fa per proselitismo, ma per testimonianza, per attrazione. Chiediamoci allora infine se portiamo in noi e agli altri la gioia cristiana, la mitezza cristiana, la tenerezza cristiana, la compassione cristiana, la vicinanza cristiana. Grazie.<\/p>\n<p>______________________________________________________<\/p>\n<p><a class=\" cleaner\" href=\"https:\/\/www.vatican.va\/content\/francesco\/it\/audiences\/2023\/documents\/20231018-udienza-generale.html#_ftnref1\" name=\"_ftn1\">[1]<\/a>\u00a0<i>Lettres \u00e0 un ami de lyc\u00e9e. Correspondance avec Gabriel Tourdes (1874-1915),<\/i>\u00a0Paris 2010, 161.<\/p>\n<p><a class=\" cleaner\" href=\"https:\/\/www.vatican.va\/content\/francesco\/it\/audiences\/2023\/documents\/20231018-udienza-generale.html#_ftnref2\" name=\"_ftn2\">[2]<\/a>\u00a0<i>Crier l\u2019Evangile<\/i>, Montrouge 2004, 49.<\/p>\n<p><a class=\" cleaner\" href=\"https:\/\/www.vatican.va\/content\/francesco\/it\/audiences\/2023\/documents\/20231018-udienza-generale.html#_ftnref3\" name=\"_ftn3\">[3]<\/a>\u00a0M\/314 in C. de Foucauld,\u00a0<i>La bont\u00e9 de Dieu. M\u00e9ditations sur les Saints Evangiles (1)<\/i>, Montrouge 2002, 285.<\/p>\n<p><a class=\" cleaner\" href=\"https:\/\/www.vatican.va\/content\/francesco\/it\/audiences\/2023\/documents\/20231018-udienza-generale.html#_ftnref4\" name=\"_ftn4\">[4]<\/a>\u00a0\u00a0<i>Lettera a Joseph Hours<\/i>, in\u00a0\u00a0<i>Correspondances lyonnaises (1904-1916),\u00a0<\/i>Paris 2005, 92.<\/p>\n<p><a class=\" cleaner\" href=\"https:\/\/www.vatican.va\/content\/francesco\/it\/audiences\/2023\/documents\/20231018-udienza-generale.html#_ftnref5\" name=\"_ftn5\">[5]<\/a>\u00a0Ivi, 90.<\/p>\n<p><a class=\" cleaner\" href=\"https:\/\/www.vatican.va\/content\/francesco\/it\/audiences\/2023\/documents\/20231018-udienza-generale.html#_ftnref6\" name=\"_ftn6\">[6]<\/a>\u00a0<i>Carnets de Tamanrasset (1905-1916)<\/i>, Paris 1986, 188.<\/p>\n<p>____________________________________________________________<\/p>\n<div class=\"testo\">\n<div class=\"text parbase vaticanrichtext\">\n<p><b>APPELLO<\/b><\/p>\n<p>Anche oggi il pensiero va in Israele e in Palestina. Le vittime aumentano e la situazione a Gaza \u00e8 disperata. Si faccia, per favore, tutto il possibile per evitare una catastrofe umanitaria!<\/p>\n<p>Inquieta il possibile allargamento del conflitto, mentre nel mondo tanti fronti bellici sono gi\u00e0 aperti. Tacciano le armi! Si ascolti il grido di pace dei popoli, della gente, dei bambini! Fratelli e sorelle, la guerra non risolve alcun problema, semina solo morte e distruzione, aumenta l\u2019odio e moltiplica la vendetta. La guerra cancella il futuro. Esorto i credenti a prendere in questo conflitto una sola parte: quella della pace; ma non a parole, con la preghiera, con la dedizione totale.<\/p>\n<p>Pensando a questo, ho deciso di indire, venerd\u00ec 27 ottobre, una giornata di digiuno e preghiera, di penitenza, alla quale invito a unirsi, nel modo che riterranno opportuno, le sorelle e i fratelli delle varie confessioni cristiane, gli appartenenti ad altre religioni e quanti hanno a cuore la causa della pace nel mondo. Quella sera alle ore 18.00 in San Pietro vivremo, in spirito di penitenza, un\u2019ora di preghiera per implorare sui nostri giorni la pace, la pace in questo mondo. Chiedo a tutte le Chiese particolari di parteciparvi, predisponendo iniziative simili che coinvolgano il Popolo di Dio.<\/p>\n<div class=\"testo\">\n<div class=\"text parbase vaticanrichtext\">\n<p>____________________________________________________________<\/p>\n<p><b>APPELLO<\/b><\/p>\n<p>Anche oggi il pensiero va in Israele e in Palestina. Le vittime aumentano e la situazione a Gaza \u00e8 disperata. Si faccia, per favore, tutto il possibile per evitare una catastrofe umanitaria!<\/p>\n<p>Inquieta il possibile allargamento del conflitto, mentre nel mondo tanti fronti bellici sono gi\u00e0 aperti. Tacciano le armi! Si ascolti il grido di pace dei popoli, della gente, dei bambini! Fratelli e sorelle, la guerra non risolve alcun problema, semina solo morte e distruzione, aumenta l\u2019odio e moltiplica la vendetta. La guerra cancella il futuro. Esorto i credenti a prendere in questo conflitto una sola parte: quella della pace; ma non a parole, con la preghiera, con la dedizione totale.<\/p>\n<p>Pensando a questo, ho deciso di indire, venerd\u00ec 27 ottobre, una giornata di digiuno e preghiera, di penitenza, alla quale invito a unirsi, nel modo che riterranno opportuno, le sorelle e i fratelli delle varie confessioni cristiane, gli appartenenti ad altre religioni e quanti hanno a cuore la causa della pace nel mondo. Quella sera alle ore 18.00 in San Pietro vivremo, in spirito di penitenza, un\u2019ora di preghiera per implorare sui nostri giorni la pace, la pace in questo mondo. Chiedo a tutte le Chiese particolari di parteciparvi, predisponendo iniziative simili che coinvolgano il Popolo di Dio.<\/p>\n<p><span style=\"text-decoration: underline\"><strong>Saluti<\/strong><\/span><\/p>\n<p>Domenica prossima si celebra la Giornata Missionaria Mondiale, che ha per tema \u201cCuori ardenti, piedi in cammino\u201d. Esorto le diocesi, le parrocchie, tutte le comunit\u00e0 a partecipare attivamente a questo importante appuntamento annuale con la preghiera e il sostegno concreto alle necessit\u00e0 della missione evangelizzatrice della Chiesa.<\/p>\n<p>Rivolgo un cordiale benvenuto ai pellegrini di lingua italiana. In particolare, ai cresimati della Diocesi di Faenza \u2013 fanno rumore questi! \u2013 accompagnati dal Vescovo Mario Toso: cari giovani mettete Ges\u00f9 al centro del cuore, vivete il rapporto con Lui, per poterlo conoscere e testimoniare nel mondo.<\/p>\n<p>Saluto i fedeli della parrocchia di Santa Teresa del Bambino Ges\u00f9 in Battipaglia, e gli studenti dell\u2019Istituto Mattei di Aversa.<\/p>\n<p>Accolgo con particolare affetto e gratitudine i membri delle numerose Associazioni presenti, innanzitutto gli \u201cAmici della speranza\u201d di Villasanta \u2013 ci vuole, seminare speranza! \u2013, che aiutano le persone con disabilit\u00e0, i \u201cPensionati della Banca di Roma\u201d nel 70mo della fondazione, e gli \u201cAmici del day hospital oncologico\u201d di Guastalla.<\/p>\n<p>Saluto infine i giovani, gli anziani, gli ammalati e gli sposi novelli. Oggi ricorre la festa di san Luca, il suo Vangelo ci ricorda che la missione della Chiesa \u00e8 possibile soltanto se sappiamo essere molto uniti a Dio con la preghiera e interamente disposti a metterci nelle sue mani. Fratelli e sorelle, per favore, continuiamo a pregare per la pace e non dimentichiamo la martoriata Ucraina, che adesso non se ne parla ma il dramma continua.<\/p>\n<p>A tutti la mia Benedizione.<\/p>\n<p><iframe loading=\"lazy\" title=\"October 18 2023 General Audience Pope Francis\" width=\"500\" height=\"281\" src=\"https:\/\/www.youtube.com\/embed\/pyQBQZRCAHs?feature=oembed\" frameborder=\"0\" allow=\"accelerometer; autoplay; clipboard-write; encrypted-media; gyroscope; picture-in-picture; web-share\" referrerpolicy=\"strict-origin-when-cross-origin\" allowfullscreen><\/iframe><\/p>\n<\/div>\n<\/div>\n<\/div>\n<\/div>\n","protected":false},"excerpt":{"rendered":"<p>Le parole del Papa all&#8217;udienza generale<\/p>\n","protected":false},"author":17,"featured_media":85931,"comment_status":"closed","ping_status":"closed","sticky":false,"template":"","format":"standard","meta":{"_acf_changed":false,"_crdt_document":"","inline_featured_image":false,"footnotes":""},"categories":[67,111,131],"tags":[1931,2487,251,10344,579],"class_list":["post-85924","post","type-post","status-publish","format-standard","has-post-thumbnail","hentry","category-leone-xiv","category-udienza-generale","category-vaticano","tag-charles-de-foucauld","tag-featured-3","tag-papa-francesco","tag-passione-per-levangelizzazione","tag-udienza-generale"],"acf":[],"yoast_head":"<!-- This site is optimized with the Yoast SEO plugin v27.4 - https:\/\/yoast.com\/product\/yoast-seo-wordpress\/ -->\n<title>&quot;Ho perso il mio cuore per Ges\u00f9 di Nazareth&quot;: Charles de Foucauld &#8211; Exaudi<\/title>\n<meta name=\"robots\" content=\"index, follow, max-snippet:-1, max-image-preview:large, max-video-preview:-1\" \/>\n<link rel=\"canonical\" href=\"https:\/\/exaudi.org\/it\/i-lost-my-heart-for-jesus-of-nazareth-charles-de-foucauld\/\" \/>\n<meta property=\"og:locale\" content=\"it_IT\" \/>\n<meta property=\"og:type\" content=\"article\" \/>\n<meta property=\"og:title\" content=\"&quot;Ho perso il mio cuore per Ges\u00f9 di Nazareth&quot;: Charles de Foucauld &#8211; Exaudi\" \/>\n<meta property=\"og:description\" content=\"Le parole del Papa all&#039;udienza generale\" \/>\n<meta property=\"og:url\" content=\"https:\/\/exaudi.org\/i-lost-my-heart-for-jesus-of-nazareth-charles-de-foucauld\/\" \/>\n<meta property=\"og:site_name\" content=\"Exaudi\" \/>\n<meta property=\"article:publisher\" content=\"https:\/\/www.facebook.com\/ExaudiNews\" \/>\n<meta property=\"article:author\" content=\"https:\/\/www.facebook.com\/ExaudiNotizie\/\" \/>\n<meta property=\"article:published_time\" content=\"2023-10-18T16:02:49+00:00\" \/>\n<meta property=\"article:modified_time\" content=\"2023-10-20T15:19:40+00:00\" \/>\n<meta property=\"og:image\" content=\"https:\/\/exaudi.org\/wp-content\/uploads\/2023\/10\/cq5dam.web_.800.800-1-1.jpeg\" \/>\n\t<meta property=\"og:image:width\" content=\"800\" \/>\n\t<meta property=\"og:image:height\" content=\"533\" \/>\n\t<meta property=\"og:image:type\" content=\"image\/jpeg\" \/>\n<meta name=\"author\" content=\"Exaudi Redazione\" \/>\n<meta name=\"twitter:card\" content=\"summary_large_image\" \/>\n<meta name=\"twitter:creator\" content=\"@Exaudi_Notizie\" \/>\n<meta name=\"twitter:site\" content=\"@Exaudi_News\" \/>\n<meta name=\"twitter:label1\" content=\"Scritto da\" \/>\n\t<meta name=\"twitter:data1\" content=\"Exaudi Redazione\" \/>\n\t<meta name=\"twitter:label2\" content=\"Tempo di lettura stimato\" \/>\n\t<meta name=\"twitter:data2\" content=\"10 minuti\" \/>\n<script type=\"application\/ld+json\" class=\"yoast-schema-graph\">{\"@context\":\"https:\\\/\\\/schema.org\",\"@graph\":[{\"@type\":\"Article\",\"@id\":\"https:\\\/\\\/exaudi.org\\\/i-lost-my-heart-for-jesus-of-nazareth-charles-de-foucauld\\\/#article\",\"isPartOf\":{\"@id\":\"https:\\\/\\\/exaudi.org\\\/i-lost-my-heart-for-jesus-of-nazareth-charles-de-foucauld\\\/\"},\"author\":{\"name\":\"Exaudi Redazione\",\"@id\":\"https:\\\/\\\/exaudi.org\\\/#\\\/schema\\\/person\\\/e1ab6ed07c01774724dd96f925f3a5f0\"},\"headline\":\"&#8220;Ho perso il mio cuore per Ges\u00f9 di Nazareth&#8221;: Charles de Foucauld\",\"datePublished\":\"2023-10-18T16:02:49+00:00\",\"dateModified\":\"2023-10-20T15:19:40+00:00\",\"mainEntityOfPage\":{\"@id\":\"https:\\\/\\\/exaudi.org\\\/i-lost-my-heart-for-jesus-of-nazareth-charles-de-foucauld\\\/\"},\"wordCount\":1942,\"image\":{\"@id\":\"https:\\\/\\\/exaudi.org\\\/i-lost-my-heart-for-jesus-of-nazareth-charles-de-foucauld\\\/#primaryimage\"},\"thumbnailUrl\":\"https:\\\/\\\/exaudi.org\\\/wp-content\\\/uploads\\\/2023\\\/10\\\/cq5dam.web_.800.800-1-1.jpeg\",\"keywords\":[\"charles de foucauld\",\"Featured\",\"Papa Francesco\",\"Passione per l'evangelizzazione\",\"udienza generale\"],\"articleSection\":[\"Leone XIV\",\"Udienza generale\",\"Vaticano\"],\"inLanguage\":\"it-IT\"},{\"@type\":\"WebPage\",\"@id\":\"https:\\\/\\\/exaudi.org\\\/i-lost-my-heart-for-jesus-of-nazareth-charles-de-foucauld\\\/\",\"url\":\"https:\\\/\\\/exaudi.org\\\/i-lost-my-heart-for-jesus-of-nazareth-charles-de-foucauld\\\/\",\"name\":\"\\\"Ho perso il mio cuore per Ges\u00f9 di Nazareth\\\": Charles de Foucauld &#8211; Exaudi\",\"isPartOf\":{\"@id\":\"https:\\\/\\\/exaudi.org\\\/#website\"},\"primaryImageOfPage\":{\"@id\":\"https:\\\/\\\/exaudi.org\\\/i-lost-my-heart-for-jesus-of-nazareth-charles-de-foucauld\\\/#primaryimage\"},\"image\":{\"@id\":\"https:\\\/\\\/exaudi.org\\\/i-lost-my-heart-for-jesus-of-nazareth-charles-de-foucauld\\\/#primaryimage\"},\"thumbnailUrl\":\"https:\\\/\\\/exaudi.org\\\/wp-content\\\/uploads\\\/2023\\\/10\\\/cq5dam.web_.800.800-1-1.jpeg\",\"datePublished\":\"2023-10-18T16:02:49+00:00\",\"dateModified\":\"2023-10-20T15:19:40+00:00\",\"author\":{\"@id\":\"https:\\\/\\\/exaudi.org\\\/#\\\/schema\\\/person\\\/e1ab6ed07c01774724dd96f925f3a5f0\"},\"breadcrumb\":{\"@id\":\"https:\\\/\\\/exaudi.org\\\/i-lost-my-heart-for-jesus-of-nazareth-charles-de-foucauld\\\/#breadcrumb\"},\"inLanguage\":\"it-IT\",\"potentialAction\":[{\"@type\":\"ReadAction\",\"target\":[\"https:\\\/\\\/exaudi.org\\\/i-lost-my-heart-for-jesus-of-nazareth-charles-de-foucauld\\\/\"]}]},{\"@type\":\"ImageObject\",\"inLanguage\":\"it-IT\",\"@id\":\"https:\\\/\\\/exaudi.org\\\/i-lost-my-heart-for-jesus-of-nazareth-charles-de-foucauld\\\/#primaryimage\",\"url\":\"https:\\\/\\\/exaudi.org\\\/wp-content\\\/uploads\\\/2023\\\/10\\\/cq5dam.web_.800.800-1-1.jpeg\",\"contentUrl\":\"https:\\\/\\\/exaudi.org\\\/wp-content\\\/uploads\\\/2023\\\/10\\\/cq5dam.web_.800.800-1-1.jpeg\",\"width\":800,\"height\":533,\"caption\":\"Vatican Media\"},{\"@type\":\"BreadcrumbList\",\"@id\":\"https:\\\/\\\/exaudi.org\\\/i-lost-my-heart-for-jesus-of-nazareth-charles-de-foucauld\\\/#breadcrumb\",\"itemListElement\":[{\"@type\":\"ListItem\",\"position\":1,\"name\":\"Portada\",\"item\":\"https:\\\/\\\/exaudi.org\\\/it\\\/\"},{\"@type\":\"ListItem\",\"position\":2,\"name\":\"&#8220;Ho perso il mio cuore per Ges\u00f9 di Nazareth&#8221;: Charles de Foucauld\"}]},{\"@type\":\"WebSite\",\"@id\":\"https:\\\/\\\/exaudi.org\\\/#website\",\"url\":\"https:\\\/\\\/exaudi.org\\\/\",\"name\":\"Exaudi\",\"description\":\"News\",\"potentialAction\":[{\"@type\":\"SearchAction\",\"target\":{\"@type\":\"EntryPoint\",\"urlTemplate\":\"https:\\\/\\\/exaudi.org\\\/?s={search_term_string}\"},\"query-input\":{\"@type\":\"PropertyValueSpecification\",\"valueRequired\":true,\"valueName\":\"search_term_string\"}}],\"inLanguage\":\"it-IT\"},{\"@type\":\"Person\",\"@id\":\"https:\\\/\\\/exaudi.org\\\/#\\\/schema\\\/person\\\/e1ab6ed07c01774724dd96f925f3a5f0\",\"name\":\"Exaudi Redazione\",\"image\":{\"@type\":\"ImageObject\",\"inLanguage\":\"it-IT\",\"@id\":\"https:\\\/\\\/secure.gravatar.com\\\/avatar\\\/ad6774b3ada023bf5b939d64f45c94b3adf91502dd883507d469b4308a943bb3?s=96&d=mm&r=g\",\"url\":\"https:\\\/\\\/secure.gravatar.com\\\/avatar\\\/ad6774b3ada023bf5b939d64f45c94b3adf91502dd883507d469b4308a943bb3?s=96&d=mm&r=g\",\"contentUrl\":\"https:\\\/\\\/secure.gravatar.com\\\/avatar\\\/ad6774b3ada023bf5b939d64f45c94b3adf91502dd883507d469b4308a943bb3?s=96&d=mm&r=g\",\"caption\":\"Exaudi Redazione\"},\"description\":\"Che cosa \u00e8 Exaudi News? Exaudi News \u00e8 un agenzia cattolica internazionale che informa, istruisce e trasforma quotidianamente in spagnolo, inglese e italiano. Attraverso notizie, articoli di analisi e trasmissioni in diretta degli eventi del Papa, Exaudi cerca di rafforzare l'unit\u00e0 dei cristiani e di contribuire all'evangelizzazione del mondo, sempre guidato dalla dottrina sociale della Chiesa. Lavoriamo per portare la verit\u00e0 e i valori cristiani in ogni angolo del pianeta. Aiutaci a trasformare il mondo con Exaudi! Noi di Exaudi crediamo che l'evangelizzazione e l'informazione di qualit\u00e0 possano cambiare la vita. Per continuare la nostra missione ed espandere la nostra portata, abbiamo bisogno del tuo aiuto. Stiamo anche cercando persone motivate che vogliano unirsi al nostro team. Grazie al vostro sostegno raggiungeremo pi\u00f9 persone, diffonderemo il messaggio di Cristo e rafforzeremo l'unit\u00e0 dei cristiani. Vuoi unirti alla nostra missione? Per maggiori informazioni su come contribuire, visita Exaudi.org\\\/it o contattaci direttamente: info@exaudi.org Exaudi: informa, forma e trasforma.\",\"sameAs\":[\"https:\\\/\\\/www.facebook.com\\\/ExaudiNotizie\\\/\",\"https:\\\/\\\/www.instagram.com\\\/Exaudi_notizie\\\/\",\"https:\\\/\\\/x.com\\\/Exaudi_Notizie\",\"https:\\\/\\\/www.youtube.com\\\/@exaudicatholicnews\"],\"url\":\"https:\\\/\\\/exaudi.org\\\/it\\\/author\\\/dlvedi-org\\\/\"}]}<\/script>\n<!-- \/ Yoast SEO plugin. -->","yoast_head_json":{"title":"\"Ho perso il mio cuore per Ges\u00f9 di Nazareth\": Charles de Foucauld &#8211; Exaudi","robots":{"index":"index","follow":"follow","max-snippet":"max-snippet:-1","max-image-preview":"max-image-preview:large","max-video-preview":"max-video-preview:-1"},"canonical":"https:\/\/exaudi.org\/it\/i-lost-my-heart-for-jesus-of-nazareth-charles-de-foucauld\/","og_locale":"it_IT","og_type":"article","og_title":"\"Ho perso il mio cuore per Ges\u00f9 di Nazareth\": Charles de Foucauld &#8211; Exaudi","og_description":"Le parole del Papa all'udienza generale","og_url":"https:\/\/exaudi.org\/i-lost-my-heart-for-jesus-of-nazareth-charles-de-foucauld\/","og_site_name":"Exaudi","article_publisher":"https:\/\/www.facebook.com\/ExaudiNews","article_author":"https:\/\/www.facebook.com\/ExaudiNotizie\/","article_published_time":"2023-10-18T16:02:49+00:00","article_modified_time":"2023-10-20T15:19:40+00:00","og_image":[{"width":800,"height":533,"url":"https:\/\/exaudi.org\/wp-content\/uploads\/2023\/10\/cq5dam.web_.800.800-1-1.jpeg","type":"image\/jpeg"}],"author":"Exaudi Redazione","twitter_card":"summary_large_image","twitter_creator":"@Exaudi_Notizie","twitter_site":"@Exaudi_News","twitter_misc":{"Scritto da":"Exaudi Redazione","Tempo di lettura stimato":"10 minuti"},"schema":{"@context":"https:\/\/schema.org","@graph":[{"@type":"Article","@id":"https:\/\/exaudi.org\/i-lost-my-heart-for-jesus-of-nazareth-charles-de-foucauld\/#article","isPartOf":{"@id":"https:\/\/exaudi.org\/i-lost-my-heart-for-jesus-of-nazareth-charles-de-foucauld\/"},"author":{"name":"Exaudi Redazione","@id":"https:\/\/exaudi.org\/#\/schema\/person\/e1ab6ed07c01774724dd96f925f3a5f0"},"headline":"&#8220;Ho perso il mio cuore per Ges\u00f9 di Nazareth&#8221;: Charles de Foucauld","datePublished":"2023-10-18T16:02:49+00:00","dateModified":"2023-10-20T15:19:40+00:00","mainEntityOfPage":{"@id":"https:\/\/exaudi.org\/i-lost-my-heart-for-jesus-of-nazareth-charles-de-foucauld\/"},"wordCount":1942,"image":{"@id":"https:\/\/exaudi.org\/i-lost-my-heart-for-jesus-of-nazareth-charles-de-foucauld\/#primaryimage"},"thumbnailUrl":"https:\/\/exaudi.org\/wp-content\/uploads\/2023\/10\/cq5dam.web_.800.800-1-1.jpeg","keywords":["charles de foucauld","Featured","Papa Francesco","Passione per l'evangelizzazione","udienza generale"],"articleSection":["Leone XIV","Udienza generale","Vaticano"],"inLanguage":"it-IT"},{"@type":"WebPage","@id":"https:\/\/exaudi.org\/i-lost-my-heart-for-jesus-of-nazareth-charles-de-foucauld\/","url":"https:\/\/exaudi.org\/i-lost-my-heart-for-jesus-of-nazareth-charles-de-foucauld\/","name":"\"Ho perso il mio cuore per Ges\u00f9 di Nazareth\": Charles de Foucauld &#8211; Exaudi","isPartOf":{"@id":"https:\/\/exaudi.org\/#website"},"primaryImageOfPage":{"@id":"https:\/\/exaudi.org\/i-lost-my-heart-for-jesus-of-nazareth-charles-de-foucauld\/#primaryimage"},"image":{"@id":"https:\/\/exaudi.org\/i-lost-my-heart-for-jesus-of-nazareth-charles-de-foucauld\/#primaryimage"},"thumbnailUrl":"https:\/\/exaudi.org\/wp-content\/uploads\/2023\/10\/cq5dam.web_.800.800-1-1.jpeg","datePublished":"2023-10-18T16:02:49+00:00","dateModified":"2023-10-20T15:19:40+00:00","author":{"@id":"https:\/\/exaudi.org\/#\/schema\/person\/e1ab6ed07c01774724dd96f925f3a5f0"},"breadcrumb":{"@id":"https:\/\/exaudi.org\/i-lost-my-heart-for-jesus-of-nazareth-charles-de-foucauld\/#breadcrumb"},"inLanguage":"it-IT","potentialAction":[{"@type":"ReadAction","target":["https:\/\/exaudi.org\/i-lost-my-heart-for-jesus-of-nazareth-charles-de-foucauld\/"]}]},{"@type":"ImageObject","inLanguage":"it-IT","@id":"https:\/\/exaudi.org\/i-lost-my-heart-for-jesus-of-nazareth-charles-de-foucauld\/#primaryimage","url":"https:\/\/exaudi.org\/wp-content\/uploads\/2023\/10\/cq5dam.web_.800.800-1-1.jpeg","contentUrl":"https:\/\/exaudi.org\/wp-content\/uploads\/2023\/10\/cq5dam.web_.800.800-1-1.jpeg","width":800,"height":533,"caption":"Vatican Media"},{"@type":"BreadcrumbList","@id":"https:\/\/exaudi.org\/i-lost-my-heart-for-jesus-of-nazareth-charles-de-foucauld\/#breadcrumb","itemListElement":[{"@type":"ListItem","position":1,"name":"Portada","item":"https:\/\/exaudi.org\/it\/"},{"@type":"ListItem","position":2,"name":"&#8220;Ho perso il mio cuore per Ges\u00f9 di Nazareth&#8221;: Charles de Foucauld"}]},{"@type":"WebSite","@id":"https:\/\/exaudi.org\/#website","url":"https:\/\/exaudi.org\/","name":"Exaudi","description":"News","potentialAction":[{"@type":"SearchAction","target":{"@type":"EntryPoint","urlTemplate":"https:\/\/exaudi.org\/?s={search_term_string}"},"query-input":{"@type":"PropertyValueSpecification","valueRequired":true,"valueName":"search_term_string"}}],"inLanguage":"it-IT"},{"@type":"Person","@id":"https:\/\/exaudi.org\/#\/schema\/person\/e1ab6ed07c01774724dd96f925f3a5f0","name":"Exaudi Redazione","image":{"@type":"ImageObject","inLanguage":"it-IT","@id":"https:\/\/secure.gravatar.com\/avatar\/ad6774b3ada023bf5b939d64f45c94b3adf91502dd883507d469b4308a943bb3?s=96&d=mm&r=g","url":"https:\/\/secure.gravatar.com\/avatar\/ad6774b3ada023bf5b939d64f45c94b3adf91502dd883507d469b4308a943bb3?s=96&d=mm&r=g","contentUrl":"https:\/\/secure.gravatar.com\/avatar\/ad6774b3ada023bf5b939d64f45c94b3adf91502dd883507d469b4308a943bb3?s=96&d=mm&r=g","caption":"Exaudi Redazione"},"description":"Che cosa \u00e8 Exaudi News? Exaudi News \u00e8 un agenzia cattolica internazionale che informa, istruisce e trasforma quotidianamente in spagnolo, inglese e italiano. Attraverso notizie, articoli di analisi e trasmissioni in diretta degli eventi del Papa, Exaudi cerca di rafforzare l'unit\u00e0 dei cristiani e di contribuire all'evangelizzazione del mondo, sempre guidato dalla dottrina sociale della Chiesa. Lavoriamo per portare la verit\u00e0 e i valori cristiani in ogni angolo del pianeta. Aiutaci a trasformare il mondo con Exaudi! Noi di Exaudi crediamo che l'evangelizzazione e l'informazione di qualit\u00e0 possano cambiare la vita. Per continuare la nostra missione ed espandere la nostra portata, abbiamo bisogno del tuo aiuto. Stiamo anche cercando persone motivate che vogliano unirsi al nostro team. Grazie al vostro sostegno raggiungeremo pi\u00f9 persone, diffonderemo il messaggio di Cristo e rafforzeremo l'unit\u00e0 dei cristiani. Vuoi unirti alla nostra missione? Per maggiori informazioni su come contribuire, visita Exaudi.org\/it o contattaci direttamente: info@exaudi.org Exaudi: informa, forma e trasforma.","sameAs":["https:\/\/www.facebook.com\/ExaudiNotizie\/","https:\/\/www.instagram.com\/Exaudi_notizie\/","https:\/\/x.com\/Exaudi_Notizie","https:\/\/www.youtube.com\/@exaudicatholicnews"],"url":"https:\/\/exaudi.org\/it\/author\/dlvedi-org\/"}]}},"jetpack_featured_media_url":"https:\/\/exaudi.org\/wp-content\/uploads\/2023\/10\/cq5dam.web_.800.800-1-1.jpeg","jetpack_shortlink":"https:\/\/wp.me\/pgKjF2-mlS","_links":{"self":[{"href":"https:\/\/exaudi.org\/it\/wp-json\/wp\/v2\/posts\/85924","targetHints":{"allow":["GET"]}}],"collection":[{"href":"https:\/\/exaudi.org\/it\/wp-json\/wp\/v2\/posts"}],"about":[{"href":"https:\/\/exaudi.org\/it\/wp-json\/wp\/v2\/types\/post"}],"author":[{"embeddable":true,"href":"https:\/\/exaudi.org\/it\/wp-json\/wp\/v2\/users\/17"}],"replies":[{"embeddable":true,"href":"https:\/\/exaudi.org\/it\/wp-json\/wp\/v2\/comments?post=85924"}],"version-history":[{"count":0,"href":"https:\/\/exaudi.org\/it\/wp-json\/wp\/v2\/posts\/85924\/revisions"}],"wp:featuredmedia":[{"embeddable":true,"href":"https:\/\/exaudi.org\/it\/wp-json\/wp\/v2\/media\/85931"}],"wp:attachment":[{"href":"https:\/\/exaudi.org\/it\/wp-json\/wp\/v2\/media?parent=85924"}],"wp:term":[{"taxonomy":"category","embeddable":true,"href":"https:\/\/exaudi.org\/it\/wp-json\/wp\/v2\/categories?post=85924"},{"taxonomy":"post_tag","embeddable":true,"href":"https:\/\/exaudi.org\/it\/wp-json\/wp\/v2\/tags?post=85924"}],"curies":[{"name":"wp","href":"https:\/\/api.w.org\/{rel}","templated":true}]}}