{"id":85822,"date":"2023-10-16T16:34:14","date_gmt":"2023-10-16T14:34:14","guid":{"rendered":"https:\/\/exaudi.org\/?p=85822"},"modified":"2023-10-17T02:34:32","modified_gmt":"2023-10-17T00:34:32","slug":"santegidio-il-presidente-mattarella-alla-casa-dellamicizia","status":"publish","type":"post","link":"https:\/\/exaudi.org\/it\/santegidio-il-presidente-mattarella-alla-casa-dellamicizia\/","title":{"rendered":"Sant&#8217;Egidio: il presidente Mattarella , alla Casa dell&#8217;Amicizia"},"content":{"rendered":"<p><strong>Domani, marted\u00ec 17 ottobre, in un tempo in cui assistiamo alla crescita di diverse forme di povert\u00e0, il Capo dello Stato visiter\u00e0 il centro di accoglienza e solidariet\u00e0 realizzato dalla Comunit\u00e0 a Trastevere, nel complesso del San Gallicano<\/strong><\/p>\n<p>Domani, marted\u00ec 17 ottobre, alle 17, il presidente della Repubblica, Sergio Mattarella, visiter\u00e0 la \u201cCasa dell\u2019Amicizia\u201d della Comunit\u00e0 di Sant\u2019Egidio a Trastevere. Nel complesso del San Gallicano (ingresso in via di San Gallicano 25a) funziona ormai da anni un centro polifunzionale in cui si accolgono le persone in difficolt\u00e0 ascoltando i loro problemi e impegnandosi a trovare soluzioni concrete che permettano il miglioramento delle loro condizioni di vita. Sono attivi infatti diversi servizi come l\u2019aiuto alimentare per le persone senza fissa dimora e le famiglie in povert\u00e0, l\u2019orientamento al lavoro, l\u2019emergenza alloggiativa, la previdenza sociale, il contrasto alla dispersione scolastica e la consulenza legale. Ma \u00e8 aperto da oltre due anni (dal periodo pi\u00f9 acuto della pandemia) anche un Hub di prevenzione e promozione della salute che consente di effettuare visite specialistiche gratuite a persone che altrimenti rischierebbero di restare fuori dal circuito del servizio sanitario nazionale. In un periodo in cui assistiamo ad una crescita significativa delle differenti forme di povert\u00e0, il Capo dello Stato visiter\u00e0 i diversi settori della \u201cCasa dell\u2019Amicizia\u201d incontrando le persone che vi si rivolgono, i volontari e i responsabili della Comunit\u00e0. Sono previste anche alcune testimonianze.<\/p>\n<p>I giornalisti e gli operatori media che intendono partecipare all\u2019evento (con arrivo entro e non oltre le 16.30 del 17 ottobre) sono pregati di inviare, entro le 20 del 16 ottobre, una richiesta di accreditamento a com@santegidio.org, indicando la testata di appartenenza e una copia del documento professionale o d&#8217;identit\u00e0.<\/p>\n","protected":false},"excerpt":{"rendered":"<p>Complesso del San Gallicano, marted\u00ec 17 ottobre, alle 17<\/p>\n","protected":false},"author":17,"featured_media":85829,"comment_status":"closed","ping_status":"closed","sticky":false,"template":"","format":"standard","meta":{"_acf_changed":false,"_crdt_document":"","inline_featured_image":false,"footnotes":""},"categories":[73],"tags":[6542,5412,4952],"class_list":["post-85822","post","type-post","status-publish","format-standard","has-post-thumbnail","hentry","category-chiesa-e-mondo","tag-comunita-di-santegidio","tag-sergio-mattarella-it","tag-trending-it"],"acf":[],"yoast_head":"<!-- This site is optimized with the Yoast SEO plugin v27.4 - https:\/\/yoast.com\/product\/yoast-seo-wordpress\/ -->\n<title>Sant&#039;Egidio: il presidente Mattarella , alla Casa dell&#039;Amicizia &#8211; Exaudi<\/title>\n<meta name=\"robots\" content=\"index, follow, max-snippet:-1, max-image-preview:large, max-video-preview:-1\" \/>\n<link rel=\"canonical\" href=\"https:\/\/exaudi.org\/it\/santegidio-il-presidente-mattarella-alla-casa-dellamicizia\/\" \/>\n<meta property=\"og:locale\" content=\"it_IT\" \/>\n<meta property=\"og:type\" content=\"article\" \/>\n<meta property=\"og:title\" content=\"Sant&#039;Egidio: il presidente Mattarella , alla Casa dell&#039;Amicizia &#8211; Exaudi\" \/>\n<meta property=\"og:description\" content=\"Complesso del San Gallicano, marted\u00ec 17 ottobre, alle 17\" \/>\n<meta property=\"og:url\" content=\"https:\/\/exaudi.org\/it\/santegidio-il-presidente-mattarella-alla-casa-dellamicizia\/\" \/>\n<meta property=\"og:site_name\" content=\"Exaudi\" \/>\n<meta property=\"article:publisher\" content=\"https:\/\/www.facebook.com\/ExaudiNews\" \/>\n<meta property=\"article:author\" content=\"https:\/\/www.facebook.com\/ExaudiNotizie\/\" \/>\n<meta property=\"article:published_time\" content=\"2023-10-16T14:34:14+00:00\" \/>\n<meta property=\"article:modified_time\" content=\"2023-10-17T00:34:32+00:00\" \/>\n<meta property=\"og:image\" content=\"https:\/\/exaudi.org\/wp-content\/uploads\/2023\/10\/sergio.jpg\" \/>\n\t<meta property=\"og:image:width\" content=\"580\" \/>\n\t<meta property=\"og:image:height\" content=\"330\" \/>\n\t<meta property=\"og:image:type\" content=\"image\/jpeg\" \/>\n<meta name=\"author\" content=\"Exaudi Redazione\" \/>\n<meta name=\"twitter:card\" content=\"summary_large_image\" \/>\n<meta name=\"twitter:creator\" content=\"@Exaudi_Notizie\" \/>\n<meta name=\"twitter:site\" content=\"@Exaudi_News\" \/>\n<meta name=\"twitter:label1\" content=\"Scritto da\" \/>\n\t<meta name=\"twitter:data1\" content=\"Exaudi Redazione\" \/>\n\t<meta name=\"twitter:label2\" content=\"Tempo di lettura stimato\" \/>\n\t<meta name=\"twitter:data2\" content=\"1 minuto\" \/>\n<script type=\"application\/ld+json\" class=\"yoast-schema-graph\">{\"@context\":\"https:\\\/\\\/schema.org\",\"@graph\":[{\"@type\":\"Article\",\"@id\":\"https:\\\/\\\/exaudi.org\\\/it\\\/santegidio-il-presidente-mattarella-alla-casa-dellamicizia\\\/#article\",\"isPartOf\":{\"@id\":\"https:\\\/\\\/exaudi.org\\\/it\\\/santegidio-il-presidente-mattarella-alla-casa-dellamicizia\\\/\"},\"author\":{\"name\":\"Exaudi Redazione\",\"@id\":\"https:\\\/\\\/exaudi.org\\\/#\\\/schema\\\/person\\\/e1ab6ed07c01774724dd96f925f3a5f0\"},\"headline\":\"Sant&#8217;Egidio: il presidente Mattarella , alla Casa dell&#8217;Amicizia\",\"datePublished\":\"2023-10-16T14:34:14+00:00\",\"dateModified\":\"2023-10-17T00:34:32+00:00\",\"mainEntityOfPage\":{\"@id\":\"https:\\\/\\\/exaudi.org\\\/it\\\/santegidio-il-presidente-mattarella-alla-casa-dellamicizia\\\/\"},\"wordCount\":291,\"image\":{\"@id\":\"https:\\\/\\\/exaudi.org\\\/it\\\/santegidio-il-presidente-mattarella-alla-casa-dellamicizia\\\/#primaryimage\"},\"thumbnailUrl\":\"https:\\\/\\\/exaudi.org\\\/wp-content\\\/uploads\\\/2023\\\/10\\\/sergio.jpg\",\"keywords\":[\"Comunit\u00e0 di Sant'Egidio\",\"Sergio Mattarella\",\"Trending\"],\"articleSection\":[\"Chiesa e Mondo\"],\"inLanguage\":\"it-IT\"},{\"@type\":\"WebPage\",\"@id\":\"https:\\\/\\\/exaudi.org\\\/it\\\/santegidio-il-presidente-mattarella-alla-casa-dellamicizia\\\/\",\"url\":\"https:\\\/\\\/exaudi.org\\\/it\\\/santegidio-il-presidente-mattarella-alla-casa-dellamicizia\\\/\",\"name\":\"Sant'Egidio: il presidente Mattarella , alla Casa dell'Amicizia &#8211; Exaudi\",\"isPartOf\":{\"@id\":\"https:\\\/\\\/exaudi.org\\\/#website\"},\"primaryImageOfPage\":{\"@id\":\"https:\\\/\\\/exaudi.org\\\/it\\\/santegidio-il-presidente-mattarella-alla-casa-dellamicizia\\\/#primaryimage\"},\"image\":{\"@id\":\"https:\\\/\\\/exaudi.org\\\/it\\\/santegidio-il-presidente-mattarella-alla-casa-dellamicizia\\\/#primaryimage\"},\"thumbnailUrl\":\"https:\\\/\\\/exaudi.org\\\/wp-content\\\/uploads\\\/2023\\\/10\\\/sergio.jpg\",\"datePublished\":\"2023-10-16T14:34:14+00:00\",\"dateModified\":\"2023-10-17T00:34:32+00:00\",\"author\":{\"@id\":\"https:\\\/\\\/exaudi.org\\\/#\\\/schema\\\/person\\\/e1ab6ed07c01774724dd96f925f3a5f0\"},\"breadcrumb\":{\"@id\":\"https:\\\/\\\/exaudi.org\\\/it\\\/santegidio-il-presidente-mattarella-alla-casa-dellamicizia\\\/#breadcrumb\"},\"inLanguage\":\"it-IT\",\"potentialAction\":[{\"@type\":\"ReadAction\",\"target\":[\"https:\\\/\\\/exaudi.org\\\/it\\\/santegidio-il-presidente-mattarella-alla-casa-dellamicizia\\\/\"]}]},{\"@type\":\"ImageObject\",\"inLanguage\":\"it-IT\",\"@id\":\"https:\\\/\\\/exaudi.org\\\/it\\\/santegidio-il-presidente-mattarella-alla-casa-dellamicizia\\\/#primaryimage\",\"url\":\"https:\\\/\\\/exaudi.org\\\/wp-content\\\/uploads\\\/2023\\\/10\\\/sergio.jpg\",\"contentUrl\":\"https:\\\/\\\/exaudi.org\\\/wp-content\\\/uploads\\\/2023\\\/10\\\/sergio.jpg\",\"width\":580,\"height\":330},{\"@type\":\"BreadcrumbList\",\"@id\":\"https:\\\/\\\/exaudi.org\\\/it\\\/santegidio-il-presidente-mattarella-alla-casa-dellamicizia\\\/#breadcrumb\",\"itemListElement\":[{\"@type\":\"ListItem\",\"position\":1,\"name\":\"Portada\",\"item\":\"https:\\\/\\\/exaudi.org\\\/it\\\/\"},{\"@type\":\"ListItem\",\"position\":2,\"name\":\"Sant&#8217;Egidio: il presidente Mattarella , alla Casa dell&#8217;Amicizia\"}]},{\"@type\":\"WebSite\",\"@id\":\"https:\\\/\\\/exaudi.org\\\/#website\",\"url\":\"https:\\\/\\\/exaudi.org\\\/\",\"name\":\"Exaudi\",\"description\":\"News\",\"potentialAction\":[{\"@type\":\"SearchAction\",\"target\":{\"@type\":\"EntryPoint\",\"urlTemplate\":\"https:\\\/\\\/exaudi.org\\\/?s={search_term_string}\"},\"query-input\":{\"@type\":\"PropertyValueSpecification\",\"valueRequired\":true,\"valueName\":\"search_term_string\"}}],\"inLanguage\":\"it-IT\"},{\"@type\":\"Person\",\"@id\":\"https:\\\/\\\/exaudi.org\\\/#\\\/schema\\\/person\\\/e1ab6ed07c01774724dd96f925f3a5f0\",\"name\":\"Exaudi Redazione\",\"image\":{\"@type\":\"ImageObject\",\"inLanguage\":\"it-IT\",\"@id\":\"https:\\\/\\\/secure.gravatar.com\\\/avatar\\\/ad6774b3ada023bf5b939d64f45c94b3adf91502dd883507d469b4308a943bb3?s=96&d=mm&r=g\",\"url\":\"https:\\\/\\\/secure.gravatar.com\\\/avatar\\\/ad6774b3ada023bf5b939d64f45c94b3adf91502dd883507d469b4308a943bb3?s=96&d=mm&r=g\",\"contentUrl\":\"https:\\\/\\\/secure.gravatar.com\\\/avatar\\\/ad6774b3ada023bf5b939d64f45c94b3adf91502dd883507d469b4308a943bb3?s=96&d=mm&r=g\",\"caption\":\"Exaudi Redazione\"},\"description\":\"Che cosa \u00e8 Exaudi News? Exaudi News \u00e8 un agenzia cattolica internazionale che informa, istruisce e trasforma quotidianamente in spagnolo, inglese e italiano. Attraverso notizie, articoli di analisi e trasmissioni in diretta degli eventi del Papa, Exaudi cerca di rafforzare l'unit\u00e0 dei cristiani e di contribuire all'evangelizzazione del mondo, sempre guidato dalla dottrina sociale della Chiesa. Lavoriamo per portare la verit\u00e0 e i valori cristiani in ogni angolo del pianeta. Aiutaci a trasformare il mondo con Exaudi! Noi di Exaudi crediamo che l'evangelizzazione e l'informazione di qualit\u00e0 possano cambiare la vita. Per continuare la nostra missione ed espandere la nostra portata, abbiamo bisogno del tuo aiuto. Stiamo anche cercando persone motivate che vogliano unirsi al nostro team. Grazie al vostro sostegno raggiungeremo pi\u00f9 persone, diffonderemo il messaggio di Cristo e rafforzeremo l'unit\u00e0 dei cristiani. Vuoi unirti alla nostra missione? Per maggiori informazioni su come contribuire, visita Exaudi.org\\\/it o contattaci direttamente: info@exaudi.org Exaudi: informa, forma e trasforma.\",\"sameAs\":[\"https:\\\/\\\/www.facebook.com\\\/ExaudiNotizie\\\/\",\"https:\\\/\\\/www.instagram.com\\\/Exaudi_notizie\\\/\",\"https:\\\/\\\/x.com\\\/Exaudi_Notizie\",\"https:\\\/\\\/www.youtube.com\\\/@exaudicatholicnews\"],\"url\":\"https:\\\/\\\/exaudi.org\\\/it\\\/author\\\/dlvedi-org\\\/\"}]}<\/script>\n<!-- \/ Yoast SEO plugin. -->","yoast_head_json":{"title":"Sant'Egidio: il presidente Mattarella , alla Casa dell'Amicizia &#8211; Exaudi","robots":{"index":"index","follow":"follow","max-snippet":"max-snippet:-1","max-image-preview":"max-image-preview:large","max-video-preview":"max-video-preview:-1"},"canonical":"https:\/\/exaudi.org\/it\/santegidio-il-presidente-mattarella-alla-casa-dellamicizia\/","og_locale":"it_IT","og_type":"article","og_title":"Sant'Egidio: il presidente Mattarella , alla Casa dell'Amicizia &#8211; Exaudi","og_description":"Complesso del San Gallicano, marted\u00ec 17 ottobre, alle 17","og_url":"https:\/\/exaudi.org\/it\/santegidio-il-presidente-mattarella-alla-casa-dellamicizia\/","og_site_name":"Exaudi","article_publisher":"https:\/\/www.facebook.com\/ExaudiNews","article_author":"https:\/\/www.facebook.com\/ExaudiNotizie\/","article_published_time":"2023-10-16T14:34:14+00:00","article_modified_time":"2023-10-17T00:34:32+00:00","og_image":[{"width":580,"height":330,"url":"https:\/\/exaudi.org\/wp-content\/uploads\/2023\/10\/sergio.jpg","type":"image\/jpeg"}],"author":"Exaudi Redazione","twitter_card":"summary_large_image","twitter_creator":"@Exaudi_Notizie","twitter_site":"@Exaudi_News","twitter_misc":{"Scritto da":"Exaudi Redazione","Tempo di lettura stimato":"1 minuto"},"schema":{"@context":"https:\/\/schema.org","@graph":[{"@type":"Article","@id":"https:\/\/exaudi.org\/it\/santegidio-il-presidente-mattarella-alla-casa-dellamicizia\/#article","isPartOf":{"@id":"https:\/\/exaudi.org\/it\/santegidio-il-presidente-mattarella-alla-casa-dellamicizia\/"},"author":{"name":"Exaudi Redazione","@id":"https:\/\/exaudi.org\/#\/schema\/person\/e1ab6ed07c01774724dd96f925f3a5f0"},"headline":"Sant&#8217;Egidio: il presidente Mattarella , alla Casa dell&#8217;Amicizia","datePublished":"2023-10-16T14:34:14+00:00","dateModified":"2023-10-17T00:34:32+00:00","mainEntityOfPage":{"@id":"https:\/\/exaudi.org\/it\/santegidio-il-presidente-mattarella-alla-casa-dellamicizia\/"},"wordCount":291,"image":{"@id":"https:\/\/exaudi.org\/it\/santegidio-il-presidente-mattarella-alla-casa-dellamicizia\/#primaryimage"},"thumbnailUrl":"https:\/\/exaudi.org\/wp-content\/uploads\/2023\/10\/sergio.jpg","keywords":["Comunit\u00e0 di Sant'Egidio","Sergio Mattarella","Trending"],"articleSection":["Chiesa e Mondo"],"inLanguage":"it-IT"},{"@type":"WebPage","@id":"https:\/\/exaudi.org\/it\/santegidio-il-presidente-mattarella-alla-casa-dellamicizia\/","url":"https:\/\/exaudi.org\/it\/santegidio-il-presidente-mattarella-alla-casa-dellamicizia\/","name":"Sant'Egidio: il presidente Mattarella , alla Casa dell'Amicizia &#8211; Exaudi","isPartOf":{"@id":"https:\/\/exaudi.org\/#website"},"primaryImageOfPage":{"@id":"https:\/\/exaudi.org\/it\/santegidio-il-presidente-mattarella-alla-casa-dellamicizia\/#primaryimage"},"image":{"@id":"https:\/\/exaudi.org\/it\/santegidio-il-presidente-mattarella-alla-casa-dellamicizia\/#primaryimage"},"thumbnailUrl":"https:\/\/exaudi.org\/wp-content\/uploads\/2023\/10\/sergio.jpg","datePublished":"2023-10-16T14:34:14+00:00","dateModified":"2023-10-17T00:34:32+00:00","author":{"@id":"https:\/\/exaudi.org\/#\/schema\/person\/e1ab6ed07c01774724dd96f925f3a5f0"},"breadcrumb":{"@id":"https:\/\/exaudi.org\/it\/santegidio-il-presidente-mattarella-alla-casa-dellamicizia\/#breadcrumb"},"inLanguage":"it-IT","potentialAction":[{"@type":"ReadAction","target":["https:\/\/exaudi.org\/it\/santegidio-il-presidente-mattarella-alla-casa-dellamicizia\/"]}]},{"@type":"ImageObject","inLanguage":"it-IT","@id":"https:\/\/exaudi.org\/it\/santegidio-il-presidente-mattarella-alla-casa-dellamicizia\/#primaryimage","url":"https:\/\/exaudi.org\/wp-content\/uploads\/2023\/10\/sergio.jpg","contentUrl":"https:\/\/exaudi.org\/wp-content\/uploads\/2023\/10\/sergio.jpg","width":580,"height":330},{"@type":"BreadcrumbList","@id":"https:\/\/exaudi.org\/it\/santegidio-il-presidente-mattarella-alla-casa-dellamicizia\/#breadcrumb","itemListElement":[{"@type":"ListItem","position":1,"name":"Portada","item":"https:\/\/exaudi.org\/it\/"},{"@type":"ListItem","position":2,"name":"Sant&#8217;Egidio: il presidente Mattarella , alla Casa dell&#8217;Amicizia"}]},{"@type":"WebSite","@id":"https:\/\/exaudi.org\/#website","url":"https:\/\/exaudi.org\/","name":"Exaudi","description":"News","potentialAction":[{"@type":"SearchAction","target":{"@type":"EntryPoint","urlTemplate":"https:\/\/exaudi.org\/?s={search_term_string}"},"query-input":{"@type":"PropertyValueSpecification","valueRequired":true,"valueName":"search_term_string"}}],"inLanguage":"it-IT"},{"@type":"Person","@id":"https:\/\/exaudi.org\/#\/schema\/person\/e1ab6ed07c01774724dd96f925f3a5f0","name":"Exaudi Redazione","image":{"@type":"ImageObject","inLanguage":"it-IT","@id":"https:\/\/secure.gravatar.com\/avatar\/ad6774b3ada023bf5b939d64f45c94b3adf91502dd883507d469b4308a943bb3?s=96&d=mm&r=g","url":"https:\/\/secure.gravatar.com\/avatar\/ad6774b3ada023bf5b939d64f45c94b3adf91502dd883507d469b4308a943bb3?s=96&d=mm&r=g","contentUrl":"https:\/\/secure.gravatar.com\/avatar\/ad6774b3ada023bf5b939d64f45c94b3adf91502dd883507d469b4308a943bb3?s=96&d=mm&r=g","caption":"Exaudi Redazione"},"description":"Che cosa \u00e8 Exaudi News? Exaudi News \u00e8 un agenzia cattolica internazionale che informa, istruisce e trasforma quotidianamente in spagnolo, inglese e italiano. Attraverso notizie, articoli di analisi e trasmissioni in diretta degli eventi del Papa, Exaudi cerca di rafforzare l'unit\u00e0 dei cristiani e di contribuire all'evangelizzazione del mondo, sempre guidato dalla dottrina sociale della Chiesa. Lavoriamo per portare la verit\u00e0 e i valori cristiani in ogni angolo del pianeta. Aiutaci a trasformare il mondo con Exaudi! Noi di Exaudi crediamo che l'evangelizzazione e l'informazione di qualit\u00e0 possano cambiare la vita. Per continuare la nostra missione ed espandere la nostra portata, abbiamo bisogno del tuo aiuto. Stiamo anche cercando persone motivate che vogliano unirsi al nostro team. Grazie al vostro sostegno raggiungeremo pi\u00f9 persone, diffonderemo il messaggio di Cristo e rafforzeremo l'unit\u00e0 dei cristiani. Vuoi unirti alla nostra missione? Per maggiori informazioni su come contribuire, visita Exaudi.org\/it o contattaci direttamente: info@exaudi.org Exaudi: informa, forma e trasforma.","sameAs":["https:\/\/www.facebook.com\/ExaudiNotizie\/","https:\/\/www.instagram.com\/Exaudi_notizie\/","https:\/\/x.com\/Exaudi_Notizie","https:\/\/www.youtube.com\/@exaudicatholicnews"],"url":"https:\/\/exaudi.org\/it\/author\/dlvedi-org\/"}]}},"jetpack_featured_media_url":"https:\/\/exaudi.org\/wp-content\/uploads\/2023\/10\/sergio.jpg","jetpack_shortlink":"https:\/\/wp.me\/pgKjF2-mke","_links":{"self":[{"href":"https:\/\/exaudi.org\/it\/wp-json\/wp\/v2\/posts\/85822","targetHints":{"allow":["GET"]}}],"collection":[{"href":"https:\/\/exaudi.org\/it\/wp-json\/wp\/v2\/posts"}],"about":[{"href":"https:\/\/exaudi.org\/it\/wp-json\/wp\/v2\/types\/post"}],"author":[{"embeddable":true,"href":"https:\/\/exaudi.org\/it\/wp-json\/wp\/v2\/users\/17"}],"replies":[{"embeddable":true,"href":"https:\/\/exaudi.org\/it\/wp-json\/wp\/v2\/comments?post=85822"}],"version-history":[{"count":0,"href":"https:\/\/exaudi.org\/it\/wp-json\/wp\/v2\/posts\/85822\/revisions"}],"wp:featuredmedia":[{"embeddable":true,"href":"https:\/\/exaudi.org\/it\/wp-json\/wp\/v2\/media\/85829"}],"wp:attachment":[{"href":"https:\/\/exaudi.org\/it\/wp-json\/wp\/v2\/media?parent=85822"}],"wp:term":[{"taxonomy":"category","embeddable":true,"href":"https:\/\/exaudi.org\/it\/wp-json\/wp\/v2\/categories?post=85822"},{"taxonomy":"post_tag","embeddable":true,"href":"https:\/\/exaudi.org\/it\/wp-json\/wp\/v2\/tags?post=85822"}],"curies":[{"name":"wp","href":"https:\/\/api.w.org\/{rel}","templated":true}]}}