{"id":85816,"date":"2023-10-16T17:41:16","date_gmt":"2023-10-16T15:41:16","guid":{"rendered":"https:\/\/exaudi.org\/?p=85816"},"modified":"2023-10-17T01:41:40","modified_gmt":"2023-10-16T23:41:40","slug":"suor-saleh-la-telefonata-del-papa-ci-ha-dato-coraggio","status":"publish","type":"post","link":"https:\/\/exaudi.org\/it\/suor-saleh-la-telefonata-del-papa-ci-ha-dato-coraggio\/","title":{"rendered":"Suor Saleh: la telefonata del Papa ci ha dato coraggio"},"content":{"rendered":"<p>&#8220;Il Santo Padre ha voluto impartire la sua benedizione a tutti&#8221;, riferisce suor Nabila Saleh, che ha parlato direttamente con il Pontefice, &#8220;ci ha assicurato che siamo nelle sue preghiere&#8221;. &#8220;Offriamo le nostre sofferenze per la fine della guerra, per la pace, per la Chiesa e anche per il Sinodo&#8221;.<\/p>\n<p>&#8220;Il Papa ci ha assicurato che siamo nelle sue preghiere e che conosce la sofferenza che stiamo attraversando&#8221;. Suor Nabila Saleh racconta con emozione ad Agenzia Sir la telefonata del Papa alla parrocchia latina di Gaza. \u00c8 stata lei a parlare con Francesco: &#8220;Padre Yusuf mi ha chiamato e mi ha dato il suo numero di telefono perch\u00e9 potessi parlare direttamente con il Pontefice, visto che non parla bene l&#8217;italiano&#8221;.<\/p>\n<p><iframe loading=\"lazy\" title=\"Papa Francesco telefona alla parrocchia di Gaza\" width=\"500\" height=\"281\" src=\"https:\/\/www.youtube.com\/embed\/Q_9If_6HZcM?feature=oembed\" frameborder=\"0\" allow=\"accelerometer; autoplay; clipboard-write; encrypted-media; gyroscope; picture-in-picture; web-share\" referrerpolicy=\"strict-origin-when-cross-origin\" allowfullscreen><\/iframe><\/p>\n<p><strong>Pregare continuamente il Rosario<\/strong><\/p>\n<p>&#8220;Il Santo Padre &#8211; spiega la suora &#8211; voleva sapere quante persone sono ospitate nelle strutture parrocchiali. Sono circa 500, tra malati, famiglie, bambini, disabili, persone che hanno perso la casa e tutti i loro beni. \u00c8 stata una grande benedizione poter parlare con lui. Ci ha dato coraggio e sostegno nella preghiera. Gli abbiamo chiesto di fare un appello per la pace e gli abbiamo anche detto che offriamo le nostre sofferenze per la fine della guerra, per la pace, per i bisogni della Chiesa e anche per il lavoro in corso del Sinodo. I nostri parrocchiani erano molto contenti, sanno che il Papa sta lavorando per la pace e per il bene della comunit\u00e0 cristiana di Gaza.<\/p>\n<p><strong>Come state vivendo queste ore drammatiche?<\/strong><\/p>\n<p>La situazione \u00e8 molto difficile, ma ci sosteniamo a vicenda. Tutto \u00e8 condiviso. La gente accetta questa situazione e chiede al Signore che finisca presto.<\/p>\n<p><strong>La gente non perde la speranza e continua a pregare per la pace in questo momento?<\/strong><\/p>\n<p>S\u00ec, con fede, con molta fede. Impariamo da loro. Ogni giorno abbiamo due messe. Inoltre preghiamo sempre il rosario con i bambini e le loro famiglie. Ieri sera abbiamo partecipato alla messa domenicale con il battesimo di un bambino: la madre aveva paura che succedesse qualcosa di brutto e ha chiesto che il suo bambino fosse battezzato. \u00c8 stato un momento di resurrezione e rinascita spirituale per tutti noi.<\/p>\n<p><strong>Qual \u00e8 la situazione ora?<\/strong><\/p>\n<p>La scorsa notte abbiamo vissuto momenti molto difficili, con bombardamenti che sono durati tutta la notte. Non abbiamo dormito cinque minuti fino a stamattina.<\/p>\n<p><strong>E i bombardamenti sono continuati questa mattina?<\/strong><\/p>\n<p>Solo fino alle otto, ora la situazione \u00e8 pi\u00f9 tranquilla. Ogni tanto passa qualche aereo da guerra, ma non \u00e8 niente rispetto alla notte scorsa.<\/p>\n<p><strong>C&#8217;\u00e8 qualche appello che vorrebbe fare attraverso i nostri microfoni a nome dei parrocchiani di Gaza?<\/strong><\/p>\n<p>Vogliamo la pace, perch\u00e9 la guerra non fa bene a nessuno. Vogliamo la fine di questa dura guerra. Tante persone hanno perso i loro cari, le loro case e tutto ci\u00f2 che avevano. Chiediamo giustizia: giustizia e pace. Anche il popolo palestinese ha il diritto di vivere. Chiediamo che le persone non vengano punite a causa di un gruppo fanatico. E vi chiediamo di pregare per noi.<\/p>\n<p><strong>Paolo Ondarza &#8211; Notizie dal Vaticano<\/strong><\/p>\n","protected":false},"excerpt":{"rendered":"<p>Emozione e gratitudine da parte dei parrocchiani di Gaza per l&#8217;inaspettata chiamata di Papa Francesco di ieri sera<\/p>\n","protected":false},"author":17,"featured_media":85809,"comment_status":"closed","ping_status":"closed","sticky":false,"template":"","format":"standard","meta":{"_acf_changed":false,"_crdt_document":"","inline_featured_image":false,"footnotes":""},"categories":[73,67],"tags":[10414,668,10416,785,10415,10310,251,10340,10413,4952],"class_list":["post-85816","post","type-post","status-publish","format-standard","has-post-thumbnail","hentry","category-chiesa-e-mondo","category-leone-xiv","tag-agenzia-sir-2","tag-chiesa","tag-gaza-3","tag-guerra","tag-padre-yusuf-3","tag-palestina-2","tag-papa-francesco","tag-santo-rosario-2","tag-suor-nabila-saleh","tag-trending-it"],"acf":[],"yoast_head":"<!-- This site is optimized with the Yoast SEO plugin v27.4 - https:\/\/yoast.com\/product\/yoast-seo-wordpress\/ -->\n<title>Suor Saleh: la telefonata del Papa ci ha dato coraggio &#8211; Exaudi<\/title>\n<meta name=\"robots\" content=\"index, follow, max-snippet:-1, max-image-preview:large, max-video-preview:-1\" \/>\n<link rel=\"canonical\" href=\"https:\/\/exaudi.org\/it\/suor-saleh-lappello-del-papa-ci-ha-dato-coraggio\/\" \/>\n<meta property=\"og:locale\" content=\"it_IT\" \/>\n<meta property=\"og:type\" content=\"article\" \/>\n<meta property=\"og:title\" content=\"Suor Saleh: la telefonata del Papa ci ha dato coraggio &#8211; Exaudi\" \/>\n<meta property=\"og:description\" content=\"Emozione e gratitudine da parte dei parrocchiani di Gaza per l&#039;inaspettata chiamata di Papa Francesco di ieri sera\" \/>\n<meta property=\"og:url\" content=\"https:\/\/exaudi.org\/suor-saleh-lappello-del-papa-ci-ha-dato-coraggio\/\" \/>\n<meta property=\"og:site_name\" content=\"Exaudi\" \/>\n<meta property=\"article:publisher\" content=\"https:\/\/www.facebook.com\/ExaudiNews\" \/>\n<meta property=\"article:author\" content=\"https:\/\/www.facebook.com\/ExaudiNotizie\/\" \/>\n<meta property=\"article:published_time\" content=\"2023-10-16T15:41:16+00:00\" \/>\n<meta property=\"article:modified_time\" content=\"2023-10-16T23:41:40+00:00\" \/>\n<meta property=\"og:image\" content=\"https:\/\/exaudi.org\/wp-content\/uploads\/2023\/10\/cq5dam.thumbnail.cropped.750.422-18.jpeg\" \/>\n\t<meta property=\"og:image:width\" content=\"750\" \/>\n\t<meta property=\"og:image:height\" content=\"422\" \/>\n\t<meta property=\"og:image:type\" content=\"image\/jpeg\" \/>\n<meta name=\"author\" content=\"Exaudi Redazione\" \/>\n<meta name=\"twitter:card\" content=\"summary_large_image\" \/>\n<meta name=\"twitter:creator\" content=\"@Exaudi_Notizie\" \/>\n<meta name=\"twitter:site\" content=\"@Exaudi_News\" \/>\n<meta name=\"twitter:label1\" content=\"Scritto da\" \/>\n\t<meta name=\"twitter:data1\" content=\"Exaudi Redazione\" \/>\n\t<meta name=\"twitter:label2\" content=\"Tempo di lettura stimato\" \/>\n\t<meta name=\"twitter:data2\" content=\"3 minuti\" \/>\n<script type=\"application\/ld+json\" class=\"yoast-schema-graph\">{\"@context\":\"https:\\\/\\\/schema.org\",\"@graph\":[{\"@type\":\"Article\",\"@id\":\"https:\\\/\\\/exaudi.org\\\/suor-saleh-lappello-del-papa-ci-ha-dato-coraggio\\\/#article\",\"isPartOf\":{\"@id\":\"https:\\\/\\\/exaudi.org\\\/suor-saleh-lappello-del-papa-ci-ha-dato-coraggio\\\/\"},\"author\":{\"name\":\"Exaudi Redazione\",\"@id\":\"https:\\\/\\\/exaudi.org\\\/#\\\/schema\\\/person\\\/e1ab6ed07c01774724dd96f925f3a5f0\"},\"headline\":\"Suor Saleh: la telefonata del Papa ci ha dato coraggio\",\"datePublished\":\"2023-10-16T15:41:16+00:00\",\"dateModified\":\"2023-10-16T23:41:40+00:00\",\"mainEntityOfPage\":{\"@id\":\"https:\\\/\\\/exaudi.org\\\/suor-saleh-lappello-del-papa-ci-ha-dato-coraggio\\\/\"},\"wordCount\":519,\"image\":{\"@id\":\"https:\\\/\\\/exaudi.org\\\/suor-saleh-lappello-del-papa-ci-ha-dato-coraggio\\\/#primaryimage\"},\"thumbnailUrl\":\"https:\\\/\\\/exaudi.org\\\/wp-content\\\/uploads\\\/2023\\\/10\\\/cq5dam.thumbnail.cropped.750.422-18.jpeg\",\"keywords\":[\"Agenzia Sir\",\"Chiesa\",\"Gaza\",\"guerra\",\"Padre Yusuf\",\"Palestina\",\"Papa Francesco\",\"SANTO ROSARIO\",\"suor Nabila Saleh\",\"Trending\"],\"articleSection\":[\"Chiesa e Mondo\",\"Leone XIV\"],\"inLanguage\":\"it-IT\"},{\"@type\":\"WebPage\",\"@id\":\"https:\\\/\\\/exaudi.org\\\/suor-saleh-lappello-del-papa-ci-ha-dato-coraggio\\\/\",\"url\":\"https:\\\/\\\/exaudi.org\\\/suor-saleh-lappello-del-papa-ci-ha-dato-coraggio\\\/\",\"name\":\"Suor Saleh: la telefonata del Papa ci ha dato coraggio &#8211; Exaudi\",\"isPartOf\":{\"@id\":\"https:\\\/\\\/exaudi.org\\\/#website\"},\"primaryImageOfPage\":{\"@id\":\"https:\\\/\\\/exaudi.org\\\/suor-saleh-lappello-del-papa-ci-ha-dato-coraggio\\\/#primaryimage\"},\"image\":{\"@id\":\"https:\\\/\\\/exaudi.org\\\/suor-saleh-lappello-del-papa-ci-ha-dato-coraggio\\\/#primaryimage\"},\"thumbnailUrl\":\"https:\\\/\\\/exaudi.org\\\/wp-content\\\/uploads\\\/2023\\\/10\\\/cq5dam.thumbnail.cropped.750.422-18.jpeg\",\"datePublished\":\"2023-10-16T15:41:16+00:00\",\"dateModified\":\"2023-10-16T23:41:40+00:00\",\"author\":{\"@id\":\"https:\\\/\\\/exaudi.org\\\/#\\\/schema\\\/person\\\/e1ab6ed07c01774724dd96f925f3a5f0\"},\"breadcrumb\":{\"@id\":\"https:\\\/\\\/exaudi.org\\\/suor-saleh-lappello-del-papa-ci-ha-dato-coraggio\\\/#breadcrumb\"},\"inLanguage\":\"it-IT\",\"potentialAction\":[{\"@type\":\"ReadAction\",\"target\":[\"https:\\\/\\\/exaudi.org\\\/suor-saleh-lappello-del-papa-ci-ha-dato-coraggio\\\/\"]}]},{\"@type\":\"ImageObject\",\"inLanguage\":\"it-IT\",\"@id\":\"https:\\\/\\\/exaudi.org\\\/suor-saleh-lappello-del-papa-ci-ha-dato-coraggio\\\/#primaryimage\",\"url\":\"https:\\\/\\\/exaudi.org\\\/wp-content\\\/uploads\\\/2023\\\/10\\\/cq5dam.thumbnail.cropped.750.422-18.jpeg\",\"contentUrl\":\"https:\\\/\\\/exaudi.org\\\/wp-content\\\/uploads\\\/2023\\\/10\\\/cq5dam.thumbnail.cropped.750.422-18.jpeg\",\"width\":750,\"height\":422,\"caption\":\"Vatican News\"},{\"@type\":\"BreadcrumbList\",\"@id\":\"https:\\\/\\\/exaudi.org\\\/suor-saleh-lappello-del-papa-ci-ha-dato-coraggio\\\/#breadcrumb\",\"itemListElement\":[{\"@type\":\"ListItem\",\"position\":1,\"name\":\"Portada\",\"item\":\"https:\\\/\\\/exaudi.org\\\/it\\\/\"},{\"@type\":\"ListItem\",\"position\":2,\"name\":\"Suor Saleh: la telefonata del Papa ci ha dato coraggio\"}]},{\"@type\":\"WebSite\",\"@id\":\"https:\\\/\\\/exaudi.org\\\/#website\",\"url\":\"https:\\\/\\\/exaudi.org\\\/\",\"name\":\"Exaudi\",\"description\":\"News\",\"potentialAction\":[{\"@type\":\"SearchAction\",\"target\":{\"@type\":\"EntryPoint\",\"urlTemplate\":\"https:\\\/\\\/exaudi.org\\\/?s={search_term_string}\"},\"query-input\":{\"@type\":\"PropertyValueSpecification\",\"valueRequired\":true,\"valueName\":\"search_term_string\"}}],\"inLanguage\":\"it-IT\"},{\"@type\":\"Person\",\"@id\":\"https:\\\/\\\/exaudi.org\\\/#\\\/schema\\\/person\\\/e1ab6ed07c01774724dd96f925f3a5f0\",\"name\":\"Exaudi Redazione\",\"image\":{\"@type\":\"ImageObject\",\"inLanguage\":\"it-IT\",\"@id\":\"https:\\\/\\\/secure.gravatar.com\\\/avatar\\\/ad6774b3ada023bf5b939d64f45c94b3adf91502dd883507d469b4308a943bb3?s=96&d=mm&r=g\",\"url\":\"https:\\\/\\\/secure.gravatar.com\\\/avatar\\\/ad6774b3ada023bf5b939d64f45c94b3adf91502dd883507d469b4308a943bb3?s=96&d=mm&r=g\",\"contentUrl\":\"https:\\\/\\\/secure.gravatar.com\\\/avatar\\\/ad6774b3ada023bf5b939d64f45c94b3adf91502dd883507d469b4308a943bb3?s=96&d=mm&r=g\",\"caption\":\"Exaudi Redazione\"},\"description\":\"Che cosa \u00e8 Exaudi News? Exaudi News \u00e8 un agenzia cattolica internazionale che informa, istruisce e trasforma quotidianamente in spagnolo, inglese e italiano. Attraverso notizie, articoli di analisi e trasmissioni in diretta degli eventi del Papa, Exaudi cerca di rafforzare l'unit\u00e0 dei cristiani e di contribuire all'evangelizzazione del mondo, sempre guidato dalla dottrina sociale della Chiesa. Lavoriamo per portare la verit\u00e0 e i valori cristiani in ogni angolo del pianeta. Aiutaci a trasformare il mondo con Exaudi! Noi di Exaudi crediamo che l'evangelizzazione e l'informazione di qualit\u00e0 possano cambiare la vita. Per continuare la nostra missione ed espandere la nostra portata, abbiamo bisogno del tuo aiuto. Stiamo anche cercando persone motivate che vogliano unirsi al nostro team. Grazie al vostro sostegno raggiungeremo pi\u00f9 persone, diffonderemo il messaggio di Cristo e rafforzeremo l'unit\u00e0 dei cristiani. Vuoi unirti alla nostra missione? Per maggiori informazioni su come contribuire, visita Exaudi.org\\\/it o contattaci direttamente: info@exaudi.org Exaudi: informa, forma e trasforma.\",\"sameAs\":[\"https:\\\/\\\/www.facebook.com\\\/ExaudiNotizie\\\/\",\"https:\\\/\\\/www.instagram.com\\\/Exaudi_notizie\\\/\",\"https:\\\/\\\/x.com\\\/Exaudi_Notizie\",\"https:\\\/\\\/www.youtube.com\\\/@exaudicatholicnews\"],\"url\":\"https:\\\/\\\/exaudi.org\\\/it\\\/author\\\/dlvedi-org\\\/\"}]}<\/script>\n<!-- \/ Yoast SEO plugin. -->","yoast_head_json":{"title":"Suor Saleh: la telefonata del Papa ci ha dato coraggio &#8211; Exaudi","robots":{"index":"index","follow":"follow","max-snippet":"max-snippet:-1","max-image-preview":"max-image-preview:large","max-video-preview":"max-video-preview:-1"},"canonical":"https:\/\/exaudi.org\/it\/suor-saleh-lappello-del-papa-ci-ha-dato-coraggio\/","og_locale":"it_IT","og_type":"article","og_title":"Suor Saleh: la telefonata del Papa ci ha dato coraggio &#8211; Exaudi","og_description":"Emozione e gratitudine da parte dei parrocchiani di Gaza per l'inaspettata chiamata di Papa Francesco di ieri sera","og_url":"https:\/\/exaudi.org\/suor-saleh-lappello-del-papa-ci-ha-dato-coraggio\/","og_site_name":"Exaudi","article_publisher":"https:\/\/www.facebook.com\/ExaudiNews","article_author":"https:\/\/www.facebook.com\/ExaudiNotizie\/","article_published_time":"2023-10-16T15:41:16+00:00","article_modified_time":"2023-10-16T23:41:40+00:00","og_image":[{"width":750,"height":422,"url":"https:\/\/exaudi.org\/wp-content\/uploads\/2023\/10\/cq5dam.thumbnail.cropped.750.422-18.jpeg","type":"image\/jpeg"}],"author":"Exaudi Redazione","twitter_card":"summary_large_image","twitter_creator":"@Exaudi_Notizie","twitter_site":"@Exaudi_News","twitter_misc":{"Scritto da":"Exaudi Redazione","Tempo di lettura stimato":"3 minuti"},"schema":{"@context":"https:\/\/schema.org","@graph":[{"@type":"Article","@id":"https:\/\/exaudi.org\/suor-saleh-lappello-del-papa-ci-ha-dato-coraggio\/#article","isPartOf":{"@id":"https:\/\/exaudi.org\/suor-saleh-lappello-del-papa-ci-ha-dato-coraggio\/"},"author":{"name":"Exaudi Redazione","@id":"https:\/\/exaudi.org\/#\/schema\/person\/e1ab6ed07c01774724dd96f925f3a5f0"},"headline":"Suor Saleh: la telefonata del Papa ci ha dato coraggio","datePublished":"2023-10-16T15:41:16+00:00","dateModified":"2023-10-16T23:41:40+00:00","mainEntityOfPage":{"@id":"https:\/\/exaudi.org\/suor-saleh-lappello-del-papa-ci-ha-dato-coraggio\/"},"wordCount":519,"image":{"@id":"https:\/\/exaudi.org\/suor-saleh-lappello-del-papa-ci-ha-dato-coraggio\/#primaryimage"},"thumbnailUrl":"https:\/\/exaudi.org\/wp-content\/uploads\/2023\/10\/cq5dam.thumbnail.cropped.750.422-18.jpeg","keywords":["Agenzia Sir","Chiesa","Gaza","guerra","Padre Yusuf","Palestina","Papa Francesco","SANTO ROSARIO","suor Nabila Saleh","Trending"],"articleSection":["Chiesa e Mondo","Leone XIV"],"inLanguage":"it-IT"},{"@type":"WebPage","@id":"https:\/\/exaudi.org\/suor-saleh-lappello-del-papa-ci-ha-dato-coraggio\/","url":"https:\/\/exaudi.org\/suor-saleh-lappello-del-papa-ci-ha-dato-coraggio\/","name":"Suor Saleh: la telefonata del Papa ci ha dato coraggio &#8211; Exaudi","isPartOf":{"@id":"https:\/\/exaudi.org\/#website"},"primaryImageOfPage":{"@id":"https:\/\/exaudi.org\/suor-saleh-lappello-del-papa-ci-ha-dato-coraggio\/#primaryimage"},"image":{"@id":"https:\/\/exaudi.org\/suor-saleh-lappello-del-papa-ci-ha-dato-coraggio\/#primaryimage"},"thumbnailUrl":"https:\/\/exaudi.org\/wp-content\/uploads\/2023\/10\/cq5dam.thumbnail.cropped.750.422-18.jpeg","datePublished":"2023-10-16T15:41:16+00:00","dateModified":"2023-10-16T23:41:40+00:00","author":{"@id":"https:\/\/exaudi.org\/#\/schema\/person\/e1ab6ed07c01774724dd96f925f3a5f0"},"breadcrumb":{"@id":"https:\/\/exaudi.org\/suor-saleh-lappello-del-papa-ci-ha-dato-coraggio\/#breadcrumb"},"inLanguage":"it-IT","potentialAction":[{"@type":"ReadAction","target":["https:\/\/exaudi.org\/suor-saleh-lappello-del-papa-ci-ha-dato-coraggio\/"]}]},{"@type":"ImageObject","inLanguage":"it-IT","@id":"https:\/\/exaudi.org\/suor-saleh-lappello-del-papa-ci-ha-dato-coraggio\/#primaryimage","url":"https:\/\/exaudi.org\/wp-content\/uploads\/2023\/10\/cq5dam.thumbnail.cropped.750.422-18.jpeg","contentUrl":"https:\/\/exaudi.org\/wp-content\/uploads\/2023\/10\/cq5dam.thumbnail.cropped.750.422-18.jpeg","width":750,"height":422,"caption":"Vatican News"},{"@type":"BreadcrumbList","@id":"https:\/\/exaudi.org\/suor-saleh-lappello-del-papa-ci-ha-dato-coraggio\/#breadcrumb","itemListElement":[{"@type":"ListItem","position":1,"name":"Portada","item":"https:\/\/exaudi.org\/it\/"},{"@type":"ListItem","position":2,"name":"Suor Saleh: la telefonata del Papa ci ha dato coraggio"}]},{"@type":"WebSite","@id":"https:\/\/exaudi.org\/#website","url":"https:\/\/exaudi.org\/","name":"Exaudi","description":"News","potentialAction":[{"@type":"SearchAction","target":{"@type":"EntryPoint","urlTemplate":"https:\/\/exaudi.org\/?s={search_term_string}"},"query-input":{"@type":"PropertyValueSpecification","valueRequired":true,"valueName":"search_term_string"}}],"inLanguage":"it-IT"},{"@type":"Person","@id":"https:\/\/exaudi.org\/#\/schema\/person\/e1ab6ed07c01774724dd96f925f3a5f0","name":"Exaudi Redazione","image":{"@type":"ImageObject","inLanguage":"it-IT","@id":"https:\/\/secure.gravatar.com\/avatar\/ad6774b3ada023bf5b939d64f45c94b3adf91502dd883507d469b4308a943bb3?s=96&d=mm&r=g","url":"https:\/\/secure.gravatar.com\/avatar\/ad6774b3ada023bf5b939d64f45c94b3adf91502dd883507d469b4308a943bb3?s=96&d=mm&r=g","contentUrl":"https:\/\/secure.gravatar.com\/avatar\/ad6774b3ada023bf5b939d64f45c94b3adf91502dd883507d469b4308a943bb3?s=96&d=mm&r=g","caption":"Exaudi Redazione"},"description":"Che cosa \u00e8 Exaudi News? Exaudi News \u00e8 un agenzia cattolica internazionale che informa, istruisce e trasforma quotidianamente in spagnolo, inglese e italiano. Attraverso notizie, articoli di analisi e trasmissioni in diretta degli eventi del Papa, Exaudi cerca di rafforzare l'unit\u00e0 dei cristiani e di contribuire all'evangelizzazione del mondo, sempre guidato dalla dottrina sociale della Chiesa. Lavoriamo per portare la verit\u00e0 e i valori cristiani in ogni angolo del pianeta. Aiutaci a trasformare il mondo con Exaudi! Noi di Exaudi crediamo che l'evangelizzazione e l'informazione di qualit\u00e0 possano cambiare la vita. Per continuare la nostra missione ed espandere la nostra portata, abbiamo bisogno del tuo aiuto. Stiamo anche cercando persone motivate che vogliano unirsi al nostro team. Grazie al vostro sostegno raggiungeremo pi\u00f9 persone, diffonderemo il messaggio di Cristo e rafforzeremo l'unit\u00e0 dei cristiani. Vuoi unirti alla nostra missione? Per maggiori informazioni su come contribuire, visita Exaudi.org\/it o contattaci direttamente: info@exaudi.org Exaudi: informa, forma e trasforma.","sameAs":["https:\/\/www.facebook.com\/ExaudiNotizie\/","https:\/\/www.instagram.com\/Exaudi_notizie\/","https:\/\/x.com\/Exaudi_Notizie","https:\/\/www.youtube.com\/@exaudicatholicnews"],"url":"https:\/\/exaudi.org\/it\/author\/dlvedi-org\/"}]}},"jetpack_featured_media_url":"https:\/\/exaudi.org\/wp-content\/uploads\/2023\/10\/cq5dam.thumbnail.cropped.750.422-18.jpeg","jetpack_shortlink":"https:\/\/wp.me\/pgKjF2-mk8","_links":{"self":[{"href":"https:\/\/exaudi.org\/it\/wp-json\/wp\/v2\/posts\/85816","targetHints":{"allow":["GET"]}}],"collection":[{"href":"https:\/\/exaudi.org\/it\/wp-json\/wp\/v2\/posts"}],"about":[{"href":"https:\/\/exaudi.org\/it\/wp-json\/wp\/v2\/types\/post"}],"author":[{"embeddable":true,"href":"https:\/\/exaudi.org\/it\/wp-json\/wp\/v2\/users\/17"}],"replies":[{"embeddable":true,"href":"https:\/\/exaudi.org\/it\/wp-json\/wp\/v2\/comments?post=85816"}],"version-history":[{"count":0,"href":"https:\/\/exaudi.org\/it\/wp-json\/wp\/v2\/posts\/85816\/revisions"}],"wp:featuredmedia":[{"embeddable":true,"href":"https:\/\/exaudi.org\/it\/wp-json\/wp\/v2\/media\/85809"}],"wp:attachment":[{"href":"https:\/\/exaudi.org\/it\/wp-json\/wp\/v2\/media?parent=85816"}],"wp:term":[{"taxonomy":"category","embeddable":true,"href":"https:\/\/exaudi.org\/it\/wp-json\/wp\/v2\/categories?post=85816"},{"taxonomy":"post_tag","embeddable":true,"href":"https:\/\/exaudi.org\/it\/wp-json\/wp\/v2\/tags?post=85816"}],"curies":[{"name":"wp","href":"https:\/\/api.w.org\/{rel}","templated":true}]}}