{"id":85469,"date":"2023-10-11T16:39:07","date_gmt":"2023-10-11T14:39:07","guid":{"rendered":"https:\/\/exaudi.org\/?p=85469"},"modified":"2023-10-11T16:39:07","modified_gmt":"2023-10-11T14:39:07","slug":"perdonare-perche-cosi-saremo-perdonati-il-perdono-e-la-carezza-di-dio-per-tutti","status":"publish","type":"post","link":"https:\/\/exaudi.org\/it\/perdonare-perche-cosi-saremo-perdonati-il-perdono-e-la-carezza-di-dio-per-tutti\/","title":{"rendered":"Perdonare perch\u00e9 cos\u00ec saremo perdonati: il perdono \u00e8 la carezza di Dio per tutti"},"content":{"rendered":"<p>L\u2019Udienza Generale di questa mattina si \u00e8 svolta alle ore 9.00 in Piazza San Pietro.<\/p>\n<p>Nel discorso in lingua italiana il Papa, riprendendo il ciclo di catechesi\u00a0<i>La passione per l\u2019evangelizzazione: lo zelo apostolico del credente<\/i>, ha incentrato la Sua meditazione sul tema \u201cSanta Giuseppina Bakhita: testimone della forza trasformatrice del perdono di Cristo\u201d (Lettura:\u00a0<i>Lc<\/i>\u00a023,32-34).<\/p>\n<p><img loading=\"lazy\" decoding=\"async\" class=\"size-medium wp-image-85468 alignleft\" src=\"https:\/\/exaudi.org\/wp-content\/uploads\/2023\/10\/387720908_857152615899363_4644032320635839273_n-300x300.jpg\" alt=\"\" width=\"300\" height=\"300\" srcset=\"https:\/\/exaudi.org\/wp-content\/uploads\/2023\/10\/387720908_857152615899363_4644032320635839273_n-300x300.jpg 300w, https:\/\/exaudi.org\/wp-content\/uploads\/2023\/10\/387720908_857152615899363_4644032320635839273_n-1024x1024.jpg 1024w, https:\/\/exaudi.org\/wp-content\/uploads\/2023\/10\/387720908_857152615899363_4644032320635839273_n-100x100.jpg?crop=1 100w, https:\/\/exaudi.org\/wp-content\/uploads\/2023\/10\/387720908_857152615899363_4644032320635839273_n-770x770.jpg 770w, https:\/\/exaudi.org\/wp-content\/uploads\/2023\/10\/387720908_857152615899363_4644032320635839273_n-500x500.jpg 500w, https:\/\/exaudi.org\/wp-content\/uploads\/2023\/10\/387720908_857152615899363_4644032320635839273_n-293x293.jpg 293w, https:\/\/exaudi.org\/wp-content\/uploads\/2023\/10\/387720908_857152615899363_4644032320635839273_n-390x390.jpg 390w, https:\/\/exaudi.org\/wp-content\/uploads\/2023\/10\/387720908_857152615899363_4644032320635839273_n-585x585.jpg 585w, https:\/\/exaudi.org\/wp-content\/uploads\/2023\/10\/387720908_857152615899363_4644032320635839273_n-900x900.jpg 900w, https:\/\/exaudi.org\/wp-content\/uploads\/2023\/10\/387720908_857152615899363_4644032320635839273_n.jpg 1080w\" sizes=\"auto, (max-width: 300px) 100vw, 300px\" \/><\/p>\n<p>Dopo aver riassunto la Sua catechesi nelle diverse lingue, il Santo Padre ha indirizzato particolari espressioni di saluto ai fedeli presenti. Quindi ha rivolto un appello per quanto sta succedendo in Israele e Palestina e ha dedicato un pensiero alla popolazione dell\u2019Afghanistan colpita nei giorni scorsi da una forte scossa di terremoto. L\u2019Udienza Generale si \u00e8 conclusa con la recita del\u00a0<i>Pater Noster<\/i>\u00a0e la Benedizione Apostolica.<\/p>\n<p>_____________________________<\/p>\n<p><b>Catechesi. La passione per l\u2019evangelizzazione: lo zelo apostolico del credente. 22.\u00a0<i>Santa Giuseppina Bakhita: testimone della forza trasformatrice del perdono di Cristo<\/i><\/b><\/p>\n<p><i>Cari fratelli e sorelle, buongiorno!<\/i><\/p>\n<p>Nel cammino di catechesi sullo zelo apostolico \u2013 stiamo riflettendo sullo zelo apostolico \u2013, oggi ci lasciamo ispirare dalla testimonianza di Santa Giuseppina Bakhita, una santa sudanese. Purtroppo da mesi il Sudan \u00e8 lacerato da un terribile conflitto armato di cui oggi si parla poco; preghiamo per il popolo sudanese, perch\u00e9 possa vivere in pace! Ma la fama di Santa Bakhita ha superato ogni confine e ha raggiunto tutti coloro a cui viene rifiutata identit\u00e0 e dignit\u00e0.<\/p>\n<p>Nata in Darfur \u2013 il martoriato Darfur! \u2013 nel 1869, \u00e8 stata rapita dalla sua famiglia all\u2019et\u00e0 di sette anni e fatta schiava. I suoi rapitori la chiamarono \u201c<i>Bakhita<\/i>\u201d, che significa \u201cfortunata\u201d. \u00c8 passata attraverso otto padroni \u2013 uno vendeva all\u2019altro &#8230; Le sofferenze fisiche e morali di cui \u00e8 stata vittima da piccola l\u2019hanno lasciata senza identit\u00e0. Ha subito cattiverie e violenze: sul suo corpo portava pi\u00f9 di cento cicatrici. Ma lei stessa ha testimoniato: \u201cDa schiava non mi sono mai disperata, perch\u00e9 sentivo una forza misteriosa che mi sosteneva\u201d.<\/p>\n<p>Davanti a questo io mi domando: qual \u00e8 il segreto di Santa Bakhita? Sappiamo che spesso la persona ferita ferisce a sua volta; l\u2019oppresso diventa facilmente un oppressore. Invece, la vocazione degli oppressi \u00e8 quella di liberare s\u00e9 stessi e gli oppressori diventando restauratori di umanit\u00e0. Solo nella debolezza degli oppressi si pu\u00f2 rivelare la forza dell\u2019amore di Dio che libera entrambi. Santa Bakhita esprime benissimo questa verit\u00e0. Un giorno il suo tutore le regala un piccolo crocifisso, e lei, che non aveva mai posseduto nulla, lo conserva come un tesoro geloso. Guardandolo sperimenta una liberazione interiore perch\u00e9\u00a0<i>si sente compresa e amata<\/i>\u00a0e quindi\u00a0<i>capace di comprendere e amare<\/i>: questo \u00e8 l\u2019inizio. Si sente compresa, si sente amata di conseguenza capace di comprendere e amare gli altri. Infatti lei dir\u00e0: \u201cL\u2019amore di Dio mi ha sempre accompagnato in modo misterioso\u2026 Il Signore mi ha voluto tanto bene: bisogna voler bene a tutti\u2026 Bisogna compatire!\u201d. Questa \u00e8 l\u2019anima di Bakhita. Davvero,\u00a0<i>com-patire<\/i>\u00a0significa sia\u00a0<i>patire con<\/i>\u00a0le vittime di tanta disumanit\u00e0 presente nel mondo, e anche\u00a0<i>compatire<\/i>\u00a0chi commette errori e ingiustizie, non giustificando, ma umanizzando. Questa \u00e8 la carezza che lei ci insegna: umanizzare. Quando entriamo nella logica della lotta, della divisione tra noi, dei sentimenti cattivi, uno contro l\u2019altro, perdiamo umanit\u00e0. E tante volte pensiamo che abbiamo bisogno di umanit\u00e0, di essere pi\u00f9 umani. E questo \u00e8 il lavoro che ci insegna Santa Bakhita: umanizzare, umanizzare noi stessi e umanizzare gli altri.<\/p>\n<p><img loading=\"lazy\" decoding=\"async\" class=\"size-medium wp-image-85465 alignright\" src=\"https:\/\/exaudi.org\/wp-content\/uploads\/2023\/10\/387270040_1104635950504639_8053232155687666557_n-300x300.jpg\" alt=\"\" width=\"300\" height=\"300\" srcset=\"https:\/\/exaudi.org\/wp-content\/uploads\/2023\/10\/387270040_1104635950504639_8053232155687666557_n-300x300.jpg 300w, https:\/\/exaudi.org\/wp-content\/uploads\/2023\/10\/387270040_1104635950504639_8053232155687666557_n-100x100.jpg?crop=1 100w, https:\/\/exaudi.org\/wp-content\/uploads\/2023\/10\/387270040_1104635950504639_8053232155687666557_n-500x500.jpg 500w, https:\/\/exaudi.org\/wp-content\/uploads\/2023\/10\/387270040_1104635950504639_8053232155687666557_n-293x293.jpg 293w, https:\/\/exaudi.org\/wp-content\/uploads\/2023\/10\/387270040_1104635950504639_8053232155687666557_n-390x390.jpg 390w, https:\/\/exaudi.org\/wp-content\/uploads\/2023\/10\/387270040_1104635950504639_8053232155687666557_n-585x585.jpg 585w, https:\/\/exaudi.org\/wp-content\/uploads\/2023\/10\/387270040_1104635950504639_8053232155687666557_n.jpg 720w\" sizes=\"auto, (max-width: 300px) 100vw, 300px\" \/>Santa Bakhita, diventata cristiana, viene trasformata dalle parole di Cristo che meditava quotidianamente: \u00abPadre, perdona loro perch\u00e9 non sanno quello che fanno\u00bb (<i>Lc<\/i>\u00a023,34). Per questo diceva: \u201cSe Giuda avesse chiesto perdono a Ges\u00f9 anche lui avrebbe trovato misericordia\u201d. Possiamo dire che la vita di Santa Bakhita \u00e8 diventata\u00a0<i>una parabola esistenziale del perdono<\/i>. Che bello dire di una persona \u201c\u00e8 stato capace, \u00e8 stata capace di perdonare sempre\u201d. E lei \u00e8 stata capace di farlo sempre, anzi: la sua vita \u00e8 una parabola esistenziale del perdono. Perdonare perch\u00e9 poi noi saremo perdonati. Non dimenticare questo: il perdono, che \u00e8 la carezza di Dio a tutti noi.<\/p>\n<p>Il perdono l\u2019ha resa libera. Il perdono prima ricevuto attraverso l\u2019amore misericordioso di Dio, e poi il perdono dato l\u2019ha resa una donna libera, gioiosa, capace di amare.<\/p>\n<p>Bakhita ha potuto vivere il servizio non come una schiavit\u00f9, ma come espressione del dono libero di s\u00e9. E questo \u00e8 molto importante: fatta serva volontariamente \u2013 \u00e8 stata venduta come schiava \u2013 ha poi scelto liberamente di farsi serva, di portare sulle sue spalle i fardelli degli altri.<\/p>\n<p>Santa Giuseppina Bakhita, con il suo esempio, ci indica la via per essere finalmente liberi dalle nostre schiavit\u00f9 e paure. Ci aiuta a smascherare le nostre ipocrisie e i nostri egoismi, a superare risentimenti e conflittualit\u00e0. E ci incoraggia sempre.<\/p>\n<p><img loading=\"lazy\" decoding=\"async\" class=\"size-medium wp-image-85459 alignleft\" src=\"https:\/\/exaudi.org\/wp-content\/uploads\/2023\/10\/387740115_1128854098261100_2577695530650357578_n-300x300.jpg\" alt=\"\" width=\"300\" height=\"300\" srcset=\"https:\/\/exaudi.org\/wp-content\/uploads\/2023\/10\/387740115_1128854098261100_2577695530650357578_n-300x300.jpg 300w, https:\/\/exaudi.org\/wp-content\/uploads\/2023\/10\/387740115_1128854098261100_2577695530650357578_n-100x100.jpg?crop=1 100w, https:\/\/exaudi.org\/wp-content\/uploads\/2023\/10\/387740115_1128854098261100_2577695530650357578_n-500x500.jpg 500w, https:\/\/exaudi.org\/wp-content\/uploads\/2023\/10\/387740115_1128854098261100_2577695530650357578_n-293x293.jpg 293w, https:\/\/exaudi.org\/wp-content\/uploads\/2023\/10\/387740115_1128854098261100_2577695530650357578_n-390x390.jpg 390w, https:\/\/exaudi.org\/wp-content\/uploads\/2023\/10\/387740115_1128854098261100_2577695530650357578_n-585x585.jpg 585w, https:\/\/exaudi.org\/wp-content\/uploads\/2023\/10\/387740115_1128854098261100_2577695530650357578_n.jpg 720w\" sizes=\"auto, (max-width: 300px) 100vw, 300px\" \/>Cari fratelli e sorelle, il perdono non toglie nulla ma aggiunge \u2013 che cosa aggiunge, il perdono? \u2013 dignit\u00e0: il perdono non ti toglie nulla ma aggiunge dignit\u00e0 alla persona, fa levare lo sguardo da se stessi verso gli altri, per vederli s\u00ec fragili quanto noi, ma sempre fratelli e sorelle nel Signore. Fratelli e sorelle, il perdono \u00e8 sorgente di\u00a0<i>uno zelo che si fa misericordia e chiama a una santit\u00e0 umile e gioiosa<\/i>, come quella di Santa Bakhita.<\/p>\n<p>_____________________________<\/p>\n<p><b>APPELLI<\/b><\/p>\n<p>Continuo a seguire con lacrime e apprensione quanto sta succedendo in Israele e Palestina: tante persone uccise, altre ferite. Prego per quelle famiglie che hanno visto trasformare un giorno di festa in un giorno di lutto e chiedo che gli ostaggi vengano subito rilasciati. \u00c8 diritto di chi \u00e8 attaccato difendersi, ma sono molto preoccupato per l\u2019assedio totale in cui vivono i palestinesi a Gaza, dove pure ci sono state molte vittime innocenti. Il terrorismo e gli estremismi non aiutano a raggiungere una soluzione al conflitto tra Israeliani e Palestinesi, ma alimentano l\u2019odio, la violenza, la vendetta, e fanno solo soffrire gli uni e gli altri. Il Medio Oriente non ha bisogno di guerra, ma di pace, di una pace costruita sulla giustizia, sul dialogo e sul coraggio della fraternit\u00e0.<\/p>\n<p>Rivolgo un pensiero speciale alla popolazione dell\u2019Afghanistan, che sta soffrendo a seguito del devastante terremoto che l\u2019ha colpita, provocando migliaia di vittime, tra cui molte donne e bambini, e di sfollati. Invito tutte le persone di buona volont\u00e0 ad aiutare questo popolo gi\u00e0 cos\u00ec tanto provato, contribuendo, in spirito di fraternit\u00e0, ad alleviare le sofferenze della gente e a sostenere la necessaria ricostruzione.<\/p>\n<p><b>SALUTI<\/b><\/p>\n<p>Rivolgo un cordiale benvenuto ai pellegrini di lingua italiana, cominciando dai fedeli delle diocesi di Siena-Colle Val d\u2019Elsa-Montalcino e di Montepulciano-Chiusi-Pienza, accompagnati dal Cardinale Paolo Lojudice: cari amici, grazie della vostra presenza! Vi incoraggio a seguire l\u2019esempio di Santa Caterina e Sant\u2019Agnese da Montepulciano, diventando protagonisti di bene nelle vostre comunit\u00e0. Saluto altres\u00ec i numerosi gruppi parrocchiali, specialmente quelli di Volturino e di Gragnano: Si fanno sentire questi!<\/p>\n<p>Accolgo con particolare affetto e riconoscenza le Associazioni Anziani di diverse localit\u00e0: non dimentichiamo che gli anziani sono un dono prezioso nella societ\u00e0; allo loro scuola si apprende la fede genuina e la sapienza della vita. Saluto\u00a0il gruppo Area medica della pastorale della salute della diocesi di Roma, che si occupa delle malattie reumatiche; la Delegazione del Comune di Cervia, che ringrazio per il consueto dono del sale; gli Scout Agesci di Torremaggiore.<\/p>\n<p>Saluto infine i giovani, i malati e gli sposi novelli. Vi invito a rivolgere il pensiero a Maria, invocata in questo mese di ottobre come Regina del Rosario. Per favore, perseverate insieme con Lei nella preghiera per quanti soffrono la fame, le ingiustizie e la guerra, specialmente per la cara e martoriata Ucraina. A tutti la mia Benedizione!<\/p>\n<p><iframe loading=\"lazy\" title=\"October 11 2023 General Audience Pope Francis\" width=\"500\" height=\"281\" src=\"https:\/\/www.youtube.com\/embed\/ugxw8-d6gq0?feature=oembed\" frameborder=\"0\" allow=\"accelerometer; autoplay; clipboard-write; encrypted-media; gyroscope; picture-in-picture; web-share\" referrerpolicy=\"strict-origin-when-cross-origin\" allowfullscreen><\/iframe><\/p>\n<p>&nbsp;<\/p>\n","protected":false},"excerpt":{"rendered":"<p>Catechesi del Santo Padre durante l&#8217;Udienza Generale<\/p>\n","protected":false},"author":17,"featured_media":85450,"comment_status":"closed","ping_status":"closed","sticky":false,"template":"","format":"standard","meta":{"_acf_changed":false,"_crdt_document":"","inline_featured_image":false,"footnotes":""},"categories":[67,111],"tags":[2487,251,10344,10345,579],"class_list":["post-85469","post","type-post","status-publish","format-standard","has-post-thumbnail","hentry","category-leone-xiv","category-udienza-generale","tag-featured-3","tag-papa-francesco","tag-passione-per-levangelizzazione","tag-santa-giuseppina-bakhita","tag-udienza-generale"],"acf":[],"yoast_head":"<!-- This site is optimized with the Yoast SEO plugin v27.4 - https:\/\/yoast.com\/product\/yoast-seo-wordpress\/ -->\n<title>Perdonare perch\u00e9 cos\u00ec saremo perdonati: il perdono \u00e8 la carezza di Dio per tutti &#8211; Exaudi<\/title>\n<meta name=\"robots\" content=\"index, follow, max-snippet:-1, max-image-preview:large, max-video-preview:-1\" \/>\n<link rel=\"canonical\" href=\"https:\/\/exaudi.org\/it\/perdonare-perche-cosi-saremo-perdonati-il-perdono-e-la-carezza-di-dio-per-tutti\/\" \/>\n<meta property=\"og:locale\" content=\"it_IT\" \/>\n<meta property=\"og:type\" content=\"article\" \/>\n<meta property=\"og:title\" content=\"Perdonare perch\u00e9 cos\u00ec saremo perdonati: il perdono \u00e8 la carezza di Dio per tutti &#8211; Exaudi\" \/>\n<meta property=\"og:description\" content=\"Catechesi del Santo Padre durante l&#039;Udienza Generale\" \/>\n<meta property=\"og:url\" content=\"https:\/\/exaudi.org\/it\/perdonare-perche-cosi-saremo-perdonati-il-perdono-e-la-carezza-di-dio-per-tutti\/\" \/>\n<meta property=\"og:site_name\" content=\"Exaudi\" \/>\n<meta property=\"article:publisher\" content=\"https:\/\/www.facebook.com\/ExaudiNews\" \/>\n<meta property=\"article:author\" content=\"https:\/\/www.facebook.com\/ExaudiNotizie\/\" \/>\n<meta property=\"article:published_time\" content=\"2023-10-11T14:39:07+00:00\" \/>\n<meta property=\"og:image\" content=\"https:\/\/exaudi.org\/wp-content\/uploads\/2023\/10\/387681189_1382109506060037_3517566100159397919_n.jpg\" \/>\n\t<meta property=\"og:image:width\" content=\"1080\" \/>\n\t<meta property=\"og:image:height\" content=\"1080\" \/>\n\t<meta property=\"og:image:type\" content=\"image\/jpeg\" \/>\n<meta name=\"author\" content=\"Exaudi Redazione\" \/>\n<meta name=\"twitter:card\" content=\"summary_large_image\" \/>\n<meta name=\"twitter:creator\" content=\"@Exaudi_Notizie\" \/>\n<meta name=\"twitter:site\" content=\"@Exaudi_News\" \/>\n<meta name=\"twitter:label1\" content=\"Scritto da\" \/>\n\t<meta name=\"twitter:data1\" content=\"Exaudi Redazione\" \/>\n\t<meta name=\"twitter:label2\" content=\"Tempo di lettura stimato\" \/>\n\t<meta name=\"twitter:data2\" content=\"6 minuti\" \/>\n<script type=\"application\/ld+json\" class=\"yoast-schema-graph\">{\"@context\":\"https:\\\/\\\/schema.org\",\"@graph\":[{\"@type\":\"Article\",\"@id\":\"https:\\\/\\\/exaudi.org\\\/it\\\/perdonare-perche-cosi-saremo-perdonati-il-perdono-e-la-carezza-di-dio-per-tutti\\\/#article\",\"isPartOf\":{\"@id\":\"https:\\\/\\\/exaudi.org\\\/it\\\/perdonare-perche-cosi-saremo-perdonati-il-perdono-e-la-carezza-di-dio-per-tutti\\\/\"},\"author\":{\"name\":\"Exaudi Redazione\",\"@id\":\"https:\\\/\\\/exaudi.org\\\/#\\\/schema\\\/person\\\/e1ab6ed07c01774724dd96f925f3a5f0\"},\"headline\":\"Perdonare perch\u00e9 cos\u00ec saremo perdonati: il perdono \u00e8 la carezza di Dio per tutti\",\"datePublished\":\"2023-10-11T14:39:07+00:00\",\"mainEntityOfPage\":{\"@id\":\"https:\\\/\\\/exaudi.org\\\/it\\\/perdonare-perche-cosi-saremo-perdonati-il-perdono-e-la-carezza-di-dio-per-tutti\\\/\"},\"wordCount\":1271,\"image\":{\"@id\":\"https:\\\/\\\/exaudi.org\\\/it\\\/perdonare-perche-cosi-saremo-perdonati-il-perdono-e-la-carezza-di-dio-per-tutti\\\/#primaryimage\"},\"thumbnailUrl\":\"https:\\\/\\\/exaudi.org\\\/wp-content\\\/uploads\\\/2023\\\/10\\\/387681189_1382109506060037_3517566100159397919_n.jpg\",\"keywords\":[\"Featured\",\"Papa Francesco\",\"Passione per l'evangelizzazione\",\"Santa Giuseppina Bakhita\",\"udienza generale\"],\"articleSection\":[\"Leone XIV\",\"Udienza generale\"],\"inLanguage\":\"it-IT\"},{\"@type\":\"WebPage\",\"@id\":\"https:\\\/\\\/exaudi.org\\\/it\\\/perdonare-perche-cosi-saremo-perdonati-il-perdono-e-la-carezza-di-dio-per-tutti\\\/\",\"url\":\"https:\\\/\\\/exaudi.org\\\/it\\\/perdonare-perche-cosi-saremo-perdonati-il-perdono-e-la-carezza-di-dio-per-tutti\\\/\",\"name\":\"Perdonare perch\u00e9 cos\u00ec saremo perdonati: il perdono \u00e8 la carezza di Dio per tutti &#8211; Exaudi\",\"isPartOf\":{\"@id\":\"https:\\\/\\\/exaudi.org\\\/#website\"},\"primaryImageOfPage\":{\"@id\":\"https:\\\/\\\/exaudi.org\\\/it\\\/perdonare-perche-cosi-saremo-perdonati-il-perdono-e-la-carezza-di-dio-per-tutti\\\/#primaryimage\"},\"image\":{\"@id\":\"https:\\\/\\\/exaudi.org\\\/it\\\/perdonare-perche-cosi-saremo-perdonati-il-perdono-e-la-carezza-di-dio-per-tutti\\\/#primaryimage\"},\"thumbnailUrl\":\"https:\\\/\\\/exaudi.org\\\/wp-content\\\/uploads\\\/2023\\\/10\\\/387681189_1382109506060037_3517566100159397919_n.jpg\",\"datePublished\":\"2023-10-11T14:39:07+00:00\",\"author\":{\"@id\":\"https:\\\/\\\/exaudi.org\\\/#\\\/schema\\\/person\\\/e1ab6ed07c01774724dd96f925f3a5f0\"},\"breadcrumb\":{\"@id\":\"https:\\\/\\\/exaudi.org\\\/it\\\/perdonare-perche-cosi-saremo-perdonati-il-perdono-e-la-carezza-di-dio-per-tutti\\\/#breadcrumb\"},\"inLanguage\":\"it-IT\",\"potentialAction\":[{\"@type\":\"ReadAction\",\"target\":[\"https:\\\/\\\/exaudi.org\\\/it\\\/perdonare-perche-cosi-saremo-perdonati-il-perdono-e-la-carezza-di-dio-per-tutti\\\/\"]}]},{\"@type\":\"ImageObject\",\"inLanguage\":\"it-IT\",\"@id\":\"https:\\\/\\\/exaudi.org\\\/it\\\/perdonare-perche-cosi-saremo-perdonati-il-perdono-e-la-carezza-di-dio-per-tutti\\\/#primaryimage\",\"url\":\"https:\\\/\\\/exaudi.org\\\/wp-content\\\/uploads\\\/2023\\\/10\\\/387681189_1382109506060037_3517566100159397919_n.jpg\",\"contentUrl\":\"https:\\\/\\\/exaudi.org\\\/wp-content\\\/uploads\\\/2023\\\/10\\\/387681189_1382109506060037_3517566100159397919_n.jpg\",\"width\":1080,\"height\":1080,\"caption\":\"Vatican Media\"},{\"@type\":\"BreadcrumbList\",\"@id\":\"https:\\\/\\\/exaudi.org\\\/it\\\/perdonare-perche-cosi-saremo-perdonati-il-perdono-e-la-carezza-di-dio-per-tutti\\\/#breadcrumb\",\"itemListElement\":[{\"@type\":\"ListItem\",\"position\":1,\"name\":\"Portada\",\"item\":\"https:\\\/\\\/exaudi.org\\\/it\\\/\"},{\"@type\":\"ListItem\",\"position\":2,\"name\":\"Perdonare perch\u00e9 cos\u00ec saremo perdonati: il perdono \u00e8 la carezza di Dio per tutti\"}]},{\"@type\":\"WebSite\",\"@id\":\"https:\\\/\\\/exaudi.org\\\/#website\",\"url\":\"https:\\\/\\\/exaudi.org\\\/\",\"name\":\"Exaudi\",\"description\":\"News\",\"potentialAction\":[{\"@type\":\"SearchAction\",\"target\":{\"@type\":\"EntryPoint\",\"urlTemplate\":\"https:\\\/\\\/exaudi.org\\\/?s={search_term_string}\"},\"query-input\":{\"@type\":\"PropertyValueSpecification\",\"valueRequired\":true,\"valueName\":\"search_term_string\"}}],\"inLanguage\":\"it-IT\"},{\"@type\":\"Person\",\"@id\":\"https:\\\/\\\/exaudi.org\\\/#\\\/schema\\\/person\\\/e1ab6ed07c01774724dd96f925f3a5f0\",\"name\":\"Exaudi Redazione\",\"image\":{\"@type\":\"ImageObject\",\"inLanguage\":\"it-IT\",\"@id\":\"https:\\\/\\\/secure.gravatar.com\\\/avatar\\\/ad6774b3ada023bf5b939d64f45c94b3adf91502dd883507d469b4308a943bb3?s=96&d=mm&r=g\",\"url\":\"https:\\\/\\\/secure.gravatar.com\\\/avatar\\\/ad6774b3ada023bf5b939d64f45c94b3adf91502dd883507d469b4308a943bb3?s=96&d=mm&r=g\",\"contentUrl\":\"https:\\\/\\\/secure.gravatar.com\\\/avatar\\\/ad6774b3ada023bf5b939d64f45c94b3adf91502dd883507d469b4308a943bb3?s=96&d=mm&r=g\",\"caption\":\"Exaudi Redazione\"},\"description\":\"Che cosa \u00e8 Exaudi News? Exaudi News \u00e8 un agenzia cattolica internazionale che informa, istruisce e trasforma quotidianamente in spagnolo, inglese e italiano. Attraverso notizie, articoli di analisi e trasmissioni in diretta degli eventi del Papa, Exaudi cerca di rafforzare l'unit\u00e0 dei cristiani e di contribuire all'evangelizzazione del mondo, sempre guidato dalla dottrina sociale della Chiesa. Lavoriamo per portare la verit\u00e0 e i valori cristiani in ogni angolo del pianeta. Aiutaci a trasformare il mondo con Exaudi! Noi di Exaudi crediamo che l'evangelizzazione e l'informazione di qualit\u00e0 possano cambiare la vita. Per continuare la nostra missione ed espandere la nostra portata, abbiamo bisogno del tuo aiuto. Stiamo anche cercando persone motivate che vogliano unirsi al nostro team. Grazie al vostro sostegno raggiungeremo pi\u00f9 persone, diffonderemo il messaggio di Cristo e rafforzeremo l'unit\u00e0 dei cristiani. Vuoi unirti alla nostra missione? Per maggiori informazioni su come contribuire, visita Exaudi.org\\\/it o contattaci direttamente: info@exaudi.org Exaudi: informa, forma e trasforma.\",\"sameAs\":[\"https:\\\/\\\/www.facebook.com\\\/ExaudiNotizie\\\/\",\"https:\\\/\\\/www.instagram.com\\\/Exaudi_notizie\\\/\",\"https:\\\/\\\/x.com\\\/Exaudi_Notizie\",\"https:\\\/\\\/www.youtube.com\\\/@exaudicatholicnews\"],\"url\":\"https:\\\/\\\/exaudi.org\\\/it\\\/author\\\/dlvedi-org\\\/\"}]}<\/script>\n<!-- \/ Yoast SEO plugin. -->","yoast_head_json":{"title":"Perdonare perch\u00e9 cos\u00ec saremo perdonati: il perdono \u00e8 la carezza di Dio per tutti &#8211; Exaudi","robots":{"index":"index","follow":"follow","max-snippet":"max-snippet:-1","max-image-preview":"max-image-preview:large","max-video-preview":"max-video-preview:-1"},"canonical":"https:\/\/exaudi.org\/it\/perdonare-perche-cosi-saremo-perdonati-il-perdono-e-la-carezza-di-dio-per-tutti\/","og_locale":"it_IT","og_type":"article","og_title":"Perdonare perch\u00e9 cos\u00ec saremo perdonati: il perdono \u00e8 la carezza di Dio per tutti &#8211; Exaudi","og_description":"Catechesi del Santo Padre durante l'Udienza Generale","og_url":"https:\/\/exaudi.org\/it\/perdonare-perche-cosi-saremo-perdonati-il-perdono-e-la-carezza-di-dio-per-tutti\/","og_site_name":"Exaudi","article_publisher":"https:\/\/www.facebook.com\/ExaudiNews","article_author":"https:\/\/www.facebook.com\/ExaudiNotizie\/","article_published_time":"2023-10-11T14:39:07+00:00","og_image":[{"width":1080,"height":1080,"url":"https:\/\/exaudi.org\/wp-content\/uploads\/2023\/10\/387681189_1382109506060037_3517566100159397919_n.jpg","type":"image\/jpeg"}],"author":"Exaudi Redazione","twitter_card":"summary_large_image","twitter_creator":"@Exaudi_Notizie","twitter_site":"@Exaudi_News","twitter_misc":{"Scritto da":"Exaudi Redazione","Tempo di lettura stimato":"6 minuti"},"schema":{"@context":"https:\/\/schema.org","@graph":[{"@type":"Article","@id":"https:\/\/exaudi.org\/it\/perdonare-perche-cosi-saremo-perdonati-il-perdono-e-la-carezza-di-dio-per-tutti\/#article","isPartOf":{"@id":"https:\/\/exaudi.org\/it\/perdonare-perche-cosi-saremo-perdonati-il-perdono-e-la-carezza-di-dio-per-tutti\/"},"author":{"name":"Exaudi Redazione","@id":"https:\/\/exaudi.org\/#\/schema\/person\/e1ab6ed07c01774724dd96f925f3a5f0"},"headline":"Perdonare perch\u00e9 cos\u00ec saremo perdonati: il perdono \u00e8 la carezza di Dio per tutti","datePublished":"2023-10-11T14:39:07+00:00","mainEntityOfPage":{"@id":"https:\/\/exaudi.org\/it\/perdonare-perche-cosi-saremo-perdonati-il-perdono-e-la-carezza-di-dio-per-tutti\/"},"wordCount":1271,"image":{"@id":"https:\/\/exaudi.org\/it\/perdonare-perche-cosi-saremo-perdonati-il-perdono-e-la-carezza-di-dio-per-tutti\/#primaryimage"},"thumbnailUrl":"https:\/\/exaudi.org\/wp-content\/uploads\/2023\/10\/387681189_1382109506060037_3517566100159397919_n.jpg","keywords":["Featured","Papa Francesco","Passione per l'evangelizzazione","Santa Giuseppina Bakhita","udienza generale"],"articleSection":["Leone XIV","Udienza generale"],"inLanguage":"it-IT"},{"@type":"WebPage","@id":"https:\/\/exaudi.org\/it\/perdonare-perche-cosi-saremo-perdonati-il-perdono-e-la-carezza-di-dio-per-tutti\/","url":"https:\/\/exaudi.org\/it\/perdonare-perche-cosi-saremo-perdonati-il-perdono-e-la-carezza-di-dio-per-tutti\/","name":"Perdonare perch\u00e9 cos\u00ec saremo perdonati: il perdono \u00e8 la carezza di Dio per tutti &#8211; Exaudi","isPartOf":{"@id":"https:\/\/exaudi.org\/#website"},"primaryImageOfPage":{"@id":"https:\/\/exaudi.org\/it\/perdonare-perche-cosi-saremo-perdonati-il-perdono-e-la-carezza-di-dio-per-tutti\/#primaryimage"},"image":{"@id":"https:\/\/exaudi.org\/it\/perdonare-perche-cosi-saremo-perdonati-il-perdono-e-la-carezza-di-dio-per-tutti\/#primaryimage"},"thumbnailUrl":"https:\/\/exaudi.org\/wp-content\/uploads\/2023\/10\/387681189_1382109506060037_3517566100159397919_n.jpg","datePublished":"2023-10-11T14:39:07+00:00","author":{"@id":"https:\/\/exaudi.org\/#\/schema\/person\/e1ab6ed07c01774724dd96f925f3a5f0"},"breadcrumb":{"@id":"https:\/\/exaudi.org\/it\/perdonare-perche-cosi-saremo-perdonati-il-perdono-e-la-carezza-di-dio-per-tutti\/#breadcrumb"},"inLanguage":"it-IT","potentialAction":[{"@type":"ReadAction","target":["https:\/\/exaudi.org\/it\/perdonare-perche-cosi-saremo-perdonati-il-perdono-e-la-carezza-di-dio-per-tutti\/"]}]},{"@type":"ImageObject","inLanguage":"it-IT","@id":"https:\/\/exaudi.org\/it\/perdonare-perche-cosi-saremo-perdonati-il-perdono-e-la-carezza-di-dio-per-tutti\/#primaryimage","url":"https:\/\/exaudi.org\/wp-content\/uploads\/2023\/10\/387681189_1382109506060037_3517566100159397919_n.jpg","contentUrl":"https:\/\/exaudi.org\/wp-content\/uploads\/2023\/10\/387681189_1382109506060037_3517566100159397919_n.jpg","width":1080,"height":1080,"caption":"Vatican Media"},{"@type":"BreadcrumbList","@id":"https:\/\/exaudi.org\/it\/perdonare-perche-cosi-saremo-perdonati-il-perdono-e-la-carezza-di-dio-per-tutti\/#breadcrumb","itemListElement":[{"@type":"ListItem","position":1,"name":"Portada","item":"https:\/\/exaudi.org\/it\/"},{"@type":"ListItem","position":2,"name":"Perdonare perch\u00e9 cos\u00ec saremo perdonati: il perdono \u00e8 la carezza di Dio per tutti"}]},{"@type":"WebSite","@id":"https:\/\/exaudi.org\/#website","url":"https:\/\/exaudi.org\/","name":"Exaudi","description":"News","potentialAction":[{"@type":"SearchAction","target":{"@type":"EntryPoint","urlTemplate":"https:\/\/exaudi.org\/?s={search_term_string}"},"query-input":{"@type":"PropertyValueSpecification","valueRequired":true,"valueName":"search_term_string"}}],"inLanguage":"it-IT"},{"@type":"Person","@id":"https:\/\/exaudi.org\/#\/schema\/person\/e1ab6ed07c01774724dd96f925f3a5f0","name":"Exaudi Redazione","image":{"@type":"ImageObject","inLanguage":"it-IT","@id":"https:\/\/secure.gravatar.com\/avatar\/ad6774b3ada023bf5b939d64f45c94b3adf91502dd883507d469b4308a943bb3?s=96&d=mm&r=g","url":"https:\/\/secure.gravatar.com\/avatar\/ad6774b3ada023bf5b939d64f45c94b3adf91502dd883507d469b4308a943bb3?s=96&d=mm&r=g","contentUrl":"https:\/\/secure.gravatar.com\/avatar\/ad6774b3ada023bf5b939d64f45c94b3adf91502dd883507d469b4308a943bb3?s=96&d=mm&r=g","caption":"Exaudi Redazione"},"description":"Che cosa \u00e8 Exaudi News? Exaudi News \u00e8 un agenzia cattolica internazionale che informa, istruisce e trasforma quotidianamente in spagnolo, inglese e italiano. Attraverso notizie, articoli di analisi e trasmissioni in diretta degli eventi del Papa, Exaudi cerca di rafforzare l'unit\u00e0 dei cristiani e di contribuire all'evangelizzazione del mondo, sempre guidato dalla dottrina sociale della Chiesa. Lavoriamo per portare la verit\u00e0 e i valori cristiani in ogni angolo del pianeta. Aiutaci a trasformare il mondo con Exaudi! Noi di Exaudi crediamo che l'evangelizzazione e l'informazione di qualit\u00e0 possano cambiare la vita. Per continuare la nostra missione ed espandere la nostra portata, abbiamo bisogno del tuo aiuto. Stiamo anche cercando persone motivate che vogliano unirsi al nostro team. Grazie al vostro sostegno raggiungeremo pi\u00f9 persone, diffonderemo il messaggio di Cristo e rafforzeremo l'unit\u00e0 dei cristiani. Vuoi unirti alla nostra missione? Per maggiori informazioni su come contribuire, visita Exaudi.org\/it o contattaci direttamente: info@exaudi.org Exaudi: informa, forma e trasforma.","sameAs":["https:\/\/www.facebook.com\/ExaudiNotizie\/","https:\/\/www.instagram.com\/Exaudi_notizie\/","https:\/\/x.com\/Exaudi_Notizie","https:\/\/www.youtube.com\/@exaudicatholicnews"],"url":"https:\/\/exaudi.org\/it\/author\/dlvedi-org\/"}]}},"jetpack_featured_media_url":"https:\/\/exaudi.org\/wp-content\/uploads\/2023\/10\/387681189_1382109506060037_3517566100159397919_n.jpg","jetpack_shortlink":"https:\/\/wp.me\/pgKjF2-mex","_links":{"self":[{"href":"https:\/\/exaudi.org\/it\/wp-json\/wp\/v2\/posts\/85469","targetHints":{"allow":["GET"]}}],"collection":[{"href":"https:\/\/exaudi.org\/it\/wp-json\/wp\/v2\/posts"}],"about":[{"href":"https:\/\/exaudi.org\/it\/wp-json\/wp\/v2\/types\/post"}],"author":[{"embeddable":true,"href":"https:\/\/exaudi.org\/it\/wp-json\/wp\/v2\/users\/17"}],"replies":[{"embeddable":true,"href":"https:\/\/exaudi.org\/it\/wp-json\/wp\/v2\/comments?post=85469"}],"version-history":[{"count":0,"href":"https:\/\/exaudi.org\/it\/wp-json\/wp\/v2\/posts\/85469\/revisions"}],"wp:featuredmedia":[{"embeddable":true,"href":"https:\/\/exaudi.org\/it\/wp-json\/wp\/v2\/media\/85450"}],"wp:attachment":[{"href":"https:\/\/exaudi.org\/it\/wp-json\/wp\/v2\/media?parent=85469"}],"wp:term":[{"taxonomy":"category","embeddable":true,"href":"https:\/\/exaudi.org\/it\/wp-json\/wp\/v2\/categories?post=85469"},{"taxonomy":"post_tag","embeddable":true,"href":"https:\/\/exaudi.org\/it\/wp-json\/wp\/v2\/tags?post=85469"}],"curies":[{"name":"wp","href":"https:\/\/api.w.org\/{rel}","templated":true}]}}