{"id":85108,"date":"2023-10-05T18:36:00","date_gmt":"2023-10-05T16:36:00","guid":{"rendered":"https:\/\/exaudi.org\/?p=85108"},"modified":"2023-10-05T18:36:00","modified_gmt":"2023-10-05T16:36:00","slug":"il-papa-la-chiesa-i-leader-mondiali-la-societa-civile-e-le-sfide-globali","status":"publish","type":"post","link":"https:\/\/exaudi.org\/it\/il-papa-la-chiesa-i-leader-mondiali-la-societa-civile-e-le-sfide-globali\/","title":{"rendered":"Il Papa, la Chiesa, i leader mondiali, la societ\u00e0 civile e le sfide globali"},"content":{"rendered":"<p>Le udienze papali di oggi sono state un evento importante per la Chiesa cattolica. I partecipanti alle udienze rappresentavano un&#8217;ampia gamma di settori della societ\u00e0, dalla Chiesa cattolica alle organizzazioni internazionali e hai leader religiosi. Le testimonianze dei partecipanti hanno ricordato l&#8217;importanza di lavorare insieme per affrontare le sfide globali del cambiamento climatico, della fame e dell&#8217;ingiustizia sociale.<\/p>\n<p>Il Santo Padre Francesco ha ricevuto questa mattina in Udienza:<\/p>\n<p>&#8211; Em.mo Card. Augusto Paolo Lojudice, Arcivescovo di Siena-Colle di Val d\u2019Elsa-Montalcino; Vescovo di Montepulciano-Chiusi-Pienza (Italia)<\/p>\n<p>Il cardinale Lojudice \u00e8 un pastore impegnato nella cura dei poveri e degli emarginati. Nell&#8217;udienza con Papa Francesco, il cardinale ha ringraziato il Santo Padre per il suo sostegno alla Chiesa in Italia, in particolare nel suo lavoro con i migranti e i rifugiati. Ha inoltre espresso la sua preoccupazione per la crisi climatica e la necessit\u00e0 di lavorare insieme per costruire un futuro pi\u00f9 sostenibile.<\/p>\n<p>&#8211; La Signora Cindy H. McCain, Direttore Esecutivo del Programma Alimentare Mondiale (PAM)<\/p>\n<p>La signora McCain \u00e8 una leader impegnata nella lotta contro la fame nel mondo. Nell&#8217;udienza con Papa Francesco, la signora McCain ha ringraziato il Santo Padre per il suo sostegno al PAM. Ha inoltre espresso la sua preoccupazione per l&#8217;aumento della fame nel mondo e la necessit\u00e0 di aumentare gli aiuti alimentari.<\/p>\n<p>&#8211; S.E. Mons. Fernando Natalio Chomali Garib, Arcivescovo di Concepci\u00f3n (Cile)<\/p>\n<p>L&#8217;arcivescovo Chomali \u00e8 un pastore impegnato a promuovere la giustizia sociale in Cile. Nell&#8217;udienza con Papa Francesco, l&#8217;arcivescovo Chomali ha ringraziato il Santo Padre per il suo sostegno alla Chiesa in Cile, specialmente nel suo lavoro con i poveri e gli emarginati. Ha inoltre espresso la sua preoccupazione per la situazione politica e sociale del Cile e la necessit\u00e0 di lavorare insieme per costruire un futuro pi\u00f9 giusto e solidale.<\/p>\n<p>&#8211; S.E. Mons. Antoine H\u00e9rouard, Arcivescovo di Dijon (Francia)<\/p>\n<p>Mons. H\u00e9rouard \u00e8 un pastore impegnato nell&#8217;evangelizzazione in Francia. Nell&#8217;udienza con Papa Francesco, Mons. H\u00e9rouard ha ringraziato il Santo Padre per il suo sostegno alla Chiesa in Francia, soprattutto nel suo lavoro con i giovani e le famiglie. Ha inoltre espresso la sua preoccupazione per la secolarizzazione in Francia e la necessit\u00e0 di lavorare insieme per evangelizzare il mondo.<\/p>\n<p>&nbsp;<\/p>\n","protected":false},"excerpt":{"rendered":"<p>Udienze papali di oggi<\/p>\n","protected":false},"author":17,"featured_media":84909,"comment_status":"closed","ping_status":"closed","sticky":false,"template":"","format":"standard","meta":{"_acf_changed":false,"_crdt_document":"","inline_featured_image":false,"footnotes":""},"categories":[67],"tags":[9271,1628,2044,10279,1843],"class_list":["post-85108","post","type-post","status-publish","format-standard","has-post-thumbnail","hentry","category-leone-xiv","tag-cile","tag-francia-it","tag-italia-it","tag-pam","tag-udienza"],"acf":[],"yoast_head":"<!-- This site is optimized with the Yoast SEO plugin v27.5 - https:\/\/yoast.com\/product\/yoast-seo-wordpress\/ -->\n<title>Il Papa, la Chiesa, i leader mondiali, la societ\u00e0 civile e le sfide globali &#8211; Exaudi<\/title>\n<meta name=\"robots\" content=\"index, follow, max-snippet:-1, max-image-preview:large, max-video-preview:-1\" \/>\n<link rel=\"canonical\" href=\"https:\/\/exaudi.org\/it\/il-papa-la-chiesa-i-leader-mondiali-la-societa-civile-e-le-sfide-globali\/\" \/>\n<meta property=\"og:locale\" content=\"it_IT\" \/>\n<meta property=\"og:type\" content=\"article\" \/>\n<meta property=\"og:title\" content=\"Il Papa, la Chiesa, i leader mondiali, la societ\u00e0 civile e le sfide globali &#8211; Exaudi\" \/>\n<meta property=\"og:description\" content=\"Udienze papali di oggi\" \/>\n<meta property=\"og:url\" content=\"https:\/\/exaudi.org\/it\/il-papa-la-chiesa-i-leader-mondiali-la-societa-civile-e-le-sfide-globali\/\" \/>\n<meta property=\"og:site_name\" content=\"Exaudi\" \/>\n<meta property=\"article:publisher\" content=\"https:\/\/www.facebook.com\/ExaudiNews\" \/>\n<meta property=\"article:author\" content=\"https:\/\/www.facebook.com\/ExaudiNotizie\/\" \/>\n<meta property=\"article:published_time\" content=\"2023-10-05T16:36:00+00:00\" \/>\n<meta property=\"og:image\" content=\"https:\/\/exaudi.org\/wp-content\/uploads\/2023\/10\/cq5dam.thumbnail.cropped.1500.844.jpeg\" \/>\n\t<meta property=\"og:image:width\" content=\"1500\" \/>\n\t<meta property=\"og:image:height\" content=\"844\" \/>\n\t<meta property=\"og:image:type\" content=\"image\/jpeg\" \/>\n<meta name=\"author\" content=\"Exaudi Redazione\" \/>\n<meta name=\"twitter:card\" content=\"summary_large_image\" \/>\n<meta name=\"twitter:creator\" content=\"@Exaudi_Notizie\" \/>\n<meta name=\"twitter:site\" content=\"@Exaudi_News\" \/>\n<meta name=\"twitter:label1\" content=\"Scritto da\" \/>\n\t<meta name=\"twitter:data1\" content=\"Exaudi Redazione\" \/>\n\t<meta name=\"twitter:label2\" content=\"Tempo di lettura stimato\" \/>\n\t<meta name=\"twitter:data2\" content=\"2 minuti\" \/>\n<script type=\"application\/ld+json\" class=\"yoast-schema-graph\">{\"@context\":\"https:\\\/\\\/schema.org\",\"@graph\":[{\"@type\":\"Article\",\"@id\":\"https:\\\/\\\/exaudi.org\\\/it\\\/il-papa-la-chiesa-i-leader-mondiali-la-societa-civile-e-le-sfide-globali\\\/#article\",\"isPartOf\":{\"@id\":\"https:\\\/\\\/exaudi.org\\\/it\\\/il-papa-la-chiesa-i-leader-mondiali-la-societa-civile-e-le-sfide-globali\\\/\"},\"author\":{\"name\":\"Exaudi Redazione\",\"@id\":\"https:\\\/\\\/exaudi.org\\\/#\\\/schema\\\/person\\\/e1ab6ed07c01774724dd96f925f3a5f0\"},\"headline\":\"Il Papa, la Chiesa, i leader mondiali, la societ\u00e0 civile e le sfide globali\",\"datePublished\":\"2023-10-05T16:36:00+00:00\",\"mainEntityOfPage\":{\"@id\":\"https:\\\/\\\/exaudi.org\\\/it\\\/il-papa-la-chiesa-i-leader-mondiali-la-societa-civile-e-le-sfide-globali\\\/\"},\"wordCount\":394,\"image\":{\"@id\":\"https:\\\/\\\/exaudi.org\\\/it\\\/il-papa-la-chiesa-i-leader-mondiali-la-societa-civile-e-le-sfide-globali\\\/#primaryimage\"},\"thumbnailUrl\":\"https:\\\/\\\/exaudi.org\\\/wp-content\\\/uploads\\\/2023\\\/10\\\/cq5dam.thumbnail.cropped.1500.844.jpeg\",\"keywords\":[\"cile\",\"Francia\",\"Italia\",\"PAM\",\"udienza\"],\"articleSection\":[\"Leone XIV\"],\"inLanguage\":\"it-IT\"},{\"@type\":\"WebPage\",\"@id\":\"https:\\\/\\\/exaudi.org\\\/it\\\/il-papa-la-chiesa-i-leader-mondiali-la-societa-civile-e-le-sfide-globali\\\/\",\"url\":\"https:\\\/\\\/exaudi.org\\\/it\\\/il-papa-la-chiesa-i-leader-mondiali-la-societa-civile-e-le-sfide-globali\\\/\",\"name\":\"Il Papa, la Chiesa, i leader mondiali, la societ\u00e0 civile e le sfide globali &#8211; Exaudi\",\"isPartOf\":{\"@id\":\"https:\\\/\\\/exaudi.org\\\/#website\"},\"primaryImageOfPage\":{\"@id\":\"https:\\\/\\\/exaudi.org\\\/it\\\/il-papa-la-chiesa-i-leader-mondiali-la-societa-civile-e-le-sfide-globali\\\/#primaryimage\"},\"image\":{\"@id\":\"https:\\\/\\\/exaudi.org\\\/it\\\/il-papa-la-chiesa-i-leader-mondiali-la-societa-civile-e-le-sfide-globali\\\/#primaryimage\"},\"thumbnailUrl\":\"https:\\\/\\\/exaudi.org\\\/wp-content\\\/uploads\\\/2023\\\/10\\\/cq5dam.thumbnail.cropped.1500.844.jpeg\",\"datePublished\":\"2023-10-05T16:36:00+00:00\",\"author\":{\"@id\":\"https:\\\/\\\/exaudi.org\\\/#\\\/schema\\\/person\\\/e1ab6ed07c01774724dd96f925f3a5f0\"},\"breadcrumb\":{\"@id\":\"https:\\\/\\\/exaudi.org\\\/it\\\/il-papa-la-chiesa-i-leader-mondiali-la-societa-civile-e-le-sfide-globali\\\/#breadcrumb\"},\"inLanguage\":\"it-IT\",\"potentialAction\":[{\"@type\":\"ReadAction\",\"target\":[\"https:\\\/\\\/exaudi.org\\\/it\\\/il-papa-la-chiesa-i-leader-mondiali-la-societa-civile-e-le-sfide-globali\\\/\"]}]},{\"@type\":\"ImageObject\",\"inLanguage\":\"it-IT\",\"@id\":\"https:\\\/\\\/exaudi.org\\\/it\\\/il-papa-la-chiesa-i-leader-mondiali-la-societa-civile-e-le-sfide-globali\\\/#primaryimage\",\"url\":\"https:\\\/\\\/exaudi.org\\\/wp-content\\\/uploads\\\/2023\\\/10\\\/cq5dam.thumbnail.cropped.1500.844.jpeg\",\"contentUrl\":\"https:\\\/\\\/exaudi.org\\\/wp-content\\\/uploads\\\/2023\\\/10\\\/cq5dam.thumbnail.cropped.1500.844.jpeg\",\"width\":1500,\"height\":844,\"caption\":\"Foto d'archivio\"},{\"@type\":\"BreadcrumbList\",\"@id\":\"https:\\\/\\\/exaudi.org\\\/it\\\/il-papa-la-chiesa-i-leader-mondiali-la-societa-civile-e-le-sfide-globali\\\/#breadcrumb\",\"itemListElement\":[{\"@type\":\"ListItem\",\"position\":1,\"name\":\"Portada\",\"item\":\"https:\\\/\\\/exaudi.org\\\/it\\\/\"},{\"@type\":\"ListItem\",\"position\":2,\"name\":\"Il Papa, la Chiesa, i leader mondiali, la societ\u00e0 civile e le sfide globali\"}]},{\"@type\":\"WebSite\",\"@id\":\"https:\\\/\\\/exaudi.org\\\/#website\",\"url\":\"https:\\\/\\\/exaudi.org\\\/\",\"name\":\"Exaudi\",\"description\":\"News\",\"potentialAction\":[{\"@type\":\"SearchAction\",\"target\":{\"@type\":\"EntryPoint\",\"urlTemplate\":\"https:\\\/\\\/exaudi.org\\\/?s={search_term_string}\"},\"query-input\":{\"@type\":\"PropertyValueSpecification\",\"valueRequired\":true,\"valueName\":\"search_term_string\"}}],\"inLanguage\":\"it-IT\"},{\"@type\":\"Person\",\"@id\":\"https:\\\/\\\/exaudi.org\\\/#\\\/schema\\\/person\\\/e1ab6ed07c01774724dd96f925f3a5f0\",\"name\":\"Exaudi Redazione\",\"image\":{\"@type\":\"ImageObject\",\"inLanguage\":\"it-IT\",\"@id\":\"https:\\\/\\\/secure.gravatar.com\\\/avatar\\\/ad6774b3ada023bf5b939d64f45c94b3adf91502dd883507d469b4308a943bb3?s=96&d=mm&r=g\",\"url\":\"https:\\\/\\\/secure.gravatar.com\\\/avatar\\\/ad6774b3ada023bf5b939d64f45c94b3adf91502dd883507d469b4308a943bb3?s=96&d=mm&r=g\",\"contentUrl\":\"https:\\\/\\\/secure.gravatar.com\\\/avatar\\\/ad6774b3ada023bf5b939d64f45c94b3adf91502dd883507d469b4308a943bb3?s=96&d=mm&r=g\",\"caption\":\"Exaudi Redazione\"},\"description\":\"Che cosa \u00e8 Exaudi News? Exaudi News \u00e8 un agenzia cattolica internazionale che informa, istruisce e trasforma quotidianamente in spagnolo, inglese e italiano. Attraverso notizie, articoli di analisi e trasmissioni in diretta degli eventi del Papa, Exaudi cerca di rafforzare l'unit\u00e0 dei cristiani e di contribuire all'evangelizzazione del mondo, sempre guidato dalla dottrina sociale della Chiesa. Lavoriamo per portare la verit\u00e0 e i valori cristiani in ogni angolo del pianeta. Aiutaci a trasformare il mondo con Exaudi! Noi di Exaudi crediamo che l'evangelizzazione e l'informazione di qualit\u00e0 possano cambiare la vita. Per continuare la nostra missione ed espandere la nostra portata, abbiamo bisogno del tuo aiuto. Stiamo anche cercando persone motivate che vogliano unirsi al nostro team. Grazie al vostro sostegno raggiungeremo pi\u00f9 persone, diffonderemo il messaggio di Cristo e rafforzeremo l'unit\u00e0 dei cristiani. Vuoi unirti alla nostra missione? Per maggiori informazioni su come contribuire, visita Exaudi.org\\\/it o contattaci direttamente: info@exaudi.org Exaudi: informa, forma e trasforma.\",\"sameAs\":[\"https:\\\/\\\/www.facebook.com\\\/ExaudiNotizie\\\/\",\"https:\\\/\\\/www.instagram.com\\\/Exaudi_notizie\\\/\",\"https:\\\/\\\/x.com\\\/Exaudi_Notizie\",\"https:\\\/\\\/www.youtube.com\\\/@exaudicatholicnews\"],\"url\":\"https:\\\/\\\/exaudi.org\\\/it\\\/author\\\/dlvedi-org\\\/\"}]}<\/script>\n<!-- \/ Yoast SEO plugin. -->","yoast_head_json":{"title":"Il Papa, la Chiesa, i leader mondiali, la societ\u00e0 civile e le sfide globali &#8211; Exaudi","robots":{"index":"index","follow":"follow","max-snippet":"max-snippet:-1","max-image-preview":"max-image-preview:large","max-video-preview":"max-video-preview:-1"},"canonical":"https:\/\/exaudi.org\/it\/il-papa-la-chiesa-i-leader-mondiali-la-societa-civile-e-le-sfide-globali\/","og_locale":"it_IT","og_type":"article","og_title":"Il Papa, la Chiesa, i leader mondiali, la societ\u00e0 civile e le sfide globali &#8211; Exaudi","og_description":"Udienze papali di oggi","og_url":"https:\/\/exaudi.org\/it\/il-papa-la-chiesa-i-leader-mondiali-la-societa-civile-e-le-sfide-globali\/","og_site_name":"Exaudi","article_publisher":"https:\/\/www.facebook.com\/ExaudiNews","article_author":"https:\/\/www.facebook.com\/ExaudiNotizie\/","article_published_time":"2023-10-05T16:36:00+00:00","og_image":[{"width":1500,"height":844,"url":"https:\/\/exaudi.org\/wp-content\/uploads\/2023\/10\/cq5dam.thumbnail.cropped.1500.844.jpeg","type":"image\/jpeg"}],"author":"Exaudi Redazione","twitter_card":"summary_large_image","twitter_creator":"@Exaudi_Notizie","twitter_site":"@Exaudi_News","twitter_misc":{"Scritto da":"Exaudi Redazione","Tempo di lettura stimato":"2 minuti"},"schema":{"@context":"https:\/\/schema.org","@graph":[{"@type":"Article","@id":"https:\/\/exaudi.org\/it\/il-papa-la-chiesa-i-leader-mondiali-la-societa-civile-e-le-sfide-globali\/#article","isPartOf":{"@id":"https:\/\/exaudi.org\/it\/il-papa-la-chiesa-i-leader-mondiali-la-societa-civile-e-le-sfide-globali\/"},"author":{"name":"Exaudi Redazione","@id":"https:\/\/exaudi.org\/#\/schema\/person\/e1ab6ed07c01774724dd96f925f3a5f0"},"headline":"Il Papa, la Chiesa, i leader mondiali, la societ\u00e0 civile e le sfide globali","datePublished":"2023-10-05T16:36:00+00:00","mainEntityOfPage":{"@id":"https:\/\/exaudi.org\/it\/il-papa-la-chiesa-i-leader-mondiali-la-societa-civile-e-le-sfide-globali\/"},"wordCount":394,"image":{"@id":"https:\/\/exaudi.org\/it\/il-papa-la-chiesa-i-leader-mondiali-la-societa-civile-e-le-sfide-globali\/#primaryimage"},"thumbnailUrl":"https:\/\/exaudi.org\/wp-content\/uploads\/2023\/10\/cq5dam.thumbnail.cropped.1500.844.jpeg","keywords":["cile","Francia","Italia","PAM","udienza"],"articleSection":["Leone XIV"],"inLanguage":"it-IT"},{"@type":"WebPage","@id":"https:\/\/exaudi.org\/it\/il-papa-la-chiesa-i-leader-mondiali-la-societa-civile-e-le-sfide-globali\/","url":"https:\/\/exaudi.org\/it\/il-papa-la-chiesa-i-leader-mondiali-la-societa-civile-e-le-sfide-globali\/","name":"Il Papa, la Chiesa, i leader mondiali, la societ\u00e0 civile e le sfide globali &#8211; Exaudi","isPartOf":{"@id":"https:\/\/exaudi.org\/#website"},"primaryImageOfPage":{"@id":"https:\/\/exaudi.org\/it\/il-papa-la-chiesa-i-leader-mondiali-la-societa-civile-e-le-sfide-globali\/#primaryimage"},"image":{"@id":"https:\/\/exaudi.org\/it\/il-papa-la-chiesa-i-leader-mondiali-la-societa-civile-e-le-sfide-globali\/#primaryimage"},"thumbnailUrl":"https:\/\/exaudi.org\/wp-content\/uploads\/2023\/10\/cq5dam.thumbnail.cropped.1500.844.jpeg","datePublished":"2023-10-05T16:36:00+00:00","author":{"@id":"https:\/\/exaudi.org\/#\/schema\/person\/e1ab6ed07c01774724dd96f925f3a5f0"},"breadcrumb":{"@id":"https:\/\/exaudi.org\/it\/il-papa-la-chiesa-i-leader-mondiali-la-societa-civile-e-le-sfide-globali\/#breadcrumb"},"inLanguage":"it-IT","potentialAction":[{"@type":"ReadAction","target":["https:\/\/exaudi.org\/it\/il-papa-la-chiesa-i-leader-mondiali-la-societa-civile-e-le-sfide-globali\/"]}]},{"@type":"ImageObject","inLanguage":"it-IT","@id":"https:\/\/exaudi.org\/it\/il-papa-la-chiesa-i-leader-mondiali-la-societa-civile-e-le-sfide-globali\/#primaryimage","url":"https:\/\/exaudi.org\/wp-content\/uploads\/2023\/10\/cq5dam.thumbnail.cropped.1500.844.jpeg","contentUrl":"https:\/\/exaudi.org\/wp-content\/uploads\/2023\/10\/cq5dam.thumbnail.cropped.1500.844.jpeg","width":1500,"height":844,"caption":"Foto d'archivio"},{"@type":"BreadcrumbList","@id":"https:\/\/exaudi.org\/it\/il-papa-la-chiesa-i-leader-mondiali-la-societa-civile-e-le-sfide-globali\/#breadcrumb","itemListElement":[{"@type":"ListItem","position":1,"name":"Portada","item":"https:\/\/exaudi.org\/it\/"},{"@type":"ListItem","position":2,"name":"Il Papa, la Chiesa, i leader mondiali, la societ\u00e0 civile e le sfide globali"}]},{"@type":"WebSite","@id":"https:\/\/exaudi.org\/#website","url":"https:\/\/exaudi.org\/","name":"Exaudi","description":"News","potentialAction":[{"@type":"SearchAction","target":{"@type":"EntryPoint","urlTemplate":"https:\/\/exaudi.org\/?s={search_term_string}"},"query-input":{"@type":"PropertyValueSpecification","valueRequired":true,"valueName":"search_term_string"}}],"inLanguage":"it-IT"},{"@type":"Person","@id":"https:\/\/exaudi.org\/#\/schema\/person\/e1ab6ed07c01774724dd96f925f3a5f0","name":"Exaudi Redazione","image":{"@type":"ImageObject","inLanguage":"it-IT","@id":"https:\/\/secure.gravatar.com\/avatar\/ad6774b3ada023bf5b939d64f45c94b3adf91502dd883507d469b4308a943bb3?s=96&d=mm&r=g","url":"https:\/\/secure.gravatar.com\/avatar\/ad6774b3ada023bf5b939d64f45c94b3adf91502dd883507d469b4308a943bb3?s=96&d=mm&r=g","contentUrl":"https:\/\/secure.gravatar.com\/avatar\/ad6774b3ada023bf5b939d64f45c94b3adf91502dd883507d469b4308a943bb3?s=96&d=mm&r=g","caption":"Exaudi Redazione"},"description":"Che cosa \u00e8 Exaudi News? Exaudi News \u00e8 un agenzia cattolica internazionale che informa, istruisce e trasforma quotidianamente in spagnolo, inglese e italiano. Attraverso notizie, articoli di analisi e trasmissioni in diretta degli eventi del Papa, Exaudi cerca di rafforzare l'unit\u00e0 dei cristiani e di contribuire all'evangelizzazione del mondo, sempre guidato dalla dottrina sociale della Chiesa. Lavoriamo per portare la verit\u00e0 e i valori cristiani in ogni angolo del pianeta. Aiutaci a trasformare il mondo con Exaudi! Noi di Exaudi crediamo che l'evangelizzazione e l'informazione di qualit\u00e0 possano cambiare la vita. Per continuare la nostra missione ed espandere la nostra portata, abbiamo bisogno del tuo aiuto. Stiamo anche cercando persone motivate che vogliano unirsi al nostro team. Grazie al vostro sostegno raggiungeremo pi\u00f9 persone, diffonderemo il messaggio di Cristo e rafforzeremo l'unit\u00e0 dei cristiani. Vuoi unirti alla nostra missione? Per maggiori informazioni su come contribuire, visita Exaudi.org\/it o contattaci direttamente: info@exaudi.org Exaudi: informa, forma e trasforma.","sameAs":["https:\/\/www.facebook.com\/ExaudiNotizie\/","https:\/\/www.instagram.com\/Exaudi_notizie\/","https:\/\/x.com\/Exaudi_Notizie","https:\/\/www.youtube.com\/@exaudicatholicnews"],"url":"https:\/\/exaudi.org\/it\/author\/dlvedi-org\/"}]}},"jetpack_featured_media_url":"https:\/\/exaudi.org\/wp-content\/uploads\/2023\/10\/cq5dam.thumbnail.cropped.1500.844.jpeg","jetpack_shortlink":"https:\/\/wp.me\/pgKjF2-m8I","_links":{"self":[{"href":"https:\/\/exaudi.org\/it\/wp-json\/wp\/v2\/posts\/85108","targetHints":{"allow":["GET"]}}],"collection":[{"href":"https:\/\/exaudi.org\/it\/wp-json\/wp\/v2\/posts"}],"about":[{"href":"https:\/\/exaudi.org\/it\/wp-json\/wp\/v2\/types\/post"}],"author":[{"embeddable":true,"href":"https:\/\/exaudi.org\/it\/wp-json\/wp\/v2\/users\/17"}],"replies":[{"embeddable":true,"href":"https:\/\/exaudi.org\/it\/wp-json\/wp\/v2\/comments?post=85108"}],"version-history":[{"count":0,"href":"https:\/\/exaudi.org\/it\/wp-json\/wp\/v2\/posts\/85108\/revisions"}],"wp:featuredmedia":[{"embeddable":true,"href":"https:\/\/exaudi.org\/it\/wp-json\/wp\/v2\/media\/84909"}],"wp:attachment":[{"href":"https:\/\/exaudi.org\/it\/wp-json\/wp\/v2\/media?parent=85108"}],"wp:term":[{"taxonomy":"category","embeddable":true,"href":"https:\/\/exaudi.org\/it\/wp-json\/wp\/v2\/categories?post=85108"},{"taxonomy":"post_tag","embeddable":true,"href":"https:\/\/exaudi.org\/it\/wp-json\/wp\/v2\/tags?post=85108"}],"curies":[{"name":"wp","href":"https:\/\/api.w.org\/{rel}","templated":true}]}}