{"id":85083,"date":"2023-10-05T17:14:04","date_gmt":"2023-10-05T15:14:04","guid":{"rendered":"https:\/\/exaudi.org\/?p=85083"},"modified":"2023-10-05T17:14:04","modified_gmt":"2023-10-05T15:14:04","slug":"conferenza-alla-laudato-si-diffusione-dellesortazione-apostolica-del-papa","status":"publish","type":"post","link":"https:\/\/exaudi.org\/it\/conferenza-alla-laudato-si-diffusione-dellesortazione-apostolica-del-papa\/","title":{"rendered":"Conferenza alla Laudato si&#8217;: diffusione dell&#8217;esortazione apostolica del Papa"},"content":{"rendered":"<p>Alle ore 10.00 di questa mattina, presso Largo della Radio, antistante la Palazzina Leone XIII in Vaticano, ha avuto luogo una Conferenza riservata ai giornalisti accreditati, dal titolo \u201c<i>Laudate Deum<\/i>: voci e testimonianze sulla crisi climatica\u201d.<\/p>\n<p>Sono intervenuti: Giorgio Leonardo Renato Parisi, Premio Nobel per la Fisica 2021; Vandana Shiva, scienziata, attivista e ambientalista (in collegamento da remoto); Carlo Petrini, gastronomo, sociologo e attivista (in collegamento da remoto); Jonathan Safran Foer, scrittore; Luisa-Marie Neubauer, leader di \u201cFridays for Future\u201d in Germania; Benoit Halgand, co-fondatore delle organizzazioni giovanili francesi \u201cPer un Risveglio Ecologico\u201d e \u201cLutte et Contemplation\u201d; Jubran Ali Mohammed Ali, giovane dalla Libia; Ridhima Pandey, protagonista del film \u201cLa Lettera: un Messaggio per la Nostra Terra\u201d sulla\u00a0<i>Laudato si\u2019<\/i>\u00a0(in collegamento da remoto); Alessandra Sarmentino, animatrice del Progetto Policoro dell\u2019Arcidiocesi di Palermo, animatrice del\u00a0<i>Movimento Laudato si\u2019<\/i>\u00a0e associata di Azione Cattolica; Yann Arthus-Bertrand, fotografo, regista e ambasciatore ONU per il clima (contributo video).<\/p>\n<p>Alcuni interventi sono pubblicati di seguito:<\/p>\n<p><b><u>Intervento di Jubran Ali Mohammed Ali<\/u><\/b><\/p>\n<p><em>La testimonianza di Ali ci ricorda che queste crisi colpiscono le persone pi\u00f9 vulnerabili del mondo e che tutti noi abbiamo la responsabilit\u00e0 di agire per costruire un futuro migliore.<\/em><\/p>\n<p>Mi chiamo Al\u00ec, ho 28 anni e sono nato in Libia, a Tripoli; sono arrivato in Italia nel 2020.<\/p>\n<p>Nel mio Paese ho studiato economia poi quando \u00e8 iniziata la guerra nel 2011 ho smesso di studiare e ho iniziato a lavorare come muratore.<\/p>\n<p>In Italia ho continuato a studiare, sto frequentando un corso di mediatore interculturale.<\/p>\n<p>In Libia ci sono state tante guerre cos\u00ec ho pensato che dovevo scappare per trovare la pace e un futuro.<\/p>\n<p>In Libia tante persone hanno le armi e questo \u00e8 un pericolo per la pace.<\/p>\n<p>In Libia quest\u2019anno \u00e8 arrivato il ciclone Daniel. Non abbiamo mai visto una pioggia cos\u00ec forte, si \u00e8 allagata tutta la citt\u00e0 di Derna.<\/p>\n<p>Sono morte pi\u00f9 di 11 mila persone, e pi\u00f9 di 30 mila hanno perso la casa.<\/p>\n<p>In poco tempo l\u2019acqua ha distrutto la vita di tanta gente e nessuno ha avuto il tempo di scappare.<\/p>\n<p>Questo \u00e8 successo non solo a causa del clima che \u00e8 cambiato, ma anche perch\u00e9 le case sono state costruite sotto la diga e non c\u2019\u00e8 stato mai n\u00e9 controllo, n\u00e9 manutenzione.<\/p>\n<p>Vorrei raccontare una cosa bella in mezzo a tanto dolore, c\u2019\u00e8 una casa a Derna che non \u00e8 stata distrutta dal ciclone, tutte le case vicino sono state spazzate via ma questa ha resistito.<\/p>\n<p>In questa casa ci abitano 12 bambini che durante la guerra hanno perso i loro genitori ma dopo l\u00ec hanno trovato una nuova casa e una nuova famiglia. Quella casa \u00e8 rimasta in piedi. \u00c8 un miracolo!<\/p>\n<p>Io spero che il mio Paese cambier\u00e0 perch\u00e9 so che tante persone dell\u2019ovest, anche dei miei parenti, sono andati ad aiutare le persone dell\u2019est e cos\u00ec il Paese si \u00e8 unito, ha lasciato indietro le divisioni e il dolore del passato.<\/p>\n<p>Spero anche che tutti gli uomini imparino a rispettare la natura e a difendere la nostra\u00a0<i>casa comune<\/i>, la terra. voglio ringraziare tanto Papa Francesco che ha sempre parole di affetto per noi migranti e rifugiati<\/p>\n<p>Grazie<\/p>\n<p><a name=\"sarm\"><\/a><b><u>Intervento di Alessandra Sarmentino<\/u><\/b><\/p>\n<p><em>Il vostro intervento \u00e8 un appello importante e tempestivo all&#8217;azione. Gli incendi boschivi sono una minaccia crescente per l&#8217;ambiente e la societ\u00e0. Dobbiamo lavorare tutti insieme per prevenirli e proteggere il nostro pianeta.<\/em><\/p>\n<p>Buongiorno a tutti,<\/p>\n<p>grazie per il generoso invito che mi avete rivolto. \u00c8 motivo per me di orgoglio ma anche di grande responsabilit\u00e0.<\/p>\n<p>Vorrei iniziare questo mio intervento provando a costruire con Voi delle immagini. Pensate alla maestosit\u00e0 della Cattedrale di Palermo, del duomo di Monreale o di Cefal\u00f9; visualizzate la Valle dei Templi e la potenza dell\u2019Etna; pensatevi al parco delle Madonie o a Siracusa col suo teatro greco.<\/p>\n<p>Adesso rappresentatevi tutte queste meraviglie architettoniche e paesaggistiche invase dalle fiamme; provate a sentire il grido della terra.<\/p>\n<p>Luglio 2023: tutta la Sicilia brucia. Autostrade non percorribili, aeroporti chiusi, interi paesi isolati. Succede che una coppia di anziani viene trovata, ad incendi domati, carbonizzata in casa; accade che viene distrutta la Chiesa di Santa Maria di Ges\u00f9 in Palermo. Il fuoco ha investito non solo l\u2019edificio di culto ma anche l\u2019attiguo cimitero monumentale e il convento di San Benedetto il Moro<b>.<\/b><\/p>\n<p>Nessuna via di fuga. Un\u2019intera regione intrappolata dentro se stessa in ragione del fuoco appiccato contemporaneamente e su pi\u00f9 punti per mano di scellerati piromani.<\/p>\n<p>Il problema \u00e8 che questo modus operandi umano ha evidenti ripercussioni sul clima e sull\u2019ambiente. Gli incendi distruggono, come conseguenza diretta, qualsiasi forma di vita di flora e fauna; provocano il surriscaldamento del suolo dando vita a reazioni chimiche e biologiche tali da riflettersi sulla sua fertilit\u00e0. Avanza la desertificazione, la terra non \u00e8 pi\u00f9 in grado di ospitare la vita.<\/p>\n<p>A seguire, quali conseguenze indirette frane ed inondazioni.<\/p>\n<p>Settembre 2023: la Sicilia continua a bruciare. Anche questa volta autostrade chiuse, aeroporti inavvicinabili. In buona sostanza, la stessa storia che si ripete.<\/p>\n<p>Muore una donna in procinto di salvare il suo cavallo; viene a mancare un uomo a causa di un malore improvviso mentre fuggiva dalla sua casa divorata dalle fiamme.<\/p>\n<p>Mi domando e vi domando: chi ripagher\u00e0 mai i cuori dei familiari delle vittime per questa umanit\u00e0 tormentata?<\/p>\n<p>A tal proposito mi piace riportare le parole dell\u2019Arcivescovo Monsignor Corrado Lorefice dell\u2019Arcidiocesi di Palermo: \u201c(&#8230;)\u00a0<i>quello che \u00e8 accaduto \u00e8 l\u2019esito ultimo di decenni di decisioni, scelte, gesti e omissioni. La responsabilit\u00e0 di questo disastro ricade certo su chi ha avuto in mano la cosa pubblica; sulle nostre crepe educative, come anche sul modo di annunciare il Vangelo nelle nostre comunit\u00e0 cristiane. Ricade su di noi, su di noi in quanto popolo<\/i>\u201d.<\/p>\n<p>Vorrei vi arrivasse il dolore che provo nel raccontarvi questi avvenimenti. \u00c8 lo stesso di un mese fa, quando ci prodigavamo per festeggiare il Tempo del Creato; nel frattempo io vacillavo.<\/p>\n<p>Mi sono chiesta se ne valesse la pena. Tanto posso preannunciarvi, quasi con assoluta certezza, che al prossimo vento di scirocco ed ai prossimi 40 gradi la Sicilia brucer\u00e0 ancora.<\/p>\n<p>Ed il danno sar\u00e0 ineguagliabile. Anche questa volta.<\/p>\n<p>In termini di vite perdute, di ettari di boschi bruciati, di vegetazione andata persa. Di ritorno economico, anche quello.<\/p>\n<p>E di cattiva immagine.<\/p>\n<p>Sapete qual \u00e8 il problema pi\u00f9 grande di questa triste storia? L\u2019abitudine.<\/p>\n<p>Ci siamo abituati a questo scenario di morte che ci fa per\u00f2 paura solo quando \u00e8 a ridosso delle nostre case.<\/p>\n<p>Ed allora, proprio quando ho avvertito che mi stavo abituando, mi sono imposta di dover parlare, ovunque e con chiunque, della necessit\u00e0 di salvare la nostra casa.<\/p>\n<p>Dovremmo farlo in famiglia, a scuola, nei centri ricreativi, negli oratori. Dovremmo imparare a piantare fiori l\u00ec dove hanno provato a calpestarli.<\/p>\n<p>Cittadinanza attiva (un tema a me molto caro grazie agli anni in Azione Cattolica, al mandato come animatrice del Progetto Policoro ed alla mia presenza nel Movimento Laudato S\u00ec) significa esserci qui ed ora, nel presente per costruire un futuro migliore.<\/p>\n<p>Ognuno con le proprie capacit\u00e0 e competenze.<\/p>\n<p>A quel grido di aiuto della nostra terra, alla possibile desertificazione della Sicilia, quindi, occorre rispondere con la vita che ri-nasce e con la natura che si ri-crea, anche nei momenti pi\u00f9 tristi.<\/p>\n<p>\u00c8 bellissimo il messaggio che Papa Francesco lancia nella Laudato S\u00ec: \u201c<i>l\u2019umanit\u00e0 ha ancora la capacit\u00e0 di collaborare per costruire la nostra casa comune<\/i>\u201d.<\/p>\n<p>Collaborare, lavorare con&#8230;con l\u2019altro, per l\u2019altro.<\/p>\n<p>Questo \u00e8, a mio avviso, il significato pi\u00f9 profondo dell\u2019esperienza di oggi. Questa nostra casa ha bisogno dell\u2019aiuto di tutti, del contadino, dell\u2019insegnante, della casalinga, dell\u2019imprenditore.<\/p>\n<p>Tutti siamo chiamati a prenderci cura.<\/p>\n<p>Si chiama amore, che altro non \u00e8 che rimanere insieme anche e soprattutto nelle avversit\u00e0. \u00c8 dire \u201cpuoi contare su di me anche quando vacilli\u201d o, come accade in questa storia, \u201canche quando bruci\u201d. Concludo con un interrogativo: stiamo davvero facendo tutto quello che \u00e8 nelle nostre possibilit\u00e0?<\/p>\n<p>Grazie per l\u2019attenzione.<\/p>\n<p>&#8212;&#8212;&#8212;&#8212;&#8212;&#8212;&#8212;&#8212;&#8212;&#8212;&#8212;&#8212;&#8212;-<\/p>\n<p><a href=\"https:\/\/press.vatican.va\/content\/salastampa\/it\/bollettino\/pubblico\/2023\/10\/05\/0698\/01523.html\">https:\/\/press.vatican.va\/content\/salastampa\/it\/bollettino\/pubblico\/2023\/10\/05\/0698\/01523.html<\/a><\/p>\n","protected":false},"excerpt":{"rendered":"<p>Intervento di Jubran Ali Mohammed Ali e di Alessandra Sarmentino<\/p>\n","protected":false},"author":17,"featured_media":85095,"comment_status":"closed","ping_status":"closed","sticky":false,"template":"","format":"standard","meta":{"_acf_changed":false,"_crdt_document":"","inline_featured_image":false,"footnotes":""},"categories":[131],"tags":[6600,2504,4082],"class_list":["post-85083","post","type-post","status-publish","format-standard","has-post-thumbnail","hentry","category-vaticano","tag-conferenza-stampa","tag-crisi-climatica","tag-giornalisti"],"acf":[],"yoast_head":"<!-- This site is optimized with the Yoast SEO plugin v27.4 - https:\/\/yoast.com\/product\/yoast-seo-wordpress\/ -->\n<title>Conferenza alla Laudato si&#039;: diffusione dell&#039;esortazione apostolica del Papa &#8211; Exaudi<\/title>\n<meta name=\"robots\" content=\"index, follow, max-snippet:-1, max-image-preview:large, max-video-preview:-1\" \/>\n<link rel=\"canonical\" href=\"https:\/\/exaudi.org\/it\/laudato-si-conference-spreading-the-popes-apostolic-exhortation\/\" \/>\n<meta property=\"og:locale\" content=\"it_IT\" \/>\n<meta property=\"og:type\" content=\"article\" \/>\n<meta property=\"og:title\" content=\"Conferenza alla Laudato si&#039;: diffusione dell&#039;esortazione apostolica del Papa &#8211; Exaudi\" \/>\n<meta property=\"og:description\" content=\"Intervento di Jubran Ali Mohammed Ali e di Alessandra Sarmentino\" \/>\n<meta property=\"og:url\" content=\"https:\/\/exaudi.org\/laudato-si-conference-spreading-the-popes-apostolic-exhortation\/\" \/>\n<meta property=\"og:site_name\" content=\"Exaudi\" \/>\n<meta property=\"article:publisher\" content=\"https:\/\/www.facebook.com\/ExaudiNews\" \/>\n<meta property=\"article:author\" content=\"https:\/\/www.facebook.com\/ExaudiNotizie\/\" \/>\n<meta property=\"article:published_time\" content=\"2023-10-05T15:14:04+00:00\" \/>\n<meta property=\"og:image\" content=\"https:\/\/exaudi.org\/wp-content\/uploads\/2023\/10\/1.jpg\" \/>\n\t<meta property=\"og:image:width\" content=\"644\" \/>\n\t<meta property=\"og:image:height\" content=\"362\" \/>\n\t<meta property=\"og:image:type\" content=\"image\/jpeg\" \/>\n<meta name=\"author\" content=\"Exaudi Redazione\" \/>\n<meta name=\"twitter:card\" content=\"summary_large_image\" \/>\n<meta name=\"twitter:creator\" content=\"@Exaudi_Notizie\" \/>\n<meta name=\"twitter:site\" content=\"@Exaudi_News\" \/>\n<meta name=\"twitter:label1\" content=\"Scritto da\" \/>\n\t<meta name=\"twitter:data1\" content=\"Exaudi Redazione\" \/>\n\t<meta name=\"twitter:label2\" content=\"Tempo di lettura stimato\" \/>\n\t<meta name=\"twitter:data2\" content=\"7 minuti\" \/>\n<script type=\"application\/ld+json\" class=\"yoast-schema-graph\">{\"@context\":\"https:\\\/\\\/schema.org\",\"@graph\":[{\"@type\":\"Article\",\"@id\":\"https:\\\/\\\/exaudi.org\\\/laudato-si-conference-spreading-the-popes-apostolic-exhortation\\\/#article\",\"isPartOf\":{\"@id\":\"https:\\\/\\\/exaudi.org\\\/laudato-si-conference-spreading-the-popes-apostolic-exhortation\\\/\"},\"author\":{\"name\":\"Exaudi Redazione\",\"@id\":\"https:\\\/\\\/exaudi.org\\\/#\\\/schema\\\/person\\\/e1ab6ed07c01774724dd96f925f3a5f0\"},\"headline\":\"Conferenza alla Laudato si&#8217;: diffusione dell&#8217;esortazione apostolica del Papa\",\"datePublished\":\"2023-10-05T15:14:04+00:00\",\"mainEntityOfPage\":{\"@id\":\"https:\\\/\\\/exaudi.org\\\/laudato-si-conference-spreading-the-popes-apostolic-exhortation\\\/\"},\"wordCount\":1331,\"image\":{\"@id\":\"https:\\\/\\\/exaudi.org\\\/laudato-si-conference-spreading-the-popes-apostolic-exhortation\\\/#primaryimage\"},\"thumbnailUrl\":\"https:\\\/\\\/exaudi.org\\\/wp-content\\\/uploads\\\/2023\\\/10\\\/1.jpg\",\"keywords\":[\"Conferenza Stampa\",\"crisi climatica\",\"giornalisti\"],\"articleSection\":[\"Vaticano\"],\"inLanguage\":\"it-IT\"},{\"@type\":\"WebPage\",\"@id\":\"https:\\\/\\\/exaudi.org\\\/laudato-si-conference-spreading-the-popes-apostolic-exhortation\\\/\",\"url\":\"https:\\\/\\\/exaudi.org\\\/laudato-si-conference-spreading-the-popes-apostolic-exhortation\\\/\",\"name\":\"Conferenza alla Laudato si': diffusione dell'esortazione apostolica del Papa &#8211; Exaudi\",\"isPartOf\":{\"@id\":\"https:\\\/\\\/exaudi.org\\\/#website\"},\"primaryImageOfPage\":{\"@id\":\"https:\\\/\\\/exaudi.org\\\/laudato-si-conference-spreading-the-popes-apostolic-exhortation\\\/#primaryimage\"},\"image\":{\"@id\":\"https:\\\/\\\/exaudi.org\\\/laudato-si-conference-spreading-the-popes-apostolic-exhortation\\\/#primaryimage\"},\"thumbnailUrl\":\"https:\\\/\\\/exaudi.org\\\/wp-content\\\/uploads\\\/2023\\\/10\\\/1.jpg\",\"datePublished\":\"2023-10-05T15:14:04+00:00\",\"author\":{\"@id\":\"https:\\\/\\\/exaudi.org\\\/#\\\/schema\\\/person\\\/e1ab6ed07c01774724dd96f925f3a5f0\"},\"breadcrumb\":{\"@id\":\"https:\\\/\\\/exaudi.org\\\/laudato-si-conference-spreading-the-popes-apostolic-exhortation\\\/#breadcrumb\"},\"inLanguage\":\"it-IT\",\"potentialAction\":[{\"@type\":\"ReadAction\",\"target\":[\"https:\\\/\\\/exaudi.org\\\/laudato-si-conference-spreading-the-popes-apostolic-exhortation\\\/\"]}]},{\"@type\":\"ImageObject\",\"inLanguage\":\"it-IT\",\"@id\":\"https:\\\/\\\/exaudi.org\\\/laudato-si-conference-spreading-the-popes-apostolic-exhortation\\\/#primaryimage\",\"url\":\"https:\\\/\\\/exaudi.org\\\/wp-content\\\/uploads\\\/2023\\\/10\\\/1.jpg\",\"contentUrl\":\"https:\\\/\\\/exaudi.org\\\/wp-content\\\/uploads\\\/2023\\\/10\\\/1.jpg\",\"width\":644,\"height\":362,\"caption\":\"COPE\"},{\"@type\":\"BreadcrumbList\",\"@id\":\"https:\\\/\\\/exaudi.org\\\/laudato-si-conference-spreading-the-popes-apostolic-exhortation\\\/#breadcrumb\",\"itemListElement\":[{\"@type\":\"ListItem\",\"position\":1,\"name\":\"Portada\",\"item\":\"https:\\\/\\\/exaudi.org\\\/it\\\/\"},{\"@type\":\"ListItem\",\"position\":2,\"name\":\"Conferenza alla Laudato si&#8217;: diffusione dell&#8217;esortazione apostolica del Papa\"}]},{\"@type\":\"WebSite\",\"@id\":\"https:\\\/\\\/exaudi.org\\\/#website\",\"url\":\"https:\\\/\\\/exaudi.org\\\/\",\"name\":\"Exaudi\",\"description\":\"News\",\"potentialAction\":[{\"@type\":\"SearchAction\",\"target\":{\"@type\":\"EntryPoint\",\"urlTemplate\":\"https:\\\/\\\/exaudi.org\\\/?s={search_term_string}\"},\"query-input\":{\"@type\":\"PropertyValueSpecification\",\"valueRequired\":true,\"valueName\":\"search_term_string\"}}],\"inLanguage\":\"it-IT\"},{\"@type\":\"Person\",\"@id\":\"https:\\\/\\\/exaudi.org\\\/#\\\/schema\\\/person\\\/e1ab6ed07c01774724dd96f925f3a5f0\",\"name\":\"Exaudi Redazione\",\"image\":{\"@type\":\"ImageObject\",\"inLanguage\":\"it-IT\",\"@id\":\"https:\\\/\\\/secure.gravatar.com\\\/avatar\\\/ad6774b3ada023bf5b939d64f45c94b3adf91502dd883507d469b4308a943bb3?s=96&d=mm&r=g\",\"url\":\"https:\\\/\\\/secure.gravatar.com\\\/avatar\\\/ad6774b3ada023bf5b939d64f45c94b3adf91502dd883507d469b4308a943bb3?s=96&d=mm&r=g\",\"contentUrl\":\"https:\\\/\\\/secure.gravatar.com\\\/avatar\\\/ad6774b3ada023bf5b939d64f45c94b3adf91502dd883507d469b4308a943bb3?s=96&d=mm&r=g\",\"caption\":\"Exaudi Redazione\"},\"description\":\"Che cosa \u00e8 Exaudi News? Exaudi News \u00e8 un agenzia cattolica internazionale che informa, istruisce e trasforma quotidianamente in spagnolo, inglese e italiano. Attraverso notizie, articoli di analisi e trasmissioni in diretta degli eventi del Papa, Exaudi cerca di rafforzare l'unit\u00e0 dei cristiani e di contribuire all'evangelizzazione del mondo, sempre guidato dalla dottrina sociale della Chiesa. Lavoriamo per portare la verit\u00e0 e i valori cristiani in ogni angolo del pianeta. Aiutaci a trasformare il mondo con Exaudi! Noi di Exaudi crediamo che l'evangelizzazione e l'informazione di qualit\u00e0 possano cambiare la vita. Per continuare la nostra missione ed espandere la nostra portata, abbiamo bisogno del tuo aiuto. Stiamo anche cercando persone motivate che vogliano unirsi al nostro team. Grazie al vostro sostegno raggiungeremo pi\u00f9 persone, diffonderemo il messaggio di Cristo e rafforzeremo l'unit\u00e0 dei cristiani. Vuoi unirti alla nostra missione? Per maggiori informazioni su come contribuire, visita Exaudi.org\\\/it o contattaci direttamente: info@exaudi.org Exaudi: informa, forma e trasforma.\",\"sameAs\":[\"https:\\\/\\\/www.facebook.com\\\/ExaudiNotizie\\\/\",\"https:\\\/\\\/www.instagram.com\\\/Exaudi_notizie\\\/\",\"https:\\\/\\\/x.com\\\/Exaudi_Notizie\",\"https:\\\/\\\/www.youtube.com\\\/@exaudicatholicnews\"],\"url\":\"https:\\\/\\\/exaudi.org\\\/it\\\/author\\\/dlvedi-org\\\/\"}]}<\/script>\n<!-- \/ Yoast SEO plugin. -->","yoast_head_json":{"title":"Conferenza alla Laudato si': diffusione dell'esortazione apostolica del Papa &#8211; Exaudi","robots":{"index":"index","follow":"follow","max-snippet":"max-snippet:-1","max-image-preview":"max-image-preview:large","max-video-preview":"max-video-preview:-1"},"canonical":"https:\/\/exaudi.org\/it\/laudato-si-conference-spreading-the-popes-apostolic-exhortation\/","og_locale":"it_IT","og_type":"article","og_title":"Conferenza alla Laudato si': diffusione dell'esortazione apostolica del Papa &#8211; Exaudi","og_description":"Intervento di Jubran Ali Mohammed Ali e di Alessandra Sarmentino","og_url":"https:\/\/exaudi.org\/laudato-si-conference-spreading-the-popes-apostolic-exhortation\/","og_site_name":"Exaudi","article_publisher":"https:\/\/www.facebook.com\/ExaudiNews","article_author":"https:\/\/www.facebook.com\/ExaudiNotizie\/","article_published_time":"2023-10-05T15:14:04+00:00","og_image":[{"width":644,"height":362,"url":"https:\/\/exaudi.org\/wp-content\/uploads\/2023\/10\/1.jpg","type":"image\/jpeg"}],"author":"Exaudi Redazione","twitter_card":"summary_large_image","twitter_creator":"@Exaudi_Notizie","twitter_site":"@Exaudi_News","twitter_misc":{"Scritto da":"Exaudi Redazione","Tempo di lettura stimato":"7 minuti"},"schema":{"@context":"https:\/\/schema.org","@graph":[{"@type":"Article","@id":"https:\/\/exaudi.org\/laudato-si-conference-spreading-the-popes-apostolic-exhortation\/#article","isPartOf":{"@id":"https:\/\/exaudi.org\/laudato-si-conference-spreading-the-popes-apostolic-exhortation\/"},"author":{"name":"Exaudi Redazione","@id":"https:\/\/exaudi.org\/#\/schema\/person\/e1ab6ed07c01774724dd96f925f3a5f0"},"headline":"Conferenza alla Laudato si&#8217;: diffusione dell&#8217;esortazione apostolica del Papa","datePublished":"2023-10-05T15:14:04+00:00","mainEntityOfPage":{"@id":"https:\/\/exaudi.org\/laudato-si-conference-spreading-the-popes-apostolic-exhortation\/"},"wordCount":1331,"image":{"@id":"https:\/\/exaudi.org\/laudato-si-conference-spreading-the-popes-apostolic-exhortation\/#primaryimage"},"thumbnailUrl":"https:\/\/exaudi.org\/wp-content\/uploads\/2023\/10\/1.jpg","keywords":["Conferenza Stampa","crisi climatica","giornalisti"],"articleSection":["Vaticano"],"inLanguage":"it-IT"},{"@type":"WebPage","@id":"https:\/\/exaudi.org\/laudato-si-conference-spreading-the-popes-apostolic-exhortation\/","url":"https:\/\/exaudi.org\/laudato-si-conference-spreading-the-popes-apostolic-exhortation\/","name":"Conferenza alla Laudato si': diffusione dell'esortazione apostolica del Papa &#8211; Exaudi","isPartOf":{"@id":"https:\/\/exaudi.org\/#website"},"primaryImageOfPage":{"@id":"https:\/\/exaudi.org\/laudato-si-conference-spreading-the-popes-apostolic-exhortation\/#primaryimage"},"image":{"@id":"https:\/\/exaudi.org\/laudato-si-conference-spreading-the-popes-apostolic-exhortation\/#primaryimage"},"thumbnailUrl":"https:\/\/exaudi.org\/wp-content\/uploads\/2023\/10\/1.jpg","datePublished":"2023-10-05T15:14:04+00:00","author":{"@id":"https:\/\/exaudi.org\/#\/schema\/person\/e1ab6ed07c01774724dd96f925f3a5f0"},"breadcrumb":{"@id":"https:\/\/exaudi.org\/laudato-si-conference-spreading-the-popes-apostolic-exhortation\/#breadcrumb"},"inLanguage":"it-IT","potentialAction":[{"@type":"ReadAction","target":["https:\/\/exaudi.org\/laudato-si-conference-spreading-the-popes-apostolic-exhortation\/"]}]},{"@type":"ImageObject","inLanguage":"it-IT","@id":"https:\/\/exaudi.org\/laudato-si-conference-spreading-the-popes-apostolic-exhortation\/#primaryimage","url":"https:\/\/exaudi.org\/wp-content\/uploads\/2023\/10\/1.jpg","contentUrl":"https:\/\/exaudi.org\/wp-content\/uploads\/2023\/10\/1.jpg","width":644,"height":362,"caption":"COPE"},{"@type":"BreadcrumbList","@id":"https:\/\/exaudi.org\/laudato-si-conference-spreading-the-popes-apostolic-exhortation\/#breadcrumb","itemListElement":[{"@type":"ListItem","position":1,"name":"Portada","item":"https:\/\/exaudi.org\/it\/"},{"@type":"ListItem","position":2,"name":"Conferenza alla Laudato si&#8217;: diffusione dell&#8217;esortazione apostolica del Papa"}]},{"@type":"WebSite","@id":"https:\/\/exaudi.org\/#website","url":"https:\/\/exaudi.org\/","name":"Exaudi","description":"News","potentialAction":[{"@type":"SearchAction","target":{"@type":"EntryPoint","urlTemplate":"https:\/\/exaudi.org\/?s={search_term_string}"},"query-input":{"@type":"PropertyValueSpecification","valueRequired":true,"valueName":"search_term_string"}}],"inLanguage":"it-IT"},{"@type":"Person","@id":"https:\/\/exaudi.org\/#\/schema\/person\/e1ab6ed07c01774724dd96f925f3a5f0","name":"Exaudi Redazione","image":{"@type":"ImageObject","inLanguage":"it-IT","@id":"https:\/\/secure.gravatar.com\/avatar\/ad6774b3ada023bf5b939d64f45c94b3adf91502dd883507d469b4308a943bb3?s=96&d=mm&r=g","url":"https:\/\/secure.gravatar.com\/avatar\/ad6774b3ada023bf5b939d64f45c94b3adf91502dd883507d469b4308a943bb3?s=96&d=mm&r=g","contentUrl":"https:\/\/secure.gravatar.com\/avatar\/ad6774b3ada023bf5b939d64f45c94b3adf91502dd883507d469b4308a943bb3?s=96&d=mm&r=g","caption":"Exaudi Redazione"},"description":"Che cosa \u00e8 Exaudi News? Exaudi News \u00e8 un agenzia cattolica internazionale che informa, istruisce e trasforma quotidianamente in spagnolo, inglese e italiano. Attraverso notizie, articoli di analisi e trasmissioni in diretta degli eventi del Papa, Exaudi cerca di rafforzare l'unit\u00e0 dei cristiani e di contribuire all'evangelizzazione del mondo, sempre guidato dalla dottrina sociale della Chiesa. Lavoriamo per portare la verit\u00e0 e i valori cristiani in ogni angolo del pianeta. Aiutaci a trasformare il mondo con Exaudi! Noi di Exaudi crediamo che l'evangelizzazione e l'informazione di qualit\u00e0 possano cambiare la vita. Per continuare la nostra missione ed espandere la nostra portata, abbiamo bisogno del tuo aiuto. Stiamo anche cercando persone motivate che vogliano unirsi al nostro team. Grazie al vostro sostegno raggiungeremo pi\u00f9 persone, diffonderemo il messaggio di Cristo e rafforzeremo l'unit\u00e0 dei cristiani. Vuoi unirti alla nostra missione? Per maggiori informazioni su come contribuire, visita Exaudi.org\/it o contattaci direttamente: info@exaudi.org Exaudi: informa, forma e trasforma.","sameAs":["https:\/\/www.facebook.com\/ExaudiNotizie\/","https:\/\/www.instagram.com\/Exaudi_notizie\/","https:\/\/x.com\/Exaudi_Notizie","https:\/\/www.youtube.com\/@exaudicatholicnews"],"url":"https:\/\/exaudi.org\/it\/author\/dlvedi-org\/"}]}},"jetpack_featured_media_url":"https:\/\/exaudi.org\/wp-content\/uploads\/2023\/10\/1.jpg","jetpack_shortlink":"https:\/\/wp.me\/pgKjF2-m8j","_links":{"self":[{"href":"https:\/\/exaudi.org\/it\/wp-json\/wp\/v2\/posts\/85083","targetHints":{"allow":["GET"]}}],"collection":[{"href":"https:\/\/exaudi.org\/it\/wp-json\/wp\/v2\/posts"}],"about":[{"href":"https:\/\/exaudi.org\/it\/wp-json\/wp\/v2\/types\/post"}],"author":[{"embeddable":true,"href":"https:\/\/exaudi.org\/it\/wp-json\/wp\/v2\/users\/17"}],"replies":[{"embeddable":true,"href":"https:\/\/exaudi.org\/it\/wp-json\/wp\/v2\/comments?post=85083"}],"version-history":[{"count":0,"href":"https:\/\/exaudi.org\/it\/wp-json\/wp\/v2\/posts\/85083\/revisions"}],"wp:featuredmedia":[{"embeddable":true,"href":"https:\/\/exaudi.org\/it\/wp-json\/wp\/v2\/media\/85095"}],"wp:attachment":[{"href":"https:\/\/exaudi.org\/it\/wp-json\/wp\/v2\/media?parent=85083"}],"wp:term":[{"taxonomy":"category","embeddable":true,"href":"https:\/\/exaudi.org\/it\/wp-json\/wp\/v2\/categories?post=85083"},{"taxonomy":"post_tag","embeddable":true,"href":"https:\/\/exaudi.org\/it\/wp-json\/wp\/v2\/tags?post=85083"}],"curies":[{"name":"wp","href":"https:\/\/api.w.org\/{rel}","templated":true}]}}