{"id":84602,"date":"2023-09-28T16:59:35","date_gmt":"2023-09-28T14:59:35","guid":{"rendered":"https:\/\/exaudi.org\/?p=84602"},"modified":"2023-09-28T16:59:35","modified_gmt":"2023-09-28T14:59:35","slug":"tempi-di-dialogo-il-papa-e-il-primo-ministro-del-portogallo","status":"publish","type":"post","link":"https:\/\/exaudi.org\/it\/tempi-di-dialogo-il-papa-e-il-primo-ministro-del-portogallo\/","title":{"rendered":"&#8220;Tempi di dialogo: il Papa e il Primo Ministro del Portogallo&#8221;"},"content":{"rendered":"<p>L&#8217;udienza del Papa al Primo Ministro della Repubblica portoghese, Ant\u00f3nio Lu\u00eds Santos da Costa, \u00e8 stato un evento importante che ha segnato il rafforzamento delle relazioni tra la Santa Sede e il Portogallo.<\/p>\n<p>Durante l&#8217;udienza si \u00e8 discusso di una serie di questioni di interesse comune, tra cui la pace in Ucraina, la crisi migratoria e il cambiamento climatico. Papa Francesco ha espresso il suo sostegno al lavoro del governo portoghese nella promozione della giustizia sociale e nella tutela dei diritti umani.<\/p>\n<p>Nel complesso, l&#8217;udienza del Papa al Primo Ministro Costa \u00e8 stata un evento positivo che getter\u00e0 le basi per una pi\u00f9 stretta collaborazione tra la Santa Sede e il Portogallo negli anni a venire.<\/p>\n<p><strong>Comunicato della Sala Stampa della Santa Sede:<\/strong><\/p>\n<p>Oggi il Santo Padre Francesco ha ricevuto in Udienza il Primo Ministro della Repubblica di Portogallo, S.E. il Sig. Ant\u00f3nio Lu\u00eds Santos da Costa, il quale, successivamente, si \u00e8 incontrato con Sua Eminenza il Sig. Card. Pietro Parolin, Segretario di Stato, accompagnato da S.E. Mons. Paul Gallagher, Segretario per i Rapporti con gli Stati e le Organizzazioni Internazionali.<\/p>\n<p>Durante i cordiali colloqui in Segreteria di Stato, \u00e8 stata apprezzata l\u2019efficace collaborazione nell\u2019organizzazione della Giornata Mondiale della Giovent\u00f9 e della visita che Sua Santit\u00e0 ha compiuto in Portogallo dal 2 al 6 agosto 2023. Ci si \u00e8 poi soffermati sul positivo contributo della Chiesa alla societ\u00e0 portoghese nell\u2019attuale contesto socio-politico e su alcune questioni di interesse comune.<\/p>\n<p>Nel prosieguo dei colloqui, c\u2019\u00e8 stato uno scambio di vedute sulla situazione internazionale, con particolare attenzione alle conseguenze della guerra in Ucraina e il fenomeno delle migrazioni.<\/p>\n","protected":false},"excerpt":{"rendered":"<p>Comunicato della Sala Stampa della Santa Sede<\/p>\n","protected":false},"author":17,"featured_media":84603,"comment_status":"closed","ping_status":"closed","sticky":false,"template":"","format":"standard","meta":{"_acf_changed":false,"_crdt_document":"","inline_featured_image":false,"footnotes":""},"categories":[67,131],"tags":[9651,4952,1773,1843],"class_list":["post-84602","post","type-post","status-publish","format-standard","has-post-thumbnail","hentry","category-leone-xiv","category-vaticano","tag-portogallo","tag-trending-it","tag-ucraina","tag-udienza"],"acf":[],"yoast_head":"<!-- This site is optimized with the Yoast SEO plugin v27.5 - https:\/\/yoast.com\/product\/yoast-seo-wordpress\/ -->\n<title>&quot;Tempi di dialogo: il Papa e il Primo Ministro del Portogallo&quot; &#8211; Exaudi<\/title>\n<meta name=\"robots\" content=\"index, follow, max-snippet:-1, max-image-preview:large, max-video-preview:-1\" \/>\n<link rel=\"canonical\" href=\"https:\/\/exaudi.org\/it\/times-of-dialogue-the-pope-and-the-prime-minister-of-portugal\/\" \/>\n<meta property=\"og:locale\" content=\"it_IT\" \/>\n<meta property=\"og:type\" content=\"article\" \/>\n<meta property=\"og:title\" content=\"&quot;Tempi di dialogo: il Papa e il Primo Ministro del Portogallo&quot; &#8211; Exaudi\" \/>\n<meta property=\"og:description\" content=\"Comunicato della Sala Stampa della Santa Sede\" \/>\n<meta property=\"og:url\" content=\"https:\/\/exaudi.org\/times-of-dialogue-the-pope-and-the-prime-minister-of-portugal\/\" \/>\n<meta property=\"og:site_name\" content=\"Exaudi\" \/>\n<meta property=\"article:publisher\" content=\"https:\/\/www.facebook.com\/ExaudiNews\" \/>\n<meta property=\"article:author\" content=\"https:\/\/www.facebook.com\/ExaudiNotizie\/\" \/>\n<meta property=\"article:published_time\" content=\"2023-09-28T14:59:35+00:00\" \/>\n<meta property=\"og:image\" content=\"https:\/\/exaudi.org\/wp-content\/uploads\/2023\/09\/cq5dam.thumbnail.cropped.750.422-1-5.jpeg\" \/>\n\t<meta property=\"og:image:width\" content=\"750\" \/>\n\t<meta property=\"og:image:height\" content=\"422\" \/>\n\t<meta property=\"og:image:type\" content=\"image\/jpeg\" \/>\n<meta name=\"author\" content=\"Exaudi Redazione\" \/>\n<meta name=\"twitter:card\" content=\"summary_large_image\" \/>\n<meta name=\"twitter:creator\" content=\"@Exaudi_Notizie\" \/>\n<meta name=\"twitter:site\" content=\"@Exaudi_News\" \/>\n<meta name=\"twitter:label1\" content=\"Scritto da\" \/>\n\t<meta name=\"twitter:data1\" content=\"Exaudi Redazione\" \/>\n\t<meta name=\"twitter:label2\" content=\"Tempo di lettura stimato\" \/>\n\t<meta name=\"twitter:data2\" content=\"1 minuto\" \/>\n<script type=\"application\/ld+json\" class=\"yoast-schema-graph\">{\"@context\":\"https:\\\/\\\/schema.org\",\"@graph\":[{\"@type\":\"Article\",\"@id\":\"https:\\\/\\\/exaudi.org\\\/times-of-dialogue-the-pope-and-the-prime-minister-of-portugal\\\/#article\",\"isPartOf\":{\"@id\":\"https:\\\/\\\/exaudi.org\\\/times-of-dialogue-the-pope-and-the-prime-minister-of-portugal\\\/\"},\"author\":{\"name\":\"Exaudi Redazione\",\"@id\":\"https:\\\/\\\/exaudi.org\\\/#\\\/schema\\\/person\\\/e1ab6ed07c01774724dd96f925f3a5f0\"},\"headline\":\"&#8220;Tempi di dialogo: il Papa e il Primo Ministro del Portogallo&#8221;\",\"datePublished\":\"2023-09-28T14:59:35+00:00\",\"mainEntityOfPage\":{\"@id\":\"https:\\\/\\\/exaudi.org\\\/times-of-dialogue-the-pope-and-the-prime-minister-of-portugal\\\/\"},\"wordCount\":280,\"image\":{\"@id\":\"https:\\\/\\\/exaudi.org\\\/times-of-dialogue-the-pope-and-the-prime-minister-of-portugal\\\/#primaryimage\"},\"thumbnailUrl\":\"https:\\\/\\\/exaudi.org\\\/wp-content\\\/uploads\\\/2023\\\/09\\\/cq5dam.thumbnail.cropped.750.422-1-5.jpeg\",\"keywords\":[\"PORTOGALLO\",\"Trending\",\"Ucraina\",\"udienza\"],\"articleSection\":[\"Leone XIV\",\"Vaticano\"],\"inLanguage\":\"it-IT\"},{\"@type\":\"WebPage\",\"@id\":\"https:\\\/\\\/exaudi.org\\\/times-of-dialogue-the-pope-and-the-prime-minister-of-portugal\\\/\",\"url\":\"https:\\\/\\\/exaudi.org\\\/times-of-dialogue-the-pope-and-the-prime-minister-of-portugal\\\/\",\"name\":\"\\\"Tempi di dialogo: il Papa e il Primo Ministro del Portogallo\\\" &#8211; Exaudi\",\"isPartOf\":{\"@id\":\"https:\\\/\\\/exaudi.org\\\/#website\"},\"primaryImageOfPage\":{\"@id\":\"https:\\\/\\\/exaudi.org\\\/times-of-dialogue-the-pope-and-the-prime-minister-of-portugal\\\/#primaryimage\"},\"image\":{\"@id\":\"https:\\\/\\\/exaudi.org\\\/times-of-dialogue-the-pope-and-the-prime-minister-of-portugal\\\/#primaryimage\"},\"thumbnailUrl\":\"https:\\\/\\\/exaudi.org\\\/wp-content\\\/uploads\\\/2023\\\/09\\\/cq5dam.thumbnail.cropped.750.422-1-5.jpeg\",\"datePublished\":\"2023-09-28T14:59:35+00:00\",\"author\":{\"@id\":\"https:\\\/\\\/exaudi.org\\\/#\\\/schema\\\/person\\\/e1ab6ed07c01774724dd96f925f3a5f0\"},\"breadcrumb\":{\"@id\":\"https:\\\/\\\/exaudi.org\\\/times-of-dialogue-the-pope-and-the-prime-minister-of-portugal\\\/#breadcrumb\"},\"inLanguage\":\"it-IT\",\"potentialAction\":[{\"@type\":\"ReadAction\",\"target\":[\"https:\\\/\\\/exaudi.org\\\/times-of-dialogue-the-pope-and-the-prime-minister-of-portugal\\\/\"]}]},{\"@type\":\"ImageObject\",\"inLanguage\":\"it-IT\",\"@id\":\"https:\\\/\\\/exaudi.org\\\/times-of-dialogue-the-pope-and-the-prime-minister-of-portugal\\\/#primaryimage\",\"url\":\"https:\\\/\\\/exaudi.org\\\/wp-content\\\/uploads\\\/2023\\\/09\\\/cq5dam.thumbnail.cropped.750.422-1-5.jpeg\",\"contentUrl\":\"https:\\\/\\\/exaudi.org\\\/wp-content\\\/uploads\\\/2023\\\/09\\\/cq5dam.thumbnail.cropped.750.422-1-5.jpeg\",\"width\":750,\"height\":422,\"caption\":\"Vatican Media\"},{\"@type\":\"BreadcrumbList\",\"@id\":\"https:\\\/\\\/exaudi.org\\\/times-of-dialogue-the-pope-and-the-prime-minister-of-portugal\\\/#breadcrumb\",\"itemListElement\":[{\"@type\":\"ListItem\",\"position\":1,\"name\":\"Portada\",\"item\":\"https:\\\/\\\/exaudi.org\\\/it\\\/\"},{\"@type\":\"ListItem\",\"position\":2,\"name\":\"&#8220;Tempi di dialogo: il Papa e il Primo Ministro del Portogallo&#8221;\"}]},{\"@type\":\"WebSite\",\"@id\":\"https:\\\/\\\/exaudi.org\\\/#website\",\"url\":\"https:\\\/\\\/exaudi.org\\\/\",\"name\":\"Exaudi\",\"description\":\"News\",\"potentialAction\":[{\"@type\":\"SearchAction\",\"target\":{\"@type\":\"EntryPoint\",\"urlTemplate\":\"https:\\\/\\\/exaudi.org\\\/?s={search_term_string}\"},\"query-input\":{\"@type\":\"PropertyValueSpecification\",\"valueRequired\":true,\"valueName\":\"search_term_string\"}}],\"inLanguage\":\"it-IT\"},{\"@type\":\"Person\",\"@id\":\"https:\\\/\\\/exaudi.org\\\/#\\\/schema\\\/person\\\/e1ab6ed07c01774724dd96f925f3a5f0\",\"name\":\"Exaudi Redazione\",\"image\":{\"@type\":\"ImageObject\",\"inLanguage\":\"it-IT\",\"@id\":\"https:\\\/\\\/secure.gravatar.com\\\/avatar\\\/ad6774b3ada023bf5b939d64f45c94b3adf91502dd883507d469b4308a943bb3?s=96&d=mm&r=g\",\"url\":\"https:\\\/\\\/secure.gravatar.com\\\/avatar\\\/ad6774b3ada023bf5b939d64f45c94b3adf91502dd883507d469b4308a943bb3?s=96&d=mm&r=g\",\"contentUrl\":\"https:\\\/\\\/secure.gravatar.com\\\/avatar\\\/ad6774b3ada023bf5b939d64f45c94b3adf91502dd883507d469b4308a943bb3?s=96&d=mm&r=g\",\"caption\":\"Exaudi Redazione\"},\"description\":\"Che cosa \u00e8 Exaudi News? Exaudi News \u00e8 un agenzia cattolica internazionale che informa, istruisce e trasforma quotidianamente in spagnolo, inglese e italiano. Attraverso notizie, articoli di analisi e trasmissioni in diretta degli eventi del Papa, Exaudi cerca di rafforzare l'unit\u00e0 dei cristiani e di contribuire all'evangelizzazione del mondo, sempre guidato dalla dottrina sociale della Chiesa. Lavoriamo per portare la verit\u00e0 e i valori cristiani in ogni angolo del pianeta. Aiutaci a trasformare il mondo con Exaudi! Noi di Exaudi crediamo che l'evangelizzazione e l'informazione di qualit\u00e0 possano cambiare la vita. Per continuare la nostra missione ed espandere la nostra portata, abbiamo bisogno del tuo aiuto. Stiamo anche cercando persone motivate che vogliano unirsi al nostro team. Grazie al vostro sostegno raggiungeremo pi\u00f9 persone, diffonderemo il messaggio di Cristo e rafforzeremo l'unit\u00e0 dei cristiani. Vuoi unirti alla nostra missione? Per maggiori informazioni su come contribuire, visita Exaudi.org\\\/it o contattaci direttamente: info@exaudi.org Exaudi: informa, forma e trasforma.\",\"sameAs\":[\"https:\\\/\\\/www.facebook.com\\\/ExaudiNotizie\\\/\",\"https:\\\/\\\/www.instagram.com\\\/Exaudi_notizie\\\/\",\"https:\\\/\\\/x.com\\\/Exaudi_Notizie\",\"https:\\\/\\\/www.youtube.com\\\/@exaudicatholicnews\"],\"url\":\"https:\\\/\\\/exaudi.org\\\/it\\\/author\\\/dlvedi-org\\\/\"}]}<\/script>\n<!-- \/ Yoast SEO plugin. -->","yoast_head_json":{"title":"\"Tempi di dialogo: il Papa e il Primo Ministro del Portogallo\" &#8211; Exaudi","robots":{"index":"index","follow":"follow","max-snippet":"max-snippet:-1","max-image-preview":"max-image-preview:large","max-video-preview":"max-video-preview:-1"},"canonical":"https:\/\/exaudi.org\/it\/times-of-dialogue-the-pope-and-the-prime-minister-of-portugal\/","og_locale":"it_IT","og_type":"article","og_title":"\"Tempi di dialogo: il Papa e il Primo Ministro del Portogallo\" &#8211; Exaudi","og_description":"Comunicato della Sala Stampa della Santa Sede","og_url":"https:\/\/exaudi.org\/times-of-dialogue-the-pope-and-the-prime-minister-of-portugal\/","og_site_name":"Exaudi","article_publisher":"https:\/\/www.facebook.com\/ExaudiNews","article_author":"https:\/\/www.facebook.com\/ExaudiNotizie\/","article_published_time":"2023-09-28T14:59:35+00:00","og_image":[{"width":750,"height":422,"url":"https:\/\/exaudi.org\/wp-content\/uploads\/2023\/09\/cq5dam.thumbnail.cropped.750.422-1-5.jpeg","type":"image\/jpeg"}],"author":"Exaudi Redazione","twitter_card":"summary_large_image","twitter_creator":"@Exaudi_Notizie","twitter_site":"@Exaudi_News","twitter_misc":{"Scritto da":"Exaudi Redazione","Tempo di lettura stimato":"1 minuto"},"schema":{"@context":"https:\/\/schema.org","@graph":[{"@type":"Article","@id":"https:\/\/exaudi.org\/times-of-dialogue-the-pope-and-the-prime-minister-of-portugal\/#article","isPartOf":{"@id":"https:\/\/exaudi.org\/times-of-dialogue-the-pope-and-the-prime-minister-of-portugal\/"},"author":{"name":"Exaudi Redazione","@id":"https:\/\/exaudi.org\/#\/schema\/person\/e1ab6ed07c01774724dd96f925f3a5f0"},"headline":"&#8220;Tempi di dialogo: il Papa e il Primo Ministro del Portogallo&#8221;","datePublished":"2023-09-28T14:59:35+00:00","mainEntityOfPage":{"@id":"https:\/\/exaudi.org\/times-of-dialogue-the-pope-and-the-prime-minister-of-portugal\/"},"wordCount":280,"image":{"@id":"https:\/\/exaudi.org\/times-of-dialogue-the-pope-and-the-prime-minister-of-portugal\/#primaryimage"},"thumbnailUrl":"https:\/\/exaudi.org\/wp-content\/uploads\/2023\/09\/cq5dam.thumbnail.cropped.750.422-1-5.jpeg","keywords":["PORTOGALLO","Trending","Ucraina","udienza"],"articleSection":["Leone XIV","Vaticano"],"inLanguage":"it-IT"},{"@type":"WebPage","@id":"https:\/\/exaudi.org\/times-of-dialogue-the-pope-and-the-prime-minister-of-portugal\/","url":"https:\/\/exaudi.org\/times-of-dialogue-the-pope-and-the-prime-minister-of-portugal\/","name":"\"Tempi di dialogo: il Papa e il Primo Ministro del Portogallo\" &#8211; Exaudi","isPartOf":{"@id":"https:\/\/exaudi.org\/#website"},"primaryImageOfPage":{"@id":"https:\/\/exaudi.org\/times-of-dialogue-the-pope-and-the-prime-minister-of-portugal\/#primaryimage"},"image":{"@id":"https:\/\/exaudi.org\/times-of-dialogue-the-pope-and-the-prime-minister-of-portugal\/#primaryimage"},"thumbnailUrl":"https:\/\/exaudi.org\/wp-content\/uploads\/2023\/09\/cq5dam.thumbnail.cropped.750.422-1-5.jpeg","datePublished":"2023-09-28T14:59:35+00:00","author":{"@id":"https:\/\/exaudi.org\/#\/schema\/person\/e1ab6ed07c01774724dd96f925f3a5f0"},"breadcrumb":{"@id":"https:\/\/exaudi.org\/times-of-dialogue-the-pope-and-the-prime-minister-of-portugal\/#breadcrumb"},"inLanguage":"it-IT","potentialAction":[{"@type":"ReadAction","target":["https:\/\/exaudi.org\/times-of-dialogue-the-pope-and-the-prime-minister-of-portugal\/"]}]},{"@type":"ImageObject","inLanguage":"it-IT","@id":"https:\/\/exaudi.org\/times-of-dialogue-the-pope-and-the-prime-minister-of-portugal\/#primaryimage","url":"https:\/\/exaudi.org\/wp-content\/uploads\/2023\/09\/cq5dam.thumbnail.cropped.750.422-1-5.jpeg","contentUrl":"https:\/\/exaudi.org\/wp-content\/uploads\/2023\/09\/cq5dam.thumbnail.cropped.750.422-1-5.jpeg","width":750,"height":422,"caption":"Vatican Media"},{"@type":"BreadcrumbList","@id":"https:\/\/exaudi.org\/times-of-dialogue-the-pope-and-the-prime-minister-of-portugal\/#breadcrumb","itemListElement":[{"@type":"ListItem","position":1,"name":"Portada","item":"https:\/\/exaudi.org\/it\/"},{"@type":"ListItem","position":2,"name":"&#8220;Tempi di dialogo: il Papa e il Primo Ministro del Portogallo&#8221;"}]},{"@type":"WebSite","@id":"https:\/\/exaudi.org\/#website","url":"https:\/\/exaudi.org\/","name":"Exaudi","description":"News","potentialAction":[{"@type":"SearchAction","target":{"@type":"EntryPoint","urlTemplate":"https:\/\/exaudi.org\/?s={search_term_string}"},"query-input":{"@type":"PropertyValueSpecification","valueRequired":true,"valueName":"search_term_string"}}],"inLanguage":"it-IT"},{"@type":"Person","@id":"https:\/\/exaudi.org\/#\/schema\/person\/e1ab6ed07c01774724dd96f925f3a5f0","name":"Exaudi Redazione","image":{"@type":"ImageObject","inLanguage":"it-IT","@id":"https:\/\/secure.gravatar.com\/avatar\/ad6774b3ada023bf5b939d64f45c94b3adf91502dd883507d469b4308a943bb3?s=96&d=mm&r=g","url":"https:\/\/secure.gravatar.com\/avatar\/ad6774b3ada023bf5b939d64f45c94b3adf91502dd883507d469b4308a943bb3?s=96&d=mm&r=g","contentUrl":"https:\/\/secure.gravatar.com\/avatar\/ad6774b3ada023bf5b939d64f45c94b3adf91502dd883507d469b4308a943bb3?s=96&d=mm&r=g","caption":"Exaudi Redazione"},"description":"Che cosa \u00e8 Exaudi News? Exaudi News \u00e8 un agenzia cattolica internazionale che informa, istruisce e trasforma quotidianamente in spagnolo, inglese e italiano. Attraverso notizie, articoli di analisi e trasmissioni in diretta degli eventi del Papa, Exaudi cerca di rafforzare l'unit\u00e0 dei cristiani e di contribuire all'evangelizzazione del mondo, sempre guidato dalla dottrina sociale della Chiesa. Lavoriamo per portare la verit\u00e0 e i valori cristiani in ogni angolo del pianeta. Aiutaci a trasformare il mondo con Exaudi! Noi di Exaudi crediamo che l'evangelizzazione e l'informazione di qualit\u00e0 possano cambiare la vita. Per continuare la nostra missione ed espandere la nostra portata, abbiamo bisogno del tuo aiuto. Stiamo anche cercando persone motivate che vogliano unirsi al nostro team. Grazie al vostro sostegno raggiungeremo pi\u00f9 persone, diffonderemo il messaggio di Cristo e rafforzeremo l'unit\u00e0 dei cristiani. Vuoi unirti alla nostra missione? Per maggiori informazioni su come contribuire, visita Exaudi.org\/it o contattaci direttamente: info@exaudi.org Exaudi: informa, forma e trasforma.","sameAs":["https:\/\/www.facebook.com\/ExaudiNotizie\/","https:\/\/www.instagram.com\/Exaudi_notizie\/","https:\/\/x.com\/Exaudi_Notizie","https:\/\/www.youtube.com\/@exaudicatholicnews"],"url":"https:\/\/exaudi.org\/it\/author\/dlvedi-org\/"}]}},"jetpack_featured_media_url":"https:\/\/exaudi.org\/wp-content\/uploads\/2023\/09\/cq5dam.thumbnail.cropped.750.422-1-5.jpeg","jetpack_shortlink":"https:\/\/wp.me\/pgKjF2-m0y","_links":{"self":[{"href":"https:\/\/exaudi.org\/it\/wp-json\/wp\/v2\/posts\/84602","targetHints":{"allow":["GET"]}}],"collection":[{"href":"https:\/\/exaudi.org\/it\/wp-json\/wp\/v2\/posts"}],"about":[{"href":"https:\/\/exaudi.org\/it\/wp-json\/wp\/v2\/types\/post"}],"author":[{"embeddable":true,"href":"https:\/\/exaudi.org\/it\/wp-json\/wp\/v2\/users\/17"}],"replies":[{"embeddable":true,"href":"https:\/\/exaudi.org\/it\/wp-json\/wp\/v2\/comments?post=84602"}],"version-history":[{"count":0,"href":"https:\/\/exaudi.org\/it\/wp-json\/wp\/v2\/posts\/84602\/revisions"}],"wp:featuredmedia":[{"embeddable":true,"href":"https:\/\/exaudi.org\/it\/wp-json\/wp\/v2\/media\/84603"}],"wp:attachment":[{"href":"https:\/\/exaudi.org\/it\/wp-json\/wp\/v2\/media?parent=84602"}],"wp:term":[{"taxonomy":"category","embeddable":true,"href":"https:\/\/exaudi.org\/it\/wp-json\/wp\/v2\/categories?post=84602"},{"taxonomy":"post_tag","embeddable":true,"href":"https:\/\/exaudi.org\/it\/wp-json\/wp\/v2\/tags?post=84602"}],"curies":[{"name":"wp","href":"https:\/\/api.w.org\/{rel}","templated":true}]}}