{"id":84477,"date":"2023-09-26T20:10:01","date_gmt":"2023-09-26T18:10:01","guid":{"rendered":"https:\/\/exaudi.org\/?p=84477"},"modified":"2023-09-26T20:10:01","modified_gmt":"2023-09-26T18:10:01","slug":"arrivo-della-speranza-i-rifugiati-siriani-sbarcano-in-italia","status":"publish","type":"post","link":"https:\/\/exaudi.org\/it\/arrivo-della-speranza-i-rifugiati-siriani-sbarcano-in-italia\/","title":{"rendered":"&#8220;Arrivo della speranza: i rifugiati siriani sbarcano in Italia&#8221;"},"content":{"rendered":"<p>PROFUGHI, ARRIVO DI 96 SIRIANI DAL LIBANO CON I CORRIDOI UMANITARI<br \/>\nDI SANT\u2019EGIDIO E CHIESE PROTESTANTI<\/p>\n<p><strong>Sono atterrati questa mattina a Fiumicino, con un volo proveniente da Beirut, 48 rifugiati siriani, di cui 18 minori, che hanno vissuto a lungo nei campi profughi della regione dell\u2019Akkar, nel nord del Libano, nella Valle della Bekaa o in alloggi precari alla periferia di Beirut.<\/strong> A questo primo gruppo si aggiungeranno, <strong>gioved\u00ec 28 settembre, altri 48 rifugiati, di cui 21 minori, sempre cittadini siriani, per un numero complessivo di 96 persone.<\/strong><\/p>\n<p>Il loro ingresso in Italia \u00e8 reso possibile grazie ai <a href=\"https:\/\/www.santegidio.org\/pageID\/30112\/langID\/it\/CORRIDOI-UMANITARI.html\">Corridoi Umanitari<\/a> promossi da Comunit\u00e0 di Sant\u2019Egidio, Federazione delle Chiese evangeliche in Italia e Tavola valdese, in accordo coi Ministeri dell\u2019Interno e degli Esteri, che dal febbraio 2016 hanno portato in salvo nel nostro Paese, dal Libano, oltre 2650 persone. Complessivamente in Europa con i Corridoi Umanitari sono giunti 6500 rifugiati.<\/p>\n<p><strong>I nuclei familiari giunti questa mattina saranno accolti in ben 11 regioni italiane (Lazio, Campania, Emilia-Romagna, Liguria, Molise, Piemonte, Puglia, Sardegna, Sicilia, Toscana, Veneto)<\/strong>, in parte grazie ai loro parenti, giunti in precedenza coi Corridoi Umanitari e ben integrati nel nostro Paese, in parte in case messe a disposizione da famiglie italiane e associazioni. Queste ultime li accompagneranno nel percorso di integrazione, grazie all\u2019apprendimento della lingua italiana e, una volta ottenuto lo status di rifugiato, all\u2019inserimento nel mondo lavorativo. Tra le persone accolte in questi giorni, oltre a diverse persone fragili bisognose di cure, vi sono alcuni operai specializzati con la prospettiva di future assunzioni in aziende italiane.<\/p>\n<p><em>&#8220;Mentre milioni di persone che fuggono da guerre, fame, discriminazione e cambiamenti climatici per cercare un futuro, rischiano di cadere vittime di commerci illegali e trafficanti di esseri umani, l\u2019Italia mostra il suo volto accogliente&#8221;, commenta<\/em> <strong>Marco Impagliazzo, presidente della Comunit\u00e0 di Sant&#8217;Egidio<\/strong>. <em>&#8220;Con questo arrivo legale, oggi per tante famiglie comincia una nuova vita, al sicuro nel nostro Paese, grazie ai corridoi umanitari, frutto della virtuosa sinergia tra istituzioni e societ\u00e0 civile che rivela quanto sia possibile salvare vite umane e gestire in modo diffuso sul territorio nazionale l&#8217;accoglienza e l&#8217;integrazione. Una best practice riconosciuta a livello internazionale che pu\u00f2 divenire un modello per tutta l\u2019Unione Europea: se moltiplicati alla giusta dimensione, i corridoi umanitari possono contribuire ad affrontare, con la dovuta umanit\u00e0, il fenomeno epocale delle migrazioni&#8221;.<\/em><\/p>\n<p>&#8220;Oggi salutiamo e accogliamo le persone arrivate dal Libano, con i loro bagagli e le loro speranze &#8211; dichiarano <strong>Alessandra Trotta, moderatora della Tavola valdese e Daniele Garrone, presidente della Federazione delle chiese evangeliche in Italia &#8211;<\/strong> . <em>Continua il nostro impegno, come chiese protestanti, per implementare questa via legale e sicura per chi fugge da situazioni insopportabili e cerca un futuro migliore. Questa esperienza ecumenica dovrebbe diventare un elemento strutturale delle politiche europee e coinvolgere tutti gli Stati membri. Di fronte alle condizioni disperate di chi non ha altra scelta se non partire, occorre implementare le vie legali di accesso all&#8217;Europa. Tra pochi giorni saremo a Lampedusa, dove siamo presenti dal 2014 con un osservatorio permanente, per ricordare la tragedia del 3 ottobre 2013 in cui morirono 368 persone, e tutte le donne, gli uomini, i bambini che purtroppo continuano a morire nel Mediterraneo. Affinch\u00e9 quelle morti non si ripetano, l&#8217;UE deve garantire possibilit\u00e0 di ingresso rispettose dei diritti e della dignit\u00e0 di tutte e tutti, oltre che investire su un sistema di accoglienza che possa includere le persone arrivate&#8221;.<\/em><\/p>\n","protected":false},"excerpt":{"rendered":"<p>Sant&#8217;Egidio e le Chiese protestanti accolgono i 96 siriani arrivati dal Libano<\/p>\n","protected":false},"author":17,"featured_media":84478,"comment_status":"closed","ping_status":"closed","sticky":false,"template":"","format":"standard","meta":{"_acf_changed":false,"_crdt_document":"","inline_featured_image":false,"footnotes":""},"categories":[73],"tags":[7391,6542,640],"class_list":["post-84477","post","type-post","status-publish","format-standard","has-post-thumbnail","hentry","category-chiesa-e-mondo","tag-chiese-protestanti","tag-comunita-di-santegidio","tag-rifugiati"],"acf":[],"yoast_head":"<!-- This site is optimized with the Yoast SEO plugin v27.4 - https:\/\/yoast.com\/product\/yoast-seo-wordpress\/ -->\n<title>&quot;Arrivo della speranza: i rifugiati siriani sbarcano in Italia&quot; &#8211; Exaudi<\/title>\n<meta name=\"robots\" content=\"index, follow, max-snippet:-1, max-image-preview:large, max-video-preview:-1\" \/>\n<link rel=\"canonical\" href=\"https:\/\/exaudi.org\/it\/arrivo-della-speranza-i-rifugiati-siriani-sbarcano-in-italia\/\" \/>\n<meta property=\"og:locale\" content=\"it_IT\" \/>\n<meta property=\"og:type\" content=\"article\" \/>\n<meta property=\"og:title\" content=\"&quot;Arrivo della speranza: i rifugiati siriani sbarcano in Italia&quot; &#8211; Exaudi\" \/>\n<meta property=\"og:description\" content=\"Sant&#039;Egidio e le Chiese protestanti accolgono i 96 siriani arrivati dal Libano\" \/>\n<meta property=\"og:url\" content=\"https:\/\/exaudi.org\/it\/arrivo-della-speranza-i-rifugiati-siriani-sbarcano-in-italia\/\" \/>\n<meta property=\"og:site_name\" content=\"Exaudi\" \/>\n<meta property=\"article:publisher\" content=\"https:\/\/www.facebook.com\/ExaudiNews\" \/>\n<meta property=\"article:author\" content=\"https:\/\/www.facebook.com\/ExaudiNotizie\/\" \/>\n<meta property=\"article:published_time\" content=\"2023-09-26T18:10:01+00:00\" \/>\n<meta property=\"og:image\" content=\"https:\/\/exaudi.org\/wp-content\/uploads\/2023\/09\/profughi-corridoi-umanitari7-755x491-1.jpg\" \/>\n\t<meta property=\"og:image:width\" content=\"1024\" \/>\n\t<meta property=\"og:image:height\" content=\"665\" \/>\n\t<meta property=\"og:image:type\" content=\"image\/jpeg\" \/>\n<meta name=\"author\" content=\"Exaudi Redazione\" \/>\n<meta name=\"twitter:card\" content=\"summary_large_image\" \/>\n<meta name=\"twitter:creator\" content=\"@Exaudi_Notizie\" \/>\n<meta name=\"twitter:site\" content=\"@Exaudi_News\" \/>\n<meta name=\"twitter:label1\" content=\"Scritto da\" \/>\n\t<meta name=\"twitter:data1\" content=\"Exaudi Redazione\" \/>\n\t<meta name=\"twitter:label2\" content=\"Tempo di lettura stimato\" \/>\n\t<meta name=\"twitter:data2\" content=\"3 minuti\" \/>\n<script type=\"application\/ld+json\" class=\"yoast-schema-graph\">{\"@context\":\"https:\\\/\\\/schema.org\",\"@graph\":[{\"@type\":\"Article\",\"@id\":\"https:\\\/\\\/exaudi.org\\\/it\\\/arrivo-della-speranza-i-rifugiati-siriani-sbarcano-in-italia\\\/#article\",\"isPartOf\":{\"@id\":\"https:\\\/\\\/exaudi.org\\\/it\\\/arrivo-della-speranza-i-rifugiati-siriani-sbarcano-in-italia\\\/\"},\"author\":{\"name\":\"Exaudi Redazione\",\"@id\":\"https:\\\/\\\/exaudi.org\\\/#\\\/schema\\\/person\\\/e1ab6ed07c01774724dd96f925f3a5f0\"},\"headline\":\"&#8220;Arrivo della speranza: i rifugiati siriani sbarcano in Italia&#8221;\",\"datePublished\":\"2023-09-26T18:10:01+00:00\",\"mainEntityOfPage\":{\"@id\":\"https:\\\/\\\/exaudi.org\\\/it\\\/arrivo-della-speranza-i-rifugiati-siriani-sbarcano-in-italia\\\/\"},\"wordCount\":572,\"image\":{\"@id\":\"https:\\\/\\\/exaudi.org\\\/it\\\/arrivo-della-speranza-i-rifugiati-siriani-sbarcano-in-italia\\\/#primaryimage\"},\"thumbnailUrl\":\"https:\\\/\\\/exaudi.org\\\/wp-content\\\/uploads\\\/2023\\\/09\\\/profughi-corridoi-umanitari7-755x491-1.jpg\",\"keywords\":[\"Chiese Protestanti\",\"Comunit\u00e0 di Sant'Egidio\",\"rifugiati\"],\"articleSection\":[\"Chiesa e Mondo\"],\"inLanguage\":\"it-IT\"},{\"@type\":\"WebPage\",\"@id\":\"https:\\\/\\\/exaudi.org\\\/it\\\/arrivo-della-speranza-i-rifugiati-siriani-sbarcano-in-italia\\\/\",\"url\":\"https:\\\/\\\/exaudi.org\\\/it\\\/arrivo-della-speranza-i-rifugiati-siriani-sbarcano-in-italia\\\/\",\"name\":\"\\\"Arrivo della speranza: i rifugiati siriani sbarcano in Italia\\\" &#8211; Exaudi\",\"isPartOf\":{\"@id\":\"https:\\\/\\\/exaudi.org\\\/#website\"},\"primaryImageOfPage\":{\"@id\":\"https:\\\/\\\/exaudi.org\\\/it\\\/arrivo-della-speranza-i-rifugiati-siriani-sbarcano-in-italia\\\/#primaryimage\"},\"image\":{\"@id\":\"https:\\\/\\\/exaudi.org\\\/it\\\/arrivo-della-speranza-i-rifugiati-siriani-sbarcano-in-italia\\\/#primaryimage\"},\"thumbnailUrl\":\"https:\\\/\\\/exaudi.org\\\/wp-content\\\/uploads\\\/2023\\\/09\\\/profughi-corridoi-umanitari7-755x491-1.jpg\",\"datePublished\":\"2023-09-26T18:10:01+00:00\",\"author\":{\"@id\":\"https:\\\/\\\/exaudi.org\\\/#\\\/schema\\\/person\\\/e1ab6ed07c01774724dd96f925f3a5f0\"},\"breadcrumb\":{\"@id\":\"https:\\\/\\\/exaudi.org\\\/it\\\/arrivo-della-speranza-i-rifugiati-siriani-sbarcano-in-italia\\\/#breadcrumb\"},\"inLanguage\":\"it-IT\",\"potentialAction\":[{\"@type\":\"ReadAction\",\"target\":[\"https:\\\/\\\/exaudi.org\\\/it\\\/arrivo-della-speranza-i-rifugiati-siriani-sbarcano-in-italia\\\/\"]}]},{\"@type\":\"ImageObject\",\"inLanguage\":\"it-IT\",\"@id\":\"https:\\\/\\\/exaudi.org\\\/it\\\/arrivo-della-speranza-i-rifugiati-siriani-sbarcano-in-italia\\\/#primaryimage\",\"url\":\"https:\\\/\\\/exaudi.org\\\/wp-content\\\/uploads\\\/2023\\\/09\\\/profughi-corridoi-umanitari7-755x491-1.jpg\",\"contentUrl\":\"https:\\\/\\\/exaudi.org\\\/wp-content\\\/uploads\\\/2023\\\/09\\\/profughi-corridoi-umanitari7-755x491-1.jpg\",\"width\":1024,\"height\":665,\"caption\":\"Santegidio.org\"},{\"@type\":\"BreadcrumbList\",\"@id\":\"https:\\\/\\\/exaudi.org\\\/it\\\/arrivo-della-speranza-i-rifugiati-siriani-sbarcano-in-italia\\\/#breadcrumb\",\"itemListElement\":[{\"@type\":\"ListItem\",\"position\":1,\"name\":\"Portada\",\"item\":\"https:\\\/\\\/exaudi.org\\\/it\\\/\"},{\"@type\":\"ListItem\",\"position\":2,\"name\":\"&#8220;Arrivo della speranza: i rifugiati siriani sbarcano in Italia&#8221;\"}]},{\"@type\":\"WebSite\",\"@id\":\"https:\\\/\\\/exaudi.org\\\/#website\",\"url\":\"https:\\\/\\\/exaudi.org\\\/\",\"name\":\"Exaudi\",\"description\":\"News\",\"potentialAction\":[{\"@type\":\"SearchAction\",\"target\":{\"@type\":\"EntryPoint\",\"urlTemplate\":\"https:\\\/\\\/exaudi.org\\\/?s={search_term_string}\"},\"query-input\":{\"@type\":\"PropertyValueSpecification\",\"valueRequired\":true,\"valueName\":\"search_term_string\"}}],\"inLanguage\":\"it-IT\"},{\"@type\":\"Person\",\"@id\":\"https:\\\/\\\/exaudi.org\\\/#\\\/schema\\\/person\\\/e1ab6ed07c01774724dd96f925f3a5f0\",\"name\":\"Exaudi Redazione\",\"image\":{\"@type\":\"ImageObject\",\"inLanguage\":\"it-IT\",\"@id\":\"https:\\\/\\\/secure.gravatar.com\\\/avatar\\\/ad6774b3ada023bf5b939d64f45c94b3adf91502dd883507d469b4308a943bb3?s=96&d=mm&r=g\",\"url\":\"https:\\\/\\\/secure.gravatar.com\\\/avatar\\\/ad6774b3ada023bf5b939d64f45c94b3adf91502dd883507d469b4308a943bb3?s=96&d=mm&r=g\",\"contentUrl\":\"https:\\\/\\\/secure.gravatar.com\\\/avatar\\\/ad6774b3ada023bf5b939d64f45c94b3adf91502dd883507d469b4308a943bb3?s=96&d=mm&r=g\",\"caption\":\"Exaudi Redazione\"},\"description\":\"Che cosa \u00e8 Exaudi News? Exaudi News \u00e8 un agenzia cattolica internazionale che informa, istruisce e trasforma quotidianamente in spagnolo, inglese e italiano. Attraverso notizie, articoli di analisi e trasmissioni in diretta degli eventi del Papa, Exaudi cerca di rafforzare l'unit\u00e0 dei cristiani e di contribuire all'evangelizzazione del mondo, sempre guidato dalla dottrina sociale della Chiesa. Lavoriamo per portare la verit\u00e0 e i valori cristiani in ogni angolo del pianeta. Aiutaci a trasformare il mondo con Exaudi! Noi di Exaudi crediamo che l'evangelizzazione e l'informazione di qualit\u00e0 possano cambiare la vita. Per continuare la nostra missione ed espandere la nostra portata, abbiamo bisogno del tuo aiuto. Stiamo anche cercando persone motivate che vogliano unirsi al nostro team. Grazie al vostro sostegno raggiungeremo pi\u00f9 persone, diffonderemo il messaggio di Cristo e rafforzeremo l'unit\u00e0 dei cristiani. Vuoi unirti alla nostra missione? Per maggiori informazioni su come contribuire, visita Exaudi.org\\\/it o contattaci direttamente: info@exaudi.org Exaudi: informa, forma e trasforma.\",\"sameAs\":[\"https:\\\/\\\/www.facebook.com\\\/ExaudiNotizie\\\/\",\"https:\\\/\\\/www.instagram.com\\\/Exaudi_notizie\\\/\",\"https:\\\/\\\/x.com\\\/Exaudi_Notizie\",\"https:\\\/\\\/www.youtube.com\\\/@exaudicatholicnews\"],\"url\":\"https:\\\/\\\/exaudi.org\\\/it\\\/author\\\/dlvedi-org\\\/\"}]}<\/script>\n<!-- \/ Yoast SEO plugin. -->","yoast_head_json":{"title":"\"Arrivo della speranza: i rifugiati siriani sbarcano in Italia\" &#8211; Exaudi","robots":{"index":"index","follow":"follow","max-snippet":"max-snippet:-1","max-image-preview":"max-image-preview:large","max-video-preview":"max-video-preview:-1"},"canonical":"https:\/\/exaudi.org\/it\/arrivo-della-speranza-i-rifugiati-siriani-sbarcano-in-italia\/","og_locale":"it_IT","og_type":"article","og_title":"\"Arrivo della speranza: i rifugiati siriani sbarcano in Italia\" &#8211; Exaudi","og_description":"Sant'Egidio e le Chiese protestanti accolgono i 96 siriani arrivati dal Libano","og_url":"https:\/\/exaudi.org\/it\/arrivo-della-speranza-i-rifugiati-siriani-sbarcano-in-italia\/","og_site_name":"Exaudi","article_publisher":"https:\/\/www.facebook.com\/ExaudiNews","article_author":"https:\/\/www.facebook.com\/ExaudiNotizie\/","article_published_time":"2023-09-26T18:10:01+00:00","og_image":[{"width":1024,"height":665,"url":"https:\/\/exaudi.org\/wp-content\/uploads\/2023\/09\/profughi-corridoi-umanitari7-755x491-1.jpg","type":"image\/jpeg"}],"author":"Exaudi Redazione","twitter_card":"summary_large_image","twitter_creator":"@Exaudi_Notizie","twitter_site":"@Exaudi_News","twitter_misc":{"Scritto da":"Exaudi Redazione","Tempo di lettura stimato":"3 minuti"},"schema":{"@context":"https:\/\/schema.org","@graph":[{"@type":"Article","@id":"https:\/\/exaudi.org\/it\/arrivo-della-speranza-i-rifugiati-siriani-sbarcano-in-italia\/#article","isPartOf":{"@id":"https:\/\/exaudi.org\/it\/arrivo-della-speranza-i-rifugiati-siriani-sbarcano-in-italia\/"},"author":{"name":"Exaudi Redazione","@id":"https:\/\/exaudi.org\/#\/schema\/person\/e1ab6ed07c01774724dd96f925f3a5f0"},"headline":"&#8220;Arrivo della speranza: i rifugiati siriani sbarcano in Italia&#8221;","datePublished":"2023-09-26T18:10:01+00:00","mainEntityOfPage":{"@id":"https:\/\/exaudi.org\/it\/arrivo-della-speranza-i-rifugiati-siriani-sbarcano-in-italia\/"},"wordCount":572,"image":{"@id":"https:\/\/exaudi.org\/it\/arrivo-della-speranza-i-rifugiati-siriani-sbarcano-in-italia\/#primaryimage"},"thumbnailUrl":"https:\/\/exaudi.org\/wp-content\/uploads\/2023\/09\/profughi-corridoi-umanitari7-755x491-1.jpg","keywords":["Chiese Protestanti","Comunit\u00e0 di Sant'Egidio","rifugiati"],"articleSection":["Chiesa e Mondo"],"inLanguage":"it-IT"},{"@type":"WebPage","@id":"https:\/\/exaudi.org\/it\/arrivo-della-speranza-i-rifugiati-siriani-sbarcano-in-italia\/","url":"https:\/\/exaudi.org\/it\/arrivo-della-speranza-i-rifugiati-siriani-sbarcano-in-italia\/","name":"\"Arrivo della speranza: i rifugiati siriani sbarcano in Italia\" &#8211; Exaudi","isPartOf":{"@id":"https:\/\/exaudi.org\/#website"},"primaryImageOfPage":{"@id":"https:\/\/exaudi.org\/it\/arrivo-della-speranza-i-rifugiati-siriani-sbarcano-in-italia\/#primaryimage"},"image":{"@id":"https:\/\/exaudi.org\/it\/arrivo-della-speranza-i-rifugiati-siriani-sbarcano-in-italia\/#primaryimage"},"thumbnailUrl":"https:\/\/exaudi.org\/wp-content\/uploads\/2023\/09\/profughi-corridoi-umanitari7-755x491-1.jpg","datePublished":"2023-09-26T18:10:01+00:00","author":{"@id":"https:\/\/exaudi.org\/#\/schema\/person\/e1ab6ed07c01774724dd96f925f3a5f0"},"breadcrumb":{"@id":"https:\/\/exaudi.org\/it\/arrivo-della-speranza-i-rifugiati-siriani-sbarcano-in-italia\/#breadcrumb"},"inLanguage":"it-IT","potentialAction":[{"@type":"ReadAction","target":["https:\/\/exaudi.org\/it\/arrivo-della-speranza-i-rifugiati-siriani-sbarcano-in-italia\/"]}]},{"@type":"ImageObject","inLanguage":"it-IT","@id":"https:\/\/exaudi.org\/it\/arrivo-della-speranza-i-rifugiati-siriani-sbarcano-in-italia\/#primaryimage","url":"https:\/\/exaudi.org\/wp-content\/uploads\/2023\/09\/profughi-corridoi-umanitari7-755x491-1.jpg","contentUrl":"https:\/\/exaudi.org\/wp-content\/uploads\/2023\/09\/profughi-corridoi-umanitari7-755x491-1.jpg","width":1024,"height":665,"caption":"Santegidio.org"},{"@type":"BreadcrumbList","@id":"https:\/\/exaudi.org\/it\/arrivo-della-speranza-i-rifugiati-siriani-sbarcano-in-italia\/#breadcrumb","itemListElement":[{"@type":"ListItem","position":1,"name":"Portada","item":"https:\/\/exaudi.org\/it\/"},{"@type":"ListItem","position":2,"name":"&#8220;Arrivo della speranza: i rifugiati siriani sbarcano in Italia&#8221;"}]},{"@type":"WebSite","@id":"https:\/\/exaudi.org\/#website","url":"https:\/\/exaudi.org\/","name":"Exaudi","description":"News","potentialAction":[{"@type":"SearchAction","target":{"@type":"EntryPoint","urlTemplate":"https:\/\/exaudi.org\/?s={search_term_string}"},"query-input":{"@type":"PropertyValueSpecification","valueRequired":true,"valueName":"search_term_string"}}],"inLanguage":"it-IT"},{"@type":"Person","@id":"https:\/\/exaudi.org\/#\/schema\/person\/e1ab6ed07c01774724dd96f925f3a5f0","name":"Exaudi Redazione","image":{"@type":"ImageObject","inLanguage":"it-IT","@id":"https:\/\/secure.gravatar.com\/avatar\/ad6774b3ada023bf5b939d64f45c94b3adf91502dd883507d469b4308a943bb3?s=96&d=mm&r=g","url":"https:\/\/secure.gravatar.com\/avatar\/ad6774b3ada023bf5b939d64f45c94b3adf91502dd883507d469b4308a943bb3?s=96&d=mm&r=g","contentUrl":"https:\/\/secure.gravatar.com\/avatar\/ad6774b3ada023bf5b939d64f45c94b3adf91502dd883507d469b4308a943bb3?s=96&d=mm&r=g","caption":"Exaudi Redazione"},"description":"Che cosa \u00e8 Exaudi News? Exaudi News \u00e8 un agenzia cattolica internazionale che informa, istruisce e trasforma quotidianamente in spagnolo, inglese e italiano. Attraverso notizie, articoli di analisi e trasmissioni in diretta degli eventi del Papa, Exaudi cerca di rafforzare l'unit\u00e0 dei cristiani e di contribuire all'evangelizzazione del mondo, sempre guidato dalla dottrina sociale della Chiesa. Lavoriamo per portare la verit\u00e0 e i valori cristiani in ogni angolo del pianeta. Aiutaci a trasformare il mondo con Exaudi! Noi di Exaudi crediamo che l'evangelizzazione e l'informazione di qualit\u00e0 possano cambiare la vita. Per continuare la nostra missione ed espandere la nostra portata, abbiamo bisogno del tuo aiuto. Stiamo anche cercando persone motivate che vogliano unirsi al nostro team. Grazie al vostro sostegno raggiungeremo pi\u00f9 persone, diffonderemo il messaggio di Cristo e rafforzeremo l'unit\u00e0 dei cristiani. Vuoi unirti alla nostra missione? Per maggiori informazioni su come contribuire, visita Exaudi.org\/it o contattaci direttamente: info@exaudi.org Exaudi: informa, forma e trasforma.","sameAs":["https:\/\/www.facebook.com\/ExaudiNotizie\/","https:\/\/www.instagram.com\/Exaudi_notizie\/","https:\/\/x.com\/Exaudi_Notizie","https:\/\/www.youtube.com\/@exaudicatholicnews"],"url":"https:\/\/exaudi.org\/it\/author\/dlvedi-org\/"}]}},"jetpack_featured_media_url":"https:\/\/exaudi.org\/wp-content\/uploads\/2023\/09\/profughi-corridoi-umanitari7-755x491-1.jpg","jetpack_shortlink":"https:\/\/wp.me\/pgKjF2-lYx","_links":{"self":[{"href":"https:\/\/exaudi.org\/it\/wp-json\/wp\/v2\/posts\/84477","targetHints":{"allow":["GET"]}}],"collection":[{"href":"https:\/\/exaudi.org\/it\/wp-json\/wp\/v2\/posts"}],"about":[{"href":"https:\/\/exaudi.org\/it\/wp-json\/wp\/v2\/types\/post"}],"author":[{"embeddable":true,"href":"https:\/\/exaudi.org\/it\/wp-json\/wp\/v2\/users\/17"}],"replies":[{"embeddable":true,"href":"https:\/\/exaudi.org\/it\/wp-json\/wp\/v2\/comments?post=84477"}],"version-history":[{"count":0,"href":"https:\/\/exaudi.org\/it\/wp-json\/wp\/v2\/posts\/84477\/revisions"}],"wp:featuredmedia":[{"embeddable":true,"href":"https:\/\/exaudi.org\/it\/wp-json\/wp\/v2\/media\/84478"}],"wp:attachment":[{"href":"https:\/\/exaudi.org\/it\/wp-json\/wp\/v2\/media?parent=84477"}],"wp:term":[{"taxonomy":"category","embeddable":true,"href":"https:\/\/exaudi.org\/it\/wp-json\/wp\/v2\/categories?post=84477"},{"taxonomy":"post_tag","embeddable":true,"href":"https:\/\/exaudi.org\/it\/wp-json\/wp\/v2\/tags?post=84477"}],"curies":[{"name":"wp","href":"https:\/\/api.w.org\/{rel}","templated":true}]}}