{"id":8424,"date":"2021-03-28T13:33:01","date_gmt":"2021-03-28T11:33:01","guid":{"rendered":"https:\/\/exaudi.org\/?p=8424"},"modified":"2021-03-28T13:33:01","modified_gmt":"2021-03-28T11:33:01","slug":"gesu-prende-la-croce-si-fa-carico-del-male","status":"publish","type":"post","link":"https:\/\/exaudi.org\/it\/gesu-prende-la-croce-si-fa-carico-del-male\/","title":{"rendered":"&#8220;Ges\u00f9 prende la croce, si fa carico del male&#8221;"},"content":{"rendered":"<p>Al termine della <a href=\"https:\/\/exaudi.org\/it\/domenica-delle-palme-ammirare-gesu-non-basta\/\">celebrazione della Domenica delle Palme e della Passione del Signore<\/a>, Papa Francesco ha guidato come di consueto la preghiera mariana dell&#8217;Angelus all&#8217;interno della Basilica di S. Pietro. Il S. Padre ha ricordato che inizia la seconda Settimana Santa in tempo di pandemia e ha spiegato che Ges\u00f9 prende la croce e si fa carico del male. Ecco le sue parole diffuse dalla Sala Stampa vaticana:<\/p>\n<p>Cari fratelli e sorelle, siamo entrati nella Settimana Santa. Per la seconda volta la viviamo nel contesto della pandemia. L\u2019anno scorso eravamo pi\u00f9 scioccati, quest\u2019anno siamo pi\u00f9 provati. E la crisi economica \u00e8 diventata pesante. In questa situazione storica e sociale, Dio cosa fa? Prende la croce. Ges\u00f9 prende la croce, cio\u00e8 si fa carico del male che tale realt\u00e0 comporta, male fisico, psicologico e soprattutto male spirituale, perch\u00e9 il Maligno approfitta delle crisi per seminare sfiducia, disperazione e zizzania.<\/p>\n<h4>L\u2019esempio di Maria<\/h4>\n<p>E noi? Che cosa dobbiamo fare? Ce lo mostra la Vergine Maria, la Madre di Ges\u00f9 che \u00e8 anche la sua prima discepola. Lei ha seguito il suo Figlio. Ha preso su di s\u00e9 la propria parte di sofferenza, di buio, di smarrimento e ha percorso la strada della passione custodendo accesa nel cuore la lampada della fede. Con la grazia di Dio, anche noi possiamo fare questo cammino. E, lungo la via crucis quotidiana, incontriamo i volti di tanti fratelli e sorelle in difficolt\u00e0: non passiamo oltre, lasciamo che il cuore si muova a compassione e avviciniamoci.<\/p>\n<h4>Preghiera per la strage in Indonesia<\/h4>\n<p>Sul momento, come il Cireneo, potremo pensare: \u201cPerch\u00e9 proprio io?\u201d. Ma poi scopriremo il dono che, senza nostro merito, ci \u00e8 toccato. Preghiamo per tutte le vittime della violenza, in particolare per quelle dell\u2019attentato avvenuto questa mattina in Indonesia, davanti alla Cattedrale di Makassar. Ci aiuti la Madonna, che sempre ci precede sul sentiero della fede.<\/p>\n","protected":false},"excerpt":{"rendered":"<p>Il Papa all&#8217;Angelus prega per le vittime dell&#8217;attentato in Indonesia<\/p>\n","protected":false},"author":17,"featured_media":8425,"comment_status":"closed","ping_status":"closed","sticky":false,"template":"","format":"standard","meta":{"_acf_changed":false,"_crdt_document":"","inline_featured_image":false,"footnotes":""},"categories":[69,67,297],"tags":[250,1064,669,1279,287,251],"class_list":["post-8424","post","type-post","status-publish","format-standard","has-post-thumbnail","hentry","category-angelus-it","category-leone-xiv","category-ultime-notizie","tag-angelus-it","tag-croce","tag-gesu","tag-indonesia-it","tag-pandemia","tag-papa-francesco"],"acf":[],"yoast_head":"<!-- This site is optimized with the Yoast SEO plugin v27.4 - https:\/\/yoast.com\/product\/yoast-seo-wordpress\/ -->\n<title>&quot;Ges\u00f9 prende la croce, si fa carico del male&quot; &#8211; Exaudi<\/title>\n<meta name=\"description\" content=\"Il Papa all&#039;Angelus: in questo tempo di pandemia Ges\u00f9 prende la croce e si fa carico del male. Strage in Indonesia, preghiera per le vittime\" \/>\n<meta name=\"robots\" content=\"index, follow, max-snippet:-1, max-image-preview:large, max-video-preview:-1\" \/>\n<link rel=\"canonical\" href=\"https:\/\/exaudi.org\/it\/gesu-prende-la-croce-si-fa-carico-del-male\/\" \/>\n<meta property=\"og:locale\" content=\"it_IT\" \/>\n<meta property=\"og:type\" content=\"article\" \/>\n<meta property=\"og:title\" content=\"&quot;Ges\u00f9 prende la croce, si fa carico del male&quot; &#8211; Exaudi\" \/>\n<meta property=\"og:description\" content=\"Il Papa all&#039;Angelus: in questo tempo di pandemia Ges\u00f9 prende la croce e si fa carico del male. Strage in Indonesia, preghiera per le vittime\" \/>\n<meta property=\"og:url\" content=\"https:\/\/exaudi.org\/it\/gesu-prende-la-croce-si-fa-carico-del-male\/\" \/>\n<meta property=\"og:site_name\" content=\"Exaudi\" \/>\n<meta property=\"article:publisher\" content=\"https:\/\/www.facebook.com\/ExaudiNews\" \/>\n<meta property=\"article:author\" content=\"https:\/\/www.facebook.com\/ExaudiNotizie\/\" \/>\n<meta property=\"article:published_time\" content=\"2021-03-28T11:33:01+00:00\" \/>\n<meta property=\"og:image\" content=\"https:\/\/exaudi.org\/wp-content\/uploads\/2021\/03\/Angelus-2.jpeg\" \/>\n\t<meta property=\"og:image:width\" content=\"750\" \/>\n\t<meta property=\"og:image:height\" content=\"422\" \/>\n\t<meta property=\"og:image:type\" content=\"image\/jpeg\" \/>\n<meta name=\"author\" content=\"Exaudi Redazione\" \/>\n<meta name=\"twitter:card\" content=\"summary_large_image\" \/>\n<meta name=\"twitter:creator\" content=\"@Exaudi_Notizie\" \/>\n<meta name=\"twitter:site\" content=\"@Exaudi_News\" \/>\n<meta name=\"twitter:label1\" content=\"Scritto da\" \/>\n\t<meta name=\"twitter:data1\" content=\"Exaudi Redazione\" \/>\n\t<meta name=\"twitter:label2\" content=\"Tempo di lettura stimato\" \/>\n\t<meta name=\"twitter:data2\" content=\"2 minuti\" \/>\n<script type=\"application\/ld+json\" class=\"yoast-schema-graph\">{\"@context\":\"https:\\\/\\\/schema.org\",\"@graph\":[{\"@type\":\"Article\",\"@id\":\"https:\\\/\\\/exaudi.org\\\/it\\\/gesu-prende-la-croce-si-fa-carico-del-male\\\/#article\",\"isPartOf\":{\"@id\":\"https:\\\/\\\/exaudi.org\\\/it\\\/gesu-prende-la-croce-si-fa-carico-del-male\\\/\"},\"author\":{\"name\":\"Exaudi Redazione\",\"@id\":\"https:\\\/\\\/exaudi.org\\\/#\\\/schema\\\/person\\\/e1ab6ed07c01774724dd96f925f3a5f0\"},\"headline\":\"&#8220;Ges\u00f9 prende la croce, si fa carico del male&#8221;\",\"datePublished\":\"2021-03-28T11:33:01+00:00\",\"mainEntityOfPage\":{\"@id\":\"https:\\\/\\\/exaudi.org\\\/it\\\/gesu-prende-la-croce-si-fa-carico-del-male\\\/\"},\"wordCount\":323,\"image\":{\"@id\":\"https:\\\/\\\/exaudi.org\\\/it\\\/gesu-prende-la-croce-si-fa-carico-del-male\\\/#primaryimage\"},\"thumbnailUrl\":\"https:\\\/\\\/exaudi.org\\\/wp-content\\\/uploads\\\/2021\\\/03\\\/Angelus-2.jpeg\",\"keywords\":[\"\u00e1ngelus\",\"croce\",\"Ges\u00f9\",\"indonesia\",\"pandemia\",\"Papa Francesco\"],\"articleSection\":[\"Angelus\",\"Leone XIV\",\"Ultime Notizie\"],\"inLanguage\":\"it-IT\"},{\"@type\":\"WebPage\",\"@id\":\"https:\\\/\\\/exaudi.org\\\/it\\\/gesu-prende-la-croce-si-fa-carico-del-male\\\/\",\"url\":\"https:\\\/\\\/exaudi.org\\\/it\\\/gesu-prende-la-croce-si-fa-carico-del-male\\\/\",\"name\":\"\\\"Ges\u00f9 prende la croce, si fa carico del male\\\" &#8211; Exaudi\",\"isPartOf\":{\"@id\":\"https:\\\/\\\/exaudi.org\\\/#website\"},\"primaryImageOfPage\":{\"@id\":\"https:\\\/\\\/exaudi.org\\\/it\\\/gesu-prende-la-croce-si-fa-carico-del-male\\\/#primaryimage\"},\"image\":{\"@id\":\"https:\\\/\\\/exaudi.org\\\/it\\\/gesu-prende-la-croce-si-fa-carico-del-male\\\/#primaryimage\"},\"thumbnailUrl\":\"https:\\\/\\\/exaudi.org\\\/wp-content\\\/uploads\\\/2021\\\/03\\\/Angelus-2.jpeg\",\"datePublished\":\"2021-03-28T11:33:01+00:00\",\"author\":{\"@id\":\"https:\\\/\\\/exaudi.org\\\/#\\\/schema\\\/person\\\/e1ab6ed07c01774724dd96f925f3a5f0\"},\"description\":\"Il Papa all'Angelus: in questo tempo di pandemia Ges\u00f9 prende la croce e si fa carico del male. Strage in Indonesia, preghiera per le vittime\",\"breadcrumb\":{\"@id\":\"https:\\\/\\\/exaudi.org\\\/it\\\/gesu-prende-la-croce-si-fa-carico-del-male\\\/#breadcrumb\"},\"inLanguage\":\"it-IT\",\"potentialAction\":[{\"@type\":\"ReadAction\",\"target\":[\"https:\\\/\\\/exaudi.org\\\/it\\\/gesu-prende-la-croce-si-fa-carico-del-male\\\/\"]}]},{\"@type\":\"ImageObject\",\"inLanguage\":\"it-IT\",\"@id\":\"https:\\\/\\\/exaudi.org\\\/it\\\/gesu-prende-la-croce-si-fa-carico-del-male\\\/#primaryimage\",\"url\":\"https:\\\/\\\/exaudi.org\\\/wp-content\\\/uploads\\\/2021\\\/03\\\/Angelus-2.jpeg\",\"contentUrl\":\"https:\\\/\\\/exaudi.org\\\/wp-content\\\/uploads\\\/2021\\\/03\\\/Angelus-2.jpeg\",\"width\":750,\"height\":422,\"caption\":\"La celebrazione a San Pietro \u00a9 Vatican Media\"},{\"@type\":\"BreadcrumbList\",\"@id\":\"https:\\\/\\\/exaudi.org\\\/it\\\/gesu-prende-la-croce-si-fa-carico-del-male\\\/#breadcrumb\",\"itemListElement\":[{\"@type\":\"ListItem\",\"position\":1,\"name\":\"Portada\",\"item\":\"https:\\\/\\\/exaudi.org\\\/it\\\/\"},{\"@type\":\"ListItem\",\"position\":2,\"name\":\"&#8220;Ges\u00f9 prende la croce, si fa carico del male&#8221;\"}]},{\"@type\":\"WebSite\",\"@id\":\"https:\\\/\\\/exaudi.org\\\/#website\",\"url\":\"https:\\\/\\\/exaudi.org\\\/\",\"name\":\"Exaudi\",\"description\":\"News\",\"potentialAction\":[{\"@type\":\"SearchAction\",\"target\":{\"@type\":\"EntryPoint\",\"urlTemplate\":\"https:\\\/\\\/exaudi.org\\\/?s={search_term_string}\"},\"query-input\":{\"@type\":\"PropertyValueSpecification\",\"valueRequired\":true,\"valueName\":\"search_term_string\"}}],\"inLanguage\":\"it-IT\"},{\"@type\":\"Person\",\"@id\":\"https:\\\/\\\/exaudi.org\\\/#\\\/schema\\\/person\\\/e1ab6ed07c01774724dd96f925f3a5f0\",\"name\":\"Exaudi Redazione\",\"image\":{\"@type\":\"ImageObject\",\"inLanguage\":\"it-IT\",\"@id\":\"https:\\\/\\\/secure.gravatar.com\\\/avatar\\\/ad6774b3ada023bf5b939d64f45c94b3adf91502dd883507d469b4308a943bb3?s=96&d=mm&r=g\",\"url\":\"https:\\\/\\\/secure.gravatar.com\\\/avatar\\\/ad6774b3ada023bf5b939d64f45c94b3adf91502dd883507d469b4308a943bb3?s=96&d=mm&r=g\",\"contentUrl\":\"https:\\\/\\\/secure.gravatar.com\\\/avatar\\\/ad6774b3ada023bf5b939d64f45c94b3adf91502dd883507d469b4308a943bb3?s=96&d=mm&r=g\",\"caption\":\"Exaudi Redazione\"},\"description\":\"Che cosa \u00e8 Exaudi News? Exaudi News \u00e8 un agenzia cattolica internazionale che informa, istruisce e trasforma quotidianamente in spagnolo, inglese e italiano. Attraverso notizie, articoli di analisi e trasmissioni in diretta degli eventi del Papa, Exaudi cerca di rafforzare l'unit\u00e0 dei cristiani e di contribuire all'evangelizzazione del mondo, sempre guidato dalla dottrina sociale della Chiesa. Lavoriamo per portare la verit\u00e0 e i valori cristiani in ogni angolo del pianeta. Aiutaci a trasformare il mondo con Exaudi! Noi di Exaudi crediamo che l'evangelizzazione e l'informazione di qualit\u00e0 possano cambiare la vita. Per continuare la nostra missione ed espandere la nostra portata, abbiamo bisogno del tuo aiuto. Stiamo anche cercando persone motivate che vogliano unirsi al nostro team. Grazie al vostro sostegno raggiungeremo pi\u00f9 persone, diffonderemo il messaggio di Cristo e rafforzeremo l'unit\u00e0 dei cristiani. Vuoi unirti alla nostra missione? Per maggiori informazioni su come contribuire, visita Exaudi.org\\\/it o contattaci direttamente: info@exaudi.org Exaudi: informa, forma e trasforma.\",\"sameAs\":[\"https:\\\/\\\/www.facebook.com\\\/ExaudiNotizie\\\/\",\"https:\\\/\\\/www.instagram.com\\\/Exaudi_notizie\\\/\",\"https:\\\/\\\/x.com\\\/Exaudi_Notizie\",\"https:\\\/\\\/www.youtube.com\\\/@exaudicatholicnews\"],\"url\":\"https:\\\/\\\/exaudi.org\\\/it\\\/author\\\/dlvedi-org\\\/\"}]}<\/script>\n<!-- \/ Yoast SEO plugin. -->","yoast_head_json":{"title":"\"Ges\u00f9 prende la croce, si fa carico del male\" &#8211; Exaudi","description":"Il Papa all'Angelus: in questo tempo di pandemia Ges\u00f9 prende la croce e si fa carico del male. Strage in Indonesia, preghiera per le vittime","robots":{"index":"index","follow":"follow","max-snippet":"max-snippet:-1","max-image-preview":"max-image-preview:large","max-video-preview":"max-video-preview:-1"},"canonical":"https:\/\/exaudi.org\/it\/gesu-prende-la-croce-si-fa-carico-del-male\/","og_locale":"it_IT","og_type":"article","og_title":"\"Ges\u00f9 prende la croce, si fa carico del male\" &#8211; Exaudi","og_description":"Il Papa all'Angelus: in questo tempo di pandemia Ges\u00f9 prende la croce e si fa carico del male. Strage in Indonesia, preghiera per le vittime","og_url":"https:\/\/exaudi.org\/it\/gesu-prende-la-croce-si-fa-carico-del-male\/","og_site_name":"Exaudi","article_publisher":"https:\/\/www.facebook.com\/ExaudiNews","article_author":"https:\/\/www.facebook.com\/ExaudiNotizie\/","article_published_time":"2021-03-28T11:33:01+00:00","og_image":[{"width":750,"height":422,"url":"https:\/\/exaudi.org\/wp-content\/uploads\/2021\/03\/Angelus-2.jpeg","type":"image\/jpeg"}],"author":"Exaudi Redazione","twitter_card":"summary_large_image","twitter_creator":"@Exaudi_Notizie","twitter_site":"@Exaudi_News","twitter_misc":{"Scritto da":"Exaudi Redazione","Tempo di lettura stimato":"2 minuti"},"schema":{"@context":"https:\/\/schema.org","@graph":[{"@type":"Article","@id":"https:\/\/exaudi.org\/it\/gesu-prende-la-croce-si-fa-carico-del-male\/#article","isPartOf":{"@id":"https:\/\/exaudi.org\/it\/gesu-prende-la-croce-si-fa-carico-del-male\/"},"author":{"name":"Exaudi Redazione","@id":"https:\/\/exaudi.org\/#\/schema\/person\/e1ab6ed07c01774724dd96f925f3a5f0"},"headline":"&#8220;Ges\u00f9 prende la croce, si fa carico del male&#8221;","datePublished":"2021-03-28T11:33:01+00:00","mainEntityOfPage":{"@id":"https:\/\/exaudi.org\/it\/gesu-prende-la-croce-si-fa-carico-del-male\/"},"wordCount":323,"image":{"@id":"https:\/\/exaudi.org\/it\/gesu-prende-la-croce-si-fa-carico-del-male\/#primaryimage"},"thumbnailUrl":"https:\/\/exaudi.org\/wp-content\/uploads\/2021\/03\/Angelus-2.jpeg","keywords":["\u00e1ngelus","croce","Ges\u00f9","indonesia","pandemia","Papa Francesco"],"articleSection":["Angelus","Leone XIV","Ultime Notizie"],"inLanguage":"it-IT"},{"@type":"WebPage","@id":"https:\/\/exaudi.org\/it\/gesu-prende-la-croce-si-fa-carico-del-male\/","url":"https:\/\/exaudi.org\/it\/gesu-prende-la-croce-si-fa-carico-del-male\/","name":"\"Ges\u00f9 prende la croce, si fa carico del male\" &#8211; Exaudi","isPartOf":{"@id":"https:\/\/exaudi.org\/#website"},"primaryImageOfPage":{"@id":"https:\/\/exaudi.org\/it\/gesu-prende-la-croce-si-fa-carico-del-male\/#primaryimage"},"image":{"@id":"https:\/\/exaudi.org\/it\/gesu-prende-la-croce-si-fa-carico-del-male\/#primaryimage"},"thumbnailUrl":"https:\/\/exaudi.org\/wp-content\/uploads\/2021\/03\/Angelus-2.jpeg","datePublished":"2021-03-28T11:33:01+00:00","author":{"@id":"https:\/\/exaudi.org\/#\/schema\/person\/e1ab6ed07c01774724dd96f925f3a5f0"},"description":"Il Papa all'Angelus: in questo tempo di pandemia Ges\u00f9 prende la croce e si fa carico del male. Strage in Indonesia, preghiera per le vittime","breadcrumb":{"@id":"https:\/\/exaudi.org\/it\/gesu-prende-la-croce-si-fa-carico-del-male\/#breadcrumb"},"inLanguage":"it-IT","potentialAction":[{"@type":"ReadAction","target":["https:\/\/exaudi.org\/it\/gesu-prende-la-croce-si-fa-carico-del-male\/"]}]},{"@type":"ImageObject","inLanguage":"it-IT","@id":"https:\/\/exaudi.org\/it\/gesu-prende-la-croce-si-fa-carico-del-male\/#primaryimage","url":"https:\/\/exaudi.org\/wp-content\/uploads\/2021\/03\/Angelus-2.jpeg","contentUrl":"https:\/\/exaudi.org\/wp-content\/uploads\/2021\/03\/Angelus-2.jpeg","width":750,"height":422,"caption":"La celebrazione a San Pietro \u00a9 Vatican Media"},{"@type":"BreadcrumbList","@id":"https:\/\/exaudi.org\/it\/gesu-prende-la-croce-si-fa-carico-del-male\/#breadcrumb","itemListElement":[{"@type":"ListItem","position":1,"name":"Portada","item":"https:\/\/exaudi.org\/it\/"},{"@type":"ListItem","position":2,"name":"&#8220;Ges\u00f9 prende la croce, si fa carico del male&#8221;"}]},{"@type":"WebSite","@id":"https:\/\/exaudi.org\/#website","url":"https:\/\/exaudi.org\/","name":"Exaudi","description":"News","potentialAction":[{"@type":"SearchAction","target":{"@type":"EntryPoint","urlTemplate":"https:\/\/exaudi.org\/?s={search_term_string}"},"query-input":{"@type":"PropertyValueSpecification","valueRequired":true,"valueName":"search_term_string"}}],"inLanguage":"it-IT"},{"@type":"Person","@id":"https:\/\/exaudi.org\/#\/schema\/person\/e1ab6ed07c01774724dd96f925f3a5f0","name":"Exaudi Redazione","image":{"@type":"ImageObject","inLanguage":"it-IT","@id":"https:\/\/secure.gravatar.com\/avatar\/ad6774b3ada023bf5b939d64f45c94b3adf91502dd883507d469b4308a943bb3?s=96&d=mm&r=g","url":"https:\/\/secure.gravatar.com\/avatar\/ad6774b3ada023bf5b939d64f45c94b3adf91502dd883507d469b4308a943bb3?s=96&d=mm&r=g","contentUrl":"https:\/\/secure.gravatar.com\/avatar\/ad6774b3ada023bf5b939d64f45c94b3adf91502dd883507d469b4308a943bb3?s=96&d=mm&r=g","caption":"Exaudi Redazione"},"description":"Che cosa \u00e8 Exaudi News? Exaudi News \u00e8 un agenzia cattolica internazionale che informa, istruisce e trasforma quotidianamente in spagnolo, inglese e italiano. Attraverso notizie, articoli di analisi e trasmissioni in diretta degli eventi del Papa, Exaudi cerca di rafforzare l'unit\u00e0 dei cristiani e di contribuire all'evangelizzazione del mondo, sempre guidato dalla dottrina sociale della Chiesa. Lavoriamo per portare la verit\u00e0 e i valori cristiani in ogni angolo del pianeta. Aiutaci a trasformare il mondo con Exaudi! Noi di Exaudi crediamo che l'evangelizzazione e l'informazione di qualit\u00e0 possano cambiare la vita. Per continuare la nostra missione ed espandere la nostra portata, abbiamo bisogno del tuo aiuto. Stiamo anche cercando persone motivate che vogliano unirsi al nostro team. Grazie al vostro sostegno raggiungeremo pi\u00f9 persone, diffonderemo il messaggio di Cristo e rafforzeremo l'unit\u00e0 dei cristiani. Vuoi unirti alla nostra missione? Per maggiori informazioni su come contribuire, visita Exaudi.org\/it o contattaci direttamente: info@exaudi.org Exaudi: informa, forma e trasforma.","sameAs":["https:\/\/www.facebook.com\/ExaudiNotizie\/","https:\/\/www.instagram.com\/Exaudi_notizie\/","https:\/\/x.com\/Exaudi_Notizie","https:\/\/www.youtube.com\/@exaudicatholicnews"],"url":"https:\/\/exaudi.org\/it\/author\/dlvedi-org\/"}]}},"jetpack_featured_media_url":"https:\/\/exaudi.org\/wp-content\/uploads\/2021\/03\/Angelus-2.jpeg","jetpack_shortlink":"https:\/\/wp.me\/pgKjF2-2bS","_links":{"self":[{"href":"https:\/\/exaudi.org\/it\/wp-json\/wp\/v2\/posts\/8424","targetHints":{"allow":["GET"]}}],"collection":[{"href":"https:\/\/exaudi.org\/it\/wp-json\/wp\/v2\/posts"}],"about":[{"href":"https:\/\/exaudi.org\/it\/wp-json\/wp\/v2\/types\/post"}],"author":[{"embeddable":true,"href":"https:\/\/exaudi.org\/it\/wp-json\/wp\/v2\/users\/17"}],"replies":[{"embeddable":true,"href":"https:\/\/exaudi.org\/it\/wp-json\/wp\/v2\/comments?post=8424"}],"version-history":[{"count":0,"href":"https:\/\/exaudi.org\/it\/wp-json\/wp\/v2\/posts\/8424\/revisions"}],"wp:featuredmedia":[{"embeddable":true,"href":"https:\/\/exaudi.org\/it\/wp-json\/wp\/v2\/media\/8425"}],"wp:attachment":[{"href":"https:\/\/exaudi.org\/it\/wp-json\/wp\/v2\/media?parent=8424"}],"wp:term":[{"taxonomy":"category","embeddable":true,"href":"https:\/\/exaudi.org\/it\/wp-json\/wp\/v2\/categories?post=8424"},{"taxonomy":"post_tag","embeddable":true,"href":"https:\/\/exaudi.org\/it\/wp-json\/wp\/v2\/tags?post=8424"}],"curies":[{"name":"wp","href":"https:\/\/api.w.org\/{rel}","templated":true}]}}