{"id":84158,"date":"2023-09-22T16:35:05","date_gmt":"2023-09-22T14:35:05","guid":{"rendered":"https:\/\/exaudi.org\/?p=84158"},"modified":"2023-09-22T16:35:05","modified_gmt":"2023-09-22T14:35:05","slug":"simposio-ecumenico-a-pannonhalma-cercare-la-pace-in-un-mondo-frammentato","status":"publish","type":"post","link":"https:\/\/exaudi.org\/it\/simposio-ecumenico-a-pannonhalma-cercare-la-pace-in-un-mondo-frammentato\/","title":{"rendered":"&#8220;Simposio ecumenico a Pannonhalma: cercare la pace in un mondo frammentato&#8221;"},"content":{"rendered":"<p>Pubblichiamo di seguito il Messaggio che Papa Francesco ha inviato ai partecipanti al Simposio Ecumenico nell\u2019Abbazia di Pannonhalma (Ungheria):<\/p>\n<p>&nbsp;<\/p>\n<p><a name=\"mess\"><\/a><b><u>Messaggio del Santo Padre<\/u><\/b><\/p>\n<p>Santit\u00e0, caro Fratello Bartolomeo,<br \/>\nReverendissimo Arciabate Cirill,<br \/>\nstimata comunit\u00e0 monastica di Pannonhalma,<br \/>\ncari partecipanti al Simposio!<\/p>\n<p>\u00abGrazia a voi e pace da colui che \u00e8, che era e che viene\u00bb (<i>Ap<\/i>\u00a01,4).<\/p>\n<p>Vi siete riuniti, cari fratelli e sorelle, in codesto Convegno ecumenico per considerare e approfondire, nel clima di preghiera della storica Arciabbazia di Pannonhalma, il tema della pace nei suoi molteplici aspetti.<\/p>\n<p>Lo state facendo mentre purtroppo l\u2019umanit\u00e0 globalizzata \u00e8 ferita e minacciata da una guerra mondiale a pezzi, che, combattuta direttamente in alcune regioni del pianeta, ha per\u00f2 conseguenze che danneggiano la vita di tutti, specialmente dei pi\u00f9 poveri.<\/p>\n<p>Vi siete dati appuntamento in un luogo che eminentemente richiama la \u201c<i>pax benedictina<\/i>\u201d. Quando il santo Papa Paolo VI dichiar\u00f2 San Benedetto patrono d\u2019Europa, lo defin\u00ec \u00abmessaggero di pace, realizzatore di unione, maestro di civilt\u00e0\u00bb (Lett. Ap.\u00a0<i>Pacis nuntius<\/i>, 24 ottobre 1964).<\/p>\n<p>\u00abCerca la pace e seguila\u00bb (<i>Sal<\/i>\u00a034,15;\u00a0<i>Regola di S. Benedetto [RB]<\/i>, Prol., 17): San Benedetto raccomanda calorosamente queste parole del salmo ai suoi monaci fin dal prologo della sua Regola. Coloro che sono costantemente alla ricerca della pace dovrebbero diventare essi stessi messaggeri di pace con le loro parole e con le loro azioni.<\/p>\n<p>La Regola di Benedetto non contiene una trattazione sul tema della pace, ma piuttosto pu\u00f2 essere adottata come ottima guida per un impegno consapevole e pratico a favore della pace. Il Santo Abate la scrisse pensando ai monaci, ma il suo messaggio va ben oltre le mura dei monasteri. Essa mostra come la convivenza umana, con la grazia di Dio, possa superare i pericoli dovuti a dispute e discordie.<\/p>\n<p>Lo sguardo di Benedetto \u00e8 molto lucido circa le differenze e le disuguaglianze che esistono tra i membri della comunit\u00e0. Egli conosce la complessit\u00e0 delle impronte linguistiche, etniche e culturali, che rappresenta allo stesso tempo una ricchezza e un potenziale di conflitto. Eppure, egli ha una visione serena e pacifica, perch\u00e9 \u00e8 pienamente convinto della pari dignit\u00e0 e del pari valore di tutti gli esseri umani.<\/p>\n<p>Anche gli\u00a0<i>hospites<\/i>, ovvero gli stranieri, devono essere accolti secondo tale principio (cfr\u00a0<i>RB<\/i>, 53, 1). \u00abOnorare tutti gli uomini\u00bb (<i>ibid<\/i>., 4,8) \u00e8 il fondamento della pace nella comunit\u00e0 monastica, cos\u00ec come nelle relazioni interpersonali, sociali e internazionali. \u00abSi prevengano l\u2019un l\u2019altro nel rendersi onore\u00bb (<i>ibid.<\/i>, 72,4); e questo significa anche saper fare il primo passo in certe situazioni difficili.<\/p>\n<p>La visione di pace di San Benedetto non \u00e8 utopistica, ma orienta ad un cammino che l\u2019amicizia di Dio verso gli uomini ha gi\u00e0 tracciato e che, tuttavia, dev\u2019essere percorso da ciascuno e dalla comunit\u00e0 passo dopo passo.<\/p>\n<p>La discordia non deve trasformarsi in stato permanente. \u00abNell\u2019eventualit\u00e0 di un contrasto con un fratello, stabilire la pace prima del tramonto del sole\u00bb (<i>ibid<\/i>., 4,73). \u201cPrima del tramonto\u201d: questa \u00e8 la misura della prontezza del desiderio di pace. Benedetto mette certamente in guardia contro \u00abun falso saluto di pace\u00bb (<i>ibid<\/i>. 4,25), frettoloso e insincero, ma la ricerca della pace nella giustizia non sopporta alcun ritardo, va perseguita senza esitazioni.<\/p>\n<p>Ripeto quindi quanto ho affermato all\u2019inizio di quest\u2019anno rivolgendomi ai membri del Corpo diplomatico accreditato presso la Santa Sede: \u00abCostruire la pace esige che sia perseguita la giustizia. [&#8230;] Non si tratta dunque di costruire blocchi di alleanze, ma di creare opportunit\u00e0 perch\u00e9 tutti possano dialogare\u00bb (9 gennaio 2023).<\/p>\n<p>Cari fratelli e sorelle, rimaniamo noi stessi sulla via della pace; diventiamo noi stessi messaggeri e servitori della pace nel luogo in cui viviamo e lavoriamo! Ma soprattutto preghiamo per la pace! In questo momento, la guerra in Ucraina ci ha drammaticamente chiamato ad aprire gli occhi e il cuore verso tante popolazioni che soffrono a causa della guerra, memori delle parole del Concilio Vaticano II: \u00abOgni atto di guerra, che mira indiscriminatamente alla distruzione di intere citt\u00e0 o di vaste regioni e dei loro abitanti, \u00e8 delitto contro Dio e contro la stessa umanit\u00e0 e va condannato con fermezza e senza esitazione\u201d (Cost. past.\u00a0<i>Gaudium et spes<\/i>, 80).<\/p>\n<p>Per intercessione di San Benedetto chiediamo a Dio Uno e Trino che il mondo sia liberato dal flagello della guerra e possa crescere \u00abun\u2019intesa tra i popoli che assicuri per tutti i continenti la giustizia e il pane, la libert\u00e0 e la pace\u00bb (C.M. Martini, Preghiera per l\u2019Europa).<\/p>\n<p>Auspicando i migliori frutti per il vostro Simposio, rinnovo il mio saluto a tutti voi, cari fratelli e sorelle, e ringraziandovi per le vostre preghiere vi benedico di cuore.<\/p>\n<p><i>Dal Vaticano, 24 agosto 2023<\/i><\/p>\n<p>FRANCESCO<\/p>\n","protected":false},"excerpt":{"rendered":"<p>L&#8217;appello di Papa Francesco per la pace in tempi di conflitto globale<\/p>\n","protected":false},"author":17,"featured_media":84163,"comment_status":"closed","ping_status":"closed","sticky":false,"template":"","format":"standard","meta":{"_acf_changed":false,"_crdt_document":"","inline_featured_image":false,"footnotes":""},"categories":[73,67],"tags":[251,4952,4056],"class_list":["post-84158","post","type-post","status-publish","format-standard","has-post-thumbnail","hentry","category-chiesa-e-mondo","category-leone-xiv","tag-papa-francesco","tag-trending-it","tag-ungheria"],"acf":[],"yoast_head":"<!-- This site is optimized with the Yoast SEO plugin v27.4 - https:\/\/yoast.com\/product\/yoast-seo-wordpress\/ -->\n<title>&quot;Simposio ecumenico a Pannonhalma: cercare la pace in un mondo frammentato&quot; &#8211; Exaudi<\/title>\n<meta name=\"robots\" content=\"index, follow, max-snippet:-1, max-image-preview:large, max-video-preview:-1\" \/>\n<link rel=\"canonical\" href=\"https:\/\/exaudi.org\/it\/simposio-ecumenico-a-pannonhalma-cercare-la-pace-in-un-mondo-frammentato\/\" \/>\n<meta property=\"og:locale\" content=\"it_IT\" \/>\n<meta property=\"og:type\" content=\"article\" \/>\n<meta property=\"og:title\" content=\"&quot;Simposio ecumenico a Pannonhalma: cercare la pace in un mondo frammentato&quot; &#8211; Exaudi\" \/>\n<meta property=\"og:description\" content=\"L&#039;appello di Papa Francesco per la pace in tempi di conflitto globale\" \/>\n<meta property=\"og:url\" content=\"https:\/\/exaudi.org\/it\/simposio-ecumenico-a-pannonhalma-cercare-la-pace-in-un-mondo-frammentato\/\" \/>\n<meta property=\"og:site_name\" content=\"Exaudi\" \/>\n<meta property=\"article:publisher\" content=\"https:\/\/www.facebook.com\/ExaudiNews\" \/>\n<meta property=\"article:author\" content=\"https:\/\/www.facebook.com\/ExaudiNotizie\/\" \/>\n<meta property=\"article:published_time\" content=\"2023-09-22T14:35:05+00:00\" \/>\n<meta property=\"og:image\" content=\"https:\/\/exaudi.org\/wp-content\/uploads\/2023\/09\/cq5dam.thumbnail.cropped.750.422-23.jpeg\" \/>\n\t<meta property=\"og:image:width\" content=\"750\" \/>\n\t<meta property=\"og:image:height\" content=\"422\" \/>\n\t<meta property=\"og:image:type\" content=\"image\/jpeg\" \/>\n<meta name=\"author\" content=\"Exaudi Redazione\" \/>\n<meta name=\"twitter:card\" content=\"summary_large_image\" \/>\n<meta name=\"twitter:creator\" content=\"@Exaudi_Notizie\" \/>\n<meta name=\"twitter:site\" content=\"@Exaudi_News\" \/>\n<meta name=\"twitter:label1\" content=\"Scritto da\" \/>\n\t<meta name=\"twitter:data1\" content=\"Exaudi Redazione\" \/>\n\t<meta name=\"twitter:label2\" content=\"Tempo di lettura stimato\" \/>\n\t<meta name=\"twitter:data2\" content=\"4 minuti\" \/>\n<script type=\"application\/ld+json\" class=\"yoast-schema-graph\">{\"@context\":\"https:\\\/\\\/schema.org\",\"@graph\":[{\"@type\":\"Article\",\"@id\":\"https:\\\/\\\/exaudi.org\\\/it\\\/simposio-ecumenico-a-pannonhalma-cercare-la-pace-in-un-mondo-frammentato\\\/#article\",\"isPartOf\":{\"@id\":\"https:\\\/\\\/exaudi.org\\\/it\\\/simposio-ecumenico-a-pannonhalma-cercare-la-pace-in-un-mondo-frammentato\\\/\"},\"author\":{\"name\":\"Exaudi Redazione\",\"@id\":\"https:\\\/\\\/exaudi.org\\\/#\\\/schema\\\/person\\\/e1ab6ed07c01774724dd96f925f3a5f0\"},\"headline\":\"&#8220;Simposio ecumenico a Pannonhalma: cercare la pace in un mondo frammentato&#8221;\",\"datePublished\":\"2023-09-22T14:35:05+00:00\",\"mainEntityOfPage\":{\"@id\":\"https:\\\/\\\/exaudi.org\\\/it\\\/simposio-ecumenico-a-pannonhalma-cercare-la-pace-in-un-mondo-frammentato\\\/\"},\"wordCount\":765,\"image\":{\"@id\":\"https:\\\/\\\/exaudi.org\\\/it\\\/simposio-ecumenico-a-pannonhalma-cercare-la-pace-in-un-mondo-frammentato\\\/#primaryimage\"},\"thumbnailUrl\":\"https:\\\/\\\/exaudi.org\\\/wp-content\\\/uploads\\\/2023\\\/09\\\/cq5dam.thumbnail.cropped.750.422-23.jpeg\",\"keywords\":[\"Papa Francesco\",\"Trending\",\"Ungheria\"],\"articleSection\":[\"Chiesa e Mondo\",\"Leone XIV\"],\"inLanguage\":\"it-IT\"},{\"@type\":\"WebPage\",\"@id\":\"https:\\\/\\\/exaudi.org\\\/it\\\/simposio-ecumenico-a-pannonhalma-cercare-la-pace-in-un-mondo-frammentato\\\/\",\"url\":\"https:\\\/\\\/exaudi.org\\\/it\\\/simposio-ecumenico-a-pannonhalma-cercare-la-pace-in-un-mondo-frammentato\\\/\",\"name\":\"\\\"Simposio ecumenico a Pannonhalma: cercare la pace in un mondo frammentato\\\" &#8211; Exaudi\",\"isPartOf\":{\"@id\":\"https:\\\/\\\/exaudi.org\\\/#website\"},\"primaryImageOfPage\":{\"@id\":\"https:\\\/\\\/exaudi.org\\\/it\\\/simposio-ecumenico-a-pannonhalma-cercare-la-pace-in-un-mondo-frammentato\\\/#primaryimage\"},\"image\":{\"@id\":\"https:\\\/\\\/exaudi.org\\\/it\\\/simposio-ecumenico-a-pannonhalma-cercare-la-pace-in-un-mondo-frammentato\\\/#primaryimage\"},\"thumbnailUrl\":\"https:\\\/\\\/exaudi.org\\\/wp-content\\\/uploads\\\/2023\\\/09\\\/cq5dam.thumbnail.cropped.750.422-23.jpeg\",\"datePublished\":\"2023-09-22T14:35:05+00:00\",\"author\":{\"@id\":\"https:\\\/\\\/exaudi.org\\\/#\\\/schema\\\/person\\\/e1ab6ed07c01774724dd96f925f3a5f0\"},\"breadcrumb\":{\"@id\":\"https:\\\/\\\/exaudi.org\\\/it\\\/simposio-ecumenico-a-pannonhalma-cercare-la-pace-in-un-mondo-frammentato\\\/#breadcrumb\"},\"inLanguage\":\"it-IT\",\"potentialAction\":[{\"@type\":\"ReadAction\",\"target\":[\"https:\\\/\\\/exaudi.org\\\/it\\\/simposio-ecumenico-a-pannonhalma-cercare-la-pace-in-un-mondo-frammentato\\\/\"]}]},{\"@type\":\"ImageObject\",\"inLanguage\":\"it-IT\",\"@id\":\"https:\\\/\\\/exaudi.org\\\/it\\\/simposio-ecumenico-a-pannonhalma-cercare-la-pace-in-un-mondo-frammentato\\\/#primaryimage\",\"url\":\"https:\\\/\\\/exaudi.org\\\/wp-content\\\/uploads\\\/2023\\\/09\\\/cq5dam.thumbnail.cropped.750.422-23.jpeg\",\"contentUrl\":\"https:\\\/\\\/exaudi.org\\\/wp-content\\\/uploads\\\/2023\\\/09\\\/cq5dam.thumbnail.cropped.750.422-23.jpeg\",\"width\":750,\"height\":422,\"caption\":\"L'arciabbazia di Pannonhalma, in Ungheria - Vatican News\"},{\"@type\":\"BreadcrumbList\",\"@id\":\"https:\\\/\\\/exaudi.org\\\/it\\\/simposio-ecumenico-a-pannonhalma-cercare-la-pace-in-un-mondo-frammentato\\\/#breadcrumb\",\"itemListElement\":[{\"@type\":\"ListItem\",\"position\":1,\"name\":\"Portada\",\"item\":\"https:\\\/\\\/exaudi.org\\\/it\\\/\"},{\"@type\":\"ListItem\",\"position\":2,\"name\":\"&#8220;Simposio ecumenico a Pannonhalma: cercare la pace in un mondo frammentato&#8221;\"}]},{\"@type\":\"WebSite\",\"@id\":\"https:\\\/\\\/exaudi.org\\\/#website\",\"url\":\"https:\\\/\\\/exaudi.org\\\/\",\"name\":\"Exaudi\",\"description\":\"News\",\"potentialAction\":[{\"@type\":\"SearchAction\",\"target\":{\"@type\":\"EntryPoint\",\"urlTemplate\":\"https:\\\/\\\/exaudi.org\\\/?s={search_term_string}\"},\"query-input\":{\"@type\":\"PropertyValueSpecification\",\"valueRequired\":true,\"valueName\":\"search_term_string\"}}],\"inLanguage\":\"it-IT\"},{\"@type\":\"Person\",\"@id\":\"https:\\\/\\\/exaudi.org\\\/#\\\/schema\\\/person\\\/e1ab6ed07c01774724dd96f925f3a5f0\",\"name\":\"Exaudi Redazione\",\"image\":{\"@type\":\"ImageObject\",\"inLanguage\":\"it-IT\",\"@id\":\"https:\\\/\\\/secure.gravatar.com\\\/avatar\\\/ad6774b3ada023bf5b939d64f45c94b3adf91502dd883507d469b4308a943bb3?s=96&d=mm&r=g\",\"url\":\"https:\\\/\\\/secure.gravatar.com\\\/avatar\\\/ad6774b3ada023bf5b939d64f45c94b3adf91502dd883507d469b4308a943bb3?s=96&d=mm&r=g\",\"contentUrl\":\"https:\\\/\\\/secure.gravatar.com\\\/avatar\\\/ad6774b3ada023bf5b939d64f45c94b3adf91502dd883507d469b4308a943bb3?s=96&d=mm&r=g\",\"caption\":\"Exaudi Redazione\"},\"description\":\"Che cosa \u00e8 Exaudi News? Exaudi News \u00e8 un agenzia cattolica internazionale che informa, istruisce e trasforma quotidianamente in spagnolo, inglese e italiano. Attraverso notizie, articoli di analisi e trasmissioni in diretta degli eventi del Papa, Exaudi cerca di rafforzare l'unit\u00e0 dei cristiani e di contribuire all'evangelizzazione del mondo, sempre guidato dalla dottrina sociale della Chiesa. Lavoriamo per portare la verit\u00e0 e i valori cristiani in ogni angolo del pianeta. Aiutaci a trasformare il mondo con Exaudi! Noi di Exaudi crediamo che l'evangelizzazione e l'informazione di qualit\u00e0 possano cambiare la vita. Per continuare la nostra missione ed espandere la nostra portata, abbiamo bisogno del tuo aiuto. Stiamo anche cercando persone motivate che vogliano unirsi al nostro team. Grazie al vostro sostegno raggiungeremo pi\u00f9 persone, diffonderemo il messaggio di Cristo e rafforzeremo l'unit\u00e0 dei cristiani. Vuoi unirti alla nostra missione? Per maggiori informazioni su come contribuire, visita Exaudi.org\\\/it o contattaci direttamente: info@exaudi.org Exaudi: informa, forma e trasforma.\",\"sameAs\":[\"https:\\\/\\\/www.facebook.com\\\/ExaudiNotizie\\\/\",\"https:\\\/\\\/www.instagram.com\\\/Exaudi_notizie\\\/\",\"https:\\\/\\\/x.com\\\/Exaudi_Notizie\",\"https:\\\/\\\/www.youtube.com\\\/@exaudicatholicnews\"],\"url\":\"https:\\\/\\\/exaudi.org\\\/it\\\/author\\\/dlvedi-org\\\/\"}]}<\/script>\n<!-- \/ Yoast SEO plugin. -->","yoast_head_json":{"title":"\"Simposio ecumenico a Pannonhalma: cercare la pace in un mondo frammentato\" &#8211; Exaudi","robots":{"index":"index","follow":"follow","max-snippet":"max-snippet:-1","max-image-preview":"max-image-preview:large","max-video-preview":"max-video-preview:-1"},"canonical":"https:\/\/exaudi.org\/it\/simposio-ecumenico-a-pannonhalma-cercare-la-pace-in-un-mondo-frammentato\/","og_locale":"it_IT","og_type":"article","og_title":"\"Simposio ecumenico a Pannonhalma: cercare la pace in un mondo frammentato\" &#8211; Exaudi","og_description":"L'appello di Papa Francesco per la pace in tempi di conflitto globale","og_url":"https:\/\/exaudi.org\/it\/simposio-ecumenico-a-pannonhalma-cercare-la-pace-in-un-mondo-frammentato\/","og_site_name":"Exaudi","article_publisher":"https:\/\/www.facebook.com\/ExaudiNews","article_author":"https:\/\/www.facebook.com\/ExaudiNotizie\/","article_published_time":"2023-09-22T14:35:05+00:00","og_image":[{"width":750,"height":422,"url":"https:\/\/exaudi.org\/wp-content\/uploads\/2023\/09\/cq5dam.thumbnail.cropped.750.422-23.jpeg","type":"image\/jpeg"}],"author":"Exaudi Redazione","twitter_card":"summary_large_image","twitter_creator":"@Exaudi_Notizie","twitter_site":"@Exaudi_News","twitter_misc":{"Scritto da":"Exaudi Redazione","Tempo di lettura stimato":"4 minuti"},"schema":{"@context":"https:\/\/schema.org","@graph":[{"@type":"Article","@id":"https:\/\/exaudi.org\/it\/simposio-ecumenico-a-pannonhalma-cercare-la-pace-in-un-mondo-frammentato\/#article","isPartOf":{"@id":"https:\/\/exaudi.org\/it\/simposio-ecumenico-a-pannonhalma-cercare-la-pace-in-un-mondo-frammentato\/"},"author":{"name":"Exaudi Redazione","@id":"https:\/\/exaudi.org\/#\/schema\/person\/e1ab6ed07c01774724dd96f925f3a5f0"},"headline":"&#8220;Simposio ecumenico a Pannonhalma: cercare la pace in un mondo frammentato&#8221;","datePublished":"2023-09-22T14:35:05+00:00","mainEntityOfPage":{"@id":"https:\/\/exaudi.org\/it\/simposio-ecumenico-a-pannonhalma-cercare-la-pace-in-un-mondo-frammentato\/"},"wordCount":765,"image":{"@id":"https:\/\/exaudi.org\/it\/simposio-ecumenico-a-pannonhalma-cercare-la-pace-in-un-mondo-frammentato\/#primaryimage"},"thumbnailUrl":"https:\/\/exaudi.org\/wp-content\/uploads\/2023\/09\/cq5dam.thumbnail.cropped.750.422-23.jpeg","keywords":["Papa Francesco","Trending","Ungheria"],"articleSection":["Chiesa e Mondo","Leone XIV"],"inLanguage":"it-IT"},{"@type":"WebPage","@id":"https:\/\/exaudi.org\/it\/simposio-ecumenico-a-pannonhalma-cercare-la-pace-in-un-mondo-frammentato\/","url":"https:\/\/exaudi.org\/it\/simposio-ecumenico-a-pannonhalma-cercare-la-pace-in-un-mondo-frammentato\/","name":"\"Simposio ecumenico a Pannonhalma: cercare la pace in un mondo frammentato\" &#8211; Exaudi","isPartOf":{"@id":"https:\/\/exaudi.org\/#website"},"primaryImageOfPage":{"@id":"https:\/\/exaudi.org\/it\/simposio-ecumenico-a-pannonhalma-cercare-la-pace-in-un-mondo-frammentato\/#primaryimage"},"image":{"@id":"https:\/\/exaudi.org\/it\/simposio-ecumenico-a-pannonhalma-cercare-la-pace-in-un-mondo-frammentato\/#primaryimage"},"thumbnailUrl":"https:\/\/exaudi.org\/wp-content\/uploads\/2023\/09\/cq5dam.thumbnail.cropped.750.422-23.jpeg","datePublished":"2023-09-22T14:35:05+00:00","author":{"@id":"https:\/\/exaudi.org\/#\/schema\/person\/e1ab6ed07c01774724dd96f925f3a5f0"},"breadcrumb":{"@id":"https:\/\/exaudi.org\/it\/simposio-ecumenico-a-pannonhalma-cercare-la-pace-in-un-mondo-frammentato\/#breadcrumb"},"inLanguage":"it-IT","potentialAction":[{"@type":"ReadAction","target":["https:\/\/exaudi.org\/it\/simposio-ecumenico-a-pannonhalma-cercare-la-pace-in-un-mondo-frammentato\/"]}]},{"@type":"ImageObject","inLanguage":"it-IT","@id":"https:\/\/exaudi.org\/it\/simposio-ecumenico-a-pannonhalma-cercare-la-pace-in-un-mondo-frammentato\/#primaryimage","url":"https:\/\/exaudi.org\/wp-content\/uploads\/2023\/09\/cq5dam.thumbnail.cropped.750.422-23.jpeg","contentUrl":"https:\/\/exaudi.org\/wp-content\/uploads\/2023\/09\/cq5dam.thumbnail.cropped.750.422-23.jpeg","width":750,"height":422,"caption":"L'arciabbazia di Pannonhalma, in Ungheria - Vatican News"},{"@type":"BreadcrumbList","@id":"https:\/\/exaudi.org\/it\/simposio-ecumenico-a-pannonhalma-cercare-la-pace-in-un-mondo-frammentato\/#breadcrumb","itemListElement":[{"@type":"ListItem","position":1,"name":"Portada","item":"https:\/\/exaudi.org\/it\/"},{"@type":"ListItem","position":2,"name":"&#8220;Simposio ecumenico a Pannonhalma: cercare la pace in un mondo frammentato&#8221;"}]},{"@type":"WebSite","@id":"https:\/\/exaudi.org\/#website","url":"https:\/\/exaudi.org\/","name":"Exaudi","description":"News","potentialAction":[{"@type":"SearchAction","target":{"@type":"EntryPoint","urlTemplate":"https:\/\/exaudi.org\/?s={search_term_string}"},"query-input":{"@type":"PropertyValueSpecification","valueRequired":true,"valueName":"search_term_string"}}],"inLanguage":"it-IT"},{"@type":"Person","@id":"https:\/\/exaudi.org\/#\/schema\/person\/e1ab6ed07c01774724dd96f925f3a5f0","name":"Exaudi Redazione","image":{"@type":"ImageObject","inLanguage":"it-IT","@id":"https:\/\/secure.gravatar.com\/avatar\/ad6774b3ada023bf5b939d64f45c94b3adf91502dd883507d469b4308a943bb3?s=96&d=mm&r=g","url":"https:\/\/secure.gravatar.com\/avatar\/ad6774b3ada023bf5b939d64f45c94b3adf91502dd883507d469b4308a943bb3?s=96&d=mm&r=g","contentUrl":"https:\/\/secure.gravatar.com\/avatar\/ad6774b3ada023bf5b939d64f45c94b3adf91502dd883507d469b4308a943bb3?s=96&d=mm&r=g","caption":"Exaudi Redazione"},"description":"Che cosa \u00e8 Exaudi News? Exaudi News \u00e8 un agenzia cattolica internazionale che informa, istruisce e trasforma quotidianamente in spagnolo, inglese e italiano. Attraverso notizie, articoli di analisi e trasmissioni in diretta degli eventi del Papa, Exaudi cerca di rafforzare l'unit\u00e0 dei cristiani e di contribuire all'evangelizzazione del mondo, sempre guidato dalla dottrina sociale della Chiesa. Lavoriamo per portare la verit\u00e0 e i valori cristiani in ogni angolo del pianeta. Aiutaci a trasformare il mondo con Exaudi! Noi di Exaudi crediamo che l'evangelizzazione e l'informazione di qualit\u00e0 possano cambiare la vita. Per continuare la nostra missione ed espandere la nostra portata, abbiamo bisogno del tuo aiuto. Stiamo anche cercando persone motivate che vogliano unirsi al nostro team. Grazie al vostro sostegno raggiungeremo pi\u00f9 persone, diffonderemo il messaggio di Cristo e rafforzeremo l'unit\u00e0 dei cristiani. Vuoi unirti alla nostra missione? Per maggiori informazioni su come contribuire, visita Exaudi.org\/it o contattaci direttamente: info@exaudi.org Exaudi: informa, forma e trasforma.","sameAs":["https:\/\/www.facebook.com\/ExaudiNotizie\/","https:\/\/www.instagram.com\/Exaudi_notizie\/","https:\/\/x.com\/Exaudi_Notizie","https:\/\/www.youtube.com\/@exaudicatholicnews"],"url":"https:\/\/exaudi.org\/it\/author\/dlvedi-org\/"}]}},"jetpack_featured_media_url":"https:\/\/exaudi.org\/wp-content\/uploads\/2023\/09\/cq5dam.thumbnail.cropped.750.422-23.jpeg","jetpack_shortlink":"https:\/\/wp.me\/pgKjF2-lTo","_links":{"self":[{"href":"https:\/\/exaudi.org\/it\/wp-json\/wp\/v2\/posts\/84158","targetHints":{"allow":["GET"]}}],"collection":[{"href":"https:\/\/exaudi.org\/it\/wp-json\/wp\/v2\/posts"}],"about":[{"href":"https:\/\/exaudi.org\/it\/wp-json\/wp\/v2\/types\/post"}],"author":[{"embeddable":true,"href":"https:\/\/exaudi.org\/it\/wp-json\/wp\/v2\/users\/17"}],"replies":[{"embeddable":true,"href":"https:\/\/exaudi.org\/it\/wp-json\/wp\/v2\/comments?post=84158"}],"version-history":[{"count":0,"href":"https:\/\/exaudi.org\/it\/wp-json\/wp\/v2\/posts\/84158\/revisions"}],"wp:featuredmedia":[{"embeddable":true,"href":"https:\/\/exaudi.org\/it\/wp-json\/wp\/v2\/media\/84163"}],"wp:attachment":[{"href":"https:\/\/exaudi.org\/it\/wp-json\/wp\/v2\/media?parent=84158"}],"wp:term":[{"taxonomy":"category","embeddable":true,"href":"https:\/\/exaudi.org\/it\/wp-json\/wp\/v2\/categories?post=84158"},{"taxonomy":"post_tag","embeddable":true,"href":"https:\/\/exaudi.org\/it\/wp-json\/wp\/v2\/tags?post=84158"}],"curies":[{"name":"wp","href":"https:\/\/api.w.org\/{rel}","templated":true}]}}