{"id":84151,"date":"2023-09-22T16:05:29","date_gmt":"2023-09-22T14:05:29","guid":{"rendered":"https:\/\/exaudi.org\/?p=84151"},"modified":"2023-09-22T16:05:29","modified_gmt":"2023-09-22T14:05:29","slug":"papa-francesco-sbarca-a-marsiglia-per-un-evento-di-portata-mondiale","status":"publish","type":"post","link":"https:\/\/exaudi.org\/it\/papa-francesco-sbarca-a-marsiglia-per-un-evento-di-portata-mondiale\/","title":{"rendered":"&#8220;Papa Francesco sbarca a Marsiglia per un evento di portata mondiale&#8221;"},"content":{"rendered":"<p>La visita del Papa entusiasma sia i cattolici che i musulmani, poich\u00e9 \u00e8 la prima volta in cinque secoli che un Papa visita la citt\u00e0. Negli &#8220;Incontri del Mediterraneo&#8221;, persone di fedi diverse lavorano insieme per la pace nella regione. Marsiglia \u00e8 un crogiolo di culture, con una forte comunit\u00e0 musulmana, ebraica e altre comunit\u00e0 religiose.<\/p>\n<p><b><u>La partenza da Roma<\/u><\/b><\/p>\n<p>Ha avuto inizio oggi il 44\u00b0 Viaggio Apostolico Internazionale di Papa Francesco che parte per Marsiglia in Francia per la conclusione dei\u00a0<i>Rencontres M\u00e9diterran\u00e9ennes<\/i>.<\/p>\n<p><a name=\"_GoBack\"><\/a>Questo pomeriggio a Casa Santa Marta, prima della sua partenza per Marsiglia, Papa Francesco ha salutato circa 20 donne ospitate nella casa Dono di Maria. Con loro erano presenti alcune Suore Missionarie della Carit\u00e0, alla cui cura sono affidate.<\/p>\n<p>Giunto all\u2019Aeroporto Internazionale di Roma-Fiumicino, alle ore 14.45 \u2013 a bordo di un A320 neo\/ITA Airways \u2013 il Santo Padre \u00e8 partito alla volta di Marsiglia.<\/p>\n<p>L\u2019atterraggio all\u2019Aeroporto Internazionale di Marsiglia \u00e8 previsto per le ore 16.15.<\/p>\n<p>&nbsp;<\/p>\n<p><a name=\"it\"><\/a><b><u>Telegramma al Presidente della Repubblica Italiana<\/u><\/b><\/p>\n<p>Nel momento di lasciare il territorio italiano, il Santo Padre Francesco ha inviato al Presidente della Repubblica Italiana, On. Sergio Mattarella, il seguente telegramma:<\/p>\n<p>A SUA ECCELLENZA<br \/>\nON. SERGIO MATTARELLA<br \/>\nPRESIDENTE DELLA REPUBBLICA ITALIANA<br \/>\nPALAZZO DEL QUIRINALE 00187 ROMA<\/p>\n<p>NEL MOMENTO IN CUI LASCIO ROMA PER RECARMI IN VISITA A MARSIGLIA, DOVE PRENDER\u00d2 PARTE A UN INCONTRO CHE RIUNISCE CHIESE E CITT\u00c0 MEDITERRANEE ALLO SCOPO DI RIFLETTERE SULLE SFIDE DELL\u2019ACCOGLIENZA, DELL\u2019INTEGRAZIONE E DELLA FRATERNIT\u00c0, COS\u00cc DA FAVORIRE IL DIALOGO INTERCULTURALE E PROMUOVERE VIE DI PACE, MI \u00c8 CARO RIVOLGERE A LEI, SIGNOR PRESIDENTE, IL MIO DEFERENTE SALUTO, CHE ACCOMPAGNO CON FERVIDI AUSPICI PER IL BENESSERE SPIRITUALE E SOCIALE DEL POPOLO ITALIANO, CUI VOLENTIERI INVIO LA MIA BENEDIZIONE.<\/p>\n<p>FRANCESCO<\/p>\n","protected":false},"excerpt":{"rendered":"<p>44\u00b0 Viaggio Apostolico Internazionale <\/p>\n","protected":false},"author":17,"featured_media":84152,"comment_status":"closed","ping_status":"closed","sticky":false,"template":"","format":"standard","meta":{"_acf_changed":false,"_crdt_document":"","inline_featured_image":false,"footnotes":""},"categories":[73,125],"tags":[10143,10077,251,4952],"class_list":["post-84151","post","type-post","status-publish","format-standard","has-post-thumbnail","hentry","category-chiesa-e-mondo","category-viaggi-papali","tag-islam-3","tag-marsiglia","tag-papa-francesco","tag-trending-it"],"acf":[],"yoast_head":"<!-- This site is optimized with the Yoast SEO plugin v27.4 - https:\/\/yoast.com\/product\/yoast-seo-wordpress\/ -->\n<title>&quot;Papa Francesco sbarca a Marsiglia per un evento di portata mondiale&quot; &#8211; Exaudi<\/title>\n<meta name=\"robots\" content=\"index, follow, max-snippet:-1, max-image-preview:large, max-video-preview:-1\" \/>\n<link rel=\"canonical\" href=\"https:\/\/exaudi.org\/it\/papa-francesco-sbarca-a-marsiglia-per-un-evento-di-portata-mondiale\/\" \/>\n<meta property=\"og:locale\" content=\"it_IT\" \/>\n<meta property=\"og:type\" content=\"article\" \/>\n<meta property=\"og:title\" content=\"&quot;Papa Francesco sbarca a Marsiglia per un evento di portata mondiale&quot; &#8211; Exaudi\" \/>\n<meta property=\"og:description\" content=\"44\u00b0 Viaggio Apostolico Internazionale\" \/>\n<meta property=\"og:url\" content=\"https:\/\/exaudi.org\/it\/papa-francesco-sbarca-a-marsiglia-per-un-evento-di-portata-mondiale\/\" \/>\n<meta property=\"og:site_name\" content=\"Exaudi\" \/>\n<meta property=\"article:publisher\" content=\"https:\/\/www.facebook.com\/ExaudiNews\" \/>\n<meta property=\"article:author\" content=\"https:\/\/www.facebook.com\/ExaudiNotizie\/\" \/>\n<meta property=\"article:published_time\" content=\"2023-09-22T14:05:29+00:00\" \/>\n<meta property=\"og:image\" content=\"https:\/\/exaudi.org\/wp-content\/uploads\/2023\/09\/ACN-20221019-135102-1155x770-2.jpeg\" \/>\n\t<meta property=\"og:image:width\" content=\"750\" \/>\n\t<meta property=\"og:image:height\" content=\"422\" \/>\n\t<meta property=\"og:image:type\" content=\"image\/jpeg\" \/>\n<meta name=\"author\" content=\"Exaudi Redazione\" \/>\n<meta name=\"twitter:card\" content=\"summary_large_image\" \/>\n<meta name=\"twitter:creator\" content=\"@Exaudi_Notizie\" \/>\n<meta name=\"twitter:site\" content=\"@Exaudi_News\" \/>\n<meta name=\"twitter:label1\" content=\"Scritto da\" \/>\n\t<meta name=\"twitter:data1\" content=\"Exaudi Redazione\" \/>\n\t<meta name=\"twitter:label2\" content=\"Tempo di lettura stimato\" \/>\n\t<meta name=\"twitter:data2\" content=\"1 minuto\" \/>\n<script type=\"application\/ld+json\" class=\"yoast-schema-graph\">{\"@context\":\"https:\\\/\\\/schema.org\",\"@graph\":[{\"@type\":\"Article\",\"@id\":\"https:\\\/\\\/exaudi.org\\\/it\\\/papa-francesco-sbarca-a-marsiglia-per-un-evento-di-portata-mondiale\\\/#article\",\"isPartOf\":{\"@id\":\"https:\\\/\\\/exaudi.org\\\/it\\\/papa-francesco-sbarca-a-marsiglia-per-un-evento-di-portata-mondiale\\\/\"},\"author\":{\"name\":\"Exaudi Redazione\",\"@id\":\"https:\\\/\\\/exaudi.org\\\/#\\\/schema\\\/person\\\/e1ab6ed07c01774724dd96f925f3a5f0\"},\"headline\":\"&#8220;Papa Francesco sbarca a Marsiglia per un evento di portata mondiale&#8221;\",\"datePublished\":\"2023-09-22T14:05:29+00:00\",\"mainEntityOfPage\":{\"@id\":\"https:\\\/\\\/exaudi.org\\\/it\\\/papa-francesco-sbarca-a-marsiglia-per-un-evento-di-portata-mondiale\\\/\"},\"wordCount\":292,\"image\":{\"@id\":\"https:\\\/\\\/exaudi.org\\\/it\\\/papa-francesco-sbarca-a-marsiglia-per-un-evento-di-portata-mondiale\\\/#primaryimage\"},\"thumbnailUrl\":\"https:\\\/\\\/exaudi.org\\\/wp-content\\\/uploads\\\/2023\\\/09\\\/ACN-20221019-135102-1155x770-2.jpeg\",\"keywords\":[\"Islam\",\"Marsiglia\",\"Papa Francesco\",\"Trending\"],\"articleSection\":[\"Chiesa e Mondo\",\"Viaggi papali\"],\"inLanguage\":\"it-IT\"},{\"@type\":\"WebPage\",\"@id\":\"https:\\\/\\\/exaudi.org\\\/it\\\/papa-francesco-sbarca-a-marsiglia-per-un-evento-di-portata-mondiale\\\/\",\"url\":\"https:\\\/\\\/exaudi.org\\\/it\\\/papa-francesco-sbarca-a-marsiglia-per-un-evento-di-portata-mondiale\\\/\",\"name\":\"\\\"Papa Francesco sbarca a Marsiglia per un evento di portata mondiale\\\" &#8211; Exaudi\",\"isPartOf\":{\"@id\":\"https:\\\/\\\/exaudi.org\\\/#website\"},\"primaryImageOfPage\":{\"@id\":\"https:\\\/\\\/exaudi.org\\\/it\\\/papa-francesco-sbarca-a-marsiglia-per-un-evento-di-portata-mondiale\\\/#primaryimage\"},\"image\":{\"@id\":\"https:\\\/\\\/exaudi.org\\\/it\\\/papa-francesco-sbarca-a-marsiglia-per-un-evento-di-portata-mondiale\\\/#primaryimage\"},\"thumbnailUrl\":\"https:\\\/\\\/exaudi.org\\\/wp-content\\\/uploads\\\/2023\\\/09\\\/ACN-20221019-135102-1155x770-2.jpeg\",\"datePublished\":\"2023-09-22T14:05:29+00:00\",\"author\":{\"@id\":\"https:\\\/\\\/exaudi.org\\\/#\\\/schema\\\/person\\\/e1ab6ed07c01774724dd96f925f3a5f0\"},\"breadcrumb\":{\"@id\":\"https:\\\/\\\/exaudi.org\\\/it\\\/papa-francesco-sbarca-a-marsiglia-per-un-evento-di-portata-mondiale\\\/#breadcrumb\"},\"inLanguage\":\"it-IT\",\"potentialAction\":[{\"@type\":\"ReadAction\",\"target\":[\"https:\\\/\\\/exaudi.org\\\/it\\\/papa-francesco-sbarca-a-marsiglia-per-un-evento-di-portata-mondiale\\\/\"]}]},{\"@type\":\"ImageObject\",\"inLanguage\":\"it-IT\",\"@id\":\"https:\\\/\\\/exaudi.org\\\/it\\\/papa-francesco-sbarca-a-marsiglia-per-un-evento-di-portata-mondiale\\\/#primaryimage\",\"url\":\"https:\\\/\\\/exaudi.org\\\/wp-content\\\/uploads\\\/2023\\\/09\\\/ACN-20221019-135102-1155x770-2.jpeg\",\"contentUrl\":\"https:\\\/\\\/exaudi.org\\\/wp-content\\\/uploads\\\/2023\\\/09\\\/ACN-20221019-135102-1155x770-2.jpeg\",\"width\":750,\"height\":422,\"caption\":\"Vatican News\"},{\"@type\":\"BreadcrumbList\",\"@id\":\"https:\\\/\\\/exaudi.org\\\/it\\\/papa-francesco-sbarca-a-marsiglia-per-un-evento-di-portata-mondiale\\\/#breadcrumb\",\"itemListElement\":[{\"@type\":\"ListItem\",\"position\":1,\"name\":\"Portada\",\"item\":\"https:\\\/\\\/exaudi.org\\\/it\\\/\"},{\"@type\":\"ListItem\",\"position\":2,\"name\":\"&#8220;Papa Francesco sbarca a Marsiglia per un evento di portata mondiale&#8221;\"}]},{\"@type\":\"WebSite\",\"@id\":\"https:\\\/\\\/exaudi.org\\\/#website\",\"url\":\"https:\\\/\\\/exaudi.org\\\/\",\"name\":\"Exaudi\",\"description\":\"News\",\"potentialAction\":[{\"@type\":\"SearchAction\",\"target\":{\"@type\":\"EntryPoint\",\"urlTemplate\":\"https:\\\/\\\/exaudi.org\\\/?s={search_term_string}\"},\"query-input\":{\"@type\":\"PropertyValueSpecification\",\"valueRequired\":true,\"valueName\":\"search_term_string\"}}],\"inLanguage\":\"it-IT\"},{\"@type\":\"Person\",\"@id\":\"https:\\\/\\\/exaudi.org\\\/#\\\/schema\\\/person\\\/e1ab6ed07c01774724dd96f925f3a5f0\",\"name\":\"Exaudi Redazione\",\"image\":{\"@type\":\"ImageObject\",\"inLanguage\":\"it-IT\",\"@id\":\"https:\\\/\\\/secure.gravatar.com\\\/avatar\\\/ad6774b3ada023bf5b939d64f45c94b3adf91502dd883507d469b4308a943bb3?s=96&d=mm&r=g\",\"url\":\"https:\\\/\\\/secure.gravatar.com\\\/avatar\\\/ad6774b3ada023bf5b939d64f45c94b3adf91502dd883507d469b4308a943bb3?s=96&d=mm&r=g\",\"contentUrl\":\"https:\\\/\\\/secure.gravatar.com\\\/avatar\\\/ad6774b3ada023bf5b939d64f45c94b3adf91502dd883507d469b4308a943bb3?s=96&d=mm&r=g\",\"caption\":\"Exaudi Redazione\"},\"description\":\"Che cosa \u00e8 Exaudi News? Exaudi News \u00e8 un agenzia cattolica internazionale che informa, istruisce e trasforma quotidianamente in spagnolo, inglese e italiano. Attraverso notizie, articoli di analisi e trasmissioni in diretta degli eventi del Papa, Exaudi cerca di rafforzare l'unit\u00e0 dei cristiani e di contribuire all'evangelizzazione del mondo, sempre guidato dalla dottrina sociale della Chiesa. Lavoriamo per portare la verit\u00e0 e i valori cristiani in ogni angolo del pianeta. Aiutaci a trasformare il mondo con Exaudi! Noi di Exaudi crediamo che l'evangelizzazione e l'informazione di qualit\u00e0 possano cambiare la vita. Per continuare la nostra missione ed espandere la nostra portata, abbiamo bisogno del tuo aiuto. Stiamo anche cercando persone motivate che vogliano unirsi al nostro team. Grazie al vostro sostegno raggiungeremo pi\u00f9 persone, diffonderemo il messaggio di Cristo e rafforzeremo l'unit\u00e0 dei cristiani. Vuoi unirti alla nostra missione? Per maggiori informazioni su come contribuire, visita Exaudi.org\\\/it o contattaci direttamente: info@exaudi.org Exaudi: informa, forma e trasforma.\",\"sameAs\":[\"https:\\\/\\\/www.facebook.com\\\/ExaudiNotizie\\\/\",\"https:\\\/\\\/www.instagram.com\\\/Exaudi_notizie\\\/\",\"https:\\\/\\\/x.com\\\/Exaudi_Notizie\",\"https:\\\/\\\/www.youtube.com\\\/@exaudicatholicnews\"],\"url\":\"https:\\\/\\\/exaudi.org\\\/it\\\/author\\\/dlvedi-org\\\/\"}]}<\/script>\n<!-- \/ Yoast SEO plugin. -->","yoast_head_json":{"title":"\"Papa Francesco sbarca a Marsiglia per un evento di portata mondiale\" &#8211; Exaudi","robots":{"index":"index","follow":"follow","max-snippet":"max-snippet:-1","max-image-preview":"max-image-preview:large","max-video-preview":"max-video-preview:-1"},"canonical":"https:\/\/exaudi.org\/it\/papa-francesco-sbarca-a-marsiglia-per-un-evento-di-portata-mondiale\/","og_locale":"it_IT","og_type":"article","og_title":"\"Papa Francesco sbarca a Marsiglia per un evento di portata mondiale\" &#8211; Exaudi","og_description":"44\u00b0 Viaggio Apostolico Internazionale","og_url":"https:\/\/exaudi.org\/it\/papa-francesco-sbarca-a-marsiglia-per-un-evento-di-portata-mondiale\/","og_site_name":"Exaudi","article_publisher":"https:\/\/www.facebook.com\/ExaudiNews","article_author":"https:\/\/www.facebook.com\/ExaudiNotizie\/","article_published_time":"2023-09-22T14:05:29+00:00","og_image":[{"width":750,"height":422,"url":"https:\/\/exaudi.org\/wp-content\/uploads\/2023\/09\/ACN-20221019-135102-1155x770-2.jpeg","type":"image\/jpeg"}],"author":"Exaudi Redazione","twitter_card":"summary_large_image","twitter_creator":"@Exaudi_Notizie","twitter_site":"@Exaudi_News","twitter_misc":{"Scritto da":"Exaudi Redazione","Tempo di lettura stimato":"1 minuto"},"schema":{"@context":"https:\/\/schema.org","@graph":[{"@type":"Article","@id":"https:\/\/exaudi.org\/it\/papa-francesco-sbarca-a-marsiglia-per-un-evento-di-portata-mondiale\/#article","isPartOf":{"@id":"https:\/\/exaudi.org\/it\/papa-francesco-sbarca-a-marsiglia-per-un-evento-di-portata-mondiale\/"},"author":{"name":"Exaudi Redazione","@id":"https:\/\/exaudi.org\/#\/schema\/person\/e1ab6ed07c01774724dd96f925f3a5f0"},"headline":"&#8220;Papa Francesco sbarca a Marsiglia per un evento di portata mondiale&#8221;","datePublished":"2023-09-22T14:05:29+00:00","mainEntityOfPage":{"@id":"https:\/\/exaudi.org\/it\/papa-francesco-sbarca-a-marsiglia-per-un-evento-di-portata-mondiale\/"},"wordCount":292,"image":{"@id":"https:\/\/exaudi.org\/it\/papa-francesco-sbarca-a-marsiglia-per-un-evento-di-portata-mondiale\/#primaryimage"},"thumbnailUrl":"https:\/\/exaudi.org\/wp-content\/uploads\/2023\/09\/ACN-20221019-135102-1155x770-2.jpeg","keywords":["Islam","Marsiglia","Papa Francesco","Trending"],"articleSection":["Chiesa e Mondo","Viaggi papali"],"inLanguage":"it-IT"},{"@type":"WebPage","@id":"https:\/\/exaudi.org\/it\/papa-francesco-sbarca-a-marsiglia-per-un-evento-di-portata-mondiale\/","url":"https:\/\/exaudi.org\/it\/papa-francesco-sbarca-a-marsiglia-per-un-evento-di-portata-mondiale\/","name":"\"Papa Francesco sbarca a Marsiglia per un evento di portata mondiale\" &#8211; Exaudi","isPartOf":{"@id":"https:\/\/exaudi.org\/#website"},"primaryImageOfPage":{"@id":"https:\/\/exaudi.org\/it\/papa-francesco-sbarca-a-marsiglia-per-un-evento-di-portata-mondiale\/#primaryimage"},"image":{"@id":"https:\/\/exaudi.org\/it\/papa-francesco-sbarca-a-marsiglia-per-un-evento-di-portata-mondiale\/#primaryimage"},"thumbnailUrl":"https:\/\/exaudi.org\/wp-content\/uploads\/2023\/09\/ACN-20221019-135102-1155x770-2.jpeg","datePublished":"2023-09-22T14:05:29+00:00","author":{"@id":"https:\/\/exaudi.org\/#\/schema\/person\/e1ab6ed07c01774724dd96f925f3a5f0"},"breadcrumb":{"@id":"https:\/\/exaudi.org\/it\/papa-francesco-sbarca-a-marsiglia-per-un-evento-di-portata-mondiale\/#breadcrumb"},"inLanguage":"it-IT","potentialAction":[{"@type":"ReadAction","target":["https:\/\/exaudi.org\/it\/papa-francesco-sbarca-a-marsiglia-per-un-evento-di-portata-mondiale\/"]}]},{"@type":"ImageObject","inLanguage":"it-IT","@id":"https:\/\/exaudi.org\/it\/papa-francesco-sbarca-a-marsiglia-per-un-evento-di-portata-mondiale\/#primaryimage","url":"https:\/\/exaudi.org\/wp-content\/uploads\/2023\/09\/ACN-20221019-135102-1155x770-2.jpeg","contentUrl":"https:\/\/exaudi.org\/wp-content\/uploads\/2023\/09\/ACN-20221019-135102-1155x770-2.jpeg","width":750,"height":422,"caption":"Vatican News"},{"@type":"BreadcrumbList","@id":"https:\/\/exaudi.org\/it\/papa-francesco-sbarca-a-marsiglia-per-un-evento-di-portata-mondiale\/#breadcrumb","itemListElement":[{"@type":"ListItem","position":1,"name":"Portada","item":"https:\/\/exaudi.org\/it\/"},{"@type":"ListItem","position":2,"name":"&#8220;Papa Francesco sbarca a Marsiglia per un evento di portata mondiale&#8221;"}]},{"@type":"WebSite","@id":"https:\/\/exaudi.org\/#website","url":"https:\/\/exaudi.org\/","name":"Exaudi","description":"News","potentialAction":[{"@type":"SearchAction","target":{"@type":"EntryPoint","urlTemplate":"https:\/\/exaudi.org\/?s={search_term_string}"},"query-input":{"@type":"PropertyValueSpecification","valueRequired":true,"valueName":"search_term_string"}}],"inLanguage":"it-IT"},{"@type":"Person","@id":"https:\/\/exaudi.org\/#\/schema\/person\/e1ab6ed07c01774724dd96f925f3a5f0","name":"Exaudi Redazione","image":{"@type":"ImageObject","inLanguage":"it-IT","@id":"https:\/\/secure.gravatar.com\/avatar\/ad6774b3ada023bf5b939d64f45c94b3adf91502dd883507d469b4308a943bb3?s=96&d=mm&r=g","url":"https:\/\/secure.gravatar.com\/avatar\/ad6774b3ada023bf5b939d64f45c94b3adf91502dd883507d469b4308a943bb3?s=96&d=mm&r=g","contentUrl":"https:\/\/secure.gravatar.com\/avatar\/ad6774b3ada023bf5b939d64f45c94b3adf91502dd883507d469b4308a943bb3?s=96&d=mm&r=g","caption":"Exaudi Redazione"},"description":"Che cosa \u00e8 Exaudi News? Exaudi News \u00e8 un agenzia cattolica internazionale che informa, istruisce e trasforma quotidianamente in spagnolo, inglese e italiano. Attraverso notizie, articoli di analisi e trasmissioni in diretta degli eventi del Papa, Exaudi cerca di rafforzare l'unit\u00e0 dei cristiani e di contribuire all'evangelizzazione del mondo, sempre guidato dalla dottrina sociale della Chiesa. Lavoriamo per portare la verit\u00e0 e i valori cristiani in ogni angolo del pianeta. Aiutaci a trasformare il mondo con Exaudi! Noi di Exaudi crediamo che l'evangelizzazione e l'informazione di qualit\u00e0 possano cambiare la vita. Per continuare la nostra missione ed espandere la nostra portata, abbiamo bisogno del tuo aiuto. Stiamo anche cercando persone motivate che vogliano unirsi al nostro team. Grazie al vostro sostegno raggiungeremo pi\u00f9 persone, diffonderemo il messaggio di Cristo e rafforzeremo l'unit\u00e0 dei cristiani. Vuoi unirti alla nostra missione? Per maggiori informazioni su come contribuire, visita Exaudi.org\/it o contattaci direttamente: info@exaudi.org Exaudi: informa, forma e trasforma.","sameAs":["https:\/\/www.facebook.com\/ExaudiNotizie\/","https:\/\/www.instagram.com\/Exaudi_notizie\/","https:\/\/x.com\/Exaudi_Notizie","https:\/\/www.youtube.com\/@exaudicatholicnews"],"url":"https:\/\/exaudi.org\/it\/author\/dlvedi-org\/"}]}},"jetpack_featured_media_url":"https:\/\/exaudi.org\/wp-content\/uploads\/2023\/09\/ACN-20221019-135102-1155x770-2.jpeg","jetpack_shortlink":"https:\/\/wp.me\/pgKjF2-lTh","_links":{"self":[{"href":"https:\/\/exaudi.org\/it\/wp-json\/wp\/v2\/posts\/84151","targetHints":{"allow":["GET"]}}],"collection":[{"href":"https:\/\/exaudi.org\/it\/wp-json\/wp\/v2\/posts"}],"about":[{"href":"https:\/\/exaudi.org\/it\/wp-json\/wp\/v2\/types\/post"}],"author":[{"embeddable":true,"href":"https:\/\/exaudi.org\/it\/wp-json\/wp\/v2\/users\/17"}],"replies":[{"embeddable":true,"href":"https:\/\/exaudi.org\/it\/wp-json\/wp\/v2\/comments?post=84151"}],"version-history":[{"count":0,"href":"https:\/\/exaudi.org\/it\/wp-json\/wp\/v2\/posts\/84151\/revisions"}],"wp:featuredmedia":[{"embeddable":true,"href":"https:\/\/exaudi.org\/it\/wp-json\/wp\/v2\/media\/84152"}],"wp:attachment":[{"href":"https:\/\/exaudi.org\/it\/wp-json\/wp\/v2\/media?parent=84151"}],"wp:term":[{"taxonomy":"category","embeddable":true,"href":"https:\/\/exaudi.org\/it\/wp-json\/wp\/v2\/categories?post=84151"},{"taxonomy":"post_tag","embeddable":true,"href":"https:\/\/exaudi.org\/it\/wp-json\/wp\/v2\/tags?post=84151"}],"curies":[{"name":"wp","href":"https:\/\/api.w.org\/{rel}","templated":true}]}}