{"id":83550,"date":"2023-09-14T16:07:53","date_gmt":"2023-09-14T14:07:53","guid":{"rendered":"https:\/\/exaudi.org\/?p=83550"},"modified":"2023-09-14T16:07:53","modified_gmt":"2023-09-14T14:07:53","slug":"il-futuro-delluniversita-urbaniana-nomina-e-sfide-da-affrontare","status":"publish","type":"post","link":"https:\/\/exaudi.org\/it\/il-futuro-delluniversita-urbaniana-nomina-e-sfide-da-affrontare\/","title":{"rendered":"&#8220;Il futuro dell&#8217;Universit\u00e0 Urbaniana: nomina e sfide da affrontare&#8221;"},"content":{"rendered":"<p><strong><span class=\"VIpgJd-yAWNEb-VIpgJd-fmcmS-sn54Q\">Nomine del Papa in Segreteria di Stato<\/span><\/strong><\/p>\n<p><span class=\"VIpgJd-yAWNEb-VIpgJd-fmcmS-sn54Q\">Padre Spadaro \u00e8 il nuovo sottosegretario del Dicastero della Cultura e dell&#8217;Istruzione, mentre padre Inglot, S. guida il Pontificio Comitato di Scienze storiche.\u00a0<\/span>Buonomo delegato pontificio nell&#8217;Urbaniana.<\/p>\n<div id=\"contentTextTranslate\">\n<p><strong><span class=\"\">Spadaro nuovo sottosegretario alla Cultura e all&#8217;Istruzione<\/span><\/strong><\/p>\n<p><span class=\"\">Sempre sottosegretario, ma nel Dicastero della Cultura e dell&#8217;Istruzione, Francesco ha nominato padre Antonino Spadaro, finora direttore della rivista dei gesuiti La Civilt\u00e0 Cattolica.\u00a0<\/span>Laureato in Filosofia presso l&#8217;Universit\u00e0 di Messina nel 1988, padre Spadaro ha emesso i voti solenni nella Compagnia di Ges\u00f9 nel 2007. Nel 2000 ha conseguito il dottorato in Teologia presso la Pontificia Universit\u00e0 Gregoriana a Roma.<\/p>\n<p><strong>Nuovo presidente della Commissione per le scienze storiche<\/strong><\/p>\n<p>Padre Inglot \u00e8 stato finora professore ordinario presso la Facolt\u00e0 di Storia e Beni Culturali della Chiesa della Pontificia Universit\u00e0 Gregoriana a Roma.\u00a0<span class=\"VIpgJd-yAWNEb-VIpgJd-fmcmS-sn54Q\">Ha conseguito il dottorato in Storia della Chiesa presso la Pontificia Universit\u00e0 Gregoriana a Roma nel 1995. Dal 1993 \u00e8 professore presso la Facolt\u00e0 di Storia e Beni Culturali della Chiesa della stessa Universit\u00e0, di cui \u00e8 stato anche Preside.<\/span><\/p>\n<\/div>\n<div><b>Decreto di nomina del Delegato Pontificio presso la Pontificia Universit\u00e0 Urbaniana in Roma<\/b><\/div>\n<div class=\"abstract text parbase vaticanrichtext\">\n<div class=\"clearfix\">Ravvisata la necessit\u00e0 di adeguare alle esigenze del tempo presente il servizio e la funzione dell\u2019Universit\u00e0 Urbaniana chiamata a concorrere all\u2019azione missionaria della Chiesa bisognosa di crescere nell\u2019interpretare la Parola rivelata e nella comprensione della verit\u00e0 anche attraverso un\u2019attivit\u00e0 accademica, culturale e scientifica per formare quanti sono chiamati a cooperare all\u2019annuncio del Vangelo, all\u2019approfondimento della vita di fede e al governo nei territori di prima evangelizzazione (cfr. Cost. Ap. <i><a href=\"https:\/\/www.vatican.va\/content\/francesco\/it\/apost_constitutions\/documents\/20220319-costituzione-ap-praedicate-evangelium.html#Art._61\">Praedicate Evangelium<\/a>,\u00a0<\/i>Artt. 61-63);<\/div>\n<\/div>\n<div class=\"text parbase vaticanrichtext\">\n<p>Considerato quanto manifestatomi dall\u2019Em.mo Gran Cancelliere circa l\u2019urgenza di rivedere l\u2019assetto dell\u2019Universit\u00e0 e conformare alla Cost. Ap.\u00a0<i><a href=\"https:\/\/www.vatican.va\/content\/francesco\/it\/apost_constitutions\/documents\/papa-francesco_costituzione-ap_20171208_veritatis-gaudium.html\">Veritatis Gaudium<\/a>\u00a0<\/i>gli Statuti e le altre disposizioni regolamentari che reggono la vita delle Facolt\u00e0 e degli Istituti, nonch\u00e9 di provvedere all\u2019adeguamento dell\u2019organizzazione amministrativa alla normativa vigente per gli Enti della Santa Sede;<\/p>\n<p>NOMINO<\/p>\n<p>l\u2019Illustrissimo Prof. Vincenzo Buonomo mio Delegato, al quale conferisco anche l\u2019autorit\u00e0 e i poteri di Rettore Magnifico, affinch\u00e9 provveda a quanto necessario per garantire che l\u2019Universit\u00e0 Urbaniana assicuri un qualificato apporto alla ricerca teologica e nelle altre discipline, una formazione sempre pi\u00f9 feconda delle nuove generazioni e un insegnamento autorevole in grado di dare risposte alla Chiesa e al mondo contemporaneo.<\/p>\n<p>Il Delegato eserciter\u00e0 il suo mandato in accordo con il Gran Cancelliere e i Superiori della\u00a0<i>Sezione per la prima evangelizzazione e le nuove Chiese particolari\u00a0<\/i>del Dicastero per l\u2019Evangelizzazione, riferendo direttamente a me per le questioni di maggiore rilevanza.<\/p>\n<p>Egli favorir\u00e0 inoltre il<b>\u00a0<\/b>necessario inserimento dell\u2019Universit\u00e0 Urbaniana nell\u2019avviato processo, da me voluto e coordinato dal Dicastero per la Cultura e l\u2019Educazione, volto a riorganizzare le Istituzioni Accademiche Pontificie Romane che sono direttamente amministrate dalla Sede Apostolica.<\/p>\n<p>Il Delegato assumer\u00e0 l\u2019incarico il 1\u00b0 ottobre 2023.<\/p>\n<p><i>Dal Vaticano, 14 settembre 2023<br \/>\n<\/i>Festa dell\u2019Esaltazione della Croce<\/p>\n<p>FRANCESCO<\/p>\n<\/div>\n","protected":false},"excerpt":{"rendered":"<p>Il nuovo leader dell&#8217;Universit\u00e0: il Prof. Vincenzo Buonomo<\/p>\n","protected":false},"author":17,"featured_media":83551,"comment_status":"closed","ping_status":"closed","sticky":false,"template":"","format":"standard","meta":{"_acf_changed":false,"_crdt_document":"","inline_featured_image":false,"footnotes":""},"categories":[67,131],"tags":[2808,251,4952],"class_list":["post-83550","post","type-post","status-publish","format-standard","has-post-thumbnail","hentry","category-leone-xiv","category-vaticano","tag-nomine","tag-papa-francesco","tag-trending-it"],"acf":[],"yoast_head":"<!-- This site is optimized with the Yoast SEO plugin v27.5 - https:\/\/yoast.com\/product\/yoast-seo-wordpress\/ -->\n<title>&quot;Il futuro dell&#039;Universit\u00e0 Urbaniana: nomina e sfide da affrontare&quot; &#8211; Exaudi<\/title>\n<meta name=\"robots\" content=\"index, follow, max-snippet:-1, max-image-preview:large, max-video-preview:-1\" \/>\n<link rel=\"canonical\" href=\"https:\/\/exaudi.org\/it\/il-futuro-delluniversita-urbaniana-nomina-e-sfide-da-affrontare\/\" \/>\n<meta property=\"og:locale\" content=\"it_IT\" \/>\n<meta property=\"og:type\" content=\"article\" \/>\n<meta property=\"og:title\" content=\"&quot;Il futuro dell&#039;Universit\u00e0 Urbaniana: nomina e sfide da affrontare&quot; &#8211; Exaudi\" \/>\n<meta property=\"og:description\" content=\"Il nuovo leader dell&#039;Universit\u00e0: il Prof. Vincenzo Buonomo\" \/>\n<meta property=\"og:url\" content=\"https:\/\/exaudi.org\/it\/il-futuro-delluniversita-urbaniana-nomina-e-sfide-da-affrontare\/\" \/>\n<meta property=\"og:site_name\" content=\"Exaudi\" \/>\n<meta property=\"article:publisher\" content=\"https:\/\/www.facebook.com\/ExaudiNews\" \/>\n<meta property=\"article:author\" content=\"https:\/\/www.facebook.com\/ExaudiNotizie\/\" \/>\n<meta property=\"article:published_time\" content=\"2023-09-14T14:07:53+00:00\" \/>\n<meta property=\"og:image\" content=\"https:\/\/exaudi.org\/wp-content\/uploads\/2023\/09\/cq5dam.web_.800.800-12.jpeg\" \/>\n\t<meta property=\"og:image:width\" content=\"750\" \/>\n\t<meta property=\"og:image:height\" content=\"422\" \/>\n\t<meta property=\"og:image:type\" content=\"image\/jpeg\" \/>\n<meta name=\"author\" content=\"Exaudi Redazione\" \/>\n<meta name=\"twitter:card\" content=\"summary_large_image\" \/>\n<meta name=\"twitter:creator\" content=\"@Exaudi_Notizie\" \/>\n<meta name=\"twitter:site\" content=\"@Exaudi_News\" \/>\n<meta name=\"twitter:label1\" content=\"Scritto da\" \/>\n\t<meta name=\"twitter:data1\" content=\"Exaudi Redazione\" \/>\n\t<meta name=\"twitter:label2\" content=\"Tempo di lettura stimato\" \/>\n\t<meta name=\"twitter:data2\" content=\"2 minuti\" \/>\n<script type=\"application\/ld+json\" class=\"yoast-schema-graph\">{\"@context\":\"https:\\\/\\\/schema.org\",\"@graph\":[{\"@type\":\"Article\",\"@id\":\"https:\\\/\\\/exaudi.org\\\/it\\\/il-futuro-delluniversita-urbaniana-nomina-e-sfide-da-affrontare\\\/#article\",\"isPartOf\":{\"@id\":\"https:\\\/\\\/exaudi.org\\\/it\\\/il-futuro-delluniversita-urbaniana-nomina-e-sfide-da-affrontare\\\/\"},\"author\":{\"name\":\"Exaudi Redazione\",\"@id\":\"https:\\\/\\\/exaudi.org\\\/#\\\/schema\\\/person\\\/e1ab6ed07c01774724dd96f925f3a5f0\"},\"headline\":\"&#8220;Il futuro dell&#8217;Universit\u00e0 Urbaniana: nomina e sfide da affrontare&#8221;\",\"datePublished\":\"2023-09-14T14:07:53+00:00\",\"mainEntityOfPage\":{\"@id\":\"https:\\\/\\\/exaudi.org\\\/it\\\/il-futuro-delluniversita-urbaniana-nomina-e-sfide-da-affrontare\\\/\"},\"wordCount\":490,\"image\":{\"@id\":\"https:\\\/\\\/exaudi.org\\\/it\\\/il-futuro-delluniversita-urbaniana-nomina-e-sfide-da-affrontare\\\/#primaryimage\"},\"thumbnailUrl\":\"https:\\\/\\\/exaudi.org\\\/wp-content\\\/uploads\\\/2023\\\/09\\\/cq5dam.web_.800.800-12.jpeg\",\"keywords\":[\"nomine\",\"Papa Francesco\",\"Trending\"],\"articleSection\":[\"Leone XIV\",\"Vaticano\"],\"inLanguage\":\"it-IT\"},{\"@type\":\"WebPage\",\"@id\":\"https:\\\/\\\/exaudi.org\\\/it\\\/il-futuro-delluniversita-urbaniana-nomina-e-sfide-da-affrontare\\\/\",\"url\":\"https:\\\/\\\/exaudi.org\\\/it\\\/il-futuro-delluniversita-urbaniana-nomina-e-sfide-da-affrontare\\\/\",\"name\":\"\\\"Il futuro dell'Universit\u00e0 Urbaniana: nomina e sfide da affrontare\\\" &#8211; Exaudi\",\"isPartOf\":{\"@id\":\"https:\\\/\\\/exaudi.org\\\/#website\"},\"primaryImageOfPage\":{\"@id\":\"https:\\\/\\\/exaudi.org\\\/it\\\/il-futuro-delluniversita-urbaniana-nomina-e-sfide-da-affrontare\\\/#primaryimage\"},\"image\":{\"@id\":\"https:\\\/\\\/exaudi.org\\\/it\\\/il-futuro-delluniversita-urbaniana-nomina-e-sfide-da-affrontare\\\/#primaryimage\"},\"thumbnailUrl\":\"https:\\\/\\\/exaudi.org\\\/wp-content\\\/uploads\\\/2023\\\/09\\\/cq5dam.web_.800.800-12.jpeg\",\"datePublished\":\"2023-09-14T14:07:53+00:00\",\"author\":{\"@id\":\"https:\\\/\\\/exaudi.org\\\/#\\\/schema\\\/person\\\/e1ab6ed07c01774724dd96f925f3a5f0\"},\"breadcrumb\":{\"@id\":\"https:\\\/\\\/exaudi.org\\\/it\\\/il-futuro-delluniversita-urbaniana-nomina-e-sfide-da-affrontare\\\/#breadcrumb\"},\"inLanguage\":\"it-IT\",\"potentialAction\":[{\"@type\":\"ReadAction\",\"target\":[\"https:\\\/\\\/exaudi.org\\\/it\\\/il-futuro-delluniversita-urbaniana-nomina-e-sfide-da-affrontare\\\/\"]}]},{\"@type\":\"ImageObject\",\"inLanguage\":\"it-IT\",\"@id\":\"https:\\\/\\\/exaudi.org\\\/it\\\/il-futuro-delluniversita-urbaniana-nomina-e-sfide-da-affrontare\\\/#primaryimage\",\"url\":\"https:\\\/\\\/exaudi.org\\\/wp-content\\\/uploads\\\/2023\\\/09\\\/cq5dam.web_.800.800-12.jpeg\",\"contentUrl\":\"https:\\\/\\\/exaudi.org\\\/wp-content\\\/uploads\\\/2023\\\/09\\\/cq5dam.web_.800.800-12.jpeg\",\"width\":750,\"height\":422,\"caption\":\"Vatican News\"},{\"@type\":\"BreadcrumbList\",\"@id\":\"https:\\\/\\\/exaudi.org\\\/it\\\/il-futuro-delluniversita-urbaniana-nomina-e-sfide-da-affrontare\\\/#breadcrumb\",\"itemListElement\":[{\"@type\":\"ListItem\",\"position\":1,\"name\":\"Portada\",\"item\":\"https:\\\/\\\/exaudi.org\\\/it\\\/\"},{\"@type\":\"ListItem\",\"position\":2,\"name\":\"&#8220;Il futuro dell&#8217;Universit\u00e0 Urbaniana: nomina e sfide da affrontare&#8221;\"}]},{\"@type\":\"WebSite\",\"@id\":\"https:\\\/\\\/exaudi.org\\\/#website\",\"url\":\"https:\\\/\\\/exaudi.org\\\/\",\"name\":\"Exaudi\",\"description\":\"News\",\"potentialAction\":[{\"@type\":\"SearchAction\",\"target\":{\"@type\":\"EntryPoint\",\"urlTemplate\":\"https:\\\/\\\/exaudi.org\\\/?s={search_term_string}\"},\"query-input\":{\"@type\":\"PropertyValueSpecification\",\"valueRequired\":true,\"valueName\":\"search_term_string\"}}],\"inLanguage\":\"it-IT\"},{\"@type\":\"Person\",\"@id\":\"https:\\\/\\\/exaudi.org\\\/#\\\/schema\\\/person\\\/e1ab6ed07c01774724dd96f925f3a5f0\",\"name\":\"Exaudi Redazione\",\"image\":{\"@type\":\"ImageObject\",\"inLanguage\":\"it-IT\",\"@id\":\"https:\\\/\\\/secure.gravatar.com\\\/avatar\\\/ad6774b3ada023bf5b939d64f45c94b3adf91502dd883507d469b4308a943bb3?s=96&d=mm&r=g\",\"url\":\"https:\\\/\\\/secure.gravatar.com\\\/avatar\\\/ad6774b3ada023bf5b939d64f45c94b3adf91502dd883507d469b4308a943bb3?s=96&d=mm&r=g\",\"contentUrl\":\"https:\\\/\\\/secure.gravatar.com\\\/avatar\\\/ad6774b3ada023bf5b939d64f45c94b3adf91502dd883507d469b4308a943bb3?s=96&d=mm&r=g\",\"caption\":\"Exaudi Redazione\"},\"description\":\"Che cosa \u00e8 Exaudi News? Exaudi News \u00e8 un agenzia cattolica internazionale che informa, istruisce e trasforma quotidianamente in spagnolo, inglese e italiano. Attraverso notizie, articoli di analisi e trasmissioni in diretta degli eventi del Papa, Exaudi cerca di rafforzare l'unit\u00e0 dei cristiani e di contribuire all'evangelizzazione del mondo, sempre guidato dalla dottrina sociale della Chiesa. Lavoriamo per portare la verit\u00e0 e i valori cristiani in ogni angolo del pianeta. Aiutaci a trasformare il mondo con Exaudi! Noi di Exaudi crediamo che l'evangelizzazione e l'informazione di qualit\u00e0 possano cambiare la vita. Per continuare la nostra missione ed espandere la nostra portata, abbiamo bisogno del tuo aiuto. Stiamo anche cercando persone motivate che vogliano unirsi al nostro team. Grazie al vostro sostegno raggiungeremo pi\u00f9 persone, diffonderemo il messaggio di Cristo e rafforzeremo l'unit\u00e0 dei cristiani. Vuoi unirti alla nostra missione? Per maggiori informazioni su come contribuire, visita Exaudi.org\\\/it o contattaci direttamente: info@exaudi.org Exaudi: informa, forma e trasforma.\",\"sameAs\":[\"https:\\\/\\\/www.facebook.com\\\/ExaudiNotizie\\\/\",\"https:\\\/\\\/www.instagram.com\\\/Exaudi_notizie\\\/\",\"https:\\\/\\\/x.com\\\/Exaudi_Notizie\",\"https:\\\/\\\/www.youtube.com\\\/@exaudicatholicnews\"],\"url\":\"https:\\\/\\\/exaudi.org\\\/it\\\/author\\\/dlvedi-org\\\/\"}]}<\/script>\n<!-- \/ Yoast SEO plugin. -->","yoast_head_json":{"title":"\"Il futuro dell'Universit\u00e0 Urbaniana: nomina e sfide da affrontare\" &#8211; Exaudi","robots":{"index":"index","follow":"follow","max-snippet":"max-snippet:-1","max-image-preview":"max-image-preview:large","max-video-preview":"max-video-preview:-1"},"canonical":"https:\/\/exaudi.org\/it\/il-futuro-delluniversita-urbaniana-nomina-e-sfide-da-affrontare\/","og_locale":"it_IT","og_type":"article","og_title":"\"Il futuro dell'Universit\u00e0 Urbaniana: nomina e sfide da affrontare\" &#8211; Exaudi","og_description":"Il nuovo leader dell'Universit\u00e0: il Prof. Vincenzo Buonomo","og_url":"https:\/\/exaudi.org\/it\/il-futuro-delluniversita-urbaniana-nomina-e-sfide-da-affrontare\/","og_site_name":"Exaudi","article_publisher":"https:\/\/www.facebook.com\/ExaudiNews","article_author":"https:\/\/www.facebook.com\/ExaudiNotizie\/","article_published_time":"2023-09-14T14:07:53+00:00","og_image":[{"width":750,"height":422,"url":"https:\/\/exaudi.org\/wp-content\/uploads\/2023\/09\/cq5dam.web_.800.800-12.jpeg","type":"image\/jpeg"}],"author":"Exaudi Redazione","twitter_card":"summary_large_image","twitter_creator":"@Exaudi_Notizie","twitter_site":"@Exaudi_News","twitter_misc":{"Scritto da":"Exaudi Redazione","Tempo di lettura stimato":"2 minuti"},"schema":{"@context":"https:\/\/schema.org","@graph":[{"@type":"Article","@id":"https:\/\/exaudi.org\/it\/il-futuro-delluniversita-urbaniana-nomina-e-sfide-da-affrontare\/#article","isPartOf":{"@id":"https:\/\/exaudi.org\/it\/il-futuro-delluniversita-urbaniana-nomina-e-sfide-da-affrontare\/"},"author":{"name":"Exaudi Redazione","@id":"https:\/\/exaudi.org\/#\/schema\/person\/e1ab6ed07c01774724dd96f925f3a5f0"},"headline":"&#8220;Il futuro dell&#8217;Universit\u00e0 Urbaniana: nomina e sfide da affrontare&#8221;","datePublished":"2023-09-14T14:07:53+00:00","mainEntityOfPage":{"@id":"https:\/\/exaudi.org\/it\/il-futuro-delluniversita-urbaniana-nomina-e-sfide-da-affrontare\/"},"wordCount":490,"image":{"@id":"https:\/\/exaudi.org\/it\/il-futuro-delluniversita-urbaniana-nomina-e-sfide-da-affrontare\/#primaryimage"},"thumbnailUrl":"https:\/\/exaudi.org\/wp-content\/uploads\/2023\/09\/cq5dam.web_.800.800-12.jpeg","keywords":["nomine","Papa Francesco","Trending"],"articleSection":["Leone XIV","Vaticano"],"inLanguage":"it-IT"},{"@type":"WebPage","@id":"https:\/\/exaudi.org\/it\/il-futuro-delluniversita-urbaniana-nomina-e-sfide-da-affrontare\/","url":"https:\/\/exaudi.org\/it\/il-futuro-delluniversita-urbaniana-nomina-e-sfide-da-affrontare\/","name":"\"Il futuro dell'Universit\u00e0 Urbaniana: nomina e sfide da affrontare\" &#8211; Exaudi","isPartOf":{"@id":"https:\/\/exaudi.org\/#website"},"primaryImageOfPage":{"@id":"https:\/\/exaudi.org\/it\/il-futuro-delluniversita-urbaniana-nomina-e-sfide-da-affrontare\/#primaryimage"},"image":{"@id":"https:\/\/exaudi.org\/it\/il-futuro-delluniversita-urbaniana-nomina-e-sfide-da-affrontare\/#primaryimage"},"thumbnailUrl":"https:\/\/exaudi.org\/wp-content\/uploads\/2023\/09\/cq5dam.web_.800.800-12.jpeg","datePublished":"2023-09-14T14:07:53+00:00","author":{"@id":"https:\/\/exaudi.org\/#\/schema\/person\/e1ab6ed07c01774724dd96f925f3a5f0"},"breadcrumb":{"@id":"https:\/\/exaudi.org\/it\/il-futuro-delluniversita-urbaniana-nomina-e-sfide-da-affrontare\/#breadcrumb"},"inLanguage":"it-IT","potentialAction":[{"@type":"ReadAction","target":["https:\/\/exaudi.org\/it\/il-futuro-delluniversita-urbaniana-nomina-e-sfide-da-affrontare\/"]}]},{"@type":"ImageObject","inLanguage":"it-IT","@id":"https:\/\/exaudi.org\/it\/il-futuro-delluniversita-urbaniana-nomina-e-sfide-da-affrontare\/#primaryimage","url":"https:\/\/exaudi.org\/wp-content\/uploads\/2023\/09\/cq5dam.web_.800.800-12.jpeg","contentUrl":"https:\/\/exaudi.org\/wp-content\/uploads\/2023\/09\/cq5dam.web_.800.800-12.jpeg","width":750,"height":422,"caption":"Vatican News"},{"@type":"BreadcrumbList","@id":"https:\/\/exaudi.org\/it\/il-futuro-delluniversita-urbaniana-nomina-e-sfide-da-affrontare\/#breadcrumb","itemListElement":[{"@type":"ListItem","position":1,"name":"Portada","item":"https:\/\/exaudi.org\/it\/"},{"@type":"ListItem","position":2,"name":"&#8220;Il futuro dell&#8217;Universit\u00e0 Urbaniana: nomina e sfide da affrontare&#8221;"}]},{"@type":"WebSite","@id":"https:\/\/exaudi.org\/#website","url":"https:\/\/exaudi.org\/","name":"Exaudi","description":"News","potentialAction":[{"@type":"SearchAction","target":{"@type":"EntryPoint","urlTemplate":"https:\/\/exaudi.org\/?s={search_term_string}"},"query-input":{"@type":"PropertyValueSpecification","valueRequired":true,"valueName":"search_term_string"}}],"inLanguage":"it-IT"},{"@type":"Person","@id":"https:\/\/exaudi.org\/#\/schema\/person\/e1ab6ed07c01774724dd96f925f3a5f0","name":"Exaudi Redazione","image":{"@type":"ImageObject","inLanguage":"it-IT","@id":"https:\/\/secure.gravatar.com\/avatar\/ad6774b3ada023bf5b939d64f45c94b3adf91502dd883507d469b4308a943bb3?s=96&d=mm&r=g","url":"https:\/\/secure.gravatar.com\/avatar\/ad6774b3ada023bf5b939d64f45c94b3adf91502dd883507d469b4308a943bb3?s=96&d=mm&r=g","contentUrl":"https:\/\/secure.gravatar.com\/avatar\/ad6774b3ada023bf5b939d64f45c94b3adf91502dd883507d469b4308a943bb3?s=96&d=mm&r=g","caption":"Exaudi Redazione"},"description":"Che cosa \u00e8 Exaudi News? Exaudi News \u00e8 un agenzia cattolica internazionale che informa, istruisce e trasforma quotidianamente in spagnolo, inglese e italiano. Attraverso notizie, articoli di analisi e trasmissioni in diretta degli eventi del Papa, Exaudi cerca di rafforzare l'unit\u00e0 dei cristiani e di contribuire all'evangelizzazione del mondo, sempre guidato dalla dottrina sociale della Chiesa. Lavoriamo per portare la verit\u00e0 e i valori cristiani in ogni angolo del pianeta. Aiutaci a trasformare il mondo con Exaudi! Noi di Exaudi crediamo che l'evangelizzazione e l'informazione di qualit\u00e0 possano cambiare la vita. Per continuare la nostra missione ed espandere la nostra portata, abbiamo bisogno del tuo aiuto. Stiamo anche cercando persone motivate che vogliano unirsi al nostro team. Grazie al vostro sostegno raggiungeremo pi\u00f9 persone, diffonderemo il messaggio di Cristo e rafforzeremo l'unit\u00e0 dei cristiani. Vuoi unirti alla nostra missione? Per maggiori informazioni su come contribuire, visita Exaudi.org\/it o contattaci direttamente: info@exaudi.org Exaudi: informa, forma e trasforma.","sameAs":["https:\/\/www.facebook.com\/ExaudiNotizie\/","https:\/\/www.instagram.com\/Exaudi_notizie\/","https:\/\/x.com\/Exaudi_Notizie","https:\/\/www.youtube.com\/@exaudicatholicnews"],"url":"https:\/\/exaudi.org\/it\/author\/dlvedi-org\/"}]}},"jetpack_featured_media_url":"https:\/\/exaudi.org\/wp-content\/uploads\/2023\/09\/cq5dam.web_.800.800-12.jpeg","jetpack_shortlink":"https:\/\/wp.me\/pgKjF2-lJA","_links":{"self":[{"href":"https:\/\/exaudi.org\/it\/wp-json\/wp\/v2\/posts\/83550","targetHints":{"allow":["GET"]}}],"collection":[{"href":"https:\/\/exaudi.org\/it\/wp-json\/wp\/v2\/posts"}],"about":[{"href":"https:\/\/exaudi.org\/it\/wp-json\/wp\/v2\/types\/post"}],"author":[{"embeddable":true,"href":"https:\/\/exaudi.org\/it\/wp-json\/wp\/v2\/users\/17"}],"replies":[{"embeddable":true,"href":"https:\/\/exaudi.org\/it\/wp-json\/wp\/v2\/comments?post=83550"}],"version-history":[{"count":0,"href":"https:\/\/exaudi.org\/it\/wp-json\/wp\/v2\/posts\/83550\/revisions"}],"wp:featuredmedia":[{"embeddable":true,"href":"https:\/\/exaudi.org\/it\/wp-json\/wp\/v2\/media\/83551"}],"wp:attachment":[{"href":"https:\/\/exaudi.org\/it\/wp-json\/wp\/v2\/media?parent=83550"}],"wp:term":[{"taxonomy":"category","embeddable":true,"href":"https:\/\/exaudi.org\/it\/wp-json\/wp\/v2\/categories?post=83550"},{"taxonomy":"post_tag","embeddable":true,"href":"https:\/\/exaudi.org\/it\/wp-json\/wp\/v2\/tags?post=83550"}],"curies":[{"name":"wp","href":"https:\/\/api.w.org\/{rel}","templated":true}]}}