{"id":8342,"date":"2021-03-26T17:42:23","date_gmt":"2021-03-26T16:42:23","guid":{"rendered":"https:\/\/exaudi.org\/?p=8342"},"modified":"2021-03-26T17:43:30","modified_gmt":"2021-03-26T16:43:30","slug":"i-riti-della-settimana-santa-con-il-pontefice","status":"publish","type":"post","link":"https:\/\/exaudi.org\/it\/i-riti-della-settimana-santa-con-il-pontefice\/","title":{"rendered":"I riti della Settimana Santa con il Pontefice"},"content":{"rendered":"<p>L\u2019emergenza sanitaria causata dalla pandemia di Covid-19 costringe anche quest\u2019anno il Santo Padre a celebrare i riti della Settimana Santa all\u2019Altare della Cattedra di San Pietro con un concorso limitato di fedeli. Alle funzioni, secondo quanto reso noto dalla Sala Stampa vaticana, potranno prendere parte cardinali e superiori della Segreteria di Stato.<\/p>\n<h4>Il programma<\/h4>\n<p>Domenica 28 marzo, ore 10.30 Domenica delle Palme: Passione del Signore, Commemorazione dell\u2019ingresso del Signore in Gerusalemme e Santa Messa. Al termine della Santa Messa il Santo Padre reciter\u00e0 la preghiera dell\u2019Angelus<\/p>\n<h4>Gioved\u00ec Santo<\/h4>\n<p>Gioved\u00ec 1\u00b0 aprile, Gioved\u00ec Santo, alle ore 10 Santa Messa del Crisma. Parteciperanno i membri del Consiglio Presbiterale della Diocesi di Roma. Lo stesso giorno la Santa Messa nella Cena del Signore sar\u00e0 presieduta dal cardinale Giovanni Battista Re, Decano del Collegio Cardinalizio<\/p>\n<h4>Venerd\u00ec Santo<\/h4>\n<p>Venerd\u00ec 2 aprile, Venerd\u00ec Santo, alle ore 18 Celebrazione della Passione del Signore. Alle ore 21: Via Crucis sul Sagrato della Basilica di San Pietro<\/p>\n<h4>Veglia e Pasqua<\/h4>\n<p>Sabato 3 aprile alle ore 19.30 Veglia pasquale nella notte santa della Risurrezione del Signore<\/p>\n<p>Domenica 4 aprile, Pasqua alle ore 10 Santa Messa del giorno. Al termine della Santa Messa il Santo Padre impartir\u00e0 la Benedizione \u00abUrbi et Orbi\u00bb.<\/p>\n<p>Rispetto ai riti della Settimana Santa celebrati lo scorso anno va notato che ci sar\u00e0 la Messa Crismale, nel 2020 prima rinviata e poi definitivamente annullata. Nel programma diffuso si nota come invece il Papa non celebrer\u00e0 la Messa in Coena Domini a San Pietro. Questo lascia supporre che Francesco si recher\u00e0 come sua consuetudine in qualche struttura esterna che tuttavia al momento non \u00e8 stata resa nota.<\/p>\n<p>Altra novit\u00e0 importante, da quest\u2019anno non si celebrer\u00e0 pi\u00f9 la Giornata mondiale della Giovent\u00f9 a livello diocesano nella Domenica delle Palme. Papa Francesco ha infatti deciso\u00a0 di trasferirla all\u2019ultima domenica dell\u2019anno liturgico, la solennit\u00e0 di Cristo Re dell\u2019universo.<\/p>\n","protected":false},"excerpt":{"rendered":"<p>Francesco non celebrer\u00e0 la Messa in Coena Domini a San Pietro. Veglia pasquale alle 19.30<\/p>\n","protected":false},"author":18,"featured_media":8360,"comment_status":"closed","ping_status":"closed","sticky":false,"template":"","format":"standard","meta":{"_acf_changed":false,"_crdt_document":"","inline_featured_image":false,"footnotes":""},"categories":[58,67,536,297],"tags":[1265,1266,251,354,1268,1267],"class_list":["post-8342","post","type-post","status-publish","format-standard","has-post-thumbnail","hentry","category-featured-news","category-leone-xiv","category-special-it","category-ultime-notizie","tag-domenica-delle-palme","tag-gmg","tag-papa-francesco","tag-settimana-santa","tag-urbi-et-orbi-it","tag-veglia"],"acf":[],"yoast_head":"<!-- This site is optimized with the Yoast SEO plugin v27.4 - https:\/\/yoast.com\/product\/yoast-seo-wordpress\/ -->\n<title>I riti della Settimana Santa con il Pontefice &#8211; Exaudi<\/title>\n<meta name=\"description\" content=\"Il programma dei riti della Settimana Santa. Il Papa non celebrer\u00e0 a San Pietro la Messa del Gioved\u00ec Santo. Limitata la presenza di fedeli\" \/>\n<meta name=\"robots\" content=\"index, follow, max-snippet:-1, max-image-preview:large, max-video-preview:-1\" \/>\n<link rel=\"canonical\" href=\"https:\/\/exaudi.org\/it\/i-riti-della-settimana-santa-con-il-pontefice\/\" \/>\n<meta property=\"og:locale\" content=\"it_IT\" \/>\n<meta property=\"og:type\" content=\"article\" \/>\n<meta property=\"og:title\" content=\"I riti della Settimana Santa con il Pontefice &#8211; Exaudi\" \/>\n<meta property=\"og:description\" content=\"Il programma dei riti della Settimana Santa. Il Papa non celebrer\u00e0 a San Pietro la Messa del Gioved\u00ec Santo. Limitata la presenza di fedeli\" \/>\n<meta property=\"og:url\" content=\"https:\/\/exaudi.org\/it\/i-riti-della-settimana-santa-con-il-pontefice\/\" \/>\n<meta property=\"og:site_name\" content=\"Exaudi\" \/>\n<meta property=\"article:publisher\" content=\"https:\/\/www.facebook.com\/ExaudiNews\" \/>\n<meta property=\"article:published_time\" content=\"2021-03-26T16:42:23+00:00\" \/>\n<meta property=\"article:modified_time\" content=\"2021-03-26T16:43:30+00:00\" \/>\n<meta property=\"og:image\" content=\"https:\/\/exaudi.org\/wp-content\/uploads\/2021\/03\/domenica-delle-palme-2020.jpeg\" \/>\n\t<meta property=\"og:image:width\" content=\"1000\" \/>\n\t<meta property=\"og:image:height\" content=\"563\" \/>\n\t<meta property=\"og:image:type\" content=\"image\/jpeg\" \/>\n<meta name=\"author\" content=\"Andrea Acali\" \/>\n<meta name=\"twitter:card\" content=\"summary_large_image\" \/>\n<meta name=\"twitter:creator\" content=\"@Exaudi_News\" \/>\n<meta name=\"twitter:site\" content=\"@Exaudi_News\" \/>\n<meta name=\"twitter:label1\" content=\"Scritto da\" \/>\n\t<meta name=\"twitter:data1\" content=\"Andrea Acali\" \/>\n\t<meta name=\"twitter:label2\" content=\"Tempo di lettura stimato\" \/>\n\t<meta name=\"twitter:data2\" content=\"2 minuti\" \/>\n<script type=\"application\/ld+json\" class=\"yoast-schema-graph\">{\"@context\":\"https:\\\/\\\/schema.org\",\"@graph\":[{\"@type\":\"Article\",\"@id\":\"https:\\\/\\\/exaudi.org\\\/it\\\/i-riti-della-settimana-santa-con-il-pontefice\\\/#article\",\"isPartOf\":{\"@id\":\"https:\\\/\\\/exaudi.org\\\/it\\\/i-riti-della-settimana-santa-con-il-pontefice\\\/\"},\"author\":{\"name\":\"Andrea Acali\",\"@id\":\"https:\\\/\\\/exaudi.org\\\/#\\\/schema\\\/person\\\/127735be832481a6d3c410c5837bb61a\"},\"headline\":\"I riti della Settimana Santa con il Pontefice\",\"datePublished\":\"2021-03-26T16:42:23+00:00\",\"dateModified\":\"2021-03-26T16:43:30+00:00\",\"mainEntityOfPage\":{\"@id\":\"https:\\\/\\\/exaudi.org\\\/it\\\/i-riti-della-settimana-santa-con-il-pontefice\\\/\"},\"wordCount\":311,\"image\":{\"@id\":\"https:\\\/\\\/exaudi.org\\\/it\\\/i-riti-della-settimana-santa-con-il-pontefice\\\/#primaryimage\"},\"thumbnailUrl\":\"https:\\\/\\\/exaudi.org\\\/wp-content\\\/uploads\\\/2021\\\/03\\\/domenica-delle-palme-2020.jpeg\",\"keywords\":[\"Domenica delle Palme\",\"Gmg\",\"Papa Francesco\",\"Settimana Santa\",\"urbi et orbi\",\"Veglia\"],\"articleSection\":[\"Featured News\",\"Leone XIV\",\"Special\",\"Ultime Notizie\"],\"inLanguage\":\"it-IT\"},{\"@type\":\"WebPage\",\"@id\":\"https:\\\/\\\/exaudi.org\\\/it\\\/i-riti-della-settimana-santa-con-il-pontefice\\\/\",\"url\":\"https:\\\/\\\/exaudi.org\\\/it\\\/i-riti-della-settimana-santa-con-il-pontefice\\\/\",\"name\":\"I riti della Settimana Santa con il Pontefice &#8211; Exaudi\",\"isPartOf\":{\"@id\":\"https:\\\/\\\/exaudi.org\\\/#website\"},\"primaryImageOfPage\":{\"@id\":\"https:\\\/\\\/exaudi.org\\\/it\\\/i-riti-della-settimana-santa-con-il-pontefice\\\/#primaryimage\"},\"image\":{\"@id\":\"https:\\\/\\\/exaudi.org\\\/it\\\/i-riti-della-settimana-santa-con-il-pontefice\\\/#primaryimage\"},\"thumbnailUrl\":\"https:\\\/\\\/exaudi.org\\\/wp-content\\\/uploads\\\/2021\\\/03\\\/domenica-delle-palme-2020.jpeg\",\"datePublished\":\"2021-03-26T16:42:23+00:00\",\"dateModified\":\"2021-03-26T16:43:30+00:00\",\"author\":{\"@id\":\"https:\\\/\\\/exaudi.org\\\/#\\\/schema\\\/person\\\/127735be832481a6d3c410c5837bb61a\"},\"description\":\"Il programma dei riti della Settimana Santa. Il Papa non celebrer\u00e0 a San Pietro la Messa del Gioved\u00ec Santo. Limitata la presenza di fedeli\",\"breadcrumb\":{\"@id\":\"https:\\\/\\\/exaudi.org\\\/it\\\/i-riti-della-settimana-santa-con-il-pontefice\\\/#breadcrumb\"},\"inLanguage\":\"it-IT\",\"potentialAction\":[{\"@type\":\"ReadAction\",\"target\":[\"https:\\\/\\\/exaudi.org\\\/it\\\/i-riti-della-settimana-santa-con-il-pontefice\\\/\"]}]},{\"@type\":\"ImageObject\",\"inLanguage\":\"it-IT\",\"@id\":\"https:\\\/\\\/exaudi.org\\\/it\\\/i-riti-della-settimana-santa-con-il-pontefice\\\/#primaryimage\",\"url\":\"https:\\\/\\\/exaudi.org\\\/wp-content\\\/uploads\\\/2021\\\/03\\\/domenica-delle-palme-2020.jpeg\",\"contentUrl\":\"https:\\\/\\\/exaudi.org\\\/wp-content\\\/uploads\\\/2021\\\/03\\\/domenica-delle-palme-2020.jpeg\",\"width\":1000,\"height\":563,\"caption\":\"Il Papa con uno dei \\\"palmureli\\\" nella celebrazione del 2020 \u00a9 Vatican Media\"},{\"@type\":\"BreadcrumbList\",\"@id\":\"https:\\\/\\\/exaudi.org\\\/it\\\/i-riti-della-settimana-santa-con-il-pontefice\\\/#breadcrumb\",\"itemListElement\":[{\"@type\":\"ListItem\",\"position\":1,\"name\":\"Portada\",\"item\":\"https:\\\/\\\/exaudi.org\\\/it\\\/\"},{\"@type\":\"ListItem\",\"position\":2,\"name\":\"I riti della Settimana Santa con il Pontefice\"}]},{\"@type\":\"WebSite\",\"@id\":\"https:\\\/\\\/exaudi.org\\\/#website\",\"url\":\"https:\\\/\\\/exaudi.org\\\/\",\"name\":\"Exaudi\",\"description\":\"News\",\"potentialAction\":[{\"@type\":\"SearchAction\",\"target\":{\"@type\":\"EntryPoint\",\"urlTemplate\":\"https:\\\/\\\/exaudi.org\\\/?s={search_term_string}\"},\"query-input\":{\"@type\":\"PropertyValueSpecification\",\"valueRequired\":true,\"valueName\":\"search_term_string\"}}],\"inLanguage\":\"it-IT\"},{\"@type\":\"Person\",\"@id\":\"https:\\\/\\\/exaudi.org\\\/#\\\/schema\\\/person\\\/127735be832481a6d3c410c5837bb61a\",\"name\":\"Andrea Acali\",\"image\":{\"@type\":\"ImageObject\",\"inLanguage\":\"it-IT\",\"@id\":\"https:\\\/\\\/secure.gravatar.com\\\/avatar\\\/2abf8e528c4f8c571ab456e5ef9ac66b04b987863e3ab3fd9546150699bb9259?s=96&d=mm&r=g\",\"url\":\"https:\\\/\\\/secure.gravatar.com\\\/avatar\\\/2abf8e528c4f8c571ab456e5ef9ac66b04b987863e3ab3fd9546150699bb9259?s=96&d=mm&r=g\",\"contentUrl\":\"https:\\\/\\\/secure.gravatar.com\\\/avatar\\\/2abf8e528c4f8c571ab456e5ef9ac66b04b987863e3ab3fd9546150699bb9259?s=96&d=mm&r=g\",\"caption\":\"Andrea Acali\"},\"description\":\"Andrea Acali es un periodista y comunicador italiano con una larga trayectoria en el \u00e1mbito de la informaci\u00f3n religiosa, social y deportiva. Durante casi treinta a\u00f1os trabaj\u00f3 en el diario Il Tempo como vaticanista y jefe de secci\u00f3n, especializ\u00e1ndose en la cobertura de la actualidad del Vaticano y de la Iglesia cat\u00f3lica. Desde 2016 colabora como periodista web en RomaSette y tambi\u00e9n escribe para el peri\u00f3dico Avvenire. Desde 2019 ejerce como comunicador en la Delegazione della Generalitat de Catalunya in Italia, con sede en Roma, donde combina su experiencia period\u00edstica con la comunicaci\u00f3n institucional\",\"sameAs\":[\"https:\\\/\\\/www.linkedin.com\\\/in\\\/andrea-acali-505567125\\\/?originalSubdomain=it\"],\"url\":\"https:\\\/\\\/exaudi.org\\\/it\\\/author\\\/aacaliexaudi-org\\\/\"}]}<\/script>\n<!-- \/ Yoast SEO plugin. -->","yoast_head_json":{"title":"I riti della Settimana Santa con il Pontefice &#8211; Exaudi","description":"Il programma dei riti della Settimana Santa. Il Papa non celebrer\u00e0 a San Pietro la Messa del Gioved\u00ec Santo. Limitata la presenza di fedeli","robots":{"index":"index","follow":"follow","max-snippet":"max-snippet:-1","max-image-preview":"max-image-preview:large","max-video-preview":"max-video-preview:-1"},"canonical":"https:\/\/exaudi.org\/it\/i-riti-della-settimana-santa-con-il-pontefice\/","og_locale":"it_IT","og_type":"article","og_title":"I riti della Settimana Santa con il Pontefice &#8211; Exaudi","og_description":"Il programma dei riti della Settimana Santa. Il Papa non celebrer\u00e0 a San Pietro la Messa del Gioved\u00ec Santo. Limitata la presenza di fedeli","og_url":"https:\/\/exaudi.org\/it\/i-riti-della-settimana-santa-con-il-pontefice\/","og_site_name":"Exaudi","article_publisher":"https:\/\/www.facebook.com\/ExaudiNews","article_published_time":"2021-03-26T16:42:23+00:00","article_modified_time":"2021-03-26T16:43:30+00:00","og_image":[{"width":1000,"height":563,"url":"https:\/\/exaudi.org\/wp-content\/uploads\/2021\/03\/domenica-delle-palme-2020.jpeg","type":"image\/jpeg"}],"author":"Andrea Acali","twitter_card":"summary_large_image","twitter_creator":"@Exaudi_News","twitter_site":"@Exaudi_News","twitter_misc":{"Scritto da":"Andrea Acali","Tempo di lettura stimato":"2 minuti"},"schema":{"@context":"https:\/\/schema.org","@graph":[{"@type":"Article","@id":"https:\/\/exaudi.org\/it\/i-riti-della-settimana-santa-con-il-pontefice\/#article","isPartOf":{"@id":"https:\/\/exaudi.org\/it\/i-riti-della-settimana-santa-con-il-pontefice\/"},"author":{"name":"Andrea Acali","@id":"https:\/\/exaudi.org\/#\/schema\/person\/127735be832481a6d3c410c5837bb61a"},"headline":"I riti della Settimana Santa con il Pontefice","datePublished":"2021-03-26T16:42:23+00:00","dateModified":"2021-03-26T16:43:30+00:00","mainEntityOfPage":{"@id":"https:\/\/exaudi.org\/it\/i-riti-della-settimana-santa-con-il-pontefice\/"},"wordCount":311,"image":{"@id":"https:\/\/exaudi.org\/it\/i-riti-della-settimana-santa-con-il-pontefice\/#primaryimage"},"thumbnailUrl":"https:\/\/exaudi.org\/wp-content\/uploads\/2021\/03\/domenica-delle-palme-2020.jpeg","keywords":["Domenica delle Palme","Gmg","Papa Francesco","Settimana Santa","urbi et orbi","Veglia"],"articleSection":["Featured News","Leone XIV","Special","Ultime Notizie"],"inLanguage":"it-IT"},{"@type":"WebPage","@id":"https:\/\/exaudi.org\/it\/i-riti-della-settimana-santa-con-il-pontefice\/","url":"https:\/\/exaudi.org\/it\/i-riti-della-settimana-santa-con-il-pontefice\/","name":"I riti della Settimana Santa con il Pontefice &#8211; Exaudi","isPartOf":{"@id":"https:\/\/exaudi.org\/#website"},"primaryImageOfPage":{"@id":"https:\/\/exaudi.org\/it\/i-riti-della-settimana-santa-con-il-pontefice\/#primaryimage"},"image":{"@id":"https:\/\/exaudi.org\/it\/i-riti-della-settimana-santa-con-il-pontefice\/#primaryimage"},"thumbnailUrl":"https:\/\/exaudi.org\/wp-content\/uploads\/2021\/03\/domenica-delle-palme-2020.jpeg","datePublished":"2021-03-26T16:42:23+00:00","dateModified":"2021-03-26T16:43:30+00:00","author":{"@id":"https:\/\/exaudi.org\/#\/schema\/person\/127735be832481a6d3c410c5837bb61a"},"description":"Il programma dei riti della Settimana Santa. Il Papa non celebrer\u00e0 a San Pietro la Messa del Gioved\u00ec Santo. Limitata la presenza di fedeli","breadcrumb":{"@id":"https:\/\/exaudi.org\/it\/i-riti-della-settimana-santa-con-il-pontefice\/#breadcrumb"},"inLanguage":"it-IT","potentialAction":[{"@type":"ReadAction","target":["https:\/\/exaudi.org\/it\/i-riti-della-settimana-santa-con-il-pontefice\/"]}]},{"@type":"ImageObject","inLanguage":"it-IT","@id":"https:\/\/exaudi.org\/it\/i-riti-della-settimana-santa-con-il-pontefice\/#primaryimage","url":"https:\/\/exaudi.org\/wp-content\/uploads\/2021\/03\/domenica-delle-palme-2020.jpeg","contentUrl":"https:\/\/exaudi.org\/wp-content\/uploads\/2021\/03\/domenica-delle-palme-2020.jpeg","width":1000,"height":563,"caption":"Il Papa con uno dei \"palmureli\" nella celebrazione del 2020 \u00a9 Vatican Media"},{"@type":"BreadcrumbList","@id":"https:\/\/exaudi.org\/it\/i-riti-della-settimana-santa-con-il-pontefice\/#breadcrumb","itemListElement":[{"@type":"ListItem","position":1,"name":"Portada","item":"https:\/\/exaudi.org\/it\/"},{"@type":"ListItem","position":2,"name":"I riti della Settimana Santa con il Pontefice"}]},{"@type":"WebSite","@id":"https:\/\/exaudi.org\/#website","url":"https:\/\/exaudi.org\/","name":"Exaudi","description":"News","potentialAction":[{"@type":"SearchAction","target":{"@type":"EntryPoint","urlTemplate":"https:\/\/exaudi.org\/?s={search_term_string}"},"query-input":{"@type":"PropertyValueSpecification","valueRequired":true,"valueName":"search_term_string"}}],"inLanguage":"it-IT"},{"@type":"Person","@id":"https:\/\/exaudi.org\/#\/schema\/person\/127735be832481a6d3c410c5837bb61a","name":"Andrea Acali","image":{"@type":"ImageObject","inLanguage":"it-IT","@id":"https:\/\/secure.gravatar.com\/avatar\/2abf8e528c4f8c571ab456e5ef9ac66b04b987863e3ab3fd9546150699bb9259?s=96&d=mm&r=g","url":"https:\/\/secure.gravatar.com\/avatar\/2abf8e528c4f8c571ab456e5ef9ac66b04b987863e3ab3fd9546150699bb9259?s=96&d=mm&r=g","contentUrl":"https:\/\/secure.gravatar.com\/avatar\/2abf8e528c4f8c571ab456e5ef9ac66b04b987863e3ab3fd9546150699bb9259?s=96&d=mm&r=g","caption":"Andrea Acali"},"description":"Andrea Acali es un periodista y comunicador italiano con una larga trayectoria en el \u00e1mbito de la informaci\u00f3n religiosa, social y deportiva. Durante casi treinta a\u00f1os trabaj\u00f3 en el diario Il Tempo como vaticanista y jefe de secci\u00f3n, especializ\u00e1ndose en la cobertura de la actualidad del Vaticano y de la Iglesia cat\u00f3lica. Desde 2016 colabora como periodista web en RomaSette y tambi\u00e9n escribe para el peri\u00f3dico Avvenire. Desde 2019 ejerce como comunicador en la Delegazione della Generalitat de Catalunya in Italia, con sede en Roma, donde combina su experiencia period\u00edstica con la comunicaci\u00f3n institucional","sameAs":["https:\/\/www.linkedin.com\/in\/andrea-acali-505567125\/?originalSubdomain=it"],"url":"https:\/\/exaudi.org\/it\/author\/aacaliexaudi-org\/"}]}},"jetpack_featured_media_url":"https:\/\/exaudi.org\/wp-content\/uploads\/2021\/03\/domenica-delle-palme-2020.jpeg","jetpack_shortlink":"https:\/\/wp.me\/pgKjF2-2ay","_links":{"self":[{"href":"https:\/\/exaudi.org\/it\/wp-json\/wp\/v2\/posts\/8342","targetHints":{"allow":["GET"]}}],"collection":[{"href":"https:\/\/exaudi.org\/it\/wp-json\/wp\/v2\/posts"}],"about":[{"href":"https:\/\/exaudi.org\/it\/wp-json\/wp\/v2\/types\/post"}],"author":[{"embeddable":true,"href":"https:\/\/exaudi.org\/it\/wp-json\/wp\/v2\/users\/18"}],"replies":[{"embeddable":true,"href":"https:\/\/exaudi.org\/it\/wp-json\/wp\/v2\/comments?post=8342"}],"version-history":[{"count":0,"href":"https:\/\/exaudi.org\/it\/wp-json\/wp\/v2\/posts\/8342\/revisions"}],"wp:featuredmedia":[{"embeddable":true,"href":"https:\/\/exaudi.org\/it\/wp-json\/wp\/v2\/media\/8360"}],"wp:attachment":[{"href":"https:\/\/exaudi.org\/it\/wp-json\/wp\/v2\/media?parent=8342"}],"wp:term":[{"taxonomy":"category","embeddable":true,"href":"https:\/\/exaudi.org\/it\/wp-json\/wp\/v2\/categories?post=8342"},{"taxonomy":"post_tag","embeddable":true,"href":"https:\/\/exaudi.org\/it\/wp-json\/wp\/v2\/tags?post=8342"}],"curies":[{"name":"wp","href":"https:\/\/api.w.org\/{rel}","templated":true}]}}