{"id":82424,"date":"2023-09-01T09:13:17","date_gmt":"2023-09-01T07:13:17","guid":{"rendered":"https:\/\/exaudi.org\/?p=82424"},"modified":"2023-09-01T10:28:28","modified_gmt":"2023-09-01T08:28:28","slug":"papa-francesco-in-mongolia","status":"publish","type":"post","link":"https:\/\/exaudi.org\/it\/papa-francesco-in-mongolia\/","title":{"rendered":"Papa Francesco in Mongolia"},"content":{"rendered":"<p>Un vento leggero che ripara da una forte calura ha dato il benvenuto a Papa Francesco a Ulaanbaatar, la capitale della Mongolia dove il Pontefice \u00e8 atterrato alle 9.51 (ora locale) e da dove, a partire da oggi 1 fino al 4 settembre, si snoder\u00e0\u00a0il 43.mo viaggio apostolico del suo pontificato. Il primo viaggio di un Papa in questa terra dell\u2019Asia centrale, come ricordato gi\u00e0 nei giorni scorsi e come ripetuto da radio e televisioni locali che rimarcano il carattere \u201cstorico\u201d della visita.<\/p>\n<h3><strong>Un&#8217;accoglienza sobria ma sentita\u00a0<\/strong><\/h3>\n<p><img loading=\"lazy\" decoding=\"async\" class=\"alignleft size-full wp-image-82421\" src=\"https:\/\/exaudi.org\/wp-content\/uploads\/2023\/09\/373607269_690022706492875_7222947894245928856_n.jpg\" alt=\"\" width=\"1350\" height=\"1080\" srcset=\"https:\/\/exaudi.org\/wp-content\/uploads\/2023\/09\/373607269_690022706492875_7222947894245928856_n.jpg 1350w, https:\/\/exaudi.org\/wp-content\/uploads\/2023\/09\/373607269_690022706492875_7222947894245928856_n-300x240.jpg 300w, https:\/\/exaudi.org\/wp-content\/uploads\/2023\/09\/373607269_690022706492875_7222947894245928856_n-1024x819.jpg 1024w, https:\/\/exaudi.org\/wp-content\/uploads\/2023\/09\/373607269_690022706492875_7222947894245928856_n-770x616.jpg 770w, https:\/\/exaudi.org\/wp-content\/uploads\/2023\/09\/373607269_690022706492875_7222947894245928856_n-500x400.jpg 500w, https:\/\/exaudi.org\/wp-content\/uploads\/2023\/09\/373607269_690022706492875_7222947894245928856_n-293x234.jpg 293w, https:\/\/exaudi.org\/wp-content\/uploads\/2023\/09\/373607269_690022706492875_7222947894245928856_n-390x312.jpg 390w\" sizes=\"auto, (max-width: 1350px) 100vw, 1350px\" \/>L\u2019informazione dei media ricorre a ciclo continuo e fa accrescere la curiosit\u00e0 della parte di popolazione non cattolica, quindi quella maggioritaria, principalmente buddista tibetana, per l\u2019arrivo di un \u201cpersonaggio\u201d dalla fama universale. Nelle strade della citt\u00e0 difficile ritrovare striscioni e cartelli come durante ogni viaggio internazionale del Pontefice, tantomeno bagni di folla. \u00c8 un\u2019accoglienza sobria quella riservata al Papa ma profondamente sentita, con un senso di gratitudine da parte soprattutto del \u201cpiccolo gregge\u201d cattolico: &#8220;Come quello verso un caro parente che sai che sta per visitare casa tua\u201d, affermano alcuni missionari della Consolata. Anche al Chinggis Khan International Airport, all\u2019arrivo del Papa sembra regnare il silenzio. Quello su cui il Papa stesso ha invitato a riflettere durante il volo di andata da Roma con parole che il giovane cardinale Giorgio Marengo, prefetto apostolico di Ulaanbaatar, in prima fila nel cordone di accoglienza all\u2019aeroporto, dice di aver apprezzato molto.<\/p>\n<h3><strong>L&#8217;arrivo del Papa<\/strong><\/h3>\n<p>Intorno alle 10, l&#8217;A330 di ITA Airways si \u00e8 fermato nel piazzale. L\u2019incaricato d\u2019Affari della Nunziatura Apostolica, monsignor Fernando Duarte Barros Reis, e il capo del protocollo sono saliti a bordo dell\u2019aereo dalla scala anteriore per salutare il Papa, che in seguito \u00e8 sceso con l\u2019ascensore. Ai piedi della scala anteriore, lo ha atteso il ministro degli Esteri, la signora Batmunkh Battsetseg: in Mongolia \u00e8 sempre questa carica ad accogliere i capi di Stato stranieri.<\/p>\n<p><img loading=\"lazy\" decoding=\"async\" class=\"size-full wp-image-82415 alignright\" src=\"https:\/\/exaudi.org\/wp-content\/uploads\/2023\/09\/372908283_690022749826204_4090350374110561297_n.jpg\" alt=\"\" width=\"1350\" height=\"1080\" srcset=\"https:\/\/exaudi.org\/wp-content\/uploads\/2023\/09\/372908283_690022749826204_4090350374110561297_n.jpg 1350w, https:\/\/exaudi.org\/wp-content\/uploads\/2023\/09\/372908283_690022749826204_4090350374110561297_n-300x240.jpg 300w, https:\/\/exaudi.org\/wp-content\/uploads\/2023\/09\/372908283_690022749826204_4090350374110561297_n-1024x819.jpg 1024w, https:\/\/exaudi.org\/wp-content\/uploads\/2023\/09\/372908283_690022749826204_4090350374110561297_n-770x616.jpg 770w, https:\/\/exaudi.org\/wp-content\/uploads\/2023\/09\/372908283_690022749826204_4090350374110561297_n-500x400.jpg 500w, https:\/\/exaudi.org\/wp-content\/uploads\/2023\/09\/372908283_690022749826204_4090350374110561297_n-293x234.jpg 293w, https:\/\/exaudi.org\/wp-content\/uploads\/2023\/09\/372908283_690022749826204_4090350374110561297_n-390x312.jpg 390w\" sizes=\"auto, (max-width: 1350px) 100vw, 1350px\" \/>Un\u2019altra donna, una giovane vestita con un\u00a0<i>deel<\/i>\u00a0rosso (\u00e8 l\u2019abito nazionale in seta e cotone), ha offerto al Papa una coppa con yogurt secco, pietanza tradizionale del luogo dal sapore acidulo prodotta con il latte di yak, tra gli animali pi\u00f9 comuni insieme a mucche, capre e cavalli. Il Papa ha toccato con la mano la coppa e poi ha preso un pezzo di yogurt. Non ci sono stati discorsi, ma solo la Guardia d\u2019Onore con i militari nella tradizionale divisa rossa, blu e gialla (i colori della bandiera mongola) e il saluto delle rispettive delegazioni. Era presente anche monsignor Jos\u00e9 Luis Mumbiela Sierra, vescovo della Diocesi della Santissima Trinit\u00e0 ad Almaty, in qualit\u00e0 di presidente della Conferenza episcopale dell\u2019Asia centrale.<\/p>\n<h3><strong>Accoglienza nella Prefettura Apostolica<\/strong><\/h3>\n<p>Il Papa e la ministra hanno poi raggiunto la Vip Lounge per un breve colloquio. Al termine, il saluto e il trasferimento di Francesco in auto alla Prefettura Apostolica di Ulaanbaatar, a sud della citt\u00e0, nel distretto di Khan Uul, tra le principali aree industriali della regione. In questo palazzo di quattro piani in mattoni arancioni, dove nei giorni scorsi \u00e8 stato apposto uno striscione blu di benvenuto, Jorge Mario Bergoglio risieder\u00e0 durante i giorni di viaggio, facendo tappa solo nella capitale. La cerimonia di accoglienza ufficiale si svolger\u00e0 domani mattina, 2 settembre, in piazza\u00a0Sukhbaatar, dove sorge il Palazzo di Stato e dove si terr\u00e0 l\u2019incontro con le autorit\u00e0 civili, primo appuntamento della trasferta di Papa Francesco. Intanto all&#8217;arrivo nella Prefettura, il Papa \u00e8 stato accolto da un gruppo di anziani e di malati, poi alcuni bambini lo hanno salutato all&#8217;ingresso e omaggiato con dei fiori.<\/p>\n<h3><strong>I telegrammi alle autorit\u00e0 dei Paesi sorvolati\u00a0<\/strong><\/h3>\n<p>Durante le circa 9 ore e mezza di volo, Francesco, oltre a quello indirizzato al presidente della Repubblica italiana Sergio Mattarella, ha inviato telegrammi agli altri Paesi sorvolati durante il tragitto. Nel messaggio diretto al presidente croato\u00a0 Zoran Milanovi\u0107 ha ricordato la recente visita in Vaticano (nel 2021) invocando \u201cabbondanti benedizioni sulla nazione\u201d, nonch\u00e9 \u201cdoni di pace e gioia\u201d. Al portavoce del presidente di Bosnia ed Erzegovina, Zeljmko Kom\u0161i\u0107, il Papa ha assicurato la sua preghiera e invocato \u201csulla nazione le benedizioni onnipotenti di unit\u00e0, fraternit\u00e0 e concordia\u201d. \u201cPreghiere per la pace e l&#8217;unit\u00e0 della nazione\u201d sono state espresse anche nel telegramma indirizzato al presidente serbo Aleksandar Vu\u010di\u0107, e \u201cpace e benessere\u201d augurati al presidente del Montenegro, Jakov Milatovi\u0107. Ancora, \u201cdoni di unit\u00e0, gioia e pace\u201d sono accompagnati dalla benedizione papale per la Bulgaria attraverso il telegramma al presidente Rumen Radev. Nel messaggio al presidente turco Recep Tayyip Erdo\u011fan e al popolo tutto,\u00a0 Francesco ha assicurato le sue preghiere, invocando \u201csulla nazione le benedizioni divine dell&#8217;armonia fraterna e della pace\u201d.<\/p>\n<p><img loading=\"lazy\" decoding=\"async\" class=\"alignleft size-full wp-image-82418\" src=\"https:\/\/exaudi.org\/wp-content\/uploads\/2023\/09\/373317779_690022803159532_7302194120612736985_n.jpg\" alt=\"\" width=\"1350\" height=\"1080\" srcset=\"https:\/\/exaudi.org\/wp-content\/uploads\/2023\/09\/373317779_690022803159532_7302194120612736985_n.jpg 1350w, https:\/\/exaudi.org\/wp-content\/uploads\/2023\/09\/373317779_690022803159532_7302194120612736985_n-300x240.jpg 300w, https:\/\/exaudi.org\/wp-content\/uploads\/2023\/09\/373317779_690022803159532_7302194120612736985_n-1024x819.jpg 1024w, https:\/\/exaudi.org\/wp-content\/uploads\/2023\/09\/373317779_690022803159532_7302194120612736985_n-770x616.jpg 770w, https:\/\/exaudi.org\/wp-content\/uploads\/2023\/09\/373317779_690022803159532_7302194120612736985_n-500x400.jpg 500w, https:\/\/exaudi.org\/wp-content\/uploads\/2023\/09\/373317779_690022803159532_7302194120612736985_n-293x234.jpg 293w, https:\/\/exaudi.org\/wp-content\/uploads\/2023\/09\/373317779_690022803159532_7302194120612736985_n-390x312.jpg 390w\" sizes=\"auto, (max-width: 1350px) 100vw, 1350px\" \/>Alla presidente della Georgia, Salome Zourabichvili,\u00a0 Francesco ha inviato le benedizioni di Dio sulla nazione e i suoi concittadini, e la preghiera che conceda a ciascuno &#8220;i suoi doni di unit\u00e0 e concordia\u201d. \u201cChe la nazione sia benedetta dalla fraternit\u00e0 e dalla pace\u201d, ha scritto Papa Bergoglio nel suo telegramma al presidente azero Ilham Aliyev. \u201cInvoco volentieri le benedizioni divine su tutti voi\u201d. Sorvolando il Kazakhstan, al presidente Kassym-Jomart Tokayev sono arrivate le preghiere del Vescovo di Roma \u201caffinch\u00e9 l&#8217;Onnipotente conceda abbondanti benedizioni alla nazione\u201d.<\/p>\n<p>Infine al presidente della Cina, Xi Jinping, Papa Francesco ha indirizzato \u201cun saluto di augurio nel momento in cui attraverso lo spazio aereo del suo Paese in rotta verso la Mongolia&#8221;. \u201cAssicurandole le mie preghiere per il benessere della nazione \u2013 si legge &#8211; invoco su tutti voi le benedizioni divine di unit\u00e0 e pace\u201d.<\/p>\n<p><b>Salvatore Cernuzio \u2013 Vatican News<\/b><\/p>\n<div>\n<div class=\"article__embed article__embed--unwrap article__embed--photo\">\n<div style=\"width: 640px;\" class=\"wp-video\"><video class=\"wp-video-shortcode\" id=\"video-82424-1\" width=\"640\" height=\"640\" preload=\"metadata\" controls=\"controls\"><source type=\"video\/mp4\" src=\"https:\/\/exaudi.org\/wp-content\/uploads\/2023\/09\/369723170_826004422529593_5870249336414385870_n.mp4?_=1\" \/><a href=\"https:\/\/exaudi.org\/wp-content\/uploads\/2023\/09\/369723170_826004422529593_5870249336414385870_n.mp4\">https:\/\/exaudi.org\/wp-content\/uploads\/2023\/09\/369723170_826004422529593_5870249336414385870_n.mp4<\/a><\/video><\/div>\n<\/div>\n<\/div>\n","protected":false},"excerpt":{"rendered":"<p>Papa Francesco atterrato all\u2019aeroporto internazionale di Chinggis Khaan della capitale Ulaanbaatar alle 9.51 ora locale<\/p>\n","protected":false},"author":17,"featured_media":82412,"comment_status":"closed","ping_status":"closed","sticky":false,"template":"","format":"standard","meta":{"_acf_changed":false,"_crdt_document":"","inline_featured_image":false,"footnotes":""},"categories":[67,119],"tags":[9913,2487,7935,251,6592],"class_list":["post-82424","post","type-post","status-publish","format-standard","has-post-thumbnail","hentry","category-leone-xiv","category-viaggi","tag-cerimonia-arrivo","tag-featured-3","tag-mongolia-2","tag-papa-francesco","tag-viaggio-apostolico"],"acf":[],"yoast_head":"<!-- This site is optimized with the Yoast SEO plugin v27.5 - https:\/\/yoast.com\/product\/yoast-seo-wordpress\/ -->\n<title>Papa Francesco in Mongolia &#8211; Exaudi<\/title>\n<meta name=\"robots\" content=\"index, follow, max-snippet:-1, max-image-preview:large, max-video-preview:-1\" \/>\n<link rel=\"canonical\" href=\"https:\/\/exaudi.org\/it\/papa-francesco-in-mongolia\/\" \/>\n<meta property=\"og:locale\" content=\"it_IT\" \/>\n<meta property=\"og:type\" content=\"article\" \/>\n<meta property=\"og:title\" content=\"Papa Francesco in Mongolia &#8211; Exaudi\" \/>\n<meta property=\"og:description\" content=\"Papa Francesco atterrato all\u2019aeroporto internazionale di Chinggis Khaan della capitale Ulaanbaatar alle 9.51 ora locale\" \/>\n<meta property=\"og:url\" content=\"https:\/\/exaudi.org\/it\/papa-francesco-in-mongolia\/\" \/>\n<meta property=\"og:site_name\" content=\"Exaudi\" \/>\n<meta property=\"article:publisher\" content=\"https:\/\/www.facebook.com\/ExaudiNews\" \/>\n<meta property=\"article:author\" content=\"https:\/\/www.facebook.com\/ExaudiNotizie\/\" \/>\n<meta property=\"article:published_time\" content=\"2023-09-01T07:13:17+00:00\" \/>\n<meta property=\"article:modified_time\" content=\"2023-09-01T08:28:28+00:00\" \/>\n<meta property=\"og:image\" content=\"https:\/\/exaudi.org\/wp-content\/uploads\/2023\/09\/cq5dam.thumbnail.cropped.750.422.jpeg\" \/>\n\t<meta property=\"og:image:width\" content=\"750\" \/>\n\t<meta property=\"og:image:height\" content=\"422\" \/>\n\t<meta property=\"og:image:type\" content=\"image\/jpeg\" \/>\n<meta name=\"author\" content=\"Exaudi Redazione\" \/>\n<meta name=\"twitter:card\" content=\"summary_large_image\" \/>\n<meta name=\"twitter:creator\" content=\"@Exaudi_Notizie\" \/>\n<meta name=\"twitter:site\" content=\"@Exaudi_News\" \/>\n<meta name=\"twitter:label1\" content=\"Scritto da\" \/>\n\t<meta name=\"twitter:data1\" content=\"Exaudi Redazione\" \/>\n\t<meta name=\"twitter:label2\" content=\"Tempo di lettura stimato\" \/>\n\t<meta name=\"twitter:data2\" content=\"5 minuti\" \/>\n<script type=\"application\/ld+json\" class=\"yoast-schema-graph\">{\"@context\":\"https:\\\/\\\/schema.org\",\"@graph\":[{\"@type\":\"Article\",\"@id\":\"https:\\\/\\\/exaudi.org\\\/it\\\/papa-francesco-in-mongolia\\\/#article\",\"isPartOf\":{\"@id\":\"https:\\\/\\\/exaudi.org\\\/it\\\/papa-francesco-in-mongolia\\\/\"},\"author\":{\"name\":\"Exaudi Redazione\",\"@id\":\"https:\\\/\\\/exaudi.org\\\/#\\\/schema\\\/person\\\/e1ab6ed07c01774724dd96f925f3a5f0\"},\"headline\":\"Papa Francesco in Mongolia\",\"datePublished\":\"2023-09-01T07:13:17+00:00\",\"dateModified\":\"2023-09-01T08:28:28+00:00\",\"mainEntityOfPage\":{\"@id\":\"https:\\\/\\\/exaudi.org\\\/it\\\/papa-francesco-in-mongolia\\\/\"},\"wordCount\":934,\"image\":{\"@id\":\"https:\\\/\\\/exaudi.org\\\/it\\\/papa-francesco-in-mongolia\\\/#primaryimage\"},\"thumbnailUrl\":\"https:\\\/\\\/exaudi.org\\\/wp-content\\\/uploads\\\/2023\\\/09\\\/cq5dam.thumbnail.cropped.750.422.jpeg\",\"keywords\":[\"CERIMONIA ARRIVO\",\"Featured\",\"Mongolia\",\"Papa Francesco\",\"Viaggio Apostolico\"],\"articleSection\":[\"Leone XIV\",\"Viaggi\"],\"inLanguage\":\"it-IT\"},{\"@type\":\"WebPage\",\"@id\":\"https:\\\/\\\/exaudi.org\\\/it\\\/papa-francesco-in-mongolia\\\/\",\"url\":\"https:\\\/\\\/exaudi.org\\\/it\\\/papa-francesco-in-mongolia\\\/\",\"name\":\"Papa Francesco in Mongolia &#8211; Exaudi\",\"isPartOf\":{\"@id\":\"https:\\\/\\\/exaudi.org\\\/#website\"},\"primaryImageOfPage\":{\"@id\":\"https:\\\/\\\/exaudi.org\\\/it\\\/papa-francesco-in-mongolia\\\/#primaryimage\"},\"image\":{\"@id\":\"https:\\\/\\\/exaudi.org\\\/it\\\/papa-francesco-in-mongolia\\\/#primaryimage\"},\"thumbnailUrl\":\"https:\\\/\\\/exaudi.org\\\/wp-content\\\/uploads\\\/2023\\\/09\\\/cq5dam.thumbnail.cropped.750.422.jpeg\",\"datePublished\":\"2023-09-01T07:13:17+00:00\",\"dateModified\":\"2023-09-01T08:28:28+00:00\",\"author\":{\"@id\":\"https:\\\/\\\/exaudi.org\\\/#\\\/schema\\\/person\\\/e1ab6ed07c01774724dd96f925f3a5f0\"},\"breadcrumb\":{\"@id\":\"https:\\\/\\\/exaudi.org\\\/it\\\/papa-francesco-in-mongolia\\\/#breadcrumb\"},\"inLanguage\":\"it-IT\",\"potentialAction\":[{\"@type\":\"ReadAction\",\"target\":[\"https:\\\/\\\/exaudi.org\\\/it\\\/papa-francesco-in-mongolia\\\/\"]}]},{\"@type\":\"ImageObject\",\"inLanguage\":\"it-IT\",\"@id\":\"https:\\\/\\\/exaudi.org\\\/it\\\/papa-francesco-in-mongolia\\\/#primaryimage\",\"url\":\"https:\\\/\\\/exaudi.org\\\/wp-content\\\/uploads\\\/2023\\\/09\\\/cq5dam.thumbnail.cropped.750.422.jpeg\",\"contentUrl\":\"https:\\\/\\\/exaudi.org\\\/wp-content\\\/uploads\\\/2023\\\/09\\\/cq5dam.thumbnail.cropped.750.422.jpeg\",\"width\":750,\"height\":422},{\"@type\":\"BreadcrumbList\",\"@id\":\"https:\\\/\\\/exaudi.org\\\/it\\\/papa-francesco-in-mongolia\\\/#breadcrumb\",\"itemListElement\":[{\"@type\":\"ListItem\",\"position\":1,\"name\":\"Portada\",\"item\":\"https:\\\/\\\/exaudi.org\\\/it\\\/\"},{\"@type\":\"ListItem\",\"position\":2,\"name\":\"Papa Francesco in Mongolia\"}]},{\"@type\":\"WebSite\",\"@id\":\"https:\\\/\\\/exaudi.org\\\/#website\",\"url\":\"https:\\\/\\\/exaudi.org\\\/\",\"name\":\"Exaudi\",\"description\":\"News\",\"potentialAction\":[{\"@type\":\"SearchAction\",\"target\":{\"@type\":\"EntryPoint\",\"urlTemplate\":\"https:\\\/\\\/exaudi.org\\\/?s={search_term_string}\"},\"query-input\":{\"@type\":\"PropertyValueSpecification\",\"valueRequired\":true,\"valueName\":\"search_term_string\"}}],\"inLanguage\":\"it-IT\"},{\"@type\":\"Person\",\"@id\":\"https:\\\/\\\/exaudi.org\\\/#\\\/schema\\\/person\\\/e1ab6ed07c01774724dd96f925f3a5f0\",\"name\":\"Exaudi Redazione\",\"image\":{\"@type\":\"ImageObject\",\"inLanguage\":\"it-IT\",\"@id\":\"https:\\\/\\\/secure.gravatar.com\\\/avatar\\\/ad6774b3ada023bf5b939d64f45c94b3adf91502dd883507d469b4308a943bb3?s=96&d=mm&r=g\",\"url\":\"https:\\\/\\\/secure.gravatar.com\\\/avatar\\\/ad6774b3ada023bf5b939d64f45c94b3adf91502dd883507d469b4308a943bb3?s=96&d=mm&r=g\",\"contentUrl\":\"https:\\\/\\\/secure.gravatar.com\\\/avatar\\\/ad6774b3ada023bf5b939d64f45c94b3adf91502dd883507d469b4308a943bb3?s=96&d=mm&r=g\",\"caption\":\"Exaudi Redazione\"},\"description\":\"Che cosa \u00e8 Exaudi News? Exaudi News \u00e8 un agenzia cattolica internazionale che informa, istruisce e trasforma quotidianamente in spagnolo, inglese e italiano. Attraverso notizie, articoli di analisi e trasmissioni in diretta degli eventi del Papa, Exaudi cerca di rafforzare l'unit\u00e0 dei cristiani e di contribuire all'evangelizzazione del mondo, sempre guidato dalla dottrina sociale della Chiesa. Lavoriamo per portare la verit\u00e0 e i valori cristiani in ogni angolo del pianeta. Aiutaci a trasformare il mondo con Exaudi! Noi di Exaudi crediamo che l'evangelizzazione e l'informazione di qualit\u00e0 possano cambiare la vita. Per continuare la nostra missione ed espandere la nostra portata, abbiamo bisogno del tuo aiuto. Stiamo anche cercando persone motivate che vogliano unirsi al nostro team. Grazie al vostro sostegno raggiungeremo pi\u00f9 persone, diffonderemo il messaggio di Cristo e rafforzeremo l'unit\u00e0 dei cristiani. Vuoi unirti alla nostra missione? Per maggiori informazioni su come contribuire, visita Exaudi.org\\\/it o contattaci direttamente: info@exaudi.org Exaudi: informa, forma e trasforma.\",\"sameAs\":[\"https:\\\/\\\/www.facebook.com\\\/ExaudiNotizie\\\/\",\"https:\\\/\\\/www.instagram.com\\\/Exaudi_notizie\\\/\",\"https:\\\/\\\/x.com\\\/Exaudi_Notizie\",\"https:\\\/\\\/www.youtube.com\\\/@exaudicatholicnews\"],\"url\":\"https:\\\/\\\/exaudi.org\\\/it\\\/author\\\/dlvedi-org\\\/\"}]}<\/script>\n<!-- \/ Yoast SEO plugin. -->","yoast_head_json":{"title":"Papa Francesco in Mongolia &#8211; Exaudi","robots":{"index":"index","follow":"follow","max-snippet":"max-snippet:-1","max-image-preview":"max-image-preview:large","max-video-preview":"max-video-preview:-1"},"canonical":"https:\/\/exaudi.org\/it\/papa-francesco-in-mongolia\/","og_locale":"it_IT","og_type":"article","og_title":"Papa Francesco in Mongolia &#8211; Exaudi","og_description":"Papa Francesco atterrato all\u2019aeroporto internazionale di Chinggis Khaan della capitale Ulaanbaatar alle 9.51 ora locale","og_url":"https:\/\/exaudi.org\/it\/papa-francesco-in-mongolia\/","og_site_name":"Exaudi","article_publisher":"https:\/\/www.facebook.com\/ExaudiNews","article_author":"https:\/\/www.facebook.com\/ExaudiNotizie\/","article_published_time":"2023-09-01T07:13:17+00:00","article_modified_time":"2023-09-01T08:28:28+00:00","og_image":[{"width":750,"height":422,"url":"https:\/\/exaudi.org\/wp-content\/uploads\/2023\/09\/cq5dam.thumbnail.cropped.750.422.jpeg","type":"image\/jpeg"}],"author":"Exaudi Redazione","twitter_card":"summary_large_image","twitter_creator":"@Exaudi_Notizie","twitter_site":"@Exaudi_News","twitter_misc":{"Scritto da":"Exaudi Redazione","Tempo di lettura stimato":"5 minuti"},"schema":{"@context":"https:\/\/schema.org","@graph":[{"@type":"Article","@id":"https:\/\/exaudi.org\/it\/papa-francesco-in-mongolia\/#article","isPartOf":{"@id":"https:\/\/exaudi.org\/it\/papa-francesco-in-mongolia\/"},"author":{"name":"Exaudi Redazione","@id":"https:\/\/exaudi.org\/#\/schema\/person\/e1ab6ed07c01774724dd96f925f3a5f0"},"headline":"Papa Francesco in Mongolia","datePublished":"2023-09-01T07:13:17+00:00","dateModified":"2023-09-01T08:28:28+00:00","mainEntityOfPage":{"@id":"https:\/\/exaudi.org\/it\/papa-francesco-in-mongolia\/"},"wordCount":934,"image":{"@id":"https:\/\/exaudi.org\/it\/papa-francesco-in-mongolia\/#primaryimage"},"thumbnailUrl":"https:\/\/exaudi.org\/wp-content\/uploads\/2023\/09\/cq5dam.thumbnail.cropped.750.422.jpeg","keywords":["CERIMONIA ARRIVO","Featured","Mongolia","Papa Francesco","Viaggio Apostolico"],"articleSection":["Leone XIV","Viaggi"],"inLanguage":"it-IT"},{"@type":"WebPage","@id":"https:\/\/exaudi.org\/it\/papa-francesco-in-mongolia\/","url":"https:\/\/exaudi.org\/it\/papa-francesco-in-mongolia\/","name":"Papa Francesco in Mongolia &#8211; Exaudi","isPartOf":{"@id":"https:\/\/exaudi.org\/#website"},"primaryImageOfPage":{"@id":"https:\/\/exaudi.org\/it\/papa-francesco-in-mongolia\/#primaryimage"},"image":{"@id":"https:\/\/exaudi.org\/it\/papa-francesco-in-mongolia\/#primaryimage"},"thumbnailUrl":"https:\/\/exaudi.org\/wp-content\/uploads\/2023\/09\/cq5dam.thumbnail.cropped.750.422.jpeg","datePublished":"2023-09-01T07:13:17+00:00","dateModified":"2023-09-01T08:28:28+00:00","author":{"@id":"https:\/\/exaudi.org\/#\/schema\/person\/e1ab6ed07c01774724dd96f925f3a5f0"},"breadcrumb":{"@id":"https:\/\/exaudi.org\/it\/papa-francesco-in-mongolia\/#breadcrumb"},"inLanguage":"it-IT","potentialAction":[{"@type":"ReadAction","target":["https:\/\/exaudi.org\/it\/papa-francesco-in-mongolia\/"]}]},{"@type":"ImageObject","inLanguage":"it-IT","@id":"https:\/\/exaudi.org\/it\/papa-francesco-in-mongolia\/#primaryimage","url":"https:\/\/exaudi.org\/wp-content\/uploads\/2023\/09\/cq5dam.thumbnail.cropped.750.422.jpeg","contentUrl":"https:\/\/exaudi.org\/wp-content\/uploads\/2023\/09\/cq5dam.thumbnail.cropped.750.422.jpeg","width":750,"height":422},{"@type":"BreadcrumbList","@id":"https:\/\/exaudi.org\/it\/papa-francesco-in-mongolia\/#breadcrumb","itemListElement":[{"@type":"ListItem","position":1,"name":"Portada","item":"https:\/\/exaudi.org\/it\/"},{"@type":"ListItem","position":2,"name":"Papa Francesco in Mongolia"}]},{"@type":"WebSite","@id":"https:\/\/exaudi.org\/#website","url":"https:\/\/exaudi.org\/","name":"Exaudi","description":"News","potentialAction":[{"@type":"SearchAction","target":{"@type":"EntryPoint","urlTemplate":"https:\/\/exaudi.org\/?s={search_term_string}"},"query-input":{"@type":"PropertyValueSpecification","valueRequired":true,"valueName":"search_term_string"}}],"inLanguage":"it-IT"},{"@type":"Person","@id":"https:\/\/exaudi.org\/#\/schema\/person\/e1ab6ed07c01774724dd96f925f3a5f0","name":"Exaudi Redazione","image":{"@type":"ImageObject","inLanguage":"it-IT","@id":"https:\/\/secure.gravatar.com\/avatar\/ad6774b3ada023bf5b939d64f45c94b3adf91502dd883507d469b4308a943bb3?s=96&d=mm&r=g","url":"https:\/\/secure.gravatar.com\/avatar\/ad6774b3ada023bf5b939d64f45c94b3adf91502dd883507d469b4308a943bb3?s=96&d=mm&r=g","contentUrl":"https:\/\/secure.gravatar.com\/avatar\/ad6774b3ada023bf5b939d64f45c94b3adf91502dd883507d469b4308a943bb3?s=96&d=mm&r=g","caption":"Exaudi Redazione"},"description":"Che cosa \u00e8 Exaudi News? Exaudi News \u00e8 un agenzia cattolica internazionale che informa, istruisce e trasforma quotidianamente in spagnolo, inglese e italiano. Attraverso notizie, articoli di analisi e trasmissioni in diretta degli eventi del Papa, Exaudi cerca di rafforzare l'unit\u00e0 dei cristiani e di contribuire all'evangelizzazione del mondo, sempre guidato dalla dottrina sociale della Chiesa. Lavoriamo per portare la verit\u00e0 e i valori cristiani in ogni angolo del pianeta. Aiutaci a trasformare il mondo con Exaudi! Noi di Exaudi crediamo che l'evangelizzazione e l'informazione di qualit\u00e0 possano cambiare la vita. Per continuare la nostra missione ed espandere la nostra portata, abbiamo bisogno del tuo aiuto. Stiamo anche cercando persone motivate che vogliano unirsi al nostro team. Grazie al vostro sostegno raggiungeremo pi\u00f9 persone, diffonderemo il messaggio di Cristo e rafforzeremo l'unit\u00e0 dei cristiani. Vuoi unirti alla nostra missione? Per maggiori informazioni su come contribuire, visita Exaudi.org\/it o contattaci direttamente: info@exaudi.org Exaudi: informa, forma e trasforma.","sameAs":["https:\/\/www.facebook.com\/ExaudiNotizie\/","https:\/\/www.instagram.com\/Exaudi_notizie\/","https:\/\/x.com\/Exaudi_Notizie","https:\/\/www.youtube.com\/@exaudicatholicnews"],"url":"https:\/\/exaudi.org\/it\/author\/dlvedi-org\/"}]}},"jetpack_featured_media_url":"https:\/\/exaudi.org\/wp-content\/uploads\/2023\/09\/cq5dam.thumbnail.cropped.750.422.jpeg","jetpack_shortlink":"https:\/\/wp.me\/pgKjF2-lrq","_links":{"self":[{"href":"https:\/\/exaudi.org\/it\/wp-json\/wp\/v2\/posts\/82424","targetHints":{"allow":["GET"]}}],"collection":[{"href":"https:\/\/exaudi.org\/it\/wp-json\/wp\/v2\/posts"}],"about":[{"href":"https:\/\/exaudi.org\/it\/wp-json\/wp\/v2\/types\/post"}],"author":[{"embeddable":true,"href":"https:\/\/exaudi.org\/it\/wp-json\/wp\/v2\/users\/17"}],"replies":[{"embeddable":true,"href":"https:\/\/exaudi.org\/it\/wp-json\/wp\/v2\/comments?post=82424"}],"version-history":[{"count":0,"href":"https:\/\/exaudi.org\/it\/wp-json\/wp\/v2\/posts\/82424\/revisions"}],"wp:featuredmedia":[{"embeddable":true,"href":"https:\/\/exaudi.org\/it\/wp-json\/wp\/v2\/media\/82412"}],"wp:attachment":[{"href":"https:\/\/exaudi.org\/it\/wp-json\/wp\/v2\/media?parent=82424"}],"wp:term":[{"taxonomy":"category","embeddable":true,"href":"https:\/\/exaudi.org\/it\/wp-json\/wp\/v2\/categories?post=82424"},{"taxonomy":"post_tag","embeddable":true,"href":"https:\/\/exaudi.org\/it\/wp-json\/wp\/v2\/tags?post=82424"}],"curies":[{"name":"wp","href":"https:\/\/api.w.org\/{rel}","templated":true}]}}