{"id":82396,"date":"2023-08-31T12:54:33","date_gmt":"2023-08-31T10:54:33","guid":{"rendered":"https:\/\/exaudi.org\/?p=82396"},"modified":"2023-09-01T09:13:52","modified_gmt":"2023-09-01T07:13:52","slug":"famiglia-ulma-fedelta-eroica-fino-al-martirio","status":"publish","type":"post","link":"https:\/\/exaudi.org\/it\/famiglia-ulma-fedelta-eroica-fino-al-martirio\/","title":{"rendered":"Famiglia Ulma, fedelt\u00e0 eroica fino al martirio"},"content":{"rendered":"<p>Una famiglia di martiri, compreso un bambino non ancora nato nel grembo materno, trucidati dalla ferocia nazista per aver dato rifugio a un gruppo di ebrei. Avevamo raccontato <a href=\"https:\/\/exaudi.org\/it\/concerto-per-ricordare-le-vittime-del-nazismo-e-invocare-la-pace\/\">qui<\/a> la storia dei nove componenti della famiglia Ulma che il prossimo 10 settembre, per desiderio di\u00a0Papa Francesco, la Chiesa proclamer\u00e0 beati: padre, madre e 7 figli barbaramente uccisi nel 1944 dai nazisti nella loro casa in Polonia, insieme agli 8 ebrei che avevano ospitato clandestinamente.<\/p>\n<h2>Il libro<\/h2>\n<p><img loading=\"lazy\" decoding=\"async\" class=\"size-medium wp-image-82397 alignleft\" src=\"https:\/\/exaudi.org\/wp-content\/uploads\/2023\/08\/image005-214x300.jpg\" alt=\"famiglia Ulma\" width=\"214\" height=\"300\" srcset=\"https:\/\/exaudi.org\/wp-content\/uploads\/2023\/08\/image005-214x300.jpg 214w, https:\/\/exaudi.org\/wp-content\/uploads\/2023\/08\/image005-293x411.jpg 293w, https:\/\/exaudi.org\/wp-content\/uploads\/2023\/08\/image005.jpg 391w\" sizes=\"auto, (max-width: 214px) 100vw, 214px\" \/>Una storia che il libro pubblicato dalle <a href=\"https:\/\/www.edizioniares.it\/\">Edizioni Ares<\/a> \u201cUccisero anche i bambini (pp. 152, euro 15), in distribuzione da oggi, ripropone nel dettaglio. \u00c8 il frutto di un\u2019accurata inchiesta giornalistica compiuta dalla vaticanista dell\u2019Ansa Manuela Tulli insieme con Pawel Rytel-Adrianik, responsabile della sezione polacca di Vatican News e di Radio Vaticana. Il libro si sviluppa sui luoghi in cui la famiglia Ulma ha vissuto e attinge alle fonti del processo di beatificazione. Due autorevoli contributi del cardinale Marcello Semeraro, prefetto del Dicastero per le Cause dei Santi, e di mons. Stanis\u0142aw G\u0105decki, presidente della Conferenza episcopale polacca, introducono alla lettura.<\/p>\n<h2>Le parole del Papa sulla famiglia Ulma<\/h2>\n<p>Mercoled\u00ec, durante l\u2019udienza generale in piazza San Pietro, anche Papa Francesco ha parlato della famiglia Ulma: \u201cL\u2019esempio di questa famiglia eroica che ha sacrificato la propria vita pur di salvare i perseguitati ebrei &#8211; ha detto &#8211; vi aiuti a comprendere che la santit\u00e0 e i gesti eroici si raggiungono attraverso la fedelt\u00e0 nelle piccole cose quotidiane\u201d.<\/p>\n<h2>Una cerimonia inedita<\/h2>\n<p>Mai prima d\u2019ora la Chiesa aveva elevato alla gloria degli altari in un\u2019unica cerimonia un\u2019intera famiglia.<\/p>\n<h2>La storia della famiglia Ulma<\/h2>\n<p>Il martirio della famiglia Ulma avvenne il 24 marzo 1944, nel villaggio di Markowa. Furono massacrati J\u00f3zef e Wiktoria, con i loro bambini Stasia, Basia, W\u0142adziu, Franio, Anto\u015b, Marysia e un piccolo sul punto di nascere. Nove persone soppresse perch\u00e9 \u201ccolpevoli\u201d, secondo i sicari nazisti, di avere nascosto nella loro casa 8 ebrei, delle famiglie Goldman, Gr\u00fcnfeld e Didner, uccisi con loro lo stesso giorno. Gli Ulma, oltre ad essere riconosciuti come martiri e beati, sono stati anche proclamati \u201cGiusti tra le nazioni\u201d, l\u2019onore pi\u00f9 grande che lo Stato d\u2019Israele concede ai non ebrei. Un gesto compiuto per amore che gli ha guadagnato il soprannome di \u201csamaritani di Markowa\u201d.<\/p>\n<p>\u00c8 anche la storia della \u201cguerra insensata\u201d, come spesso dice Papa Francesco, che produce orrori e dolore dei quali l\u2019umanit\u00e0 sembra talvolta non conservare memoria.<\/p>\n<h2>Gli autori<\/h2>\n<p>Pawe\u0142 Rytel-Andrianik, sacerdote polacco, docente della Pontificia Universit\u00e0 della Santa Croce a Roma, \u00e8 responsabile della Sezione polacca di\u00a0Vatican News\u00a0\u2013\u00a0Radio Vaticana\u00a0e vicedirettore del Centro per le Relazioni cristiano-ebraiche Abraham J. Heschel presso l\u2019Universit\u00e0 Cattolica di Lublino. Nipote di un prigioniero nel campo di Treblinka I ha scritto articoli e libri sulla prigionia nei campi di concentramento.<\/p>\n<p>Manuela Tulli, romana, \u00e8 giornalista dell\u2019agenzia\u00a0Ansa, per la quale si occupa di Vaticano e informazione religiosa. Fra i suoi libri Francesco, un nome un destino (Laruffa) sulla vita di san Francesco di Paola\u037e\u00a0Eroi nella fede\u00a0(Acs), sulla situazione dei cristiani in Medio Oriente e\u00a0Il grande tema del senso della vita\u00a0(Shalom) per la collana \u201cQuaderni del Concilio\u201d. Nel suo blog\u00a0Fratello Cibo\u00a0viaggia tra la tavola e i santi. Sposata, \u00e8 madre di tre figli.<\/p>\n","protected":false},"excerpt":{"rendered":"<p>Un libro racconta la storia dei prossimi beati, trucidati dai nazisti per aver dato rifugio ad alcuni ebrei. Cerimonia senza precedenti<\/p>\n","protected":false},"author":18,"featured_media":82400,"comment_status":"closed","ping_status":"closed","sticky":false,"template":"","format":"standard","meta":{"_acf_changed":false,"_crdt_document":"","inline_featured_image":false,"footnotes":""},"categories":[73],"tags":[9911,251,4952],"class_list":["post-82396","post","type-post","status-publish","format-standard","has-post-thumbnail","hentry","category-chiesa-e-mondo","tag-famiglia-ulma","tag-papa-francesco","tag-trending-it"],"acf":[],"yoast_head":"<!-- This site is optimized with the Yoast SEO plugin v27.4 - https:\/\/yoast.com\/product\/yoast-seo-wordpress\/ -->\n<title>Famiglia Ulma, fedelt\u00e0 eroica fino al martirio &#8211; Exaudi<\/title>\n<meta name=\"description\" content=\"In un libro la storia della famiglia Ulma, trucidata dai nazisti per aver ospitato alcuni ebrei. Il 10 settembre la loro beatificazione\" \/>\n<meta name=\"robots\" content=\"index, follow, max-snippet:-1, max-image-preview:large, max-video-preview:-1\" \/>\n<link rel=\"canonical\" href=\"https:\/\/exaudi.org\/it\/famiglia-ulma-fedelta-eroica-fino-al-martirio\/\" \/>\n<meta property=\"og:locale\" content=\"it_IT\" \/>\n<meta property=\"og:type\" content=\"article\" \/>\n<meta property=\"og:title\" content=\"Famiglia Ulma, fedelt\u00e0 eroica fino al martirio &#8211; Exaudi\" \/>\n<meta property=\"og:description\" content=\"In un libro la storia della famiglia Ulma, trucidata dai nazisti per aver ospitato alcuni ebrei. Il 10 settembre la loro beatificazione\" \/>\n<meta property=\"og:url\" content=\"https:\/\/exaudi.org\/it\/famiglia-ulma-fedelta-eroica-fino-al-martirio\/\" \/>\n<meta property=\"og:site_name\" content=\"Exaudi\" \/>\n<meta property=\"article:publisher\" content=\"https:\/\/www.facebook.com\/ExaudiNews\" \/>\n<meta property=\"article:published_time\" content=\"2023-08-31T10:54:33+00:00\" \/>\n<meta property=\"article:modified_time\" content=\"2023-09-01T07:13:52+00:00\" \/>\n<meta property=\"og:image\" content=\"https:\/\/exaudi.org\/wp-content\/uploads\/2023\/08\/Ulma.jpeg\" \/>\n\t<meta property=\"og:image:width\" content=\"750\" \/>\n\t<meta property=\"og:image:height\" content=\"422\" \/>\n\t<meta property=\"og:image:type\" content=\"image\/jpeg\" \/>\n<meta name=\"author\" content=\"Andrea Acali\" \/>\n<meta name=\"twitter:card\" content=\"summary_large_image\" \/>\n<meta name=\"twitter:creator\" content=\"@Exaudi_News\" \/>\n<meta name=\"twitter:site\" content=\"@Exaudi_News\" \/>\n<meta name=\"twitter:label1\" content=\"Scritto da\" \/>\n\t<meta name=\"twitter:data1\" content=\"Andrea Acali\" \/>\n\t<meta name=\"twitter:label2\" content=\"Tempo di lettura stimato\" \/>\n\t<meta name=\"twitter:data2\" content=\"3 minuti\" \/>\n<script type=\"application\/ld+json\" class=\"yoast-schema-graph\">{\"@context\":\"https:\\\/\\\/schema.org\",\"@graph\":[{\"@type\":\"Article\",\"@id\":\"https:\\\/\\\/exaudi.org\\\/it\\\/famiglia-ulma-fedelta-eroica-fino-al-martirio\\\/#article\",\"isPartOf\":{\"@id\":\"https:\\\/\\\/exaudi.org\\\/it\\\/famiglia-ulma-fedelta-eroica-fino-al-martirio\\\/\"},\"author\":{\"name\":\"Andrea Acali\",\"@id\":\"https:\\\/\\\/exaudi.org\\\/#\\\/schema\\\/person\\\/127735be832481a6d3c410c5837bb61a\"},\"headline\":\"Famiglia Ulma, fedelt\u00e0 eroica fino al martirio\",\"datePublished\":\"2023-08-31T10:54:33+00:00\",\"dateModified\":\"2023-09-01T07:13:52+00:00\",\"mainEntityOfPage\":{\"@id\":\"https:\\\/\\\/exaudi.org\\\/it\\\/famiglia-ulma-fedelta-eroica-fino-al-martirio\\\/\"},\"wordCount\":549,\"image\":{\"@id\":\"https:\\\/\\\/exaudi.org\\\/it\\\/famiglia-ulma-fedelta-eroica-fino-al-martirio\\\/#primaryimage\"},\"thumbnailUrl\":\"https:\\\/\\\/exaudi.org\\\/wp-content\\\/uploads\\\/2023\\\/08\\\/Ulma.jpeg\",\"keywords\":[\"famiglia Ulma\",\"Papa Francesco\",\"Trending\"],\"articleSection\":[\"Chiesa e Mondo\"],\"inLanguage\":\"it-IT\"},{\"@type\":\"WebPage\",\"@id\":\"https:\\\/\\\/exaudi.org\\\/it\\\/famiglia-ulma-fedelta-eroica-fino-al-martirio\\\/\",\"url\":\"https:\\\/\\\/exaudi.org\\\/it\\\/famiglia-ulma-fedelta-eroica-fino-al-martirio\\\/\",\"name\":\"Famiglia Ulma, fedelt\u00e0 eroica fino al martirio &#8211; Exaudi\",\"isPartOf\":{\"@id\":\"https:\\\/\\\/exaudi.org\\\/#website\"},\"primaryImageOfPage\":{\"@id\":\"https:\\\/\\\/exaudi.org\\\/it\\\/famiglia-ulma-fedelta-eroica-fino-al-martirio\\\/#primaryimage\"},\"image\":{\"@id\":\"https:\\\/\\\/exaudi.org\\\/it\\\/famiglia-ulma-fedelta-eroica-fino-al-martirio\\\/#primaryimage\"},\"thumbnailUrl\":\"https:\\\/\\\/exaudi.org\\\/wp-content\\\/uploads\\\/2023\\\/08\\\/Ulma.jpeg\",\"datePublished\":\"2023-08-31T10:54:33+00:00\",\"dateModified\":\"2023-09-01T07:13:52+00:00\",\"author\":{\"@id\":\"https:\\\/\\\/exaudi.org\\\/#\\\/schema\\\/person\\\/127735be832481a6d3c410c5837bb61a\"},\"description\":\"In un libro la storia della famiglia Ulma, trucidata dai nazisti per aver ospitato alcuni ebrei. Il 10 settembre la loro beatificazione\",\"breadcrumb\":{\"@id\":\"https:\\\/\\\/exaudi.org\\\/it\\\/famiglia-ulma-fedelta-eroica-fino-al-martirio\\\/#breadcrumb\"},\"inLanguage\":\"it-IT\",\"potentialAction\":[{\"@type\":\"ReadAction\",\"target\":[\"https:\\\/\\\/exaudi.org\\\/it\\\/famiglia-ulma-fedelta-eroica-fino-al-martirio\\\/\"]}]},{\"@type\":\"ImageObject\",\"inLanguage\":\"it-IT\",\"@id\":\"https:\\\/\\\/exaudi.org\\\/it\\\/famiglia-ulma-fedelta-eroica-fino-al-martirio\\\/#primaryimage\",\"url\":\"https:\\\/\\\/exaudi.org\\\/wp-content\\\/uploads\\\/2023\\\/08\\\/Ulma.jpeg\",\"contentUrl\":\"https:\\\/\\\/exaudi.org\\\/wp-content\\\/uploads\\\/2023\\\/08\\\/Ulma.jpeg\",\"width\":750,\"height\":422,\"caption\":\"(C) Vatican Media\"},{\"@type\":\"BreadcrumbList\",\"@id\":\"https:\\\/\\\/exaudi.org\\\/it\\\/famiglia-ulma-fedelta-eroica-fino-al-martirio\\\/#breadcrumb\",\"itemListElement\":[{\"@type\":\"ListItem\",\"position\":1,\"name\":\"Portada\",\"item\":\"https:\\\/\\\/exaudi.org\\\/it\\\/\"},{\"@type\":\"ListItem\",\"position\":2,\"name\":\"Famiglia Ulma, fedelt\u00e0 eroica fino al martirio\"}]},{\"@type\":\"WebSite\",\"@id\":\"https:\\\/\\\/exaudi.org\\\/#website\",\"url\":\"https:\\\/\\\/exaudi.org\\\/\",\"name\":\"Exaudi\",\"description\":\"News\",\"potentialAction\":[{\"@type\":\"SearchAction\",\"target\":{\"@type\":\"EntryPoint\",\"urlTemplate\":\"https:\\\/\\\/exaudi.org\\\/?s={search_term_string}\"},\"query-input\":{\"@type\":\"PropertyValueSpecification\",\"valueRequired\":true,\"valueName\":\"search_term_string\"}}],\"inLanguage\":\"it-IT\"},{\"@type\":\"Person\",\"@id\":\"https:\\\/\\\/exaudi.org\\\/#\\\/schema\\\/person\\\/127735be832481a6d3c410c5837bb61a\",\"name\":\"Andrea Acali\",\"image\":{\"@type\":\"ImageObject\",\"inLanguage\":\"it-IT\",\"@id\":\"https:\\\/\\\/secure.gravatar.com\\\/avatar\\\/2abf8e528c4f8c571ab456e5ef9ac66b04b987863e3ab3fd9546150699bb9259?s=96&d=mm&r=g\",\"url\":\"https:\\\/\\\/secure.gravatar.com\\\/avatar\\\/2abf8e528c4f8c571ab456e5ef9ac66b04b987863e3ab3fd9546150699bb9259?s=96&d=mm&r=g\",\"contentUrl\":\"https:\\\/\\\/secure.gravatar.com\\\/avatar\\\/2abf8e528c4f8c571ab456e5ef9ac66b04b987863e3ab3fd9546150699bb9259?s=96&d=mm&r=g\",\"caption\":\"Andrea Acali\"},\"description\":\"Andrea Acali es un periodista y comunicador italiano con una larga trayectoria en el \u00e1mbito de la informaci\u00f3n religiosa, social y deportiva. Durante casi treinta a\u00f1os trabaj\u00f3 en el diario Il Tempo como vaticanista y jefe de secci\u00f3n, especializ\u00e1ndose en la cobertura de la actualidad del Vaticano y de la Iglesia cat\u00f3lica. Desde 2016 colabora como periodista web en RomaSette y tambi\u00e9n escribe para el peri\u00f3dico Avvenire. Desde 2019 ejerce como comunicador en la Delegazione della Generalitat de Catalunya in Italia, con sede en Roma, donde combina su experiencia period\u00edstica con la comunicaci\u00f3n institucional\",\"sameAs\":[\"https:\\\/\\\/www.linkedin.com\\\/in\\\/andrea-acali-505567125\\\/?originalSubdomain=it\"],\"url\":\"https:\\\/\\\/exaudi.org\\\/it\\\/author\\\/aacaliexaudi-org\\\/\"}]}<\/script>\n<!-- \/ Yoast SEO plugin. -->","yoast_head_json":{"title":"Famiglia Ulma, fedelt\u00e0 eroica fino al martirio &#8211; Exaudi","description":"In un libro la storia della famiglia Ulma, trucidata dai nazisti per aver ospitato alcuni ebrei. Il 10 settembre la loro beatificazione","robots":{"index":"index","follow":"follow","max-snippet":"max-snippet:-1","max-image-preview":"max-image-preview:large","max-video-preview":"max-video-preview:-1"},"canonical":"https:\/\/exaudi.org\/it\/famiglia-ulma-fedelta-eroica-fino-al-martirio\/","og_locale":"it_IT","og_type":"article","og_title":"Famiglia Ulma, fedelt\u00e0 eroica fino al martirio &#8211; Exaudi","og_description":"In un libro la storia della famiglia Ulma, trucidata dai nazisti per aver ospitato alcuni ebrei. Il 10 settembre la loro beatificazione","og_url":"https:\/\/exaudi.org\/it\/famiglia-ulma-fedelta-eroica-fino-al-martirio\/","og_site_name":"Exaudi","article_publisher":"https:\/\/www.facebook.com\/ExaudiNews","article_published_time":"2023-08-31T10:54:33+00:00","article_modified_time":"2023-09-01T07:13:52+00:00","og_image":[{"width":750,"height":422,"url":"https:\/\/exaudi.org\/wp-content\/uploads\/2023\/08\/Ulma.jpeg","type":"image\/jpeg"}],"author":"Andrea Acali","twitter_card":"summary_large_image","twitter_creator":"@Exaudi_News","twitter_site":"@Exaudi_News","twitter_misc":{"Scritto da":"Andrea Acali","Tempo di lettura stimato":"3 minuti"},"schema":{"@context":"https:\/\/schema.org","@graph":[{"@type":"Article","@id":"https:\/\/exaudi.org\/it\/famiglia-ulma-fedelta-eroica-fino-al-martirio\/#article","isPartOf":{"@id":"https:\/\/exaudi.org\/it\/famiglia-ulma-fedelta-eroica-fino-al-martirio\/"},"author":{"name":"Andrea Acali","@id":"https:\/\/exaudi.org\/#\/schema\/person\/127735be832481a6d3c410c5837bb61a"},"headline":"Famiglia Ulma, fedelt\u00e0 eroica fino al martirio","datePublished":"2023-08-31T10:54:33+00:00","dateModified":"2023-09-01T07:13:52+00:00","mainEntityOfPage":{"@id":"https:\/\/exaudi.org\/it\/famiglia-ulma-fedelta-eroica-fino-al-martirio\/"},"wordCount":549,"image":{"@id":"https:\/\/exaudi.org\/it\/famiglia-ulma-fedelta-eroica-fino-al-martirio\/#primaryimage"},"thumbnailUrl":"https:\/\/exaudi.org\/wp-content\/uploads\/2023\/08\/Ulma.jpeg","keywords":["famiglia Ulma","Papa Francesco","Trending"],"articleSection":["Chiesa e Mondo"],"inLanguage":"it-IT"},{"@type":"WebPage","@id":"https:\/\/exaudi.org\/it\/famiglia-ulma-fedelta-eroica-fino-al-martirio\/","url":"https:\/\/exaudi.org\/it\/famiglia-ulma-fedelta-eroica-fino-al-martirio\/","name":"Famiglia Ulma, fedelt\u00e0 eroica fino al martirio &#8211; Exaudi","isPartOf":{"@id":"https:\/\/exaudi.org\/#website"},"primaryImageOfPage":{"@id":"https:\/\/exaudi.org\/it\/famiglia-ulma-fedelta-eroica-fino-al-martirio\/#primaryimage"},"image":{"@id":"https:\/\/exaudi.org\/it\/famiglia-ulma-fedelta-eroica-fino-al-martirio\/#primaryimage"},"thumbnailUrl":"https:\/\/exaudi.org\/wp-content\/uploads\/2023\/08\/Ulma.jpeg","datePublished":"2023-08-31T10:54:33+00:00","dateModified":"2023-09-01T07:13:52+00:00","author":{"@id":"https:\/\/exaudi.org\/#\/schema\/person\/127735be832481a6d3c410c5837bb61a"},"description":"In un libro la storia della famiglia Ulma, trucidata dai nazisti per aver ospitato alcuni ebrei. Il 10 settembre la loro beatificazione","breadcrumb":{"@id":"https:\/\/exaudi.org\/it\/famiglia-ulma-fedelta-eroica-fino-al-martirio\/#breadcrumb"},"inLanguage":"it-IT","potentialAction":[{"@type":"ReadAction","target":["https:\/\/exaudi.org\/it\/famiglia-ulma-fedelta-eroica-fino-al-martirio\/"]}]},{"@type":"ImageObject","inLanguage":"it-IT","@id":"https:\/\/exaudi.org\/it\/famiglia-ulma-fedelta-eroica-fino-al-martirio\/#primaryimage","url":"https:\/\/exaudi.org\/wp-content\/uploads\/2023\/08\/Ulma.jpeg","contentUrl":"https:\/\/exaudi.org\/wp-content\/uploads\/2023\/08\/Ulma.jpeg","width":750,"height":422,"caption":"(C) Vatican Media"},{"@type":"BreadcrumbList","@id":"https:\/\/exaudi.org\/it\/famiglia-ulma-fedelta-eroica-fino-al-martirio\/#breadcrumb","itemListElement":[{"@type":"ListItem","position":1,"name":"Portada","item":"https:\/\/exaudi.org\/it\/"},{"@type":"ListItem","position":2,"name":"Famiglia Ulma, fedelt\u00e0 eroica fino al martirio"}]},{"@type":"WebSite","@id":"https:\/\/exaudi.org\/#website","url":"https:\/\/exaudi.org\/","name":"Exaudi","description":"News","potentialAction":[{"@type":"SearchAction","target":{"@type":"EntryPoint","urlTemplate":"https:\/\/exaudi.org\/?s={search_term_string}"},"query-input":{"@type":"PropertyValueSpecification","valueRequired":true,"valueName":"search_term_string"}}],"inLanguage":"it-IT"},{"@type":"Person","@id":"https:\/\/exaudi.org\/#\/schema\/person\/127735be832481a6d3c410c5837bb61a","name":"Andrea Acali","image":{"@type":"ImageObject","inLanguage":"it-IT","@id":"https:\/\/secure.gravatar.com\/avatar\/2abf8e528c4f8c571ab456e5ef9ac66b04b987863e3ab3fd9546150699bb9259?s=96&d=mm&r=g","url":"https:\/\/secure.gravatar.com\/avatar\/2abf8e528c4f8c571ab456e5ef9ac66b04b987863e3ab3fd9546150699bb9259?s=96&d=mm&r=g","contentUrl":"https:\/\/secure.gravatar.com\/avatar\/2abf8e528c4f8c571ab456e5ef9ac66b04b987863e3ab3fd9546150699bb9259?s=96&d=mm&r=g","caption":"Andrea Acali"},"description":"Andrea Acali es un periodista y comunicador italiano con una larga trayectoria en el \u00e1mbito de la informaci\u00f3n religiosa, social y deportiva. Durante casi treinta a\u00f1os trabaj\u00f3 en el diario Il Tempo como vaticanista y jefe de secci\u00f3n, especializ\u00e1ndose en la cobertura de la actualidad del Vaticano y de la Iglesia cat\u00f3lica. Desde 2016 colabora como periodista web en RomaSette y tambi\u00e9n escribe para el peri\u00f3dico Avvenire. Desde 2019 ejerce como comunicador en la Delegazione della Generalitat de Catalunya in Italia, con sede en Roma, donde combina su experiencia period\u00edstica con la comunicaci\u00f3n institucional","sameAs":["https:\/\/www.linkedin.com\/in\/andrea-acali-505567125\/?originalSubdomain=it"],"url":"https:\/\/exaudi.org\/it\/author\/aacaliexaudi-org\/"}]}},"jetpack_featured_media_url":"https:\/\/exaudi.org\/wp-content\/uploads\/2023\/08\/Ulma.jpeg","jetpack_shortlink":"https:\/\/wp.me\/pgKjF2-lqY","_links":{"self":[{"href":"https:\/\/exaudi.org\/it\/wp-json\/wp\/v2\/posts\/82396","targetHints":{"allow":["GET"]}}],"collection":[{"href":"https:\/\/exaudi.org\/it\/wp-json\/wp\/v2\/posts"}],"about":[{"href":"https:\/\/exaudi.org\/it\/wp-json\/wp\/v2\/types\/post"}],"author":[{"embeddable":true,"href":"https:\/\/exaudi.org\/it\/wp-json\/wp\/v2\/users\/18"}],"replies":[{"embeddable":true,"href":"https:\/\/exaudi.org\/it\/wp-json\/wp\/v2\/comments?post=82396"}],"version-history":[{"count":0,"href":"https:\/\/exaudi.org\/it\/wp-json\/wp\/v2\/posts\/82396\/revisions"}],"wp:featuredmedia":[{"embeddable":true,"href":"https:\/\/exaudi.org\/it\/wp-json\/wp\/v2\/media\/82400"}],"wp:attachment":[{"href":"https:\/\/exaudi.org\/it\/wp-json\/wp\/v2\/media?parent=82396"}],"wp:term":[{"taxonomy":"category","embeddable":true,"href":"https:\/\/exaudi.org\/it\/wp-json\/wp\/v2\/categories?post=82396"},{"taxonomy":"post_tag","embeddable":true,"href":"https:\/\/exaudi.org\/it\/wp-json\/wp\/v2\/tags?post=82396"}],"curies":[{"name":"wp","href":"https:\/\/api.w.org\/{rel}","templated":true}]}}