{"id":82037,"date":"2023-08-20T19:07:17","date_gmt":"2023-08-20T17:07:17","guid":{"rendered":"https:\/\/exaudi.org\/?p=82037"},"modified":"2023-08-25T18:27:35","modified_gmt":"2023-08-25T16:27:35","slug":"i-siciliani-non-devono-farsi-scoraggiare-dalle-tante-ferite-umane-e-sociali-di-oggi","status":"publish","type":"post","link":"https:\/\/exaudi.org\/it\/i-siciliani-non-devono-farsi-scoraggiare-dalle-tante-ferite-umane-e-sociali-di-oggi\/","title":{"rendered":"&#8220;I siciliani non devono farsi scoraggiare dalle tante ferite umane e sociali di oggi&#8221;"},"content":{"rendered":"<p>Pubblichiamo di seguito la Lettera che il Santo Padre Francesco ha inviato all\u2019Arcivescovo Metropolita di Palermo, S.E. Mons. Corrado Lorefice, per i trent\u2019anni dalla morte di Don Pino Puglisi:<\/p>\n<p><b><u>Lettera del Santo Padre<\/u><\/b><\/p>\n<p>Al Caro Fratello<br \/>\nMons.<b>\u00a0Corrado LOREFICE<br \/>\n<\/b>Arcivescovo Metropolita di Palermo<\/p>\n<p>Sono passati trent\u2019anni dalla sera del 15 settembre 1993, quando il caro Don Pino Puglisi, sacerdote buono e testimone misericordioso del Padre, concluse tragicamente la sua esistenza terrena proprio in quel luogo dove aveva deciso di essere \u201coperatore di pace\u201d, spargendo il seme della Parola che salva, che annuncia amore e perdono in un territorio per molti \u201carido e sassoso\u201d, eppure l\u00ec il Signore ha fatto crescere assieme il \u201cgrano buono e la zizzania\u201d (cfr\u00a0<i>Mt<\/i>\u00a013, 24-30). Desidero unirmi a Voi spiritualmente in questa significativa ricorrenza e ringraziare il Dio di ogni consolazione per il dono del Beato Martire Don Pino Puglisi, figlio e pastore dell\u2019amata Chiesa palermitana e dell\u2019intera Sicilia.<\/p>\n<p>Nel giorno del compleanno, la mano omicida di un giovane lo uccise sulla strada. Le strade del quartiere erano la Chiesa da campo che ha servito con sacrificio e percorso durante il suo ministero pastorale per incontrare la gente, in una terra da lui conosciuta e che non si \u00e8 mai stancato di curare e annaffiare con l\u2019acqua rigenerante del Vangelo, affinch\u00e9 ognuno potesse dissetarsi e godere il refrigerio dell\u2019anima per affrontare la durezza di una vita che non sempre \u00e8 stata clemente. Tutti ricordano ci\u00f2 che egli rispose all\u2019assassino: \u00abMe l\u2019aspettavo\u00bb. E quindi sorrise: quel sorriso, che menzionai nell\u2019omelia in occasione della mia visita a Palermo cinque anni orsono (S. Messa al Foro Italico), ci raggiunge come \u00abuna luce gentile che scava dentro e rischiara il cuore\u00bb.<\/p>\n<p>Sull\u2019esempio di Ges\u00f9, Don Pino \u00e8 andato fino in fondo nell\u2019amore. Possedeva i medesimi tratti del \u201cbuon pastore\u201d mite e umile: i suoi ragazzi, che conosceva uno ad uno, sono la testimonianza di un uomo di Dio che ha prediletto i piccoli e gli indifesi, li ha educati alla libert\u00e0, ad amare la vita e a rispettarla. Sovente ha gridato con semplicit\u00e0 evangelica il senso del suo instancabile impegno in difesa della famiglia, dei tanti bambini destinati troppo presto a divenire adulti e condannati alla sofferenza, nonch\u00e9 l\u2019urgenza di comunicare loro i valori di una esistenza pi\u00f9 dignitosa, strappandola cos\u00ec alla schiavit\u00f9 del male. Questo sacerdote non si \u00e8 fermato, ha dato s\u00e9 stesso per amore abbracciando la Croce sino all\u2019effusione del sangue.<\/p>\n<p>A Voi pastori alle cui mani il Signore ha affidato il suo popolo in codesta isola, cos\u00ec ricca di storia e crocevia di popoli e culture, rivolgo l\u2019invito a non fermarVi di fronte alle numerose piaghe umane e sociali dell\u2019ora presente, che ancora sanguinano e necessitano di essere sanate con l\u2019olio della consolazione e il balsamo della compassione. \u00c8 urgente l\u2019opzione preferenziale verso i poveri; sono volti che ci interrogano e ci orientano alla profezia. Come Comunit\u00e0 ecclesiale in cammino tutto ci\u00f2 interpella il vostro discernimento sinodale per avviare una pastorale rinnovata che corrisponda concretamente alle esigenze d\u2019oggi.<\/p>\n<p>Vi esorto quindi a fare emergere la bellezza e la\u00a0<i>differenza<\/i>\u00a0del Vangelo, compiendo gesti e trovando linguaggi giusti per mostrare la tenerezza di Dio, la sua giustizia e la sua misericordia. Sono segni che il cristiano \u00e8 chiamato a porre nella citt\u00e0 degli uomini per illuminarla nella costruzione di una nuova umanit\u00e0. Il Martire Don Pino possedeva una sapienza pratica e profonda al tempo stesso, infatti amava dire: \u201cSe ognuno di noi fa qualcosa, allora possiamo fare molto\u201d. Sia questo l\u2019invito per ciascuno a saper superare le tante paure e resistenze personali e a collaborare insieme per edificare una societ\u00e0 giusta e fraterna.<\/p>\n<p>Sappiamo bene quanto Don Pino si sia battuto perch\u00e9 nessuno si sentisse solo di fronte alla sfida del degrado e ai poteri occulti della criminalit\u00e0; riconosciamo pure come l\u2019isolamento, l\u2019individualismo chiuso e omertoso siano armi potenti di chi vuole piegare gli altri ai propri interessi. La risposta \u00e8 la comunione, il camminare insieme, il sentirsi corpo, membra unite al Capo (cfr\u00a0<i>1Cor<\/i>\u00a012,12), al pastore e guida delle nostre anime (cfr\u00a0<i>1Pt<\/i>\u00a02,25). Vivete concordemente in Cristo, prima di tutto all\u2019interno del presbiterio, assieme al Vescovo e tra Voi, e \u00abgareggiate nello stimarvi a vicenda\u00bb (cfr\u00a0<i>Rm<\/i>\u00a012,10).<\/p>\n<p>Voi che quotidianamente sostenete le responsabilit\u00e0 del ministero sacerdotale a contatto con le realt\u00e0 che abitano codesto territorio, siate sempre e ovunque immagine vera del Buon Pastore accogliente, abbiate il coraggio di osare senza timore e infondete speranza a quanti incontrate, specialmente i pi\u00f9 deboli, gli ammalati, i sofferenti, i migranti, coloro che sono caduti e vogliono essere aiutati a rialzarsi. I giovani poi siano al centro delle vostre premure: sono la speranza del futuro.<\/p>\n<p>Il sorriso disarmante di P. Pino Puglisi Vi sproni ad essere discepoli lieti e audaci, disponibili anzitutto a quella costante conversione interiore che rende pi\u00f9 pronti nel servire i fratelli, fedeli alle promesse sacerdotali e docili nell\u2019obbedienza alla Chiesa.<\/p>\n<p>Mentre affido tutti alla protezione della Vergine Maria e del Beato Martire Pino Puglisi, invio la mia Benedizione, chiedendoVi, per favore, di non dimenticarVi di pregare per me.<\/p>\n<p>Fraternamente<\/p>\n<p><i>Roma, da San Giovanni in Laterano, 31 luglio 2023<br \/>\nMemoria liturgica di Sant\u2019Ignazio di Loyola<\/i><\/p>\n<p><i>FRANCESCO<\/i><\/p>\n","protected":false},"excerpt":{"rendered":"<p>Lettera del Papa per i trent\u2019anni dalla morte di Don Pino Puglisi<\/p>\n","protected":false},"author":17,"featured_media":82038,"comment_status":"closed","ping_status":"closed","sticky":false,"template":"","format":"standard","meta":{"_acf_changed":false,"_crdt_document":"","inline_featured_image":false,"footnotes":""},"categories":[73,67],"tags":[1141,251,1302,6535,4952],"class_list":["post-82037","post","type-post","status-publish","format-standard","has-post-thumbnail","hentry","category-chiesa-e-mondo","category-leone-xiv","tag-giovani","tag-papa-francesco","tag-sacerdoti","tag-santi-e-beati","tag-trending-it"],"acf":[],"yoast_head":"<!-- This site is optimized with the Yoast SEO plugin v27.5 - https:\/\/yoast.com\/product\/yoast-seo-wordpress\/ -->\n<title>&quot;I siciliani non devono farsi scoraggiare dalle tante ferite umane e sociali di oggi&quot; &#8211; Exaudi<\/title>\n<meta name=\"robots\" content=\"index, follow, max-snippet:-1, max-image-preview:large, max-video-preview:-1\" \/>\n<link rel=\"canonical\" href=\"https:\/\/exaudi.org\/it\/i-siciliani-non-devono-farsi-scoraggiare-dalle-tante-ferite-umane-e-sociali-di-oggi\/\" \/>\n<meta property=\"og:locale\" content=\"it_IT\" \/>\n<meta property=\"og:type\" content=\"article\" \/>\n<meta property=\"og:title\" content=\"&quot;I siciliani non devono farsi scoraggiare dalle tante ferite umane e sociali di oggi&quot; &#8211; Exaudi\" \/>\n<meta property=\"og:description\" content=\"Lettera del Papa per i trent\u2019anni dalla morte di Don Pino Puglisi\" \/>\n<meta property=\"og:url\" content=\"https:\/\/exaudi.org\/it\/i-siciliani-non-devono-farsi-scoraggiare-dalle-tante-ferite-umane-e-sociali-di-oggi\/\" \/>\n<meta property=\"og:site_name\" content=\"Exaudi\" \/>\n<meta property=\"article:publisher\" content=\"https:\/\/www.facebook.com\/ExaudiNews\" \/>\n<meta property=\"article:author\" content=\"https:\/\/www.facebook.com\/ExaudiNotizie\/\" \/>\n<meta property=\"article:published_time\" content=\"2023-08-20T17:07:17+00:00\" \/>\n<meta property=\"article:modified_time\" content=\"2023-08-25T16:27:35+00:00\" \/>\n<meta property=\"og:image\" content=\"https:\/\/exaudi.org\/wp-content\/uploads\/2023\/08\/cq5dam.thumbnail.cropped.750.422-10.jpeg\" \/>\n\t<meta property=\"og:image:width\" content=\"750\" \/>\n\t<meta property=\"og:image:height\" content=\"422\" \/>\n\t<meta property=\"og:image:type\" content=\"image\/jpeg\" \/>\n<meta name=\"author\" content=\"Exaudi Redazione\" \/>\n<meta name=\"twitter:card\" content=\"summary_large_image\" \/>\n<meta name=\"twitter:creator\" content=\"@Exaudi_Notizie\" \/>\n<meta name=\"twitter:site\" content=\"@Exaudi_News\" \/>\n<meta name=\"twitter:label1\" content=\"Scritto da\" \/>\n\t<meta name=\"twitter:data1\" content=\"Exaudi Redazione\" \/>\n\t<meta name=\"twitter:label2\" content=\"Tempo di lettura stimato\" \/>\n\t<meta name=\"twitter:data2\" content=\"4 minuti\" \/>\n<script type=\"application\/ld+json\" class=\"yoast-schema-graph\">{\"@context\":\"https:\\\/\\\/schema.org\",\"@graph\":[{\"@type\":\"Article\",\"@id\":\"https:\\\/\\\/exaudi.org\\\/it\\\/i-siciliani-non-devono-farsi-scoraggiare-dalle-tante-ferite-umane-e-sociali-di-oggi\\\/#article\",\"isPartOf\":{\"@id\":\"https:\\\/\\\/exaudi.org\\\/it\\\/i-siciliani-non-devono-farsi-scoraggiare-dalle-tante-ferite-umane-e-sociali-di-oggi\\\/\"},\"author\":{\"name\":\"Exaudi Redazione\",\"@id\":\"https:\\\/\\\/exaudi.org\\\/#\\\/schema\\\/person\\\/e1ab6ed07c01774724dd96f925f3a5f0\"},\"headline\":\"&#8220;I siciliani non devono farsi scoraggiare dalle tante ferite umane e sociali di oggi&#8221;\",\"datePublished\":\"2023-08-20T17:07:17+00:00\",\"dateModified\":\"2023-08-25T16:27:35+00:00\",\"mainEntityOfPage\":{\"@id\":\"https:\\\/\\\/exaudi.org\\\/it\\\/i-siciliani-non-devono-farsi-scoraggiare-dalle-tante-ferite-umane-e-sociali-di-oggi\\\/\"},\"wordCount\":890,\"image\":{\"@id\":\"https:\\\/\\\/exaudi.org\\\/it\\\/i-siciliani-non-devono-farsi-scoraggiare-dalle-tante-ferite-umane-e-sociali-di-oggi\\\/#primaryimage\"},\"thumbnailUrl\":\"https:\\\/\\\/exaudi.org\\\/wp-content\\\/uploads\\\/2023\\\/08\\\/cq5dam.thumbnail.cropped.750.422-10.jpeg\",\"keywords\":[\"giovani\",\"Papa Francesco\",\"sacerdoti\",\"Santi e Beati\",\"Trending\"],\"articleSection\":[\"Chiesa e Mondo\",\"Leone XIV\"],\"inLanguage\":\"it-IT\"},{\"@type\":\"WebPage\",\"@id\":\"https:\\\/\\\/exaudi.org\\\/it\\\/i-siciliani-non-devono-farsi-scoraggiare-dalle-tante-ferite-umane-e-sociali-di-oggi\\\/\",\"url\":\"https:\\\/\\\/exaudi.org\\\/it\\\/i-siciliani-non-devono-farsi-scoraggiare-dalle-tante-ferite-umane-e-sociali-di-oggi\\\/\",\"name\":\"\\\"I siciliani non devono farsi scoraggiare dalle tante ferite umane e sociali di oggi\\\" &#8211; Exaudi\",\"isPartOf\":{\"@id\":\"https:\\\/\\\/exaudi.org\\\/#website\"},\"primaryImageOfPage\":{\"@id\":\"https:\\\/\\\/exaudi.org\\\/it\\\/i-siciliani-non-devono-farsi-scoraggiare-dalle-tante-ferite-umane-e-sociali-di-oggi\\\/#primaryimage\"},\"image\":{\"@id\":\"https:\\\/\\\/exaudi.org\\\/it\\\/i-siciliani-non-devono-farsi-scoraggiare-dalle-tante-ferite-umane-e-sociali-di-oggi\\\/#primaryimage\"},\"thumbnailUrl\":\"https:\\\/\\\/exaudi.org\\\/wp-content\\\/uploads\\\/2023\\\/08\\\/cq5dam.thumbnail.cropped.750.422-10.jpeg\",\"datePublished\":\"2023-08-20T17:07:17+00:00\",\"dateModified\":\"2023-08-25T16:27:35+00:00\",\"author\":{\"@id\":\"https:\\\/\\\/exaudi.org\\\/#\\\/schema\\\/person\\\/e1ab6ed07c01774724dd96f925f3a5f0\"},\"breadcrumb\":{\"@id\":\"https:\\\/\\\/exaudi.org\\\/it\\\/i-siciliani-non-devono-farsi-scoraggiare-dalle-tante-ferite-umane-e-sociali-di-oggi\\\/#breadcrumb\"},\"inLanguage\":\"it-IT\",\"potentialAction\":[{\"@type\":\"ReadAction\",\"target\":[\"https:\\\/\\\/exaudi.org\\\/it\\\/i-siciliani-non-devono-farsi-scoraggiare-dalle-tante-ferite-umane-e-sociali-di-oggi\\\/\"]}]},{\"@type\":\"ImageObject\",\"inLanguage\":\"it-IT\",\"@id\":\"https:\\\/\\\/exaudi.org\\\/it\\\/i-siciliani-non-devono-farsi-scoraggiare-dalle-tante-ferite-umane-e-sociali-di-oggi\\\/#primaryimage\",\"url\":\"https:\\\/\\\/exaudi.org\\\/wp-content\\\/uploads\\\/2023\\\/08\\\/cq5dam.thumbnail.cropped.750.422-10.jpeg\",\"contentUrl\":\"https:\\\/\\\/exaudi.org\\\/wp-content\\\/uploads\\\/2023\\\/08\\\/cq5dam.thumbnail.cropped.750.422-10.jpeg\",\"width\":750,\"height\":422,\"caption\":\"Vatican News\"},{\"@type\":\"BreadcrumbList\",\"@id\":\"https:\\\/\\\/exaudi.org\\\/it\\\/i-siciliani-non-devono-farsi-scoraggiare-dalle-tante-ferite-umane-e-sociali-di-oggi\\\/#breadcrumb\",\"itemListElement\":[{\"@type\":\"ListItem\",\"position\":1,\"name\":\"Portada\",\"item\":\"https:\\\/\\\/exaudi.org\\\/it\\\/\"},{\"@type\":\"ListItem\",\"position\":2,\"name\":\"&#8220;I siciliani non devono farsi scoraggiare dalle tante ferite umane e sociali di oggi&#8221;\"}]},{\"@type\":\"WebSite\",\"@id\":\"https:\\\/\\\/exaudi.org\\\/#website\",\"url\":\"https:\\\/\\\/exaudi.org\\\/\",\"name\":\"Exaudi\",\"description\":\"News\",\"potentialAction\":[{\"@type\":\"SearchAction\",\"target\":{\"@type\":\"EntryPoint\",\"urlTemplate\":\"https:\\\/\\\/exaudi.org\\\/?s={search_term_string}\"},\"query-input\":{\"@type\":\"PropertyValueSpecification\",\"valueRequired\":true,\"valueName\":\"search_term_string\"}}],\"inLanguage\":\"it-IT\"},{\"@type\":\"Person\",\"@id\":\"https:\\\/\\\/exaudi.org\\\/#\\\/schema\\\/person\\\/e1ab6ed07c01774724dd96f925f3a5f0\",\"name\":\"Exaudi Redazione\",\"image\":{\"@type\":\"ImageObject\",\"inLanguage\":\"it-IT\",\"@id\":\"https:\\\/\\\/secure.gravatar.com\\\/avatar\\\/ad6774b3ada023bf5b939d64f45c94b3adf91502dd883507d469b4308a943bb3?s=96&d=mm&r=g\",\"url\":\"https:\\\/\\\/secure.gravatar.com\\\/avatar\\\/ad6774b3ada023bf5b939d64f45c94b3adf91502dd883507d469b4308a943bb3?s=96&d=mm&r=g\",\"contentUrl\":\"https:\\\/\\\/secure.gravatar.com\\\/avatar\\\/ad6774b3ada023bf5b939d64f45c94b3adf91502dd883507d469b4308a943bb3?s=96&d=mm&r=g\",\"caption\":\"Exaudi Redazione\"},\"description\":\"Che cosa \u00e8 Exaudi News? Exaudi News \u00e8 un agenzia cattolica internazionale che informa, istruisce e trasforma quotidianamente in spagnolo, inglese e italiano. Attraverso notizie, articoli di analisi e trasmissioni in diretta degli eventi del Papa, Exaudi cerca di rafforzare l'unit\u00e0 dei cristiani e di contribuire all'evangelizzazione del mondo, sempre guidato dalla dottrina sociale della Chiesa. Lavoriamo per portare la verit\u00e0 e i valori cristiani in ogni angolo del pianeta. Aiutaci a trasformare il mondo con Exaudi! Noi di Exaudi crediamo che l'evangelizzazione e l'informazione di qualit\u00e0 possano cambiare la vita. Per continuare la nostra missione ed espandere la nostra portata, abbiamo bisogno del tuo aiuto. Stiamo anche cercando persone motivate che vogliano unirsi al nostro team. Grazie al vostro sostegno raggiungeremo pi\u00f9 persone, diffonderemo il messaggio di Cristo e rafforzeremo l'unit\u00e0 dei cristiani. Vuoi unirti alla nostra missione? Per maggiori informazioni su come contribuire, visita Exaudi.org\\\/it o contattaci direttamente: info@exaudi.org Exaudi: informa, forma e trasforma.\",\"sameAs\":[\"https:\\\/\\\/www.facebook.com\\\/ExaudiNotizie\\\/\",\"https:\\\/\\\/www.instagram.com\\\/Exaudi_notizie\\\/\",\"https:\\\/\\\/x.com\\\/Exaudi_Notizie\",\"https:\\\/\\\/www.youtube.com\\\/@exaudicatholicnews\"],\"url\":\"https:\\\/\\\/exaudi.org\\\/it\\\/author\\\/dlvedi-org\\\/\"}]}<\/script>\n<!-- \/ Yoast SEO plugin. -->","yoast_head_json":{"title":"\"I siciliani non devono farsi scoraggiare dalle tante ferite umane e sociali di oggi\" &#8211; Exaudi","robots":{"index":"index","follow":"follow","max-snippet":"max-snippet:-1","max-image-preview":"max-image-preview:large","max-video-preview":"max-video-preview:-1"},"canonical":"https:\/\/exaudi.org\/it\/i-siciliani-non-devono-farsi-scoraggiare-dalle-tante-ferite-umane-e-sociali-di-oggi\/","og_locale":"it_IT","og_type":"article","og_title":"\"I siciliani non devono farsi scoraggiare dalle tante ferite umane e sociali di oggi\" &#8211; Exaudi","og_description":"Lettera del Papa per i trent\u2019anni dalla morte di Don Pino Puglisi","og_url":"https:\/\/exaudi.org\/it\/i-siciliani-non-devono-farsi-scoraggiare-dalle-tante-ferite-umane-e-sociali-di-oggi\/","og_site_name":"Exaudi","article_publisher":"https:\/\/www.facebook.com\/ExaudiNews","article_author":"https:\/\/www.facebook.com\/ExaudiNotizie\/","article_published_time":"2023-08-20T17:07:17+00:00","article_modified_time":"2023-08-25T16:27:35+00:00","og_image":[{"width":750,"height":422,"url":"https:\/\/exaudi.org\/wp-content\/uploads\/2023\/08\/cq5dam.thumbnail.cropped.750.422-10.jpeg","type":"image\/jpeg"}],"author":"Exaudi Redazione","twitter_card":"summary_large_image","twitter_creator":"@Exaudi_Notizie","twitter_site":"@Exaudi_News","twitter_misc":{"Scritto da":"Exaudi Redazione","Tempo di lettura stimato":"4 minuti"},"schema":{"@context":"https:\/\/schema.org","@graph":[{"@type":"Article","@id":"https:\/\/exaudi.org\/it\/i-siciliani-non-devono-farsi-scoraggiare-dalle-tante-ferite-umane-e-sociali-di-oggi\/#article","isPartOf":{"@id":"https:\/\/exaudi.org\/it\/i-siciliani-non-devono-farsi-scoraggiare-dalle-tante-ferite-umane-e-sociali-di-oggi\/"},"author":{"name":"Exaudi Redazione","@id":"https:\/\/exaudi.org\/#\/schema\/person\/e1ab6ed07c01774724dd96f925f3a5f0"},"headline":"&#8220;I siciliani non devono farsi scoraggiare dalle tante ferite umane e sociali di oggi&#8221;","datePublished":"2023-08-20T17:07:17+00:00","dateModified":"2023-08-25T16:27:35+00:00","mainEntityOfPage":{"@id":"https:\/\/exaudi.org\/it\/i-siciliani-non-devono-farsi-scoraggiare-dalle-tante-ferite-umane-e-sociali-di-oggi\/"},"wordCount":890,"image":{"@id":"https:\/\/exaudi.org\/it\/i-siciliani-non-devono-farsi-scoraggiare-dalle-tante-ferite-umane-e-sociali-di-oggi\/#primaryimage"},"thumbnailUrl":"https:\/\/exaudi.org\/wp-content\/uploads\/2023\/08\/cq5dam.thumbnail.cropped.750.422-10.jpeg","keywords":["giovani","Papa Francesco","sacerdoti","Santi e Beati","Trending"],"articleSection":["Chiesa e Mondo","Leone XIV"],"inLanguage":"it-IT"},{"@type":"WebPage","@id":"https:\/\/exaudi.org\/it\/i-siciliani-non-devono-farsi-scoraggiare-dalle-tante-ferite-umane-e-sociali-di-oggi\/","url":"https:\/\/exaudi.org\/it\/i-siciliani-non-devono-farsi-scoraggiare-dalle-tante-ferite-umane-e-sociali-di-oggi\/","name":"\"I siciliani non devono farsi scoraggiare dalle tante ferite umane e sociali di oggi\" &#8211; Exaudi","isPartOf":{"@id":"https:\/\/exaudi.org\/#website"},"primaryImageOfPage":{"@id":"https:\/\/exaudi.org\/it\/i-siciliani-non-devono-farsi-scoraggiare-dalle-tante-ferite-umane-e-sociali-di-oggi\/#primaryimage"},"image":{"@id":"https:\/\/exaudi.org\/it\/i-siciliani-non-devono-farsi-scoraggiare-dalle-tante-ferite-umane-e-sociali-di-oggi\/#primaryimage"},"thumbnailUrl":"https:\/\/exaudi.org\/wp-content\/uploads\/2023\/08\/cq5dam.thumbnail.cropped.750.422-10.jpeg","datePublished":"2023-08-20T17:07:17+00:00","dateModified":"2023-08-25T16:27:35+00:00","author":{"@id":"https:\/\/exaudi.org\/#\/schema\/person\/e1ab6ed07c01774724dd96f925f3a5f0"},"breadcrumb":{"@id":"https:\/\/exaudi.org\/it\/i-siciliani-non-devono-farsi-scoraggiare-dalle-tante-ferite-umane-e-sociali-di-oggi\/#breadcrumb"},"inLanguage":"it-IT","potentialAction":[{"@type":"ReadAction","target":["https:\/\/exaudi.org\/it\/i-siciliani-non-devono-farsi-scoraggiare-dalle-tante-ferite-umane-e-sociali-di-oggi\/"]}]},{"@type":"ImageObject","inLanguage":"it-IT","@id":"https:\/\/exaudi.org\/it\/i-siciliani-non-devono-farsi-scoraggiare-dalle-tante-ferite-umane-e-sociali-di-oggi\/#primaryimage","url":"https:\/\/exaudi.org\/wp-content\/uploads\/2023\/08\/cq5dam.thumbnail.cropped.750.422-10.jpeg","contentUrl":"https:\/\/exaudi.org\/wp-content\/uploads\/2023\/08\/cq5dam.thumbnail.cropped.750.422-10.jpeg","width":750,"height":422,"caption":"Vatican News"},{"@type":"BreadcrumbList","@id":"https:\/\/exaudi.org\/it\/i-siciliani-non-devono-farsi-scoraggiare-dalle-tante-ferite-umane-e-sociali-di-oggi\/#breadcrumb","itemListElement":[{"@type":"ListItem","position":1,"name":"Portada","item":"https:\/\/exaudi.org\/it\/"},{"@type":"ListItem","position":2,"name":"&#8220;I siciliani non devono farsi scoraggiare dalle tante ferite umane e sociali di oggi&#8221;"}]},{"@type":"WebSite","@id":"https:\/\/exaudi.org\/#website","url":"https:\/\/exaudi.org\/","name":"Exaudi","description":"News","potentialAction":[{"@type":"SearchAction","target":{"@type":"EntryPoint","urlTemplate":"https:\/\/exaudi.org\/?s={search_term_string}"},"query-input":{"@type":"PropertyValueSpecification","valueRequired":true,"valueName":"search_term_string"}}],"inLanguage":"it-IT"},{"@type":"Person","@id":"https:\/\/exaudi.org\/#\/schema\/person\/e1ab6ed07c01774724dd96f925f3a5f0","name":"Exaudi Redazione","image":{"@type":"ImageObject","inLanguage":"it-IT","@id":"https:\/\/secure.gravatar.com\/avatar\/ad6774b3ada023bf5b939d64f45c94b3adf91502dd883507d469b4308a943bb3?s=96&d=mm&r=g","url":"https:\/\/secure.gravatar.com\/avatar\/ad6774b3ada023bf5b939d64f45c94b3adf91502dd883507d469b4308a943bb3?s=96&d=mm&r=g","contentUrl":"https:\/\/secure.gravatar.com\/avatar\/ad6774b3ada023bf5b939d64f45c94b3adf91502dd883507d469b4308a943bb3?s=96&d=mm&r=g","caption":"Exaudi Redazione"},"description":"Che cosa \u00e8 Exaudi News? Exaudi News \u00e8 un agenzia cattolica internazionale che informa, istruisce e trasforma quotidianamente in spagnolo, inglese e italiano. Attraverso notizie, articoli di analisi e trasmissioni in diretta degli eventi del Papa, Exaudi cerca di rafforzare l'unit\u00e0 dei cristiani e di contribuire all'evangelizzazione del mondo, sempre guidato dalla dottrina sociale della Chiesa. Lavoriamo per portare la verit\u00e0 e i valori cristiani in ogni angolo del pianeta. Aiutaci a trasformare il mondo con Exaudi! Noi di Exaudi crediamo che l'evangelizzazione e l'informazione di qualit\u00e0 possano cambiare la vita. Per continuare la nostra missione ed espandere la nostra portata, abbiamo bisogno del tuo aiuto. Stiamo anche cercando persone motivate che vogliano unirsi al nostro team. Grazie al vostro sostegno raggiungeremo pi\u00f9 persone, diffonderemo il messaggio di Cristo e rafforzeremo l'unit\u00e0 dei cristiani. Vuoi unirti alla nostra missione? Per maggiori informazioni su come contribuire, visita Exaudi.org\/it o contattaci direttamente: info@exaudi.org Exaudi: informa, forma e trasforma.","sameAs":["https:\/\/www.facebook.com\/ExaudiNotizie\/","https:\/\/www.instagram.com\/Exaudi_notizie\/","https:\/\/x.com\/Exaudi_Notizie","https:\/\/www.youtube.com\/@exaudicatholicnews"],"url":"https:\/\/exaudi.org\/it\/author\/dlvedi-org\/"}]}},"jetpack_featured_media_url":"https:\/\/exaudi.org\/wp-content\/uploads\/2023\/08\/cq5dam.thumbnail.cropped.750.422-10.jpeg","jetpack_shortlink":"https:\/\/wp.me\/pgKjF2-llb","_links":{"self":[{"href":"https:\/\/exaudi.org\/it\/wp-json\/wp\/v2\/posts\/82037","targetHints":{"allow":["GET"]}}],"collection":[{"href":"https:\/\/exaudi.org\/it\/wp-json\/wp\/v2\/posts"}],"about":[{"href":"https:\/\/exaudi.org\/it\/wp-json\/wp\/v2\/types\/post"}],"author":[{"embeddable":true,"href":"https:\/\/exaudi.org\/it\/wp-json\/wp\/v2\/users\/17"}],"replies":[{"embeddable":true,"href":"https:\/\/exaudi.org\/it\/wp-json\/wp\/v2\/comments?post=82037"}],"version-history":[{"count":0,"href":"https:\/\/exaudi.org\/it\/wp-json\/wp\/v2\/posts\/82037\/revisions"}],"wp:featuredmedia":[{"embeddable":true,"href":"https:\/\/exaudi.org\/it\/wp-json\/wp\/v2\/media\/82038"}],"wp:attachment":[{"href":"https:\/\/exaudi.org\/it\/wp-json\/wp\/v2\/media?parent=82037"}],"wp:term":[{"taxonomy":"category","embeddable":true,"href":"https:\/\/exaudi.org\/it\/wp-json\/wp\/v2\/categories?post=82037"},{"taxonomy":"post_tag","embeddable":true,"href":"https:\/\/exaudi.org\/it\/wp-json\/wp\/v2\/tags?post=82037"}],"curies":[{"name":"wp","href":"https:\/\/api.w.org\/{rel}","templated":true}]}}