{"id":81793,"date":"2023-08-09T17:26:07","date_gmt":"2023-08-09T15:26:07","guid":{"rendered":"https:\/\/exaudi.org\/?p=81793"},"modified":"2023-08-09T17:26:07","modified_gmt":"2023-08-09T15:26:07","slug":"la-gmg-esempio-di-un-mondo-fraterno-senza-odio-ne-armi","status":"publish","type":"post","link":"https:\/\/exaudi.org\/it\/la-gmg-esempio-di-un-mondo-fraterno-senza-odio-ne-armi\/","title":{"rendered":"la Gmg, esempio di un mondo fraterno senza odio n\u00e9 armi"},"content":{"rendered":"<p>All\u2019udienza generale, la prima dopo la pausa estiva, il Papa parla del suo viaggio in Portogallo per l&#8217;incontro mondiale dei giovani: ragazzi e ragazze hanno chiesto la pace unendo le loro bandiere, &#8220;i grandi della terra li ascolteranno&#8221;?<\/p>\n<p>Mentre in Ucraina e in altri luoghi del mondo si combatte, e mentre in certe sale nascoste si pianifica la guerra &#8211; \u00e8 brutto questo, si pianifica la guerra &#8211; la Gmg ha mostrato a tutti che \u00e8 possibile un altro mondo: un mondo di fratelli e sorelle, dove le bandiere di tutti i popoli sventolano insieme, una accanto all\u2019altra, senza odio, senza paura, senza chiusure, senza armi!<\/p>\n<p>\u00c8 un messaggio chiaro quello dei giovani riuniti a Lisbona la scorsa settimana: i grandi della terra ascolteranno &#8220;questo entusiasmo giovanile che vuole pace&#8221;, si chiede Francesco all\u2019udienza generale tenuta nell\u2019Aula Paolo VI gremita di persone, con l&#8217;auspicio che &#8220;tutto il mondo ascolti questa Giornata della giovent\u00f9 e guardi questa bellezza dei giovani&#8221;. L\u2019appuntamento del mercoled\u00ec con i fedeli torna dopo lo stop dovuto alla convalescenza seguita all\u2019intervento chirurgico subito il 7 giugno scorso e la consueta pausa del mese di luglio. Nella catechesi interamente dedicata al suo recente viaggio apostolico in Portogallo, il 42.mo del suo pontificato, il Papa traccia un bilancio della XXXVII Giornata mondiale della giovent\u00f9 e confida di avere beneficiato del clima festoso e \u201cdell\u2019ondata di giovani&#8221; che si \u00e8 riversata nella capitale portoghese. Quell&#8217;atmosfera gioiosa \u00e8 arrivata anche nell&#8217;Aula Paolo VI, dove tanti giovani sventolano le bandiere dei loro Paesi. Sono ragazzi che prima di rientrare dalla Gmg &#8220;sono passati per Roma&#8221;, il Pontefice li riconosce. &#8220;Eccoli &#8211; dice -. Dove sono i giovani c\u2019\u00e8 chiasso, sanno farlo bene!&#8221;. Poi ringrazia la Chiesa di Lisbona \u201cper l\u2019organizzazione e l\u2019accoglienza\u201d e definisce i giovani portoghesi \u201cuna presenza vitale\u201d, ora rafforzata dall\u2019esperienza vissuta insieme ad altri coetanei di tutto il mondo, che sar\u00e0 salutare per tutta la societ\u00e0.<\/p>\n<p>Un nuovo inizio dopo la pandemia L\u2019edizione 2023 della Giornata mondiale della giovent\u00f9, la prima dopo la pandemia, \u201c\u00e8 stata sentita da tutti come dono di Dio\u201d, che \u201csempre apre nuovi orizzonti\u201d, fa notare Francesco. E se la pandemia \u201cha inciso pesantemente sui comportamenti sociali\u201d e le nuove generazioni \u201channo risentito in modo particolare\u201d dei mesi di isolamento degenerati \u201cspesso in chiusura\u201d, con l\u2019incontro di Lisbona \u201cDio ha dato una \u2018spinta\u2019 in senso contrario\u201d, c\u2019\u00e8 stato \u201cun nuovo inizio\u201d, spiega il Papa. Lo Spirito Santo \u201cha rimesso in movimento i cuori e i passi dei giovani del mondo sulle vie del Vangelo\u201d, portandoli, non a caso, riflette il Pontefice, nella capitale portoghese, \u201ccitt\u00e0 simbolo delle grandi esplorazioni via mare.<\/p>\n<p>Maria guida dei giovani verso Ges\u00f9 Il Papa: affidiamo a Edith Stein l\u2019Ucraina perch\u00e9 possa presto ritrovare la pace Francesco ricorda, poi, che \u201calla Gmg il Vangelo ha proposto ai giovani\u201d come modello Maria, che nel momento pi\u00f9 critico va a trovare la cugina Elisabetta, &#8220;si alz\u00f2 e and\u00f2 in fretta&#8221; si legge nel Vangelo. &#8220;Lei fa le cose per noi in fretta, mai ci fa aspettare &#8211; sottolinea il Papa -, Lei \u00e8 la mamma di tutti&#8221;. Cos\u00ec, oggi, assicura, la Madre Celeste \u201cguida il pellegrinaggio dei giovani alla sequela di Ges\u00f9. Come aveva fatto gi\u00e0 un secolo fa in Portogallo, a Fatima, quando si era rivolta a tre bambini affidando loro un messaggio di fede e di speranza per la Chiesa nel mondo\u201d.<\/p>\n<p>Per questo, nella Gmg, io sono ritornato a Fatima, al luogo dell\u2019apparizione, e insieme ad alcuni giovani malati ho pregato Dio perch\u00e9 Lui guarisca il mondo dalle malattie dell\u2019anima: la superbia, la menzogna, l\u2019inimicizia, la violenza. Sono malattie dell\u2019anima e il mondo \u00e8 ammalato di queste malattie. E abbiamo rinnovato la consacrazione nostra, dell\u2019Europa, del mondo al Cuore di Maria, al cuore Immacolato di Maria. Io ho pregato per la pace perch\u00e9 ci sono tante guerre da tutte le parti del mondo, tante.<\/p>\n<p>Nella memoria del Pontefice sono rimasti i tanti giovani del mondo &#8220;venuti a Lisbona numerosi e con grande entusiasmo&#8221;, anche in &#8220;piccoli gruppi e alcuni con tanti problemi&#8221; come &#8220;il gruppo dei giovani ucraini che portavano storie che erano dolorose&#8221;.<\/p>\n<p>La gioia di scoprirsi Popolo di Dio Non \u00e8 stata \u201cuna vacanza, un viaggio turistico, e nemmeno un evento spirituale fine a s\u00e9 stesso\u201d ci\u00f2 che hanno vissuto i numerosi ragazzi giunti dai cinque continenti a Lisbona \u201ccon grande entusiasmo\u201d, rimarca inoltre il Papa, che chiarisce cos\u2019\u00e8 l\u2019appuntamento giovanile nato durante il pontificato di Giovanni Paolo II, nel 1985.<\/p>\n<p>La Giornata della Giovent\u00f9 \u00e8 un incontro con Cristo vivo attraverso la Chiesa, i giovani vanno a incontrare Cristo; \u00e8 vero che dove ci sono i giovani c\u2019\u00e8 gioia, c\u2019\u00e8 un po\u2019 di tutte queste cose!<\/p>\n<p>Infine Francesco rivolge il suo pensiero a quanti in Portogallo si sono spesi per il buon esito della XXXVII<\/p>\n","protected":false},"excerpt":{"rendered":"<p>Il Papa riflette sull&#8217;incontro mondiale dei giovani a Lisbona, sottolineando la possibilit\u00e0 di un mondo di pace e fratellanza resa evidente durante la Giornata Mondiale della Giovent\u00f9<\/p>\n","protected":false},"author":17,"featured_media":81788,"comment_status":"closed","ping_status":"closed","sticky":false,"template":"","format":"standard","meta":{"_acf_changed":false,"_crdt_document":"","inline_featured_image":false,"footnotes":""},"categories":[67,111],"tags":[2273,2487,1141,1266,9527,785,688,251,579,9837],"class_list":["post-81793","post","type-post","status-publish","format-standard","has-post-thumbnail","hentry","category-leone-xiv","category-udienza-generale","tag-fatima-it","tag-featured-3","tag-giovani","tag-gmg","tag-gmglisbona","tag-guerra","tag-pace","tag-papa-francesco","tag-udienza-generale","tag-vergine-maria"],"acf":[],"yoast_head":"<!-- This site is optimized with the Yoast SEO plugin v27.4 - https:\/\/yoast.com\/product\/yoast-seo-wordpress\/ -->\n<title>la Gmg, esempio di un mondo fraterno senza odio n\u00e9 armi &#8211; Exaudi<\/title>\n<meta name=\"robots\" content=\"index, follow, max-snippet:-1, max-image-preview:large, max-video-preview:-1\" \/>\n<link rel=\"canonical\" href=\"https:\/\/exaudi.org\/it\/la-gmg-esempio-di-un-mondo-fraterno-senza-odio-ne-armi\/\" \/>\n<meta property=\"og:locale\" content=\"it_IT\" \/>\n<meta property=\"og:type\" content=\"article\" \/>\n<meta property=\"og:title\" content=\"la Gmg, esempio di un mondo fraterno senza odio n\u00e9 armi &#8211; Exaudi\" \/>\n<meta property=\"og:description\" content=\"Il Papa riflette sull&#039;incontro mondiale dei giovani a Lisbona, sottolineando la possibilit\u00e0 di un mondo di pace e fratellanza resa evidente durante la Giornata Mondiale della Giovent\u00f9\" \/>\n<meta property=\"og:url\" content=\"https:\/\/exaudi.org\/it\/la-gmg-esempio-di-un-mondo-fraterno-senza-odio-ne-armi\/\" \/>\n<meta property=\"og:site_name\" content=\"Exaudi\" \/>\n<meta property=\"article:publisher\" content=\"https:\/\/www.facebook.com\/ExaudiNews\" \/>\n<meta property=\"article:author\" content=\"https:\/\/www.facebook.com\/ExaudiNotizie\/\" \/>\n<meta property=\"article:published_time\" content=\"2023-08-09T15:26:07+00:00\" \/>\n<meta property=\"og:image\" content=\"https:\/\/exaudi.org\/wp-content\/uploads\/2023\/08\/F3E4rULW8AAjt11.jpeg\" \/>\n\t<meta property=\"og:image:width\" content=\"1280\" \/>\n\t<meta property=\"og:image:height\" content=\"853\" \/>\n\t<meta property=\"og:image:type\" content=\"image\/jpeg\" \/>\n<meta name=\"author\" content=\"Exaudi Redazione\" \/>\n<meta name=\"twitter:card\" content=\"summary_large_image\" \/>\n<meta name=\"twitter:creator\" content=\"@Exaudi_Notizie\" \/>\n<meta name=\"twitter:site\" content=\"@Exaudi_News\" \/>\n<meta name=\"twitter:label1\" content=\"Scritto da\" \/>\n\t<meta name=\"twitter:data1\" content=\"Exaudi Redazione\" \/>\n\t<meta name=\"twitter:label2\" content=\"Tempo di lettura stimato\" \/>\n\t<meta name=\"twitter:data2\" content=\"4 minuti\" \/>\n<script type=\"application\/ld+json\" class=\"yoast-schema-graph\">{\"@context\":\"https:\\\/\\\/schema.org\",\"@graph\":[{\"@type\":\"Article\",\"@id\":\"https:\\\/\\\/exaudi.org\\\/it\\\/la-gmg-esempio-di-un-mondo-fraterno-senza-odio-ne-armi\\\/#article\",\"isPartOf\":{\"@id\":\"https:\\\/\\\/exaudi.org\\\/it\\\/la-gmg-esempio-di-un-mondo-fraterno-senza-odio-ne-armi\\\/\"},\"author\":{\"name\":\"Exaudi Redazione\",\"@id\":\"https:\\\/\\\/exaudi.org\\\/#\\\/schema\\\/person\\\/e1ab6ed07c01774724dd96f925f3a5f0\"},\"headline\":\"la Gmg, esempio di un mondo fraterno senza odio n\u00e9 armi\",\"datePublished\":\"2023-08-09T15:26:07+00:00\",\"mainEntityOfPage\":{\"@id\":\"https:\\\/\\\/exaudi.org\\\/it\\\/la-gmg-esempio-di-un-mondo-fraterno-senza-odio-ne-armi\\\/\"},\"wordCount\":818,\"image\":{\"@id\":\"https:\\\/\\\/exaudi.org\\\/it\\\/la-gmg-esempio-di-un-mondo-fraterno-senza-odio-ne-armi\\\/#primaryimage\"},\"thumbnailUrl\":\"https:\\\/\\\/exaudi.org\\\/wp-content\\\/uploads\\\/2023\\\/08\\\/F3E4rULW8AAjt11.jpeg\",\"keywords\":[\"fatima\",\"Featured\",\"giovani\",\"Gmg\",\"GMGLISBONA\",\"guerra\",\"pace\",\"Papa Francesco\",\"udienza generale\",\"VERGINE MARIA\"],\"articleSection\":[\"Leone XIV\",\"Udienza generale\"],\"inLanguage\":\"it-IT\"},{\"@type\":\"WebPage\",\"@id\":\"https:\\\/\\\/exaudi.org\\\/it\\\/la-gmg-esempio-di-un-mondo-fraterno-senza-odio-ne-armi\\\/\",\"url\":\"https:\\\/\\\/exaudi.org\\\/it\\\/la-gmg-esempio-di-un-mondo-fraterno-senza-odio-ne-armi\\\/\",\"name\":\"la Gmg, esempio di un mondo fraterno senza odio n\u00e9 armi &#8211; Exaudi\",\"isPartOf\":{\"@id\":\"https:\\\/\\\/exaudi.org\\\/#website\"},\"primaryImageOfPage\":{\"@id\":\"https:\\\/\\\/exaudi.org\\\/it\\\/la-gmg-esempio-di-un-mondo-fraterno-senza-odio-ne-armi\\\/#primaryimage\"},\"image\":{\"@id\":\"https:\\\/\\\/exaudi.org\\\/it\\\/la-gmg-esempio-di-un-mondo-fraterno-senza-odio-ne-armi\\\/#primaryimage\"},\"thumbnailUrl\":\"https:\\\/\\\/exaudi.org\\\/wp-content\\\/uploads\\\/2023\\\/08\\\/F3E4rULW8AAjt11.jpeg\",\"datePublished\":\"2023-08-09T15:26:07+00:00\",\"author\":{\"@id\":\"https:\\\/\\\/exaudi.org\\\/#\\\/schema\\\/person\\\/e1ab6ed07c01774724dd96f925f3a5f0\"},\"breadcrumb\":{\"@id\":\"https:\\\/\\\/exaudi.org\\\/it\\\/la-gmg-esempio-di-un-mondo-fraterno-senza-odio-ne-armi\\\/#breadcrumb\"},\"inLanguage\":\"it-IT\",\"potentialAction\":[{\"@type\":\"ReadAction\",\"target\":[\"https:\\\/\\\/exaudi.org\\\/it\\\/la-gmg-esempio-di-un-mondo-fraterno-senza-odio-ne-armi\\\/\"]}]},{\"@type\":\"ImageObject\",\"inLanguage\":\"it-IT\",\"@id\":\"https:\\\/\\\/exaudi.org\\\/it\\\/la-gmg-esempio-di-un-mondo-fraterno-senza-odio-ne-armi\\\/#primaryimage\",\"url\":\"https:\\\/\\\/exaudi.org\\\/wp-content\\\/uploads\\\/2023\\\/08\\\/F3E4rULW8AAjt11.jpeg\",\"contentUrl\":\"https:\\\/\\\/exaudi.org\\\/wp-content\\\/uploads\\\/2023\\\/08\\\/F3E4rULW8AAjt11.jpeg\",\"width\":1280,\"height\":853},{\"@type\":\"BreadcrumbList\",\"@id\":\"https:\\\/\\\/exaudi.org\\\/it\\\/la-gmg-esempio-di-un-mondo-fraterno-senza-odio-ne-armi\\\/#breadcrumb\",\"itemListElement\":[{\"@type\":\"ListItem\",\"position\":1,\"name\":\"Portada\",\"item\":\"https:\\\/\\\/exaudi.org\\\/it\\\/\"},{\"@type\":\"ListItem\",\"position\":2,\"name\":\"la Gmg, esempio di un mondo fraterno senza odio n\u00e9 armi\"}]},{\"@type\":\"WebSite\",\"@id\":\"https:\\\/\\\/exaudi.org\\\/#website\",\"url\":\"https:\\\/\\\/exaudi.org\\\/\",\"name\":\"Exaudi\",\"description\":\"News\",\"potentialAction\":[{\"@type\":\"SearchAction\",\"target\":{\"@type\":\"EntryPoint\",\"urlTemplate\":\"https:\\\/\\\/exaudi.org\\\/?s={search_term_string}\"},\"query-input\":{\"@type\":\"PropertyValueSpecification\",\"valueRequired\":true,\"valueName\":\"search_term_string\"}}],\"inLanguage\":\"it-IT\"},{\"@type\":\"Person\",\"@id\":\"https:\\\/\\\/exaudi.org\\\/#\\\/schema\\\/person\\\/e1ab6ed07c01774724dd96f925f3a5f0\",\"name\":\"Exaudi Redazione\",\"image\":{\"@type\":\"ImageObject\",\"inLanguage\":\"it-IT\",\"@id\":\"https:\\\/\\\/secure.gravatar.com\\\/avatar\\\/ad6774b3ada023bf5b939d64f45c94b3adf91502dd883507d469b4308a943bb3?s=96&d=mm&r=g\",\"url\":\"https:\\\/\\\/secure.gravatar.com\\\/avatar\\\/ad6774b3ada023bf5b939d64f45c94b3adf91502dd883507d469b4308a943bb3?s=96&d=mm&r=g\",\"contentUrl\":\"https:\\\/\\\/secure.gravatar.com\\\/avatar\\\/ad6774b3ada023bf5b939d64f45c94b3adf91502dd883507d469b4308a943bb3?s=96&d=mm&r=g\",\"caption\":\"Exaudi Redazione\"},\"description\":\"Che cosa \u00e8 Exaudi News? Exaudi News \u00e8 un agenzia cattolica internazionale che informa, istruisce e trasforma quotidianamente in spagnolo, inglese e italiano. Attraverso notizie, articoli di analisi e trasmissioni in diretta degli eventi del Papa, Exaudi cerca di rafforzare l'unit\u00e0 dei cristiani e di contribuire all'evangelizzazione del mondo, sempre guidato dalla dottrina sociale della Chiesa. Lavoriamo per portare la verit\u00e0 e i valori cristiani in ogni angolo del pianeta. Aiutaci a trasformare il mondo con Exaudi! Noi di Exaudi crediamo che l'evangelizzazione e l'informazione di qualit\u00e0 possano cambiare la vita. Per continuare la nostra missione ed espandere la nostra portata, abbiamo bisogno del tuo aiuto. Stiamo anche cercando persone motivate che vogliano unirsi al nostro team. Grazie al vostro sostegno raggiungeremo pi\u00f9 persone, diffonderemo il messaggio di Cristo e rafforzeremo l'unit\u00e0 dei cristiani. Vuoi unirti alla nostra missione? Per maggiori informazioni su come contribuire, visita Exaudi.org\\\/it o contattaci direttamente: info@exaudi.org Exaudi: informa, forma e trasforma.\",\"sameAs\":[\"https:\\\/\\\/www.facebook.com\\\/ExaudiNotizie\\\/\",\"https:\\\/\\\/www.instagram.com\\\/Exaudi_notizie\\\/\",\"https:\\\/\\\/x.com\\\/Exaudi_Notizie\",\"https:\\\/\\\/www.youtube.com\\\/@exaudicatholicnews\"],\"url\":\"https:\\\/\\\/exaudi.org\\\/it\\\/author\\\/dlvedi-org\\\/\"}]}<\/script>\n<!-- \/ Yoast SEO plugin. -->","yoast_head_json":{"title":"la Gmg, esempio di un mondo fraterno senza odio n\u00e9 armi &#8211; Exaudi","robots":{"index":"index","follow":"follow","max-snippet":"max-snippet:-1","max-image-preview":"max-image-preview:large","max-video-preview":"max-video-preview:-1"},"canonical":"https:\/\/exaudi.org\/it\/la-gmg-esempio-di-un-mondo-fraterno-senza-odio-ne-armi\/","og_locale":"it_IT","og_type":"article","og_title":"la Gmg, esempio di un mondo fraterno senza odio n\u00e9 armi &#8211; Exaudi","og_description":"Il Papa riflette sull'incontro mondiale dei giovani a Lisbona, sottolineando la possibilit\u00e0 di un mondo di pace e fratellanza resa evidente durante la Giornata Mondiale della Giovent\u00f9","og_url":"https:\/\/exaudi.org\/it\/la-gmg-esempio-di-un-mondo-fraterno-senza-odio-ne-armi\/","og_site_name":"Exaudi","article_publisher":"https:\/\/www.facebook.com\/ExaudiNews","article_author":"https:\/\/www.facebook.com\/ExaudiNotizie\/","article_published_time":"2023-08-09T15:26:07+00:00","og_image":[{"width":1280,"height":853,"url":"https:\/\/exaudi.org\/wp-content\/uploads\/2023\/08\/F3E4rULW8AAjt11.jpeg","type":"image\/jpeg"}],"author":"Exaudi Redazione","twitter_card":"summary_large_image","twitter_creator":"@Exaudi_Notizie","twitter_site":"@Exaudi_News","twitter_misc":{"Scritto da":"Exaudi Redazione","Tempo di lettura stimato":"4 minuti"},"schema":{"@context":"https:\/\/schema.org","@graph":[{"@type":"Article","@id":"https:\/\/exaudi.org\/it\/la-gmg-esempio-di-un-mondo-fraterno-senza-odio-ne-armi\/#article","isPartOf":{"@id":"https:\/\/exaudi.org\/it\/la-gmg-esempio-di-un-mondo-fraterno-senza-odio-ne-armi\/"},"author":{"name":"Exaudi Redazione","@id":"https:\/\/exaudi.org\/#\/schema\/person\/e1ab6ed07c01774724dd96f925f3a5f0"},"headline":"la Gmg, esempio di un mondo fraterno senza odio n\u00e9 armi","datePublished":"2023-08-09T15:26:07+00:00","mainEntityOfPage":{"@id":"https:\/\/exaudi.org\/it\/la-gmg-esempio-di-un-mondo-fraterno-senza-odio-ne-armi\/"},"wordCount":818,"image":{"@id":"https:\/\/exaudi.org\/it\/la-gmg-esempio-di-un-mondo-fraterno-senza-odio-ne-armi\/#primaryimage"},"thumbnailUrl":"https:\/\/exaudi.org\/wp-content\/uploads\/2023\/08\/F3E4rULW8AAjt11.jpeg","keywords":["fatima","Featured","giovani","Gmg","GMGLISBONA","guerra","pace","Papa Francesco","udienza generale","VERGINE MARIA"],"articleSection":["Leone XIV","Udienza generale"],"inLanguage":"it-IT"},{"@type":"WebPage","@id":"https:\/\/exaudi.org\/it\/la-gmg-esempio-di-un-mondo-fraterno-senza-odio-ne-armi\/","url":"https:\/\/exaudi.org\/it\/la-gmg-esempio-di-un-mondo-fraterno-senza-odio-ne-armi\/","name":"la Gmg, esempio di un mondo fraterno senza odio n\u00e9 armi &#8211; Exaudi","isPartOf":{"@id":"https:\/\/exaudi.org\/#website"},"primaryImageOfPage":{"@id":"https:\/\/exaudi.org\/it\/la-gmg-esempio-di-un-mondo-fraterno-senza-odio-ne-armi\/#primaryimage"},"image":{"@id":"https:\/\/exaudi.org\/it\/la-gmg-esempio-di-un-mondo-fraterno-senza-odio-ne-armi\/#primaryimage"},"thumbnailUrl":"https:\/\/exaudi.org\/wp-content\/uploads\/2023\/08\/F3E4rULW8AAjt11.jpeg","datePublished":"2023-08-09T15:26:07+00:00","author":{"@id":"https:\/\/exaudi.org\/#\/schema\/person\/e1ab6ed07c01774724dd96f925f3a5f0"},"breadcrumb":{"@id":"https:\/\/exaudi.org\/it\/la-gmg-esempio-di-un-mondo-fraterno-senza-odio-ne-armi\/#breadcrumb"},"inLanguage":"it-IT","potentialAction":[{"@type":"ReadAction","target":["https:\/\/exaudi.org\/it\/la-gmg-esempio-di-un-mondo-fraterno-senza-odio-ne-armi\/"]}]},{"@type":"ImageObject","inLanguage":"it-IT","@id":"https:\/\/exaudi.org\/it\/la-gmg-esempio-di-un-mondo-fraterno-senza-odio-ne-armi\/#primaryimage","url":"https:\/\/exaudi.org\/wp-content\/uploads\/2023\/08\/F3E4rULW8AAjt11.jpeg","contentUrl":"https:\/\/exaudi.org\/wp-content\/uploads\/2023\/08\/F3E4rULW8AAjt11.jpeg","width":1280,"height":853},{"@type":"BreadcrumbList","@id":"https:\/\/exaudi.org\/it\/la-gmg-esempio-di-un-mondo-fraterno-senza-odio-ne-armi\/#breadcrumb","itemListElement":[{"@type":"ListItem","position":1,"name":"Portada","item":"https:\/\/exaudi.org\/it\/"},{"@type":"ListItem","position":2,"name":"la Gmg, esempio di un mondo fraterno senza odio n\u00e9 armi"}]},{"@type":"WebSite","@id":"https:\/\/exaudi.org\/#website","url":"https:\/\/exaudi.org\/","name":"Exaudi","description":"News","potentialAction":[{"@type":"SearchAction","target":{"@type":"EntryPoint","urlTemplate":"https:\/\/exaudi.org\/?s={search_term_string}"},"query-input":{"@type":"PropertyValueSpecification","valueRequired":true,"valueName":"search_term_string"}}],"inLanguage":"it-IT"},{"@type":"Person","@id":"https:\/\/exaudi.org\/#\/schema\/person\/e1ab6ed07c01774724dd96f925f3a5f0","name":"Exaudi Redazione","image":{"@type":"ImageObject","inLanguage":"it-IT","@id":"https:\/\/secure.gravatar.com\/avatar\/ad6774b3ada023bf5b939d64f45c94b3adf91502dd883507d469b4308a943bb3?s=96&d=mm&r=g","url":"https:\/\/secure.gravatar.com\/avatar\/ad6774b3ada023bf5b939d64f45c94b3adf91502dd883507d469b4308a943bb3?s=96&d=mm&r=g","contentUrl":"https:\/\/secure.gravatar.com\/avatar\/ad6774b3ada023bf5b939d64f45c94b3adf91502dd883507d469b4308a943bb3?s=96&d=mm&r=g","caption":"Exaudi Redazione"},"description":"Che cosa \u00e8 Exaudi News? Exaudi News \u00e8 un agenzia cattolica internazionale che informa, istruisce e trasforma quotidianamente in spagnolo, inglese e italiano. Attraverso notizie, articoli di analisi e trasmissioni in diretta degli eventi del Papa, Exaudi cerca di rafforzare l'unit\u00e0 dei cristiani e di contribuire all'evangelizzazione del mondo, sempre guidato dalla dottrina sociale della Chiesa. Lavoriamo per portare la verit\u00e0 e i valori cristiani in ogni angolo del pianeta. Aiutaci a trasformare il mondo con Exaudi! Noi di Exaudi crediamo che l'evangelizzazione e l'informazione di qualit\u00e0 possano cambiare la vita. Per continuare la nostra missione ed espandere la nostra portata, abbiamo bisogno del tuo aiuto. Stiamo anche cercando persone motivate che vogliano unirsi al nostro team. Grazie al vostro sostegno raggiungeremo pi\u00f9 persone, diffonderemo il messaggio di Cristo e rafforzeremo l'unit\u00e0 dei cristiani. Vuoi unirti alla nostra missione? Per maggiori informazioni su come contribuire, visita Exaudi.org\/it o contattaci direttamente: info@exaudi.org Exaudi: informa, forma e trasforma.","sameAs":["https:\/\/www.facebook.com\/ExaudiNotizie\/","https:\/\/www.instagram.com\/Exaudi_notizie\/","https:\/\/x.com\/Exaudi_Notizie","https:\/\/www.youtube.com\/@exaudicatholicnews"],"url":"https:\/\/exaudi.org\/it\/author\/dlvedi-org\/"}]}},"jetpack_featured_media_url":"https:\/\/exaudi.org\/wp-content\/uploads\/2023\/08\/F3E4rULW8AAjt11.jpeg","jetpack_shortlink":"https:\/\/wp.me\/pgKjF2-lhf","_links":{"self":[{"href":"https:\/\/exaudi.org\/it\/wp-json\/wp\/v2\/posts\/81793","targetHints":{"allow":["GET"]}}],"collection":[{"href":"https:\/\/exaudi.org\/it\/wp-json\/wp\/v2\/posts"}],"about":[{"href":"https:\/\/exaudi.org\/it\/wp-json\/wp\/v2\/types\/post"}],"author":[{"embeddable":true,"href":"https:\/\/exaudi.org\/it\/wp-json\/wp\/v2\/users\/17"}],"replies":[{"embeddable":true,"href":"https:\/\/exaudi.org\/it\/wp-json\/wp\/v2\/comments?post=81793"}],"version-history":[{"count":0,"href":"https:\/\/exaudi.org\/it\/wp-json\/wp\/v2\/posts\/81793\/revisions"}],"wp:featuredmedia":[{"embeddable":true,"href":"https:\/\/exaudi.org\/it\/wp-json\/wp\/v2\/media\/81788"}],"wp:attachment":[{"href":"https:\/\/exaudi.org\/it\/wp-json\/wp\/v2\/media?parent=81793"}],"wp:term":[{"taxonomy":"category","embeddable":true,"href":"https:\/\/exaudi.org\/it\/wp-json\/wp\/v2\/categories?post=81793"},{"taxonomy":"post_tag","embeddable":true,"href":"https:\/\/exaudi.org\/it\/wp-json\/wp\/v2\/tags?post=81793"}],"curies":[{"name":"wp","href":"https:\/\/api.w.org\/{rel}","templated":true}]}}