{"id":81493,"date":"2023-08-03T08:02:05","date_gmt":"2023-08-03T06:02:05","guid":{"rendered":"https:\/\/exaudi.org\/?p=81493"},"modified":"2023-08-03T08:02:05","modified_gmt":"2023-08-03T06:02:05","slug":"francesco-sogno-uneuropa-che-spenga-i-focolai-di-guerra-e-accenda-la-speranza","status":"publish","type":"post","link":"https:\/\/exaudi.org\/it\/francesco-sogno-uneuropa-che-spenga-i-focolai-di-guerra-e-accenda-la-speranza\/","title":{"rendered":"Francesco: sogno un&#8217;Europa che spenga i focolai di guerra e accenda la speranza"},"content":{"rendered":"<p>Da Lisbona, \u201ccitt\u00e0 dell\u2019incontro che abbraccia vari popoli e culture e che diventa in questi giorni ancora pi\u00f9 universale\u201d e &#8220;capitale del futuro&#8221;, Francesco, nel primo discorso, l&#8217;unico in italiano, del suo 42.mo viaggio apostolico, focalizza la sua riflessione sull\u2019Europa, in questo \u201cfrangente tempestoso\u201d della storia in cui \u201csi avverte la mancanza di rotte coraggiose di pace\u201d. Al Centro Culturale di Bel\u00e9m, parla alle autorit\u00e0 politiche e religiose, al corpo diplomatico e a imprenditori e rappresentanti della societ\u00e0 civile che applaudono diverse volte ascoltandolo.\u00a0Il vecchio continente sembra non offrire \u201cvie creative per porre fine alla guerra in Ucraina e ai tanti conflitti che insaguinano il mondo\u201d, osserva il Papa, che, dinanzi a un Occidente la cui tecnologia responsabile del progresso e della globalizzazione del mondo \u201cda sola non basta\u201d, come non bastano \u201cle armi pi\u00f9 sofisticate\u201d, manifesta le sue preoccupazioni per i continui investimenti sugli armamenti e confida i suoi desideri.<\/p>\n<p><i>Io sogno un\u2019Europa, cuore d\u2019Occidente, che metta a frutto il suo ingegno per spegnere focolai di guerra e accendere luci di speranza; un\u2019Europa che sappia ritrovare il suo animo giovane, sognando la grandezza dell\u2019insieme e andando oltre i bisogni dell\u2019immediato; un\u2019Europa che includa popoli e persone con la propria loro cultura, senza rincorrere teorie e colonizzazioni ideologiche. E questo ci aiuter\u00e0 a pensare ai sogni dei padri fondatori dell\u2019Unione europea: questi sognavano alla grande!<\/i><\/p>\n<h3><strong>Nei giovani la speranza di un futuro migliore\u00a0<\/strong><\/h3>\n<p>Per Francesco \u00e8 \u201cprioritario difendere la vita umana, messa a rischio da derive utilitariste, che la usano e la scartano, la cultura dello scarto della vita&#8221;. Il pensiero va ai \u201ctanti bambini non nati e anziani abbandonati a s\u00e9 stessi, alla fatica di accogliere, proteggere, promuovere e integrare chi viene da lontano e bussa alle porte, alla solitudine di molte famiglie in difficolt\u00e0 nel mettere al mondo e crescere dei figli\u201d. \u00c8 un Occidente \u201ccon lo scarto dei vecchi, i muri col filo spinato, le stragi in mare e le culle vuote\u201d quello di oggi, rimarca il Papa, in cui, \u201cdi fronte al male di vivere\u201d, vengono offerti \u201crimedi sbrigativi e sbagliati, come il facile accesso alla morte, soluzione di comodo che appare dolce, ma in realt\u00e0 \u00e8 pi\u00f9 amara delle acque del mare\u201d. &#8220;Penso a tante leggi sofisticate sull\u2019eutanasia&#8221;, prosegue il Pontefice, e alle sue parole segue un gragoroso battito di mani. Ma c\u2019\u00e8 da sperare nell\u2019\u201coceano di giovani\u201d che si sta riversando in questi giorni a Lisbona, che cos\u00ec diviene &#8220;la citt\u00e0 della speranza&#8221;. Quei ragazzi provenienti da tutto il mondo &#8220;coltivano i desideri dell\u2019unit\u00e0, della pace e della fraternit\u00e0\u201d, sono &#8220;giovani che sognano&#8221;, continua il Papa, che \u201cci provocano a realizzare i loro sogni di bene\u201d.<\/p>\n<p><i>Non sono nelle strade a gridare rabbia, ma a condividere la speranza del Vangelo, la speranza della vita. E se da molte parti oggi si respira un clima di protesta e insoddisfazione, terreno fertile per populismi e complottismi, la Giornata Mondiale della Giovent\u00f9 \u00e8 occasione per costruire insieme. Rinverdisce il desiderio di creare novit\u00e0, di prendere il largo e navigare insieme verso il futuro.<\/i><\/p>\n<h3><b>L<\/b>a Gmg 2023 impulso di apertura universale<\/h3>\n<p>Con lo sguardo alla citt\u00e0 che ospita la Gmg 2023, \u201cla capitale pi\u00f9 a ovest dell\u2019Europa continentale\u201d, Francesco sottolinea che in quanto tale Lisbona richiama \u201cla necessit\u00e0 di aprire vie di incontro pi\u00f9 vaste, come il Portogallo gi\u00e0 fa, soprattutto con Paesi di altri continenti accomunati dalla stessa lingua\u201d. Da qui l\u2019aspettativa che dal XXXVII raduno internazionale dei giovani scaturiscano dei frutti.<\/p>\n<p><i>Auspico che la Giornata Mondiale della Giovent\u00f9 sia, per il \u201cvecchio continente\u201d &#8211; \u00e8 vecchio, possiamo dire: l\u2019 \u201canziano\u201d continente -, un impulso di apertura universale, cio\u00e8 impulso di apertura che divenga pi\u00f9 giovane. Perch\u00e9 di Europa, di vera Europa, il mondo ha bisogno: ha bisogno del suo ruolo di pontiere e di paciere nella sua parte orientale, nel Mediterraneo, in Africa e in Medio Oriente. Cos\u00ec l\u2019Europa potr\u00e0 apportare, all\u2019interno dello scenario internazionale, la sua specifica originalit\u00e0, delineatasi nel secolo scorso quando, dal crogiuolo dei conflitti mondiali, fece scoccare la scintilla della riconciliazione.<\/i><\/p>\n<h3><strong>Lisbona citt\u00e0 dell\u2019incontro<\/strong><\/h3>\n<p>Anche all\u2019inizio del suo discorso il Papa evidenzia il \u201ccarattere multietnico e multiculturale\u201d della capitale portoghese, che \u201crivela il tratto cosmopolita del Portogallo\u201d, nato dal \u201cdesiderio di aprirsi al mondo e di esplorarlo\u201d per quel suo affacciarsi sul mare, cantato da diversi scrittori e poeti lusitani di diverse epoche, come Lu\u00eds Vaz de Cam\u00f5es, Am\u00e1lia Rodrigues e Sophia de Mello Breyner Andresen.<\/p>\n<h3><strong>Dalla capitale portoghese una spinta alla pace tra i popoli<\/strong><\/h3>\n<p>\u201cLisbona, citt\u00e0 dell\u2019oceano, richiama all\u2019importanza dell\u2019insieme, a pensare i confini come zone di contatto, non come frontiere che separano\u201d dice il Papa, che fa notare come, seppure \u201coggi le grandi questioni sono globali\u201d, in realt\u00e0 \u201cdavanti a problemi comuni il mondo \u00e8 diviso, o per lo meno non abbastanza coeso, incapace di affrontare unito ci\u00f2 che mette in crisi tutti\u201d. E pare che \u201cle ingiustizie planetarie, le guerre, le crisi climatiche e migratorie\u201d prevalgano sulla capacit\u00e0 e volont\u00e0 \u201cdi fronteggiare insieme tali sfide\u201d. Ma proprio la capitale portoghese \u201cpu\u00f2 suggerire un cambio di passo\u201d, aggiunge Francesco, ricordando la firma, nel 2007, del Trattato di Lisbona di riforma dell\u2019Unione europea in cui si afferma che \u201cl\u2019Unione si prefigge di promuovere la pace, i suoi valori e il benessere dei suoi popoli\u201d e relazionandosi con il resto del mondo \u201ccontribuisce alla pace, alla sicurezza, allo sviluppo sostenibile della Terra, alla solidariet\u00e0 e al rispetto reciproco tra i popoli, al commercio libero ed equo, all\u2019eliminazione della povert\u00e0 e alla tutela dei diritti umani\u201d. \u00c8 questo &#8220;lo spirito dell&#8217;insieme&#8221;, ripete per due volte il Pontefice.<\/p>\n<h3><strong>I cantieri di speranza per il bene comune<\/strong><\/h3>\n<p>E attinge, poi, ancora a un autore portoghese il Papa per parlare di futuro. \u201cNavigare \u00e8 necessario, vivere non \u00e8 necessario [\u2026]; quello che serve \u00e8 creare\u201d, scriveva Fernando Pessoa, un richiamo alla \u201ccreativit\u00e0 per costruire insieme\u201d per Francesco. E davanti al &#8220;clima di protesta e insoddisfazione&#8221; che si respira oggi da pi\u00f9 parti, &#8220;terreno fertile per populismi e complottismi&#8221;,\u00a0&#8220;occasione per costruire insieme&#8221; \u00e8 la Giornata mondiale della giovent\u00f9&#8221;, asserisce il Papa, che immagina \u201ctre cantieri di speranza in cui possiamo lavorare tutti uniti: l\u2019ambiente, il futuro, la fraternit\u00e0\u201d. A proposito di ambiente, l\u2019invito \u00e8 alla sua salvaguardia.<\/p>\n<p><i>Gli oceani si surriscaldano e i loro fondali portano a galla la bruttezza con cui abbiamo inquinato la casa comune. Stiamo trasformando le grandi riserve di vita in discariche di plastica. L\u2019oceano ci ricorda che la vita dell\u2019uomo \u00e8 chiamata ad armonizzarsi con un ambiente pi\u00f9 grande di noi, che va custodito; l&#8217;ambiente va custodito, con premura, pensando alle giovani generazioni.<\/i><\/p>\n<p>Quanto al futuro, si tratta dei giovani, puntualizza il Papa, che descrive i tanti fattori che oggi \u201cli scoraggiano, come la mancanza di lavoro, i ritmi frenetici in cui sono immersi, l\u2019aumento del costo della vita, la fatica a trovare un\u2019abitazione e, ancora pi\u00f9 preoccupante, la paura di formare famiglie e mettere al mondo dei figli\u201d.<\/p>\n<p><i>In Europa e, pi\u00f9 in generale, in Occidente, si assiste a una fase discendente della curva demografica: il progresso sembra una questione riguardante gli sviluppi della tecnica e gli agi dei singoli, mentre il futuro chiede di contrastare la denatalit\u00e0 e il tramonto della voglia di vivere. La buona politica pu\u00f2 fare molto in questo, pu\u00f2 essere generatrice di speranza.<\/i><\/p>\n<h3><strong>Il compito della politica<\/strong><\/h3>\n<p>La politica non deve detenere il potere, ma \u201cdare alla gente il potere di sperare\u201d, prosegue Francesco, \u201ccorreggere gli squilibri economici di un mercato che produce ricchezze, ma non le distribuisce, impoverendo di risorse e certezze gli animi\u201d, deve \u201cinvestire con lungimiranza sull\u2019avvenire, sulle famiglie, investire sui figli\u201d e ancora \u201cpromuovere alleanze intergenerazionali, dove non si cancelli con un colpo di spugna il passato, ma si favoriscano i legami tra giovani e anziani\u201d. Il Papa insiste, poi sul dialogo tra giovani e anziani, che occorre riprendere, e sostiene che\u00a0\u201ca questo richiama il sentimento della\u00a0<i>saudade<\/i>\u00a0portoghese\u201d, che \u201cesprime una nostalgia, un desiderio di bene assente, che rinasce solo a contatto con le proprie radici\u201d. &#8220;I giovani devono trovare le proprie radici negli anziani&#8221; ribadisce. E allora \u201c\u00e8 importante l\u2019educazione, che non pu\u00f2 solo impartire nozioni tecniche per progredire economicamente, ma \u00e8 destinata a immettere in una storia, a consegnare una tradizione, a valorizzare il bisogno religioso dell\u2019uomo e a favorire l\u2019amicizia sociale\u201d.<\/p>\n<h3><strong>Coltivare il senso di comunit\u00e0 e guardare al prossimo<\/strong><\/h3>\n<p>Infine il cantiere della fraternit\u00e0. I cristiani lo imparano dal Signore Ges\u00f9 Cristo, ma Francesco rivolge a tutti l\u2019invito ad impegnarsi per il prossimo.<\/p>\n<p><i>Nel contesto generale di una globalizzazione che ci avvicina, ma non ci d\u00e0 la prossimit\u00e0 fraterna, tutti siamo chiamati a coltivare il senso della comunit\u00e0, a partire dalla ricerca di chi ci abita accanto. Perch\u00e9, come not\u00f2 Saramago, \u201cci\u00f2 che d\u00e0 il vero senso all\u2019incontro \u00e8 la ricerca, e bisogna fare molta strada per raggiungere ci\u00f2 che \u00e8 vicino\u201d.<\/i><\/p>\n<p>La citazione del romanzo &#8220;<i>Todos os nomes&#8221;<\/i>\u00a0del premio Nobel per la letteratura portoghese \u00e8 lo spunto, per il Papa, per esaltare la bellezza di riscoprirsi \u201cfratelli e sorelle, lavorare per il bene comune lasciando alle spalle contrasti e diversit\u00e0 di vedute\u201d e indicare l\u2019esempio dei \u201cgiovani che, con il loro grido di pace e la loro voglia di vita, ci portano ad abbattere i rigidi steccati di appartenenza eretti in nome di opinioni e credo diversi\u201d. Francesco riferisce di essere a conoscenza di quei tanti giovani che a Lisbona \u201ccoltivano il desiderio di farsi prossimi\u201d e cita \u201cl\u2019iniziativa\u00a0<i>Miss\u00e3o Pa\u00eds<\/i>, che porta migliaia di ragazzi a vivere nello spirito del Vangelo esperienze di solidariet\u00e0 missionaria nelle zone periferiche, specialmente nei villaggi all\u2019interno del Paese, andando a trovare molti anziani soli\u201d. Poi ringrazia e incoraggia i \u201ctanti che nella societ\u00e0 portoghese si occupano degli altri\u201d e cos\u00ec pure \u201cla Chiesa locale, che fa tanto bene, lontana dalla luce dei riflettori\u201d e conclude:<\/p>\n<p><i>Sentiamoci tutti insieme chiamati, fraternamente, a dare speranza al mondo in cui viviamo e a questo magnifico Paese.<\/i><\/p>\n","protected":false},"excerpt":{"rendered":"<p> all\u2019incontro con le autorit\u00e0, la societ\u00e0 civile e il corpo diplomatico, il Papa invoca la pace e auspica che la Gmg sia per il vecchio continente un impulso al suo ruolo di paciere nella sua parte orientale, nel Mediterraneo, in Africa e in Medio Oriente. La politica deve correggere gli squilibri economici, investire sulle famiglie, curare l&#8217;ambiente<\/p>\n","protected":false},"author":17,"featured_media":81469,"comment_status":"closed","ping_status":"closed","sticky":false,"template":"","format":"standard","meta":{"_acf_changed":false,"_crdt_document":"","inline_featured_image":false,"footnotes":""},"categories":[153,67],"tags":[1327,1458,1141,1266,9527,785,688,251,1957,9651,4952,1773],"class_list":["post-81493","post","type-post","status-publish","format-standard","has-post-thumbnail","hentry","category-gmg","category-leone-xiv","tag-ambiente","tag-europa-it","tag-giovani","tag-gmg","tag-gmglisbona","tag-guerra","tag-pace","tag-papa-francesco","tag-politica-it","tag-portogallo","tag-trending-it","tag-ucraina"],"acf":[],"yoast_head":"<!-- This site is optimized with the Yoast SEO plugin v27.5 - https:\/\/yoast.com\/product\/yoast-seo-wordpress\/ -->\n<title>Francesco: sogno un&#039;Europa che spenga i focolai di guerra e accenda la speranza &#8211; Exaudi<\/title>\n<meta name=\"robots\" content=\"index, follow, max-snippet:-1, max-image-preview:large, max-video-preview:-1\" \/>\n<link rel=\"canonical\" href=\"https:\/\/exaudi.org\/it\/francesco-sogno-uneuropa-che-spenga-i-focolai-di-guerra-e-accenda-la-speranza\/\" \/>\n<meta property=\"og:locale\" content=\"it_IT\" \/>\n<meta property=\"og:type\" content=\"article\" \/>\n<meta property=\"og:title\" content=\"Francesco: sogno un&#039;Europa che spenga i focolai di guerra e accenda la speranza &#8211; Exaudi\" \/>\n<meta property=\"og:description\" content=\"all\u2019incontro con le autorit\u00e0, la societ\u00e0 civile e il corpo diplomatico, il Papa invoca la pace e auspica che la Gmg sia per il vecchio continente un impulso al suo ruolo di paciere nella sua parte orientale, nel Mediterraneo, in Africa e in Medio Oriente. La politica deve correggere gli squilibri economici, investire sulle famiglie, curare l&#039;ambiente\" \/>\n<meta property=\"og:url\" content=\"https:\/\/exaudi.org\/it\/francesco-sogno-uneuropa-che-spenga-i-focolai-di-guerra-e-accenda-la-speranza\/\" \/>\n<meta property=\"og:site_name\" content=\"Exaudi\" \/>\n<meta property=\"article:publisher\" content=\"https:\/\/www.facebook.com\/ExaudiNews\" \/>\n<meta property=\"article:author\" content=\"https:\/\/www.facebook.com\/ExaudiNotizie\/\" \/>\n<meta property=\"article:published_time\" content=\"2023-08-03T06:02:05+00:00\" \/>\n<meta property=\"og:image\" content=\"https:\/\/exaudi.org\/wp-content\/uploads\/2023\/08\/cq5dam.web_.800.800-5.jpeg\" \/>\n\t<meta property=\"og:image:width\" content=\"800\" \/>\n\t<meta property=\"og:image:height\" content=\"533\" \/>\n\t<meta property=\"og:image:type\" content=\"image\/jpeg\" \/>\n<meta name=\"author\" content=\"Exaudi Redazione\" \/>\n<meta name=\"twitter:card\" content=\"summary_large_image\" \/>\n<meta name=\"twitter:creator\" content=\"@Exaudi_Notizie\" \/>\n<meta name=\"twitter:site\" content=\"@Exaudi_News\" \/>\n<meta name=\"twitter:label1\" content=\"Scritto da\" \/>\n\t<meta name=\"twitter:data1\" content=\"Exaudi Redazione\" \/>\n\t<meta name=\"twitter:label2\" content=\"Tempo di lettura stimato\" \/>\n\t<meta name=\"twitter:data2\" content=\"8 minuti\" \/>\n<script type=\"application\/ld+json\" class=\"yoast-schema-graph\">{\"@context\":\"https:\\\/\\\/schema.org\",\"@graph\":[{\"@type\":\"Article\",\"@id\":\"https:\\\/\\\/exaudi.org\\\/it\\\/francesco-sogno-uneuropa-che-spenga-i-focolai-di-guerra-e-accenda-la-speranza\\\/#article\",\"isPartOf\":{\"@id\":\"https:\\\/\\\/exaudi.org\\\/it\\\/francesco-sogno-uneuropa-che-spenga-i-focolai-di-guerra-e-accenda-la-speranza\\\/\"},\"author\":{\"name\":\"Exaudi Redazione\",\"@id\":\"https:\\\/\\\/exaudi.org\\\/#\\\/schema\\\/person\\\/e1ab6ed07c01774724dd96f925f3a5f0\"},\"headline\":\"Francesco: sogno un&#8217;Europa che spenga i focolai di guerra e accenda la speranza\",\"datePublished\":\"2023-08-03T06:02:05+00:00\",\"mainEntityOfPage\":{\"@id\":\"https:\\\/\\\/exaudi.org\\\/it\\\/francesco-sogno-uneuropa-che-spenga-i-focolai-di-guerra-e-accenda-la-speranza\\\/\"},\"wordCount\":1689,\"image\":{\"@id\":\"https:\\\/\\\/exaudi.org\\\/it\\\/francesco-sogno-uneuropa-che-spenga-i-focolai-di-guerra-e-accenda-la-speranza\\\/#primaryimage\"},\"thumbnailUrl\":\"https:\\\/\\\/exaudi.org\\\/wp-content\\\/uploads\\\/2023\\\/08\\\/cq5dam.web_.800.800-5.jpeg\",\"keywords\":[\"ambiente\",\"Europa\",\"giovani\",\"Gmg\",\"GMGLISBONA\",\"guerra\",\"pace\",\"Papa Francesco\",\"Pol\u00edtica\",\"PORTOGALLO\",\"Trending\",\"Ucraina\"],\"articleSection\":[\"GMG\",\"Leone XIV\"],\"inLanguage\":\"it-IT\"},{\"@type\":\"WebPage\",\"@id\":\"https:\\\/\\\/exaudi.org\\\/it\\\/francesco-sogno-uneuropa-che-spenga-i-focolai-di-guerra-e-accenda-la-speranza\\\/\",\"url\":\"https:\\\/\\\/exaudi.org\\\/it\\\/francesco-sogno-uneuropa-che-spenga-i-focolai-di-guerra-e-accenda-la-speranza\\\/\",\"name\":\"Francesco: sogno un'Europa che spenga i focolai di guerra e accenda la speranza &#8211; Exaudi\",\"isPartOf\":{\"@id\":\"https:\\\/\\\/exaudi.org\\\/#website\"},\"primaryImageOfPage\":{\"@id\":\"https:\\\/\\\/exaudi.org\\\/it\\\/francesco-sogno-uneuropa-che-spenga-i-focolai-di-guerra-e-accenda-la-speranza\\\/#primaryimage\"},\"image\":{\"@id\":\"https:\\\/\\\/exaudi.org\\\/it\\\/francesco-sogno-uneuropa-che-spenga-i-focolai-di-guerra-e-accenda-la-speranza\\\/#primaryimage\"},\"thumbnailUrl\":\"https:\\\/\\\/exaudi.org\\\/wp-content\\\/uploads\\\/2023\\\/08\\\/cq5dam.web_.800.800-5.jpeg\",\"datePublished\":\"2023-08-03T06:02:05+00:00\",\"author\":{\"@id\":\"https:\\\/\\\/exaudi.org\\\/#\\\/schema\\\/person\\\/e1ab6ed07c01774724dd96f925f3a5f0\"},\"breadcrumb\":{\"@id\":\"https:\\\/\\\/exaudi.org\\\/it\\\/francesco-sogno-uneuropa-che-spenga-i-focolai-di-guerra-e-accenda-la-speranza\\\/#breadcrumb\"},\"inLanguage\":\"it-IT\",\"potentialAction\":[{\"@type\":\"ReadAction\",\"target\":[\"https:\\\/\\\/exaudi.org\\\/it\\\/francesco-sogno-uneuropa-che-spenga-i-focolai-di-guerra-e-accenda-la-speranza\\\/\"]}]},{\"@type\":\"ImageObject\",\"inLanguage\":\"it-IT\",\"@id\":\"https:\\\/\\\/exaudi.org\\\/it\\\/francesco-sogno-uneuropa-che-spenga-i-focolai-di-guerra-e-accenda-la-speranza\\\/#primaryimage\",\"url\":\"https:\\\/\\\/exaudi.org\\\/wp-content\\\/uploads\\\/2023\\\/08\\\/cq5dam.web_.800.800-5.jpeg\",\"contentUrl\":\"https:\\\/\\\/exaudi.org\\\/wp-content\\\/uploads\\\/2023\\\/08\\\/cq5dam.web_.800.800-5.jpeg\",\"width\":800,\"height\":533,\"caption\":\"Vatican Media\"},{\"@type\":\"BreadcrumbList\",\"@id\":\"https:\\\/\\\/exaudi.org\\\/it\\\/francesco-sogno-uneuropa-che-spenga-i-focolai-di-guerra-e-accenda-la-speranza\\\/#breadcrumb\",\"itemListElement\":[{\"@type\":\"ListItem\",\"position\":1,\"name\":\"Portada\",\"item\":\"https:\\\/\\\/exaudi.org\\\/it\\\/\"},{\"@type\":\"ListItem\",\"position\":2,\"name\":\"Francesco: sogno un&#8217;Europa che spenga i focolai di guerra e accenda la speranza\"}]},{\"@type\":\"WebSite\",\"@id\":\"https:\\\/\\\/exaudi.org\\\/#website\",\"url\":\"https:\\\/\\\/exaudi.org\\\/\",\"name\":\"Exaudi\",\"description\":\"News\",\"potentialAction\":[{\"@type\":\"SearchAction\",\"target\":{\"@type\":\"EntryPoint\",\"urlTemplate\":\"https:\\\/\\\/exaudi.org\\\/?s={search_term_string}\"},\"query-input\":{\"@type\":\"PropertyValueSpecification\",\"valueRequired\":true,\"valueName\":\"search_term_string\"}}],\"inLanguage\":\"it-IT\"},{\"@type\":\"Person\",\"@id\":\"https:\\\/\\\/exaudi.org\\\/#\\\/schema\\\/person\\\/e1ab6ed07c01774724dd96f925f3a5f0\",\"name\":\"Exaudi Redazione\",\"image\":{\"@type\":\"ImageObject\",\"inLanguage\":\"it-IT\",\"@id\":\"https:\\\/\\\/secure.gravatar.com\\\/avatar\\\/ad6774b3ada023bf5b939d64f45c94b3adf91502dd883507d469b4308a943bb3?s=96&d=mm&r=g\",\"url\":\"https:\\\/\\\/secure.gravatar.com\\\/avatar\\\/ad6774b3ada023bf5b939d64f45c94b3adf91502dd883507d469b4308a943bb3?s=96&d=mm&r=g\",\"contentUrl\":\"https:\\\/\\\/secure.gravatar.com\\\/avatar\\\/ad6774b3ada023bf5b939d64f45c94b3adf91502dd883507d469b4308a943bb3?s=96&d=mm&r=g\",\"caption\":\"Exaudi Redazione\"},\"description\":\"Che cosa \u00e8 Exaudi News? Exaudi News \u00e8 un agenzia cattolica internazionale che informa, istruisce e trasforma quotidianamente in spagnolo, inglese e italiano. Attraverso notizie, articoli di analisi e trasmissioni in diretta degli eventi del Papa, Exaudi cerca di rafforzare l'unit\u00e0 dei cristiani e di contribuire all'evangelizzazione del mondo, sempre guidato dalla dottrina sociale della Chiesa. Lavoriamo per portare la verit\u00e0 e i valori cristiani in ogni angolo del pianeta. Aiutaci a trasformare il mondo con Exaudi! Noi di Exaudi crediamo che l'evangelizzazione e l'informazione di qualit\u00e0 possano cambiare la vita. Per continuare la nostra missione ed espandere la nostra portata, abbiamo bisogno del tuo aiuto. Stiamo anche cercando persone motivate che vogliano unirsi al nostro team. Grazie al vostro sostegno raggiungeremo pi\u00f9 persone, diffonderemo il messaggio di Cristo e rafforzeremo l'unit\u00e0 dei cristiani. Vuoi unirti alla nostra missione? Per maggiori informazioni su come contribuire, visita Exaudi.org\\\/it o contattaci direttamente: info@exaudi.org Exaudi: informa, forma e trasforma.\",\"sameAs\":[\"https:\\\/\\\/www.facebook.com\\\/ExaudiNotizie\\\/\",\"https:\\\/\\\/www.instagram.com\\\/Exaudi_notizie\\\/\",\"https:\\\/\\\/x.com\\\/Exaudi_Notizie\",\"https:\\\/\\\/www.youtube.com\\\/@exaudicatholicnews\"],\"url\":\"https:\\\/\\\/exaudi.org\\\/it\\\/author\\\/dlvedi-org\\\/\"}]}<\/script>\n<!-- \/ Yoast SEO plugin. -->","yoast_head_json":{"title":"Francesco: sogno un'Europa che spenga i focolai di guerra e accenda la speranza &#8211; Exaudi","robots":{"index":"index","follow":"follow","max-snippet":"max-snippet:-1","max-image-preview":"max-image-preview:large","max-video-preview":"max-video-preview:-1"},"canonical":"https:\/\/exaudi.org\/it\/francesco-sogno-uneuropa-che-spenga-i-focolai-di-guerra-e-accenda-la-speranza\/","og_locale":"it_IT","og_type":"article","og_title":"Francesco: sogno un'Europa che spenga i focolai di guerra e accenda la speranza &#8211; Exaudi","og_description":"all\u2019incontro con le autorit\u00e0, la societ\u00e0 civile e il corpo diplomatico, il Papa invoca la pace e auspica che la Gmg sia per il vecchio continente un impulso al suo ruolo di paciere nella sua parte orientale, nel Mediterraneo, in Africa e in Medio Oriente. La politica deve correggere gli squilibri economici, investire sulle famiglie, curare l'ambiente","og_url":"https:\/\/exaudi.org\/it\/francesco-sogno-uneuropa-che-spenga-i-focolai-di-guerra-e-accenda-la-speranza\/","og_site_name":"Exaudi","article_publisher":"https:\/\/www.facebook.com\/ExaudiNews","article_author":"https:\/\/www.facebook.com\/ExaudiNotizie\/","article_published_time":"2023-08-03T06:02:05+00:00","og_image":[{"width":800,"height":533,"url":"https:\/\/exaudi.org\/wp-content\/uploads\/2023\/08\/cq5dam.web_.800.800-5.jpeg","type":"image\/jpeg"}],"author":"Exaudi Redazione","twitter_card":"summary_large_image","twitter_creator":"@Exaudi_Notizie","twitter_site":"@Exaudi_News","twitter_misc":{"Scritto da":"Exaudi Redazione","Tempo di lettura stimato":"8 minuti"},"schema":{"@context":"https:\/\/schema.org","@graph":[{"@type":"Article","@id":"https:\/\/exaudi.org\/it\/francesco-sogno-uneuropa-che-spenga-i-focolai-di-guerra-e-accenda-la-speranza\/#article","isPartOf":{"@id":"https:\/\/exaudi.org\/it\/francesco-sogno-uneuropa-che-spenga-i-focolai-di-guerra-e-accenda-la-speranza\/"},"author":{"name":"Exaudi Redazione","@id":"https:\/\/exaudi.org\/#\/schema\/person\/e1ab6ed07c01774724dd96f925f3a5f0"},"headline":"Francesco: sogno un&#8217;Europa che spenga i focolai di guerra e accenda la speranza","datePublished":"2023-08-03T06:02:05+00:00","mainEntityOfPage":{"@id":"https:\/\/exaudi.org\/it\/francesco-sogno-uneuropa-che-spenga-i-focolai-di-guerra-e-accenda-la-speranza\/"},"wordCount":1689,"image":{"@id":"https:\/\/exaudi.org\/it\/francesco-sogno-uneuropa-che-spenga-i-focolai-di-guerra-e-accenda-la-speranza\/#primaryimage"},"thumbnailUrl":"https:\/\/exaudi.org\/wp-content\/uploads\/2023\/08\/cq5dam.web_.800.800-5.jpeg","keywords":["ambiente","Europa","giovani","Gmg","GMGLISBONA","guerra","pace","Papa Francesco","Pol\u00edtica","PORTOGALLO","Trending","Ucraina"],"articleSection":["GMG","Leone XIV"],"inLanguage":"it-IT"},{"@type":"WebPage","@id":"https:\/\/exaudi.org\/it\/francesco-sogno-uneuropa-che-spenga-i-focolai-di-guerra-e-accenda-la-speranza\/","url":"https:\/\/exaudi.org\/it\/francesco-sogno-uneuropa-che-spenga-i-focolai-di-guerra-e-accenda-la-speranza\/","name":"Francesco: sogno un'Europa che spenga i focolai di guerra e accenda la speranza &#8211; Exaudi","isPartOf":{"@id":"https:\/\/exaudi.org\/#website"},"primaryImageOfPage":{"@id":"https:\/\/exaudi.org\/it\/francesco-sogno-uneuropa-che-spenga-i-focolai-di-guerra-e-accenda-la-speranza\/#primaryimage"},"image":{"@id":"https:\/\/exaudi.org\/it\/francesco-sogno-uneuropa-che-spenga-i-focolai-di-guerra-e-accenda-la-speranza\/#primaryimage"},"thumbnailUrl":"https:\/\/exaudi.org\/wp-content\/uploads\/2023\/08\/cq5dam.web_.800.800-5.jpeg","datePublished":"2023-08-03T06:02:05+00:00","author":{"@id":"https:\/\/exaudi.org\/#\/schema\/person\/e1ab6ed07c01774724dd96f925f3a5f0"},"breadcrumb":{"@id":"https:\/\/exaudi.org\/it\/francesco-sogno-uneuropa-che-spenga-i-focolai-di-guerra-e-accenda-la-speranza\/#breadcrumb"},"inLanguage":"it-IT","potentialAction":[{"@type":"ReadAction","target":["https:\/\/exaudi.org\/it\/francesco-sogno-uneuropa-che-spenga-i-focolai-di-guerra-e-accenda-la-speranza\/"]}]},{"@type":"ImageObject","inLanguage":"it-IT","@id":"https:\/\/exaudi.org\/it\/francesco-sogno-uneuropa-che-spenga-i-focolai-di-guerra-e-accenda-la-speranza\/#primaryimage","url":"https:\/\/exaudi.org\/wp-content\/uploads\/2023\/08\/cq5dam.web_.800.800-5.jpeg","contentUrl":"https:\/\/exaudi.org\/wp-content\/uploads\/2023\/08\/cq5dam.web_.800.800-5.jpeg","width":800,"height":533,"caption":"Vatican Media"},{"@type":"BreadcrumbList","@id":"https:\/\/exaudi.org\/it\/francesco-sogno-uneuropa-che-spenga-i-focolai-di-guerra-e-accenda-la-speranza\/#breadcrumb","itemListElement":[{"@type":"ListItem","position":1,"name":"Portada","item":"https:\/\/exaudi.org\/it\/"},{"@type":"ListItem","position":2,"name":"Francesco: sogno un&#8217;Europa che spenga i focolai di guerra e accenda la speranza"}]},{"@type":"WebSite","@id":"https:\/\/exaudi.org\/#website","url":"https:\/\/exaudi.org\/","name":"Exaudi","description":"News","potentialAction":[{"@type":"SearchAction","target":{"@type":"EntryPoint","urlTemplate":"https:\/\/exaudi.org\/?s={search_term_string}"},"query-input":{"@type":"PropertyValueSpecification","valueRequired":true,"valueName":"search_term_string"}}],"inLanguage":"it-IT"},{"@type":"Person","@id":"https:\/\/exaudi.org\/#\/schema\/person\/e1ab6ed07c01774724dd96f925f3a5f0","name":"Exaudi Redazione","image":{"@type":"ImageObject","inLanguage":"it-IT","@id":"https:\/\/secure.gravatar.com\/avatar\/ad6774b3ada023bf5b939d64f45c94b3adf91502dd883507d469b4308a943bb3?s=96&d=mm&r=g","url":"https:\/\/secure.gravatar.com\/avatar\/ad6774b3ada023bf5b939d64f45c94b3adf91502dd883507d469b4308a943bb3?s=96&d=mm&r=g","contentUrl":"https:\/\/secure.gravatar.com\/avatar\/ad6774b3ada023bf5b939d64f45c94b3adf91502dd883507d469b4308a943bb3?s=96&d=mm&r=g","caption":"Exaudi Redazione"},"description":"Che cosa \u00e8 Exaudi News? Exaudi News \u00e8 un agenzia cattolica internazionale che informa, istruisce e trasforma quotidianamente in spagnolo, inglese e italiano. Attraverso notizie, articoli di analisi e trasmissioni in diretta degli eventi del Papa, Exaudi cerca di rafforzare l'unit\u00e0 dei cristiani e di contribuire all'evangelizzazione del mondo, sempre guidato dalla dottrina sociale della Chiesa. Lavoriamo per portare la verit\u00e0 e i valori cristiani in ogni angolo del pianeta. Aiutaci a trasformare il mondo con Exaudi! Noi di Exaudi crediamo che l'evangelizzazione e l'informazione di qualit\u00e0 possano cambiare la vita. Per continuare la nostra missione ed espandere la nostra portata, abbiamo bisogno del tuo aiuto. Stiamo anche cercando persone motivate che vogliano unirsi al nostro team. Grazie al vostro sostegno raggiungeremo pi\u00f9 persone, diffonderemo il messaggio di Cristo e rafforzeremo l'unit\u00e0 dei cristiani. Vuoi unirti alla nostra missione? Per maggiori informazioni su come contribuire, visita Exaudi.org\/it o contattaci direttamente: info@exaudi.org Exaudi: informa, forma e trasforma.","sameAs":["https:\/\/www.facebook.com\/ExaudiNotizie\/","https:\/\/www.instagram.com\/Exaudi_notizie\/","https:\/\/x.com\/Exaudi_Notizie","https:\/\/www.youtube.com\/@exaudicatholicnews"],"url":"https:\/\/exaudi.org\/it\/author\/dlvedi-org\/"}]}},"jetpack_featured_media_url":"https:\/\/exaudi.org\/wp-content\/uploads\/2023\/08\/cq5dam.web_.800.800-5.jpeg","jetpack_shortlink":"https:\/\/wp.me\/pgKjF2-lcp","_links":{"self":[{"href":"https:\/\/exaudi.org\/it\/wp-json\/wp\/v2\/posts\/81493","targetHints":{"allow":["GET"]}}],"collection":[{"href":"https:\/\/exaudi.org\/it\/wp-json\/wp\/v2\/posts"}],"about":[{"href":"https:\/\/exaudi.org\/it\/wp-json\/wp\/v2\/types\/post"}],"author":[{"embeddable":true,"href":"https:\/\/exaudi.org\/it\/wp-json\/wp\/v2\/users\/17"}],"replies":[{"embeddable":true,"href":"https:\/\/exaudi.org\/it\/wp-json\/wp\/v2\/comments?post=81493"}],"version-history":[{"count":0,"href":"https:\/\/exaudi.org\/it\/wp-json\/wp\/v2\/posts\/81493\/revisions"}],"wp:featuredmedia":[{"embeddable":true,"href":"https:\/\/exaudi.org\/it\/wp-json\/wp\/v2\/media\/81469"}],"wp:attachment":[{"href":"https:\/\/exaudi.org\/it\/wp-json\/wp\/v2\/media?parent=81493"}],"wp:term":[{"taxonomy":"category","embeddable":true,"href":"https:\/\/exaudi.org\/it\/wp-json\/wp\/v2\/categories?post=81493"},{"taxonomy":"post_tag","embeddable":true,"href":"https:\/\/exaudi.org\/it\/wp-json\/wp\/v2\/tags?post=81493"}],"curies":[{"name":"wp","href":"https:\/\/api.w.org\/{rel}","templated":true}]}}