{"id":79924,"date":"2023-07-07T15:40:38","date_gmt":"2023-07-07T13:40:38","guid":{"rendered":"https:\/\/exaudi.org\/?p=79924"},"modified":"2023-07-07T15:41:08","modified_gmt":"2023-07-07T13:41:08","slug":"il-papa-a-fatima-per-implorare-pace-in-ucraina-e-nel-mondo","status":"publish","type":"post","link":"https:\/\/exaudi.org\/it\/il-papa-a-fatima-per-implorare-pace-in-ucraina-e-nel-mondo\/","title":{"rendered":"Il Papa a Fatima per implorare pace in Ucraina e nel mondo"},"content":{"rendered":"<audio class=\"wp-audio-shortcode\" id=\"audio-79924-1\" preload=\"none\" style=\"width: 100%;\" controls=\"controls\"><source type=\"audio\/mpeg\" src=\"https:\/\/exaudi.org\/wp-content\/uploads\/2023\/07\/Il-Papa-a-Fatima-per-implorare-pace-in-Ucraina-e.mp3?_=1\" \/><a href=\"https:\/\/exaudi.org\/wp-content\/uploads\/2023\/07\/Il-Papa-a-Fatima-per-implorare-pace-in-Ucraina-e.mp3\">https:\/\/exaudi.org\/wp-content\/uploads\/2023\/07\/Il-Papa-a-Fatima-per-implorare-pace-in-Ucraina-e.mp3<\/a><\/audio>\n<p>Papa Francesco torna per la seconda volta al santuario della Madonna di Fatima, dove nel maggio 1917 tre pastorelli &#8211; due gi\u00e0 santi, la terza sulla via degli altari \u2013 ricevettero un messaggio da Maria che riguardava il futuro dell\u2019umanit\u00e0. La tappa di poche ore a Fatima, che raggiunger\u00e0 in elicottero sabato 5 agosto, \u00e8 stata aggiunta in un secondo momento in quanto il pellegrinaggio papale inizialmente prevedeva soltanto la permanenza a Lisbona per la Giornata Mondiale della Giovent\u00f9. Francesco si era gi\u00e0 recato nel famoso santuario mariano in occasione del centenario delle apparizioni per la canonizzazione dei due piccoli veggenti Francesco e Giacinta Marto, nel maggio 2017. Il fatto che abbia deciso di recarsi nuovamente ai piedi della Madonna di Fatima \u00e8 significativo, e nelle intenzioni del Pontefice \u00e8 legato alla tragedia della guerra che sta provando la \u201cmartoriata Ucraina\u201d bombardata dall\u2019esercito russo ma anche le tante guerre dimenticate che sono in corso nel mondo. \u00c8 un gesto, quello del Vescovo di Roma, che si pu\u00f2 collegare direttamente a un altro da lui compiuto, poco pi\u00f9 di un mese dopo lo scoppio della guerra, la consacrazione della Russia e dell\u2019Ucraina al Cuore Immacolato di Maria, celebrata in San Pietro il 25 marzo 2022. Proprio la consacrazione della Russia, infatti, venne richiesta dall\u2019apparizione nel messaggio ai pastorelli di Fatima. Sedici mesi fa, Francesco cos\u00ec aveva pregato: \u201cAbbiamo smarrito la via della pace. Abbiamo dimenticato la lezione delle tragedie del secolo scorso, il sacrificio di milioni di caduti nelle guerre mondiali. Abbiamo disatteso gli impegni presi come Comunit\u00e0 delle Nazioni e stiamo tradendo i sogni di pace dei popoli e le speranze dei giovani&#8230; Tu, stella del mare, non lasciarci naufragare nella tempesta della guerra&#8230; Liberaci dalla guerra, preserva il mondo dalla minaccia nucleare\u201d.<\/p>\n<div>\n<div class=\"article__embed article__embed--unwrap article__embed--photo\">\n<figure><\/figure>\n<h3><strong>Fatima e la storia dei Papi<\/strong><\/h3>\n<figure id=\"attachment_79925\" aria-describedby=\"caption-attachment-79925\" style=\"width: 386px\" class=\"wp-caption alignleft\"><img loading=\"lazy\" decoding=\"async\" class=\" wp-image-79925\" src=\"https:\/\/exaudi.org\/wp-content\/uploads\/2023\/07\/cq5dam.thumbnail.cropped.750.422-6.jpeg\" alt=\"Paolo VI a Fatima, 13 maggio 1967\" width=\"386\" height=\"217\" srcset=\"https:\/\/exaudi.org\/wp-content\/uploads\/2023\/07\/cq5dam.thumbnail.cropped.750.422-6.jpeg 750w, https:\/\/exaudi.org\/wp-content\/uploads\/2023\/07\/cq5dam.thumbnail.cropped.750.422-6-300x169.jpeg 300w, https:\/\/exaudi.org\/wp-content\/uploads\/2023\/07\/cq5dam.thumbnail.cropped.750.422-6-500x281.jpeg 500w, https:\/\/exaudi.org\/wp-content\/uploads\/2023\/07\/cq5dam.thumbnail.cropped.750.422-6-293x165.jpeg 293w, https:\/\/exaudi.org\/wp-content\/uploads\/2023\/07\/cq5dam.thumbnail.cropped.750.422-6-390x219.jpeg 390w\" sizes=\"auto, (max-width: 386px) 100vw, 386px\" \/><figcaption id=\"caption-attachment-79925\" class=\"wp-caption-text\">Paolo VI a Fatima, 13 maggio 1967<\/figcaption><\/figure>\n<p>Le apparizioni portoghesi sono legate alla storia dei Papi del Novecento, e si intrecciano con le loro personali biografie. Benedetto XV, nell\u2019infuriare della Prima Guerra Mondiale, il 5 maggio 1917 decide di aggiungere alle tradizionali Litanie lauretane che si recitano dopo il Rosario l\u2019invocazione \u201cRegina della Pace, prega per noi\u201d. Pochi giorni dopo, il 13 maggio, la prima apparizione della Madonna di Fatima. Un evento che si verifica nello stesso giorno in cui nella Cappella Sistina il Papa consacra vescovo Eugenio Pacelli, destinato ad essere il suo secondo successore. Divenuto Pio XII, il 31 ottobre 1942, Pacelli consacra al Cuore Immacolato di Maria \u201ci popoli separati per l\u2019errore o per la discordia\u201d. Paolo VI, nel maggio 1967, \u00e8 il primo Papa a farsi pellegrino a Fatima in un Portogallo che vive ancora sotto il regime del dittatore Salazar, per celebrare il cinquantesimo anniversario delle apparizioni. Pochi giorni prima di partire, Papa Montini spiega: \u201cIl motivo spirituale, che vuol dare a questo viaggio il suo proprio significato, \u00e8 quello di pregare, ancora una volta, e pi\u00f9 umilmente e vivamente, in favore della pace\u201d. E nell\u2019omelia pronunciata a Fatima afferma: \u201cUomini, non pensate a progetti di distruzione e di morte, di rivoluzione&#8230; pensate a progetti di comune conforto e di solidale collaborazione. Uomini, pensate alla gravit\u00e0 e alla grandezza di quest\u2019ora, che pu\u00f2 essere decisiva per la storia della presente e della futura generazione\u201d. Paolo VI descrive la gravit\u00e0 della situazione storica con toni tutt\u2019altro che rassicuranti: da una parte \u201cil grande arsenale di armi terribilmente mortali\u201d e un progresso morale che non va di pari passo con quello scientifico e tecnico, dall\u2019altra lo stato di povert\u00e0 e di indigenza in cui si trova \u201cla gran parte dell\u2019umanit\u00e0\u201d. \u201c\u00c8 per questo motivo che diciamo che il mondo \u00e8 in pericolo. \u00c8 per questo motivo che siamo venuti ai piedi della Regina a chiederle la pace, un dono che solo Dio pu\u00f2 dare&#8230; Vedete come il quadro del mondo e dei suoi destini qui si presenti immenso e drammatico\u201d.<\/p>\n<h3><strong>Il sangue di Papa Wojtyla e il messaggio di Benedetto<\/strong><\/h3>\n<figure id=\"attachment_79928\" aria-describedby=\"caption-attachment-79928\" style=\"width: 370px\" class=\"wp-caption alignleft\"><img loading=\"lazy\" decoding=\"async\" class=\" wp-image-79928\" src=\"https:\/\/exaudi.org\/wp-content\/uploads\/2023\/07\/cq5dam.thumbnail.cropped.750.422-1-3.jpeg\" alt=\"L'attentato a Giovanni Paolo II, 13 maggio 1981\" width=\"370\" height=\"208\" srcset=\"https:\/\/exaudi.org\/wp-content\/uploads\/2023\/07\/cq5dam.thumbnail.cropped.750.422-1-3.jpeg 750w, https:\/\/exaudi.org\/wp-content\/uploads\/2023\/07\/cq5dam.thumbnail.cropped.750.422-1-3-300x169.jpeg 300w, https:\/\/exaudi.org\/wp-content\/uploads\/2023\/07\/cq5dam.thumbnail.cropped.750.422-1-3-500x281.jpeg 500w, https:\/\/exaudi.org\/wp-content\/uploads\/2023\/07\/cq5dam.thumbnail.cropped.750.422-1-3-293x165.jpeg 293w, https:\/\/exaudi.org\/wp-content\/uploads\/2023\/07\/cq5dam.thumbnail.cropped.750.422-1-3-390x219.jpeg 390w\" sizes=\"auto, (max-width: 370px) 100vw, 370px\" \/><figcaption id=\"caption-attachment-79928\" class=\"wp-caption-text\">L&#8217;attentato a Giovanni Paolo II, 13 maggio 1981<\/figcaption><\/figure>\n<p>Ma \u00e8 con Karol Wojtyla che la storia di Fatima e del messaggio ai pastorelli mantenuto segreto fino all\u2019anno 2000 si legano inscindibilmente alla vita di un Successore di Pietro. Il 13 maggio 1981, alle 17.17, in Piazza San Pietro, Giovanni Paolo II viene gravemente ferito in un attentato perpetrato dal terrorista turco Al\u00ec Agca. Il Pontefice polacco arriva quasi dissanguato e in punto di morte al Policlinico Gemelli: considerer\u00e0 miracolosa la sua sopravvivenza e diciannove anni dopo render\u00e0 finalmente noto la terza parte del segreto di Fatima dove viene descritta l\u2019uccisione di un \u201cvescovo vestito di bianco\u201d che attraversa una citt\u00e0 in rovina e alla fine viene ucciso, attribuendo a s\u00e9 la visione. Wojtyla nel suo lungo pontificato visita tre volte il santuario portoghese, nel 1982, nel 1991 e infine nell\u2019anno del Grande Giubileo del 2000. Anche il suo successore Benedetto XVI, nel corso della visita al Portogallo del 2010, si reca in pellegrinaggio a Fatima e afferma: \u201cSi illuderebbe chi pensasse che la missione profetica di Fatima sia conclusa\u201d. In quella occasione, sul volo di andata, rispondendo alla domanda di un giornalista, Papa Ratzinger parla anche della crisi degli abusi, dicendo: \u201cQuanto alle novit\u00e0 che possiamo oggi scoprire in questo messaggio, vi \u00e8 anche il fatto che non solo da fuori vengono attacchi al Papa e alla Chiesa, ma le sofferenze della Chiesa vengono proprio dall\u2019interno della Chiesa, dal peccato che esiste nella Chiesa. Anche questo si \u00e8 sempre saputo, ma oggi lo vediamo in modo realmente terrificante: che la pi\u00f9 grande persecuzione della Chiesa non viene dai nemici fuori, ma nasce dal peccato nella Chiesa e che la Chiesa quindi ha profondo bisogno di ri-imparare la penitenza\u201d.<\/p>\n<p><b>Andrea Tornielli &#8211; Vatican News<\/b><\/p>\n<div>\n<div class=\"article__embed article__embed--unwrap article__embed--photo\"><\/div>\n<\/div>\n<\/div>\n<\/div>\n","protected":false},"excerpt":{"rendered":"<p>La tappa nel santuario \u00e8 stata aggiunta al viaggio per la GMG perch\u00e9 Francesco vuole pregare in modo speciale Maria per la fine della guerra nel cuore dell\u2019Europa cristiana e di tutte le guerre<\/p>\n","protected":false},"author":17,"featured_media":54693,"comment_status":"closed","ping_status":"closed","sticky":false,"template":"","format":"standard","meta":{"_acf_changed":false,"_crdt_document":"","inline_featured_image":false,"footnotes":""},"categories":[67,131],"tags":[2273,2487,9527,688,9649,251,9650,9648,9651,1774,1773],"class_list":["post-79924","post","type-post","status-publish","format-standard","has-post-thumbnail","hentry","category-leone-xiv","category-vaticano","tag-fatima-it","tag-featured-3","tag-gmglisbona","tag-pace","tag-papa-benedetto-xvi","tag-papa-francesco","tag-papa-giovanni-paolo-ii","tag-papa-paolo-vi","tag-portogallo","tag-russia","tag-ucraina"],"acf":[],"yoast_head":"<!-- This site is optimized with the Yoast SEO plugin v27.4 - https:\/\/yoast.com\/product\/yoast-seo-wordpress\/ -->\n<title>Il Papa a Fatima per implorare pace in Ucraina e nel mondo &#8211; Exaudi<\/title>\n<meta name=\"robots\" content=\"index, follow, max-snippet:-1, max-image-preview:large, max-video-preview:-1\" \/>\n<link rel=\"canonical\" href=\"https:\/\/exaudi.org\/it\/il-papa-a-fatima-per-implorare-pace-in-ucraina-e-nel-mondo\/\" \/>\n<meta property=\"og:locale\" content=\"it_IT\" \/>\n<meta property=\"og:type\" content=\"article\" \/>\n<meta property=\"og:title\" content=\"Il Papa a Fatima per implorare pace in Ucraina e nel mondo &#8211; Exaudi\" \/>\n<meta property=\"og:description\" content=\"La tappa nel santuario \u00e8 stata aggiunta al viaggio per la GMG perch\u00e9 Francesco vuole pregare in modo speciale Maria per la fine della guerra nel cuore dell\u2019Europa cristiana e di tutte le guerre\" \/>\n<meta property=\"og:url\" content=\"https:\/\/exaudi.org\/it\/il-papa-a-fatima-per-implorare-pace-in-ucraina-e-nel-mondo\/\" \/>\n<meta property=\"og:site_name\" content=\"Exaudi\" \/>\n<meta property=\"article:publisher\" content=\"https:\/\/www.facebook.com\/ExaudiNews\" \/>\n<meta property=\"article:author\" content=\"https:\/\/www.facebook.com\/ExaudiNotizie\/\" \/>\n<meta property=\"article:published_time\" content=\"2023-07-07T13:40:38+00:00\" \/>\n<meta property=\"article:modified_time\" content=\"2023-07-07T13:41:08+00:00\" \/>\n<meta property=\"og:image\" content=\"https:\/\/exaudi.org\/wp-content\/uploads\/2022\/03\/El-Papa-Francisco-frente-a-la-Virgen-de-Fatima-Vatican-Media.jpeg\" \/>\n\t<meta property=\"og:image:width\" content=\"642\" \/>\n\t<meta property=\"og:image:height\" content=\"350\" \/>\n\t<meta property=\"og:image:type\" content=\"image\/jpeg\" \/>\n<meta name=\"author\" content=\"Exaudi Redazione\" \/>\n<meta name=\"twitter:card\" content=\"summary_large_image\" \/>\n<meta name=\"twitter:creator\" content=\"@Exaudi_Notizie\" \/>\n<meta name=\"twitter:site\" content=\"@Exaudi_News\" \/>\n<meta name=\"twitter:label1\" content=\"Scritto da\" \/>\n\t<meta name=\"twitter:data1\" content=\"Exaudi Redazione\" \/>\n\t<meta name=\"twitter:label2\" content=\"Tempo di lettura stimato\" \/>\n\t<meta name=\"twitter:data2\" content=\"5 minuti\" \/>\n<script type=\"application\/ld+json\" class=\"yoast-schema-graph\">{\"@context\":\"https:\\\/\\\/schema.org\",\"@graph\":[{\"@type\":\"Article\",\"@id\":\"https:\\\/\\\/exaudi.org\\\/it\\\/il-papa-a-fatima-per-implorare-pace-in-ucraina-e-nel-mondo\\\/#article\",\"isPartOf\":{\"@id\":\"https:\\\/\\\/exaudi.org\\\/it\\\/il-papa-a-fatima-per-implorare-pace-in-ucraina-e-nel-mondo\\\/\"},\"author\":{\"name\":\"Exaudi Redazione\",\"@id\":\"https:\\\/\\\/exaudi.org\\\/#\\\/schema\\\/person\\\/e1ab6ed07c01774724dd96f925f3a5f0\"},\"headline\":\"Il Papa a Fatima per implorare pace in Ucraina e nel mondo\",\"datePublished\":\"2023-07-07T13:40:38+00:00\",\"dateModified\":\"2023-07-07T13:41:08+00:00\",\"mainEntityOfPage\":{\"@id\":\"https:\\\/\\\/exaudi.org\\\/it\\\/il-papa-a-fatima-per-implorare-pace-in-ucraina-e-nel-mondo\\\/\"},\"wordCount\":962,\"image\":{\"@id\":\"https:\\\/\\\/exaudi.org\\\/it\\\/il-papa-a-fatima-per-implorare-pace-in-ucraina-e-nel-mondo\\\/#primaryimage\"},\"thumbnailUrl\":\"https:\\\/\\\/exaudi.org\\\/wp-content\\\/uploads\\\/2022\\\/03\\\/El-Papa-Francisco-frente-a-la-Virgen-de-Fatima-Vatican-Media.jpeg\",\"keywords\":[\"fatima\",\"Featured\",\"GMGLISBONA\",\"pace\",\"PAPA BENEDETTO XVI\",\"Papa Francesco\",\"PAPA GIOVANNI PAOLO II\",\"PAPA PAOLO VI\",\"PORTOGALLO\",\"Russia\",\"Ucraina\"],\"articleSection\":[\"Leone XIV\",\"Vaticano\"],\"inLanguage\":\"it-IT\"},{\"@type\":\"WebPage\",\"@id\":\"https:\\\/\\\/exaudi.org\\\/it\\\/il-papa-a-fatima-per-implorare-pace-in-ucraina-e-nel-mondo\\\/\",\"url\":\"https:\\\/\\\/exaudi.org\\\/it\\\/il-papa-a-fatima-per-implorare-pace-in-ucraina-e-nel-mondo\\\/\",\"name\":\"Il Papa a Fatima per implorare pace in Ucraina e nel mondo &#8211; Exaudi\",\"isPartOf\":{\"@id\":\"https:\\\/\\\/exaudi.org\\\/#website\"},\"primaryImageOfPage\":{\"@id\":\"https:\\\/\\\/exaudi.org\\\/it\\\/il-papa-a-fatima-per-implorare-pace-in-ucraina-e-nel-mondo\\\/#primaryimage\"},\"image\":{\"@id\":\"https:\\\/\\\/exaudi.org\\\/it\\\/il-papa-a-fatima-per-implorare-pace-in-ucraina-e-nel-mondo\\\/#primaryimage\"},\"thumbnailUrl\":\"https:\\\/\\\/exaudi.org\\\/wp-content\\\/uploads\\\/2022\\\/03\\\/El-Papa-Francisco-frente-a-la-Virgen-de-Fatima-Vatican-Media.jpeg\",\"datePublished\":\"2023-07-07T13:40:38+00:00\",\"dateModified\":\"2023-07-07T13:41:08+00:00\",\"author\":{\"@id\":\"https:\\\/\\\/exaudi.org\\\/#\\\/schema\\\/person\\\/e1ab6ed07c01774724dd96f925f3a5f0\"},\"breadcrumb\":{\"@id\":\"https:\\\/\\\/exaudi.org\\\/it\\\/il-papa-a-fatima-per-implorare-pace-in-ucraina-e-nel-mondo\\\/#breadcrumb\"},\"inLanguage\":\"it-IT\",\"potentialAction\":[{\"@type\":\"ReadAction\",\"target\":[\"https:\\\/\\\/exaudi.org\\\/it\\\/il-papa-a-fatima-per-implorare-pace-in-ucraina-e-nel-mondo\\\/\"]}]},{\"@type\":\"ImageObject\",\"inLanguage\":\"it-IT\",\"@id\":\"https:\\\/\\\/exaudi.org\\\/it\\\/il-papa-a-fatima-per-implorare-pace-in-ucraina-e-nel-mondo\\\/#primaryimage\",\"url\":\"https:\\\/\\\/exaudi.org\\\/wp-content\\\/uploads\\\/2022\\\/03\\\/El-Papa-Francisco-frente-a-la-Virgen-de-Fatima-Vatican-Media.jpeg\",\"contentUrl\":\"https:\\\/\\\/exaudi.org\\\/wp-content\\\/uploads\\\/2022\\\/03\\\/El-Papa-Francisco-frente-a-la-Virgen-de-Fatima-Vatican-Media.jpeg\",\"width\":642,\"height\":350,\"caption\":\"El Papa Francisco frente a la Virgen de F\u00e1tima \u00a9 Vatican Media\"},{\"@type\":\"BreadcrumbList\",\"@id\":\"https:\\\/\\\/exaudi.org\\\/it\\\/il-papa-a-fatima-per-implorare-pace-in-ucraina-e-nel-mondo\\\/#breadcrumb\",\"itemListElement\":[{\"@type\":\"ListItem\",\"position\":1,\"name\":\"Portada\",\"item\":\"https:\\\/\\\/exaudi.org\\\/it\\\/\"},{\"@type\":\"ListItem\",\"position\":2,\"name\":\"Il Papa a Fatima per implorare pace in Ucraina e nel mondo\"}]},{\"@type\":\"WebSite\",\"@id\":\"https:\\\/\\\/exaudi.org\\\/#website\",\"url\":\"https:\\\/\\\/exaudi.org\\\/\",\"name\":\"Exaudi\",\"description\":\"News\",\"potentialAction\":[{\"@type\":\"SearchAction\",\"target\":{\"@type\":\"EntryPoint\",\"urlTemplate\":\"https:\\\/\\\/exaudi.org\\\/?s={search_term_string}\"},\"query-input\":{\"@type\":\"PropertyValueSpecification\",\"valueRequired\":true,\"valueName\":\"search_term_string\"}}],\"inLanguage\":\"it-IT\"},{\"@type\":\"Person\",\"@id\":\"https:\\\/\\\/exaudi.org\\\/#\\\/schema\\\/person\\\/e1ab6ed07c01774724dd96f925f3a5f0\",\"name\":\"Exaudi Redazione\",\"image\":{\"@type\":\"ImageObject\",\"inLanguage\":\"it-IT\",\"@id\":\"https:\\\/\\\/secure.gravatar.com\\\/avatar\\\/ad6774b3ada023bf5b939d64f45c94b3adf91502dd883507d469b4308a943bb3?s=96&d=mm&r=g\",\"url\":\"https:\\\/\\\/secure.gravatar.com\\\/avatar\\\/ad6774b3ada023bf5b939d64f45c94b3adf91502dd883507d469b4308a943bb3?s=96&d=mm&r=g\",\"contentUrl\":\"https:\\\/\\\/secure.gravatar.com\\\/avatar\\\/ad6774b3ada023bf5b939d64f45c94b3adf91502dd883507d469b4308a943bb3?s=96&d=mm&r=g\",\"caption\":\"Exaudi Redazione\"},\"description\":\"Che cosa \u00e8 Exaudi News? Exaudi News \u00e8 un agenzia cattolica internazionale che informa, istruisce e trasforma quotidianamente in spagnolo, inglese e italiano. Attraverso notizie, articoli di analisi e trasmissioni in diretta degli eventi del Papa, Exaudi cerca di rafforzare l'unit\u00e0 dei cristiani e di contribuire all'evangelizzazione del mondo, sempre guidato dalla dottrina sociale della Chiesa. Lavoriamo per portare la verit\u00e0 e i valori cristiani in ogni angolo del pianeta. Aiutaci a trasformare il mondo con Exaudi! Noi di Exaudi crediamo che l'evangelizzazione e l'informazione di qualit\u00e0 possano cambiare la vita. Per continuare la nostra missione ed espandere la nostra portata, abbiamo bisogno del tuo aiuto. Stiamo anche cercando persone motivate che vogliano unirsi al nostro team. Grazie al vostro sostegno raggiungeremo pi\u00f9 persone, diffonderemo il messaggio di Cristo e rafforzeremo l'unit\u00e0 dei cristiani. Vuoi unirti alla nostra missione? Per maggiori informazioni su come contribuire, visita Exaudi.org\\\/it o contattaci direttamente: info@exaudi.org Exaudi: informa, forma e trasforma.\",\"sameAs\":[\"https:\\\/\\\/www.facebook.com\\\/ExaudiNotizie\\\/\",\"https:\\\/\\\/www.instagram.com\\\/Exaudi_notizie\\\/\",\"https:\\\/\\\/x.com\\\/Exaudi_Notizie\",\"https:\\\/\\\/www.youtube.com\\\/@exaudicatholicnews\"],\"url\":\"https:\\\/\\\/exaudi.org\\\/it\\\/author\\\/dlvedi-org\\\/\"}]}<\/script>\n<!-- \/ Yoast SEO plugin. -->","yoast_head_json":{"title":"Il Papa a Fatima per implorare pace in Ucraina e nel mondo &#8211; Exaudi","robots":{"index":"index","follow":"follow","max-snippet":"max-snippet:-1","max-image-preview":"max-image-preview:large","max-video-preview":"max-video-preview:-1"},"canonical":"https:\/\/exaudi.org\/it\/il-papa-a-fatima-per-implorare-pace-in-ucraina-e-nel-mondo\/","og_locale":"it_IT","og_type":"article","og_title":"Il Papa a Fatima per implorare pace in Ucraina e nel mondo &#8211; Exaudi","og_description":"La tappa nel santuario \u00e8 stata aggiunta al viaggio per la GMG perch\u00e9 Francesco vuole pregare in modo speciale Maria per la fine della guerra nel cuore dell\u2019Europa cristiana e di tutte le guerre","og_url":"https:\/\/exaudi.org\/it\/il-papa-a-fatima-per-implorare-pace-in-ucraina-e-nel-mondo\/","og_site_name":"Exaudi","article_publisher":"https:\/\/www.facebook.com\/ExaudiNews","article_author":"https:\/\/www.facebook.com\/ExaudiNotizie\/","article_published_time":"2023-07-07T13:40:38+00:00","article_modified_time":"2023-07-07T13:41:08+00:00","og_image":[{"width":642,"height":350,"url":"https:\/\/exaudi.org\/wp-content\/uploads\/2022\/03\/El-Papa-Francisco-frente-a-la-Virgen-de-Fatima-Vatican-Media.jpeg","type":"image\/jpeg"}],"author":"Exaudi Redazione","twitter_card":"summary_large_image","twitter_creator":"@Exaudi_Notizie","twitter_site":"@Exaudi_News","twitter_misc":{"Scritto da":"Exaudi Redazione","Tempo di lettura stimato":"5 minuti"},"schema":{"@context":"https:\/\/schema.org","@graph":[{"@type":"Article","@id":"https:\/\/exaudi.org\/it\/il-papa-a-fatima-per-implorare-pace-in-ucraina-e-nel-mondo\/#article","isPartOf":{"@id":"https:\/\/exaudi.org\/it\/il-papa-a-fatima-per-implorare-pace-in-ucraina-e-nel-mondo\/"},"author":{"name":"Exaudi Redazione","@id":"https:\/\/exaudi.org\/#\/schema\/person\/e1ab6ed07c01774724dd96f925f3a5f0"},"headline":"Il Papa a Fatima per implorare pace in Ucraina e nel mondo","datePublished":"2023-07-07T13:40:38+00:00","dateModified":"2023-07-07T13:41:08+00:00","mainEntityOfPage":{"@id":"https:\/\/exaudi.org\/it\/il-papa-a-fatima-per-implorare-pace-in-ucraina-e-nel-mondo\/"},"wordCount":962,"image":{"@id":"https:\/\/exaudi.org\/it\/il-papa-a-fatima-per-implorare-pace-in-ucraina-e-nel-mondo\/#primaryimage"},"thumbnailUrl":"https:\/\/exaudi.org\/wp-content\/uploads\/2022\/03\/El-Papa-Francisco-frente-a-la-Virgen-de-Fatima-Vatican-Media.jpeg","keywords":["fatima","Featured","GMGLISBONA","pace","PAPA BENEDETTO XVI","Papa Francesco","PAPA GIOVANNI PAOLO II","PAPA PAOLO VI","PORTOGALLO","Russia","Ucraina"],"articleSection":["Leone XIV","Vaticano"],"inLanguage":"it-IT"},{"@type":"WebPage","@id":"https:\/\/exaudi.org\/it\/il-papa-a-fatima-per-implorare-pace-in-ucraina-e-nel-mondo\/","url":"https:\/\/exaudi.org\/it\/il-papa-a-fatima-per-implorare-pace-in-ucraina-e-nel-mondo\/","name":"Il Papa a Fatima per implorare pace in Ucraina e nel mondo &#8211; Exaudi","isPartOf":{"@id":"https:\/\/exaudi.org\/#website"},"primaryImageOfPage":{"@id":"https:\/\/exaudi.org\/it\/il-papa-a-fatima-per-implorare-pace-in-ucraina-e-nel-mondo\/#primaryimage"},"image":{"@id":"https:\/\/exaudi.org\/it\/il-papa-a-fatima-per-implorare-pace-in-ucraina-e-nel-mondo\/#primaryimage"},"thumbnailUrl":"https:\/\/exaudi.org\/wp-content\/uploads\/2022\/03\/El-Papa-Francisco-frente-a-la-Virgen-de-Fatima-Vatican-Media.jpeg","datePublished":"2023-07-07T13:40:38+00:00","dateModified":"2023-07-07T13:41:08+00:00","author":{"@id":"https:\/\/exaudi.org\/#\/schema\/person\/e1ab6ed07c01774724dd96f925f3a5f0"},"breadcrumb":{"@id":"https:\/\/exaudi.org\/it\/il-papa-a-fatima-per-implorare-pace-in-ucraina-e-nel-mondo\/#breadcrumb"},"inLanguage":"it-IT","potentialAction":[{"@type":"ReadAction","target":["https:\/\/exaudi.org\/it\/il-papa-a-fatima-per-implorare-pace-in-ucraina-e-nel-mondo\/"]}]},{"@type":"ImageObject","inLanguage":"it-IT","@id":"https:\/\/exaudi.org\/it\/il-papa-a-fatima-per-implorare-pace-in-ucraina-e-nel-mondo\/#primaryimage","url":"https:\/\/exaudi.org\/wp-content\/uploads\/2022\/03\/El-Papa-Francisco-frente-a-la-Virgen-de-Fatima-Vatican-Media.jpeg","contentUrl":"https:\/\/exaudi.org\/wp-content\/uploads\/2022\/03\/El-Papa-Francisco-frente-a-la-Virgen-de-Fatima-Vatican-Media.jpeg","width":642,"height":350,"caption":"El Papa Francisco frente a la Virgen de F\u00e1tima \u00a9 Vatican Media"},{"@type":"BreadcrumbList","@id":"https:\/\/exaudi.org\/it\/il-papa-a-fatima-per-implorare-pace-in-ucraina-e-nel-mondo\/#breadcrumb","itemListElement":[{"@type":"ListItem","position":1,"name":"Portada","item":"https:\/\/exaudi.org\/it\/"},{"@type":"ListItem","position":2,"name":"Il Papa a Fatima per implorare pace in Ucraina e nel mondo"}]},{"@type":"WebSite","@id":"https:\/\/exaudi.org\/#website","url":"https:\/\/exaudi.org\/","name":"Exaudi","description":"News","potentialAction":[{"@type":"SearchAction","target":{"@type":"EntryPoint","urlTemplate":"https:\/\/exaudi.org\/?s={search_term_string}"},"query-input":{"@type":"PropertyValueSpecification","valueRequired":true,"valueName":"search_term_string"}}],"inLanguage":"it-IT"},{"@type":"Person","@id":"https:\/\/exaudi.org\/#\/schema\/person\/e1ab6ed07c01774724dd96f925f3a5f0","name":"Exaudi Redazione","image":{"@type":"ImageObject","inLanguage":"it-IT","@id":"https:\/\/secure.gravatar.com\/avatar\/ad6774b3ada023bf5b939d64f45c94b3adf91502dd883507d469b4308a943bb3?s=96&d=mm&r=g","url":"https:\/\/secure.gravatar.com\/avatar\/ad6774b3ada023bf5b939d64f45c94b3adf91502dd883507d469b4308a943bb3?s=96&d=mm&r=g","contentUrl":"https:\/\/secure.gravatar.com\/avatar\/ad6774b3ada023bf5b939d64f45c94b3adf91502dd883507d469b4308a943bb3?s=96&d=mm&r=g","caption":"Exaudi Redazione"},"description":"Che cosa \u00e8 Exaudi News? Exaudi News \u00e8 un agenzia cattolica internazionale che informa, istruisce e trasforma quotidianamente in spagnolo, inglese e italiano. Attraverso notizie, articoli di analisi e trasmissioni in diretta degli eventi del Papa, Exaudi cerca di rafforzare l'unit\u00e0 dei cristiani e di contribuire all'evangelizzazione del mondo, sempre guidato dalla dottrina sociale della Chiesa. Lavoriamo per portare la verit\u00e0 e i valori cristiani in ogni angolo del pianeta. Aiutaci a trasformare il mondo con Exaudi! Noi di Exaudi crediamo che l'evangelizzazione e l'informazione di qualit\u00e0 possano cambiare la vita. Per continuare la nostra missione ed espandere la nostra portata, abbiamo bisogno del tuo aiuto. Stiamo anche cercando persone motivate che vogliano unirsi al nostro team. Grazie al vostro sostegno raggiungeremo pi\u00f9 persone, diffonderemo il messaggio di Cristo e rafforzeremo l'unit\u00e0 dei cristiani. Vuoi unirti alla nostra missione? Per maggiori informazioni su come contribuire, visita Exaudi.org\/it o contattaci direttamente: info@exaudi.org Exaudi: informa, forma e trasforma.","sameAs":["https:\/\/www.facebook.com\/ExaudiNotizie\/","https:\/\/www.instagram.com\/Exaudi_notizie\/","https:\/\/x.com\/Exaudi_Notizie","https:\/\/www.youtube.com\/@exaudicatholicnews"],"url":"https:\/\/exaudi.org\/it\/author\/dlvedi-org\/"}]}},"jetpack_featured_media_url":"https:\/\/exaudi.org\/wp-content\/uploads\/2022\/03\/El-Papa-Francisco-frente-a-la-Virgen-de-Fatima-Vatican-Media.jpeg","jetpack_shortlink":"https:\/\/wp.me\/pgKjF2-kN6","_links":{"self":[{"href":"https:\/\/exaudi.org\/it\/wp-json\/wp\/v2\/posts\/79924","targetHints":{"allow":["GET"]}}],"collection":[{"href":"https:\/\/exaudi.org\/it\/wp-json\/wp\/v2\/posts"}],"about":[{"href":"https:\/\/exaudi.org\/it\/wp-json\/wp\/v2\/types\/post"}],"author":[{"embeddable":true,"href":"https:\/\/exaudi.org\/it\/wp-json\/wp\/v2\/users\/17"}],"replies":[{"embeddable":true,"href":"https:\/\/exaudi.org\/it\/wp-json\/wp\/v2\/comments?post=79924"}],"version-history":[{"count":0,"href":"https:\/\/exaudi.org\/it\/wp-json\/wp\/v2\/posts\/79924\/revisions"}],"wp:featuredmedia":[{"embeddable":true,"href":"https:\/\/exaudi.org\/it\/wp-json\/wp\/v2\/media\/54693"}],"wp:attachment":[{"href":"https:\/\/exaudi.org\/it\/wp-json\/wp\/v2\/media?parent=79924"}],"wp:term":[{"taxonomy":"category","embeddable":true,"href":"https:\/\/exaudi.org\/it\/wp-json\/wp\/v2\/categories?post=79924"},{"taxonomy":"post_tag","embeddable":true,"href":"https:\/\/exaudi.org\/it\/wp-json\/wp\/v2\/tags?post=79924"}],"curies":[{"name":"wp","href":"https:\/\/api.w.org\/{rel}","templated":true}]}}