{"id":79543,"date":"2023-06-30T16:32:49","date_gmt":"2023-06-30T14:32:49","guid":{"rendered":"https:\/\/exaudi.org\/?p=79543"},"modified":"2023-06-30T16:32:49","modified_gmt":"2023-06-30T14:32:49","slug":"la-comunione-tra-i-credenti-non-e-una-questione-di-cedimento-e-compromesso-ma-di-carita-fraterna","status":"publish","type":"post","link":"https:\/\/exaudi.org\/it\/la-comunione-tra-i-credenti-non-e-una-questione-di-cedimento-e-compromesso-ma-di-carita-fraterna\/","title":{"rendered":"&#8220;La comunione tra i credenti non \u00e8 una questione di cedimento e compromesso, ma di carit\u00e0 fraterna&#8221;"},"content":{"rendered":"<p>Questa mattina, il Santo Padre Francesco ha ricevuto in Udienza i Membri della Delegazione del Patriarcato Ecumenico, giunta come di tradizione a Roma in occasione della Solennit\u00e0 dei Santi Apostoli Pietro e Paolo.<\/p>\n<p>Pubblichiamo di seguito il discorso che il Papa ha consegnato ai presenti nel corso dell\u2019Udienza:<\/p>\n<p><a name=\"ita\"><\/a><b><u>Discorso del Santo Padre<\/u><\/b><\/p>\n<p>Eminenza, cari fratelli!<\/p>\n<p>Saluto con affetto ciascuno di voi, membri della Delegazione del Patriarcato ecumenico di Costantinopoli, che avete partecipato alla festa dei Santi Apostoli Pietro e Paolo. Sono grato della vostra presenza e ringrazio di cuore Sua Santit\u00e0 Bartolomeo e il Santo Sinodo, che vi hanno inviato tra noi. Attraverso di voi rivolgo un cordiale saluto al mio amato Fratello Bartolomeo e a tutti i Vescovi del Patriarcato ecumenico.<\/p>\n<p>Desidero anzitutto esprimere la mia gioia per il buon esito della quindicesima sessione plenaria della Commissione mista internazionale per il dialogo teologico tra la Chiesa cattolica e la Chiesa ortodossa, che ha avuto recentemente luogo ad Alessandria d\u2019Egitto su generoso invito del caro Fratello, Sua Beatitudine Theodoros II, Papa e Patriarca greco ortodosso di Alessandria e di tutta l\u2019Africa. \u00c8 stato importante aver condotto una lettura comune del modo in cui si \u00e8 sviluppato in Oriente e in Occidente il rapporto tra sinodalit\u00e0 e primato nel secondo millennio: ci\u00f2 pu\u00f2 contribuire al superamento di argomenti polemici utilizzati da entrambe le parti, argomenti che possono sembrare utili a rinsaldare le rispettive identit\u00e0, ma che in realt\u00e0 finiscono con il concentrare l\u2019attenzione solo su s\u00e9 stessi e sul passato. Oggi, tenendo a mente gli insegnamenti della storia, siamo chiamati a cercare insieme una modalit\u00e0 di esercizio del primato che, nel contesto della sinodalit\u00e0, sia al servizio della comunione della Chiesa a livello universale. A questo proposito una precisazione \u00e8 opportuna: non \u00e8 possibile pensare che le medesime prerogative che il Vescovo di Roma ha nei riguardi della sua Diocesi e della compagine cattolica siano estese alle comunit\u00e0 ortodosse; quando, con l\u2019aiuto di Dio, saremo pienamente uniti nella fede e nell\u2019amore, la forma con la quale il Vescovo di Roma eserciter\u00e0 il suo servizio di comunione nella Chiesa a livello universale dovr\u00e0 risultare da un\u2019inscindibile relazione tra primato e sinodalit\u00e0.<\/p>\n<p>Non dimentichiamo poi mai che l\u2019unit\u00e0 piena sar\u00e0 dono dello Spirito Santo e che nello Spirito va cercata, perch\u00e9 la comunione tra i credenti non \u00e8 questione di cedimenti e compromessi, ma di carit\u00e0 fraterna, di fratelli che si riconoscono figli amati del Padre e, colmi dello Spirito di Cristo, sanno inserire le loro diversit\u00e0 in un contesto pi\u00f9 ampio. Questa \u00e8 la prospettiva dello Spirito Santo, che armonizza le differenze senza omologare le realt\u00e0. Noi siamo chiamati ad avere il suo sguardo e dunque a chiederlo insistentemente in dono. Preghiamo lo Spirito senza stancarci, invochiamolo gli uni per gli altri! E condividiamo fraternamente quanto portiamo nel cuore: dolori e gioie, fatiche e speranze.<\/p>\n<p>Il clima di questo incontro ci porta cos\u00ec anche a condividere delle preoccupazioni; una su tutte, quella per la pace, specialmente nella martoriata Ucraina. \u00c8 una guerra che, toccandoci pi\u00f9 da vicino, ci mostra come in realt\u00e0 tutte le guerre sono solo dei disastri, dei disastri totali: per i popoli e per le famiglie, per i bambini e per gli anziani, per le persone costrette a lasciare il loro Paese, per le citt\u00e0 e i villaggi, e per il creato, come abbiamo visto recentemente a seguito della distruzione della diga di Nova Kakhovka. Come discepoli di Cristo, non possiamo rassegnarci alla guerra, ma abbiamo il dovere di lavorare insieme per la pace. La tragica realt\u00e0 di questa guerra che sembra non avere fine esige da tutti un comune sforzo creativo per immaginare e realizzare percorsi di pace, verso una pace giusta e stabile. Certamente, la pace non \u00e8 una realt\u00e0 che possiamo raggiungere da soli, ma \u00e8 in primo luogo un dono del Signore. Tuttavia, si tratta di un dono che richiede un atteggiamento corrispondente da parte dell\u2019essere umano, e soprattutto del credente, il quale deve partecipare all\u2019opera pacificatrice di Dio.<\/p>\n<p>In questo senso il Vangelo ci mostra che la pace non viene dalla mera assenza di guerra, ma nasce dal cuore dell\u2019uomo. A ostacolarla, infatti, \u00e8 in ultima analisi la radice cattiva che ci portiamo dentro: il possesso, la volont\u00e0 di perseguire egoisticamente i propri interessi a livello personale, comunitario, nazionale e persino religioso. Perci\u00f2 Ges\u00f9 ci ha proposto come rimedio quello di convertire il cuore, di rinnovarlo con l\u2019amore del Padre, il quale \u00abfa sorgere il suo sole sui cattivi e sui buoni, e fa piovere sui giusti e sugli ingiusti\u00bb (<i>Mt<\/i>\u00a05,45). \u00c8 un amore gratuito e universale, non confinato al proprio gruppo: se la nostra vita non annuncia la novit\u00e0 di questo amore, come possiamo testimoniare Ges\u00f9 al mondo? Alle chiusure e agli egoismi va opposto lo stile di Dio che, come ci ha insegnato Cristo con l\u2019esempio, \u00e8 servizio e rinuncia di s\u00e9. Possiamo esser certi che, incarnandolo, i cristiani cresceranno nella comunione reciproca e aiuteranno il mondo, segnato da divisioni e discordie.<\/p>\n<p>Cari membri della Delegazione, assicuro il ricordo nella preghiera per voi e per la Chiesa che oggi qui rappresentate. Domando al Signore che, per l\u2019intercessione dei Santi Pietro e Paolo e di Sant\u2019Andrea, fratello di Pietro, questo nostro incontro possa essere un ulteriore passo nel cammino verso l\u2019unit\u00e0 visibile nella fede e nell\u2019amore. Fraternamente vi chiedo di pregare per me e per il mio ministero. Grazie.<\/p>\n","protected":false},"excerpt":{"rendered":"<p>Udienza i Membri della Delegazione del Patriarcato Ecumenico<\/p>\n","protected":false},"author":17,"featured_media":79544,"comment_status":"closed","ping_status":"closed","sticky":false,"template":"","format":"standard","meta":{"_acf_changed":false,"_crdt_document":"","inline_featured_image":false,"footnotes":""},"categories":[123,67],"tags":[251,9577,4952,1843],"class_list":["post-79543","post","type-post","status-publish","format-standard","has-post-thumbnail","hentry","category-discorsi","category-leone-xiv","tag-papa-francesco","tag-patriarcato-ecumenico-di-costantinopoli","tag-trending-it","tag-udienza"],"acf":[],"yoast_head":"<!-- This site is optimized with the Yoast SEO plugin v27.4 - https:\/\/yoast.com\/product\/yoast-seo-wordpress\/ -->\n<title>&quot;La comunione tra i credenti non \u00e8 una questione di cedimento e compromesso, ma di carit\u00e0 fraterna&quot; &#8211; Exaudi<\/title>\n<meta name=\"robots\" content=\"index, follow, max-snippet:-1, max-image-preview:large, max-video-preview:-1\" \/>\n<link rel=\"canonical\" href=\"https:\/\/exaudi.org\/it\/communion-among-believers-is-not-a-matter-of-yielding-and-compromise-but-of-fraternal-charity\/\" \/>\n<meta property=\"og:locale\" content=\"it_IT\" \/>\n<meta property=\"og:type\" content=\"article\" \/>\n<meta property=\"og:title\" content=\"&quot;La comunione tra i credenti non \u00e8 una questione di cedimento e compromesso, ma di carit\u00e0 fraterna&quot; &#8211; Exaudi\" \/>\n<meta property=\"og:description\" content=\"Udienza i Membri della Delegazione del Patriarcato Ecumenico\" \/>\n<meta property=\"og:url\" content=\"https:\/\/exaudi.org\/communion-among-believers-is-not-a-matter-of-yielding-and-compromise-but-of-fraternal-charity\/\" \/>\n<meta property=\"og:site_name\" content=\"Exaudi\" \/>\n<meta property=\"article:publisher\" content=\"https:\/\/www.facebook.com\/ExaudiNews\" \/>\n<meta property=\"article:author\" content=\"https:\/\/www.facebook.com\/ExaudiNotizie\/\" \/>\n<meta property=\"article:published_time\" content=\"2023-06-30T14:32:49+00:00\" \/>\n<meta property=\"og:image\" content=\"https:\/\/exaudi.org\/wp-content\/uploads\/2023\/06\/cq5dam.thumbnail.cropped.750.422-18.jpeg\" \/>\n\t<meta property=\"og:image:width\" content=\"800\" \/>\n\t<meta property=\"og:image:height\" content=\"533\" \/>\n\t<meta property=\"og:image:type\" content=\"image\/jpeg\" \/>\n<meta name=\"author\" content=\"Exaudi Redazione\" \/>\n<meta name=\"twitter:card\" content=\"summary_large_image\" \/>\n<meta name=\"twitter:creator\" content=\"@Exaudi_Notizie\" \/>\n<meta name=\"twitter:site\" content=\"@Exaudi_News\" \/>\n<meta name=\"twitter:label1\" content=\"Scritto da\" \/>\n\t<meta name=\"twitter:data1\" content=\"Exaudi Redazione\" \/>\n\t<meta name=\"twitter:label2\" content=\"Tempo di lettura stimato\" \/>\n\t<meta name=\"twitter:data2\" content=\"5 minuti\" \/>\n<script type=\"application\/ld+json\" class=\"yoast-schema-graph\">{\"@context\":\"https:\\\/\\\/schema.org\",\"@graph\":[{\"@type\":\"Article\",\"@id\":\"https:\\\/\\\/exaudi.org\\\/communion-among-believers-is-not-a-matter-of-yielding-and-compromise-but-of-fraternal-charity\\\/#article\",\"isPartOf\":{\"@id\":\"https:\\\/\\\/exaudi.org\\\/communion-among-believers-is-not-a-matter-of-yielding-and-compromise-but-of-fraternal-charity\\\/\"},\"author\":{\"name\":\"Exaudi Redazione\",\"@id\":\"https:\\\/\\\/exaudi.org\\\/#\\\/schema\\\/person\\\/e1ab6ed07c01774724dd96f925f3a5f0\"},\"headline\":\"&#8220;La comunione tra i credenti non \u00e8 una questione di cedimento e compromesso, ma di carit\u00e0 fraterna&#8221;\",\"datePublished\":\"2023-06-30T14:32:49+00:00\",\"mainEntityOfPage\":{\"@id\":\"https:\\\/\\\/exaudi.org\\\/communion-among-believers-is-not-a-matter-of-yielding-and-compromise-but-of-fraternal-charity\\\/\"},\"wordCount\":917,\"image\":{\"@id\":\"https:\\\/\\\/exaudi.org\\\/communion-among-believers-is-not-a-matter-of-yielding-and-compromise-but-of-fraternal-charity\\\/#primaryimage\"},\"thumbnailUrl\":\"https:\\\/\\\/exaudi.org\\\/wp-content\\\/uploads\\\/2023\\\/06\\\/cq5dam.thumbnail.cropped.750.422-18.jpeg\",\"keywords\":[\"Papa Francesco\",\"Patriarcato ecumenico di Costantinopoli\",\"Trending\",\"udienza\"],\"articleSection\":[\"Discorsi\",\"Leone XIV\"],\"inLanguage\":\"it-IT\"},{\"@type\":\"WebPage\",\"@id\":\"https:\\\/\\\/exaudi.org\\\/communion-among-believers-is-not-a-matter-of-yielding-and-compromise-but-of-fraternal-charity\\\/\",\"url\":\"https:\\\/\\\/exaudi.org\\\/communion-among-believers-is-not-a-matter-of-yielding-and-compromise-but-of-fraternal-charity\\\/\",\"name\":\"\\\"La comunione tra i credenti non \u00e8 una questione di cedimento e compromesso, ma di carit\u00e0 fraterna\\\" &#8211; Exaudi\",\"isPartOf\":{\"@id\":\"https:\\\/\\\/exaudi.org\\\/#website\"},\"primaryImageOfPage\":{\"@id\":\"https:\\\/\\\/exaudi.org\\\/communion-among-believers-is-not-a-matter-of-yielding-and-compromise-but-of-fraternal-charity\\\/#primaryimage\"},\"image\":{\"@id\":\"https:\\\/\\\/exaudi.org\\\/communion-among-believers-is-not-a-matter-of-yielding-and-compromise-but-of-fraternal-charity\\\/#primaryimage\"},\"thumbnailUrl\":\"https:\\\/\\\/exaudi.org\\\/wp-content\\\/uploads\\\/2023\\\/06\\\/cq5dam.thumbnail.cropped.750.422-18.jpeg\",\"datePublished\":\"2023-06-30T14:32:49+00:00\",\"author\":{\"@id\":\"https:\\\/\\\/exaudi.org\\\/#\\\/schema\\\/person\\\/e1ab6ed07c01774724dd96f925f3a5f0\"},\"breadcrumb\":{\"@id\":\"https:\\\/\\\/exaudi.org\\\/communion-among-believers-is-not-a-matter-of-yielding-and-compromise-but-of-fraternal-charity\\\/#breadcrumb\"},\"inLanguage\":\"it-IT\",\"potentialAction\":[{\"@type\":\"ReadAction\",\"target\":[\"https:\\\/\\\/exaudi.org\\\/communion-among-believers-is-not-a-matter-of-yielding-and-compromise-but-of-fraternal-charity\\\/\"]}]},{\"@type\":\"ImageObject\",\"inLanguage\":\"it-IT\",\"@id\":\"https:\\\/\\\/exaudi.org\\\/communion-among-believers-is-not-a-matter-of-yielding-and-compromise-but-of-fraternal-charity\\\/#primaryimage\",\"url\":\"https:\\\/\\\/exaudi.org\\\/wp-content\\\/uploads\\\/2023\\\/06\\\/cq5dam.thumbnail.cropped.750.422-18.jpeg\",\"contentUrl\":\"https:\\\/\\\/exaudi.org\\\/wp-content\\\/uploads\\\/2023\\\/06\\\/cq5dam.thumbnail.cropped.750.422-18.jpeg\",\"width\":800,\"height\":533,\"caption\":\"Vatican Media\"},{\"@type\":\"BreadcrumbList\",\"@id\":\"https:\\\/\\\/exaudi.org\\\/communion-among-believers-is-not-a-matter-of-yielding-and-compromise-but-of-fraternal-charity\\\/#breadcrumb\",\"itemListElement\":[{\"@type\":\"ListItem\",\"position\":1,\"name\":\"Portada\",\"item\":\"https:\\\/\\\/exaudi.org\\\/it\\\/\"},{\"@type\":\"ListItem\",\"position\":2,\"name\":\"&#8220;La comunione tra i credenti non \u00e8 una questione di cedimento e compromesso, ma di carit\u00e0 fraterna&#8221;\"}]},{\"@type\":\"WebSite\",\"@id\":\"https:\\\/\\\/exaudi.org\\\/#website\",\"url\":\"https:\\\/\\\/exaudi.org\\\/\",\"name\":\"Exaudi\",\"description\":\"News\",\"potentialAction\":[{\"@type\":\"SearchAction\",\"target\":{\"@type\":\"EntryPoint\",\"urlTemplate\":\"https:\\\/\\\/exaudi.org\\\/?s={search_term_string}\"},\"query-input\":{\"@type\":\"PropertyValueSpecification\",\"valueRequired\":true,\"valueName\":\"search_term_string\"}}],\"inLanguage\":\"it-IT\"},{\"@type\":\"Person\",\"@id\":\"https:\\\/\\\/exaudi.org\\\/#\\\/schema\\\/person\\\/e1ab6ed07c01774724dd96f925f3a5f0\",\"name\":\"Exaudi Redazione\",\"image\":{\"@type\":\"ImageObject\",\"inLanguage\":\"it-IT\",\"@id\":\"https:\\\/\\\/secure.gravatar.com\\\/avatar\\\/ad6774b3ada023bf5b939d64f45c94b3adf91502dd883507d469b4308a943bb3?s=96&d=mm&r=g\",\"url\":\"https:\\\/\\\/secure.gravatar.com\\\/avatar\\\/ad6774b3ada023bf5b939d64f45c94b3adf91502dd883507d469b4308a943bb3?s=96&d=mm&r=g\",\"contentUrl\":\"https:\\\/\\\/secure.gravatar.com\\\/avatar\\\/ad6774b3ada023bf5b939d64f45c94b3adf91502dd883507d469b4308a943bb3?s=96&d=mm&r=g\",\"caption\":\"Exaudi Redazione\"},\"description\":\"Che cosa \u00e8 Exaudi News? Exaudi News \u00e8 un agenzia cattolica internazionale che informa, istruisce e trasforma quotidianamente in spagnolo, inglese e italiano. Attraverso notizie, articoli di analisi e trasmissioni in diretta degli eventi del Papa, Exaudi cerca di rafforzare l'unit\u00e0 dei cristiani e di contribuire all'evangelizzazione del mondo, sempre guidato dalla dottrina sociale della Chiesa. Lavoriamo per portare la verit\u00e0 e i valori cristiani in ogni angolo del pianeta. Aiutaci a trasformare il mondo con Exaudi! Noi di Exaudi crediamo che l'evangelizzazione e l'informazione di qualit\u00e0 possano cambiare la vita. Per continuare la nostra missione ed espandere la nostra portata, abbiamo bisogno del tuo aiuto. Stiamo anche cercando persone motivate che vogliano unirsi al nostro team. Grazie al vostro sostegno raggiungeremo pi\u00f9 persone, diffonderemo il messaggio di Cristo e rafforzeremo l'unit\u00e0 dei cristiani. Vuoi unirti alla nostra missione? Per maggiori informazioni su come contribuire, visita Exaudi.org\\\/it o contattaci direttamente: info@exaudi.org Exaudi: informa, forma e trasforma.\",\"sameAs\":[\"https:\\\/\\\/www.facebook.com\\\/ExaudiNotizie\\\/\",\"https:\\\/\\\/www.instagram.com\\\/Exaudi_notizie\\\/\",\"https:\\\/\\\/x.com\\\/Exaudi_Notizie\",\"https:\\\/\\\/www.youtube.com\\\/@exaudicatholicnews\"],\"url\":\"https:\\\/\\\/exaudi.org\\\/it\\\/author\\\/dlvedi-org\\\/\"}]}<\/script>\n<!-- \/ Yoast SEO plugin. -->","yoast_head_json":{"title":"\"La comunione tra i credenti non \u00e8 una questione di cedimento e compromesso, ma di carit\u00e0 fraterna\" &#8211; Exaudi","robots":{"index":"index","follow":"follow","max-snippet":"max-snippet:-1","max-image-preview":"max-image-preview:large","max-video-preview":"max-video-preview:-1"},"canonical":"https:\/\/exaudi.org\/it\/communion-among-believers-is-not-a-matter-of-yielding-and-compromise-but-of-fraternal-charity\/","og_locale":"it_IT","og_type":"article","og_title":"\"La comunione tra i credenti non \u00e8 una questione di cedimento e compromesso, ma di carit\u00e0 fraterna\" &#8211; Exaudi","og_description":"Udienza i Membri della Delegazione del Patriarcato Ecumenico","og_url":"https:\/\/exaudi.org\/communion-among-believers-is-not-a-matter-of-yielding-and-compromise-but-of-fraternal-charity\/","og_site_name":"Exaudi","article_publisher":"https:\/\/www.facebook.com\/ExaudiNews","article_author":"https:\/\/www.facebook.com\/ExaudiNotizie\/","article_published_time":"2023-06-30T14:32:49+00:00","og_image":[{"width":800,"height":533,"url":"https:\/\/exaudi.org\/wp-content\/uploads\/2023\/06\/cq5dam.thumbnail.cropped.750.422-18.jpeg","type":"image\/jpeg"}],"author":"Exaudi Redazione","twitter_card":"summary_large_image","twitter_creator":"@Exaudi_Notizie","twitter_site":"@Exaudi_News","twitter_misc":{"Scritto da":"Exaudi Redazione","Tempo di lettura stimato":"5 minuti"},"schema":{"@context":"https:\/\/schema.org","@graph":[{"@type":"Article","@id":"https:\/\/exaudi.org\/communion-among-believers-is-not-a-matter-of-yielding-and-compromise-but-of-fraternal-charity\/#article","isPartOf":{"@id":"https:\/\/exaudi.org\/communion-among-believers-is-not-a-matter-of-yielding-and-compromise-but-of-fraternal-charity\/"},"author":{"name":"Exaudi Redazione","@id":"https:\/\/exaudi.org\/#\/schema\/person\/e1ab6ed07c01774724dd96f925f3a5f0"},"headline":"&#8220;La comunione tra i credenti non \u00e8 una questione di cedimento e compromesso, ma di carit\u00e0 fraterna&#8221;","datePublished":"2023-06-30T14:32:49+00:00","mainEntityOfPage":{"@id":"https:\/\/exaudi.org\/communion-among-believers-is-not-a-matter-of-yielding-and-compromise-but-of-fraternal-charity\/"},"wordCount":917,"image":{"@id":"https:\/\/exaudi.org\/communion-among-believers-is-not-a-matter-of-yielding-and-compromise-but-of-fraternal-charity\/#primaryimage"},"thumbnailUrl":"https:\/\/exaudi.org\/wp-content\/uploads\/2023\/06\/cq5dam.thumbnail.cropped.750.422-18.jpeg","keywords":["Papa Francesco","Patriarcato ecumenico di Costantinopoli","Trending","udienza"],"articleSection":["Discorsi","Leone XIV"],"inLanguage":"it-IT"},{"@type":"WebPage","@id":"https:\/\/exaudi.org\/communion-among-believers-is-not-a-matter-of-yielding-and-compromise-but-of-fraternal-charity\/","url":"https:\/\/exaudi.org\/communion-among-believers-is-not-a-matter-of-yielding-and-compromise-but-of-fraternal-charity\/","name":"\"La comunione tra i credenti non \u00e8 una questione di cedimento e compromesso, ma di carit\u00e0 fraterna\" &#8211; Exaudi","isPartOf":{"@id":"https:\/\/exaudi.org\/#website"},"primaryImageOfPage":{"@id":"https:\/\/exaudi.org\/communion-among-believers-is-not-a-matter-of-yielding-and-compromise-but-of-fraternal-charity\/#primaryimage"},"image":{"@id":"https:\/\/exaudi.org\/communion-among-believers-is-not-a-matter-of-yielding-and-compromise-but-of-fraternal-charity\/#primaryimage"},"thumbnailUrl":"https:\/\/exaudi.org\/wp-content\/uploads\/2023\/06\/cq5dam.thumbnail.cropped.750.422-18.jpeg","datePublished":"2023-06-30T14:32:49+00:00","author":{"@id":"https:\/\/exaudi.org\/#\/schema\/person\/e1ab6ed07c01774724dd96f925f3a5f0"},"breadcrumb":{"@id":"https:\/\/exaudi.org\/communion-among-believers-is-not-a-matter-of-yielding-and-compromise-but-of-fraternal-charity\/#breadcrumb"},"inLanguage":"it-IT","potentialAction":[{"@type":"ReadAction","target":["https:\/\/exaudi.org\/communion-among-believers-is-not-a-matter-of-yielding-and-compromise-but-of-fraternal-charity\/"]}]},{"@type":"ImageObject","inLanguage":"it-IT","@id":"https:\/\/exaudi.org\/communion-among-believers-is-not-a-matter-of-yielding-and-compromise-but-of-fraternal-charity\/#primaryimage","url":"https:\/\/exaudi.org\/wp-content\/uploads\/2023\/06\/cq5dam.thumbnail.cropped.750.422-18.jpeg","contentUrl":"https:\/\/exaudi.org\/wp-content\/uploads\/2023\/06\/cq5dam.thumbnail.cropped.750.422-18.jpeg","width":800,"height":533,"caption":"Vatican Media"},{"@type":"BreadcrumbList","@id":"https:\/\/exaudi.org\/communion-among-believers-is-not-a-matter-of-yielding-and-compromise-but-of-fraternal-charity\/#breadcrumb","itemListElement":[{"@type":"ListItem","position":1,"name":"Portada","item":"https:\/\/exaudi.org\/it\/"},{"@type":"ListItem","position":2,"name":"&#8220;La comunione tra i credenti non \u00e8 una questione di cedimento e compromesso, ma di carit\u00e0 fraterna&#8221;"}]},{"@type":"WebSite","@id":"https:\/\/exaudi.org\/#website","url":"https:\/\/exaudi.org\/","name":"Exaudi","description":"News","potentialAction":[{"@type":"SearchAction","target":{"@type":"EntryPoint","urlTemplate":"https:\/\/exaudi.org\/?s={search_term_string}"},"query-input":{"@type":"PropertyValueSpecification","valueRequired":true,"valueName":"search_term_string"}}],"inLanguage":"it-IT"},{"@type":"Person","@id":"https:\/\/exaudi.org\/#\/schema\/person\/e1ab6ed07c01774724dd96f925f3a5f0","name":"Exaudi Redazione","image":{"@type":"ImageObject","inLanguage":"it-IT","@id":"https:\/\/secure.gravatar.com\/avatar\/ad6774b3ada023bf5b939d64f45c94b3adf91502dd883507d469b4308a943bb3?s=96&d=mm&r=g","url":"https:\/\/secure.gravatar.com\/avatar\/ad6774b3ada023bf5b939d64f45c94b3adf91502dd883507d469b4308a943bb3?s=96&d=mm&r=g","contentUrl":"https:\/\/secure.gravatar.com\/avatar\/ad6774b3ada023bf5b939d64f45c94b3adf91502dd883507d469b4308a943bb3?s=96&d=mm&r=g","caption":"Exaudi Redazione"},"description":"Che cosa \u00e8 Exaudi News? Exaudi News \u00e8 un agenzia cattolica internazionale che informa, istruisce e trasforma quotidianamente in spagnolo, inglese e italiano. Attraverso notizie, articoli di analisi e trasmissioni in diretta degli eventi del Papa, Exaudi cerca di rafforzare l'unit\u00e0 dei cristiani e di contribuire all'evangelizzazione del mondo, sempre guidato dalla dottrina sociale della Chiesa. Lavoriamo per portare la verit\u00e0 e i valori cristiani in ogni angolo del pianeta. Aiutaci a trasformare il mondo con Exaudi! Noi di Exaudi crediamo che l'evangelizzazione e l'informazione di qualit\u00e0 possano cambiare la vita. Per continuare la nostra missione ed espandere la nostra portata, abbiamo bisogno del tuo aiuto. Stiamo anche cercando persone motivate che vogliano unirsi al nostro team. Grazie al vostro sostegno raggiungeremo pi\u00f9 persone, diffonderemo il messaggio di Cristo e rafforzeremo l'unit\u00e0 dei cristiani. Vuoi unirti alla nostra missione? Per maggiori informazioni su come contribuire, visita Exaudi.org\/it o contattaci direttamente: info@exaudi.org Exaudi: informa, forma e trasforma.","sameAs":["https:\/\/www.facebook.com\/ExaudiNotizie\/","https:\/\/www.instagram.com\/Exaudi_notizie\/","https:\/\/x.com\/Exaudi_Notizie","https:\/\/www.youtube.com\/@exaudicatholicnews"],"url":"https:\/\/exaudi.org\/it\/author\/dlvedi-org\/"}]}},"jetpack_featured_media_url":"https:\/\/exaudi.org\/wp-content\/uploads\/2023\/06\/cq5dam.thumbnail.cropped.750.422-18.jpeg","jetpack_shortlink":"https:\/\/wp.me\/pgKjF2-kGX","_links":{"self":[{"href":"https:\/\/exaudi.org\/it\/wp-json\/wp\/v2\/posts\/79543","targetHints":{"allow":["GET"]}}],"collection":[{"href":"https:\/\/exaudi.org\/it\/wp-json\/wp\/v2\/posts"}],"about":[{"href":"https:\/\/exaudi.org\/it\/wp-json\/wp\/v2\/types\/post"}],"author":[{"embeddable":true,"href":"https:\/\/exaudi.org\/it\/wp-json\/wp\/v2\/users\/17"}],"replies":[{"embeddable":true,"href":"https:\/\/exaudi.org\/it\/wp-json\/wp\/v2\/comments?post=79543"}],"version-history":[{"count":0,"href":"https:\/\/exaudi.org\/it\/wp-json\/wp\/v2\/posts\/79543\/revisions"}],"wp:featuredmedia":[{"embeddable":true,"href":"https:\/\/exaudi.org\/it\/wp-json\/wp\/v2\/media\/79544"}],"wp:attachment":[{"href":"https:\/\/exaudi.org\/it\/wp-json\/wp\/v2\/media?parent=79543"}],"wp:term":[{"taxonomy":"category","embeddable":true,"href":"https:\/\/exaudi.org\/it\/wp-json\/wp\/v2\/categories?post=79543"},{"taxonomy":"post_tag","embeddable":true,"href":"https:\/\/exaudi.org\/it\/wp-json\/wp\/v2\/tags?post=79543"}],"curies":[{"name":"wp","href":"https:\/\/api.w.org\/{rel}","templated":true}]}}