{"id":79357,"date":"2023-06-27T11:57:46","date_gmt":"2023-06-27T09:57:46","guid":{"rendered":"https:\/\/exaudi.org\/?p=79357"},"modified":"2023-06-27T12:00:37","modified_gmt":"2023-06-27T10:00:37","slug":"schio-il-cardinale-parolin-benedira-una-scultura-dedicata-a-santa-bakhita-e-alla-lotta-contro-la-tratta-di-esseri-umani","status":"publish","type":"post","link":"https:\/\/exaudi.org\/it\/schio-il-cardinale-parolin-benedira-una-scultura-dedicata-a-santa-bakhita-e-alla-lotta-contro-la-tratta-di-esseri-umani\/","title":{"rendered":"Il Cardinale Parolin benedir\u00e0 una scultura dedicata a Santa Bakhita"},"content":{"rendered":"<audio class=\"wp-audio-shortcode\" id=\"audio-79357-1\" preload=\"none\" style=\"width: 100%;\" controls=\"controls\"><source type=\"audio\/mpeg\" src=\"https:\/\/exaudi.org\/wp-content\/uploads\/2023\/06\/Il-Cardinale-Parolin-benedira-una-scultura.mp3?_=1\" \/><a href=\"https:\/\/exaudi.org\/wp-content\/uploads\/2023\/06\/Il-Cardinale-Parolin-benedira-una-scultura.mp3\">https:\/\/exaudi.org\/wp-content\/uploads\/2023\/06\/Il-Cardinale-Parolin-benedira-una-scultura.mp3<\/a><\/audio>\n<p><span style=\"font-weight: 400\">La scultura <\/span><b>\u201c<\/b><a href=\"http:\/\/www.lettheoppressedgofree.com\" target=\"_blank\" rel=\"noopener\"><b>Let The Oppressed Go Free<\/b><\/a><b>\u201d <\/b><span style=\"font-weight: 400\">(Rimandare liberi gli oppressi)<\/span> <span style=\"font-weight: 400\">sar\u00e0 installata nei pressi della chiesa di San Francesco d\u2019Assisi a Schio marted\u00ec 29 giugno in occasione della festa di San Pietro Apostolo, patrono della cittadina in provincia di Vicenza. Il giorno prima, l\u2019artista e autore <\/span><a href=\"https:\/\/timothypaulschmalz.com\" target=\"_blank\" rel=\"noopener\"><b>Timothy Schmalz<\/b><\/a><b>, <\/b><span style=\"font-weight: 400\">e il donatore dell\u2019opera <\/span><b>Christopher Bratty<\/b><span style=\"font-weight: 400\"> saranno ricevuti in udienza privata da Papa Francesco, nella sua residenza di Santa Marta a Roma<\/span><b>.\u00a0<\/b><\/p>\n<p>&nbsp;<\/p>\n<p><b>&#8220;Let The Oppressed Go Free&#8221;<\/b><span style=\"font-weight: 400\"> ritrae la figura di <\/span><b>Santa Giuseppina Bakhita<\/b><span style=\"font-weight: 400\"> (1869-1947), suora sudanese vissuta e morta a Schio. L&#8217;opera si ispira al passo biblico del libro di Isaia (58,6) e vuole sensibilizzare l&#8217;opinione pubblica sul fenomeno del traffico di esseri umani, evocando la figura di Santa Bakhita. La suora canossiana \u00e8 stata scelta come protettrice delle vittime della tratta avendoanch\u2019essa subito durante la sua vita i soprusi della schiavit\u00f9.<\/span><\/p>\n<p><span style=\"font-weight: 400\">Oltre all\u2019artista, alla cerimonia di inaugurazione della scultura parteciperanno il Segretario di Stato Vaticano, <\/span><b>Cardinale Pietro Parolin<\/b><span style=\"font-weight: 400\">; il sindaco di Schio, <\/span><b>Valter Orsi<\/b><span style=\"font-weight: 400\">; la Superiora Generale delle Figlie della Carit\u00e0 Canossiane, <\/span><b>Sr. Sandra Maggiolo <\/b><span style=\"font-weight: 400\">(F.d.C.C.); il parroco e moderatore dell\u2019Unit\u00e0 Pastorale Santa Bakhita di Schio, monsignor <\/span><b>Carlo Guidolin<\/b><span style=\"font-weight: 400\">; il presidente dell\u2019Associazione Bakhita Schio-Sudan, <\/span><b>Gianfrancesco Sartori;<\/b><span style=\"font-weight: 400\"> e il donatore della scultura, <\/span><b>Christopher Bratty<\/b><span style=\"font-weight: 400\">.<\/span><\/p>\n<p><span style=\"font-weight: 400\">* * *<\/span><\/p>\n<p><b>Timothy Schmalz<\/b><b><br \/>\n<\/b><span style=\"font-weight: 400\">Da oltre 25 anni Timothy Schmalz realizza sculture di grandi dimensioni. Schmalz \u00e8 un artista figurativo e le sue opere sono installate in tutto il mondo. Alcune delle sue opere pi\u00f9 note &#8211; come Homeless Jesus, Angels Unawares, Homeless Jesus, Mary, Untier Of Knots, Sheltering e Let The Oppressed Go Free &#8211; si trovano in siti storici in Italia, Canada, Stati Uniti e Vaticano e sono state benedette da Papa Francesco.. Schmalz descrive il suo lavoro come una traduzione visiva della Bibbia. Sebbene la maggior parte delle sue sculture si basano su tematiche spirituali, l\u2019artista canadese crea anche altri generi di sculture pubbliche, sempre di grandi dimensioni e in bronzo. Alcune di queste includono, ad esempio, monumenti in onore di veterani o pompieri. Tim si sforza di creare opere d&#8217;arte uniche, che cercano di instaurare un legame con gli spettatori attraverso il tipo design e i dettagli. Opere che non solo commuovono l&#8217;osservatore a livello emotivo, ma gli permettono anche di \u201csentirsi parte\u201d dell&#8217;opera. Maggiori informazioni: <\/span><a href=\"https:\/\/timothypaulschmalz.com\" target=\"_blank\" rel=\"noopener\"><span style=\"font-weight: 400\">https:\/\/timothypaulschmalz.com<\/span><\/a><span style=\"font-weight: 400\">\u00a0<\/span><\/p>\n<p><b>Santa Giuseppina<\/b><b><br \/>\n<\/b><span style=\"font-weight: 400\">Giuseppina Bakhita (1869-1947) \u00e8 stata canonizzata da Giovanni Paolo II nel 2000 e la sua festa si celebra l\u20198 febbraio. \u00c8 anche patrona del Sudan e protettrice delle vittime del traffico di esseri umani. Conosciuta come \u201cMadre Moretta\u201d, ha riportato 144 cicatrici subite nel momento del sequestro e della riduzione in schiavit\u00f9 gi\u00e0 all\u2019et\u00e0 di 9 anni. Per anni, violenze e abusi hanno fatto parte della sua quotidianit\u00e0. Durante il periodo della schiavit\u00f9 \u00e8 stata anche vittima di umiliazioni fisiche e morali. Nel 1882, le sue sofferenze sono state alleviate grazie a un console italiano che la compr\u00f2 e poi le restitu\u00ec la libert\u00e0. Trasferitasi in Italia, durante i primi anni si \u00e8 convertita al cattolicesimo dopo un soggiorno presso le Suore Canossiane. Ha ricevuto il battesimo e nel 1896 \u00e8 divenuta novizia.. Dal 1902 ha vissuto a Schio, dove \u00e8 morta all\u2019et\u00e0 di 78 anni nel 1947.<\/span><\/p>\n<p><b>Schio<\/b><b><br \/>\n<\/b><span style=\"font-weight: 400\">Schio si trova in provincia di Vicenza, ai piedi delle Piccole Dolomiti. La citt\u00e0 \u00e8 nota per il ricco patrimonio archeologico industriale, con edifici unici quali la Fabbrica Alta, il Lanificio Conte e il Giardino Jacquard, che rappresentano solo alcune delle ricchezze di un passato industriale, che ha fatto conoscere Schio come la &#8220;Manchester d&#8217;Italia&#8221; per la produzione tessile di rilievo nazionale e internazionale. Accanto a questi edifici, lungo le strade e nelle piazze della citt\u00e0 si affacciano i numerosi palazzi storici, il quartiere operaio della \u201cNuova Schio\u201d, il Teatro Civico, il Duomo di San Pietro, e il Santuario di Santa Bakhita dove sono conservate le spoglie della Santa. Nell\u2019area verde accanto al centro storico si trova la chiesa di San Francesco, edificio religioso quattrocentesco di notevole pregio. Maggiori informazioni: <\/span><a href=\"https:\/\/www.visitschio.it\/it\" target=\"_blank\" rel=\"noopener\"><span style=\"font-weight: 400\">https:\/\/www.visitschio.it\/it<\/span><\/a><span style=\"font-weight: 400\">\u00a0<\/span><\/p>\n","protected":false},"excerpt":{"rendered":"<p>L\u2019opera dell\u2019artista Timothy Schmalz, che evoca la figura di Santa Giuseppina Bakhita, sar\u00e0 inaugurata la mattina del 29 giugno a Schio (Vicenza)<\/p>\n","protected":false},"author":17,"featured_media":79351,"comment_status":"closed","ping_status":"closed","sticky":false,"template":"","format":"standard","meta":{"_acf_changed":false,"_crdt_document":"","inline_featured_image":false,"footnotes":""},"categories":[73],"tags":[9071,9559,9560,7512,4952],"class_list":["post-79357","post","type-post","status-publish","format-standard","has-post-thumbnail","hentry","category-chiesa-e-mondo","tag-cardinale-pietro-parolin","tag-santa-giuseppina","tag-schio-2","tag-timothy-schmalz-2","tag-trending-it"],"acf":[],"yoast_head":"<!-- This site is optimized with the Yoast SEO plugin v27.5 - https:\/\/yoast.com\/product\/yoast-seo-wordpress\/ -->\n<title>Il Cardinale Parolin benedir\u00e0 una scultura dedicata a Santa Bakhita &#8211; Exaudi<\/title>\n<meta name=\"robots\" content=\"index, follow, max-snippet:-1, max-image-preview:large, max-video-preview:-1\" \/>\n<link rel=\"canonical\" href=\"https:\/\/exaudi.org\/it\/schio-il-cardinale-parolin-benedira-una-scultura-dedicata-a-santa-bakhita-e-alla-lotta-contro-la-tratta-di-esseri-umani\/\" \/>\n<meta property=\"og:locale\" content=\"it_IT\" \/>\n<meta property=\"og:type\" content=\"article\" \/>\n<meta property=\"og:title\" content=\"Il Cardinale Parolin benedir\u00e0 una scultura dedicata a Santa Bakhita &#8211; Exaudi\" \/>\n<meta property=\"og:description\" content=\"L\u2019opera dell\u2019artista Timothy Schmalz, che evoca la figura di Santa Giuseppina Bakhita, sar\u00e0 inaugurata la mattina del 29 giugno a Schio (Vicenza)\" \/>\n<meta property=\"og:url\" content=\"https:\/\/exaudi.org\/it\/schio-il-cardinale-parolin-benedira-una-scultura-dedicata-a-santa-bakhita-e-alla-lotta-contro-la-tratta-di-esseri-umani\/\" \/>\n<meta property=\"og:site_name\" content=\"Exaudi\" \/>\n<meta property=\"article:publisher\" content=\"https:\/\/www.facebook.com\/ExaudiNews\" \/>\n<meta property=\"article:author\" content=\"https:\/\/www.facebook.com\/ExaudiNotizie\/\" \/>\n<meta property=\"article:published_time\" content=\"2023-06-27T09:57:46+00:00\" \/>\n<meta property=\"article:modified_time\" content=\"2023-06-27T10:00:37+00:00\" \/>\n<meta property=\"og:image\" content=\"https:\/\/exaudi.org\/wp-content\/uploads\/2023\/06\/unnamed-1-scaled.jpg\" \/>\n\t<meta property=\"og:image:width\" content=\"2560\" \/>\n\t<meta property=\"og:image:height\" content=\"1440\" \/>\n\t<meta property=\"og:image:type\" content=\"image\/jpeg\" \/>\n<meta name=\"author\" content=\"Exaudi Redazione\" \/>\n<meta name=\"twitter:card\" content=\"summary_large_image\" \/>\n<meta name=\"twitter:creator\" content=\"@Exaudi_Notizie\" \/>\n<meta name=\"twitter:site\" content=\"@Exaudi_News\" \/>\n<meta name=\"twitter:label1\" content=\"Scritto da\" \/>\n\t<meta name=\"twitter:data1\" content=\"Exaudi Redazione\" \/>\n\t<meta name=\"twitter:label2\" content=\"Tempo di lettura stimato\" \/>\n\t<meta name=\"twitter:data2\" content=\"3 minuti\" \/>\n<script type=\"application\/ld+json\" class=\"yoast-schema-graph\">{\"@context\":\"https:\\\/\\\/schema.org\",\"@graph\":[{\"@type\":\"Article\",\"@id\":\"https:\\\/\\\/exaudi.org\\\/it\\\/schio-il-cardinale-parolin-benedira-una-scultura-dedicata-a-santa-bakhita-e-alla-lotta-contro-la-tratta-di-esseri-umani\\\/#article\",\"isPartOf\":{\"@id\":\"https:\\\/\\\/exaudi.org\\\/it\\\/schio-il-cardinale-parolin-benedira-una-scultura-dedicata-a-santa-bakhita-e-alla-lotta-contro-la-tratta-di-esseri-umani\\\/\"},\"author\":{\"name\":\"Exaudi Redazione\",\"@id\":\"https:\\\/\\\/exaudi.org\\\/#\\\/schema\\\/person\\\/e1ab6ed07c01774724dd96f925f3a5f0\"},\"headline\":\"Il Cardinale Parolin benedir\u00e0 una scultura dedicata a Santa Bakhita\",\"datePublished\":\"2023-06-27T09:57:46+00:00\",\"dateModified\":\"2023-06-27T10:00:37+00:00\",\"mainEntityOfPage\":{\"@id\":\"https:\\\/\\\/exaudi.org\\\/it\\\/schio-il-cardinale-parolin-benedira-una-scultura-dedicata-a-santa-bakhita-e-alla-lotta-contro-la-tratta-di-esseri-umani\\\/\"},\"wordCount\":682,\"image\":{\"@id\":\"https:\\\/\\\/exaudi.org\\\/it\\\/schio-il-cardinale-parolin-benedira-una-scultura-dedicata-a-santa-bakhita-e-alla-lotta-contro-la-tratta-di-esseri-umani\\\/#primaryimage\"},\"thumbnailUrl\":\"https:\\\/\\\/exaudi.org\\\/wp-content\\\/uploads\\\/2023\\\/06\\\/unnamed-1-scaled.jpg\",\"keywords\":[\"Cardinale Pietro Parolin\",\"Santa Giuseppina\",\"Schio\",\"Timothy Schmalz\",\"Trending\"],\"articleSection\":[\"Chiesa e Mondo\"],\"inLanguage\":\"it-IT\"},{\"@type\":\"WebPage\",\"@id\":\"https:\\\/\\\/exaudi.org\\\/it\\\/schio-il-cardinale-parolin-benedira-una-scultura-dedicata-a-santa-bakhita-e-alla-lotta-contro-la-tratta-di-esseri-umani\\\/\",\"url\":\"https:\\\/\\\/exaudi.org\\\/it\\\/schio-il-cardinale-parolin-benedira-una-scultura-dedicata-a-santa-bakhita-e-alla-lotta-contro-la-tratta-di-esseri-umani\\\/\",\"name\":\"Il Cardinale Parolin benedir\u00e0 una scultura dedicata a Santa Bakhita &#8211; Exaudi\",\"isPartOf\":{\"@id\":\"https:\\\/\\\/exaudi.org\\\/#website\"},\"primaryImageOfPage\":{\"@id\":\"https:\\\/\\\/exaudi.org\\\/it\\\/schio-il-cardinale-parolin-benedira-una-scultura-dedicata-a-santa-bakhita-e-alla-lotta-contro-la-tratta-di-esseri-umani\\\/#primaryimage\"},\"image\":{\"@id\":\"https:\\\/\\\/exaudi.org\\\/it\\\/schio-il-cardinale-parolin-benedira-una-scultura-dedicata-a-santa-bakhita-e-alla-lotta-contro-la-tratta-di-esseri-umani\\\/#primaryimage\"},\"thumbnailUrl\":\"https:\\\/\\\/exaudi.org\\\/wp-content\\\/uploads\\\/2023\\\/06\\\/unnamed-1-scaled.jpg\",\"datePublished\":\"2023-06-27T09:57:46+00:00\",\"dateModified\":\"2023-06-27T10:00:37+00:00\",\"author\":{\"@id\":\"https:\\\/\\\/exaudi.org\\\/#\\\/schema\\\/person\\\/e1ab6ed07c01774724dd96f925f3a5f0\"},\"breadcrumb\":{\"@id\":\"https:\\\/\\\/exaudi.org\\\/it\\\/schio-il-cardinale-parolin-benedira-una-scultura-dedicata-a-santa-bakhita-e-alla-lotta-contro-la-tratta-di-esseri-umani\\\/#breadcrumb\"},\"inLanguage\":\"it-IT\",\"potentialAction\":[{\"@type\":\"ReadAction\",\"target\":[\"https:\\\/\\\/exaudi.org\\\/it\\\/schio-il-cardinale-parolin-benedira-una-scultura-dedicata-a-santa-bakhita-e-alla-lotta-contro-la-tratta-di-esseri-umani\\\/\"]}]},{\"@type\":\"ImageObject\",\"inLanguage\":\"it-IT\",\"@id\":\"https:\\\/\\\/exaudi.org\\\/it\\\/schio-il-cardinale-parolin-benedira-una-scultura-dedicata-a-santa-bakhita-e-alla-lotta-contro-la-tratta-di-esseri-umani\\\/#primaryimage\",\"url\":\"https:\\\/\\\/exaudi.org\\\/wp-content\\\/uploads\\\/2023\\\/06\\\/unnamed-1-scaled.jpg\",\"contentUrl\":\"https:\\\/\\\/exaudi.org\\\/wp-content\\\/uploads\\\/2023\\\/06\\\/unnamed-1-scaled.jpg\",\"width\":2560,\"height\":1440},{\"@type\":\"BreadcrumbList\",\"@id\":\"https:\\\/\\\/exaudi.org\\\/it\\\/schio-il-cardinale-parolin-benedira-una-scultura-dedicata-a-santa-bakhita-e-alla-lotta-contro-la-tratta-di-esseri-umani\\\/#breadcrumb\",\"itemListElement\":[{\"@type\":\"ListItem\",\"position\":1,\"name\":\"Portada\",\"item\":\"https:\\\/\\\/exaudi.org\\\/it\\\/\"},{\"@type\":\"ListItem\",\"position\":2,\"name\":\"Il Cardinale Parolin benedir\u00e0 una scultura dedicata a Santa Bakhita\"}]},{\"@type\":\"WebSite\",\"@id\":\"https:\\\/\\\/exaudi.org\\\/#website\",\"url\":\"https:\\\/\\\/exaudi.org\\\/\",\"name\":\"Exaudi\",\"description\":\"News\",\"potentialAction\":[{\"@type\":\"SearchAction\",\"target\":{\"@type\":\"EntryPoint\",\"urlTemplate\":\"https:\\\/\\\/exaudi.org\\\/?s={search_term_string}\"},\"query-input\":{\"@type\":\"PropertyValueSpecification\",\"valueRequired\":true,\"valueName\":\"search_term_string\"}}],\"inLanguage\":\"it-IT\"},{\"@type\":\"Person\",\"@id\":\"https:\\\/\\\/exaudi.org\\\/#\\\/schema\\\/person\\\/e1ab6ed07c01774724dd96f925f3a5f0\",\"name\":\"Exaudi Redazione\",\"image\":{\"@type\":\"ImageObject\",\"inLanguage\":\"it-IT\",\"@id\":\"https:\\\/\\\/secure.gravatar.com\\\/avatar\\\/ad6774b3ada023bf5b939d64f45c94b3adf91502dd883507d469b4308a943bb3?s=96&d=mm&r=g\",\"url\":\"https:\\\/\\\/secure.gravatar.com\\\/avatar\\\/ad6774b3ada023bf5b939d64f45c94b3adf91502dd883507d469b4308a943bb3?s=96&d=mm&r=g\",\"contentUrl\":\"https:\\\/\\\/secure.gravatar.com\\\/avatar\\\/ad6774b3ada023bf5b939d64f45c94b3adf91502dd883507d469b4308a943bb3?s=96&d=mm&r=g\",\"caption\":\"Exaudi Redazione\"},\"description\":\"Che cosa \u00e8 Exaudi News? Exaudi News \u00e8 un agenzia cattolica internazionale che informa, istruisce e trasforma quotidianamente in spagnolo, inglese e italiano. Attraverso notizie, articoli di analisi e trasmissioni in diretta degli eventi del Papa, Exaudi cerca di rafforzare l'unit\u00e0 dei cristiani e di contribuire all'evangelizzazione del mondo, sempre guidato dalla dottrina sociale della Chiesa. Lavoriamo per portare la verit\u00e0 e i valori cristiani in ogni angolo del pianeta. Aiutaci a trasformare il mondo con Exaudi! Noi di Exaudi crediamo che l'evangelizzazione e l'informazione di qualit\u00e0 possano cambiare la vita. Per continuare la nostra missione ed espandere la nostra portata, abbiamo bisogno del tuo aiuto. Stiamo anche cercando persone motivate che vogliano unirsi al nostro team. Grazie al vostro sostegno raggiungeremo pi\u00f9 persone, diffonderemo il messaggio di Cristo e rafforzeremo l'unit\u00e0 dei cristiani. Vuoi unirti alla nostra missione? Per maggiori informazioni su come contribuire, visita Exaudi.org\\\/it o contattaci direttamente: info@exaudi.org Exaudi: informa, forma e trasforma.\",\"sameAs\":[\"https:\\\/\\\/www.facebook.com\\\/ExaudiNotizie\\\/\",\"https:\\\/\\\/www.instagram.com\\\/Exaudi_notizie\\\/\",\"https:\\\/\\\/x.com\\\/Exaudi_Notizie\",\"https:\\\/\\\/www.youtube.com\\\/@exaudicatholicnews\"],\"url\":\"https:\\\/\\\/exaudi.org\\\/it\\\/author\\\/dlvedi-org\\\/\"}]}<\/script>\n<!-- \/ Yoast SEO plugin. -->","yoast_head_json":{"title":"Il Cardinale Parolin benedir\u00e0 una scultura dedicata a Santa Bakhita &#8211; Exaudi","robots":{"index":"index","follow":"follow","max-snippet":"max-snippet:-1","max-image-preview":"max-image-preview:large","max-video-preview":"max-video-preview:-1"},"canonical":"https:\/\/exaudi.org\/it\/schio-il-cardinale-parolin-benedira-una-scultura-dedicata-a-santa-bakhita-e-alla-lotta-contro-la-tratta-di-esseri-umani\/","og_locale":"it_IT","og_type":"article","og_title":"Il Cardinale Parolin benedir\u00e0 una scultura dedicata a Santa Bakhita &#8211; Exaudi","og_description":"L\u2019opera dell\u2019artista Timothy Schmalz, che evoca la figura di Santa Giuseppina Bakhita, sar\u00e0 inaugurata la mattina del 29 giugno a Schio (Vicenza)","og_url":"https:\/\/exaudi.org\/it\/schio-il-cardinale-parolin-benedira-una-scultura-dedicata-a-santa-bakhita-e-alla-lotta-contro-la-tratta-di-esseri-umani\/","og_site_name":"Exaudi","article_publisher":"https:\/\/www.facebook.com\/ExaudiNews","article_author":"https:\/\/www.facebook.com\/ExaudiNotizie\/","article_published_time":"2023-06-27T09:57:46+00:00","article_modified_time":"2023-06-27T10:00:37+00:00","og_image":[{"width":2560,"height":1440,"url":"https:\/\/exaudi.org\/wp-content\/uploads\/2023\/06\/unnamed-1-scaled.jpg","type":"image\/jpeg"}],"author":"Exaudi Redazione","twitter_card":"summary_large_image","twitter_creator":"@Exaudi_Notizie","twitter_site":"@Exaudi_News","twitter_misc":{"Scritto da":"Exaudi Redazione","Tempo di lettura stimato":"3 minuti"},"schema":{"@context":"https:\/\/schema.org","@graph":[{"@type":"Article","@id":"https:\/\/exaudi.org\/it\/schio-il-cardinale-parolin-benedira-una-scultura-dedicata-a-santa-bakhita-e-alla-lotta-contro-la-tratta-di-esseri-umani\/#article","isPartOf":{"@id":"https:\/\/exaudi.org\/it\/schio-il-cardinale-parolin-benedira-una-scultura-dedicata-a-santa-bakhita-e-alla-lotta-contro-la-tratta-di-esseri-umani\/"},"author":{"name":"Exaudi Redazione","@id":"https:\/\/exaudi.org\/#\/schema\/person\/e1ab6ed07c01774724dd96f925f3a5f0"},"headline":"Il Cardinale Parolin benedir\u00e0 una scultura dedicata a Santa Bakhita","datePublished":"2023-06-27T09:57:46+00:00","dateModified":"2023-06-27T10:00:37+00:00","mainEntityOfPage":{"@id":"https:\/\/exaudi.org\/it\/schio-il-cardinale-parolin-benedira-una-scultura-dedicata-a-santa-bakhita-e-alla-lotta-contro-la-tratta-di-esseri-umani\/"},"wordCount":682,"image":{"@id":"https:\/\/exaudi.org\/it\/schio-il-cardinale-parolin-benedira-una-scultura-dedicata-a-santa-bakhita-e-alla-lotta-contro-la-tratta-di-esseri-umani\/#primaryimage"},"thumbnailUrl":"https:\/\/exaudi.org\/wp-content\/uploads\/2023\/06\/unnamed-1-scaled.jpg","keywords":["Cardinale Pietro Parolin","Santa Giuseppina","Schio","Timothy Schmalz","Trending"],"articleSection":["Chiesa e Mondo"],"inLanguage":"it-IT"},{"@type":"WebPage","@id":"https:\/\/exaudi.org\/it\/schio-il-cardinale-parolin-benedira-una-scultura-dedicata-a-santa-bakhita-e-alla-lotta-contro-la-tratta-di-esseri-umani\/","url":"https:\/\/exaudi.org\/it\/schio-il-cardinale-parolin-benedira-una-scultura-dedicata-a-santa-bakhita-e-alla-lotta-contro-la-tratta-di-esseri-umani\/","name":"Il Cardinale Parolin benedir\u00e0 una scultura dedicata a Santa Bakhita &#8211; Exaudi","isPartOf":{"@id":"https:\/\/exaudi.org\/#website"},"primaryImageOfPage":{"@id":"https:\/\/exaudi.org\/it\/schio-il-cardinale-parolin-benedira-una-scultura-dedicata-a-santa-bakhita-e-alla-lotta-contro-la-tratta-di-esseri-umani\/#primaryimage"},"image":{"@id":"https:\/\/exaudi.org\/it\/schio-il-cardinale-parolin-benedira-una-scultura-dedicata-a-santa-bakhita-e-alla-lotta-contro-la-tratta-di-esseri-umani\/#primaryimage"},"thumbnailUrl":"https:\/\/exaudi.org\/wp-content\/uploads\/2023\/06\/unnamed-1-scaled.jpg","datePublished":"2023-06-27T09:57:46+00:00","dateModified":"2023-06-27T10:00:37+00:00","author":{"@id":"https:\/\/exaudi.org\/#\/schema\/person\/e1ab6ed07c01774724dd96f925f3a5f0"},"breadcrumb":{"@id":"https:\/\/exaudi.org\/it\/schio-il-cardinale-parolin-benedira-una-scultura-dedicata-a-santa-bakhita-e-alla-lotta-contro-la-tratta-di-esseri-umani\/#breadcrumb"},"inLanguage":"it-IT","potentialAction":[{"@type":"ReadAction","target":["https:\/\/exaudi.org\/it\/schio-il-cardinale-parolin-benedira-una-scultura-dedicata-a-santa-bakhita-e-alla-lotta-contro-la-tratta-di-esseri-umani\/"]}]},{"@type":"ImageObject","inLanguage":"it-IT","@id":"https:\/\/exaudi.org\/it\/schio-il-cardinale-parolin-benedira-una-scultura-dedicata-a-santa-bakhita-e-alla-lotta-contro-la-tratta-di-esseri-umani\/#primaryimage","url":"https:\/\/exaudi.org\/wp-content\/uploads\/2023\/06\/unnamed-1-scaled.jpg","contentUrl":"https:\/\/exaudi.org\/wp-content\/uploads\/2023\/06\/unnamed-1-scaled.jpg","width":2560,"height":1440},{"@type":"BreadcrumbList","@id":"https:\/\/exaudi.org\/it\/schio-il-cardinale-parolin-benedira-una-scultura-dedicata-a-santa-bakhita-e-alla-lotta-contro-la-tratta-di-esseri-umani\/#breadcrumb","itemListElement":[{"@type":"ListItem","position":1,"name":"Portada","item":"https:\/\/exaudi.org\/it\/"},{"@type":"ListItem","position":2,"name":"Il Cardinale Parolin benedir\u00e0 una scultura dedicata a Santa Bakhita"}]},{"@type":"WebSite","@id":"https:\/\/exaudi.org\/#website","url":"https:\/\/exaudi.org\/","name":"Exaudi","description":"News","potentialAction":[{"@type":"SearchAction","target":{"@type":"EntryPoint","urlTemplate":"https:\/\/exaudi.org\/?s={search_term_string}"},"query-input":{"@type":"PropertyValueSpecification","valueRequired":true,"valueName":"search_term_string"}}],"inLanguage":"it-IT"},{"@type":"Person","@id":"https:\/\/exaudi.org\/#\/schema\/person\/e1ab6ed07c01774724dd96f925f3a5f0","name":"Exaudi Redazione","image":{"@type":"ImageObject","inLanguage":"it-IT","@id":"https:\/\/secure.gravatar.com\/avatar\/ad6774b3ada023bf5b939d64f45c94b3adf91502dd883507d469b4308a943bb3?s=96&d=mm&r=g","url":"https:\/\/secure.gravatar.com\/avatar\/ad6774b3ada023bf5b939d64f45c94b3adf91502dd883507d469b4308a943bb3?s=96&d=mm&r=g","contentUrl":"https:\/\/secure.gravatar.com\/avatar\/ad6774b3ada023bf5b939d64f45c94b3adf91502dd883507d469b4308a943bb3?s=96&d=mm&r=g","caption":"Exaudi Redazione"},"description":"Che cosa \u00e8 Exaudi News? Exaudi News \u00e8 un agenzia cattolica internazionale che informa, istruisce e trasforma quotidianamente in spagnolo, inglese e italiano. Attraverso notizie, articoli di analisi e trasmissioni in diretta degli eventi del Papa, Exaudi cerca di rafforzare l'unit\u00e0 dei cristiani e di contribuire all'evangelizzazione del mondo, sempre guidato dalla dottrina sociale della Chiesa. Lavoriamo per portare la verit\u00e0 e i valori cristiani in ogni angolo del pianeta. Aiutaci a trasformare il mondo con Exaudi! Noi di Exaudi crediamo che l'evangelizzazione e l'informazione di qualit\u00e0 possano cambiare la vita. Per continuare la nostra missione ed espandere la nostra portata, abbiamo bisogno del tuo aiuto. Stiamo anche cercando persone motivate che vogliano unirsi al nostro team. Grazie al vostro sostegno raggiungeremo pi\u00f9 persone, diffonderemo il messaggio di Cristo e rafforzeremo l'unit\u00e0 dei cristiani. Vuoi unirti alla nostra missione? Per maggiori informazioni su come contribuire, visita Exaudi.org\/it o contattaci direttamente: info@exaudi.org Exaudi: informa, forma e trasforma.","sameAs":["https:\/\/www.facebook.com\/ExaudiNotizie\/","https:\/\/www.instagram.com\/Exaudi_notizie\/","https:\/\/x.com\/Exaudi_Notizie","https:\/\/www.youtube.com\/@exaudicatholicnews"],"url":"https:\/\/exaudi.org\/it\/author\/dlvedi-org\/"}]}},"jetpack_featured_media_url":"https:\/\/exaudi.org\/wp-content\/uploads\/2023\/06\/unnamed-1-scaled.jpg","jetpack_shortlink":"https:\/\/wp.me\/pgKjF2-kDX","_links":{"self":[{"href":"https:\/\/exaudi.org\/it\/wp-json\/wp\/v2\/posts\/79357","targetHints":{"allow":["GET"]}}],"collection":[{"href":"https:\/\/exaudi.org\/it\/wp-json\/wp\/v2\/posts"}],"about":[{"href":"https:\/\/exaudi.org\/it\/wp-json\/wp\/v2\/types\/post"}],"author":[{"embeddable":true,"href":"https:\/\/exaudi.org\/it\/wp-json\/wp\/v2\/users\/17"}],"replies":[{"embeddable":true,"href":"https:\/\/exaudi.org\/it\/wp-json\/wp\/v2\/comments?post=79357"}],"version-history":[{"count":0,"href":"https:\/\/exaudi.org\/it\/wp-json\/wp\/v2\/posts\/79357\/revisions"}],"wp:featuredmedia":[{"embeddable":true,"href":"https:\/\/exaudi.org\/it\/wp-json\/wp\/v2\/media\/79351"}],"wp:attachment":[{"href":"https:\/\/exaudi.org\/it\/wp-json\/wp\/v2\/media?parent=79357"}],"wp:term":[{"taxonomy":"category","embeddable":true,"href":"https:\/\/exaudi.org\/it\/wp-json\/wp\/v2\/categories?post=79357"},{"taxonomy":"post_tag","embeddable":true,"href":"https:\/\/exaudi.org\/it\/wp-json\/wp\/v2\/tags?post=79357"}],"curies":[{"name":"wp","href":"https:\/\/api.w.org\/{rel}","templated":true}]}}