{"id":79170,"date":"2023-06-24T16:48:39","date_gmt":"2023-06-24T14:48:39","guid":{"rendered":"https:\/\/exaudi.org\/?p=79170"},"modified":"2023-06-24T16:48:39","modified_gmt":"2023-06-24T14:48:39","slug":"accompagnate-i-sacerdoti-offrendo-loro-un-cammino-di-ascesi-conversione-e-rinnovamento-spirituale","status":"publish","type":"post","link":"https:\/\/exaudi.org\/it\/accompagnate-i-sacerdoti-offrendo-loro-un-cammino-di-ascesi-conversione-e-rinnovamento-spirituale\/","title":{"rendered":"&#8220;Accompagnate i sacerdoti offrendo loro un cammino di ascesi, conversione e rinnovamento spirituale&#8221;"},"content":{"rendered":"<p>Questa mattina, il Santo Padre Francesco ha ricevuto in Udienza, nel Palazzo Apostolico Vaticano, i partecipanti al Capitolo Generale dei Servi del Paraclito e ha rivolto loro il discorso che riportiamo di seguito:<\/p>\n<p><b><u>Discorso del Santo Padre<\/u><\/b><\/p>\n<p>Cari fratelli, buongiorno e benvenuti!<\/p>\n<p>Vi incontro in questo momento significativo per la vostra Congregazione che \u00e8 il Capitolo Generale, tempo forte di dialogo tra voi e con lo Spirito Santo, da cui uscire rinnovati, anzitutto nel cuore, nella visione e nei propositi, e quindi nelle iniziative e nelle strutture. Tempo di discernimento collegiale dei segni che vi giungono dal vostro cammino e dalla vostra storia.<\/p>\n<p>Animati dunque dalla grazia propria del Capitolo, vi proponete di trovare strade nuove di\u00a0misericordia e di prossimit\u00e0 per realizzare con fedelt\u00e0 dinamica il vostro carisma. Esso vi pone accanto ai sacerdoti in difficolt\u00e0, per \u00abrendere \u2013 come dicono le vostre Costituzioni \u2013 ogni possibile e prudente servizio a coloro che hanno ricevuto il sacramento dell\u2019Ordine\u00bb (<i>Cost<\/i>. 4, 2). Il motto del vostro Istituto:\u00a0<i>Pro Christo sacerdote\u00a0<\/i>(cfr\u00a0<i>ivi<\/i>, 4, 4), riassume bene la vostra peculiare vocazione: siete posti a servizio di Cristo nei suoi sacerdoti.<\/p>\n<p>Nel momento attuale, questo significa anche condividere il particolare cammino di purificazione che la Chiesa sta vivendo a causa dei drammi degli abusi. \u00abII peccato ci deturpa, e ne facciamo con dolore l\u2019umiliante esperienza quando noi stessi o uno dei nostri fratelli sacerdoti o vescovi cade nel baratro senza fondo del vizio, della corruzione o, peggio ancora, del crimine che distrugge la vita degli altri\u00bb (<i><a href=\"https:\/\/www.vatican.va\/content\/francesco\/it\/speeches\/2019\/march\/documents\/papa-francesco_20190307_liturgiapenitenziale-presbiteriroma.html\">Meditazione al Clero di Roma<\/a><\/i>, 7 marzo 2019). In una situazione come questa, essere \u201cservi del Paraclito\u201d vi chiede di dedicare la vostra vita ad accompagnare alcuni fratelli sacerdoti e consacrati offrendo a ciascuno un percorso di ascesi, di conversione e di rinnovamento spirituale e vocazionale.<\/p>\n<p><img loading=\"lazy\" decoding=\"async\" class=\"size-medium wp-image-79174 alignleft\" src=\"https:\/\/exaudi.org\/wp-content\/uploads\/2023\/06\/cq5dam.web_.800.800-1-4-300x200.jpeg\" alt=\"\" width=\"300\" height=\"200\" srcset=\"https:\/\/exaudi.org\/wp-content\/uploads\/2023\/06\/cq5dam.web_.800.800-1-4-300x200.jpeg 300w, https:\/\/exaudi.org\/wp-content\/uploads\/2023\/06\/cq5dam.web_.800.800-1-4-770x513.jpeg 770w, https:\/\/exaudi.org\/wp-content\/uploads\/2023\/06\/cq5dam.web_.800.800-1-4-360x240.jpeg?crop=1 360w, https:\/\/exaudi.org\/wp-content\/uploads\/2023\/06\/cq5dam.web_.800.800-1-4-500x333.jpeg 500w, https:\/\/exaudi.org\/wp-content\/uploads\/2023\/06\/cq5dam.web_.800.800-1-4-370x247.jpeg 370w, https:\/\/exaudi.org\/wp-content\/uploads\/2023\/06\/cq5dam.web_.800.800-1-4-293x195.jpeg 293w, https:\/\/exaudi.org\/wp-content\/uploads\/2023\/06\/cq5dam.web_.800.800-1-4-120x80.jpeg 120w, https:\/\/exaudi.org\/wp-content\/uploads\/2023\/06\/cq5dam.web_.800.800-1-4-240x160.jpeg 240w, https:\/\/exaudi.org\/wp-content\/uploads\/2023\/06\/cq5dam.web_.800.800-1-4-390x260.jpeg 390w, https:\/\/exaudi.org\/wp-content\/uploads\/2023\/06\/cq5dam.web_.800.800-1-4.jpeg 800w\" sizes=\"auto, (max-width: 300px) 100vw, 300px\" \/>Con lo spirito e lo stile del buon samaritano vi mettete accanto a questi confratelli, condividendo con loro la vita e la preghiera quotidiana. Li inserite, soprattutto, in una comunit\u00e0, una comunit\u00e0 orante, che aiuti a ritrovare l\u2019armonia di vita che una crisi vocazionale sempre compromette.<\/p>\n<p>Mentre affrontate le molte sfaccettature di questo problema, vi invito ad approfondire la\u00a0<i>spiritualit\u00e0 della riparazione\u00a0<\/i>(cfr\u00a0<i><a href=\"https:\/\/www.vatican.va\/content\/francesco\/it\/speeches\/2023\/may\/documents\/20230505-pontcom-tutelaminori.html\">Discorso alla Pontificia Commissione per la tutela dei minori<\/a><\/i>, 5 maggio 2023), partendo dall\u2019esigenza di purificazione, al servizio della santit\u00e0 dei Pastori del Popolo di Dio.<\/p>\n<p>Il vostro carisma valorizza in particolare l\u2019impegno ascetico e la preghiera, con un\u2019indole contemplativa, che giustamente sentite il dovere di assumere nuovamente in pienezza. Insieme con i sacerdoti che accompagnate, siete chiamati a riscoprire il primato della\u00a0<i>vita spirituale<\/i>, consapevoli che la maturit\u00e0 sacerdotale si compie quando lo Spirito Santo diventa il protagonista della vita dei ministri ordinati (cfr\u00a0<i><a href=\"https:\/\/www.vatican.va\/content\/francesco\/it\/homilies\/2023\/documents\/20230406-omelia-crisma.html\">Omelia nella Messa Crismale<\/a><\/i>, 6 aprile 2023). Infatti, la vita spirituale di un sacerdote cresce \u00abnon quando si salvano le forme e si cuce una toppa, ma quando si lascia allo Spirito l\u2019iniziativa\u00bb (<i>ivi<\/i>).\u00a0Lasciare allo Spirito l\u2019iniziativa: \u00e8 Lui che porta avanti la conversione e l\u2019armonia nella vita di un sacerdote. Le doppiezze non vanno tollerate ma portate alla luce, alla luce dello Spirito. Lui solo ci guarisce dalle infedelt\u00e0 (cfr\u00a0<i>Os<\/i>\u00a014,5). Lui solo, non altri metodi. Quello che ci guarisce dalle infedelt\u00e0 \u00e8 lo Spirito Santo.<\/p>\n<p>Nel servizio, silenzioso e nascosto, che ogni giorno siete chiamati a svolgere, possiate essere immagine di Ges\u00f9 Cristo<i>, volto della misericordia del Padre<\/i>\u00a0(Bolla\u00a0<i><a href=\"https:\/\/www.vatican.va\/content\/francesco\/it\/bulls\/documents\/papa-francesco_bolla_20150411_misericordiae-vultus.html\">Misericordiae vultus<\/a><\/i>, 11 aprile 2015, 1), che ci rivela il mistero dell\u2019amore divino nella sua pienezza. Come ci ricorda l\u2019apostolo Paolo, \u00abDio dimostra il suo amore verso di noi nel fatto che, mentre eravamo ancora peccatori, Cristo \u00e8 morto per noi\u00bb (<i>Rm\u00a0<\/i>5,8). Lo Spirito vi aiuti a guardare ognuno con gli occhi di Ges\u00f9, con il suo amore, con la sua tenerezza.<\/p>\n<p>Cari fratelli, vi ringrazio di essere venuti e vi auguro un buon cammino come testimoni del Vangelo della misericordia. La Vergine Maria vi accompagni e vi protegga: guardate a Lei per \u00abcredere nella forza rivoluzionaria della tenerezza e dell\u2019affetto\u00bb (Esort. ap.\u00a0<i><a href=\"https:\/\/www.vatican.va\/content\/francesco\/it\/apost_exhortations\/documents\/papa-francesco_esortazione-ap_20131124_evangelii-gaudium.html#La_Stella_della_nuova_evangelizzazione\">Evangelii gaudium<\/a><\/i>, 288). Vi benedico di cuore. E per favore, non dimenticatevi di pregare per me. Grazie.<\/p>\n","protected":false},"excerpt":{"rendered":"<p>Le parole del Papa durante l&#8217;udienza con i servitori del Paraclito<\/p>\n","protected":false},"author":17,"featured_media":79171,"comment_status":"closed","ping_status":"closed","sticky":false,"template":"","format":"standard","meta":{"_acf_changed":false,"_crdt_document":"","inline_featured_image":false,"footnotes":""},"categories":[123,67],"tags":[251,4952,1843],"class_list":["post-79170","post","type-post","status-publish","format-standard","has-post-thumbnail","hentry","category-discorsi","category-leone-xiv","tag-papa-francesco","tag-trending-it","tag-udienza"],"acf":[],"yoast_head":"<!-- This site is optimized with the Yoast SEO plugin v27.5 - https:\/\/yoast.com\/product\/yoast-seo-wordpress\/ -->\n<title>&quot;Accompagnate i sacerdoti offrendo loro un cammino di ascesi, conversione e rinnovamento spirituale&quot; &#8211; Exaudi<\/title>\n<meta name=\"robots\" content=\"index, follow, max-snippet:-1, max-image-preview:large, max-video-preview:-1\" \/>\n<link rel=\"canonical\" href=\"https:\/\/exaudi.org\/it\/accompagnate-i-sacerdoti-offrendo-loro-un-cammino-di-ascesi-conversione-e-rinnovamento-spirituale\/\" \/>\n<meta property=\"og:locale\" content=\"it_IT\" \/>\n<meta property=\"og:type\" content=\"article\" \/>\n<meta property=\"og:title\" content=\"&quot;Accompagnate i sacerdoti offrendo loro un cammino di ascesi, conversione e rinnovamento spirituale&quot; &#8211; Exaudi\" \/>\n<meta property=\"og:description\" content=\"Le parole del Papa durante l&#039;udienza con i servitori del Paraclito\" \/>\n<meta property=\"og:url\" content=\"https:\/\/exaudi.org\/it\/accompagnate-i-sacerdoti-offrendo-loro-un-cammino-di-ascesi-conversione-e-rinnovamento-spirituale\/\" \/>\n<meta property=\"og:site_name\" content=\"Exaudi\" \/>\n<meta property=\"article:publisher\" content=\"https:\/\/www.facebook.com\/ExaudiNews\" \/>\n<meta property=\"article:author\" content=\"https:\/\/www.facebook.com\/ExaudiNotizie\/\" \/>\n<meta property=\"article:published_time\" content=\"2023-06-24T14:48:39+00:00\" \/>\n<meta property=\"og:image\" content=\"https:\/\/exaudi.org\/wp-content\/uploads\/2023\/06\/cq5dam.web_.800.800-11.jpeg\" \/>\n\t<meta property=\"og:image:width\" content=\"800\" \/>\n\t<meta property=\"og:image:height\" content=\"533\" \/>\n\t<meta property=\"og:image:type\" content=\"image\/jpeg\" \/>\n<meta name=\"author\" content=\"Exaudi Redazione\" \/>\n<meta name=\"twitter:card\" content=\"summary_large_image\" \/>\n<meta name=\"twitter:creator\" content=\"@Exaudi_Notizie\" \/>\n<meta name=\"twitter:site\" content=\"@Exaudi_News\" \/>\n<meta name=\"twitter:label1\" content=\"Scritto da\" \/>\n\t<meta name=\"twitter:data1\" content=\"Exaudi Redazione\" \/>\n\t<meta name=\"twitter:label2\" content=\"Tempo di lettura stimato\" \/>\n\t<meta name=\"twitter:data2\" content=\"3 minuti\" \/>\n<script type=\"application\/ld+json\" class=\"yoast-schema-graph\">{\"@context\":\"https:\\\/\\\/schema.org\",\"@graph\":[{\"@type\":\"Article\",\"@id\":\"https:\\\/\\\/exaudi.org\\\/it\\\/accompagnate-i-sacerdoti-offrendo-loro-un-cammino-di-ascesi-conversione-e-rinnovamento-spirituale\\\/#article\",\"isPartOf\":{\"@id\":\"https:\\\/\\\/exaudi.org\\\/it\\\/accompagnate-i-sacerdoti-offrendo-loro-un-cammino-di-ascesi-conversione-e-rinnovamento-spirituale\\\/\"},\"author\":{\"name\":\"Exaudi Redazione\",\"@id\":\"https:\\\/\\\/exaudi.org\\\/#\\\/schema\\\/person\\\/e1ab6ed07c01774724dd96f925f3a5f0\"},\"headline\":\"&#8220;Accompagnate i sacerdoti offrendo loro un cammino di ascesi, conversione e rinnovamento spirituale&#8221;\",\"datePublished\":\"2023-06-24T14:48:39+00:00\",\"mainEntityOfPage\":{\"@id\":\"https:\\\/\\\/exaudi.org\\\/it\\\/accompagnate-i-sacerdoti-offrendo-loro-un-cammino-di-ascesi-conversione-e-rinnovamento-spirituale\\\/\"},\"wordCount\":685,\"image\":{\"@id\":\"https:\\\/\\\/exaudi.org\\\/it\\\/accompagnate-i-sacerdoti-offrendo-loro-un-cammino-di-ascesi-conversione-e-rinnovamento-spirituale\\\/#primaryimage\"},\"thumbnailUrl\":\"https:\\\/\\\/exaudi.org\\\/wp-content\\\/uploads\\\/2023\\\/06\\\/cq5dam.web_.800.800-11.jpeg\",\"keywords\":[\"Papa Francesco\",\"Trending\",\"udienza\"],\"articleSection\":[\"Discorsi\",\"Leone XIV\"],\"inLanguage\":\"it-IT\"},{\"@type\":\"WebPage\",\"@id\":\"https:\\\/\\\/exaudi.org\\\/it\\\/accompagnate-i-sacerdoti-offrendo-loro-un-cammino-di-ascesi-conversione-e-rinnovamento-spirituale\\\/\",\"url\":\"https:\\\/\\\/exaudi.org\\\/it\\\/accompagnate-i-sacerdoti-offrendo-loro-un-cammino-di-ascesi-conversione-e-rinnovamento-spirituale\\\/\",\"name\":\"\\\"Accompagnate i sacerdoti offrendo loro un cammino di ascesi, conversione e rinnovamento spirituale\\\" &#8211; Exaudi\",\"isPartOf\":{\"@id\":\"https:\\\/\\\/exaudi.org\\\/#website\"},\"primaryImageOfPage\":{\"@id\":\"https:\\\/\\\/exaudi.org\\\/it\\\/accompagnate-i-sacerdoti-offrendo-loro-un-cammino-di-ascesi-conversione-e-rinnovamento-spirituale\\\/#primaryimage\"},\"image\":{\"@id\":\"https:\\\/\\\/exaudi.org\\\/it\\\/accompagnate-i-sacerdoti-offrendo-loro-un-cammino-di-ascesi-conversione-e-rinnovamento-spirituale\\\/#primaryimage\"},\"thumbnailUrl\":\"https:\\\/\\\/exaudi.org\\\/wp-content\\\/uploads\\\/2023\\\/06\\\/cq5dam.web_.800.800-11.jpeg\",\"datePublished\":\"2023-06-24T14:48:39+00:00\",\"author\":{\"@id\":\"https:\\\/\\\/exaudi.org\\\/#\\\/schema\\\/person\\\/e1ab6ed07c01774724dd96f925f3a5f0\"},\"breadcrumb\":{\"@id\":\"https:\\\/\\\/exaudi.org\\\/it\\\/accompagnate-i-sacerdoti-offrendo-loro-un-cammino-di-ascesi-conversione-e-rinnovamento-spirituale\\\/#breadcrumb\"},\"inLanguage\":\"it-IT\",\"potentialAction\":[{\"@type\":\"ReadAction\",\"target\":[\"https:\\\/\\\/exaudi.org\\\/it\\\/accompagnate-i-sacerdoti-offrendo-loro-un-cammino-di-ascesi-conversione-e-rinnovamento-spirituale\\\/\"]}]},{\"@type\":\"ImageObject\",\"inLanguage\":\"it-IT\",\"@id\":\"https:\\\/\\\/exaudi.org\\\/it\\\/accompagnate-i-sacerdoti-offrendo-loro-un-cammino-di-ascesi-conversione-e-rinnovamento-spirituale\\\/#primaryimage\",\"url\":\"https:\\\/\\\/exaudi.org\\\/wp-content\\\/uploads\\\/2023\\\/06\\\/cq5dam.web_.800.800-11.jpeg\",\"contentUrl\":\"https:\\\/\\\/exaudi.org\\\/wp-content\\\/uploads\\\/2023\\\/06\\\/cq5dam.web_.800.800-11.jpeg\",\"width\":800,\"height\":533,\"caption\":\"Vatican Media\"},{\"@type\":\"BreadcrumbList\",\"@id\":\"https:\\\/\\\/exaudi.org\\\/it\\\/accompagnate-i-sacerdoti-offrendo-loro-un-cammino-di-ascesi-conversione-e-rinnovamento-spirituale\\\/#breadcrumb\",\"itemListElement\":[{\"@type\":\"ListItem\",\"position\":1,\"name\":\"Portada\",\"item\":\"https:\\\/\\\/exaudi.org\\\/it\\\/\"},{\"@type\":\"ListItem\",\"position\":2,\"name\":\"&#8220;Accompagnate i sacerdoti offrendo loro un cammino di ascesi, conversione e rinnovamento spirituale&#8221;\"}]},{\"@type\":\"WebSite\",\"@id\":\"https:\\\/\\\/exaudi.org\\\/#website\",\"url\":\"https:\\\/\\\/exaudi.org\\\/\",\"name\":\"Exaudi\",\"description\":\"News\",\"potentialAction\":[{\"@type\":\"SearchAction\",\"target\":{\"@type\":\"EntryPoint\",\"urlTemplate\":\"https:\\\/\\\/exaudi.org\\\/?s={search_term_string}\"},\"query-input\":{\"@type\":\"PropertyValueSpecification\",\"valueRequired\":true,\"valueName\":\"search_term_string\"}}],\"inLanguage\":\"it-IT\"},{\"@type\":\"Person\",\"@id\":\"https:\\\/\\\/exaudi.org\\\/#\\\/schema\\\/person\\\/e1ab6ed07c01774724dd96f925f3a5f0\",\"name\":\"Exaudi Redazione\",\"image\":{\"@type\":\"ImageObject\",\"inLanguage\":\"it-IT\",\"@id\":\"https:\\\/\\\/secure.gravatar.com\\\/avatar\\\/ad6774b3ada023bf5b939d64f45c94b3adf91502dd883507d469b4308a943bb3?s=96&d=mm&r=g\",\"url\":\"https:\\\/\\\/secure.gravatar.com\\\/avatar\\\/ad6774b3ada023bf5b939d64f45c94b3adf91502dd883507d469b4308a943bb3?s=96&d=mm&r=g\",\"contentUrl\":\"https:\\\/\\\/secure.gravatar.com\\\/avatar\\\/ad6774b3ada023bf5b939d64f45c94b3adf91502dd883507d469b4308a943bb3?s=96&d=mm&r=g\",\"caption\":\"Exaudi Redazione\"},\"description\":\"Che cosa \u00e8 Exaudi News? Exaudi News \u00e8 un agenzia cattolica internazionale che informa, istruisce e trasforma quotidianamente in spagnolo, inglese e italiano. Attraverso notizie, articoli di analisi e trasmissioni in diretta degli eventi del Papa, Exaudi cerca di rafforzare l'unit\u00e0 dei cristiani e di contribuire all'evangelizzazione del mondo, sempre guidato dalla dottrina sociale della Chiesa. Lavoriamo per portare la verit\u00e0 e i valori cristiani in ogni angolo del pianeta. Aiutaci a trasformare il mondo con Exaudi! Noi di Exaudi crediamo che l'evangelizzazione e l'informazione di qualit\u00e0 possano cambiare la vita. Per continuare la nostra missione ed espandere la nostra portata, abbiamo bisogno del tuo aiuto. Stiamo anche cercando persone motivate che vogliano unirsi al nostro team. Grazie al vostro sostegno raggiungeremo pi\u00f9 persone, diffonderemo il messaggio di Cristo e rafforzeremo l'unit\u00e0 dei cristiani. Vuoi unirti alla nostra missione? Per maggiori informazioni su come contribuire, visita Exaudi.org\\\/it o contattaci direttamente: info@exaudi.org Exaudi: informa, forma e trasforma.\",\"sameAs\":[\"https:\\\/\\\/www.facebook.com\\\/ExaudiNotizie\\\/\",\"https:\\\/\\\/www.instagram.com\\\/Exaudi_notizie\\\/\",\"https:\\\/\\\/x.com\\\/Exaudi_Notizie\",\"https:\\\/\\\/www.youtube.com\\\/@exaudicatholicnews\"],\"url\":\"https:\\\/\\\/exaudi.org\\\/it\\\/author\\\/dlvedi-org\\\/\"}]}<\/script>\n<!-- \/ Yoast SEO plugin. -->","yoast_head_json":{"title":"\"Accompagnate i sacerdoti offrendo loro un cammino di ascesi, conversione e rinnovamento spirituale\" &#8211; Exaudi","robots":{"index":"index","follow":"follow","max-snippet":"max-snippet:-1","max-image-preview":"max-image-preview:large","max-video-preview":"max-video-preview:-1"},"canonical":"https:\/\/exaudi.org\/it\/accompagnate-i-sacerdoti-offrendo-loro-un-cammino-di-ascesi-conversione-e-rinnovamento-spirituale\/","og_locale":"it_IT","og_type":"article","og_title":"\"Accompagnate i sacerdoti offrendo loro un cammino di ascesi, conversione e rinnovamento spirituale\" &#8211; Exaudi","og_description":"Le parole del Papa durante l'udienza con i servitori del Paraclito","og_url":"https:\/\/exaudi.org\/it\/accompagnate-i-sacerdoti-offrendo-loro-un-cammino-di-ascesi-conversione-e-rinnovamento-spirituale\/","og_site_name":"Exaudi","article_publisher":"https:\/\/www.facebook.com\/ExaudiNews","article_author":"https:\/\/www.facebook.com\/ExaudiNotizie\/","article_published_time":"2023-06-24T14:48:39+00:00","og_image":[{"width":800,"height":533,"url":"https:\/\/exaudi.org\/wp-content\/uploads\/2023\/06\/cq5dam.web_.800.800-11.jpeg","type":"image\/jpeg"}],"author":"Exaudi Redazione","twitter_card":"summary_large_image","twitter_creator":"@Exaudi_Notizie","twitter_site":"@Exaudi_News","twitter_misc":{"Scritto da":"Exaudi Redazione","Tempo di lettura stimato":"3 minuti"},"schema":{"@context":"https:\/\/schema.org","@graph":[{"@type":"Article","@id":"https:\/\/exaudi.org\/it\/accompagnate-i-sacerdoti-offrendo-loro-un-cammino-di-ascesi-conversione-e-rinnovamento-spirituale\/#article","isPartOf":{"@id":"https:\/\/exaudi.org\/it\/accompagnate-i-sacerdoti-offrendo-loro-un-cammino-di-ascesi-conversione-e-rinnovamento-spirituale\/"},"author":{"name":"Exaudi Redazione","@id":"https:\/\/exaudi.org\/#\/schema\/person\/e1ab6ed07c01774724dd96f925f3a5f0"},"headline":"&#8220;Accompagnate i sacerdoti offrendo loro un cammino di ascesi, conversione e rinnovamento spirituale&#8221;","datePublished":"2023-06-24T14:48:39+00:00","mainEntityOfPage":{"@id":"https:\/\/exaudi.org\/it\/accompagnate-i-sacerdoti-offrendo-loro-un-cammino-di-ascesi-conversione-e-rinnovamento-spirituale\/"},"wordCount":685,"image":{"@id":"https:\/\/exaudi.org\/it\/accompagnate-i-sacerdoti-offrendo-loro-un-cammino-di-ascesi-conversione-e-rinnovamento-spirituale\/#primaryimage"},"thumbnailUrl":"https:\/\/exaudi.org\/wp-content\/uploads\/2023\/06\/cq5dam.web_.800.800-11.jpeg","keywords":["Papa Francesco","Trending","udienza"],"articleSection":["Discorsi","Leone XIV"],"inLanguage":"it-IT"},{"@type":"WebPage","@id":"https:\/\/exaudi.org\/it\/accompagnate-i-sacerdoti-offrendo-loro-un-cammino-di-ascesi-conversione-e-rinnovamento-spirituale\/","url":"https:\/\/exaudi.org\/it\/accompagnate-i-sacerdoti-offrendo-loro-un-cammino-di-ascesi-conversione-e-rinnovamento-spirituale\/","name":"\"Accompagnate i sacerdoti offrendo loro un cammino di ascesi, conversione e rinnovamento spirituale\" &#8211; Exaudi","isPartOf":{"@id":"https:\/\/exaudi.org\/#website"},"primaryImageOfPage":{"@id":"https:\/\/exaudi.org\/it\/accompagnate-i-sacerdoti-offrendo-loro-un-cammino-di-ascesi-conversione-e-rinnovamento-spirituale\/#primaryimage"},"image":{"@id":"https:\/\/exaudi.org\/it\/accompagnate-i-sacerdoti-offrendo-loro-un-cammino-di-ascesi-conversione-e-rinnovamento-spirituale\/#primaryimage"},"thumbnailUrl":"https:\/\/exaudi.org\/wp-content\/uploads\/2023\/06\/cq5dam.web_.800.800-11.jpeg","datePublished":"2023-06-24T14:48:39+00:00","author":{"@id":"https:\/\/exaudi.org\/#\/schema\/person\/e1ab6ed07c01774724dd96f925f3a5f0"},"breadcrumb":{"@id":"https:\/\/exaudi.org\/it\/accompagnate-i-sacerdoti-offrendo-loro-un-cammino-di-ascesi-conversione-e-rinnovamento-spirituale\/#breadcrumb"},"inLanguage":"it-IT","potentialAction":[{"@type":"ReadAction","target":["https:\/\/exaudi.org\/it\/accompagnate-i-sacerdoti-offrendo-loro-un-cammino-di-ascesi-conversione-e-rinnovamento-spirituale\/"]}]},{"@type":"ImageObject","inLanguage":"it-IT","@id":"https:\/\/exaudi.org\/it\/accompagnate-i-sacerdoti-offrendo-loro-un-cammino-di-ascesi-conversione-e-rinnovamento-spirituale\/#primaryimage","url":"https:\/\/exaudi.org\/wp-content\/uploads\/2023\/06\/cq5dam.web_.800.800-11.jpeg","contentUrl":"https:\/\/exaudi.org\/wp-content\/uploads\/2023\/06\/cq5dam.web_.800.800-11.jpeg","width":800,"height":533,"caption":"Vatican Media"},{"@type":"BreadcrumbList","@id":"https:\/\/exaudi.org\/it\/accompagnate-i-sacerdoti-offrendo-loro-un-cammino-di-ascesi-conversione-e-rinnovamento-spirituale\/#breadcrumb","itemListElement":[{"@type":"ListItem","position":1,"name":"Portada","item":"https:\/\/exaudi.org\/it\/"},{"@type":"ListItem","position":2,"name":"&#8220;Accompagnate i sacerdoti offrendo loro un cammino di ascesi, conversione e rinnovamento spirituale&#8221;"}]},{"@type":"WebSite","@id":"https:\/\/exaudi.org\/#website","url":"https:\/\/exaudi.org\/","name":"Exaudi","description":"News","potentialAction":[{"@type":"SearchAction","target":{"@type":"EntryPoint","urlTemplate":"https:\/\/exaudi.org\/?s={search_term_string}"},"query-input":{"@type":"PropertyValueSpecification","valueRequired":true,"valueName":"search_term_string"}}],"inLanguage":"it-IT"},{"@type":"Person","@id":"https:\/\/exaudi.org\/#\/schema\/person\/e1ab6ed07c01774724dd96f925f3a5f0","name":"Exaudi Redazione","image":{"@type":"ImageObject","inLanguage":"it-IT","@id":"https:\/\/secure.gravatar.com\/avatar\/ad6774b3ada023bf5b939d64f45c94b3adf91502dd883507d469b4308a943bb3?s=96&d=mm&r=g","url":"https:\/\/secure.gravatar.com\/avatar\/ad6774b3ada023bf5b939d64f45c94b3adf91502dd883507d469b4308a943bb3?s=96&d=mm&r=g","contentUrl":"https:\/\/secure.gravatar.com\/avatar\/ad6774b3ada023bf5b939d64f45c94b3adf91502dd883507d469b4308a943bb3?s=96&d=mm&r=g","caption":"Exaudi Redazione"},"description":"Che cosa \u00e8 Exaudi News? Exaudi News \u00e8 un agenzia cattolica internazionale che informa, istruisce e trasforma quotidianamente in spagnolo, inglese e italiano. Attraverso notizie, articoli di analisi e trasmissioni in diretta degli eventi del Papa, Exaudi cerca di rafforzare l'unit\u00e0 dei cristiani e di contribuire all'evangelizzazione del mondo, sempre guidato dalla dottrina sociale della Chiesa. Lavoriamo per portare la verit\u00e0 e i valori cristiani in ogni angolo del pianeta. Aiutaci a trasformare il mondo con Exaudi! Noi di Exaudi crediamo che l'evangelizzazione e l'informazione di qualit\u00e0 possano cambiare la vita. Per continuare la nostra missione ed espandere la nostra portata, abbiamo bisogno del tuo aiuto. Stiamo anche cercando persone motivate che vogliano unirsi al nostro team. Grazie al vostro sostegno raggiungeremo pi\u00f9 persone, diffonderemo il messaggio di Cristo e rafforzeremo l'unit\u00e0 dei cristiani. Vuoi unirti alla nostra missione? Per maggiori informazioni su come contribuire, visita Exaudi.org\/it o contattaci direttamente: info@exaudi.org Exaudi: informa, forma e trasforma.","sameAs":["https:\/\/www.facebook.com\/ExaudiNotizie\/","https:\/\/www.instagram.com\/Exaudi_notizie\/","https:\/\/x.com\/Exaudi_Notizie","https:\/\/www.youtube.com\/@exaudicatholicnews"],"url":"https:\/\/exaudi.org\/it\/author\/dlvedi-org\/"}]}},"jetpack_featured_media_url":"https:\/\/exaudi.org\/wp-content\/uploads\/2023\/06\/cq5dam.web_.800.800-11.jpeg","jetpack_shortlink":"https:\/\/wp.me\/pgKjF2-kAW","_links":{"self":[{"href":"https:\/\/exaudi.org\/it\/wp-json\/wp\/v2\/posts\/79170","targetHints":{"allow":["GET"]}}],"collection":[{"href":"https:\/\/exaudi.org\/it\/wp-json\/wp\/v2\/posts"}],"about":[{"href":"https:\/\/exaudi.org\/it\/wp-json\/wp\/v2\/types\/post"}],"author":[{"embeddable":true,"href":"https:\/\/exaudi.org\/it\/wp-json\/wp\/v2\/users\/17"}],"replies":[{"embeddable":true,"href":"https:\/\/exaudi.org\/it\/wp-json\/wp\/v2\/comments?post=79170"}],"version-history":[{"count":0,"href":"https:\/\/exaudi.org\/it\/wp-json\/wp\/v2\/posts\/79170\/revisions"}],"wp:featuredmedia":[{"embeddable":true,"href":"https:\/\/exaudi.org\/it\/wp-json\/wp\/v2\/media\/79171"}],"wp:attachment":[{"href":"https:\/\/exaudi.org\/it\/wp-json\/wp\/v2\/media?parent=79170"}],"wp:term":[{"taxonomy":"category","embeddable":true,"href":"https:\/\/exaudi.org\/it\/wp-json\/wp\/v2\/categories?post=79170"},{"taxonomy":"post_tag","embeddable":true,"href":"https:\/\/exaudi.org\/it\/wp-json\/wp\/v2\/tags?post=79170"}],"curies":[{"name":"wp","href":"https:\/\/api.w.org\/{rel}","templated":true}]}}