{"id":79107,"date":"2023-06-22T22:24:09","date_gmt":"2023-06-22T20:24:09","guid":{"rendered":"https:\/\/exaudi.org\/?p=79107"},"modified":"2023-06-22T22:24:37","modified_gmt":"2023-06-22T20:24:37","slug":"il-papa-40-giorni-alla-gmg-ce-chi-pensa-che-non-possa-partire-ma-io-saro-con-voi","status":"publish","type":"post","link":"https:\/\/exaudi.org\/it\/il-papa-40-giorni-alla-gmg-ce-chi-pensa-che-non-possa-partire-ma-io-saro-con-voi\/","title":{"rendered":"Il Papa: 40 giorni alla Gmg. C\u2019\u00e8 chi pensa che non possa partire, ma io sar\u00f2 con voi"},"content":{"rendered":"<audio class=\"wp-audio-shortcode\" id=\"audio-79107-1\" preload=\"none\" style=\"width: 100%;\" controls=\"controls\"><source type=\"audio\/mpeg\" src=\"https:\/\/exaudi.org\/wp-content\/uploads\/2023\/06\/Il-Papa-40-giorni-alla-Gmg-Ce-chi-pensa-che.mp3?_=1\" \/><a href=\"https:\/\/exaudi.org\/wp-content\/uploads\/2023\/06\/Il-Papa-40-giorni-alla-Gmg-Ce-chi-pensa-che.mp3\">https:\/\/exaudi.org\/wp-content\/uploads\/2023\/06\/Il-Papa-40-giorni-alla-Gmg-Ce-chi-pensa-che.mp3<\/a><\/audio>\n<p>\u201cAlcuni pensano che per via della malattia non posso andare, ma il medico mi ha detto che posso, quindi sar\u00f2 con voi. Avanti, giovani!\u201d. Nella stessa mattina in cui durante l\u2019udienza alla Roaco ha parlato di un po\u2019 di fastidi derivanti dalla recente operazione di laparotomia, il Papa invia un messaggio a ragazzi e ragazze di ogni continente che dall&#8217;1 al 6 agosto prossimi\u00a0si riuniranno tutti a Lisbona per la Giornata Mondiale della Giovent\u00f9 e li rassicura sulla sua presenza al grande evento. Mostrando lo zainetto grigio con il kit che verr\u00e0 distribuito ai pellegrini, afferma:<\/p>\n<p><i>\u201cMancano 40 giorni, come una Quaresima, all\u2019incontro di Lisbona. Io sono pronto! Ho gi\u00e0 tutto, non vedo l\u2019ora di andare!\u201d.<\/i><\/p>\n<h2><strong>Pregate per quelli che riducono la vita a delle idee<\/strong><\/h2>\n<p>Il Papa parla ai giovani &#8211; sia quelli indaffarati nei preparativi per il viaggio, sia coloro che seguiranno l&#8217;appuntamento mondiale a distanza &#8211; in un videomessaggio registrato oggi, 22 giugno, durante l&#8217;udienza in Vaticano al vescovo Am\u00e9rico Manuel Alves Aguiar, ausiliare di Lisbona e\u00a0presidente della Fondazione Gmg. L&#8217;organizzazione della Giornata Mondiale ha diffuso due filmati: uno indirizzato ai partecipanti, l&#8217;altro a coloro che sono impiegati ormai da mesi per mettere a punto organizzazione, accoglienza, sistemazione dei pellegrini.<\/p>\n<p>\u201cLa Giornata \u00e8 un punto di attrazione per tutti. In questo momento \u00e8 il punto a cui dobbiamo guardare. A cui dovete guardare voi giovani\u201d, scandisce il Papa. &#8220;Avanti, giovani!&#8221;, incoraggia, aggiungendo: &#8220;Non ascoltate quelli che riducono la vita a delle idee. Poveri. Hanno perso la gioia della vita e la gioia dell&#8217;incontro. Pregate per loro&#8221;.<\/p>\n<h2><strong>I tre linguaggi<\/strong><\/h2>\n<p>Ai ragazzi Francesco chiede ancora una volta, come gi\u00e0 in altri incontri con le nuove generazioni, di approcciarsi alla vita con &#8220;i\u00a0tre linguaggi&#8221;: &#8220;Il linguaggio della testa, quello del cuore e il linguaggio delle mani&#8221;.<\/p>\n<p><i>Il linguaggio della testa per pensare chiaramente a quello che sentiamo e facciamo. Il linguaggio del cuore per sentire bene, profondamente,\u00a0 quello che pensiamo e facciamo. Il linguaggio delle mani per realizzare quello che sentiamo e pensiamo.<\/i><\/p>\n<p>&#8220;Avanti, coraggio. Ci vediamo a Lisbona!&#8221;, \u00e8 il suo saluto finale.<\/p>\n<p><iframe loading=\"lazy\" title=\"El Papa a los j\u00f3venes: Estar\u00e9 con vosotros\u201d\" width=\"500\" height=\"281\" src=\"https:\/\/www.youtube.com\/embed\/40rmvQjbgm8?feature=oembed\" frameborder=\"0\" allow=\"accelerometer; autoplay; clipboard-write; encrypted-media; gyroscope; picture-in-picture; web-share\" referrerpolicy=\"strict-origin-when-cross-origin\" allowfullscreen><\/iframe><\/p>\n<h2><strong>Il grazie ai &#8220;lavoratori&#8221;<\/strong><\/h2>\n<p>Parlando in un altro videomessaggio ai &#8220;<i>trabalhadores<\/i>&#8220;, i &#8220;lavoratori&#8221; della Gmg, il Papa esprime anzitutto la sua gratitudine: &#8220;Grazie. So che state spendendo ore e ore di lavoro per rendere possibile tutto questo. E questa non \u00e8 la parte peggiore. La pi\u00f9 difficile verr\u00e0 dopo, quando durante la Giornata dovrete mantenere le strutture di ordine, salute, cibo, pulizia, tante cose che sono necessarie. Non apparite come protagonisti della GMG, ma siete voi che la rendete possibile&#8221;.<\/p>\n<p><i>La GMG non pu\u00f2 essere realizzata senza il vostro lavoro. Per questo vi dico grazie, grazie per essere semi. Siete come semi, germoglierete dal basso. Non si vede, ma nascer\u00e0 il frutto.<\/i><\/p>\n<h2><strong>Incoraggiamento<\/strong><\/h2>\n<p>&#8220;Grazie per aver aiutato questa organizzazione. Grazie per la vostra generosit\u00e0.&#8221;, ripete il Vescovo di Roma. Infine un&#8217;ultima parola di incoraggiamento: &#8220;Grazie per non esservi fatti sedurre dal canto delle sirene. L&#8217;unica cosa che sanno fare \u00e8 criticare gli altri e non sono capaci di presentare un progetto valido. Grazie, grazie, grazie!&#8221;.<\/p>\n<p>Papa Francesco, come confermato dalla Sala Stampa vaticana, sar\u00e0 a Lisbona dal 2 al 6 agosto prossimi. Il 5 \u00e8 prevista una tappa al Santuario mariano di Fatima: un ritorno, dopo il viaggio del 2017 in occasione del centenario delle apparizioni mariane ai tre pastorelli. Di una dei tre, suor Lucia dos Santos, custode del &#8220;terzo Segreto&#8221;, mortan nel 2005, il Papa ha riconosciuto proprio oggi le virt\u00f9 eroiche. Diventa quindi venerabile.<\/p>\n<p><iframe loading=\"lazy\" title=\"El Papa a la sociedad: Gracias por ser semilla\" width=\"500\" height=\"281\" src=\"https:\/\/www.youtube.com\/embed\/msJeIPn-cP8?feature=oembed\" frameborder=\"0\" allow=\"accelerometer; autoplay; clipboard-write; encrypted-media; gyroscope; picture-in-picture; web-share\" referrerpolicy=\"strict-origin-when-cross-origin\" allowfullscreen><\/iframe><\/p>\n<p><img loading=\"lazy\" decoding=\"async\" class=\"size-full wp-image-79111 aligncenter\" src=\"https:\/\/exaudi.org\/wp-content\/uploads\/2023\/06\/It.jpg\" alt=\"\" width=\"1080\" height=\"1080\" srcset=\"https:\/\/exaudi.org\/wp-content\/uploads\/2023\/06\/It.jpg 1080w, https:\/\/exaudi.org\/wp-content\/uploads\/2023\/06\/It-300x300.jpg 300w, https:\/\/exaudi.org\/wp-content\/uploads\/2023\/06\/It-1024x1024.jpg 1024w, https:\/\/exaudi.org\/wp-content\/uploads\/2023\/06\/It-100x100.jpg?crop=1 100w, https:\/\/exaudi.org\/wp-content\/uploads\/2023\/06\/It-770x770.jpg 770w, https:\/\/exaudi.org\/wp-content\/uploads\/2023\/06\/It-500x500.jpg 500w, https:\/\/exaudi.org\/wp-content\/uploads\/2023\/06\/It-293x293.jpg 293w, https:\/\/exaudi.org\/wp-content\/uploads\/2023\/06\/It-390x390.jpg 390w, https:\/\/exaudi.org\/wp-content\/uploads\/2023\/06\/It-585x585.jpg 585w, https:\/\/exaudi.org\/wp-content\/uploads\/2023\/06\/It-900x900.jpg 900w\" sizes=\"auto, (max-width: 1080px) 100vw, 1080px\" \/><\/p>\n","protected":false},"excerpt":{"rendered":"<p>Videomessaggio di Francesco a ragazzi e ragazze che parteciperanno la Giornata Mondiale della Giovent\u00f9 dei primi di agosto a Lisbona: &#8220;Il medico mi ha detto che posso partire, non vedo l&#8217;ora&#8221;<\/p>\n","protected":false},"author":17,"featured_media":79090,"comment_status":"closed","ping_status":"closed","sticky":false,"template":"","format":"standard","meta":{"_acf_changed":false,"_crdt_document":"","inline_featured_image":false,"footnotes":""},"categories":[99,67,125],"tags":[4512,2487,1141,9527,251],"class_list":["post-79107","post","type-post","status-publish","format-standard","has-post-thumbnail","hentry","category-giovani","category-leone-xiv","category-viaggi-papali","tag-chiesa-cattolica","tag-featured-3","tag-giovani","tag-gmglisbona","tag-papa-francesco"],"acf":[],"yoast_head":"<!-- This site is optimized with the Yoast SEO plugin v27.4 - https:\/\/yoast.com\/product\/yoast-seo-wordpress\/ -->\n<title>Il Papa: 40 giorni alla Gmg. C\u2019\u00e8 chi pensa che non possa partire, ma io sar\u00f2 con voi &#8211; Exaudi<\/title>\n<meta name=\"robots\" content=\"index, follow, max-snippet:-1, max-image-preview:large, max-video-preview:-1\" \/>\n<link rel=\"canonical\" href=\"https:\/\/exaudi.org\/it\/il-papa-40-giorni-alla-gmg-ce-chi-pensa-che-non-possa-partire-ma-io-saro-con-voi\/\" \/>\n<meta property=\"og:locale\" content=\"it_IT\" \/>\n<meta property=\"og:type\" content=\"article\" \/>\n<meta property=\"og:title\" content=\"Il Papa: 40 giorni alla Gmg. C\u2019\u00e8 chi pensa che non possa partire, ma io sar\u00f2 con voi &#8211; Exaudi\" \/>\n<meta property=\"og:description\" content=\"Videomessaggio di Francesco a ragazzi e ragazze che parteciperanno la Giornata Mondiale della Giovent\u00f9 dei primi di agosto a Lisbona: &quot;Il medico mi ha detto che posso partire, non vedo l&#039;ora&quot;\" \/>\n<meta property=\"og:url\" content=\"https:\/\/exaudi.org\/it\/il-papa-40-giorni-alla-gmg-ce-chi-pensa-che-non-possa-partire-ma-io-saro-con-voi\/\" \/>\n<meta property=\"og:site_name\" content=\"Exaudi\" \/>\n<meta property=\"article:publisher\" content=\"https:\/\/www.facebook.com\/ExaudiNews\" \/>\n<meta property=\"article:author\" content=\"https:\/\/www.facebook.com\/ExaudiNotizie\/\" \/>\n<meta property=\"article:published_time\" content=\"2023-06-22T20:24:09+00:00\" \/>\n<meta property=\"article:modified_time\" content=\"2023-06-22T20:24:37+00:00\" \/>\n<meta property=\"og:image\" content=\"https:\/\/exaudi.org\/wp-content\/uploads\/2023\/06\/maxresdefault-1.jpg\" \/>\n\t<meta property=\"og:image:width\" content=\"1280\" \/>\n\t<meta property=\"og:image:height\" content=\"720\" \/>\n\t<meta property=\"og:image:type\" content=\"image\/jpeg\" \/>\n<meta name=\"author\" content=\"Exaudi Redazione\" \/>\n<meta name=\"twitter:card\" content=\"summary_large_image\" \/>\n<meta name=\"twitter:creator\" content=\"@Exaudi_Notizie\" \/>\n<meta name=\"twitter:site\" content=\"@Exaudi_News\" \/>\n<meta name=\"twitter:label1\" content=\"Scritto da\" \/>\n\t<meta name=\"twitter:data1\" content=\"Exaudi Redazione\" \/>\n\t<meta name=\"twitter:label2\" content=\"Tempo di lettura stimato\" \/>\n\t<meta name=\"twitter:data2\" content=\"3 minuti\" \/>\n<script type=\"application\/ld+json\" class=\"yoast-schema-graph\">{\"@context\":\"https:\\\/\\\/schema.org\",\"@graph\":[{\"@type\":\"Article\",\"@id\":\"https:\\\/\\\/exaudi.org\\\/it\\\/il-papa-40-giorni-alla-gmg-ce-chi-pensa-che-non-possa-partire-ma-io-saro-con-voi\\\/#article\",\"isPartOf\":{\"@id\":\"https:\\\/\\\/exaudi.org\\\/it\\\/il-papa-40-giorni-alla-gmg-ce-chi-pensa-che-non-possa-partire-ma-io-saro-con-voi\\\/\"},\"author\":{\"name\":\"Exaudi Redazione\",\"@id\":\"https:\\\/\\\/exaudi.org\\\/#\\\/schema\\\/person\\\/e1ab6ed07c01774724dd96f925f3a5f0\"},\"headline\":\"Il Papa: 40 giorni alla Gmg. C\u2019\u00e8 chi pensa che non possa partire, ma io sar\u00f2 con voi\",\"datePublished\":\"2023-06-22T20:24:09+00:00\",\"dateModified\":\"2023-06-22T20:24:37+00:00\",\"mainEntityOfPage\":{\"@id\":\"https:\\\/\\\/exaudi.org\\\/it\\\/il-papa-40-giorni-alla-gmg-ce-chi-pensa-che-non-possa-partire-ma-io-saro-con-voi\\\/\"},\"wordCount\":618,\"image\":{\"@id\":\"https:\\\/\\\/exaudi.org\\\/it\\\/il-papa-40-giorni-alla-gmg-ce-chi-pensa-che-non-possa-partire-ma-io-saro-con-voi\\\/#primaryimage\"},\"thumbnailUrl\":\"https:\\\/\\\/exaudi.org\\\/wp-content\\\/uploads\\\/2023\\\/06\\\/maxresdefault-1.jpg\",\"keywords\":[\"Chiesa cattolica\",\"Featured\",\"giovani\",\"GMGLISBONA\",\"Papa Francesco\"],\"articleSection\":[\"Giovani\",\"Leone XIV\",\"Viaggi papali\"],\"inLanguage\":\"it-IT\"},{\"@type\":\"WebPage\",\"@id\":\"https:\\\/\\\/exaudi.org\\\/it\\\/il-papa-40-giorni-alla-gmg-ce-chi-pensa-che-non-possa-partire-ma-io-saro-con-voi\\\/\",\"url\":\"https:\\\/\\\/exaudi.org\\\/it\\\/il-papa-40-giorni-alla-gmg-ce-chi-pensa-che-non-possa-partire-ma-io-saro-con-voi\\\/\",\"name\":\"Il Papa: 40 giorni alla Gmg. C\u2019\u00e8 chi pensa che non possa partire, ma io sar\u00f2 con voi &#8211; Exaudi\",\"isPartOf\":{\"@id\":\"https:\\\/\\\/exaudi.org\\\/#website\"},\"primaryImageOfPage\":{\"@id\":\"https:\\\/\\\/exaudi.org\\\/it\\\/il-papa-40-giorni-alla-gmg-ce-chi-pensa-che-non-possa-partire-ma-io-saro-con-voi\\\/#primaryimage\"},\"image\":{\"@id\":\"https:\\\/\\\/exaudi.org\\\/it\\\/il-papa-40-giorni-alla-gmg-ce-chi-pensa-che-non-possa-partire-ma-io-saro-con-voi\\\/#primaryimage\"},\"thumbnailUrl\":\"https:\\\/\\\/exaudi.org\\\/wp-content\\\/uploads\\\/2023\\\/06\\\/maxresdefault-1.jpg\",\"datePublished\":\"2023-06-22T20:24:09+00:00\",\"dateModified\":\"2023-06-22T20:24:37+00:00\",\"author\":{\"@id\":\"https:\\\/\\\/exaudi.org\\\/#\\\/schema\\\/person\\\/e1ab6ed07c01774724dd96f925f3a5f0\"},\"breadcrumb\":{\"@id\":\"https:\\\/\\\/exaudi.org\\\/it\\\/il-papa-40-giorni-alla-gmg-ce-chi-pensa-che-non-possa-partire-ma-io-saro-con-voi\\\/#breadcrumb\"},\"inLanguage\":\"it-IT\",\"potentialAction\":[{\"@type\":\"ReadAction\",\"target\":[\"https:\\\/\\\/exaudi.org\\\/it\\\/il-papa-40-giorni-alla-gmg-ce-chi-pensa-che-non-possa-partire-ma-io-saro-con-voi\\\/\"]}]},{\"@type\":\"ImageObject\",\"inLanguage\":\"it-IT\",\"@id\":\"https:\\\/\\\/exaudi.org\\\/it\\\/il-papa-40-giorni-alla-gmg-ce-chi-pensa-che-non-possa-partire-ma-io-saro-con-voi\\\/#primaryimage\",\"url\":\"https:\\\/\\\/exaudi.org\\\/wp-content\\\/uploads\\\/2023\\\/06\\\/maxresdefault-1.jpg\",\"contentUrl\":\"https:\\\/\\\/exaudi.org\\\/wp-content\\\/uploads\\\/2023\\\/06\\\/maxresdefault-1.jpg\",\"width\":1280,\"height\":720,\"caption\":\"Vatican Media\"},{\"@type\":\"BreadcrumbList\",\"@id\":\"https:\\\/\\\/exaudi.org\\\/it\\\/il-papa-40-giorni-alla-gmg-ce-chi-pensa-che-non-possa-partire-ma-io-saro-con-voi\\\/#breadcrumb\",\"itemListElement\":[{\"@type\":\"ListItem\",\"position\":1,\"name\":\"Portada\",\"item\":\"https:\\\/\\\/exaudi.org\\\/it\\\/\"},{\"@type\":\"ListItem\",\"position\":2,\"name\":\"Il Papa: 40 giorni alla Gmg. C\u2019\u00e8 chi pensa che non possa partire, ma io sar\u00f2 con voi\"}]},{\"@type\":\"WebSite\",\"@id\":\"https:\\\/\\\/exaudi.org\\\/#website\",\"url\":\"https:\\\/\\\/exaudi.org\\\/\",\"name\":\"Exaudi\",\"description\":\"News\",\"potentialAction\":[{\"@type\":\"SearchAction\",\"target\":{\"@type\":\"EntryPoint\",\"urlTemplate\":\"https:\\\/\\\/exaudi.org\\\/?s={search_term_string}\"},\"query-input\":{\"@type\":\"PropertyValueSpecification\",\"valueRequired\":true,\"valueName\":\"search_term_string\"}}],\"inLanguage\":\"it-IT\"},{\"@type\":\"Person\",\"@id\":\"https:\\\/\\\/exaudi.org\\\/#\\\/schema\\\/person\\\/e1ab6ed07c01774724dd96f925f3a5f0\",\"name\":\"Exaudi Redazione\",\"image\":{\"@type\":\"ImageObject\",\"inLanguage\":\"it-IT\",\"@id\":\"https:\\\/\\\/secure.gravatar.com\\\/avatar\\\/ad6774b3ada023bf5b939d64f45c94b3adf91502dd883507d469b4308a943bb3?s=96&d=mm&r=g\",\"url\":\"https:\\\/\\\/secure.gravatar.com\\\/avatar\\\/ad6774b3ada023bf5b939d64f45c94b3adf91502dd883507d469b4308a943bb3?s=96&d=mm&r=g\",\"contentUrl\":\"https:\\\/\\\/secure.gravatar.com\\\/avatar\\\/ad6774b3ada023bf5b939d64f45c94b3adf91502dd883507d469b4308a943bb3?s=96&d=mm&r=g\",\"caption\":\"Exaudi Redazione\"},\"description\":\"Che cosa \u00e8 Exaudi News? Exaudi News \u00e8 un agenzia cattolica internazionale che informa, istruisce e trasforma quotidianamente in spagnolo, inglese e italiano. Attraverso notizie, articoli di analisi e trasmissioni in diretta degli eventi del Papa, Exaudi cerca di rafforzare l'unit\u00e0 dei cristiani e di contribuire all'evangelizzazione del mondo, sempre guidato dalla dottrina sociale della Chiesa. Lavoriamo per portare la verit\u00e0 e i valori cristiani in ogni angolo del pianeta. Aiutaci a trasformare il mondo con Exaudi! Noi di Exaudi crediamo che l'evangelizzazione e l'informazione di qualit\u00e0 possano cambiare la vita. Per continuare la nostra missione ed espandere la nostra portata, abbiamo bisogno del tuo aiuto. Stiamo anche cercando persone motivate che vogliano unirsi al nostro team. Grazie al vostro sostegno raggiungeremo pi\u00f9 persone, diffonderemo il messaggio di Cristo e rafforzeremo l'unit\u00e0 dei cristiani. Vuoi unirti alla nostra missione? Per maggiori informazioni su come contribuire, visita Exaudi.org\\\/it o contattaci direttamente: info@exaudi.org Exaudi: informa, forma e trasforma.\",\"sameAs\":[\"https:\\\/\\\/www.facebook.com\\\/ExaudiNotizie\\\/\",\"https:\\\/\\\/www.instagram.com\\\/Exaudi_notizie\\\/\",\"https:\\\/\\\/x.com\\\/Exaudi_Notizie\",\"https:\\\/\\\/www.youtube.com\\\/@exaudicatholicnews\"],\"url\":\"https:\\\/\\\/exaudi.org\\\/it\\\/author\\\/dlvedi-org\\\/\"}]}<\/script>\n<!-- \/ Yoast SEO plugin. -->","yoast_head_json":{"title":"Il Papa: 40 giorni alla Gmg. C\u2019\u00e8 chi pensa che non possa partire, ma io sar\u00f2 con voi &#8211; Exaudi","robots":{"index":"index","follow":"follow","max-snippet":"max-snippet:-1","max-image-preview":"max-image-preview:large","max-video-preview":"max-video-preview:-1"},"canonical":"https:\/\/exaudi.org\/it\/il-papa-40-giorni-alla-gmg-ce-chi-pensa-che-non-possa-partire-ma-io-saro-con-voi\/","og_locale":"it_IT","og_type":"article","og_title":"Il Papa: 40 giorni alla Gmg. C\u2019\u00e8 chi pensa che non possa partire, ma io sar\u00f2 con voi &#8211; Exaudi","og_description":"Videomessaggio di Francesco a ragazzi e ragazze che parteciperanno la Giornata Mondiale della Giovent\u00f9 dei primi di agosto a Lisbona: \"Il medico mi ha detto che posso partire, non vedo l'ora\"","og_url":"https:\/\/exaudi.org\/it\/il-papa-40-giorni-alla-gmg-ce-chi-pensa-che-non-possa-partire-ma-io-saro-con-voi\/","og_site_name":"Exaudi","article_publisher":"https:\/\/www.facebook.com\/ExaudiNews","article_author":"https:\/\/www.facebook.com\/ExaudiNotizie\/","article_published_time":"2023-06-22T20:24:09+00:00","article_modified_time":"2023-06-22T20:24:37+00:00","og_image":[{"width":1280,"height":720,"url":"https:\/\/exaudi.org\/wp-content\/uploads\/2023\/06\/maxresdefault-1.jpg","type":"image\/jpeg"}],"author":"Exaudi Redazione","twitter_card":"summary_large_image","twitter_creator":"@Exaudi_Notizie","twitter_site":"@Exaudi_News","twitter_misc":{"Scritto da":"Exaudi Redazione","Tempo di lettura stimato":"3 minuti"},"schema":{"@context":"https:\/\/schema.org","@graph":[{"@type":"Article","@id":"https:\/\/exaudi.org\/it\/il-papa-40-giorni-alla-gmg-ce-chi-pensa-che-non-possa-partire-ma-io-saro-con-voi\/#article","isPartOf":{"@id":"https:\/\/exaudi.org\/it\/il-papa-40-giorni-alla-gmg-ce-chi-pensa-che-non-possa-partire-ma-io-saro-con-voi\/"},"author":{"name":"Exaudi Redazione","@id":"https:\/\/exaudi.org\/#\/schema\/person\/e1ab6ed07c01774724dd96f925f3a5f0"},"headline":"Il Papa: 40 giorni alla Gmg. C\u2019\u00e8 chi pensa che non possa partire, ma io sar\u00f2 con voi","datePublished":"2023-06-22T20:24:09+00:00","dateModified":"2023-06-22T20:24:37+00:00","mainEntityOfPage":{"@id":"https:\/\/exaudi.org\/it\/il-papa-40-giorni-alla-gmg-ce-chi-pensa-che-non-possa-partire-ma-io-saro-con-voi\/"},"wordCount":618,"image":{"@id":"https:\/\/exaudi.org\/it\/il-papa-40-giorni-alla-gmg-ce-chi-pensa-che-non-possa-partire-ma-io-saro-con-voi\/#primaryimage"},"thumbnailUrl":"https:\/\/exaudi.org\/wp-content\/uploads\/2023\/06\/maxresdefault-1.jpg","keywords":["Chiesa cattolica","Featured","giovani","GMGLISBONA","Papa Francesco"],"articleSection":["Giovani","Leone XIV","Viaggi papali"],"inLanguage":"it-IT"},{"@type":"WebPage","@id":"https:\/\/exaudi.org\/it\/il-papa-40-giorni-alla-gmg-ce-chi-pensa-che-non-possa-partire-ma-io-saro-con-voi\/","url":"https:\/\/exaudi.org\/it\/il-papa-40-giorni-alla-gmg-ce-chi-pensa-che-non-possa-partire-ma-io-saro-con-voi\/","name":"Il Papa: 40 giorni alla Gmg. C\u2019\u00e8 chi pensa che non possa partire, ma io sar\u00f2 con voi &#8211; Exaudi","isPartOf":{"@id":"https:\/\/exaudi.org\/#website"},"primaryImageOfPage":{"@id":"https:\/\/exaudi.org\/it\/il-papa-40-giorni-alla-gmg-ce-chi-pensa-che-non-possa-partire-ma-io-saro-con-voi\/#primaryimage"},"image":{"@id":"https:\/\/exaudi.org\/it\/il-papa-40-giorni-alla-gmg-ce-chi-pensa-che-non-possa-partire-ma-io-saro-con-voi\/#primaryimage"},"thumbnailUrl":"https:\/\/exaudi.org\/wp-content\/uploads\/2023\/06\/maxresdefault-1.jpg","datePublished":"2023-06-22T20:24:09+00:00","dateModified":"2023-06-22T20:24:37+00:00","author":{"@id":"https:\/\/exaudi.org\/#\/schema\/person\/e1ab6ed07c01774724dd96f925f3a5f0"},"breadcrumb":{"@id":"https:\/\/exaudi.org\/it\/il-papa-40-giorni-alla-gmg-ce-chi-pensa-che-non-possa-partire-ma-io-saro-con-voi\/#breadcrumb"},"inLanguage":"it-IT","potentialAction":[{"@type":"ReadAction","target":["https:\/\/exaudi.org\/it\/il-papa-40-giorni-alla-gmg-ce-chi-pensa-che-non-possa-partire-ma-io-saro-con-voi\/"]}]},{"@type":"ImageObject","inLanguage":"it-IT","@id":"https:\/\/exaudi.org\/it\/il-papa-40-giorni-alla-gmg-ce-chi-pensa-che-non-possa-partire-ma-io-saro-con-voi\/#primaryimage","url":"https:\/\/exaudi.org\/wp-content\/uploads\/2023\/06\/maxresdefault-1.jpg","contentUrl":"https:\/\/exaudi.org\/wp-content\/uploads\/2023\/06\/maxresdefault-1.jpg","width":1280,"height":720,"caption":"Vatican Media"},{"@type":"BreadcrumbList","@id":"https:\/\/exaudi.org\/it\/il-papa-40-giorni-alla-gmg-ce-chi-pensa-che-non-possa-partire-ma-io-saro-con-voi\/#breadcrumb","itemListElement":[{"@type":"ListItem","position":1,"name":"Portada","item":"https:\/\/exaudi.org\/it\/"},{"@type":"ListItem","position":2,"name":"Il Papa: 40 giorni alla Gmg. C\u2019\u00e8 chi pensa che non possa partire, ma io sar\u00f2 con voi"}]},{"@type":"WebSite","@id":"https:\/\/exaudi.org\/#website","url":"https:\/\/exaudi.org\/","name":"Exaudi","description":"News","potentialAction":[{"@type":"SearchAction","target":{"@type":"EntryPoint","urlTemplate":"https:\/\/exaudi.org\/?s={search_term_string}"},"query-input":{"@type":"PropertyValueSpecification","valueRequired":true,"valueName":"search_term_string"}}],"inLanguage":"it-IT"},{"@type":"Person","@id":"https:\/\/exaudi.org\/#\/schema\/person\/e1ab6ed07c01774724dd96f925f3a5f0","name":"Exaudi Redazione","image":{"@type":"ImageObject","inLanguage":"it-IT","@id":"https:\/\/secure.gravatar.com\/avatar\/ad6774b3ada023bf5b939d64f45c94b3adf91502dd883507d469b4308a943bb3?s=96&d=mm&r=g","url":"https:\/\/secure.gravatar.com\/avatar\/ad6774b3ada023bf5b939d64f45c94b3adf91502dd883507d469b4308a943bb3?s=96&d=mm&r=g","contentUrl":"https:\/\/secure.gravatar.com\/avatar\/ad6774b3ada023bf5b939d64f45c94b3adf91502dd883507d469b4308a943bb3?s=96&d=mm&r=g","caption":"Exaudi Redazione"},"description":"Che cosa \u00e8 Exaudi News? Exaudi News \u00e8 un agenzia cattolica internazionale che informa, istruisce e trasforma quotidianamente in spagnolo, inglese e italiano. Attraverso notizie, articoli di analisi e trasmissioni in diretta degli eventi del Papa, Exaudi cerca di rafforzare l'unit\u00e0 dei cristiani e di contribuire all'evangelizzazione del mondo, sempre guidato dalla dottrina sociale della Chiesa. Lavoriamo per portare la verit\u00e0 e i valori cristiani in ogni angolo del pianeta. Aiutaci a trasformare il mondo con Exaudi! Noi di Exaudi crediamo che l'evangelizzazione e l'informazione di qualit\u00e0 possano cambiare la vita. Per continuare la nostra missione ed espandere la nostra portata, abbiamo bisogno del tuo aiuto. Stiamo anche cercando persone motivate che vogliano unirsi al nostro team. Grazie al vostro sostegno raggiungeremo pi\u00f9 persone, diffonderemo il messaggio di Cristo e rafforzeremo l'unit\u00e0 dei cristiani. Vuoi unirti alla nostra missione? Per maggiori informazioni su come contribuire, visita Exaudi.org\/it o contattaci direttamente: info@exaudi.org Exaudi: informa, forma e trasforma.","sameAs":["https:\/\/www.facebook.com\/ExaudiNotizie\/","https:\/\/www.instagram.com\/Exaudi_notizie\/","https:\/\/x.com\/Exaudi_Notizie","https:\/\/www.youtube.com\/@exaudicatholicnews"],"url":"https:\/\/exaudi.org\/it\/author\/dlvedi-org\/"}]}},"jetpack_featured_media_url":"https:\/\/exaudi.org\/wp-content\/uploads\/2023\/06\/maxresdefault-1.jpg","jetpack_shortlink":"https:\/\/wp.me\/pgKjF2-kzV","_links":{"self":[{"href":"https:\/\/exaudi.org\/it\/wp-json\/wp\/v2\/posts\/79107","targetHints":{"allow":["GET"]}}],"collection":[{"href":"https:\/\/exaudi.org\/it\/wp-json\/wp\/v2\/posts"}],"about":[{"href":"https:\/\/exaudi.org\/it\/wp-json\/wp\/v2\/types\/post"}],"author":[{"embeddable":true,"href":"https:\/\/exaudi.org\/it\/wp-json\/wp\/v2\/users\/17"}],"replies":[{"embeddable":true,"href":"https:\/\/exaudi.org\/it\/wp-json\/wp\/v2\/comments?post=79107"}],"version-history":[{"count":0,"href":"https:\/\/exaudi.org\/it\/wp-json\/wp\/v2\/posts\/79107\/revisions"}],"wp:featuredmedia":[{"embeddable":true,"href":"https:\/\/exaudi.org\/it\/wp-json\/wp\/v2\/media\/79090"}],"wp:attachment":[{"href":"https:\/\/exaudi.org\/it\/wp-json\/wp\/v2\/media?parent=79107"}],"wp:term":[{"taxonomy":"category","embeddable":true,"href":"https:\/\/exaudi.org\/it\/wp-json\/wp\/v2\/categories?post=79107"},{"taxonomy":"post_tag","embeddable":true,"href":"https:\/\/exaudi.org\/it\/wp-json\/wp\/v2\/tags?post=79107"}],"curies":[{"name":"wp","href":"https:\/\/api.w.org\/{rel}","templated":true}]}}