{"id":79055,"date":"2023-06-22T18:02:05","date_gmt":"2023-06-22T16:02:05","guid":{"rendered":"https:\/\/exaudi.org\/?p=79055"},"modified":"2023-06-22T18:02:05","modified_gmt":"2023-06-22T16:02:05","slug":"il-regno-di-dio-non-e-in-se-stesso-unirruzione-radicale-di-novita-per-la-nostra-umanita-e-questo-coraggiosi","status":"publish","type":"post","link":"https:\/\/exaudi.org\/it\/il-regno-di-dio-non-e-in-se-stesso-unirruzione-radicale-di-novita-per-la-nostra-umanita-e-questo-coraggiosi\/","title":{"rendered":"Il Regno di Dio non \u00e8 in s\u00e9 stesso un\u2019irruzione radicale di novit\u00e0 per la nostra umanit\u00e0? \u00c8 questo. Coraggiosi"},"content":{"rendered":"<p>Questa mattina, nel Palazzo Apostolico Vaticano, il Santo Padre Francesco ha ricevuto in Udienza i Partecipanti al 34\u00b0 Capitolo Generale degli Agostiniani dell\u2019Assunzione (Assunzionisti) e ha rivolto loro il discorso che riportiamo di seguito:<\/p>\n<p><a name=\"it\"><\/a><b><u>Discorso del Santo Padre<\/u><\/b><\/p>\n<p>&nbsp;<\/p>\n<p>Cari fratelli, buongiorno e benvenuti!<\/p>\n<p>Sono lieto di accogliervi mentre vi avviate al termine del vostro 34\u00b0 Capitolo Generale. Saluto il nuovo Superiore Generale \u2013 ringraziando l\u2019uscente per il suo lavoro \u2013 e porgo i migliori auguri a te e al Consiglio che avete eletto.<\/p>\n<p>Vorrei condividere alcune riflessioni riguardo al tema che orienta i vostri lavori capitolari:\u00a0<i>\u00abIl Regno di Dio \u00e8 vicino\u00bb (Mc 1,15). Vivere e annunciare la speranza del Vangelo<\/i>. Questo \u00e8 un modo buono di attualizzare il motto che vi ha lasciato il vostro fondatore, il Venerabile Emmanuel d\u2019Alzon, nello spirito di Sant\u2019Agostino:\u00a0<i>Adveniat Regnum tuum!<\/i>\u00a0E infatti una delle missioni principali della vita religiosa apostolica \u00e8 di manifestare molto concretamente, nel quotidiano, questa vicinanza del Regno, e quindi questa speranza per ogni persona e per il mondo intero. Dovunque vi trovate, voi siete segni del Regno con la vostra vicinanza alla gente a cui siete inviati.<\/p>\n<p>Tale prossimit\u00e0 passa naturalmente attraverso delle opere, sia quelle proprie della vostra Congregazione, sia quelle legate alle iniziative apostoliche della Chiesa alle quali contribuite. Ma, al di l\u00e0 delle azioni, \u00e8 il fatto stesso di farvi prossimi alle persone, a partire da quelle che hanno pi\u00f9 bisogno di una presenza solidale e fraterna, a mostrare loro che il Regno di Dio si avvicina che c\u2019\u00e8 qualche orizzonte, che c\u2019\u00e8 qualche speranza, che la vita non \u00e8 chiusa: questo, farlo sentire attraverso la vostra testimonianza evangelica. La testimonianza ha questa forza: di aprire le finestre per vedere la speranza di un Regno che \u00e8 vicino.<\/p>\n<p>Mi piace, in proposito, menzionare in modo particolare due realizzazioni, gi\u00e0 consolidate e sempre vive, della vostra Congregazione: l\u2019apostolato dei pellegrinaggi, a cominciare dal Pellegrinaggio Nazionale a Lourdes, di cui avete diffuso il fervore in Paesi lontani, fino all\u2019America Latina. Ricordo, da bambino, che c\u2019erano le Suore Assunzioniste a Buenos Aires, e da l\u00ec organizzavano pellegrinaggi a Lourdes. Da bambino\u2026 Era come una stella da dover raggiungere\u2026 Ricordo bene questo. E poi l\u2019impegno nei\u00a0<i>media<\/i>, che sviluppate oggi in tutti i continenti, per un pubblico vario, anche lontano dalla Chiesa.<\/p>\n<p><img loading=\"lazy\" decoding=\"async\" class=\"size-medium wp-image-79062 alignright\" src=\"https:\/\/exaudi.org\/wp-content\/uploads\/2023\/06\/cq5dam.web_.800.800-2-2-300x200.jpeg\" alt=\"\" width=\"300\" height=\"200\" srcset=\"https:\/\/exaudi.org\/wp-content\/uploads\/2023\/06\/cq5dam.web_.800.800-2-2-300x200.jpeg 300w, https:\/\/exaudi.org\/wp-content\/uploads\/2023\/06\/cq5dam.web_.800.800-2-2-770x513.jpeg 770w, https:\/\/exaudi.org\/wp-content\/uploads\/2023\/06\/cq5dam.web_.800.800-2-2-360x240.jpeg?crop=1 360w, https:\/\/exaudi.org\/wp-content\/uploads\/2023\/06\/cq5dam.web_.800.800-2-2-500x333.jpeg 500w, https:\/\/exaudi.org\/wp-content\/uploads\/2023\/06\/cq5dam.web_.800.800-2-2-370x247.jpeg 370w, https:\/\/exaudi.org\/wp-content\/uploads\/2023\/06\/cq5dam.web_.800.800-2-2-293x195.jpeg 293w, https:\/\/exaudi.org\/wp-content\/uploads\/2023\/06\/cq5dam.web_.800.800-2-2-120x80.jpeg 120w, https:\/\/exaudi.org\/wp-content\/uploads\/2023\/06\/cq5dam.web_.800.800-2-2-240x160.jpeg 240w, https:\/\/exaudi.org\/wp-content\/uploads\/2023\/06\/cq5dam.web_.800.800-2-2-390x260.jpeg 390w, https:\/\/exaudi.org\/wp-content\/uploads\/2023\/06\/cq5dam.web_.800.800-2-2.jpeg 800w\" sizes=\"auto, (max-width: 300px) 100vw, 300px\" \/>Permettetemi di ricordare anche uno dei vostri apostolati storicamente pi\u00f9 incisivi e tuttora presente, seppure pi\u00f9 modesto: la vostra Missione d\u2019Oriente. Grazie! Vi incoraggio a portare avanti tale missione, nel Medio Oriente dove la condizione dei cristiani \u00e8 oggetto di minacce, e in Europa orientale, dove la guerra in Ucraina mette in pericolo l\u2019equilibrio civile e religioso della regione. Voglio anche esprimervi la gratitudine della Santa Sede per la fedelt\u00e0 del vostro impegno nella piccola Chiesa cattolica di rito bizantino in Bulgaria, che conta su di voi. La vostra lunga esperienza di dialogo con l\u2019Ortodossia, come pure con l\u2019Islam e l\u2019Ebraismo, \u00e8 preziosa per la Chiesa; che essa possa fare di voi, oggi pi\u00f9 che mai, degli artigiani di unit\u00e0 e di comunione al servizio della pace.<\/p>\n<p>L\u2019obiettivo del vostro Capitolo Generale era di definire le grandi linee della vostra azione per i sei anni a venire. [rivolto al Superiore] E tocca a te guidare questo. Vi assicuro la mia preghiera e la mia fiducia perch\u00e9 possiate investirvi le migliori forze, in particolare quelle dei Paesi del Sud del mondo che, nel vostro Istituto come in molti altri, stanno rilevando le risorse oggi declinanti del Nord. Mi dicono che un membro su tre del vostro Istituto \u00e8 in formazione. Questo \u00e8 grande! In questo momento di scarsit\u00e0 di vocazioni, di natalit\u00e0 zero, \u201coccasionale\u201d, diciamo cos\u00ec, questa \u00e8 una grazia. Questa proporzione notevole vi apre prospettive per il futuro, ma costituisce al contempo una grande sfida per la trasmissione del vostro carisma. Per favore, che i formandi ricevano bene il carisma. Rendo grazie insieme a voi per questa rinnovata vitalit\u00e0 che il Signore vi concede. E vi invito ad accogliere senza paura questa novit\u00e0, come un segno dei tempi, anche se talvolta essa pu\u00f2 spaventarci: abbiamo tutti un po\u2019 paura della novit\u00e0, ma dobbiamo essere coraggiosi. Il Regno di Dio non \u00e8 in s\u00e9 stesso un\u2019irruzione radicale di novit\u00e0 per la nostra umanit\u00e0? \u00c8 questo. Coraggiosi.<\/p>\n<p>Per raccogliere questa sfida, non temete di coltivare in voi e intorno a voi il \u201ctriplo amore\u201d che vi ha insegnato il Padre d\u2019Alzon: amare Cristo, amare la Vergine Maria e amare la Chiesa. Cos\u00ec sarete fedeli al vostro carisma e troverete le vie al tempo stesso fedeli e innovatrici per attualizzarlo.<\/p>\n<p>In tutte queste cose, queste vie antiche e nuove, cari fratelli, potete contare sulla mia preghiera e la mia fiducia. La Chiesa ha fiducia in voi. Auguro buona conclusione del Capitolo e buona missione a tutti voi, dovunque il Signore vi manda. Tutti benedico. E, per favore, non dimenticatevi di pregare per me.<\/p>\n","protected":false},"excerpt":{"rendered":"<p>Le parole del Papa all&#8217;udienza con gli Assunzionisti<\/p>\n","protected":false},"author":17,"featured_media":79059,"comment_status":"closed","ping_status":"closed","sticky":false,"template":"","format":"standard","meta":{"_acf_changed":false,"_crdt_document":"","inline_featured_image":false,"footnotes":""},"categories":[123,67],"tags":[9520,251,1843],"class_list":["post-79055","post","type-post","status-publish","format-standard","has-post-thumbnail","hentry","category-discorsi","category-leone-xiv","tag-assunzionisti","tag-papa-francesco","tag-udienza"],"acf":[],"yoast_head":"<!-- This site is optimized with the Yoast SEO plugin v27.5 - https:\/\/yoast.com\/product\/yoast-seo-wordpress\/ -->\n<title>Il Regno di Dio non \u00e8 in s\u00e9 stesso un\u2019irruzione radicale di novit\u00e0 per la nostra umanit\u00e0? \u00c8 questo. Coraggiosi &#8211; Exaudi<\/title>\n<meta name=\"robots\" content=\"index, follow, max-snippet:-1, max-image-preview:large, max-video-preview:-1\" \/>\n<link rel=\"canonical\" href=\"https:\/\/exaudi.org\/it\/il-regno-di-dio-non-e-in-se-stesso-unirruzione-radicale-di-novita-per-la-nostra-umanita-e-questo-coraggiosi\/\" \/>\n<meta property=\"og:locale\" content=\"it_IT\" \/>\n<meta property=\"og:type\" content=\"article\" \/>\n<meta property=\"og:title\" content=\"Il Regno di Dio non \u00e8 in s\u00e9 stesso un\u2019irruzione radicale di novit\u00e0 per la nostra umanit\u00e0? \u00c8 questo. Coraggiosi &#8211; Exaudi\" \/>\n<meta property=\"og:description\" content=\"Le parole del Papa all&#039;udienza con gli Assunzionisti\" \/>\n<meta property=\"og:url\" content=\"https:\/\/exaudi.org\/it\/il-regno-di-dio-non-e-in-se-stesso-unirruzione-radicale-di-novita-per-la-nostra-umanita-e-questo-coraggiosi\/\" \/>\n<meta property=\"og:site_name\" content=\"Exaudi\" \/>\n<meta property=\"article:publisher\" content=\"https:\/\/www.facebook.com\/ExaudiNews\" \/>\n<meta property=\"article:author\" content=\"https:\/\/www.facebook.com\/ExaudiNotizie\/\" \/>\n<meta property=\"article:published_time\" content=\"2023-06-22T16:02:05+00:00\" \/>\n<meta property=\"og:image\" content=\"https:\/\/exaudi.org\/wp-content\/uploads\/2023\/06\/cq5dam.web_.800.800-1-3.jpeg\" \/>\n\t<meta property=\"og:image:width\" content=\"800\" \/>\n\t<meta property=\"og:image:height\" content=\"533\" \/>\n\t<meta property=\"og:image:type\" content=\"image\/jpeg\" \/>\n<meta name=\"author\" content=\"Exaudi Redazione\" \/>\n<meta name=\"twitter:card\" content=\"summary_large_image\" \/>\n<meta name=\"twitter:creator\" content=\"@Exaudi_Notizie\" \/>\n<meta name=\"twitter:site\" content=\"@Exaudi_News\" \/>\n<meta name=\"twitter:label1\" content=\"Scritto da\" \/>\n\t<meta name=\"twitter:data1\" content=\"Exaudi Redazione\" \/>\n\t<meta name=\"twitter:label2\" content=\"Tempo di lettura stimato\" \/>\n\t<meta name=\"twitter:data2\" content=\"4 minuti\" \/>\n<script type=\"application\/ld+json\" class=\"yoast-schema-graph\">{\"@context\":\"https:\\\/\\\/schema.org\",\"@graph\":[{\"@type\":\"Article\",\"@id\":\"https:\\\/\\\/exaudi.org\\\/it\\\/il-regno-di-dio-non-e-in-se-stesso-unirruzione-radicale-di-novita-per-la-nostra-umanita-e-questo-coraggiosi\\\/#article\",\"isPartOf\":{\"@id\":\"https:\\\/\\\/exaudi.org\\\/it\\\/il-regno-di-dio-non-e-in-se-stesso-unirruzione-radicale-di-novita-per-la-nostra-umanita-e-questo-coraggiosi\\\/\"},\"author\":{\"name\":\"Exaudi Redazione\",\"@id\":\"https:\\\/\\\/exaudi.org\\\/#\\\/schema\\\/person\\\/e1ab6ed07c01774724dd96f925f3a5f0\"},\"headline\":\"Il Regno di Dio non \u00e8 in s\u00e9 stesso un\u2019irruzione radicale di novit\u00e0 per la nostra umanit\u00e0? \u00c8 questo. Coraggiosi\",\"datePublished\":\"2023-06-22T16:02:05+00:00\",\"mainEntityOfPage\":{\"@id\":\"https:\\\/\\\/exaudi.org\\\/it\\\/il-regno-di-dio-non-e-in-se-stesso-unirruzione-radicale-di-novita-per-la-nostra-umanita-e-questo-coraggiosi\\\/\"},\"wordCount\":831,\"image\":{\"@id\":\"https:\\\/\\\/exaudi.org\\\/it\\\/il-regno-di-dio-non-e-in-se-stesso-unirruzione-radicale-di-novita-per-la-nostra-umanita-e-questo-coraggiosi\\\/#primaryimage\"},\"thumbnailUrl\":\"https:\\\/\\\/exaudi.org\\\/wp-content\\\/uploads\\\/2023\\\/06\\\/cq5dam.web_.800.800-1-3.jpeg\",\"keywords\":[\"Assunzionisti\",\"Papa Francesco\",\"udienza\"],\"articleSection\":[\"Discorsi\",\"Leone XIV\"],\"inLanguage\":\"it-IT\"},{\"@type\":\"WebPage\",\"@id\":\"https:\\\/\\\/exaudi.org\\\/it\\\/il-regno-di-dio-non-e-in-se-stesso-unirruzione-radicale-di-novita-per-la-nostra-umanita-e-questo-coraggiosi\\\/\",\"url\":\"https:\\\/\\\/exaudi.org\\\/it\\\/il-regno-di-dio-non-e-in-se-stesso-unirruzione-radicale-di-novita-per-la-nostra-umanita-e-questo-coraggiosi\\\/\",\"name\":\"Il Regno di Dio non \u00e8 in s\u00e9 stesso un\u2019irruzione radicale di novit\u00e0 per la nostra umanit\u00e0? \u00c8 questo. Coraggiosi &#8211; Exaudi\",\"isPartOf\":{\"@id\":\"https:\\\/\\\/exaudi.org\\\/#website\"},\"primaryImageOfPage\":{\"@id\":\"https:\\\/\\\/exaudi.org\\\/it\\\/il-regno-di-dio-non-e-in-se-stesso-unirruzione-radicale-di-novita-per-la-nostra-umanita-e-questo-coraggiosi\\\/#primaryimage\"},\"image\":{\"@id\":\"https:\\\/\\\/exaudi.org\\\/it\\\/il-regno-di-dio-non-e-in-se-stesso-unirruzione-radicale-di-novita-per-la-nostra-umanita-e-questo-coraggiosi\\\/#primaryimage\"},\"thumbnailUrl\":\"https:\\\/\\\/exaudi.org\\\/wp-content\\\/uploads\\\/2023\\\/06\\\/cq5dam.web_.800.800-1-3.jpeg\",\"datePublished\":\"2023-06-22T16:02:05+00:00\",\"author\":{\"@id\":\"https:\\\/\\\/exaudi.org\\\/#\\\/schema\\\/person\\\/e1ab6ed07c01774724dd96f925f3a5f0\"},\"breadcrumb\":{\"@id\":\"https:\\\/\\\/exaudi.org\\\/it\\\/il-regno-di-dio-non-e-in-se-stesso-unirruzione-radicale-di-novita-per-la-nostra-umanita-e-questo-coraggiosi\\\/#breadcrumb\"},\"inLanguage\":\"it-IT\",\"potentialAction\":[{\"@type\":\"ReadAction\",\"target\":[\"https:\\\/\\\/exaudi.org\\\/it\\\/il-regno-di-dio-non-e-in-se-stesso-unirruzione-radicale-di-novita-per-la-nostra-umanita-e-questo-coraggiosi\\\/\"]}]},{\"@type\":\"ImageObject\",\"inLanguage\":\"it-IT\",\"@id\":\"https:\\\/\\\/exaudi.org\\\/it\\\/il-regno-di-dio-non-e-in-se-stesso-unirruzione-radicale-di-novita-per-la-nostra-umanita-e-questo-coraggiosi\\\/#primaryimage\",\"url\":\"https:\\\/\\\/exaudi.org\\\/wp-content\\\/uploads\\\/2023\\\/06\\\/cq5dam.web_.800.800-1-3.jpeg\",\"contentUrl\":\"https:\\\/\\\/exaudi.org\\\/wp-content\\\/uploads\\\/2023\\\/06\\\/cq5dam.web_.800.800-1-3.jpeg\",\"width\":800,\"height\":533,\"caption\":\"Vatican Media\"},{\"@type\":\"BreadcrumbList\",\"@id\":\"https:\\\/\\\/exaudi.org\\\/it\\\/il-regno-di-dio-non-e-in-se-stesso-unirruzione-radicale-di-novita-per-la-nostra-umanita-e-questo-coraggiosi\\\/#breadcrumb\",\"itemListElement\":[{\"@type\":\"ListItem\",\"position\":1,\"name\":\"Portada\",\"item\":\"https:\\\/\\\/exaudi.org\\\/it\\\/\"},{\"@type\":\"ListItem\",\"position\":2,\"name\":\"Il Regno di Dio non \u00e8 in s\u00e9 stesso un\u2019irruzione radicale di novit\u00e0 per la nostra umanit\u00e0? \u00c8 questo. Coraggiosi\"}]},{\"@type\":\"WebSite\",\"@id\":\"https:\\\/\\\/exaudi.org\\\/#website\",\"url\":\"https:\\\/\\\/exaudi.org\\\/\",\"name\":\"Exaudi\",\"description\":\"News\",\"potentialAction\":[{\"@type\":\"SearchAction\",\"target\":{\"@type\":\"EntryPoint\",\"urlTemplate\":\"https:\\\/\\\/exaudi.org\\\/?s={search_term_string}\"},\"query-input\":{\"@type\":\"PropertyValueSpecification\",\"valueRequired\":true,\"valueName\":\"search_term_string\"}}],\"inLanguage\":\"it-IT\"},{\"@type\":\"Person\",\"@id\":\"https:\\\/\\\/exaudi.org\\\/#\\\/schema\\\/person\\\/e1ab6ed07c01774724dd96f925f3a5f0\",\"name\":\"Exaudi Redazione\",\"image\":{\"@type\":\"ImageObject\",\"inLanguage\":\"it-IT\",\"@id\":\"https:\\\/\\\/secure.gravatar.com\\\/avatar\\\/ad6774b3ada023bf5b939d64f45c94b3adf91502dd883507d469b4308a943bb3?s=96&d=mm&r=g\",\"url\":\"https:\\\/\\\/secure.gravatar.com\\\/avatar\\\/ad6774b3ada023bf5b939d64f45c94b3adf91502dd883507d469b4308a943bb3?s=96&d=mm&r=g\",\"contentUrl\":\"https:\\\/\\\/secure.gravatar.com\\\/avatar\\\/ad6774b3ada023bf5b939d64f45c94b3adf91502dd883507d469b4308a943bb3?s=96&d=mm&r=g\",\"caption\":\"Exaudi Redazione\"},\"description\":\"Che cosa \u00e8 Exaudi News? Exaudi News \u00e8 un agenzia cattolica internazionale che informa, istruisce e trasforma quotidianamente in spagnolo, inglese e italiano. Attraverso notizie, articoli di analisi e trasmissioni in diretta degli eventi del Papa, Exaudi cerca di rafforzare l'unit\u00e0 dei cristiani e di contribuire all'evangelizzazione del mondo, sempre guidato dalla dottrina sociale della Chiesa. Lavoriamo per portare la verit\u00e0 e i valori cristiani in ogni angolo del pianeta. Aiutaci a trasformare il mondo con Exaudi! Noi di Exaudi crediamo che l'evangelizzazione e l'informazione di qualit\u00e0 possano cambiare la vita. Per continuare la nostra missione ed espandere la nostra portata, abbiamo bisogno del tuo aiuto. Stiamo anche cercando persone motivate che vogliano unirsi al nostro team. Grazie al vostro sostegno raggiungeremo pi\u00f9 persone, diffonderemo il messaggio di Cristo e rafforzeremo l'unit\u00e0 dei cristiani. Vuoi unirti alla nostra missione? Per maggiori informazioni su come contribuire, visita Exaudi.org\\\/it o contattaci direttamente: info@exaudi.org Exaudi: informa, forma e trasforma.\",\"sameAs\":[\"https:\\\/\\\/www.facebook.com\\\/ExaudiNotizie\\\/\",\"https:\\\/\\\/www.instagram.com\\\/Exaudi_notizie\\\/\",\"https:\\\/\\\/x.com\\\/Exaudi_Notizie\",\"https:\\\/\\\/www.youtube.com\\\/@exaudicatholicnews\"],\"url\":\"https:\\\/\\\/exaudi.org\\\/it\\\/author\\\/dlvedi-org\\\/\"}]}<\/script>\n<!-- \/ Yoast SEO plugin. -->","yoast_head_json":{"title":"Il Regno di Dio non \u00e8 in s\u00e9 stesso un\u2019irruzione radicale di novit\u00e0 per la nostra umanit\u00e0? \u00c8 questo. Coraggiosi &#8211; Exaudi","robots":{"index":"index","follow":"follow","max-snippet":"max-snippet:-1","max-image-preview":"max-image-preview:large","max-video-preview":"max-video-preview:-1"},"canonical":"https:\/\/exaudi.org\/it\/il-regno-di-dio-non-e-in-se-stesso-unirruzione-radicale-di-novita-per-la-nostra-umanita-e-questo-coraggiosi\/","og_locale":"it_IT","og_type":"article","og_title":"Il Regno di Dio non \u00e8 in s\u00e9 stesso un\u2019irruzione radicale di novit\u00e0 per la nostra umanit\u00e0? \u00c8 questo. Coraggiosi &#8211; Exaudi","og_description":"Le parole del Papa all'udienza con gli Assunzionisti","og_url":"https:\/\/exaudi.org\/it\/il-regno-di-dio-non-e-in-se-stesso-unirruzione-radicale-di-novita-per-la-nostra-umanita-e-questo-coraggiosi\/","og_site_name":"Exaudi","article_publisher":"https:\/\/www.facebook.com\/ExaudiNews","article_author":"https:\/\/www.facebook.com\/ExaudiNotizie\/","article_published_time":"2023-06-22T16:02:05+00:00","og_image":[{"width":800,"height":533,"url":"https:\/\/exaudi.org\/wp-content\/uploads\/2023\/06\/cq5dam.web_.800.800-1-3.jpeg","type":"image\/jpeg"}],"author":"Exaudi Redazione","twitter_card":"summary_large_image","twitter_creator":"@Exaudi_Notizie","twitter_site":"@Exaudi_News","twitter_misc":{"Scritto da":"Exaudi Redazione","Tempo di lettura stimato":"4 minuti"},"schema":{"@context":"https:\/\/schema.org","@graph":[{"@type":"Article","@id":"https:\/\/exaudi.org\/it\/il-regno-di-dio-non-e-in-se-stesso-unirruzione-radicale-di-novita-per-la-nostra-umanita-e-questo-coraggiosi\/#article","isPartOf":{"@id":"https:\/\/exaudi.org\/it\/il-regno-di-dio-non-e-in-se-stesso-unirruzione-radicale-di-novita-per-la-nostra-umanita-e-questo-coraggiosi\/"},"author":{"name":"Exaudi Redazione","@id":"https:\/\/exaudi.org\/#\/schema\/person\/e1ab6ed07c01774724dd96f925f3a5f0"},"headline":"Il Regno di Dio non \u00e8 in s\u00e9 stesso un\u2019irruzione radicale di novit\u00e0 per la nostra umanit\u00e0? \u00c8 questo. Coraggiosi","datePublished":"2023-06-22T16:02:05+00:00","mainEntityOfPage":{"@id":"https:\/\/exaudi.org\/it\/il-regno-di-dio-non-e-in-se-stesso-unirruzione-radicale-di-novita-per-la-nostra-umanita-e-questo-coraggiosi\/"},"wordCount":831,"image":{"@id":"https:\/\/exaudi.org\/it\/il-regno-di-dio-non-e-in-se-stesso-unirruzione-radicale-di-novita-per-la-nostra-umanita-e-questo-coraggiosi\/#primaryimage"},"thumbnailUrl":"https:\/\/exaudi.org\/wp-content\/uploads\/2023\/06\/cq5dam.web_.800.800-1-3.jpeg","keywords":["Assunzionisti","Papa Francesco","udienza"],"articleSection":["Discorsi","Leone XIV"],"inLanguage":"it-IT"},{"@type":"WebPage","@id":"https:\/\/exaudi.org\/it\/il-regno-di-dio-non-e-in-se-stesso-unirruzione-radicale-di-novita-per-la-nostra-umanita-e-questo-coraggiosi\/","url":"https:\/\/exaudi.org\/it\/il-regno-di-dio-non-e-in-se-stesso-unirruzione-radicale-di-novita-per-la-nostra-umanita-e-questo-coraggiosi\/","name":"Il Regno di Dio non \u00e8 in s\u00e9 stesso un\u2019irruzione radicale di novit\u00e0 per la nostra umanit\u00e0? \u00c8 questo. Coraggiosi &#8211; Exaudi","isPartOf":{"@id":"https:\/\/exaudi.org\/#website"},"primaryImageOfPage":{"@id":"https:\/\/exaudi.org\/it\/il-regno-di-dio-non-e-in-se-stesso-unirruzione-radicale-di-novita-per-la-nostra-umanita-e-questo-coraggiosi\/#primaryimage"},"image":{"@id":"https:\/\/exaudi.org\/it\/il-regno-di-dio-non-e-in-se-stesso-unirruzione-radicale-di-novita-per-la-nostra-umanita-e-questo-coraggiosi\/#primaryimage"},"thumbnailUrl":"https:\/\/exaudi.org\/wp-content\/uploads\/2023\/06\/cq5dam.web_.800.800-1-3.jpeg","datePublished":"2023-06-22T16:02:05+00:00","author":{"@id":"https:\/\/exaudi.org\/#\/schema\/person\/e1ab6ed07c01774724dd96f925f3a5f0"},"breadcrumb":{"@id":"https:\/\/exaudi.org\/it\/il-regno-di-dio-non-e-in-se-stesso-unirruzione-radicale-di-novita-per-la-nostra-umanita-e-questo-coraggiosi\/#breadcrumb"},"inLanguage":"it-IT","potentialAction":[{"@type":"ReadAction","target":["https:\/\/exaudi.org\/it\/il-regno-di-dio-non-e-in-se-stesso-unirruzione-radicale-di-novita-per-la-nostra-umanita-e-questo-coraggiosi\/"]}]},{"@type":"ImageObject","inLanguage":"it-IT","@id":"https:\/\/exaudi.org\/it\/il-regno-di-dio-non-e-in-se-stesso-unirruzione-radicale-di-novita-per-la-nostra-umanita-e-questo-coraggiosi\/#primaryimage","url":"https:\/\/exaudi.org\/wp-content\/uploads\/2023\/06\/cq5dam.web_.800.800-1-3.jpeg","contentUrl":"https:\/\/exaudi.org\/wp-content\/uploads\/2023\/06\/cq5dam.web_.800.800-1-3.jpeg","width":800,"height":533,"caption":"Vatican Media"},{"@type":"BreadcrumbList","@id":"https:\/\/exaudi.org\/it\/il-regno-di-dio-non-e-in-se-stesso-unirruzione-radicale-di-novita-per-la-nostra-umanita-e-questo-coraggiosi\/#breadcrumb","itemListElement":[{"@type":"ListItem","position":1,"name":"Portada","item":"https:\/\/exaudi.org\/it\/"},{"@type":"ListItem","position":2,"name":"Il Regno di Dio non \u00e8 in s\u00e9 stesso un\u2019irruzione radicale di novit\u00e0 per la nostra umanit\u00e0? \u00c8 questo. Coraggiosi"}]},{"@type":"WebSite","@id":"https:\/\/exaudi.org\/#website","url":"https:\/\/exaudi.org\/","name":"Exaudi","description":"News","potentialAction":[{"@type":"SearchAction","target":{"@type":"EntryPoint","urlTemplate":"https:\/\/exaudi.org\/?s={search_term_string}"},"query-input":{"@type":"PropertyValueSpecification","valueRequired":true,"valueName":"search_term_string"}}],"inLanguage":"it-IT"},{"@type":"Person","@id":"https:\/\/exaudi.org\/#\/schema\/person\/e1ab6ed07c01774724dd96f925f3a5f0","name":"Exaudi Redazione","image":{"@type":"ImageObject","inLanguage":"it-IT","@id":"https:\/\/secure.gravatar.com\/avatar\/ad6774b3ada023bf5b939d64f45c94b3adf91502dd883507d469b4308a943bb3?s=96&d=mm&r=g","url":"https:\/\/secure.gravatar.com\/avatar\/ad6774b3ada023bf5b939d64f45c94b3adf91502dd883507d469b4308a943bb3?s=96&d=mm&r=g","contentUrl":"https:\/\/secure.gravatar.com\/avatar\/ad6774b3ada023bf5b939d64f45c94b3adf91502dd883507d469b4308a943bb3?s=96&d=mm&r=g","caption":"Exaudi Redazione"},"description":"Che cosa \u00e8 Exaudi News? Exaudi News \u00e8 un agenzia cattolica internazionale che informa, istruisce e trasforma quotidianamente in spagnolo, inglese e italiano. Attraverso notizie, articoli di analisi e trasmissioni in diretta degli eventi del Papa, Exaudi cerca di rafforzare l'unit\u00e0 dei cristiani e di contribuire all'evangelizzazione del mondo, sempre guidato dalla dottrina sociale della Chiesa. Lavoriamo per portare la verit\u00e0 e i valori cristiani in ogni angolo del pianeta. Aiutaci a trasformare il mondo con Exaudi! Noi di Exaudi crediamo che l'evangelizzazione e l'informazione di qualit\u00e0 possano cambiare la vita. Per continuare la nostra missione ed espandere la nostra portata, abbiamo bisogno del tuo aiuto. Stiamo anche cercando persone motivate che vogliano unirsi al nostro team. Grazie al vostro sostegno raggiungeremo pi\u00f9 persone, diffonderemo il messaggio di Cristo e rafforzeremo l'unit\u00e0 dei cristiani. Vuoi unirti alla nostra missione? Per maggiori informazioni su come contribuire, visita Exaudi.org\/it o contattaci direttamente: info@exaudi.org Exaudi: informa, forma e trasforma.","sameAs":["https:\/\/www.facebook.com\/ExaudiNotizie\/","https:\/\/www.instagram.com\/Exaudi_notizie\/","https:\/\/x.com\/Exaudi_Notizie","https:\/\/www.youtube.com\/@exaudicatholicnews"],"url":"https:\/\/exaudi.org\/it\/author\/dlvedi-org\/"}]}},"jetpack_featured_media_url":"https:\/\/exaudi.org\/wp-content\/uploads\/2023\/06\/cq5dam.web_.800.800-1-3.jpeg","jetpack_shortlink":"https:\/\/wp.me\/pgKjF2-kz5","_links":{"self":[{"href":"https:\/\/exaudi.org\/it\/wp-json\/wp\/v2\/posts\/79055","targetHints":{"allow":["GET"]}}],"collection":[{"href":"https:\/\/exaudi.org\/it\/wp-json\/wp\/v2\/posts"}],"about":[{"href":"https:\/\/exaudi.org\/it\/wp-json\/wp\/v2\/types\/post"}],"author":[{"embeddable":true,"href":"https:\/\/exaudi.org\/it\/wp-json\/wp\/v2\/users\/17"}],"replies":[{"embeddable":true,"href":"https:\/\/exaudi.org\/it\/wp-json\/wp\/v2\/comments?post=79055"}],"version-history":[{"count":0,"href":"https:\/\/exaudi.org\/it\/wp-json\/wp\/v2\/posts\/79055\/revisions"}],"wp:featuredmedia":[{"embeddable":true,"href":"https:\/\/exaudi.org\/it\/wp-json\/wp\/v2\/media\/79059"}],"wp:attachment":[{"href":"https:\/\/exaudi.org\/it\/wp-json\/wp\/v2\/media?parent=79055"}],"wp:term":[{"taxonomy":"category","embeddable":true,"href":"https:\/\/exaudi.org\/it\/wp-json\/wp\/v2\/categories?post=79055"},{"taxonomy":"post_tag","embeddable":true,"href":"https:\/\/exaudi.org\/it\/wp-json\/wp\/v2\/tags?post=79055"}],"curies":[{"name":"wp","href":"https:\/\/api.w.org\/{rel}","templated":true}]}}