{"id":79048,"date":"2023-06-22T17:20:08","date_gmt":"2023-06-22T15:20:08","guid":{"rendered":"https:\/\/exaudi.org\/?p=79048"},"modified":"2023-06-22T17:20:08","modified_gmt":"2023-06-22T15:20:08","slug":"siate-sentinelle-che-sognano-e-annunciano-un-mondo-diverso-e-non-piu-diviso","status":"publish","type":"post","link":"https:\/\/exaudi.org\/it\/siate-sentinelle-che-sognano-e-annunciano-un-mondo-diverso-e-non-piu-diviso\/","title":{"rendered":"&#8220;Siate sentinelle che sognano e annunciano un mondo diverso e non pi\u00f9 diviso&#8221;"},"content":{"rendered":"<p>Questa mattina, nel Palazzo Apostolico Vaticano, il Santo Padre Francesco ha ricevuto in Udienza i partecipanti alla 96.ma Assemblea Plenaria della Riunione delle Opere per l\u2019Aiuto alle Chiese Orientali (R.O.A.C.O.) e alla\u00a0<i>Youth Conference<\/i>.<\/p>\n<p>Dopo aver consegnato il discorso preparato per l\u2019occasione, il Papa ha rivolto alcune parole di saluto ai presenti all\u2019incontro.<\/p>\n<p>Pubblichiamo di seguito il discorso del Santo Padre:<\/p>\n<p><a name=\"it\"><\/a><b><u>Discorso del Santo Padre<\/u><\/b><\/p>\n<p>Cari fratelli e sorelle,<\/p>\n<p>sono lieto di incontrarvi a conclusione dei lavori della vostra Sessione plenaria. Saluto l\u2019Arcivescovo Claudio Gugerotti, i Rappresentanti Pontifici, i Superiori e gli Officiali del Dicastero e, attraverso di voi, cari rappresentanti delle agenzie, quanti nelle diverse regioni rendono possibile la vostra generosit\u00e0. La generosit\u00e0 solidale \u00e8 spesso l\u2019unica risposta concreta all\u2019ingiustizia e al dolore che opprimono tanti esseri umani. Vi ringrazio, amici, perch\u00e9 vi dedicate a una solidariet\u00e0 fattiva, che aiuta a risanare le ferite ed \u00e8 come una carezza sul volto di chi soffre. Una carezza che restituisce speranza nel trambusto dei conflitti.<\/p>\n<p>\u00c8 tremendo, oggi, il contrasto con il disegno di Dio: disegno di pace, di fraternit\u00e0 e concordia per tutti. Disegno che invita a smettere di combattersi a vicenda e a unire piuttosto le forze per lottare contro la fame e le malattie. La Bibbia ci parla dei progetti di pace di Dio (cfr\u00a0<i>Ger<\/i>\u00a029,11), ma ci mostra anche, dall\u2019inizio, la violenza del fratello sul fratello: Caino e Abele, l\u2019uccisione dell\u2019innocente. Dio, che scacci\u00f2 Caino, imped\u00ec tuttavia che fosse ucciso (cfr\u00a0<i>Gen<\/i>\u00a04,1-16). \u00c8 il primo atto di giustizia e di misericordia. Quanto fa bene, prima di tutto a noi cristiani, ascoltare a cuore aperto questa Parola sacra, per lasciarsi illuminare e guidare non dai propri disegni, ma da quello misericordioso di Dio, che vuole abbracciare e salvare tutti gli uomini, tutti i fratelli di Ges\u00f9!<\/p>\n<p>In questo incontro della ROACO avete posto al centro le attese dei giovani delle Chiese Orientali. \u00c8 una scelta saggia: ascoltare insieme, dalla loro bocca, i desideri che portano nel cuore. I giovani vogliono essere protagonisti del bene comune, che dovrebbe essere la \u201cbussola\u201d dell\u2019agire sociale. Cari giovani qui presenti, voi vivete in terre dove restaurare il bene comune \u00e8 condizione essenziale per sopravvivere. Siate sentinelle di pace per tutti, profeti che sognano e annunciano un mondo diverso e non pi\u00f9 diviso!<\/p>\n<p>Nell\u2019Esortazione Apostolica<i>\u00a0Ecclesia in Medio Oriente<\/i>, su cui, a dieci anni dalla pubblicazione, la ROACO ha recentemente organizzato un grande incontro a Cipro, Benedetto XVI incoraggiava i giovani \u00aba coltivare continuamente l\u2019amicizia vera con Ges\u00f9 attraverso la forza della preghiera\u00bb (n. 63). Questa \u00e8 per i cristiani la fonte primaria dell\u2019agire: la fede viva nel Signore che ha dato la vita per i fratelli. Se partiamo da qua, dall\u2019amore crocifisso e risorto, sar\u00e0 pi\u00f9 facile rigettare non solo i particolarismi, ma anche il trionfalismo, e rifiutare una solidariet\u00e0 esibita per farsi belli ed essere rilevanti. S\u00ec, il cuore trafitto di Dio ci libera da una carit\u00e0 pensata come un mestiere, un calcolo di puro filantropismo, una burocrazia di bont\u00e0 o, peggio, un reticolato di interessi politici. \u00c8 la croce, supremo coinvolgimento di Dio nella sofferenza dell\u2019umanit\u00e0, che indica ai cristiani, in modo particolare ai giovani, l\u2019autenticit\u00e0 che cercano, il coraggio di testimoniare, la forza per superare l\u2019individualismo e l\u2019indifferenza che oggi vanno per la maggiore, e far crescere la compassione. Com-passione: una parola che sta al cuore della nostra fede, perch\u00e9 ci mostra l\u2019amore di Dio che si coinvolge totalmente nelle sofferenze dell\u2019uomo.<\/p>\n<p>Fratelli e sorelle della ROACO, voi vi coinvolgete nel terreno arido del dolore per far germogliare semi di speranza. Penso al vostro recente impegno per contribuire a sanare le ferite del terremoto in Turchia e Siria, in mezzo alle quotidiane sofferenze di popoli duramente provati. Spero si possa veramente continuare ad aiutare quelle popolazioni; tante promesse sono state fatte, ma risulta ancora difficile servirsi dei normali sistemi bancari per inviare aiuti alle vittime. Vi ringrazio per il grande impegno con cui soccorrete l\u2019Ucraina per sostenere sfollati interni e rifugiati. Ai vostri sforzi per quel caro Paese qualche anno fa ho voluto unire il mio con l\u2019iniziativa \u201cIl Papa per l\u2019Ucraina\u201d e poi con altri costanti interventi. Ma vorrei cogliere anche questa occasione per invitare tutti a non fare mancare concreta vicinanza, vicinanza di preghiera e di carit\u00e0, al martoriato popolo ucraino. Nella Plenaria appena conclusa, accanto alla consueta attenzione a Terra Santa e Medio Oriente, vi siete focalizzati su progetti di aiuto in Iran, Turchia ed Eritrea. Gli enormi tesori umani e naturali che Dio ha donato a quelle belle terre possano essere valorizzati e portare un po\u2019 di serenit\u00e0 ai loro abitanti.<\/p>\n<p>Carissimi, vi rinnovo la gratitudine per il vostro servizio. Benedico ciascuno di voi e il vostro lavoro. E voi, per favore, continuate a pregare per me.<\/p>\n","protected":false},"excerpt":{"rendered":"<p>Il Papa ai Partecipanti all&#8217;Assemblea della R.O.A.C.O. e alla Conferenza dei Giovani<\/p>\n","protected":false},"author":17,"featured_media":79049,"comment_status":"closed","ping_status":"closed","sticky":false,"template":"","format":"standard","meta":{"_acf_changed":false,"_crdt_document":"","inline_featured_image":false,"footnotes":""},"categories":[123,67],"tags":[251,4952,1843],"class_list":["post-79048","post","type-post","status-publish","format-standard","has-post-thumbnail","hentry","category-discorsi","category-leone-xiv","tag-papa-francesco","tag-trending-it","tag-udienza"],"acf":[],"yoast_head":"<!-- This site is optimized with the Yoast SEO plugin v27.5 - https:\/\/yoast.com\/product\/yoast-seo-wordpress\/ -->\n<title>&quot;Siate sentinelle che sognano e annunciano un mondo diverso e non pi\u00f9 diviso&quot; &#8211; Exaudi<\/title>\n<meta name=\"robots\" content=\"index, follow, max-snippet:-1, max-image-preview:large, max-video-preview:-1\" \/>\n<link rel=\"canonical\" href=\"https:\/\/exaudi.org\/it\/siate-sentinelle-che-sognano-e-annunciano-un-mondo-diverso-e-non-piu-diviso\/\" \/>\n<meta property=\"og:locale\" content=\"it_IT\" \/>\n<meta property=\"og:type\" content=\"article\" \/>\n<meta property=\"og:title\" content=\"&quot;Siate sentinelle che sognano e annunciano un mondo diverso e non pi\u00f9 diviso&quot; &#8211; Exaudi\" \/>\n<meta property=\"og:description\" content=\"Il Papa ai Partecipanti all&#039;Assemblea della R.O.A.C.O. e alla Conferenza dei Giovani\" \/>\n<meta property=\"og:url\" content=\"https:\/\/exaudi.org\/it\/siate-sentinelle-che-sognano-e-annunciano-un-mondo-diverso-e-non-piu-diviso\/\" \/>\n<meta property=\"og:site_name\" content=\"Exaudi\" \/>\n<meta property=\"article:publisher\" content=\"https:\/\/www.facebook.com\/ExaudiNews\" \/>\n<meta property=\"article:author\" content=\"https:\/\/www.facebook.com\/ExaudiNotizie\/\" \/>\n<meta property=\"article:published_time\" content=\"2023-06-22T15:20:08+00:00\" \/>\n<meta property=\"og:image\" content=\"https:\/\/exaudi.org\/wp-content\/uploads\/2023\/06\/cq5dam.web_.800.800-9.jpeg\" \/>\n\t<meta property=\"og:image:width\" content=\"800\" \/>\n\t<meta property=\"og:image:height\" content=\"533\" \/>\n\t<meta property=\"og:image:type\" content=\"image\/jpeg\" \/>\n<meta name=\"author\" content=\"Exaudi Redazione\" \/>\n<meta name=\"twitter:card\" content=\"summary_large_image\" \/>\n<meta name=\"twitter:creator\" content=\"@Exaudi_Notizie\" \/>\n<meta name=\"twitter:site\" content=\"@Exaudi_News\" \/>\n<meta name=\"twitter:label1\" content=\"Scritto da\" \/>\n\t<meta name=\"twitter:data1\" content=\"Exaudi Redazione\" \/>\n\t<meta name=\"twitter:label2\" content=\"Tempo di lettura stimato\" \/>\n\t<meta name=\"twitter:data2\" content=\"4 minuti\" \/>\n<script type=\"application\/ld+json\" class=\"yoast-schema-graph\">{\"@context\":\"https:\\\/\\\/schema.org\",\"@graph\":[{\"@type\":\"Article\",\"@id\":\"https:\\\/\\\/exaudi.org\\\/it\\\/siate-sentinelle-che-sognano-e-annunciano-un-mondo-diverso-e-non-piu-diviso\\\/#article\",\"isPartOf\":{\"@id\":\"https:\\\/\\\/exaudi.org\\\/it\\\/siate-sentinelle-che-sognano-e-annunciano-un-mondo-diverso-e-non-piu-diviso\\\/\"},\"author\":{\"name\":\"Exaudi Redazione\",\"@id\":\"https:\\\/\\\/exaudi.org\\\/#\\\/schema\\\/person\\\/e1ab6ed07c01774724dd96f925f3a5f0\"},\"headline\":\"&#8220;Siate sentinelle che sognano e annunciano un mondo diverso e non pi\u00f9 diviso&#8221;\",\"datePublished\":\"2023-06-22T15:20:08+00:00\",\"mainEntityOfPage\":{\"@id\":\"https:\\\/\\\/exaudi.org\\\/it\\\/siate-sentinelle-che-sognano-e-annunciano-un-mondo-diverso-e-non-piu-diviso\\\/\"},\"wordCount\":824,\"image\":{\"@id\":\"https:\\\/\\\/exaudi.org\\\/it\\\/siate-sentinelle-che-sognano-e-annunciano-un-mondo-diverso-e-non-piu-diviso\\\/#primaryimage\"},\"thumbnailUrl\":\"https:\\\/\\\/exaudi.org\\\/wp-content\\\/uploads\\\/2023\\\/06\\\/cq5dam.web_.800.800-9.jpeg\",\"keywords\":[\"Papa Francesco\",\"Trending\",\"udienza\"],\"articleSection\":[\"Discorsi\",\"Leone XIV\"],\"inLanguage\":\"it-IT\"},{\"@type\":\"WebPage\",\"@id\":\"https:\\\/\\\/exaudi.org\\\/it\\\/siate-sentinelle-che-sognano-e-annunciano-un-mondo-diverso-e-non-piu-diviso\\\/\",\"url\":\"https:\\\/\\\/exaudi.org\\\/it\\\/siate-sentinelle-che-sognano-e-annunciano-un-mondo-diverso-e-non-piu-diviso\\\/\",\"name\":\"\\\"Siate sentinelle che sognano e annunciano un mondo diverso e non pi\u00f9 diviso\\\" &#8211; Exaudi\",\"isPartOf\":{\"@id\":\"https:\\\/\\\/exaudi.org\\\/#website\"},\"primaryImageOfPage\":{\"@id\":\"https:\\\/\\\/exaudi.org\\\/it\\\/siate-sentinelle-che-sognano-e-annunciano-un-mondo-diverso-e-non-piu-diviso\\\/#primaryimage\"},\"image\":{\"@id\":\"https:\\\/\\\/exaudi.org\\\/it\\\/siate-sentinelle-che-sognano-e-annunciano-un-mondo-diverso-e-non-piu-diviso\\\/#primaryimage\"},\"thumbnailUrl\":\"https:\\\/\\\/exaudi.org\\\/wp-content\\\/uploads\\\/2023\\\/06\\\/cq5dam.web_.800.800-9.jpeg\",\"datePublished\":\"2023-06-22T15:20:08+00:00\",\"author\":{\"@id\":\"https:\\\/\\\/exaudi.org\\\/#\\\/schema\\\/person\\\/e1ab6ed07c01774724dd96f925f3a5f0\"},\"breadcrumb\":{\"@id\":\"https:\\\/\\\/exaudi.org\\\/it\\\/siate-sentinelle-che-sognano-e-annunciano-un-mondo-diverso-e-non-piu-diviso\\\/#breadcrumb\"},\"inLanguage\":\"it-IT\",\"potentialAction\":[{\"@type\":\"ReadAction\",\"target\":[\"https:\\\/\\\/exaudi.org\\\/it\\\/siate-sentinelle-che-sognano-e-annunciano-un-mondo-diverso-e-non-piu-diviso\\\/\"]}]},{\"@type\":\"ImageObject\",\"inLanguage\":\"it-IT\",\"@id\":\"https:\\\/\\\/exaudi.org\\\/it\\\/siate-sentinelle-che-sognano-e-annunciano-un-mondo-diverso-e-non-piu-diviso\\\/#primaryimage\",\"url\":\"https:\\\/\\\/exaudi.org\\\/wp-content\\\/uploads\\\/2023\\\/06\\\/cq5dam.web_.800.800-9.jpeg\",\"contentUrl\":\"https:\\\/\\\/exaudi.org\\\/wp-content\\\/uploads\\\/2023\\\/06\\\/cq5dam.web_.800.800-9.jpeg\",\"width\":800,\"height\":533,\"caption\":\"Vatican Media\"},{\"@type\":\"BreadcrumbList\",\"@id\":\"https:\\\/\\\/exaudi.org\\\/it\\\/siate-sentinelle-che-sognano-e-annunciano-un-mondo-diverso-e-non-piu-diviso\\\/#breadcrumb\",\"itemListElement\":[{\"@type\":\"ListItem\",\"position\":1,\"name\":\"Portada\",\"item\":\"https:\\\/\\\/exaudi.org\\\/it\\\/\"},{\"@type\":\"ListItem\",\"position\":2,\"name\":\"&#8220;Siate sentinelle che sognano e annunciano un mondo diverso e non pi\u00f9 diviso&#8221;\"}]},{\"@type\":\"WebSite\",\"@id\":\"https:\\\/\\\/exaudi.org\\\/#website\",\"url\":\"https:\\\/\\\/exaudi.org\\\/\",\"name\":\"Exaudi\",\"description\":\"News\",\"potentialAction\":[{\"@type\":\"SearchAction\",\"target\":{\"@type\":\"EntryPoint\",\"urlTemplate\":\"https:\\\/\\\/exaudi.org\\\/?s={search_term_string}\"},\"query-input\":{\"@type\":\"PropertyValueSpecification\",\"valueRequired\":true,\"valueName\":\"search_term_string\"}}],\"inLanguage\":\"it-IT\"},{\"@type\":\"Person\",\"@id\":\"https:\\\/\\\/exaudi.org\\\/#\\\/schema\\\/person\\\/e1ab6ed07c01774724dd96f925f3a5f0\",\"name\":\"Exaudi Redazione\",\"image\":{\"@type\":\"ImageObject\",\"inLanguage\":\"it-IT\",\"@id\":\"https:\\\/\\\/secure.gravatar.com\\\/avatar\\\/ad6774b3ada023bf5b939d64f45c94b3adf91502dd883507d469b4308a943bb3?s=96&d=mm&r=g\",\"url\":\"https:\\\/\\\/secure.gravatar.com\\\/avatar\\\/ad6774b3ada023bf5b939d64f45c94b3adf91502dd883507d469b4308a943bb3?s=96&d=mm&r=g\",\"contentUrl\":\"https:\\\/\\\/secure.gravatar.com\\\/avatar\\\/ad6774b3ada023bf5b939d64f45c94b3adf91502dd883507d469b4308a943bb3?s=96&d=mm&r=g\",\"caption\":\"Exaudi Redazione\"},\"description\":\"Che cosa \u00e8 Exaudi News? Exaudi News \u00e8 un agenzia cattolica internazionale che informa, istruisce e trasforma quotidianamente in spagnolo, inglese e italiano. Attraverso notizie, articoli di analisi e trasmissioni in diretta degli eventi del Papa, Exaudi cerca di rafforzare l'unit\u00e0 dei cristiani e di contribuire all'evangelizzazione del mondo, sempre guidato dalla dottrina sociale della Chiesa. Lavoriamo per portare la verit\u00e0 e i valori cristiani in ogni angolo del pianeta. Aiutaci a trasformare il mondo con Exaudi! Noi di Exaudi crediamo che l'evangelizzazione e l'informazione di qualit\u00e0 possano cambiare la vita. Per continuare la nostra missione ed espandere la nostra portata, abbiamo bisogno del tuo aiuto. Stiamo anche cercando persone motivate che vogliano unirsi al nostro team. Grazie al vostro sostegno raggiungeremo pi\u00f9 persone, diffonderemo il messaggio di Cristo e rafforzeremo l'unit\u00e0 dei cristiani. Vuoi unirti alla nostra missione? Per maggiori informazioni su come contribuire, visita Exaudi.org\\\/it o contattaci direttamente: info@exaudi.org Exaudi: informa, forma e trasforma.\",\"sameAs\":[\"https:\\\/\\\/www.facebook.com\\\/ExaudiNotizie\\\/\",\"https:\\\/\\\/www.instagram.com\\\/Exaudi_notizie\\\/\",\"https:\\\/\\\/x.com\\\/Exaudi_Notizie\",\"https:\\\/\\\/www.youtube.com\\\/@exaudicatholicnews\"],\"url\":\"https:\\\/\\\/exaudi.org\\\/it\\\/author\\\/dlvedi-org\\\/\"}]}<\/script>\n<!-- \/ Yoast SEO plugin. -->","yoast_head_json":{"title":"\"Siate sentinelle che sognano e annunciano un mondo diverso e non pi\u00f9 diviso\" &#8211; Exaudi","robots":{"index":"index","follow":"follow","max-snippet":"max-snippet:-1","max-image-preview":"max-image-preview:large","max-video-preview":"max-video-preview:-1"},"canonical":"https:\/\/exaudi.org\/it\/siate-sentinelle-che-sognano-e-annunciano-un-mondo-diverso-e-non-piu-diviso\/","og_locale":"it_IT","og_type":"article","og_title":"\"Siate sentinelle che sognano e annunciano un mondo diverso e non pi\u00f9 diviso\" &#8211; Exaudi","og_description":"Il Papa ai Partecipanti all'Assemblea della R.O.A.C.O. e alla Conferenza dei Giovani","og_url":"https:\/\/exaudi.org\/it\/siate-sentinelle-che-sognano-e-annunciano-un-mondo-diverso-e-non-piu-diviso\/","og_site_name":"Exaudi","article_publisher":"https:\/\/www.facebook.com\/ExaudiNews","article_author":"https:\/\/www.facebook.com\/ExaudiNotizie\/","article_published_time":"2023-06-22T15:20:08+00:00","og_image":[{"width":800,"height":533,"url":"https:\/\/exaudi.org\/wp-content\/uploads\/2023\/06\/cq5dam.web_.800.800-9.jpeg","type":"image\/jpeg"}],"author":"Exaudi Redazione","twitter_card":"summary_large_image","twitter_creator":"@Exaudi_Notizie","twitter_site":"@Exaudi_News","twitter_misc":{"Scritto da":"Exaudi Redazione","Tempo di lettura stimato":"4 minuti"},"schema":{"@context":"https:\/\/schema.org","@graph":[{"@type":"Article","@id":"https:\/\/exaudi.org\/it\/siate-sentinelle-che-sognano-e-annunciano-un-mondo-diverso-e-non-piu-diviso\/#article","isPartOf":{"@id":"https:\/\/exaudi.org\/it\/siate-sentinelle-che-sognano-e-annunciano-un-mondo-diverso-e-non-piu-diviso\/"},"author":{"name":"Exaudi Redazione","@id":"https:\/\/exaudi.org\/#\/schema\/person\/e1ab6ed07c01774724dd96f925f3a5f0"},"headline":"&#8220;Siate sentinelle che sognano e annunciano un mondo diverso e non pi\u00f9 diviso&#8221;","datePublished":"2023-06-22T15:20:08+00:00","mainEntityOfPage":{"@id":"https:\/\/exaudi.org\/it\/siate-sentinelle-che-sognano-e-annunciano-un-mondo-diverso-e-non-piu-diviso\/"},"wordCount":824,"image":{"@id":"https:\/\/exaudi.org\/it\/siate-sentinelle-che-sognano-e-annunciano-un-mondo-diverso-e-non-piu-diviso\/#primaryimage"},"thumbnailUrl":"https:\/\/exaudi.org\/wp-content\/uploads\/2023\/06\/cq5dam.web_.800.800-9.jpeg","keywords":["Papa Francesco","Trending","udienza"],"articleSection":["Discorsi","Leone XIV"],"inLanguage":"it-IT"},{"@type":"WebPage","@id":"https:\/\/exaudi.org\/it\/siate-sentinelle-che-sognano-e-annunciano-un-mondo-diverso-e-non-piu-diviso\/","url":"https:\/\/exaudi.org\/it\/siate-sentinelle-che-sognano-e-annunciano-un-mondo-diverso-e-non-piu-diviso\/","name":"\"Siate sentinelle che sognano e annunciano un mondo diverso e non pi\u00f9 diviso\" &#8211; Exaudi","isPartOf":{"@id":"https:\/\/exaudi.org\/#website"},"primaryImageOfPage":{"@id":"https:\/\/exaudi.org\/it\/siate-sentinelle-che-sognano-e-annunciano-un-mondo-diverso-e-non-piu-diviso\/#primaryimage"},"image":{"@id":"https:\/\/exaudi.org\/it\/siate-sentinelle-che-sognano-e-annunciano-un-mondo-diverso-e-non-piu-diviso\/#primaryimage"},"thumbnailUrl":"https:\/\/exaudi.org\/wp-content\/uploads\/2023\/06\/cq5dam.web_.800.800-9.jpeg","datePublished":"2023-06-22T15:20:08+00:00","author":{"@id":"https:\/\/exaudi.org\/#\/schema\/person\/e1ab6ed07c01774724dd96f925f3a5f0"},"breadcrumb":{"@id":"https:\/\/exaudi.org\/it\/siate-sentinelle-che-sognano-e-annunciano-un-mondo-diverso-e-non-piu-diviso\/#breadcrumb"},"inLanguage":"it-IT","potentialAction":[{"@type":"ReadAction","target":["https:\/\/exaudi.org\/it\/siate-sentinelle-che-sognano-e-annunciano-un-mondo-diverso-e-non-piu-diviso\/"]}]},{"@type":"ImageObject","inLanguage":"it-IT","@id":"https:\/\/exaudi.org\/it\/siate-sentinelle-che-sognano-e-annunciano-un-mondo-diverso-e-non-piu-diviso\/#primaryimage","url":"https:\/\/exaudi.org\/wp-content\/uploads\/2023\/06\/cq5dam.web_.800.800-9.jpeg","contentUrl":"https:\/\/exaudi.org\/wp-content\/uploads\/2023\/06\/cq5dam.web_.800.800-9.jpeg","width":800,"height":533,"caption":"Vatican Media"},{"@type":"BreadcrumbList","@id":"https:\/\/exaudi.org\/it\/siate-sentinelle-che-sognano-e-annunciano-un-mondo-diverso-e-non-piu-diviso\/#breadcrumb","itemListElement":[{"@type":"ListItem","position":1,"name":"Portada","item":"https:\/\/exaudi.org\/it\/"},{"@type":"ListItem","position":2,"name":"&#8220;Siate sentinelle che sognano e annunciano un mondo diverso e non pi\u00f9 diviso&#8221;"}]},{"@type":"WebSite","@id":"https:\/\/exaudi.org\/#website","url":"https:\/\/exaudi.org\/","name":"Exaudi","description":"News","potentialAction":[{"@type":"SearchAction","target":{"@type":"EntryPoint","urlTemplate":"https:\/\/exaudi.org\/?s={search_term_string}"},"query-input":{"@type":"PropertyValueSpecification","valueRequired":true,"valueName":"search_term_string"}}],"inLanguage":"it-IT"},{"@type":"Person","@id":"https:\/\/exaudi.org\/#\/schema\/person\/e1ab6ed07c01774724dd96f925f3a5f0","name":"Exaudi Redazione","image":{"@type":"ImageObject","inLanguage":"it-IT","@id":"https:\/\/secure.gravatar.com\/avatar\/ad6774b3ada023bf5b939d64f45c94b3adf91502dd883507d469b4308a943bb3?s=96&d=mm&r=g","url":"https:\/\/secure.gravatar.com\/avatar\/ad6774b3ada023bf5b939d64f45c94b3adf91502dd883507d469b4308a943bb3?s=96&d=mm&r=g","contentUrl":"https:\/\/secure.gravatar.com\/avatar\/ad6774b3ada023bf5b939d64f45c94b3adf91502dd883507d469b4308a943bb3?s=96&d=mm&r=g","caption":"Exaudi Redazione"},"description":"Che cosa \u00e8 Exaudi News? Exaudi News \u00e8 un agenzia cattolica internazionale che informa, istruisce e trasforma quotidianamente in spagnolo, inglese e italiano. Attraverso notizie, articoli di analisi e trasmissioni in diretta degli eventi del Papa, Exaudi cerca di rafforzare l'unit\u00e0 dei cristiani e di contribuire all'evangelizzazione del mondo, sempre guidato dalla dottrina sociale della Chiesa. Lavoriamo per portare la verit\u00e0 e i valori cristiani in ogni angolo del pianeta. Aiutaci a trasformare il mondo con Exaudi! Noi di Exaudi crediamo che l'evangelizzazione e l'informazione di qualit\u00e0 possano cambiare la vita. Per continuare la nostra missione ed espandere la nostra portata, abbiamo bisogno del tuo aiuto. Stiamo anche cercando persone motivate che vogliano unirsi al nostro team. Grazie al vostro sostegno raggiungeremo pi\u00f9 persone, diffonderemo il messaggio di Cristo e rafforzeremo l'unit\u00e0 dei cristiani. Vuoi unirti alla nostra missione? Per maggiori informazioni su come contribuire, visita Exaudi.org\/it o contattaci direttamente: info@exaudi.org Exaudi: informa, forma e trasforma.","sameAs":["https:\/\/www.facebook.com\/ExaudiNotizie\/","https:\/\/www.instagram.com\/Exaudi_notizie\/","https:\/\/x.com\/Exaudi_Notizie","https:\/\/www.youtube.com\/@exaudicatholicnews"],"url":"https:\/\/exaudi.org\/it\/author\/dlvedi-org\/"}]}},"jetpack_featured_media_url":"https:\/\/exaudi.org\/wp-content\/uploads\/2023\/06\/cq5dam.web_.800.800-9.jpeg","jetpack_shortlink":"https:\/\/wp.me\/pgKjF2-kyY","_links":{"self":[{"href":"https:\/\/exaudi.org\/it\/wp-json\/wp\/v2\/posts\/79048","targetHints":{"allow":["GET"]}}],"collection":[{"href":"https:\/\/exaudi.org\/it\/wp-json\/wp\/v2\/posts"}],"about":[{"href":"https:\/\/exaudi.org\/it\/wp-json\/wp\/v2\/types\/post"}],"author":[{"embeddable":true,"href":"https:\/\/exaudi.org\/it\/wp-json\/wp\/v2\/users\/17"}],"replies":[{"embeddable":true,"href":"https:\/\/exaudi.org\/it\/wp-json\/wp\/v2\/comments?post=79048"}],"version-history":[{"count":0,"href":"https:\/\/exaudi.org\/it\/wp-json\/wp\/v2\/posts\/79048\/revisions"}],"wp:featuredmedia":[{"embeddable":true,"href":"https:\/\/exaudi.org\/it\/wp-json\/wp\/v2\/media\/79049"}],"wp:attachment":[{"href":"https:\/\/exaudi.org\/it\/wp-json\/wp\/v2\/media?parent=79048"}],"wp:term":[{"taxonomy":"category","embeddable":true,"href":"https:\/\/exaudi.org\/it\/wp-json\/wp\/v2\/categories?post=79048"},{"taxonomy":"post_tag","embeddable":true,"href":"https:\/\/exaudi.org\/it\/wp-json\/wp\/v2\/tags?post=79048"}],"curies":[{"name":"wp","href":"https:\/\/api.w.org\/{rel}","templated":true}]}}