{"id":78939,"date":"2023-06-21T18:52:19","date_gmt":"2023-06-21T16:52:19","guid":{"rendered":"https:\/\/exaudi.org\/?p=78939"},"modified":"2023-06-22T08:49:24","modified_gmt":"2023-06-22T06:49:24","slug":"il-santo-padre-ha-nominato-vescovo-di-concordia-argentina","status":"publish","type":"post","link":"https:\/\/exaudi.org\/it\/il-santo-padre-ha-nominato-vescovo-di-concordia-argentina\/","title":{"rendered":"Il Santo Padre ha nominato Vescovo di Concordia (Argentina)"},"content":{"rendered":"<p><b><u>Rinuncia e nomina del Vescovo di Concordia (Argentina)<\/u><\/b><\/p>\n<p>Il Santo Padre ha accettato la rinuncia al governo pastorale della Diocesi di Concordia (Argentina) presentata da S. E. Mons. Luis Armando Collazuol.<\/p>\n<p>Il Santo Padre ha nominato Vescovo di Concordia (Argentina) S.E. Mons. Gustavo Gabriel Zurbriggen, finora Vescovo Prelato di De\u00e1n Funes.<\/p>\n<p><b><i>Curriculum vitae<\/i><\/b><\/p>\n<p>S.E. Mons. Gustavo Gabriel Zurbriggen \u00e8 nato a Curupaity, Diocesi di Rafaela, il 26 novembre 1963. Ha frequentato il Seminario di C\u00f3rdoba e ottenuto il titolo di Professore in Scienze Religiose e il Baccalaureato in Teologia presso la\u00a0<i>Pontificia Universidad Cat\u00f3lica Argentina<\/i>.<\/p>\n<p>\u00c8 stato ordinato sacerdote il 26 ottobre 1990.<\/p>\n<p>Ha ricoperto i seguenti incarichi e svolto ulteriori studi: Vicario in diverse Parrocchie; Licenza in Teologia presso la\u00a0<i>Pontificia Universit\u00e0 Gregoriana<\/i>\u00a0(1998); Vicario Parrocchiale della Cattedrale e poi Parroco di\u00a0<i>Santa Catalina de Siena<\/i>\u00a0(2000-2006); Parroco della Cattedrale; Docente di Teologia nei Seminari di Paran\u00e1 e di C\u00f3rdoba; membro del Collegio dei Consultori, del Consiglio Presbiterale e dell\u2019Equipe di Formazione Permanente del Clero; Coordinatore del Consiglio Diocesano di Pastorale.<\/p>\n<p>Il 12 ottobre 2011 \u00e8 stato nominato Vescovo Coadiutore della Prelatura di De\u00e1n Funes, ricevendo l\u2019ordinazione episcopale il 9 dicembre 2011. Dal 21 dicembre 2013 finora \u00e8 stato Vescovo Prelato di De\u00e1n Funes. Nella Conferenza Episcopale Argentina, \u00e8 Presidente della Commissione Episcopale della Pastorale Universitaria.<\/p>\n","protected":false},"excerpt":{"rendered":"<p>Al fino ad ora Vescovo Prelato di De\u00e1n Funes S.E. Mons. Gustavo Gabriel Zurbriggen<\/p>\n","protected":false},"author":17,"featured_media":78943,"comment_status":"closed","ping_status":"closed","sticky":false,"template":"","format":"standard","meta":{"_acf_changed":false,"_crdt_document":"","inline_featured_image":false,"footnotes":""},"categories":[67],"tags":[3294,7105,251,4952],"class_list":["post-78939","post","type-post","status-publish","format-standard","has-post-thumbnail","hentry","category-leone-xiv","tag-argentina-it","tag-nomina-a-vescovo","tag-papa-francesco","tag-trending-it"],"acf":[],"yoast_head":"<!-- This site is optimized with the Yoast SEO plugin v27.5 - https:\/\/yoast.com\/product\/yoast-seo-wordpress\/ -->\n<title>Il Santo Padre ha nominato Vescovo di Concordia (Argentina) &#8211; Exaudi<\/title>\n<meta name=\"robots\" content=\"index, follow, max-snippet:-1, max-image-preview:large, max-video-preview:-1\" \/>\n<link rel=\"canonical\" href=\"https:\/\/exaudi.org\/it\/il-santo-padre-ha-nominato-vescovo-di-concordia-argentina\/\" \/>\n<meta property=\"og:locale\" content=\"it_IT\" \/>\n<meta property=\"og:type\" content=\"article\" \/>\n<meta property=\"og:title\" content=\"Il Santo Padre ha nominato Vescovo di Concordia (Argentina) &#8211; Exaudi\" \/>\n<meta property=\"og:description\" content=\"Al fino ad ora Vescovo Prelato di De\u00e1n Funes S.E. Mons. Gustavo Gabriel Zurbriggen\" \/>\n<meta property=\"og:url\" content=\"https:\/\/exaudi.org\/it\/il-santo-padre-ha-nominato-vescovo-di-concordia-argentina\/\" \/>\n<meta property=\"og:site_name\" content=\"Exaudi\" \/>\n<meta property=\"article:publisher\" content=\"https:\/\/www.facebook.com\/ExaudiNews\" \/>\n<meta property=\"article:author\" content=\"https:\/\/www.facebook.com\/ExaudiNotizie\/\" \/>\n<meta property=\"article:published_time\" content=\"2023-06-21T16:52:19+00:00\" \/>\n<meta property=\"article:modified_time\" content=\"2023-06-22T06:49:24+00:00\" \/>\n<meta property=\"og:image\" content=\"https:\/\/exaudi.org\/wp-content\/uploads\/2023\/06\/Mons-Gustavo-Gabriel-Zurbriggen_2571352854_16605030_660x371.jpg\" \/>\n\t<meta property=\"og:image:width\" content=\"660\" \/>\n\t<meta property=\"og:image:height\" content=\"371\" \/>\n\t<meta property=\"og:image:type\" content=\"image\/jpeg\" \/>\n<meta name=\"author\" content=\"Exaudi Redazione\" \/>\n<meta name=\"twitter:card\" content=\"summary_large_image\" \/>\n<meta name=\"twitter:creator\" content=\"@Exaudi_Notizie\" \/>\n<meta name=\"twitter:site\" content=\"@Exaudi_News\" \/>\n<meta name=\"twitter:label1\" content=\"Scritto da\" \/>\n\t<meta name=\"twitter:data1\" content=\"Exaudi Redazione\" \/>\n\t<meta name=\"twitter:label2\" content=\"Tempo di lettura stimato\" \/>\n\t<meta name=\"twitter:data2\" content=\"1 minuto\" \/>\n<script type=\"application\/ld+json\" class=\"yoast-schema-graph\">{\"@context\":\"https:\\\/\\\/schema.org\",\"@graph\":[{\"@type\":\"Article\",\"@id\":\"https:\\\/\\\/exaudi.org\\\/it\\\/il-santo-padre-ha-nominato-vescovo-di-concordia-argentina\\\/#article\",\"isPartOf\":{\"@id\":\"https:\\\/\\\/exaudi.org\\\/it\\\/il-santo-padre-ha-nominato-vescovo-di-concordia-argentina\\\/\"},\"author\":{\"name\":\"Exaudi Redazione\",\"@id\":\"https:\\\/\\\/exaudi.org\\\/#\\\/schema\\\/person\\\/e1ab6ed07c01774724dd96f925f3a5f0\"},\"headline\":\"Il Santo Padre ha nominato Vescovo di Concordia (Argentina)\",\"datePublished\":\"2023-06-21T16:52:19+00:00\",\"dateModified\":\"2023-06-22T06:49:24+00:00\",\"mainEntityOfPage\":{\"@id\":\"https:\\\/\\\/exaudi.org\\\/it\\\/il-santo-padre-ha-nominato-vescovo-di-concordia-argentina\\\/\"},\"wordCount\":220,\"image\":{\"@id\":\"https:\\\/\\\/exaudi.org\\\/it\\\/il-santo-padre-ha-nominato-vescovo-di-concordia-argentina\\\/#primaryimage\"},\"thumbnailUrl\":\"https:\\\/\\\/exaudi.org\\\/wp-content\\\/uploads\\\/2023\\\/06\\\/Mons-Gustavo-Gabriel-Zurbriggen_2571352854_16605030_660x371.jpg\",\"keywords\":[\"Argentina\",\"Nomina a Vescovo\",\"Papa Francesco\",\"Trending\"],\"articleSection\":[\"Leone XIV\"],\"inLanguage\":\"it-IT\"},{\"@type\":\"WebPage\",\"@id\":\"https:\\\/\\\/exaudi.org\\\/it\\\/il-santo-padre-ha-nominato-vescovo-di-concordia-argentina\\\/\",\"url\":\"https:\\\/\\\/exaudi.org\\\/it\\\/il-santo-padre-ha-nominato-vescovo-di-concordia-argentina\\\/\",\"name\":\"Il Santo Padre ha nominato Vescovo di Concordia (Argentina) &#8211; Exaudi\",\"isPartOf\":{\"@id\":\"https:\\\/\\\/exaudi.org\\\/#website\"},\"primaryImageOfPage\":{\"@id\":\"https:\\\/\\\/exaudi.org\\\/it\\\/il-santo-padre-ha-nominato-vescovo-di-concordia-argentina\\\/#primaryimage\"},\"image\":{\"@id\":\"https:\\\/\\\/exaudi.org\\\/it\\\/il-santo-padre-ha-nominato-vescovo-di-concordia-argentina\\\/#primaryimage\"},\"thumbnailUrl\":\"https:\\\/\\\/exaudi.org\\\/wp-content\\\/uploads\\\/2023\\\/06\\\/Mons-Gustavo-Gabriel-Zurbriggen_2571352854_16605030_660x371.jpg\",\"datePublished\":\"2023-06-21T16:52:19+00:00\",\"dateModified\":\"2023-06-22T06:49:24+00:00\",\"author\":{\"@id\":\"https:\\\/\\\/exaudi.org\\\/#\\\/schema\\\/person\\\/e1ab6ed07c01774724dd96f925f3a5f0\"},\"breadcrumb\":{\"@id\":\"https:\\\/\\\/exaudi.org\\\/it\\\/il-santo-padre-ha-nominato-vescovo-di-concordia-argentina\\\/#breadcrumb\"},\"inLanguage\":\"it-IT\",\"potentialAction\":[{\"@type\":\"ReadAction\",\"target\":[\"https:\\\/\\\/exaudi.org\\\/it\\\/il-santo-padre-ha-nominato-vescovo-di-concordia-argentina\\\/\"]}]},{\"@type\":\"ImageObject\",\"inLanguage\":\"it-IT\",\"@id\":\"https:\\\/\\\/exaudi.org\\\/it\\\/il-santo-padre-ha-nominato-vescovo-di-concordia-argentina\\\/#primaryimage\",\"url\":\"https:\\\/\\\/exaudi.org\\\/wp-content\\\/uploads\\\/2023\\\/06\\\/Mons-Gustavo-Gabriel-Zurbriggen_2571352854_16605030_660x371.jpg\",\"contentUrl\":\"https:\\\/\\\/exaudi.org\\\/wp-content\\\/uploads\\\/2023\\\/06\\\/Mons-Gustavo-Gabriel-Zurbriggen_2571352854_16605030_660x371.jpg\",\"width\":660,\"height\":371,\"caption\":\"religiondigital\"},{\"@type\":\"BreadcrumbList\",\"@id\":\"https:\\\/\\\/exaudi.org\\\/it\\\/il-santo-padre-ha-nominato-vescovo-di-concordia-argentina\\\/#breadcrumb\",\"itemListElement\":[{\"@type\":\"ListItem\",\"position\":1,\"name\":\"Portada\",\"item\":\"https:\\\/\\\/exaudi.org\\\/it\\\/\"},{\"@type\":\"ListItem\",\"position\":2,\"name\":\"Il Santo Padre ha nominato Vescovo di Concordia (Argentina)\"}]},{\"@type\":\"WebSite\",\"@id\":\"https:\\\/\\\/exaudi.org\\\/#website\",\"url\":\"https:\\\/\\\/exaudi.org\\\/\",\"name\":\"Exaudi\",\"description\":\"News\",\"potentialAction\":[{\"@type\":\"SearchAction\",\"target\":{\"@type\":\"EntryPoint\",\"urlTemplate\":\"https:\\\/\\\/exaudi.org\\\/?s={search_term_string}\"},\"query-input\":{\"@type\":\"PropertyValueSpecification\",\"valueRequired\":true,\"valueName\":\"search_term_string\"}}],\"inLanguage\":\"it-IT\"},{\"@type\":\"Person\",\"@id\":\"https:\\\/\\\/exaudi.org\\\/#\\\/schema\\\/person\\\/e1ab6ed07c01774724dd96f925f3a5f0\",\"name\":\"Exaudi Redazione\",\"image\":{\"@type\":\"ImageObject\",\"inLanguage\":\"it-IT\",\"@id\":\"https:\\\/\\\/secure.gravatar.com\\\/avatar\\\/ad6774b3ada023bf5b939d64f45c94b3adf91502dd883507d469b4308a943bb3?s=96&d=mm&r=g\",\"url\":\"https:\\\/\\\/secure.gravatar.com\\\/avatar\\\/ad6774b3ada023bf5b939d64f45c94b3adf91502dd883507d469b4308a943bb3?s=96&d=mm&r=g\",\"contentUrl\":\"https:\\\/\\\/secure.gravatar.com\\\/avatar\\\/ad6774b3ada023bf5b939d64f45c94b3adf91502dd883507d469b4308a943bb3?s=96&d=mm&r=g\",\"caption\":\"Exaudi Redazione\"},\"description\":\"Che cosa \u00e8 Exaudi News? Exaudi News \u00e8 un agenzia cattolica internazionale che informa, istruisce e trasforma quotidianamente in spagnolo, inglese e italiano. Attraverso notizie, articoli di analisi e trasmissioni in diretta degli eventi del Papa, Exaudi cerca di rafforzare l'unit\u00e0 dei cristiani e di contribuire all'evangelizzazione del mondo, sempre guidato dalla dottrina sociale della Chiesa. Lavoriamo per portare la verit\u00e0 e i valori cristiani in ogni angolo del pianeta. Aiutaci a trasformare il mondo con Exaudi! Noi di Exaudi crediamo che l'evangelizzazione e l'informazione di qualit\u00e0 possano cambiare la vita. Per continuare la nostra missione ed espandere la nostra portata, abbiamo bisogno del tuo aiuto. Stiamo anche cercando persone motivate che vogliano unirsi al nostro team. Grazie al vostro sostegno raggiungeremo pi\u00f9 persone, diffonderemo il messaggio di Cristo e rafforzeremo l'unit\u00e0 dei cristiani. Vuoi unirti alla nostra missione? Per maggiori informazioni su come contribuire, visita Exaudi.org\\\/it o contattaci direttamente: info@exaudi.org Exaudi: informa, forma e trasforma.\",\"sameAs\":[\"https:\\\/\\\/www.facebook.com\\\/ExaudiNotizie\\\/\",\"https:\\\/\\\/www.instagram.com\\\/Exaudi_notizie\\\/\",\"https:\\\/\\\/x.com\\\/Exaudi_Notizie\",\"https:\\\/\\\/www.youtube.com\\\/@exaudicatholicnews\"],\"url\":\"https:\\\/\\\/exaudi.org\\\/it\\\/author\\\/dlvedi-org\\\/\"}]}<\/script>\n<!-- \/ Yoast SEO plugin. -->","yoast_head_json":{"title":"Il Santo Padre ha nominato Vescovo di Concordia (Argentina) &#8211; Exaudi","robots":{"index":"index","follow":"follow","max-snippet":"max-snippet:-1","max-image-preview":"max-image-preview:large","max-video-preview":"max-video-preview:-1"},"canonical":"https:\/\/exaudi.org\/it\/il-santo-padre-ha-nominato-vescovo-di-concordia-argentina\/","og_locale":"it_IT","og_type":"article","og_title":"Il Santo Padre ha nominato Vescovo di Concordia (Argentina) &#8211; Exaudi","og_description":"Al fino ad ora Vescovo Prelato di De\u00e1n Funes S.E. Mons. Gustavo Gabriel Zurbriggen","og_url":"https:\/\/exaudi.org\/it\/il-santo-padre-ha-nominato-vescovo-di-concordia-argentina\/","og_site_name":"Exaudi","article_publisher":"https:\/\/www.facebook.com\/ExaudiNews","article_author":"https:\/\/www.facebook.com\/ExaudiNotizie\/","article_published_time":"2023-06-21T16:52:19+00:00","article_modified_time":"2023-06-22T06:49:24+00:00","og_image":[{"width":660,"height":371,"url":"https:\/\/exaudi.org\/wp-content\/uploads\/2023\/06\/Mons-Gustavo-Gabriel-Zurbriggen_2571352854_16605030_660x371.jpg","type":"image\/jpeg"}],"author":"Exaudi Redazione","twitter_card":"summary_large_image","twitter_creator":"@Exaudi_Notizie","twitter_site":"@Exaudi_News","twitter_misc":{"Scritto da":"Exaudi Redazione","Tempo di lettura stimato":"1 minuto"},"schema":{"@context":"https:\/\/schema.org","@graph":[{"@type":"Article","@id":"https:\/\/exaudi.org\/it\/il-santo-padre-ha-nominato-vescovo-di-concordia-argentina\/#article","isPartOf":{"@id":"https:\/\/exaudi.org\/it\/il-santo-padre-ha-nominato-vescovo-di-concordia-argentina\/"},"author":{"name":"Exaudi Redazione","@id":"https:\/\/exaudi.org\/#\/schema\/person\/e1ab6ed07c01774724dd96f925f3a5f0"},"headline":"Il Santo Padre ha nominato Vescovo di Concordia (Argentina)","datePublished":"2023-06-21T16:52:19+00:00","dateModified":"2023-06-22T06:49:24+00:00","mainEntityOfPage":{"@id":"https:\/\/exaudi.org\/it\/il-santo-padre-ha-nominato-vescovo-di-concordia-argentina\/"},"wordCount":220,"image":{"@id":"https:\/\/exaudi.org\/it\/il-santo-padre-ha-nominato-vescovo-di-concordia-argentina\/#primaryimage"},"thumbnailUrl":"https:\/\/exaudi.org\/wp-content\/uploads\/2023\/06\/Mons-Gustavo-Gabriel-Zurbriggen_2571352854_16605030_660x371.jpg","keywords":["Argentina","Nomina a Vescovo","Papa Francesco","Trending"],"articleSection":["Leone XIV"],"inLanguage":"it-IT"},{"@type":"WebPage","@id":"https:\/\/exaudi.org\/it\/il-santo-padre-ha-nominato-vescovo-di-concordia-argentina\/","url":"https:\/\/exaudi.org\/it\/il-santo-padre-ha-nominato-vescovo-di-concordia-argentina\/","name":"Il Santo Padre ha nominato Vescovo di Concordia (Argentina) &#8211; Exaudi","isPartOf":{"@id":"https:\/\/exaudi.org\/#website"},"primaryImageOfPage":{"@id":"https:\/\/exaudi.org\/it\/il-santo-padre-ha-nominato-vescovo-di-concordia-argentina\/#primaryimage"},"image":{"@id":"https:\/\/exaudi.org\/it\/il-santo-padre-ha-nominato-vescovo-di-concordia-argentina\/#primaryimage"},"thumbnailUrl":"https:\/\/exaudi.org\/wp-content\/uploads\/2023\/06\/Mons-Gustavo-Gabriel-Zurbriggen_2571352854_16605030_660x371.jpg","datePublished":"2023-06-21T16:52:19+00:00","dateModified":"2023-06-22T06:49:24+00:00","author":{"@id":"https:\/\/exaudi.org\/#\/schema\/person\/e1ab6ed07c01774724dd96f925f3a5f0"},"breadcrumb":{"@id":"https:\/\/exaudi.org\/it\/il-santo-padre-ha-nominato-vescovo-di-concordia-argentina\/#breadcrumb"},"inLanguage":"it-IT","potentialAction":[{"@type":"ReadAction","target":["https:\/\/exaudi.org\/it\/il-santo-padre-ha-nominato-vescovo-di-concordia-argentina\/"]}]},{"@type":"ImageObject","inLanguage":"it-IT","@id":"https:\/\/exaudi.org\/it\/il-santo-padre-ha-nominato-vescovo-di-concordia-argentina\/#primaryimage","url":"https:\/\/exaudi.org\/wp-content\/uploads\/2023\/06\/Mons-Gustavo-Gabriel-Zurbriggen_2571352854_16605030_660x371.jpg","contentUrl":"https:\/\/exaudi.org\/wp-content\/uploads\/2023\/06\/Mons-Gustavo-Gabriel-Zurbriggen_2571352854_16605030_660x371.jpg","width":660,"height":371,"caption":"religiondigital"},{"@type":"BreadcrumbList","@id":"https:\/\/exaudi.org\/it\/il-santo-padre-ha-nominato-vescovo-di-concordia-argentina\/#breadcrumb","itemListElement":[{"@type":"ListItem","position":1,"name":"Portada","item":"https:\/\/exaudi.org\/it\/"},{"@type":"ListItem","position":2,"name":"Il Santo Padre ha nominato Vescovo di Concordia (Argentina)"}]},{"@type":"WebSite","@id":"https:\/\/exaudi.org\/#website","url":"https:\/\/exaudi.org\/","name":"Exaudi","description":"News","potentialAction":[{"@type":"SearchAction","target":{"@type":"EntryPoint","urlTemplate":"https:\/\/exaudi.org\/?s={search_term_string}"},"query-input":{"@type":"PropertyValueSpecification","valueRequired":true,"valueName":"search_term_string"}}],"inLanguage":"it-IT"},{"@type":"Person","@id":"https:\/\/exaudi.org\/#\/schema\/person\/e1ab6ed07c01774724dd96f925f3a5f0","name":"Exaudi Redazione","image":{"@type":"ImageObject","inLanguage":"it-IT","@id":"https:\/\/secure.gravatar.com\/avatar\/ad6774b3ada023bf5b939d64f45c94b3adf91502dd883507d469b4308a943bb3?s=96&d=mm&r=g","url":"https:\/\/secure.gravatar.com\/avatar\/ad6774b3ada023bf5b939d64f45c94b3adf91502dd883507d469b4308a943bb3?s=96&d=mm&r=g","contentUrl":"https:\/\/secure.gravatar.com\/avatar\/ad6774b3ada023bf5b939d64f45c94b3adf91502dd883507d469b4308a943bb3?s=96&d=mm&r=g","caption":"Exaudi Redazione"},"description":"Che cosa \u00e8 Exaudi News? Exaudi News \u00e8 un agenzia cattolica internazionale che informa, istruisce e trasforma quotidianamente in spagnolo, inglese e italiano. Attraverso notizie, articoli di analisi e trasmissioni in diretta degli eventi del Papa, Exaudi cerca di rafforzare l'unit\u00e0 dei cristiani e di contribuire all'evangelizzazione del mondo, sempre guidato dalla dottrina sociale della Chiesa. Lavoriamo per portare la verit\u00e0 e i valori cristiani in ogni angolo del pianeta. Aiutaci a trasformare il mondo con Exaudi! Noi di Exaudi crediamo che l'evangelizzazione e l'informazione di qualit\u00e0 possano cambiare la vita. Per continuare la nostra missione ed espandere la nostra portata, abbiamo bisogno del tuo aiuto. Stiamo anche cercando persone motivate che vogliano unirsi al nostro team. Grazie al vostro sostegno raggiungeremo pi\u00f9 persone, diffonderemo il messaggio di Cristo e rafforzeremo l'unit\u00e0 dei cristiani. Vuoi unirti alla nostra missione? Per maggiori informazioni su come contribuire, visita Exaudi.org\/it o contattaci direttamente: info@exaudi.org Exaudi: informa, forma e trasforma.","sameAs":["https:\/\/www.facebook.com\/ExaudiNotizie\/","https:\/\/www.instagram.com\/Exaudi_notizie\/","https:\/\/x.com\/Exaudi_Notizie","https:\/\/www.youtube.com\/@exaudicatholicnews"],"url":"https:\/\/exaudi.org\/it\/author\/dlvedi-org\/"}]}},"jetpack_featured_media_url":"https:\/\/exaudi.org\/wp-content\/uploads\/2023\/06\/Mons-Gustavo-Gabriel-Zurbriggen_2571352854_16605030_660x371.jpg","jetpack_shortlink":"https:\/\/wp.me\/pgKjF2-kxd","_links":{"self":[{"href":"https:\/\/exaudi.org\/it\/wp-json\/wp\/v2\/posts\/78939","targetHints":{"allow":["GET"]}}],"collection":[{"href":"https:\/\/exaudi.org\/it\/wp-json\/wp\/v2\/posts"}],"about":[{"href":"https:\/\/exaudi.org\/it\/wp-json\/wp\/v2\/types\/post"}],"author":[{"embeddable":true,"href":"https:\/\/exaudi.org\/it\/wp-json\/wp\/v2\/users\/17"}],"replies":[{"embeddable":true,"href":"https:\/\/exaudi.org\/it\/wp-json\/wp\/v2\/comments?post=78939"}],"version-history":[{"count":0,"href":"https:\/\/exaudi.org\/it\/wp-json\/wp\/v2\/posts\/78939\/revisions"}],"wp:featuredmedia":[{"embeddable":true,"href":"https:\/\/exaudi.org\/it\/wp-json\/wp\/v2\/media\/78943"}],"wp:attachment":[{"href":"https:\/\/exaudi.org\/it\/wp-json\/wp\/v2\/media?parent=78939"}],"wp:term":[{"taxonomy":"category","embeddable":true,"href":"https:\/\/exaudi.org\/it\/wp-json\/wp\/v2\/categories?post=78939"},{"taxonomy":"post_tag","embeddable":true,"href":"https:\/\/exaudi.org\/it\/wp-json\/wp\/v2\/tags?post=78939"}],"curies":[{"name":"wp","href":"https:\/\/api.w.org\/{rel}","templated":true}]}}