{"id":77914,"date":"2023-06-12T13:22:45","date_gmt":"2023-06-12T11:22:45","guid":{"rendered":"https:\/\/exaudi.org\/?p=77914"},"modified":"2023-06-14T16:24:16","modified_gmt":"2023-06-14T14:24:16","slug":"papa-francesco-decorso-regolare-in-mattinata-lavoro-ed-eucarestia","status":"publish","type":"post","link":"https:\/\/exaudi.org\/it\/papa-francesco-decorso-regolare-in-mattinata-lavoro-ed-eucarestia\/","title":{"rendered":"Papa Francesco, decorso regolare: in mattinata lavoro ed Eucarestia"},"content":{"rendered":"<div class=\"article__text\">\n<audio class=\"wp-audio-shortcode\" id=\"audio-77914-1\" preload=\"none\" style=\"width: 100%;\" controls=\"controls\"><source type=\"audio\/mpeg\" src=\"https:\/\/exaudi.org\/wp-content\/uploads\/2023\/06\/Papa-Francesco-decorso-regolare-in-mattinata_1.mp3?_=1\" \/><a href=\"https:\/\/exaudi.org\/wp-content\/uploads\/2023\/06\/Papa-Francesco-decorso-regolare-in-mattinata_1.mp3\">https:\/\/exaudi.org\/wp-content\/uploads\/2023\/06\/Papa-Francesco-decorso-regolare-in-mattinata_1.mp3<\/a><\/audio>\n<p>Decorso regolare e alimentazione normale, Eucarestia e lavoro. Sono notizie positive quelle diffuse dallo\u00a0staff medico che segue il decorso post operatorio di Papa Francesco, al suo quinto giorno di ricovero al Policlinico Gemelli\u00a0dopo l&#8217;operazione del 7 giugno scorso al Policlinico Gemelli di laparotomia\u00a0e plastica della parete addominale con protesi. Nel comunicato quotidiano diffuso dalla Sala Stampa vaticana, l&#8217;\u00e9quipe di dottori spiega che\u00a0\u201cil decorso post operatorio del Santo Padre continua ad essere regolare, osservando le prescrizioni mediche&#8221; e che &#8220;Papa Francesco continua ad alimentarsi normalmente&#8221;.\u00a0Questa mattina, Francesco ha ricevuto l&#8217;Eucaristia, &#8220;successivamente si \u00e8 dedicato alle attivit\u00e0 lavorative\u201d.<\/p>\n<h2><strong>La domenica con l&#8217;Angelus in privato\u00a0<\/strong><\/h2>\n<p>Sulla buona ripresa del Papa riferivano gi\u00e0 ieri sera i medici spiegando che Francesco continuava ad essere &#8220;apiretico ed emodinamicamente stabile&#8221;, che aveva &#8220;effettuato fisioterapia respiratoria&#8221;, continuando a &#8220;mobilizzarsi&#8221;. La domenica mattina del Pontefice era stata scandita dalla Messa seguita in diretta televisiva e dall\u2019Eucaristia. Intorno alle 12, il Papa si \u00e8 poi recato presso la Cappellina dell\u2019appartamento privato al decimo piano del nosocomio per raccogliersi in preghiera per la recita dell\u2019Angelus. Un Angelus privato, unito spiritualmente ai fedeli di tutto il mondo e anche quelli che si erano radunati con il Rosario in mano nel piazzale del Gemelli. Era stato il professor Sergio Alfieri, il chirurgo che ha operato due volte il Papa &#8211; sia nel luglio 2021 al colon, sia lo scorso 7 giugno &#8211; a spiegare nella\u00a0<a href=\"https:\/\/www.vaticannews.va\/it\/papa\/news\/2023-06\/papa-francesco-intervento-gemelli-stampa.html\" target=\"_blank\" rel=\"noopener\">conferenza stampa di sabato 10 giugno<\/a>\u00a0che i medici stessi e anche l&#8217;assistente sanitario personale del Papa, Massimiliano Strappetti, avevano suggerito al loro paziente di evitare lo sforzo di alzarsi e camminare verso il balcone per la preghiera mariana come nel 2021. A differenza di due anni fa, spiegava Alfieri, che erano passati ben dieci giorni dall&#8217;operazione (4 luglio, l&#8217;Angelus era stato l&#8217;11), in questo caso era troppo poco il tempo trascorso dall&#8217;intervento e rischiava di compromettere\u00a0la &#8220;rete protesica&#8221; impiantata al Pontefice e la ottimale cicatrizzazione della fascia muscolare.<\/p>\n<h2><strong>Gli auguri di tutto il mondo<\/strong><\/h2>\n<p>Dall&#8217;ospedale Francesco non interrompe comunque il lavoro, il contatto con la gente (\u00e8 di ieri lo scambio di lettere con gli infermieri del Reparto di Neuropsichiatria infantile e Neuro Pediatrico del Gemelli) e, naturalmente, la preghiera. A questa si uniscono anche i fedeli di ogni parte del mondo, a cominciare da quelli che si recano nella Cappella del Gemelli per invocare da Dio la pronta guarigione del Papa e dei loro cari l\u00ec ricoverati. Non mancano poi i pensieri di affetto per il Vescovo di Roma; gli ultimi, in ordine di tempo, giungono da un gruppo di bambini e ragazzi del Benin che, provenienti dalla cittadina di Cotonou, partecipano alle iniziative della fondazione spagnola<i>\u00a0Juntos por la vida.<\/i>\u00a0Si tratta di una associazione che si occupa della gestione e dell\u2019educazione di circa 50 bambini indigenti, nonch\u00e9 del supporto a donne in difficolt\u00e0 e in cerca di riscatto sociale. Al Papa i ragazzi hanno inviato\u00a0un video in cui ballano e cantano in spagnolo seguito da un messaggio di auguri.<\/p>\n<h2><strong>Il video dei bambini del Benin<\/strong><\/h2>\n<p>\u201cSappiamo che dove c&#8217;\u00e8 Dio, c\u2019\u00e8 il tuo cuore. Sappiamo che dove c&#8217;\u00e8 guerra, povert\u00e0, tristezza, fame, rimpianto, c\u2019\u00e8 il tuo cuore&#8221;, recitano in coro, in piedi con magliette colorate e la mano sul petto. &#8220;Sappiamo che nel tuo cuore c\u2019\u00e8 molto altro, che ci sono tutti i bambini del mondo e che tu desideri il meglio per loro. Per questo noi, i bambini della fondazione Juntos por la vida del Benin, dal cuore dell&#8217;Africa ti auguriamo una pronta guarigione. Tutti i bambini del mondo hanno bisogno di te. Forza. Ti vogliamo bene, Papa\u201d, concludono per poi avviare un canto e un ballo a ritmo di tamburi. Recentemente la loro associazione\u00a0<i>Juntos con la vida<\/i>\u00a0ha collaborato con l\u2019associazione Ripartiamo Aps per il progetto Children Connection, contro la povert\u00e0 educativa digitale: grazie alla consegna di tablet, gli ospiti del centro potranno avere accesso all\u2019istruzione ma anche comunicare con i loro coetanei in Spagna grazie ai progetti promossi dalla fondazione.<\/p>\n<p><b>Salvatore Cernuzio &#8211; Vatican News<\/b><\/p>\n<\/div>\n<div id=\"banner-donazioni\" class=\"article_banner\"><\/div>\n","protected":false},"excerpt":{"rendered":"<p>il Papa &#8220;continua ad alimentarsi normalmente&#8221;<\/p>\n","protected":false},"author":17,"featured_media":71966,"comment_status":"closed","ping_status":"closed","sticky":false,"template":"","format":"standard","meta":{"_acf_changed":false,"_crdt_document":"","inline_featured_image":false,"footnotes":""},"categories":[67],"tags":[920,9400,251,9375,1464,4952],"class_list":["post-77914","post","type-post","status-publish","format-standard","has-post-thumbnail","hentry","category-leone-xiv","tag-gemelli","tag-medicina-2","tag-papa-francesco","tag-sala-stampa","tag-salute","tag-trending-it"],"acf":[],"yoast_head":"<!-- This site is optimized with the Yoast SEO plugin v27.4 - https:\/\/yoast.com\/product\/yoast-seo-wordpress\/ -->\n<title>Papa Francesco, decorso regolare: in mattinata lavoro ed Eucarestia &#8211; Exaudi<\/title>\n<meta name=\"robots\" content=\"index, follow, max-snippet:-1, max-image-preview:large, max-video-preview:-1\" \/>\n<link rel=\"canonical\" href=\"https:\/\/exaudi.org\/it\/papa-francesco-decorso-regolare-in-mattinata-lavoro-ed-eucarestia\/\" \/>\n<meta property=\"og:locale\" content=\"it_IT\" \/>\n<meta property=\"og:type\" content=\"article\" \/>\n<meta property=\"og:title\" content=\"Papa Francesco, decorso regolare: in mattinata lavoro ed Eucarestia &#8211; Exaudi\" \/>\n<meta property=\"og:description\" content=\"il Papa &quot;continua ad alimentarsi normalmente&quot;\" \/>\n<meta property=\"og:url\" content=\"https:\/\/exaudi.org\/it\/papa-francesco-decorso-regolare-in-mattinata-lavoro-ed-eucarestia\/\" \/>\n<meta property=\"og:site_name\" content=\"Exaudi\" \/>\n<meta property=\"article:publisher\" content=\"https:\/\/www.facebook.com\/ExaudiNews\" \/>\n<meta property=\"article:author\" content=\"https:\/\/www.facebook.com\/ExaudiNotizie\/\" \/>\n<meta property=\"article:published_time\" content=\"2023-06-12T11:22:45+00:00\" \/>\n<meta property=\"article:modified_time\" content=\"2023-06-14T14:24:16+00:00\" \/>\n<meta property=\"og:image\" content=\"https:\/\/exaudi.org\/wp-content\/uploads\/2023\/03\/20.jpeg\" \/>\n\t<meta property=\"og:image:width\" content=\"1155\" \/>\n\t<meta property=\"og:image:height\" content=\"770\" \/>\n\t<meta property=\"og:image:type\" content=\"image\/jpeg\" \/>\n<meta name=\"author\" content=\"Exaudi Redazione\" \/>\n<meta name=\"twitter:card\" content=\"summary_large_image\" \/>\n<meta name=\"twitter:creator\" content=\"@Exaudi_Notizie\" \/>\n<meta name=\"twitter:site\" content=\"@Exaudi_News\" \/>\n<meta name=\"twitter:label1\" content=\"Scritto da\" \/>\n\t<meta name=\"twitter:data1\" content=\"Exaudi Redazione\" \/>\n\t<meta name=\"twitter:label2\" content=\"Tempo di lettura stimato\" \/>\n\t<meta name=\"twitter:data2\" content=\"4 minuti\" \/>\n<script type=\"application\/ld+json\" class=\"yoast-schema-graph\">{\"@context\":\"https:\\\/\\\/schema.org\",\"@graph\":[{\"@type\":\"Article\",\"@id\":\"https:\\\/\\\/exaudi.org\\\/it\\\/papa-francesco-decorso-regolare-in-mattinata-lavoro-ed-eucarestia\\\/#article\",\"isPartOf\":{\"@id\":\"https:\\\/\\\/exaudi.org\\\/it\\\/papa-francesco-decorso-regolare-in-mattinata-lavoro-ed-eucarestia\\\/\"},\"author\":{\"name\":\"Exaudi Redazione\",\"@id\":\"https:\\\/\\\/exaudi.org\\\/#\\\/schema\\\/person\\\/e1ab6ed07c01774724dd96f925f3a5f0\"},\"headline\":\"Papa Francesco, decorso regolare: in mattinata lavoro ed Eucarestia\",\"datePublished\":\"2023-06-12T11:22:45+00:00\",\"dateModified\":\"2023-06-14T14:24:16+00:00\",\"mainEntityOfPage\":{\"@id\":\"https:\\\/\\\/exaudi.org\\\/it\\\/papa-francesco-decorso-regolare-in-mattinata-lavoro-ed-eucarestia\\\/\"},\"wordCount\":696,\"image\":{\"@id\":\"https:\\\/\\\/exaudi.org\\\/it\\\/papa-francesco-decorso-regolare-in-mattinata-lavoro-ed-eucarestia\\\/#primaryimage\"},\"thumbnailUrl\":\"https:\\\/\\\/exaudi.org\\\/wp-content\\\/uploads\\\/2023\\\/03\\\/20.jpeg\",\"keywords\":[\"Gemelli\",\"Medicina\",\"Papa Francesco\",\"Sala stampa\",\"salute\",\"Trending\"],\"articleSection\":[\"Leone XIV\"],\"inLanguage\":\"it-IT\"},{\"@type\":\"WebPage\",\"@id\":\"https:\\\/\\\/exaudi.org\\\/it\\\/papa-francesco-decorso-regolare-in-mattinata-lavoro-ed-eucarestia\\\/\",\"url\":\"https:\\\/\\\/exaudi.org\\\/it\\\/papa-francesco-decorso-regolare-in-mattinata-lavoro-ed-eucarestia\\\/\",\"name\":\"Papa Francesco, decorso regolare: in mattinata lavoro ed Eucarestia &#8211; Exaudi\",\"isPartOf\":{\"@id\":\"https:\\\/\\\/exaudi.org\\\/#website\"},\"primaryImageOfPage\":{\"@id\":\"https:\\\/\\\/exaudi.org\\\/it\\\/papa-francesco-decorso-regolare-in-mattinata-lavoro-ed-eucarestia\\\/#primaryimage\"},\"image\":{\"@id\":\"https:\\\/\\\/exaudi.org\\\/it\\\/papa-francesco-decorso-regolare-in-mattinata-lavoro-ed-eucarestia\\\/#primaryimage\"},\"thumbnailUrl\":\"https:\\\/\\\/exaudi.org\\\/wp-content\\\/uploads\\\/2023\\\/03\\\/20.jpeg\",\"datePublished\":\"2023-06-12T11:22:45+00:00\",\"dateModified\":\"2023-06-14T14:24:16+00:00\",\"author\":{\"@id\":\"https:\\\/\\\/exaudi.org\\\/#\\\/schema\\\/person\\\/e1ab6ed07c01774724dd96f925f3a5f0\"},\"breadcrumb\":{\"@id\":\"https:\\\/\\\/exaudi.org\\\/it\\\/papa-francesco-decorso-regolare-in-mattinata-lavoro-ed-eucarestia\\\/#breadcrumb\"},\"inLanguage\":\"it-IT\",\"potentialAction\":[{\"@type\":\"ReadAction\",\"target\":[\"https:\\\/\\\/exaudi.org\\\/it\\\/papa-francesco-decorso-regolare-in-mattinata-lavoro-ed-eucarestia\\\/\"]}]},{\"@type\":\"ImageObject\",\"inLanguage\":\"it-IT\",\"@id\":\"https:\\\/\\\/exaudi.org\\\/it\\\/papa-francesco-decorso-regolare-in-mattinata-lavoro-ed-eucarestia\\\/#primaryimage\",\"url\":\"https:\\\/\\\/exaudi.org\\\/wp-content\\\/uploads\\\/2023\\\/03\\\/20.jpeg\",\"contentUrl\":\"https:\\\/\\\/exaudi.org\\\/wp-content\\\/uploads\\\/2023\\\/03\\\/20.jpeg\",\"width\":1155,\"height\":770,\"caption\":\"Vatican Media\"},{\"@type\":\"BreadcrumbList\",\"@id\":\"https:\\\/\\\/exaudi.org\\\/it\\\/papa-francesco-decorso-regolare-in-mattinata-lavoro-ed-eucarestia\\\/#breadcrumb\",\"itemListElement\":[{\"@type\":\"ListItem\",\"position\":1,\"name\":\"Portada\",\"item\":\"https:\\\/\\\/exaudi.org\\\/it\\\/\"},{\"@type\":\"ListItem\",\"position\":2,\"name\":\"Papa Francesco, decorso regolare: in mattinata lavoro ed Eucarestia\"}]},{\"@type\":\"WebSite\",\"@id\":\"https:\\\/\\\/exaudi.org\\\/#website\",\"url\":\"https:\\\/\\\/exaudi.org\\\/\",\"name\":\"Exaudi\",\"description\":\"News\",\"potentialAction\":[{\"@type\":\"SearchAction\",\"target\":{\"@type\":\"EntryPoint\",\"urlTemplate\":\"https:\\\/\\\/exaudi.org\\\/?s={search_term_string}\"},\"query-input\":{\"@type\":\"PropertyValueSpecification\",\"valueRequired\":true,\"valueName\":\"search_term_string\"}}],\"inLanguage\":\"it-IT\"},{\"@type\":\"Person\",\"@id\":\"https:\\\/\\\/exaudi.org\\\/#\\\/schema\\\/person\\\/e1ab6ed07c01774724dd96f925f3a5f0\",\"name\":\"Exaudi Redazione\",\"image\":{\"@type\":\"ImageObject\",\"inLanguage\":\"it-IT\",\"@id\":\"https:\\\/\\\/secure.gravatar.com\\\/avatar\\\/ad6774b3ada023bf5b939d64f45c94b3adf91502dd883507d469b4308a943bb3?s=96&d=mm&r=g\",\"url\":\"https:\\\/\\\/secure.gravatar.com\\\/avatar\\\/ad6774b3ada023bf5b939d64f45c94b3adf91502dd883507d469b4308a943bb3?s=96&d=mm&r=g\",\"contentUrl\":\"https:\\\/\\\/secure.gravatar.com\\\/avatar\\\/ad6774b3ada023bf5b939d64f45c94b3adf91502dd883507d469b4308a943bb3?s=96&d=mm&r=g\",\"caption\":\"Exaudi Redazione\"},\"description\":\"Che cosa \u00e8 Exaudi News? Exaudi News \u00e8 un agenzia cattolica internazionale che informa, istruisce e trasforma quotidianamente in spagnolo, inglese e italiano. Attraverso notizie, articoli di analisi e trasmissioni in diretta degli eventi del Papa, Exaudi cerca di rafforzare l'unit\u00e0 dei cristiani e di contribuire all'evangelizzazione del mondo, sempre guidato dalla dottrina sociale della Chiesa. Lavoriamo per portare la verit\u00e0 e i valori cristiani in ogni angolo del pianeta. Aiutaci a trasformare il mondo con Exaudi! Noi di Exaudi crediamo che l'evangelizzazione e l'informazione di qualit\u00e0 possano cambiare la vita. Per continuare la nostra missione ed espandere la nostra portata, abbiamo bisogno del tuo aiuto. Stiamo anche cercando persone motivate che vogliano unirsi al nostro team. Grazie al vostro sostegno raggiungeremo pi\u00f9 persone, diffonderemo il messaggio di Cristo e rafforzeremo l'unit\u00e0 dei cristiani. Vuoi unirti alla nostra missione? Per maggiori informazioni su come contribuire, visita Exaudi.org\\\/it o contattaci direttamente: info@exaudi.org Exaudi: informa, forma e trasforma.\",\"sameAs\":[\"https:\\\/\\\/www.facebook.com\\\/ExaudiNotizie\\\/\",\"https:\\\/\\\/www.instagram.com\\\/Exaudi_notizie\\\/\",\"https:\\\/\\\/x.com\\\/Exaudi_Notizie\",\"https:\\\/\\\/www.youtube.com\\\/@exaudicatholicnews\"],\"url\":\"https:\\\/\\\/exaudi.org\\\/it\\\/author\\\/dlvedi-org\\\/\"}]}<\/script>\n<!-- \/ Yoast SEO plugin. -->","yoast_head_json":{"title":"Papa Francesco, decorso regolare: in mattinata lavoro ed Eucarestia &#8211; Exaudi","robots":{"index":"index","follow":"follow","max-snippet":"max-snippet:-1","max-image-preview":"max-image-preview:large","max-video-preview":"max-video-preview:-1"},"canonical":"https:\/\/exaudi.org\/it\/papa-francesco-decorso-regolare-in-mattinata-lavoro-ed-eucarestia\/","og_locale":"it_IT","og_type":"article","og_title":"Papa Francesco, decorso regolare: in mattinata lavoro ed Eucarestia &#8211; Exaudi","og_description":"il Papa \"continua ad alimentarsi normalmente\"","og_url":"https:\/\/exaudi.org\/it\/papa-francesco-decorso-regolare-in-mattinata-lavoro-ed-eucarestia\/","og_site_name":"Exaudi","article_publisher":"https:\/\/www.facebook.com\/ExaudiNews","article_author":"https:\/\/www.facebook.com\/ExaudiNotizie\/","article_published_time":"2023-06-12T11:22:45+00:00","article_modified_time":"2023-06-14T14:24:16+00:00","og_image":[{"width":1155,"height":770,"url":"https:\/\/exaudi.org\/wp-content\/uploads\/2023\/03\/20.jpeg","type":"image\/jpeg"}],"author":"Exaudi Redazione","twitter_card":"summary_large_image","twitter_creator":"@Exaudi_Notizie","twitter_site":"@Exaudi_News","twitter_misc":{"Scritto da":"Exaudi Redazione","Tempo di lettura stimato":"4 minuti"},"schema":{"@context":"https:\/\/schema.org","@graph":[{"@type":"Article","@id":"https:\/\/exaudi.org\/it\/papa-francesco-decorso-regolare-in-mattinata-lavoro-ed-eucarestia\/#article","isPartOf":{"@id":"https:\/\/exaudi.org\/it\/papa-francesco-decorso-regolare-in-mattinata-lavoro-ed-eucarestia\/"},"author":{"name":"Exaudi Redazione","@id":"https:\/\/exaudi.org\/#\/schema\/person\/e1ab6ed07c01774724dd96f925f3a5f0"},"headline":"Papa Francesco, decorso regolare: in mattinata lavoro ed Eucarestia","datePublished":"2023-06-12T11:22:45+00:00","dateModified":"2023-06-14T14:24:16+00:00","mainEntityOfPage":{"@id":"https:\/\/exaudi.org\/it\/papa-francesco-decorso-regolare-in-mattinata-lavoro-ed-eucarestia\/"},"wordCount":696,"image":{"@id":"https:\/\/exaudi.org\/it\/papa-francesco-decorso-regolare-in-mattinata-lavoro-ed-eucarestia\/#primaryimage"},"thumbnailUrl":"https:\/\/exaudi.org\/wp-content\/uploads\/2023\/03\/20.jpeg","keywords":["Gemelli","Medicina","Papa Francesco","Sala stampa","salute","Trending"],"articleSection":["Leone XIV"],"inLanguage":"it-IT"},{"@type":"WebPage","@id":"https:\/\/exaudi.org\/it\/papa-francesco-decorso-regolare-in-mattinata-lavoro-ed-eucarestia\/","url":"https:\/\/exaudi.org\/it\/papa-francesco-decorso-regolare-in-mattinata-lavoro-ed-eucarestia\/","name":"Papa Francesco, decorso regolare: in mattinata lavoro ed Eucarestia &#8211; Exaudi","isPartOf":{"@id":"https:\/\/exaudi.org\/#website"},"primaryImageOfPage":{"@id":"https:\/\/exaudi.org\/it\/papa-francesco-decorso-regolare-in-mattinata-lavoro-ed-eucarestia\/#primaryimage"},"image":{"@id":"https:\/\/exaudi.org\/it\/papa-francesco-decorso-regolare-in-mattinata-lavoro-ed-eucarestia\/#primaryimage"},"thumbnailUrl":"https:\/\/exaudi.org\/wp-content\/uploads\/2023\/03\/20.jpeg","datePublished":"2023-06-12T11:22:45+00:00","dateModified":"2023-06-14T14:24:16+00:00","author":{"@id":"https:\/\/exaudi.org\/#\/schema\/person\/e1ab6ed07c01774724dd96f925f3a5f0"},"breadcrumb":{"@id":"https:\/\/exaudi.org\/it\/papa-francesco-decorso-regolare-in-mattinata-lavoro-ed-eucarestia\/#breadcrumb"},"inLanguage":"it-IT","potentialAction":[{"@type":"ReadAction","target":["https:\/\/exaudi.org\/it\/papa-francesco-decorso-regolare-in-mattinata-lavoro-ed-eucarestia\/"]}]},{"@type":"ImageObject","inLanguage":"it-IT","@id":"https:\/\/exaudi.org\/it\/papa-francesco-decorso-regolare-in-mattinata-lavoro-ed-eucarestia\/#primaryimage","url":"https:\/\/exaudi.org\/wp-content\/uploads\/2023\/03\/20.jpeg","contentUrl":"https:\/\/exaudi.org\/wp-content\/uploads\/2023\/03\/20.jpeg","width":1155,"height":770,"caption":"Vatican Media"},{"@type":"BreadcrumbList","@id":"https:\/\/exaudi.org\/it\/papa-francesco-decorso-regolare-in-mattinata-lavoro-ed-eucarestia\/#breadcrumb","itemListElement":[{"@type":"ListItem","position":1,"name":"Portada","item":"https:\/\/exaudi.org\/it\/"},{"@type":"ListItem","position":2,"name":"Papa Francesco, decorso regolare: in mattinata lavoro ed Eucarestia"}]},{"@type":"WebSite","@id":"https:\/\/exaudi.org\/#website","url":"https:\/\/exaudi.org\/","name":"Exaudi","description":"News","potentialAction":[{"@type":"SearchAction","target":{"@type":"EntryPoint","urlTemplate":"https:\/\/exaudi.org\/?s={search_term_string}"},"query-input":{"@type":"PropertyValueSpecification","valueRequired":true,"valueName":"search_term_string"}}],"inLanguage":"it-IT"},{"@type":"Person","@id":"https:\/\/exaudi.org\/#\/schema\/person\/e1ab6ed07c01774724dd96f925f3a5f0","name":"Exaudi Redazione","image":{"@type":"ImageObject","inLanguage":"it-IT","@id":"https:\/\/secure.gravatar.com\/avatar\/ad6774b3ada023bf5b939d64f45c94b3adf91502dd883507d469b4308a943bb3?s=96&d=mm&r=g","url":"https:\/\/secure.gravatar.com\/avatar\/ad6774b3ada023bf5b939d64f45c94b3adf91502dd883507d469b4308a943bb3?s=96&d=mm&r=g","contentUrl":"https:\/\/secure.gravatar.com\/avatar\/ad6774b3ada023bf5b939d64f45c94b3adf91502dd883507d469b4308a943bb3?s=96&d=mm&r=g","caption":"Exaudi Redazione"},"description":"Che cosa \u00e8 Exaudi News? Exaudi News \u00e8 un agenzia cattolica internazionale che informa, istruisce e trasforma quotidianamente in spagnolo, inglese e italiano. Attraverso notizie, articoli di analisi e trasmissioni in diretta degli eventi del Papa, Exaudi cerca di rafforzare l'unit\u00e0 dei cristiani e di contribuire all'evangelizzazione del mondo, sempre guidato dalla dottrina sociale della Chiesa. Lavoriamo per portare la verit\u00e0 e i valori cristiani in ogni angolo del pianeta. Aiutaci a trasformare il mondo con Exaudi! Noi di Exaudi crediamo che l'evangelizzazione e l'informazione di qualit\u00e0 possano cambiare la vita. Per continuare la nostra missione ed espandere la nostra portata, abbiamo bisogno del tuo aiuto. Stiamo anche cercando persone motivate che vogliano unirsi al nostro team. Grazie al vostro sostegno raggiungeremo pi\u00f9 persone, diffonderemo il messaggio di Cristo e rafforzeremo l'unit\u00e0 dei cristiani. Vuoi unirti alla nostra missione? Per maggiori informazioni su come contribuire, visita Exaudi.org\/it o contattaci direttamente: info@exaudi.org Exaudi: informa, forma e trasforma.","sameAs":["https:\/\/www.facebook.com\/ExaudiNotizie\/","https:\/\/www.instagram.com\/Exaudi_notizie\/","https:\/\/x.com\/Exaudi_Notizie","https:\/\/www.youtube.com\/@exaudicatholicnews"],"url":"https:\/\/exaudi.org\/it\/author\/dlvedi-org\/"}]}},"jetpack_featured_media_url":"https:\/\/exaudi.org\/wp-content\/uploads\/2023\/03\/20.jpeg","jetpack_shortlink":"https:\/\/wp.me\/pgKjF2-kgG","_links":{"self":[{"href":"https:\/\/exaudi.org\/it\/wp-json\/wp\/v2\/posts\/77914","targetHints":{"allow":["GET"]}}],"collection":[{"href":"https:\/\/exaudi.org\/it\/wp-json\/wp\/v2\/posts"}],"about":[{"href":"https:\/\/exaudi.org\/it\/wp-json\/wp\/v2\/types\/post"}],"author":[{"embeddable":true,"href":"https:\/\/exaudi.org\/it\/wp-json\/wp\/v2\/users\/17"}],"replies":[{"embeddable":true,"href":"https:\/\/exaudi.org\/it\/wp-json\/wp\/v2\/comments?post=77914"}],"version-history":[{"count":0,"href":"https:\/\/exaudi.org\/it\/wp-json\/wp\/v2\/posts\/77914\/revisions"}],"wp:featuredmedia":[{"embeddable":true,"href":"https:\/\/exaudi.org\/it\/wp-json\/wp\/v2\/media\/71966"}],"wp:attachment":[{"href":"https:\/\/exaudi.org\/it\/wp-json\/wp\/v2\/media?parent=77914"}],"wp:term":[{"taxonomy":"category","embeddable":true,"href":"https:\/\/exaudi.org\/it\/wp-json\/wp\/v2\/categories?post=77914"},{"taxonomy":"post_tag","embeddable":true,"href":"https:\/\/exaudi.org\/it\/wp-json\/wp\/v2\/tags?post=77914"}],"curies":[{"name":"wp","href":"https:\/\/api.w.org\/{rel}","templated":true}]}}