{"id":77596,"date":"2023-06-05T18:02:09","date_gmt":"2023-06-05T16:02:09","guid":{"rendered":"https:\/\/exaudi.org\/?p=77596"},"modified":"2023-06-05T18:02:09","modified_gmt":"2023-06-05T16:02:09","slug":"la-cura-dellambiente-e-lattenzione-ai-poveri-stanno-o-cadono-insieme","status":"publish","type":"post","link":"https:\/\/exaudi.org\/it\/la-cura-dellambiente-e-lattenzione-ai-poveri-stanno-o-cadono-insieme\/","title":{"rendered":"&#8220;La cura dell\u2019ambiente e l\u2019attenzione ai poveri stanno o cadono insieme&#8221;"},"content":{"rendered":"<p>Questa mattina, nel Palazzo Apostolico Vaticano, il Santo Padre Francesco ha ricevuto in Udienza i membri della Fondazione\u00a0<i>Centesimus Annus Pro Pontifice<\/i>.<\/p>\n<p>Pubblichiamo di seguito il discorso che il Papa ha rivolto loro nel corso dell\u2019udienza:<\/p>\n<p><a name=\"disc\"><\/a><b><u>Discorso del Santo Padre<\/u><\/b><\/p>\n<p><i><b>La memoria per costruire il futuro: \u00a0pensare e agire termini di comunit\u00e0<\/b><\/i><\/p>\n<p>Cari fratelli e sorelle, buongiorno e benvenuti!<\/p>\n<p>\u00c8 bello festeggiare gli anniversari. La Fondazione\u00a0<i>Centesimus Annus<\/i>\u00a0esiste ormai da trent\u2019anni: tutto ebbe inizio dopo l\u2019Enciclica di San Giovanni Paolo II scritta nel centenario della storica\u00a0<i>Rerum novarum<\/i>\u00a0di Leone XIII. E il vostro impegno si \u00e8 posto proprio in questo cammino, in questa \u201ctradizione\u201d: l\u2019impegno, cio\u00e8, di studiare e diffondere la Dottrina sociale della Chiesa, cercando di mostrare che non \u00e8 solo teoria, ma pu\u00f2 diventare stile di vita virtuoso con cui far crescere societ\u00e0 degne dell\u2019uomo.<\/p>\n<p>La centralit\u00e0 della persona, il bene comune, la solidariet\u00e0 e la sussidiariet\u00e0, in questi trent\u2019anni per voi si sono trasformate in azioni concrete e hanno contagiato il cuore e le azioni di tante persone. Sono grato alla Fondazione e a tutti voi per il prezioso lavoro che avete compiuto; in particolare, per quanto operato negli ultimi dieci anni attraverso la recezione e il rilancio dei contributi che ho cercato di dare allo sviluppo della Dottrina sociale.<\/p>\n<p>Nell\u2019Esortazione apostolica\u00a0<i>Evangelii gaudium<\/i>\u00a0ho voluto mettere in guardia dal pericolo di vivere l\u2019economia in modo malsano. \u00abQuesta economia uccide\u00bb (n. 53), dicevo nel 2013, denunciando un modello economico che produce scarti e che favorisce quella che si pu\u00f2 definire \u201cglobalizzazione dell\u2019indifferenza\u201d. Molti di voi operano nel campo economico: sapete bene quanto pu\u00f2 essere di giovamento per tutti un modo di immaginare la realt\u00e0 che ponga al centro la persona, che non sminuisca il lavoratore e che cerchi di creare il bene per tutti.<\/p>\n<p>L\u2019Enciclica\u00a0<i>Laudato si\u2019<\/i>\u00a0ha messo in luce il danno dovuto al paradigma tecnocratico dominante e ha proposto la logica dell\u2019ecologia integrale, dove \u201ctutto \u00e8 connesso\u201d, \u201ctutto \u00e8 in relazione\u201d e la questione ambientale \u00e8 inscindibile dalla questione sociale, vanno insieme. La cura dell\u2019ambiente e l\u2019attenzione ai poveri stanno o cadono insieme. In fondo, nessuno si salva da solo e la riscoperta della fraternit\u00e0 e dell\u2019amicizia sociale \u00e8 decisiva per non scadere in un individualismo che fa perdere la gioia di vivere. E fa perdere anche la vita.<\/p>\n<p>Sono contento che in questo Convegno Internazionale abbiate scelto come titolo: \u201cLa memoria per costruire il futuro: pensare e agire in termini di comunit\u00e0\u201d, citando esplicitamente il numero 116 dell\u2019Enciclica\u00a0<i>Fratelli tutti<\/i>. In realt\u00e0, quelle parole provengono da un discorso rivolto ai movimenti popolari, nel 2014. In quella occasione dissi: \u00abSolidariet\u00e0 \u00e8 una parola che non sempre piace; [\u2026] ma \u00e8 una parola che esprime molto pi\u00f9 che alcuni atti di generosit\u00e0 sporadici.\u00a0<i>\u00c8 pensare e agire in termini di comunit\u00e0<\/i>, di priorit\u00e0 della vita di tutti sull\u2019appropriazione dei beni da parte di alcuni. \u00c8 anche lottare contro le cause strutturali della povert\u00e0, della disuguaglianza, della mancanza di lavoro, terra e casa, della negazione dei diritti sociali e lavorativi. \u00c8 far fronte agli effetti distruttori dell\u2019impero del denaro: i dislocamenti forzati, le migrazioni dolorose, la tratta di persone, la droga, la guerra, la violenza [\u2026]. La solidariet\u00e0, intesa nel suo senso pi\u00f9 profondo, \u00e8 un modo di fare la storia\u00bb.<\/p>\n<p>Mi viene in mente \u2013 ho parlato di denaro \u2013 un passo del Vangelo, quando Ges\u00f9 dice che non si pu\u00f2 servire due padroni: o tu servi Dio, un Signore, o tu servi \u2013 e io mi aspettavo che dicesse: il diavolo, ma non dice \u201cil diavolo\u201d \u2013 dice: \u201ci soldi\u201d. O tu servi Dio o tu servi i soldi. Peggio del diavolo. Dobbiamo cercare cosa vuol dirci Ges\u00f9 in questo: c\u2019\u00e8 un messaggio. O servi Dio, o sei servo del denaro. Non sei libero.<\/p>\n<p>Oggi, parlando a voi e pensando al titolo che avete scelto, vorrei aggiungere qualcosa che ho letto da un grande giurista italiano, Paolo Grossi, che \u00e8 stato anche presidente della Corte Costituzionale e che \u00e8 morto lo scorso anno. Egli ha affermato: \u00abLa comunit\u00e0 \u00e8 sempre un salvataggio per il debole e d\u00e0 voce anche a chi non ha proprio voce\u00bb (<i>Grammatiche del diritto<\/i>, p. 38).<\/p>\n<p>Forse, affinch\u00e9 la comunit\u00e0 diventi davvero un luogo dove il debole e chi non ha voce possa sentirsi accolto e ascoltato, serve da parte di tutti quell\u2019esercizio che potremmo chiamare del \u201cfare spazio\u201d. Ognuno ritrae un po\u2019 il proprio \u201cio\u201d e questo permette all\u2019altro di esistere. Ma per questo bisogna che il fondamento della comunit\u00e0 sia l\u2019etica del dono e non quella dello scambio.<\/p>\n<p>In tal senso potremmo citare un poeta milanese, Giampiero Neri, anch\u2019egli recentemente scomparso. Egli affermava: \u00abSi dice di alcune persone che, quando entrano in una stanza, la occupano tutta. Dovrei immaginare che, quando se ne vanno, lasciano un grande vuoto. Sono invece portato a pensare che a lasciare un grande vuoto siano le persone umili, silenziose, che occupano soltanto lo spazio necessario, che si fanno amare\u00bb.<\/p>\n<p>Cari fratelli e sorelle, pensare e agire in termini di comunit\u00e0 \u00e8 dunque fare spazio agli altri, \u00e8 immaginare e lavorare per un futuro dove ciascuno possa trovare il suo posto e avere il suo spazio nel mondo. Una comunit\u00e0 che sa dar voce a chi non ha voce \u00e8 ci\u00f2 di cui tutti abbiamo bisogno.<\/p>\n<p>Il lavoro prezioso della Fondazione\u00a0<i>Centesimus Annus<\/i>\u00a0pu\u00f2 essere anche questo: contribuire a un pensiero e a un\u2019azione che favoriscano la crescita di una comunit\u00e0 in cui camminare insieme sulla via della pace. Benedico tutti voi, benedico i vostri cari. E vi chiedo per favore di pregare per me. Grazie.<\/p>\n<p><iframe loading=\"lazy\" title=\"June 5 2023, Audience Members of the  &quot;Centesimus Annus - pro Pontifice&quot; Foundation, Pope Francis\" width=\"500\" height=\"281\" src=\"https:\/\/www.youtube.com\/embed\/kmu7Kvjsfw4?feature=oembed\" frameborder=\"0\" allow=\"accelerometer; autoplay; clipboard-write; encrypted-media; gyroscope; picture-in-picture; web-share\" referrerpolicy=\"strict-origin-when-cross-origin\" allowfullscreen><\/iframe><\/p>\n","protected":false},"excerpt":{"rendered":"<p>Il Papa ai membri della Fondazione Centesimus Annus Pro Pontifice<\/p>\n","protected":false},"author":17,"featured_media":77597,"comment_status":"closed","ping_status":"closed","sticky":false,"template":"","format":"standard","meta":{"_acf_changed":false,"_crdt_document":"","inline_featured_image":false,"footnotes":""},"categories":[123,67],"tags":[7197,1671,251,4952,1843],"class_list":["post-77596","post","type-post","status-publish","format-standard","has-post-thumbnail","hentry","category-discorsi","category-leone-xiv","tag-fondazione-centesimus-annus-pro-pontifice","tag-giovanni-paolo-ii","tag-papa-francesco","tag-trending-it","tag-udienza"],"acf":[],"yoast_head":"<!-- This site is optimized with the Yoast SEO plugin v27.5 - https:\/\/yoast.com\/product\/yoast-seo-wordpress\/ -->\n<title>&quot;La cura dell\u2019ambiente e l\u2019attenzione ai poveri stanno o cadono insieme&quot; &#8211; Exaudi<\/title>\n<meta name=\"robots\" content=\"index, follow, max-snippet:-1, max-image-preview:large, max-video-preview:-1\" \/>\n<link rel=\"canonical\" href=\"https:\/\/exaudi.org\/it\/la-cura-dellambiente-e-lattenzione-ai-poveri-stanno-o-cadono-insieme\/\" \/>\n<meta property=\"og:locale\" content=\"it_IT\" \/>\n<meta property=\"og:type\" content=\"article\" \/>\n<meta property=\"og:title\" content=\"&quot;La cura dell\u2019ambiente e l\u2019attenzione ai poveri stanno o cadono insieme&quot; &#8211; Exaudi\" \/>\n<meta property=\"og:description\" content=\"Il Papa ai membri della Fondazione Centesimus Annus Pro Pontifice\" \/>\n<meta property=\"og:url\" content=\"https:\/\/exaudi.org\/it\/la-cura-dellambiente-e-lattenzione-ai-poveri-stanno-o-cadono-insieme\/\" \/>\n<meta property=\"og:site_name\" content=\"Exaudi\" \/>\n<meta property=\"article:publisher\" content=\"https:\/\/www.facebook.com\/ExaudiNews\" \/>\n<meta property=\"article:author\" content=\"https:\/\/www.facebook.com\/ExaudiNotizie\/\" \/>\n<meta property=\"article:published_time\" content=\"2023-06-05T16:02:09+00:00\" \/>\n<meta property=\"og:image\" content=\"https:\/\/exaudi.org\/wp-content\/uploads\/2023\/06\/cq5dam.web_.800.800-4.jpeg\" \/>\n\t<meta property=\"og:image:width\" content=\"800\" \/>\n\t<meta property=\"og:image:height\" content=\"533\" \/>\n\t<meta property=\"og:image:type\" content=\"image\/jpeg\" \/>\n<meta name=\"author\" content=\"Exaudi Redazione\" \/>\n<meta name=\"twitter:card\" content=\"summary_large_image\" \/>\n<meta name=\"twitter:creator\" content=\"@Exaudi_Notizie\" \/>\n<meta name=\"twitter:site\" content=\"@Exaudi_News\" \/>\n<meta name=\"twitter:label1\" content=\"Scritto da\" \/>\n\t<meta name=\"twitter:data1\" content=\"Exaudi Redazione\" \/>\n\t<meta name=\"twitter:label2\" content=\"Tempo di lettura stimato\" \/>\n\t<meta name=\"twitter:data2\" content=\"5 minuti\" \/>\n<script type=\"application\/ld+json\" class=\"yoast-schema-graph\">{\"@context\":\"https:\\\/\\\/schema.org\",\"@graph\":[{\"@type\":\"Article\",\"@id\":\"https:\\\/\\\/exaudi.org\\\/it\\\/la-cura-dellambiente-e-lattenzione-ai-poveri-stanno-o-cadono-insieme\\\/#article\",\"isPartOf\":{\"@id\":\"https:\\\/\\\/exaudi.org\\\/it\\\/la-cura-dellambiente-e-lattenzione-ai-poveri-stanno-o-cadono-insieme\\\/\"},\"author\":{\"name\":\"Exaudi Redazione\",\"@id\":\"https:\\\/\\\/exaudi.org\\\/#\\\/schema\\\/person\\\/e1ab6ed07c01774724dd96f925f3a5f0\"},\"headline\":\"&#8220;La cura dell\u2019ambiente e l\u2019attenzione ai poveri stanno o cadono insieme&#8221;\",\"datePublished\":\"2023-06-05T16:02:09+00:00\",\"mainEntityOfPage\":{\"@id\":\"https:\\\/\\\/exaudi.org\\\/it\\\/la-cura-dellambiente-e-lattenzione-ai-poveri-stanno-o-cadono-insieme\\\/\"},\"wordCount\":945,\"image\":{\"@id\":\"https:\\\/\\\/exaudi.org\\\/it\\\/la-cura-dellambiente-e-lattenzione-ai-poveri-stanno-o-cadono-insieme\\\/#primaryimage\"},\"thumbnailUrl\":\"https:\\\/\\\/exaudi.org\\\/wp-content\\\/uploads\\\/2023\\\/06\\\/cq5dam.web_.800.800-4.jpeg\",\"keywords\":[\"Fondazione Centesimus Annus Pro Pontifice\",\"Giovanni Paolo II\",\"Papa Francesco\",\"Trending\",\"udienza\"],\"articleSection\":[\"Discorsi\",\"Leone XIV\"],\"inLanguage\":\"it-IT\"},{\"@type\":\"WebPage\",\"@id\":\"https:\\\/\\\/exaudi.org\\\/it\\\/la-cura-dellambiente-e-lattenzione-ai-poveri-stanno-o-cadono-insieme\\\/\",\"url\":\"https:\\\/\\\/exaudi.org\\\/it\\\/la-cura-dellambiente-e-lattenzione-ai-poveri-stanno-o-cadono-insieme\\\/\",\"name\":\"\\\"La cura dell\u2019ambiente e l\u2019attenzione ai poveri stanno o cadono insieme\\\" &#8211; Exaudi\",\"isPartOf\":{\"@id\":\"https:\\\/\\\/exaudi.org\\\/#website\"},\"primaryImageOfPage\":{\"@id\":\"https:\\\/\\\/exaudi.org\\\/it\\\/la-cura-dellambiente-e-lattenzione-ai-poveri-stanno-o-cadono-insieme\\\/#primaryimage\"},\"image\":{\"@id\":\"https:\\\/\\\/exaudi.org\\\/it\\\/la-cura-dellambiente-e-lattenzione-ai-poveri-stanno-o-cadono-insieme\\\/#primaryimage\"},\"thumbnailUrl\":\"https:\\\/\\\/exaudi.org\\\/wp-content\\\/uploads\\\/2023\\\/06\\\/cq5dam.web_.800.800-4.jpeg\",\"datePublished\":\"2023-06-05T16:02:09+00:00\",\"author\":{\"@id\":\"https:\\\/\\\/exaudi.org\\\/#\\\/schema\\\/person\\\/e1ab6ed07c01774724dd96f925f3a5f0\"},\"breadcrumb\":{\"@id\":\"https:\\\/\\\/exaudi.org\\\/it\\\/la-cura-dellambiente-e-lattenzione-ai-poveri-stanno-o-cadono-insieme\\\/#breadcrumb\"},\"inLanguage\":\"it-IT\",\"potentialAction\":[{\"@type\":\"ReadAction\",\"target\":[\"https:\\\/\\\/exaudi.org\\\/it\\\/la-cura-dellambiente-e-lattenzione-ai-poveri-stanno-o-cadono-insieme\\\/\"]}]},{\"@type\":\"ImageObject\",\"inLanguage\":\"it-IT\",\"@id\":\"https:\\\/\\\/exaudi.org\\\/it\\\/la-cura-dellambiente-e-lattenzione-ai-poveri-stanno-o-cadono-insieme\\\/#primaryimage\",\"url\":\"https:\\\/\\\/exaudi.org\\\/wp-content\\\/uploads\\\/2023\\\/06\\\/cq5dam.web_.800.800-4.jpeg\",\"contentUrl\":\"https:\\\/\\\/exaudi.org\\\/wp-content\\\/uploads\\\/2023\\\/06\\\/cq5dam.web_.800.800-4.jpeg\",\"width\":800,\"height\":533,\"caption\":\"Vatican Media\"},{\"@type\":\"BreadcrumbList\",\"@id\":\"https:\\\/\\\/exaudi.org\\\/it\\\/la-cura-dellambiente-e-lattenzione-ai-poveri-stanno-o-cadono-insieme\\\/#breadcrumb\",\"itemListElement\":[{\"@type\":\"ListItem\",\"position\":1,\"name\":\"Portada\",\"item\":\"https:\\\/\\\/exaudi.org\\\/it\\\/\"},{\"@type\":\"ListItem\",\"position\":2,\"name\":\"&#8220;La cura dell\u2019ambiente e l\u2019attenzione ai poveri stanno o cadono insieme&#8221;\"}]},{\"@type\":\"WebSite\",\"@id\":\"https:\\\/\\\/exaudi.org\\\/#website\",\"url\":\"https:\\\/\\\/exaudi.org\\\/\",\"name\":\"Exaudi\",\"description\":\"News\",\"potentialAction\":[{\"@type\":\"SearchAction\",\"target\":{\"@type\":\"EntryPoint\",\"urlTemplate\":\"https:\\\/\\\/exaudi.org\\\/?s={search_term_string}\"},\"query-input\":{\"@type\":\"PropertyValueSpecification\",\"valueRequired\":true,\"valueName\":\"search_term_string\"}}],\"inLanguage\":\"it-IT\"},{\"@type\":\"Person\",\"@id\":\"https:\\\/\\\/exaudi.org\\\/#\\\/schema\\\/person\\\/e1ab6ed07c01774724dd96f925f3a5f0\",\"name\":\"Exaudi Redazione\",\"image\":{\"@type\":\"ImageObject\",\"inLanguage\":\"it-IT\",\"@id\":\"https:\\\/\\\/secure.gravatar.com\\\/avatar\\\/ad6774b3ada023bf5b939d64f45c94b3adf91502dd883507d469b4308a943bb3?s=96&d=mm&r=g\",\"url\":\"https:\\\/\\\/secure.gravatar.com\\\/avatar\\\/ad6774b3ada023bf5b939d64f45c94b3adf91502dd883507d469b4308a943bb3?s=96&d=mm&r=g\",\"contentUrl\":\"https:\\\/\\\/secure.gravatar.com\\\/avatar\\\/ad6774b3ada023bf5b939d64f45c94b3adf91502dd883507d469b4308a943bb3?s=96&d=mm&r=g\",\"caption\":\"Exaudi Redazione\"},\"description\":\"Che cosa \u00e8 Exaudi News? Exaudi News \u00e8 un agenzia cattolica internazionale che informa, istruisce e trasforma quotidianamente in spagnolo, inglese e italiano. Attraverso notizie, articoli di analisi e trasmissioni in diretta degli eventi del Papa, Exaudi cerca di rafforzare l'unit\u00e0 dei cristiani e di contribuire all'evangelizzazione del mondo, sempre guidato dalla dottrina sociale della Chiesa. Lavoriamo per portare la verit\u00e0 e i valori cristiani in ogni angolo del pianeta. Aiutaci a trasformare il mondo con Exaudi! Noi di Exaudi crediamo che l'evangelizzazione e l'informazione di qualit\u00e0 possano cambiare la vita. Per continuare la nostra missione ed espandere la nostra portata, abbiamo bisogno del tuo aiuto. Stiamo anche cercando persone motivate che vogliano unirsi al nostro team. Grazie al vostro sostegno raggiungeremo pi\u00f9 persone, diffonderemo il messaggio di Cristo e rafforzeremo l'unit\u00e0 dei cristiani. Vuoi unirti alla nostra missione? Per maggiori informazioni su come contribuire, visita Exaudi.org\\\/it o contattaci direttamente: info@exaudi.org Exaudi: informa, forma e trasforma.\",\"sameAs\":[\"https:\\\/\\\/www.facebook.com\\\/ExaudiNotizie\\\/\",\"https:\\\/\\\/www.instagram.com\\\/Exaudi_notizie\\\/\",\"https:\\\/\\\/x.com\\\/Exaudi_Notizie\",\"https:\\\/\\\/www.youtube.com\\\/@exaudicatholicnews\"],\"url\":\"https:\\\/\\\/exaudi.org\\\/it\\\/author\\\/dlvedi-org\\\/\"}]}<\/script>\n<!-- \/ Yoast SEO plugin. -->","yoast_head_json":{"title":"\"La cura dell\u2019ambiente e l\u2019attenzione ai poveri stanno o cadono insieme\" &#8211; Exaudi","robots":{"index":"index","follow":"follow","max-snippet":"max-snippet:-1","max-image-preview":"max-image-preview:large","max-video-preview":"max-video-preview:-1"},"canonical":"https:\/\/exaudi.org\/it\/la-cura-dellambiente-e-lattenzione-ai-poveri-stanno-o-cadono-insieme\/","og_locale":"it_IT","og_type":"article","og_title":"\"La cura dell\u2019ambiente e l\u2019attenzione ai poveri stanno o cadono insieme\" &#8211; Exaudi","og_description":"Il Papa ai membri della Fondazione Centesimus Annus Pro Pontifice","og_url":"https:\/\/exaudi.org\/it\/la-cura-dellambiente-e-lattenzione-ai-poveri-stanno-o-cadono-insieme\/","og_site_name":"Exaudi","article_publisher":"https:\/\/www.facebook.com\/ExaudiNews","article_author":"https:\/\/www.facebook.com\/ExaudiNotizie\/","article_published_time":"2023-06-05T16:02:09+00:00","og_image":[{"width":800,"height":533,"url":"https:\/\/exaudi.org\/wp-content\/uploads\/2023\/06\/cq5dam.web_.800.800-4.jpeg","type":"image\/jpeg"}],"author":"Exaudi Redazione","twitter_card":"summary_large_image","twitter_creator":"@Exaudi_Notizie","twitter_site":"@Exaudi_News","twitter_misc":{"Scritto da":"Exaudi Redazione","Tempo di lettura stimato":"5 minuti"},"schema":{"@context":"https:\/\/schema.org","@graph":[{"@type":"Article","@id":"https:\/\/exaudi.org\/it\/la-cura-dellambiente-e-lattenzione-ai-poveri-stanno-o-cadono-insieme\/#article","isPartOf":{"@id":"https:\/\/exaudi.org\/it\/la-cura-dellambiente-e-lattenzione-ai-poveri-stanno-o-cadono-insieme\/"},"author":{"name":"Exaudi Redazione","@id":"https:\/\/exaudi.org\/#\/schema\/person\/e1ab6ed07c01774724dd96f925f3a5f0"},"headline":"&#8220;La cura dell\u2019ambiente e l\u2019attenzione ai poveri stanno o cadono insieme&#8221;","datePublished":"2023-06-05T16:02:09+00:00","mainEntityOfPage":{"@id":"https:\/\/exaudi.org\/it\/la-cura-dellambiente-e-lattenzione-ai-poveri-stanno-o-cadono-insieme\/"},"wordCount":945,"image":{"@id":"https:\/\/exaudi.org\/it\/la-cura-dellambiente-e-lattenzione-ai-poveri-stanno-o-cadono-insieme\/#primaryimage"},"thumbnailUrl":"https:\/\/exaudi.org\/wp-content\/uploads\/2023\/06\/cq5dam.web_.800.800-4.jpeg","keywords":["Fondazione Centesimus Annus Pro Pontifice","Giovanni Paolo II","Papa Francesco","Trending","udienza"],"articleSection":["Discorsi","Leone XIV"],"inLanguage":"it-IT"},{"@type":"WebPage","@id":"https:\/\/exaudi.org\/it\/la-cura-dellambiente-e-lattenzione-ai-poveri-stanno-o-cadono-insieme\/","url":"https:\/\/exaudi.org\/it\/la-cura-dellambiente-e-lattenzione-ai-poveri-stanno-o-cadono-insieme\/","name":"\"La cura dell\u2019ambiente e l\u2019attenzione ai poveri stanno o cadono insieme\" &#8211; Exaudi","isPartOf":{"@id":"https:\/\/exaudi.org\/#website"},"primaryImageOfPage":{"@id":"https:\/\/exaudi.org\/it\/la-cura-dellambiente-e-lattenzione-ai-poveri-stanno-o-cadono-insieme\/#primaryimage"},"image":{"@id":"https:\/\/exaudi.org\/it\/la-cura-dellambiente-e-lattenzione-ai-poveri-stanno-o-cadono-insieme\/#primaryimage"},"thumbnailUrl":"https:\/\/exaudi.org\/wp-content\/uploads\/2023\/06\/cq5dam.web_.800.800-4.jpeg","datePublished":"2023-06-05T16:02:09+00:00","author":{"@id":"https:\/\/exaudi.org\/#\/schema\/person\/e1ab6ed07c01774724dd96f925f3a5f0"},"breadcrumb":{"@id":"https:\/\/exaudi.org\/it\/la-cura-dellambiente-e-lattenzione-ai-poveri-stanno-o-cadono-insieme\/#breadcrumb"},"inLanguage":"it-IT","potentialAction":[{"@type":"ReadAction","target":["https:\/\/exaudi.org\/it\/la-cura-dellambiente-e-lattenzione-ai-poveri-stanno-o-cadono-insieme\/"]}]},{"@type":"ImageObject","inLanguage":"it-IT","@id":"https:\/\/exaudi.org\/it\/la-cura-dellambiente-e-lattenzione-ai-poveri-stanno-o-cadono-insieme\/#primaryimage","url":"https:\/\/exaudi.org\/wp-content\/uploads\/2023\/06\/cq5dam.web_.800.800-4.jpeg","contentUrl":"https:\/\/exaudi.org\/wp-content\/uploads\/2023\/06\/cq5dam.web_.800.800-4.jpeg","width":800,"height":533,"caption":"Vatican Media"},{"@type":"BreadcrumbList","@id":"https:\/\/exaudi.org\/it\/la-cura-dellambiente-e-lattenzione-ai-poveri-stanno-o-cadono-insieme\/#breadcrumb","itemListElement":[{"@type":"ListItem","position":1,"name":"Portada","item":"https:\/\/exaudi.org\/it\/"},{"@type":"ListItem","position":2,"name":"&#8220;La cura dell\u2019ambiente e l\u2019attenzione ai poveri stanno o cadono insieme&#8221;"}]},{"@type":"WebSite","@id":"https:\/\/exaudi.org\/#website","url":"https:\/\/exaudi.org\/","name":"Exaudi","description":"News","potentialAction":[{"@type":"SearchAction","target":{"@type":"EntryPoint","urlTemplate":"https:\/\/exaudi.org\/?s={search_term_string}"},"query-input":{"@type":"PropertyValueSpecification","valueRequired":true,"valueName":"search_term_string"}}],"inLanguage":"it-IT"},{"@type":"Person","@id":"https:\/\/exaudi.org\/#\/schema\/person\/e1ab6ed07c01774724dd96f925f3a5f0","name":"Exaudi Redazione","image":{"@type":"ImageObject","inLanguage":"it-IT","@id":"https:\/\/secure.gravatar.com\/avatar\/ad6774b3ada023bf5b939d64f45c94b3adf91502dd883507d469b4308a943bb3?s=96&d=mm&r=g","url":"https:\/\/secure.gravatar.com\/avatar\/ad6774b3ada023bf5b939d64f45c94b3adf91502dd883507d469b4308a943bb3?s=96&d=mm&r=g","contentUrl":"https:\/\/secure.gravatar.com\/avatar\/ad6774b3ada023bf5b939d64f45c94b3adf91502dd883507d469b4308a943bb3?s=96&d=mm&r=g","caption":"Exaudi Redazione"},"description":"Che cosa \u00e8 Exaudi News? Exaudi News \u00e8 un agenzia cattolica internazionale che informa, istruisce e trasforma quotidianamente in spagnolo, inglese e italiano. Attraverso notizie, articoli di analisi e trasmissioni in diretta degli eventi del Papa, Exaudi cerca di rafforzare l'unit\u00e0 dei cristiani e di contribuire all'evangelizzazione del mondo, sempre guidato dalla dottrina sociale della Chiesa. Lavoriamo per portare la verit\u00e0 e i valori cristiani in ogni angolo del pianeta. Aiutaci a trasformare il mondo con Exaudi! Noi di Exaudi crediamo che l'evangelizzazione e l'informazione di qualit\u00e0 possano cambiare la vita. Per continuare la nostra missione ed espandere la nostra portata, abbiamo bisogno del tuo aiuto. Stiamo anche cercando persone motivate che vogliano unirsi al nostro team. Grazie al vostro sostegno raggiungeremo pi\u00f9 persone, diffonderemo il messaggio di Cristo e rafforzeremo l'unit\u00e0 dei cristiani. Vuoi unirti alla nostra missione? Per maggiori informazioni su come contribuire, visita Exaudi.org\/it o contattaci direttamente: info@exaudi.org Exaudi: informa, forma e trasforma.","sameAs":["https:\/\/www.facebook.com\/ExaudiNotizie\/","https:\/\/www.instagram.com\/Exaudi_notizie\/","https:\/\/x.com\/Exaudi_Notizie","https:\/\/www.youtube.com\/@exaudicatholicnews"],"url":"https:\/\/exaudi.org\/it\/author\/dlvedi-org\/"}]}},"jetpack_featured_media_url":"https:\/\/exaudi.org\/wp-content\/uploads\/2023\/06\/cq5dam.web_.800.800-4.jpeg","jetpack_shortlink":"https:\/\/wp.me\/pgKjF2-kby","_links":{"self":[{"href":"https:\/\/exaudi.org\/it\/wp-json\/wp\/v2\/posts\/77596","targetHints":{"allow":["GET"]}}],"collection":[{"href":"https:\/\/exaudi.org\/it\/wp-json\/wp\/v2\/posts"}],"about":[{"href":"https:\/\/exaudi.org\/it\/wp-json\/wp\/v2\/types\/post"}],"author":[{"embeddable":true,"href":"https:\/\/exaudi.org\/it\/wp-json\/wp\/v2\/users\/17"}],"replies":[{"embeddable":true,"href":"https:\/\/exaudi.org\/it\/wp-json\/wp\/v2\/comments?post=77596"}],"version-history":[{"count":0,"href":"https:\/\/exaudi.org\/it\/wp-json\/wp\/v2\/posts\/77596\/revisions"}],"wp:featuredmedia":[{"embeddable":true,"href":"https:\/\/exaudi.org\/it\/wp-json\/wp\/v2\/media\/77597"}],"wp:attachment":[{"href":"https:\/\/exaudi.org\/it\/wp-json\/wp\/v2\/media?parent=77596"}],"wp:term":[{"taxonomy":"category","embeddable":true,"href":"https:\/\/exaudi.org\/it\/wp-json\/wp\/v2\/categories?post=77596"},{"taxonomy":"post_tag","embeddable":true,"href":"https:\/\/exaudi.org\/it\/wp-json\/wp\/v2\/tags?post=77596"}],"curies":[{"name":"wp","href":"https:\/\/api.w.org\/{rel}","templated":true}]}}