{"id":77589,"date":"2023-06-05T17:39:04","date_gmt":"2023-06-05T15:39:04","guid":{"rendered":"https:\/\/exaudi.org\/?p=77589"},"modified":"2023-06-05T17:39:04","modified_gmt":"2023-06-05T15:39:04","slug":"dio-ci-ha-affidato-la-cura-del-creato-davanti-al-prossimo-e-generazioni-future","status":"publish","type":"post","link":"https:\/\/exaudi.org\/it\/dio-ci-ha-affidato-la-cura-del-creato-davanti-al-prossimo-e-generazioni-future\/","title":{"rendered":"&#8220;Dio, ci ha affidato la cura del creato davanti al prossimo e generazioni future&#8221;"},"content":{"rendered":"<p>Questa mattina, il Santo Padre Francesco ha ricevuto in Udienza i promotori del\u00a0<i>Green and Blue Festival<\/i>\u00a0in occasione della Giornata Mondiale dell\u2019Ambiente e ha rivolto loro il discorso che pubblichiamo di seguito:<\/p>\n<p><a name=\"ita\"><\/a><b><u>Discorso del Santo Padre<\/u><\/b><\/p>\n<p>Cari fratelli e sorelle!<\/p>\n<p>Sono passati pi\u00f9 di cinquant\u2019anni da quando si inaugur\u00f2 a Stoccolma, il 5 giugno 1972, la prima grande Conferenza delle Nazioni Unite sull\u2019Ambiente Umano. Essa ha dato il via a varie assise che hanno convocato la comunit\u00e0 internazionale a confrontarsi su come l\u2019umanit\u00e0 sta gestendo la nostra casa comune. Per questo il 5 giugno \u00e8 diventato la Giornata Mondiale dell\u2019Ambiente. Non dimentico, quando sono andato a Strasburgo, che l\u2019allora Presidente Hollande aveva invitato per ricevermi la Ministro dell\u2019Ambiente, la Sig.ra S\u00e9gol\u00e8ne Royal, e l\u00ec mi ha detto che aveva sentito che stavo scrivendo qualcosa sull\u2019ambiente. Le dissi di s\u00ec, che stavo pensando con un gruppo di scienziati e anche con un gruppo di teologi. E lei mi ha detto questo: \u201cPer favore, lo pubblichi prima della Conferenza di Parigi\u201d. E cos\u00ec \u00e8 stato fatto. E Parigi \u00e8 stato proprio un bell\u2019incontro, non per questo mio documento, ma perch\u00e9 l\u2019incontro era di alto livello. Dopo Parigi, purtroppo\u2026 E questo a me preoccupa.<\/p>\n<p>In questa met\u00e0 di secolo sono cambiate molte cose; basti pensare all\u2019avvento delle nuove tecnologie, all\u2019impatto di fenomeni trasversali e mondiali come la pandemia, alla trasformazione di una \u00absociet\u00e0 sempre pi\u00f9 globalizzata [che] ci rende vicini, ma non ci rende fratelli\u00bb.<sup>[1]<\/sup>\u00a0Abbiamo assistito a una \u00abcrescente sensibilit\u00e0 riguardo all\u2019ambiente e alla cura della natura\u00bb, maturando \u00abuna sincera e dolorosa preoccupazione per ci\u00f2 che sta accadendo al nostro pianeta\u00bb (Enc.\u00a0<i>Laudato si\u2019<\/i>, 19). Gli esperti evidenziano chiaramente come le scelte e le azioni messe in atto in questo decennio avranno impatti per migliaia di anni.<sup>[2]<\/sup>\u00a0Si \u00e8 ampliata la nostra conoscenza sull\u2019impatto delle nostre azioni sulla nostra casa comune e su coloro che la abitano e che la abiteranno. Questo ha accresciuto anche il nostro senso di responsabilit\u00e0 davanti a Dio, che ci ha affidato la cura del creato, davanti al prossimo e davanti alle generazioni future.<\/p>\n<p>\u00abMentre l\u2019umanit\u00e0 del periodo post-industriale sar\u00e0 forse ricordata come una delle pi\u00f9 irresponsabili della storia, c\u2019\u00e8 da augurarsi che l\u2019umanit\u00e0 degli inizi del XXI secolo possa essere ricordata per aver assunto con generosit\u00e0 le proprie gravi responsabilit\u00e0\u00bb (<i>ibid.<\/i>, 165).<\/p>\n<p>Il fenomeno del cambiamento climatico ci richiama insistentemente alle nostre responsabilit\u00e0: esso investe in particolare i pi\u00f9 poveri e pi\u00f9 fragili, coloro che meno hanno contribuito alla sua evoluzione. \u00c8 dapprima una questione di giustizia e poi di solidariet\u00e0. Il cambiamento climatico ci riporta anche a fondare la nostra azione su una cooperazione responsabile da parte di tutti: il nostro mondo \u00e8 ormai troppo interdipendente e non pu\u00f2 permettersi di essere suddiviso in blocchi di Paesi che promuovano i propri interessi in maniera isolata o insostenibile. \u00abLe ferite portate all\u2019umanit\u00e0 dalla pandemia da Covid-19 e dal fenomeno del cambiamento climatico sono paragonabili a quelle derivanti da un conflitto globale\u00bb,<sup>[3]<\/sup>\u00a0dove il vero nemico \u00e8 il comportamento irresponsabile che ha ricadute su tutte le componenti della nostra umanit\u00e0 di oggi e di domani. Sono venuti a vedermi alcuni anni fa i pescatori di San Benedetto del Tronto, che in un anno sono riusciti a togliere dal mare dodici tonnellate di plastica!<\/p>\n<p>Come \u00aball\u2019indomani della seconda guerra mondiale, \u00e8 necessario che oggi l\u2019intera comunit\u00e0 internazionale metta come priorit\u00e0 l\u2019attuazione di azioni collegiali, solidali e lungimiranti\u00bb,<sup>[4]<\/sup>\u00a0riconoscendo \u00abla grandezza, l\u2019urgenza e la bellezza della sfida che ci si presenta\u00bb (<i>Laudato si\u2019<\/i>, 15). Una sfida grande, urgente e bella, che richiede una dinamica coesa e propositiva.<\/p>\n<p>Si tratta di una sfida \u201cgrande\u201d e impegnativa, perch\u00e9 richiede un cambio di rotta, un deciso cambiamento dell\u2019attuale modello di consumo e di produzione, troppo spesso impregnato nella cultura dell\u2019indifferenza e dello scarto, scarto dell\u2019ambiente e scarto delle persone. Oggi sono venuti i gruppi del McDonald\u2019s, il ristoratore, e mi hanno detto che hanno abolito la plastica e tutto si fa con carta riciclabile, tutto\u2026 In Vaticano \u00e8 proibita la plastica. E siamo riusciti al 93%, mi hanno detto, senza plastica. Sono passi, veri passi che dobbiamo continuare. Veri passi.<\/p>\n<p>Inoltre, come indicato da pi\u00f9 parti nel mondo scientifico, il cambiamento di questo modello \u00e8 \u201curgente\u201d e non pu\u00f2 essere pi\u00f9 rinviato. Diceva recentemente un grande scienziato \u2013 alcuni di voi sicuramente eravate presenti \u2013: \u201cIeri \u00e8 nata una mia nipote; non vorrei che la mia nipotina fra trent\u2019anni si trovi in un mondo inabitabile\u201d. Dobbiamo fare qualcosa. \u00c8 urgente, non pu\u00f2 essere rinviato. Dobbiamo consolidare \u00abil dialogo sul modo in cui stiamo costruendo il futuro del pianeta\u00bb (<i>ibid<\/i>., 14), ben consapevoli che vivere \u00abla vocazione di essere custodi dell\u2019opera di Dio \u00e8 parte essenziale di un\u2019esistenza virtuosa, non costituisce qualcosa di opzionale e nemmeno un aspetto secondario\u00bb (<i>ibid<\/i>., 217) della nostra esperienza di vita.<\/p>\n<p>\u00c8, poi, una sfida \u201cbella\u201d, stimolante e realizzabile: passare dalla cultura dello scarto a stili di vita improntati alla cultura del rispetto e della cura, cura del creato e cura del prossimo, vicino o lontano nello spazio e nel tempo. Ci troviamo davanti a un cammino educativo per una trasformazione della nostra societ\u00e0, una conversione sia individuale che comunitaria (cfr\u00a0<i>ibid<\/i>., 219).<\/p>\n<p>Non mancano opportunit\u00e0 e iniziative che mirano ad affrontare seriamente questa sfida. Saluto qui i rappresentanti di alcune Citt\u00e0 di vari Continenti, che mi fanno pensare come questa sfida vada affrontata, in maniera sussidiaria, a tutti i livelli: dalle piccole scelte quotidiane alle politiche locali, a quelle internazionali. Di nuovo, va richiamata l\u2019importanza di una cooperazione responsabile ad ogni livello. Abbiamo bisogno del contributo di tutti. E questo costa. Ricordo che quei pescatori di San Benedetto del Tronto mi dicevano: \u201cPer noi all\u2019inizio la scelta era un po\u2019 difficile, perch\u00e9 portare plastica invece di pesci non ci faceva guadagnare\u201d. Ma c\u2019era qualcosa: che l\u2019amore per il creato era pi\u00f9 grande. Ecco la plastica e i pesci\u2026 E cos\u00ec sono andati avanti. Ma costa!<\/p>\n<p>\u00c8 necessario accelerare questo cambiamento di rotta a favore di una\u00a0<i>cultura della cura<\/i>\u00a0\u2013 come si curano i bambini \u2013, che ponga al centro la dignit\u00e0 umana e il bene comune. E che sia alimentata da \u00abquell\u2019<i>alleanza tra essere umano e ambiente<\/i>\u00a0che dev\u2019essere specchio dell\u2019amore creatore di Dio, dal quale proveniamo e verso il quale siamo in cammino\u00bb.<sup>[5]<\/sup><\/p>\n<p>\u00abNon rubiamo alle nuove generazioni la speranza in un futuro migliore\u00bb.<sup>[6]<\/sup>\u00a0Grazie di tutto quello che fate.<\/p>\n<p>______________<\/p>\n<p><sup>[1]<\/sup>\u00a0Benedetto XVI,\u00a0<i>Lett. Enc. Caritas in veritate\u00a0<\/i>(29 giugno 2009), 19.<\/p>\n<p><sup>[2]<\/sup>\u00a0Cfr IPCC,\u00a0<i>Climate Change 2023 Synthesis Report, Summary for Policymakers<\/i>, C. 1., p. 24.<\/p>\n<p><sup>[3]<\/sup>\u00a0<i>Messaggio al Presidente della COP26<\/i>, 29 ottobre 2021.<\/p>\n<p><sup>[4]<\/sup>\u00a0<i>Ibidem<\/i>.<\/p>\n<p><sup>[5]<\/sup>\u00a0Benedetto XVI,\u00a0<i>Caritas in veritate<\/i>, 50.<\/p>\n<p><sup>[6]<\/sup>\u00a0<i>Video-Messaggio al Climate Ambition Summit<\/i>, 12 dicembre 2020.<\/p>\n","protected":false},"excerpt":{"rendered":"<p>Il Papa Udienza ai promotori del \u201cGreen and Blue Festival\u201d<\/p>\n","protected":false},"author":17,"featured_media":77590,"comment_status":"closed","ping_status":"closed","sticky":false,"template":"","format":"standard","meta":{"_acf_changed":false,"_crdt_document":"","inline_featured_image":false,"footnotes":""},"categories":[123,67],"tags":[9370,251,4952,1843],"class_list":["post-77589","post","type-post","status-publish","format-standard","has-post-thumbnail","hentry","category-discorsi","category-leone-xiv","tag-green-and-blue-festival","tag-papa-francesco","tag-trending-it","tag-udienza"],"acf":[],"yoast_head":"<!-- This site is optimized with the Yoast SEO plugin v27.5 - https:\/\/yoast.com\/product\/yoast-seo-wordpress\/ -->\n<title>&quot;Dio, ci ha affidato la cura del creato davanti al prossimo e generazioni future&quot; &#8211; Exaudi<\/title>\n<meta name=\"robots\" content=\"index, follow, max-snippet:-1, max-image-preview:large, max-video-preview:-1\" \/>\n<link rel=\"canonical\" href=\"https:\/\/exaudi.org\/it\/dio-ci-ha-affidato-la-cura-del-creato-davanti-al-prossimo-e-generazioni-future\/\" \/>\n<meta property=\"og:locale\" content=\"it_IT\" \/>\n<meta property=\"og:type\" content=\"article\" \/>\n<meta property=\"og:title\" content=\"&quot;Dio, ci ha affidato la cura del creato davanti al prossimo e generazioni future&quot; &#8211; Exaudi\" \/>\n<meta property=\"og:description\" content=\"Il Papa Udienza ai promotori del \u201cGreen and Blue Festival\u201d\" \/>\n<meta property=\"og:url\" content=\"https:\/\/exaudi.org\/it\/dio-ci-ha-affidato-la-cura-del-creato-davanti-al-prossimo-e-generazioni-future\/\" \/>\n<meta property=\"og:site_name\" content=\"Exaudi\" \/>\n<meta property=\"article:publisher\" content=\"https:\/\/www.facebook.com\/ExaudiNews\" \/>\n<meta property=\"article:author\" content=\"https:\/\/www.facebook.com\/ExaudiNotizie\/\" \/>\n<meta property=\"article:published_time\" content=\"2023-06-05T15:39:04+00:00\" \/>\n<meta property=\"og:image\" content=\"https:\/\/exaudi.org\/wp-content\/uploads\/2023\/06\/cq5dam.web_.800.800-2-1.jpeg\" \/>\n\t<meta property=\"og:image:width\" content=\"800\" \/>\n\t<meta property=\"og:image:height\" content=\"533\" \/>\n\t<meta property=\"og:image:type\" content=\"image\/jpeg\" \/>\n<meta name=\"author\" content=\"Exaudi Redazione\" \/>\n<meta name=\"twitter:card\" content=\"summary_large_image\" \/>\n<meta name=\"twitter:creator\" content=\"@Exaudi_Notizie\" \/>\n<meta name=\"twitter:site\" content=\"@Exaudi_News\" \/>\n<meta name=\"twitter:label1\" content=\"Scritto da\" \/>\n\t<meta name=\"twitter:data1\" content=\"Exaudi Redazione\" \/>\n\t<meta name=\"twitter:label2\" content=\"Tempo di lettura stimato\" \/>\n\t<meta name=\"twitter:data2\" content=\"6 minuti\" \/>\n<script type=\"application\/ld+json\" class=\"yoast-schema-graph\">{\"@context\":\"https:\\\/\\\/schema.org\",\"@graph\":[{\"@type\":\"Article\",\"@id\":\"https:\\\/\\\/exaudi.org\\\/it\\\/dio-ci-ha-affidato-la-cura-del-creato-davanti-al-prossimo-e-generazioni-future\\\/#article\",\"isPartOf\":{\"@id\":\"https:\\\/\\\/exaudi.org\\\/it\\\/dio-ci-ha-affidato-la-cura-del-creato-davanti-al-prossimo-e-generazioni-future\\\/\"},\"author\":{\"name\":\"Exaudi Redazione\",\"@id\":\"https:\\\/\\\/exaudi.org\\\/#\\\/schema\\\/person\\\/e1ab6ed07c01774724dd96f925f3a5f0\"},\"headline\":\"&#8220;Dio, ci ha affidato la cura del creato davanti al prossimo e generazioni future&#8221;\",\"datePublished\":\"2023-06-05T15:39:04+00:00\",\"mainEntityOfPage\":{\"@id\":\"https:\\\/\\\/exaudi.org\\\/it\\\/dio-ci-ha-affidato-la-cura-del-creato-davanti-al-prossimo-e-generazioni-future\\\/\"},\"wordCount\":1126,\"image\":{\"@id\":\"https:\\\/\\\/exaudi.org\\\/it\\\/dio-ci-ha-affidato-la-cura-del-creato-davanti-al-prossimo-e-generazioni-future\\\/#primaryimage\"},\"thumbnailUrl\":\"https:\\\/\\\/exaudi.org\\\/wp-content\\\/uploads\\\/2023\\\/06\\\/cq5dam.web_.800.800-2-1.jpeg\",\"keywords\":[\"Green and Blue Festival\",\"Papa Francesco\",\"Trending\",\"udienza\"],\"articleSection\":[\"Discorsi\",\"Leone XIV\"],\"inLanguage\":\"it-IT\"},{\"@type\":\"WebPage\",\"@id\":\"https:\\\/\\\/exaudi.org\\\/it\\\/dio-ci-ha-affidato-la-cura-del-creato-davanti-al-prossimo-e-generazioni-future\\\/\",\"url\":\"https:\\\/\\\/exaudi.org\\\/it\\\/dio-ci-ha-affidato-la-cura-del-creato-davanti-al-prossimo-e-generazioni-future\\\/\",\"name\":\"\\\"Dio, ci ha affidato la cura del creato davanti al prossimo e generazioni future\\\" &#8211; Exaudi\",\"isPartOf\":{\"@id\":\"https:\\\/\\\/exaudi.org\\\/#website\"},\"primaryImageOfPage\":{\"@id\":\"https:\\\/\\\/exaudi.org\\\/it\\\/dio-ci-ha-affidato-la-cura-del-creato-davanti-al-prossimo-e-generazioni-future\\\/#primaryimage\"},\"image\":{\"@id\":\"https:\\\/\\\/exaudi.org\\\/it\\\/dio-ci-ha-affidato-la-cura-del-creato-davanti-al-prossimo-e-generazioni-future\\\/#primaryimage\"},\"thumbnailUrl\":\"https:\\\/\\\/exaudi.org\\\/wp-content\\\/uploads\\\/2023\\\/06\\\/cq5dam.web_.800.800-2-1.jpeg\",\"datePublished\":\"2023-06-05T15:39:04+00:00\",\"author\":{\"@id\":\"https:\\\/\\\/exaudi.org\\\/#\\\/schema\\\/person\\\/e1ab6ed07c01774724dd96f925f3a5f0\"},\"breadcrumb\":{\"@id\":\"https:\\\/\\\/exaudi.org\\\/it\\\/dio-ci-ha-affidato-la-cura-del-creato-davanti-al-prossimo-e-generazioni-future\\\/#breadcrumb\"},\"inLanguage\":\"it-IT\",\"potentialAction\":[{\"@type\":\"ReadAction\",\"target\":[\"https:\\\/\\\/exaudi.org\\\/it\\\/dio-ci-ha-affidato-la-cura-del-creato-davanti-al-prossimo-e-generazioni-future\\\/\"]}]},{\"@type\":\"ImageObject\",\"inLanguage\":\"it-IT\",\"@id\":\"https:\\\/\\\/exaudi.org\\\/it\\\/dio-ci-ha-affidato-la-cura-del-creato-davanti-al-prossimo-e-generazioni-future\\\/#primaryimage\",\"url\":\"https:\\\/\\\/exaudi.org\\\/wp-content\\\/uploads\\\/2023\\\/06\\\/cq5dam.web_.800.800-2-1.jpeg\",\"contentUrl\":\"https:\\\/\\\/exaudi.org\\\/wp-content\\\/uploads\\\/2023\\\/06\\\/cq5dam.web_.800.800-2-1.jpeg\",\"width\":800,\"height\":533,\"caption\":\"Vatican Media\"},{\"@type\":\"BreadcrumbList\",\"@id\":\"https:\\\/\\\/exaudi.org\\\/it\\\/dio-ci-ha-affidato-la-cura-del-creato-davanti-al-prossimo-e-generazioni-future\\\/#breadcrumb\",\"itemListElement\":[{\"@type\":\"ListItem\",\"position\":1,\"name\":\"Portada\",\"item\":\"https:\\\/\\\/exaudi.org\\\/it\\\/\"},{\"@type\":\"ListItem\",\"position\":2,\"name\":\"&#8220;Dio, ci ha affidato la cura del creato davanti al prossimo e generazioni future&#8221;\"}]},{\"@type\":\"WebSite\",\"@id\":\"https:\\\/\\\/exaudi.org\\\/#website\",\"url\":\"https:\\\/\\\/exaudi.org\\\/\",\"name\":\"Exaudi\",\"description\":\"News\",\"potentialAction\":[{\"@type\":\"SearchAction\",\"target\":{\"@type\":\"EntryPoint\",\"urlTemplate\":\"https:\\\/\\\/exaudi.org\\\/?s={search_term_string}\"},\"query-input\":{\"@type\":\"PropertyValueSpecification\",\"valueRequired\":true,\"valueName\":\"search_term_string\"}}],\"inLanguage\":\"it-IT\"},{\"@type\":\"Person\",\"@id\":\"https:\\\/\\\/exaudi.org\\\/#\\\/schema\\\/person\\\/e1ab6ed07c01774724dd96f925f3a5f0\",\"name\":\"Exaudi Redazione\",\"image\":{\"@type\":\"ImageObject\",\"inLanguage\":\"it-IT\",\"@id\":\"https:\\\/\\\/secure.gravatar.com\\\/avatar\\\/ad6774b3ada023bf5b939d64f45c94b3adf91502dd883507d469b4308a943bb3?s=96&d=mm&r=g\",\"url\":\"https:\\\/\\\/secure.gravatar.com\\\/avatar\\\/ad6774b3ada023bf5b939d64f45c94b3adf91502dd883507d469b4308a943bb3?s=96&d=mm&r=g\",\"contentUrl\":\"https:\\\/\\\/secure.gravatar.com\\\/avatar\\\/ad6774b3ada023bf5b939d64f45c94b3adf91502dd883507d469b4308a943bb3?s=96&d=mm&r=g\",\"caption\":\"Exaudi Redazione\"},\"description\":\"Che cosa \u00e8 Exaudi News? Exaudi News \u00e8 un agenzia cattolica internazionale che informa, istruisce e trasforma quotidianamente in spagnolo, inglese e italiano. Attraverso notizie, articoli di analisi e trasmissioni in diretta degli eventi del Papa, Exaudi cerca di rafforzare l'unit\u00e0 dei cristiani e di contribuire all'evangelizzazione del mondo, sempre guidato dalla dottrina sociale della Chiesa. Lavoriamo per portare la verit\u00e0 e i valori cristiani in ogni angolo del pianeta. Aiutaci a trasformare il mondo con Exaudi! Noi di Exaudi crediamo che l'evangelizzazione e l'informazione di qualit\u00e0 possano cambiare la vita. Per continuare la nostra missione ed espandere la nostra portata, abbiamo bisogno del tuo aiuto. Stiamo anche cercando persone motivate che vogliano unirsi al nostro team. Grazie al vostro sostegno raggiungeremo pi\u00f9 persone, diffonderemo il messaggio di Cristo e rafforzeremo l'unit\u00e0 dei cristiani. Vuoi unirti alla nostra missione? Per maggiori informazioni su come contribuire, visita Exaudi.org\\\/it o contattaci direttamente: info@exaudi.org Exaudi: informa, forma e trasforma.\",\"sameAs\":[\"https:\\\/\\\/www.facebook.com\\\/ExaudiNotizie\\\/\",\"https:\\\/\\\/www.instagram.com\\\/Exaudi_notizie\\\/\",\"https:\\\/\\\/x.com\\\/Exaudi_Notizie\",\"https:\\\/\\\/www.youtube.com\\\/@exaudicatholicnews\"],\"url\":\"https:\\\/\\\/exaudi.org\\\/it\\\/author\\\/dlvedi-org\\\/\"}]}<\/script>\n<!-- \/ Yoast SEO plugin. -->","yoast_head_json":{"title":"\"Dio, ci ha affidato la cura del creato davanti al prossimo e generazioni future\" &#8211; Exaudi","robots":{"index":"index","follow":"follow","max-snippet":"max-snippet:-1","max-image-preview":"max-image-preview:large","max-video-preview":"max-video-preview:-1"},"canonical":"https:\/\/exaudi.org\/it\/dio-ci-ha-affidato-la-cura-del-creato-davanti-al-prossimo-e-generazioni-future\/","og_locale":"it_IT","og_type":"article","og_title":"\"Dio, ci ha affidato la cura del creato davanti al prossimo e generazioni future\" &#8211; Exaudi","og_description":"Il Papa Udienza ai promotori del \u201cGreen and Blue Festival\u201d","og_url":"https:\/\/exaudi.org\/it\/dio-ci-ha-affidato-la-cura-del-creato-davanti-al-prossimo-e-generazioni-future\/","og_site_name":"Exaudi","article_publisher":"https:\/\/www.facebook.com\/ExaudiNews","article_author":"https:\/\/www.facebook.com\/ExaudiNotizie\/","article_published_time":"2023-06-05T15:39:04+00:00","og_image":[{"width":800,"height":533,"url":"https:\/\/exaudi.org\/wp-content\/uploads\/2023\/06\/cq5dam.web_.800.800-2-1.jpeg","type":"image\/jpeg"}],"author":"Exaudi Redazione","twitter_card":"summary_large_image","twitter_creator":"@Exaudi_Notizie","twitter_site":"@Exaudi_News","twitter_misc":{"Scritto da":"Exaudi Redazione","Tempo di lettura stimato":"6 minuti"},"schema":{"@context":"https:\/\/schema.org","@graph":[{"@type":"Article","@id":"https:\/\/exaudi.org\/it\/dio-ci-ha-affidato-la-cura-del-creato-davanti-al-prossimo-e-generazioni-future\/#article","isPartOf":{"@id":"https:\/\/exaudi.org\/it\/dio-ci-ha-affidato-la-cura-del-creato-davanti-al-prossimo-e-generazioni-future\/"},"author":{"name":"Exaudi Redazione","@id":"https:\/\/exaudi.org\/#\/schema\/person\/e1ab6ed07c01774724dd96f925f3a5f0"},"headline":"&#8220;Dio, ci ha affidato la cura del creato davanti al prossimo e generazioni future&#8221;","datePublished":"2023-06-05T15:39:04+00:00","mainEntityOfPage":{"@id":"https:\/\/exaudi.org\/it\/dio-ci-ha-affidato-la-cura-del-creato-davanti-al-prossimo-e-generazioni-future\/"},"wordCount":1126,"image":{"@id":"https:\/\/exaudi.org\/it\/dio-ci-ha-affidato-la-cura-del-creato-davanti-al-prossimo-e-generazioni-future\/#primaryimage"},"thumbnailUrl":"https:\/\/exaudi.org\/wp-content\/uploads\/2023\/06\/cq5dam.web_.800.800-2-1.jpeg","keywords":["Green and Blue Festival","Papa Francesco","Trending","udienza"],"articleSection":["Discorsi","Leone XIV"],"inLanguage":"it-IT"},{"@type":"WebPage","@id":"https:\/\/exaudi.org\/it\/dio-ci-ha-affidato-la-cura-del-creato-davanti-al-prossimo-e-generazioni-future\/","url":"https:\/\/exaudi.org\/it\/dio-ci-ha-affidato-la-cura-del-creato-davanti-al-prossimo-e-generazioni-future\/","name":"\"Dio, ci ha affidato la cura del creato davanti al prossimo e generazioni future\" &#8211; Exaudi","isPartOf":{"@id":"https:\/\/exaudi.org\/#website"},"primaryImageOfPage":{"@id":"https:\/\/exaudi.org\/it\/dio-ci-ha-affidato-la-cura-del-creato-davanti-al-prossimo-e-generazioni-future\/#primaryimage"},"image":{"@id":"https:\/\/exaudi.org\/it\/dio-ci-ha-affidato-la-cura-del-creato-davanti-al-prossimo-e-generazioni-future\/#primaryimage"},"thumbnailUrl":"https:\/\/exaudi.org\/wp-content\/uploads\/2023\/06\/cq5dam.web_.800.800-2-1.jpeg","datePublished":"2023-06-05T15:39:04+00:00","author":{"@id":"https:\/\/exaudi.org\/#\/schema\/person\/e1ab6ed07c01774724dd96f925f3a5f0"},"breadcrumb":{"@id":"https:\/\/exaudi.org\/it\/dio-ci-ha-affidato-la-cura-del-creato-davanti-al-prossimo-e-generazioni-future\/#breadcrumb"},"inLanguage":"it-IT","potentialAction":[{"@type":"ReadAction","target":["https:\/\/exaudi.org\/it\/dio-ci-ha-affidato-la-cura-del-creato-davanti-al-prossimo-e-generazioni-future\/"]}]},{"@type":"ImageObject","inLanguage":"it-IT","@id":"https:\/\/exaudi.org\/it\/dio-ci-ha-affidato-la-cura-del-creato-davanti-al-prossimo-e-generazioni-future\/#primaryimage","url":"https:\/\/exaudi.org\/wp-content\/uploads\/2023\/06\/cq5dam.web_.800.800-2-1.jpeg","contentUrl":"https:\/\/exaudi.org\/wp-content\/uploads\/2023\/06\/cq5dam.web_.800.800-2-1.jpeg","width":800,"height":533,"caption":"Vatican Media"},{"@type":"BreadcrumbList","@id":"https:\/\/exaudi.org\/it\/dio-ci-ha-affidato-la-cura-del-creato-davanti-al-prossimo-e-generazioni-future\/#breadcrumb","itemListElement":[{"@type":"ListItem","position":1,"name":"Portada","item":"https:\/\/exaudi.org\/it\/"},{"@type":"ListItem","position":2,"name":"&#8220;Dio, ci ha affidato la cura del creato davanti al prossimo e generazioni future&#8221;"}]},{"@type":"WebSite","@id":"https:\/\/exaudi.org\/#website","url":"https:\/\/exaudi.org\/","name":"Exaudi","description":"News","potentialAction":[{"@type":"SearchAction","target":{"@type":"EntryPoint","urlTemplate":"https:\/\/exaudi.org\/?s={search_term_string}"},"query-input":{"@type":"PropertyValueSpecification","valueRequired":true,"valueName":"search_term_string"}}],"inLanguage":"it-IT"},{"@type":"Person","@id":"https:\/\/exaudi.org\/#\/schema\/person\/e1ab6ed07c01774724dd96f925f3a5f0","name":"Exaudi Redazione","image":{"@type":"ImageObject","inLanguage":"it-IT","@id":"https:\/\/secure.gravatar.com\/avatar\/ad6774b3ada023bf5b939d64f45c94b3adf91502dd883507d469b4308a943bb3?s=96&d=mm&r=g","url":"https:\/\/secure.gravatar.com\/avatar\/ad6774b3ada023bf5b939d64f45c94b3adf91502dd883507d469b4308a943bb3?s=96&d=mm&r=g","contentUrl":"https:\/\/secure.gravatar.com\/avatar\/ad6774b3ada023bf5b939d64f45c94b3adf91502dd883507d469b4308a943bb3?s=96&d=mm&r=g","caption":"Exaudi Redazione"},"description":"Che cosa \u00e8 Exaudi News? Exaudi News \u00e8 un agenzia cattolica internazionale che informa, istruisce e trasforma quotidianamente in spagnolo, inglese e italiano. Attraverso notizie, articoli di analisi e trasmissioni in diretta degli eventi del Papa, Exaudi cerca di rafforzare l'unit\u00e0 dei cristiani e di contribuire all'evangelizzazione del mondo, sempre guidato dalla dottrina sociale della Chiesa. Lavoriamo per portare la verit\u00e0 e i valori cristiani in ogni angolo del pianeta. Aiutaci a trasformare il mondo con Exaudi! Noi di Exaudi crediamo che l'evangelizzazione e l'informazione di qualit\u00e0 possano cambiare la vita. Per continuare la nostra missione ed espandere la nostra portata, abbiamo bisogno del tuo aiuto. Stiamo anche cercando persone motivate che vogliano unirsi al nostro team. Grazie al vostro sostegno raggiungeremo pi\u00f9 persone, diffonderemo il messaggio di Cristo e rafforzeremo l'unit\u00e0 dei cristiani. Vuoi unirti alla nostra missione? Per maggiori informazioni su come contribuire, visita Exaudi.org\/it o contattaci direttamente: info@exaudi.org Exaudi: informa, forma e trasforma.","sameAs":["https:\/\/www.facebook.com\/ExaudiNotizie\/","https:\/\/www.instagram.com\/Exaudi_notizie\/","https:\/\/x.com\/Exaudi_Notizie","https:\/\/www.youtube.com\/@exaudicatholicnews"],"url":"https:\/\/exaudi.org\/it\/author\/dlvedi-org\/"}]}},"jetpack_featured_media_url":"https:\/\/exaudi.org\/wp-content\/uploads\/2023\/06\/cq5dam.web_.800.800-2-1.jpeg","jetpack_shortlink":"https:\/\/wp.me\/pgKjF2-kbr","_links":{"self":[{"href":"https:\/\/exaudi.org\/it\/wp-json\/wp\/v2\/posts\/77589","targetHints":{"allow":["GET"]}}],"collection":[{"href":"https:\/\/exaudi.org\/it\/wp-json\/wp\/v2\/posts"}],"about":[{"href":"https:\/\/exaudi.org\/it\/wp-json\/wp\/v2\/types\/post"}],"author":[{"embeddable":true,"href":"https:\/\/exaudi.org\/it\/wp-json\/wp\/v2\/users\/17"}],"replies":[{"embeddable":true,"href":"https:\/\/exaudi.org\/it\/wp-json\/wp\/v2\/comments?post=77589"}],"version-history":[{"count":0,"href":"https:\/\/exaudi.org\/it\/wp-json\/wp\/v2\/posts\/77589\/revisions"}],"wp:featuredmedia":[{"embeddable":true,"href":"https:\/\/exaudi.org\/it\/wp-json\/wp\/v2\/media\/77590"}],"wp:attachment":[{"href":"https:\/\/exaudi.org\/it\/wp-json\/wp\/v2\/media?parent=77589"}],"wp:term":[{"taxonomy":"category","embeddable":true,"href":"https:\/\/exaudi.org\/it\/wp-json\/wp\/v2\/categories?post=77589"},{"taxonomy":"post_tag","embeddable":true,"href":"https:\/\/exaudi.org\/it\/wp-json\/wp\/v2\/tags?post=77589"}],"curies":[{"name":"wp","href":"https:\/\/api.w.org\/{rel}","templated":true}]}}