{"id":77318,"date":"2023-06-01T14:08:09","date_gmt":"2023-06-01T12:08:09","guid":{"rendered":"https:\/\/exaudi.org\/?p=77318"},"modified":"2023-06-01T17:31:48","modified_gmt":"2023-06-01T15:31:48","slug":"le-giornate-di-giovanni-paolo-ii-a-roma","status":"publish","type":"post","link":"https:\/\/exaudi.org\/it\/le-giornate-di-giovanni-paolo-ii-a-roma\/","title":{"rendered":"Le Giornate di Giovanni Paolo II a Roma"},"content":{"rendered":"<audio class=\"wp-audio-shortcode\" id=\"audio-77318-1\" preload=\"none\" style=\"width: 100%;\" controls=\"controls\"><source type=\"audio\/mpeg\" src=\"https:\/\/exaudi.org\/wp-content\/uploads\/2023\/06\/Le-Giornate-di-Giovanni-Paolo-II-a-Roma-1.mp3?_=1\" \/><a href=\"https:\/\/exaudi.org\/wp-content\/uploads\/2023\/06\/Le-Giornate-di-Giovanni-Paolo-II-a-Roma-1.mp3\">https:\/\/exaudi.org\/wp-content\/uploads\/2023\/06\/Le-Giornate-di-Giovanni-Paolo-II-a-Roma-1.mp3<\/a><\/audio>\n<p>Il rettorato di S. Stanislao \u00e8 stata la cornice della firma della lettera di intenti con cui si d\u00e0 vita alle Giornate San Giovanni Paolo II a Roma. L\u2019iniziativa \u00e8 resa possibile dalla collaborazione tra la chiesa di S. Stanislao, la Pontificia Universit\u00e0 Giovanni Paolo II di Cracovia e l\u2019omonima fondazione in Vaticano.<\/p>\n<h2>Coinvolte le universit\u00e0 pontificie<\/h2>\n<p><strong>Qual \u00e8 lo scopo di questa iniziativa?<\/strong><\/p>\n<p>\u201cRicordare la <a href=\"https:\/\/exaudi.org\/it\/pensieri-su-san-giovanni-paolo-ii\/\" target=\"_blank\" rel=\"noopener\">persona<\/a>, il pontificato e l\u2019insegnamento di Giovanni Paolo II e ravvivare l\u2019interesse nei suoi confronti negli ambienti universitari di Roma\u201d spiega mons. Pawel Ptasznik, rettore della chiesa di S. Stanislao. A questo scopo, ci sono gi\u00e0 stati incontri con i rettori di alcune universit\u00e0 pontificie: Gregoriana, Lateranense, Urbaniana, S. Croce e Angelicum. Presto seguiranno le altre.<\/p>\n<p>\u201cUn\u2019iniziativa che dovrebbe coinvolgere soprattutto i giovani. Vogliamo organizzare una serie di conferenze nelle diverse universit\u00e0 e un evento in comune. Inoltre, inviteremo studenti e dottorandi a scrivere articoli sull\u2019insegnamento di Giovanni Paolo II. I migliori saranno premiati anche con la possibilit\u00e0 di leggerli durante una conferenza e di pubblicarli. Se sar\u00e0 possibile, organizzeremo anche eventi culturali, come un concerto o una mostra.<\/p>\n<p><strong>Recentemente in Polonia ci sono stati attacchi nei confronti di San Giovanni Paolo II, che hanno suscitato una grande reazione popolare. Ma i giovani di questa generazione stanno perdendo un po\u2019 il contatto con la conoscenza del grande Pontefice? Questa iniziativa punta a riscoprire la sua eredit\u00e0?<\/strong><\/p>\n<p>\u201cS\u00ec, noi vogliamo organizzare questi eventi in modo positivo. Per esempio gli studenti che frequentano la pastorale nella nostra chiesa hanno 20, 25 anni e non hanno un\u2019esperienza diretta della persona e dell\u2019opera di Giovanni Paolo II. Per\u00f2 sono interessati, ogni volta che ci incontriamo sui suoi insegnamenti c\u2019\u00e8 grande interesse. Quel pontificato ormai appartiene alla storia. Se vogliamo vivere questa storia cos\u00ec bella dobbiamo in qualche modo ravvivarla e riproporre i temi che stavano a cuore al pontefice\u201d.<\/p>\n<p><strong>Per esempio?<\/strong><\/p>\n<p>\u201cAbbiamo pensato al tema fede e ragione, in senso ampio, non solo legato all\u2019enciclica. Vogliamo far vedere ai giovani che la fede non \u00e8 contraria alla scienza, anzi, pu\u00f2 trovare nella scienza elementi che illuminano il rapporto tra l\u2019uomo e Dio. Giovanni Paolo II diceva spesso ai giovani che la vita \u00e8 un dono ma un dono da donare agli altri. Vogliamo mostrare proprio questo: che non \u00e8 un peso da portare ma qualcosa di bello da dare agli altri e da godere insieme\u201d.<\/p>\n<h2>Le Giornate di Giovanni Paolo II a Cracovia<\/h2>\n<p>Le Giornate si ispirano a quelle che dal 2006 si tengono a Cracovia. Due le date proposte: 18-22 marzo o 15-19 aprile 2024. \u201cSar\u00e0 un\u2019ottima opportunit\u00e0 per collaborare con le universit\u00e0 pontificie, commemorare l\u2019insegnamento di Giovanni Paolo II e rileggerlo. \u00c8 il motivo che ha ispirato le Giornate iniziate subito dopo la sua morte\u201d spiega don Robert Tyrala, rettore dell\u2019ateneo polacco. \u201cUn\u2019opportunit\u00e0 di avvicinarci ai giovani usando il loro linguaggio. A Cracovia \u00e8 stata anche avviata la pubblicazione dell\u2019opera omnia cominciando dalla tesi di dottorato di Wojtyla. Ora \u00e8 il momento di tradurre a Roma questa esperienza\u201d.<\/p>\n<p>Infine, mons. Dariusz Giers, amministratore della Fondazione vaticana, ha annunciato la creazione di un comitato d\u2019onore e di uno scientifico con rappresentanti dei rettori della universit\u00e0 pontificie. Ci saranno rappresentanti delle facolt\u00e0 di teologia, un esperto di media, forse anche di filosofia o altri campi scientifici. Ulteriori dettagli organizzativi saranno disponibili entro la fine dell\u2019anno.<\/p>\n<p><img loading=\"lazy\" decoding=\"async\" class=\"size-full wp-image-77328 aligncenter\" src=\"https:\/\/exaudi.org\/wp-content\/uploads\/2023\/06\/Entrevista.jpg\" alt=\"\" width=\"1080\" height=\"1080\" srcset=\"https:\/\/exaudi.org\/wp-content\/uploads\/2023\/06\/Entrevista.jpg 1080w, https:\/\/exaudi.org\/wp-content\/uploads\/2023\/06\/Entrevista-300x300.jpg 300w, https:\/\/exaudi.org\/wp-content\/uploads\/2023\/06\/Entrevista-1024x1024.jpg 1024w, https:\/\/exaudi.org\/wp-content\/uploads\/2023\/06\/Entrevista-100x100.jpg?crop=1 100w, https:\/\/exaudi.org\/wp-content\/uploads\/2023\/06\/Entrevista-770x770.jpg 770w, https:\/\/exaudi.org\/wp-content\/uploads\/2023\/06\/Entrevista-500x500.jpg 500w, https:\/\/exaudi.org\/wp-content\/uploads\/2023\/06\/Entrevista-293x293.jpg 293w, https:\/\/exaudi.org\/wp-content\/uploads\/2023\/06\/Entrevista-390x390.jpg 390w, https:\/\/exaudi.org\/wp-content\/uploads\/2023\/06\/Entrevista-585x585.jpg 585w, https:\/\/exaudi.org\/wp-content\/uploads\/2023\/06\/Entrevista-900x900.jpg 900w\" sizes=\"auto, (max-width: 1080px) 100vw, 1080px\" \/><\/p>\n","protected":false},"excerpt":{"rendered":"<p>Iniziativa analoga a quella di Cracovia per ricordare il Santo Papa polacco. Coinvolte le universit\u00e0 pontificie<\/p>\n","protected":false},"author":18,"featured_media":77319,"comment_status":"closed","ping_status":"closed","sticky":false,"template":"","format":"standard","meta":{"_acf_changed":false,"_crdt_document":"","inline_featured_image":false,"footnotes":""},"categories":[107],"tags":[2487,1671,9342],"class_list":["post-77318","post","type-post","status-publish","format-standard","has-post-thumbnail","hentry","category-interviste","tag-featured-3","tag-giovanni-paolo-ii","tag-universita-pontificie"],"acf":[],"yoast_head":"<!-- This site is optimized with the Yoast SEO plugin v27.4 - https:\/\/yoast.com\/product\/yoast-seo-wordpress\/ -->\n<title>Le Giornate di Giovanni Paolo II a Roma &#8211; Exaudi<\/title>\n<meta name=\"description\" content=\"Saranno organizzate anche a Roma le Giornate di Giovanni Paolo II, ispirate a quelle che dal 2006 si svolgono a Cracovia\" \/>\n<meta name=\"robots\" content=\"index, follow, max-snippet:-1, max-image-preview:large, max-video-preview:-1\" \/>\n<link rel=\"canonical\" href=\"https:\/\/exaudi.org\/it\/le-giornate-di-giovanni-paolo-ii-a-roma\/\" \/>\n<meta property=\"og:locale\" content=\"it_IT\" \/>\n<meta property=\"og:type\" content=\"article\" \/>\n<meta property=\"og:title\" content=\"Le Giornate di Giovanni Paolo II a Roma &#8211; Exaudi\" \/>\n<meta property=\"og:description\" content=\"Saranno organizzate anche a Roma le Giornate di Giovanni Paolo II, ispirate a quelle che dal 2006 si svolgono a Cracovia\" \/>\n<meta property=\"og:url\" content=\"https:\/\/exaudi.org\/it\/le-giornate-di-giovanni-paolo-ii-a-roma\/\" \/>\n<meta property=\"og:site_name\" content=\"Exaudi\" \/>\n<meta property=\"article:publisher\" content=\"https:\/\/www.facebook.com\/ExaudiNews\" \/>\n<meta property=\"article:published_time\" content=\"2023-06-01T12:08:09+00:00\" \/>\n<meta property=\"article:modified_time\" content=\"2023-06-01T15:31:48+00:00\" \/>\n<meta property=\"og:image\" content=\"https:\/\/exaudi.org\/wp-content\/uploads\/2023\/06\/lettera-firmata.jpg\" \/>\n\t<meta property=\"og:image:width\" content=\"1474\" \/>\n\t<meta property=\"og:image:height\" content=\"814\" \/>\n\t<meta property=\"og:image:type\" content=\"image\/jpeg\" \/>\n<meta name=\"author\" content=\"Andrea Acali\" \/>\n<meta name=\"twitter:card\" content=\"summary_large_image\" \/>\n<meta name=\"twitter:creator\" content=\"@Exaudi_News\" \/>\n<meta name=\"twitter:site\" content=\"@Exaudi_News\" \/>\n<meta name=\"twitter:label1\" content=\"Scritto da\" \/>\n\t<meta name=\"twitter:data1\" content=\"Andrea Acali\" \/>\n\t<meta name=\"twitter:label2\" content=\"Tempo di lettura stimato\" \/>\n\t<meta name=\"twitter:data2\" content=\"3 minuti\" \/>\n<script type=\"application\/ld+json\" class=\"yoast-schema-graph\">{\"@context\":\"https:\\\/\\\/schema.org\",\"@graph\":[{\"@type\":\"Article\",\"@id\":\"https:\\\/\\\/exaudi.org\\\/it\\\/le-giornate-di-giovanni-paolo-ii-a-roma\\\/#article\",\"isPartOf\":{\"@id\":\"https:\\\/\\\/exaudi.org\\\/it\\\/le-giornate-di-giovanni-paolo-ii-a-roma\\\/\"},\"author\":{\"name\":\"Andrea Acali\",\"@id\":\"https:\\\/\\\/exaudi.org\\\/#\\\/schema\\\/person\\\/127735be832481a6d3c410c5837bb61a\"},\"headline\":\"Le Giornate di Giovanni Paolo II a Roma\",\"datePublished\":\"2023-06-01T12:08:09+00:00\",\"dateModified\":\"2023-06-01T15:31:48+00:00\",\"mainEntityOfPage\":{\"@id\":\"https:\\\/\\\/exaudi.org\\\/it\\\/le-giornate-di-giovanni-paolo-ii-a-roma\\\/\"},\"wordCount\":579,\"image\":{\"@id\":\"https:\\\/\\\/exaudi.org\\\/it\\\/le-giornate-di-giovanni-paolo-ii-a-roma\\\/#primaryimage\"},\"thumbnailUrl\":\"https:\\\/\\\/exaudi.org\\\/wp-content\\\/uploads\\\/2023\\\/06\\\/lettera-firmata.jpg\",\"keywords\":[\"Featured\",\"Giovanni Paolo II\",\"universit\u00e0 pontificie\"],\"articleSection\":[\"Interviste\"],\"inLanguage\":\"it-IT\"},{\"@type\":\"WebPage\",\"@id\":\"https:\\\/\\\/exaudi.org\\\/it\\\/le-giornate-di-giovanni-paolo-ii-a-roma\\\/\",\"url\":\"https:\\\/\\\/exaudi.org\\\/it\\\/le-giornate-di-giovanni-paolo-ii-a-roma\\\/\",\"name\":\"Le Giornate di Giovanni Paolo II a Roma &#8211; Exaudi\",\"isPartOf\":{\"@id\":\"https:\\\/\\\/exaudi.org\\\/#website\"},\"primaryImageOfPage\":{\"@id\":\"https:\\\/\\\/exaudi.org\\\/it\\\/le-giornate-di-giovanni-paolo-ii-a-roma\\\/#primaryimage\"},\"image\":{\"@id\":\"https:\\\/\\\/exaudi.org\\\/it\\\/le-giornate-di-giovanni-paolo-ii-a-roma\\\/#primaryimage\"},\"thumbnailUrl\":\"https:\\\/\\\/exaudi.org\\\/wp-content\\\/uploads\\\/2023\\\/06\\\/lettera-firmata.jpg\",\"datePublished\":\"2023-06-01T12:08:09+00:00\",\"dateModified\":\"2023-06-01T15:31:48+00:00\",\"author\":{\"@id\":\"https:\\\/\\\/exaudi.org\\\/#\\\/schema\\\/person\\\/127735be832481a6d3c410c5837bb61a\"},\"description\":\"Saranno organizzate anche a Roma le Giornate di Giovanni Paolo II, ispirate a quelle che dal 2006 si svolgono a Cracovia\",\"breadcrumb\":{\"@id\":\"https:\\\/\\\/exaudi.org\\\/it\\\/le-giornate-di-giovanni-paolo-ii-a-roma\\\/#breadcrumb\"},\"inLanguage\":\"it-IT\",\"potentialAction\":[{\"@type\":\"ReadAction\",\"target\":[\"https:\\\/\\\/exaudi.org\\\/it\\\/le-giornate-di-giovanni-paolo-ii-a-roma\\\/\"]}]},{\"@type\":\"ImageObject\",\"inLanguage\":\"it-IT\",\"@id\":\"https:\\\/\\\/exaudi.org\\\/it\\\/le-giornate-di-giovanni-paolo-ii-a-roma\\\/#primaryimage\",\"url\":\"https:\\\/\\\/exaudi.org\\\/wp-content\\\/uploads\\\/2023\\\/06\\\/lettera-firmata.jpg\",\"contentUrl\":\"https:\\\/\\\/exaudi.org\\\/wp-content\\\/uploads\\\/2023\\\/06\\\/lettera-firmata.jpg\",\"width\":1474,\"height\":814,\"caption\":\"(C) Acali \\\/ Exaudi\"},{\"@type\":\"BreadcrumbList\",\"@id\":\"https:\\\/\\\/exaudi.org\\\/it\\\/le-giornate-di-giovanni-paolo-ii-a-roma\\\/#breadcrumb\",\"itemListElement\":[{\"@type\":\"ListItem\",\"position\":1,\"name\":\"Portada\",\"item\":\"https:\\\/\\\/exaudi.org\\\/it\\\/\"},{\"@type\":\"ListItem\",\"position\":2,\"name\":\"Le Giornate di Giovanni Paolo II a Roma\"}]},{\"@type\":\"WebSite\",\"@id\":\"https:\\\/\\\/exaudi.org\\\/#website\",\"url\":\"https:\\\/\\\/exaudi.org\\\/\",\"name\":\"Exaudi\",\"description\":\"News\",\"potentialAction\":[{\"@type\":\"SearchAction\",\"target\":{\"@type\":\"EntryPoint\",\"urlTemplate\":\"https:\\\/\\\/exaudi.org\\\/?s={search_term_string}\"},\"query-input\":{\"@type\":\"PropertyValueSpecification\",\"valueRequired\":true,\"valueName\":\"search_term_string\"}}],\"inLanguage\":\"it-IT\"},{\"@type\":\"Person\",\"@id\":\"https:\\\/\\\/exaudi.org\\\/#\\\/schema\\\/person\\\/127735be832481a6d3c410c5837bb61a\",\"name\":\"Andrea Acali\",\"image\":{\"@type\":\"ImageObject\",\"inLanguage\":\"it-IT\",\"@id\":\"https:\\\/\\\/secure.gravatar.com\\\/avatar\\\/2abf8e528c4f8c571ab456e5ef9ac66b04b987863e3ab3fd9546150699bb9259?s=96&d=mm&r=g\",\"url\":\"https:\\\/\\\/secure.gravatar.com\\\/avatar\\\/2abf8e528c4f8c571ab456e5ef9ac66b04b987863e3ab3fd9546150699bb9259?s=96&d=mm&r=g\",\"contentUrl\":\"https:\\\/\\\/secure.gravatar.com\\\/avatar\\\/2abf8e528c4f8c571ab456e5ef9ac66b04b987863e3ab3fd9546150699bb9259?s=96&d=mm&r=g\",\"caption\":\"Andrea Acali\"},\"description\":\"Andrea Acali es un periodista y comunicador italiano con una larga trayectoria en el \u00e1mbito de la informaci\u00f3n religiosa, social y deportiva. Durante casi treinta a\u00f1os trabaj\u00f3 en el diario Il Tempo como vaticanista y jefe de secci\u00f3n, especializ\u00e1ndose en la cobertura de la actualidad del Vaticano y de la Iglesia cat\u00f3lica. Desde 2016 colabora como periodista web en RomaSette y tambi\u00e9n escribe para el peri\u00f3dico Avvenire. Desde 2019 ejerce como comunicador en la Delegazione della Generalitat de Catalunya in Italia, con sede en Roma, donde combina su experiencia period\u00edstica con la comunicaci\u00f3n institucional\",\"sameAs\":[\"https:\\\/\\\/www.linkedin.com\\\/in\\\/andrea-acali-505567125\\\/?originalSubdomain=it\"],\"url\":\"https:\\\/\\\/exaudi.org\\\/it\\\/author\\\/aacaliexaudi-org\\\/\"}]}<\/script>\n<!-- \/ Yoast SEO plugin. -->","yoast_head_json":{"title":"Le Giornate di Giovanni Paolo II a Roma &#8211; Exaudi","description":"Saranno organizzate anche a Roma le Giornate di Giovanni Paolo II, ispirate a quelle che dal 2006 si svolgono a Cracovia","robots":{"index":"index","follow":"follow","max-snippet":"max-snippet:-1","max-image-preview":"max-image-preview:large","max-video-preview":"max-video-preview:-1"},"canonical":"https:\/\/exaudi.org\/it\/le-giornate-di-giovanni-paolo-ii-a-roma\/","og_locale":"it_IT","og_type":"article","og_title":"Le Giornate di Giovanni Paolo II a Roma &#8211; Exaudi","og_description":"Saranno organizzate anche a Roma le Giornate di Giovanni Paolo II, ispirate a quelle che dal 2006 si svolgono a Cracovia","og_url":"https:\/\/exaudi.org\/it\/le-giornate-di-giovanni-paolo-ii-a-roma\/","og_site_name":"Exaudi","article_publisher":"https:\/\/www.facebook.com\/ExaudiNews","article_published_time":"2023-06-01T12:08:09+00:00","article_modified_time":"2023-06-01T15:31:48+00:00","og_image":[{"width":1474,"height":814,"url":"https:\/\/exaudi.org\/wp-content\/uploads\/2023\/06\/lettera-firmata.jpg","type":"image\/jpeg"}],"author":"Andrea Acali","twitter_card":"summary_large_image","twitter_creator":"@Exaudi_News","twitter_site":"@Exaudi_News","twitter_misc":{"Scritto da":"Andrea Acali","Tempo di lettura stimato":"3 minuti"},"schema":{"@context":"https:\/\/schema.org","@graph":[{"@type":"Article","@id":"https:\/\/exaudi.org\/it\/le-giornate-di-giovanni-paolo-ii-a-roma\/#article","isPartOf":{"@id":"https:\/\/exaudi.org\/it\/le-giornate-di-giovanni-paolo-ii-a-roma\/"},"author":{"name":"Andrea Acali","@id":"https:\/\/exaudi.org\/#\/schema\/person\/127735be832481a6d3c410c5837bb61a"},"headline":"Le Giornate di Giovanni Paolo II a Roma","datePublished":"2023-06-01T12:08:09+00:00","dateModified":"2023-06-01T15:31:48+00:00","mainEntityOfPage":{"@id":"https:\/\/exaudi.org\/it\/le-giornate-di-giovanni-paolo-ii-a-roma\/"},"wordCount":579,"image":{"@id":"https:\/\/exaudi.org\/it\/le-giornate-di-giovanni-paolo-ii-a-roma\/#primaryimage"},"thumbnailUrl":"https:\/\/exaudi.org\/wp-content\/uploads\/2023\/06\/lettera-firmata.jpg","keywords":["Featured","Giovanni Paolo II","universit\u00e0 pontificie"],"articleSection":["Interviste"],"inLanguage":"it-IT"},{"@type":"WebPage","@id":"https:\/\/exaudi.org\/it\/le-giornate-di-giovanni-paolo-ii-a-roma\/","url":"https:\/\/exaudi.org\/it\/le-giornate-di-giovanni-paolo-ii-a-roma\/","name":"Le Giornate di Giovanni Paolo II a Roma &#8211; Exaudi","isPartOf":{"@id":"https:\/\/exaudi.org\/#website"},"primaryImageOfPage":{"@id":"https:\/\/exaudi.org\/it\/le-giornate-di-giovanni-paolo-ii-a-roma\/#primaryimage"},"image":{"@id":"https:\/\/exaudi.org\/it\/le-giornate-di-giovanni-paolo-ii-a-roma\/#primaryimage"},"thumbnailUrl":"https:\/\/exaudi.org\/wp-content\/uploads\/2023\/06\/lettera-firmata.jpg","datePublished":"2023-06-01T12:08:09+00:00","dateModified":"2023-06-01T15:31:48+00:00","author":{"@id":"https:\/\/exaudi.org\/#\/schema\/person\/127735be832481a6d3c410c5837bb61a"},"description":"Saranno organizzate anche a Roma le Giornate di Giovanni Paolo II, ispirate a quelle che dal 2006 si svolgono a Cracovia","breadcrumb":{"@id":"https:\/\/exaudi.org\/it\/le-giornate-di-giovanni-paolo-ii-a-roma\/#breadcrumb"},"inLanguage":"it-IT","potentialAction":[{"@type":"ReadAction","target":["https:\/\/exaudi.org\/it\/le-giornate-di-giovanni-paolo-ii-a-roma\/"]}]},{"@type":"ImageObject","inLanguage":"it-IT","@id":"https:\/\/exaudi.org\/it\/le-giornate-di-giovanni-paolo-ii-a-roma\/#primaryimage","url":"https:\/\/exaudi.org\/wp-content\/uploads\/2023\/06\/lettera-firmata.jpg","contentUrl":"https:\/\/exaudi.org\/wp-content\/uploads\/2023\/06\/lettera-firmata.jpg","width":1474,"height":814,"caption":"(C) Acali \/ Exaudi"},{"@type":"BreadcrumbList","@id":"https:\/\/exaudi.org\/it\/le-giornate-di-giovanni-paolo-ii-a-roma\/#breadcrumb","itemListElement":[{"@type":"ListItem","position":1,"name":"Portada","item":"https:\/\/exaudi.org\/it\/"},{"@type":"ListItem","position":2,"name":"Le Giornate di Giovanni Paolo II a Roma"}]},{"@type":"WebSite","@id":"https:\/\/exaudi.org\/#website","url":"https:\/\/exaudi.org\/","name":"Exaudi","description":"News","potentialAction":[{"@type":"SearchAction","target":{"@type":"EntryPoint","urlTemplate":"https:\/\/exaudi.org\/?s={search_term_string}"},"query-input":{"@type":"PropertyValueSpecification","valueRequired":true,"valueName":"search_term_string"}}],"inLanguage":"it-IT"},{"@type":"Person","@id":"https:\/\/exaudi.org\/#\/schema\/person\/127735be832481a6d3c410c5837bb61a","name":"Andrea Acali","image":{"@type":"ImageObject","inLanguage":"it-IT","@id":"https:\/\/secure.gravatar.com\/avatar\/2abf8e528c4f8c571ab456e5ef9ac66b04b987863e3ab3fd9546150699bb9259?s=96&d=mm&r=g","url":"https:\/\/secure.gravatar.com\/avatar\/2abf8e528c4f8c571ab456e5ef9ac66b04b987863e3ab3fd9546150699bb9259?s=96&d=mm&r=g","contentUrl":"https:\/\/secure.gravatar.com\/avatar\/2abf8e528c4f8c571ab456e5ef9ac66b04b987863e3ab3fd9546150699bb9259?s=96&d=mm&r=g","caption":"Andrea Acali"},"description":"Andrea Acali es un periodista y comunicador italiano con una larga trayectoria en el \u00e1mbito de la informaci\u00f3n religiosa, social y deportiva. Durante casi treinta a\u00f1os trabaj\u00f3 en el diario Il Tempo como vaticanista y jefe de secci\u00f3n, especializ\u00e1ndose en la cobertura de la actualidad del Vaticano y de la Iglesia cat\u00f3lica. Desde 2016 colabora como periodista web en RomaSette y tambi\u00e9n escribe para el peri\u00f3dico Avvenire. Desde 2019 ejerce como comunicador en la Delegazione della Generalitat de Catalunya in Italia, con sede en Roma, donde combina su experiencia period\u00edstica con la comunicaci\u00f3n institucional","sameAs":["https:\/\/www.linkedin.com\/in\/andrea-acali-505567125\/?originalSubdomain=it"],"url":"https:\/\/exaudi.org\/it\/author\/aacaliexaudi-org\/"}]}},"jetpack_featured_media_url":"https:\/\/exaudi.org\/wp-content\/uploads\/2023\/06\/lettera-firmata.jpg","jetpack_shortlink":"https:\/\/wp.me\/pgKjF2-k74","_links":{"self":[{"href":"https:\/\/exaudi.org\/it\/wp-json\/wp\/v2\/posts\/77318","targetHints":{"allow":["GET"]}}],"collection":[{"href":"https:\/\/exaudi.org\/it\/wp-json\/wp\/v2\/posts"}],"about":[{"href":"https:\/\/exaudi.org\/it\/wp-json\/wp\/v2\/types\/post"}],"author":[{"embeddable":true,"href":"https:\/\/exaudi.org\/it\/wp-json\/wp\/v2\/users\/18"}],"replies":[{"embeddable":true,"href":"https:\/\/exaudi.org\/it\/wp-json\/wp\/v2\/comments?post=77318"}],"version-history":[{"count":0,"href":"https:\/\/exaudi.org\/it\/wp-json\/wp\/v2\/posts\/77318\/revisions"}],"wp:featuredmedia":[{"embeddable":true,"href":"https:\/\/exaudi.org\/it\/wp-json\/wp\/v2\/media\/77319"}],"wp:attachment":[{"href":"https:\/\/exaudi.org\/it\/wp-json\/wp\/v2\/media?parent=77318"}],"wp:term":[{"taxonomy":"category","embeddable":true,"href":"https:\/\/exaudi.org\/it\/wp-json\/wp\/v2\/categories?post=77318"},{"taxonomy":"post_tag","embeddable":true,"href":"https:\/\/exaudi.org\/it\/wp-json\/wp\/v2\/tags?post=77318"}],"curies":[{"name":"wp","href":"https:\/\/api.w.org\/{rel}","templated":true}]}}