{"id":77063,"date":"2023-05-30T18:44:57","date_gmt":"2023-05-30T16:44:57","guid":{"rendered":"https:\/\/exaudi.org\/?p=77063"},"modified":"2023-05-30T18:56:51","modified_gmt":"2023-05-30T16:56:51","slug":"messaggio-del-papa-per-il-lancio-del-family-global-compact","status":"publish","type":"post","link":"https:\/\/exaudi.org\/it\/messaggio-del-papa-per-il-lancio-del-family-global-compact\/","title":{"rendered":"Messaggio del Papa per il Lancio del \u201cFamily Global Compact\u201d"},"content":{"rendered":"<p>Alle ore 11.30 di questa mattina, ha avuto luogo in diretta streaming dalla Sala Stampa della Santa Sede, Sala San Pio X, Via dell\u2019Ospedale 1, la Conferenza Stampa di presentazione del Family Global Compact e del Messaggio del Santo Padre Francesco in occasione del lancio del Family Global Compact.<\/p>\n<p>Sono intervenuti: la Rev.da Sr. Helen Alford, O.P., Presidente della Pontificia Accademia delle Scienze Sociali; la Prof.ssa Gabriella Gambino, Sotto-Segretario del Dicastero per i Laici, la Famiglia e la Vita; e il Prof. Pierpaolo Donati, sociologo e Membro della Pontificia Accademia delle Scienze Sociali. L\u2019intervento dell\u2019Em.mo Card. Kevin Farrell, Prefetto del Dicastero per i Laici, la Famiglia e la Vita, non presente in sala, \u00e8 stato letto dalla Prof.ssa Gambino.<\/p>\n<p>Inoltre, a disposizione dei giornalisti, erano in sala: il Prof. Stefano Zamagni, gi\u00e0 Presidente della Pontificia Accademia delle Scienze Sociali e il Dott. Francesco Belletti, Direttore del Centro Internazionale Studi Famiglia (CISF).<\/p>\n<p><b><u>Messaggio del Santo Padre<\/u><\/b><\/p>\n<p><i>Cari fratelli e sorelle!<\/i><\/p>\n<p>Nell\u2019Esortazione apostolica\u00a0<i><a href=\"https:\/\/www.vatican.va\/content\/francesco\/it\/apost_exhortations\/documents\/papa-francesco_esortazione-ap_20160319_amoris-laetitia.html\">Amoris laetitia<\/a><\/i>\u00a0ho sottolineato che \u00abil bene della famiglia \u00e8 decisivo per il futuro del mondo e della Chiesa\u00bb (<a href=\"https:\/\/www.vatican.va\/content\/francesco\/it\/apost_exhortations\/documents\/papa-francesco_esortazione-ap_20160319_amoris-laetitia.html#31\">n. 31<\/a>). Con questo convincimento desidero sostenere il\u00a0<i>Family Global Compact<\/i>, un programma condiviso di azioni volto a mettere in dialogo la pastorale familiare con i centri di studio e ricerca sulla famiglia presenti nelle Universit\u00e0 cattoliche di tutto il mondo. Si tratta di un\u2019iniziativa del Dicastero per i Laici, la Famiglia e la Vita e della Pontificia Accademia per le Scienze Sociali, nata a partire da studi e ricerche sulla rilevanza culturale e antropologica della famiglia e sulle nuove sfide che essa si trova a fronteggiare.<\/p>\n<p>L\u2019obiettivo \u00e8 la sinergia, \u00e8 fare in modo che il lavoro pastorale con le famiglie nelle Chiese particolari si avvalga pi\u00f9 efficacemente dei risultati della ricerca e dell\u2019impegno didattico e formativo che hanno luogo nelle Universit\u00e0. Insieme, Universit\u00e0 cattoliche e pastorale possono meglio promuovere una cultura della famiglia e della vita che, a partire dalla realt\u00e0, aiuti le nuove generazioni \u2013 in questo tempo di incertezze e di carestia della speranza \u2013 ad apprezzare il matrimonio, la vita familiare con le sue risorse e le sue sfide, la bellezza di generare e custodire la vita umana. Serve, insomma, \u00abuno sforzo pi\u00f9 responsabile e generoso nel presentare [&#8230;] le motivazioni per optare in favore del matrimonio e della famiglia, cos\u00ec che le persone siano pi\u00f9 disposte a rispondere alla grazia che Dio offre loro\u00bb (<i><a href=\"https:\/\/www.vatican.va\/content\/francesco\/it\/apost_exhortations\/documents\/papa-francesco_esortazione-ap_20160319_amoris-laetitia.html#35\">Amoris laetitia<\/a><\/i>, 35).<\/p>\n<p>Alle Universit\u00e0 cattoliche \u00e8 affidato il compito di sviluppare analisi approfondite di natura teologica, filosofica, giuridica, sociologica ed economica sul matrimonio e la famiglia per sostenerne l\u2019effettiva importanza all\u2019interno dei sistemi di pensiero e di azione contemporanei. Dagli studi condotti emerge un contesto di crisi delle relazioni familiari, alimentato sia da difficolt\u00e0 contingenti sia da ostacoli strutturali, il che rende pi\u00f9 difficile formare serenamente una famiglia in assenza di adeguati supporti da parte della societ\u00e0. Anche per questo molti giovani declinano la scelta del matrimonio in favore di forme di relazioni affettive pi\u00f9 instabili e informali. Le indagini, per\u00f2, mettono pure in luce come la famiglia continui ad essere la fonte prioritaria della vita sociale e mostrano l\u2019esistenza di buone pratiche che meritano condivisione e diffusione a livello globale. In tal senso, le famiglie stesse potranno e dovranno essere testimoni e protagoniste del percorso.<\/p>\n<p>Il\u00a0<i>Family Global Compact<\/i>, in effetti, non vuol essere un programma statico, finalizzato a cristallizzare alcune idee, ma un cammino, articolato in quattro passi:<\/p>\n<p>1. Attivare un processo di dialogo e di maggiore collaborazione fra i centri universitari di studio e ricerca che si occupano di tematiche familiari, per rendere pi\u00f9 feconda la loro attivit\u00e0, in particolare creando o rilanciando le reti degli istituti universitari che si ispirano alla Dottrina sociale della Chiesa.<\/p>\n<p>2. Creare maggiore sinergia, nei contenuti e negli obiettivi, tra comunit\u00e0 cristiane e Universit\u00e0 cattoliche.<\/p>\n<p>3. Favorire la cultura della famiglia e della vita nella societ\u00e0, affinch\u00e9 scaturiscano proposte e obiettivi utili alle politiche pubbliche.<\/p>\n<p>4. Armonizzare e sostenere, una volta individuate, le proposte emerse, affinch\u00e9 il servizio alla famiglia sia arricchito e supportato sotto i versanti spirituali, pastorali, culturali, giuridici, politici, economici e sociali.<\/p>\n<p>Nella famiglia si realizzano gran parte dei sogni di Dio sulla comunit\u00e0 umana. Non possiamo perci\u00f2 rassegnarci al suo declino in nome dell\u2019incertezza, dell\u2019individualismo e del consumismo, che prospettano un avvenire di singoli che pensano a s\u00e9 stessi. Non possiamo essere indifferenti all\u2019avvenire della famiglia, comunit\u00e0 di vita e di amore, alleanza insostituibile e indissolubile tra uomo e donna, luogo di incontro tra le generazioni, speranza della societ\u00e0. La famiglia, ricordiamolo, ha effetti positivi su tutti, in quanto \u00e8\u00a0<i>generatrice di<\/i>\u00a0<i>bene comune<\/i>: le buone relazioni familiari rappresentano una ricchezza insostituibile non solo per i coniugi e per i figli, ma per l\u2019intera comunit\u00e0 ecclesiale e civile.<\/p>\n<p>Ringrazio quindi quanti hanno aderito e quanti aderiranno al\u00a0<i>Family Global Compact<\/i>\u00a0e invito a dedicarsi con creativit\u00e0 e fiducia a tutto ci\u00f2 che pu\u00f2 aiutare a rimettere la famiglia al cuore del nostro impegno pastorale e sociale.<\/p>\n<p><i>Roma, San Giovanni in Laterano, 13 maggio 2023<br \/>\n<\/i><\/p>\n<p>FRANCESCO<\/p>\n","protected":false},"excerpt":{"rendered":"<p>Programma condiviso di azioni volto a mettere in dialogo la pastorale familiare <\/p>\n","protected":false},"author":17,"featured_media":35614,"comment_status":"closed","ping_status":"closed","sticky":false,"template":"","format":"standard","meta":{"_acf_changed":false,"_crdt_document":"","inline_featured_image":false,"footnotes":""},"categories":[67,117],"tags":[7015,758,251,4952],"class_list":["post-77063","post","type-post","status-publish","format-standard","has-post-thumbnail","hentry","category-leone-xiv","category-messaggi","tag-dicasteri","tag-famiglia","tag-papa-francesco","tag-trending-it"],"acf":[],"yoast_head":"<!-- This site is optimized with the Yoast SEO plugin v27.5 - https:\/\/yoast.com\/product\/yoast-seo-wordpress\/ -->\n<title>Messaggio del Papa per il Lancio del \u201cFamily Global Compact\u201d &#8211; Exaudi<\/title>\n<meta name=\"robots\" content=\"index, follow, max-snippet:-1, max-image-preview:large, max-video-preview:-1\" \/>\n<link rel=\"canonical\" href=\"https:\/\/exaudi.org\/it\/messaggio-del-papa-per-il-lancio-del-family-global-compact\/\" \/>\n<meta property=\"og:locale\" content=\"it_IT\" \/>\n<meta property=\"og:type\" content=\"article\" \/>\n<meta property=\"og:title\" content=\"Messaggio del Papa per il Lancio del \u201cFamily Global Compact\u201d &#8211; Exaudi\" \/>\n<meta property=\"og:description\" content=\"Programma condiviso di azioni volto a mettere in dialogo la pastorale familiare\" \/>\n<meta property=\"og:url\" content=\"https:\/\/exaudi.org\/it\/messaggio-del-papa-per-il-lancio-del-family-global-compact\/\" \/>\n<meta property=\"og:site_name\" content=\"Exaudi\" \/>\n<meta property=\"article:publisher\" content=\"https:\/\/www.facebook.com\/ExaudiNews\" \/>\n<meta property=\"article:author\" content=\"https:\/\/www.facebook.com\/ExaudiNotizie\/\" \/>\n<meta property=\"article:published_time\" content=\"2023-05-30T16:44:57+00:00\" \/>\n<meta property=\"article:modified_time\" content=\"2023-05-30T16:56:51+00:00\" \/>\n<meta property=\"og:image\" content=\"https:\/\/exaudi.org\/wp-content\/uploads\/2021\/10\/Familia-CELAM.jpg\" \/>\n\t<meta property=\"og:image:width\" content=\"1200\" \/>\n\t<meta property=\"og:image:height\" content=\"650\" \/>\n\t<meta property=\"og:image:type\" content=\"image\/jpeg\" \/>\n<meta name=\"author\" content=\"Exaudi Redazione\" \/>\n<meta name=\"twitter:card\" content=\"summary_large_image\" \/>\n<meta name=\"twitter:creator\" content=\"@Exaudi_Notizie\" \/>\n<meta name=\"twitter:site\" content=\"@Exaudi_News\" \/>\n<meta name=\"twitter:label1\" content=\"Scritto da\" \/>\n\t<meta name=\"twitter:data1\" content=\"Exaudi Redazione\" \/>\n\t<meta name=\"twitter:label2\" content=\"Tempo di lettura stimato\" \/>\n\t<meta name=\"twitter:data2\" content=\"4 minuti\" \/>\n<script type=\"application\/ld+json\" class=\"yoast-schema-graph\">{\"@context\":\"https:\\\/\\\/schema.org\",\"@graph\":[{\"@type\":\"Article\",\"@id\":\"https:\\\/\\\/exaudi.org\\\/it\\\/messaggio-del-papa-per-il-lancio-del-family-global-compact\\\/#article\",\"isPartOf\":{\"@id\":\"https:\\\/\\\/exaudi.org\\\/it\\\/messaggio-del-papa-per-il-lancio-del-family-global-compact\\\/\"},\"author\":{\"name\":\"Exaudi Redazione\",\"@id\":\"https:\\\/\\\/exaudi.org\\\/#\\\/schema\\\/person\\\/e1ab6ed07c01774724dd96f925f3a5f0\"},\"headline\":\"Messaggio del Papa per il Lancio del \u201cFamily Global Compact\u201d\",\"datePublished\":\"2023-05-30T16:44:57+00:00\",\"dateModified\":\"2023-05-30T16:56:51+00:00\",\"mainEntityOfPage\":{\"@id\":\"https:\\\/\\\/exaudi.org\\\/it\\\/messaggio-del-papa-per-il-lancio-del-family-global-compact\\\/\"},\"wordCount\":849,\"image\":{\"@id\":\"https:\\\/\\\/exaudi.org\\\/it\\\/messaggio-del-papa-per-il-lancio-del-family-global-compact\\\/#primaryimage\"},\"thumbnailUrl\":\"https:\\\/\\\/exaudi.org\\\/wp-content\\\/uploads\\\/2021\\\/10\\\/Familia-CELAM.jpg\",\"keywords\":[\"Dicasteri\",\"famiglia\",\"Papa Francesco\",\"Trending\"],\"articleSection\":[\"Leone XIV\",\"Messaggi\"],\"inLanguage\":\"it-IT\"},{\"@type\":\"WebPage\",\"@id\":\"https:\\\/\\\/exaudi.org\\\/it\\\/messaggio-del-papa-per-il-lancio-del-family-global-compact\\\/\",\"url\":\"https:\\\/\\\/exaudi.org\\\/it\\\/messaggio-del-papa-per-il-lancio-del-family-global-compact\\\/\",\"name\":\"Messaggio del Papa per il Lancio del \u201cFamily Global Compact\u201d &#8211; Exaudi\",\"isPartOf\":{\"@id\":\"https:\\\/\\\/exaudi.org\\\/#website\"},\"primaryImageOfPage\":{\"@id\":\"https:\\\/\\\/exaudi.org\\\/it\\\/messaggio-del-papa-per-il-lancio-del-family-global-compact\\\/#primaryimage\"},\"image\":{\"@id\":\"https:\\\/\\\/exaudi.org\\\/it\\\/messaggio-del-papa-per-il-lancio-del-family-global-compact\\\/#primaryimage\"},\"thumbnailUrl\":\"https:\\\/\\\/exaudi.org\\\/wp-content\\\/uploads\\\/2021\\\/10\\\/Familia-CELAM.jpg\",\"datePublished\":\"2023-05-30T16:44:57+00:00\",\"dateModified\":\"2023-05-30T16:56:51+00:00\",\"author\":{\"@id\":\"https:\\\/\\\/exaudi.org\\\/#\\\/schema\\\/person\\\/e1ab6ed07c01774724dd96f925f3a5f0\"},\"breadcrumb\":{\"@id\":\"https:\\\/\\\/exaudi.org\\\/it\\\/messaggio-del-papa-per-il-lancio-del-family-global-compact\\\/#breadcrumb\"},\"inLanguage\":\"it-IT\",\"potentialAction\":[{\"@type\":\"ReadAction\",\"target\":[\"https:\\\/\\\/exaudi.org\\\/it\\\/messaggio-del-papa-per-il-lancio-del-family-global-compact\\\/\"]}]},{\"@type\":\"ImageObject\",\"inLanguage\":\"it-IT\",\"@id\":\"https:\\\/\\\/exaudi.org\\\/it\\\/messaggio-del-papa-per-il-lancio-del-family-global-compact\\\/#primaryimage\",\"url\":\"https:\\\/\\\/exaudi.org\\\/wp-content\\\/uploads\\\/2021\\\/10\\\/Familia-CELAM.jpg\",\"contentUrl\":\"https:\\\/\\\/exaudi.org\\\/wp-content\\\/uploads\\\/2021\\\/10\\\/Familia-CELAM.jpg\",\"width\":1200,\"height\":650},{\"@type\":\"BreadcrumbList\",\"@id\":\"https:\\\/\\\/exaudi.org\\\/it\\\/messaggio-del-papa-per-il-lancio-del-family-global-compact\\\/#breadcrumb\",\"itemListElement\":[{\"@type\":\"ListItem\",\"position\":1,\"name\":\"Portada\",\"item\":\"https:\\\/\\\/exaudi.org\\\/it\\\/\"},{\"@type\":\"ListItem\",\"position\":2,\"name\":\"Messaggio del Papa per il Lancio del \u201cFamily Global Compact\u201d\"}]},{\"@type\":\"WebSite\",\"@id\":\"https:\\\/\\\/exaudi.org\\\/#website\",\"url\":\"https:\\\/\\\/exaudi.org\\\/\",\"name\":\"Exaudi\",\"description\":\"News\",\"potentialAction\":[{\"@type\":\"SearchAction\",\"target\":{\"@type\":\"EntryPoint\",\"urlTemplate\":\"https:\\\/\\\/exaudi.org\\\/?s={search_term_string}\"},\"query-input\":{\"@type\":\"PropertyValueSpecification\",\"valueRequired\":true,\"valueName\":\"search_term_string\"}}],\"inLanguage\":\"it-IT\"},{\"@type\":\"Person\",\"@id\":\"https:\\\/\\\/exaudi.org\\\/#\\\/schema\\\/person\\\/e1ab6ed07c01774724dd96f925f3a5f0\",\"name\":\"Exaudi Redazione\",\"image\":{\"@type\":\"ImageObject\",\"inLanguage\":\"it-IT\",\"@id\":\"https:\\\/\\\/secure.gravatar.com\\\/avatar\\\/ad6774b3ada023bf5b939d64f45c94b3adf91502dd883507d469b4308a943bb3?s=96&d=mm&r=g\",\"url\":\"https:\\\/\\\/secure.gravatar.com\\\/avatar\\\/ad6774b3ada023bf5b939d64f45c94b3adf91502dd883507d469b4308a943bb3?s=96&d=mm&r=g\",\"contentUrl\":\"https:\\\/\\\/secure.gravatar.com\\\/avatar\\\/ad6774b3ada023bf5b939d64f45c94b3adf91502dd883507d469b4308a943bb3?s=96&d=mm&r=g\",\"caption\":\"Exaudi Redazione\"},\"description\":\"Che cosa \u00e8 Exaudi News? Exaudi News \u00e8 un agenzia cattolica internazionale che informa, istruisce e trasforma quotidianamente in spagnolo, inglese e italiano. Attraverso notizie, articoli di analisi e trasmissioni in diretta degli eventi del Papa, Exaudi cerca di rafforzare l'unit\u00e0 dei cristiani e di contribuire all'evangelizzazione del mondo, sempre guidato dalla dottrina sociale della Chiesa. Lavoriamo per portare la verit\u00e0 e i valori cristiani in ogni angolo del pianeta. Aiutaci a trasformare il mondo con Exaudi! Noi di Exaudi crediamo che l'evangelizzazione e l'informazione di qualit\u00e0 possano cambiare la vita. Per continuare la nostra missione ed espandere la nostra portata, abbiamo bisogno del tuo aiuto. Stiamo anche cercando persone motivate che vogliano unirsi al nostro team. Grazie al vostro sostegno raggiungeremo pi\u00f9 persone, diffonderemo il messaggio di Cristo e rafforzeremo l'unit\u00e0 dei cristiani. Vuoi unirti alla nostra missione? Per maggiori informazioni su come contribuire, visita Exaudi.org\\\/it o contattaci direttamente: info@exaudi.org Exaudi: informa, forma e trasforma.\",\"sameAs\":[\"https:\\\/\\\/www.facebook.com\\\/ExaudiNotizie\\\/\",\"https:\\\/\\\/www.instagram.com\\\/Exaudi_notizie\\\/\",\"https:\\\/\\\/x.com\\\/Exaudi_Notizie\",\"https:\\\/\\\/www.youtube.com\\\/@exaudicatholicnews\"],\"url\":\"https:\\\/\\\/exaudi.org\\\/it\\\/author\\\/dlvedi-org\\\/\"}]}<\/script>\n<!-- \/ Yoast SEO plugin. -->","yoast_head_json":{"title":"Messaggio del Papa per il Lancio del \u201cFamily Global Compact\u201d &#8211; Exaudi","robots":{"index":"index","follow":"follow","max-snippet":"max-snippet:-1","max-image-preview":"max-image-preview:large","max-video-preview":"max-video-preview:-1"},"canonical":"https:\/\/exaudi.org\/it\/messaggio-del-papa-per-il-lancio-del-family-global-compact\/","og_locale":"it_IT","og_type":"article","og_title":"Messaggio del Papa per il Lancio del \u201cFamily Global Compact\u201d &#8211; Exaudi","og_description":"Programma condiviso di azioni volto a mettere in dialogo la pastorale familiare","og_url":"https:\/\/exaudi.org\/it\/messaggio-del-papa-per-il-lancio-del-family-global-compact\/","og_site_name":"Exaudi","article_publisher":"https:\/\/www.facebook.com\/ExaudiNews","article_author":"https:\/\/www.facebook.com\/ExaudiNotizie\/","article_published_time":"2023-05-30T16:44:57+00:00","article_modified_time":"2023-05-30T16:56:51+00:00","og_image":[{"width":1200,"height":650,"url":"https:\/\/exaudi.org\/wp-content\/uploads\/2021\/10\/Familia-CELAM.jpg","type":"image\/jpeg"}],"author":"Exaudi Redazione","twitter_card":"summary_large_image","twitter_creator":"@Exaudi_Notizie","twitter_site":"@Exaudi_News","twitter_misc":{"Scritto da":"Exaudi Redazione","Tempo di lettura stimato":"4 minuti"},"schema":{"@context":"https:\/\/schema.org","@graph":[{"@type":"Article","@id":"https:\/\/exaudi.org\/it\/messaggio-del-papa-per-il-lancio-del-family-global-compact\/#article","isPartOf":{"@id":"https:\/\/exaudi.org\/it\/messaggio-del-papa-per-il-lancio-del-family-global-compact\/"},"author":{"name":"Exaudi Redazione","@id":"https:\/\/exaudi.org\/#\/schema\/person\/e1ab6ed07c01774724dd96f925f3a5f0"},"headline":"Messaggio del Papa per il Lancio del \u201cFamily Global Compact\u201d","datePublished":"2023-05-30T16:44:57+00:00","dateModified":"2023-05-30T16:56:51+00:00","mainEntityOfPage":{"@id":"https:\/\/exaudi.org\/it\/messaggio-del-papa-per-il-lancio-del-family-global-compact\/"},"wordCount":849,"image":{"@id":"https:\/\/exaudi.org\/it\/messaggio-del-papa-per-il-lancio-del-family-global-compact\/#primaryimage"},"thumbnailUrl":"https:\/\/exaudi.org\/wp-content\/uploads\/2021\/10\/Familia-CELAM.jpg","keywords":["Dicasteri","famiglia","Papa Francesco","Trending"],"articleSection":["Leone XIV","Messaggi"],"inLanguage":"it-IT"},{"@type":"WebPage","@id":"https:\/\/exaudi.org\/it\/messaggio-del-papa-per-il-lancio-del-family-global-compact\/","url":"https:\/\/exaudi.org\/it\/messaggio-del-papa-per-il-lancio-del-family-global-compact\/","name":"Messaggio del Papa per il Lancio del \u201cFamily Global Compact\u201d &#8211; Exaudi","isPartOf":{"@id":"https:\/\/exaudi.org\/#website"},"primaryImageOfPage":{"@id":"https:\/\/exaudi.org\/it\/messaggio-del-papa-per-il-lancio-del-family-global-compact\/#primaryimage"},"image":{"@id":"https:\/\/exaudi.org\/it\/messaggio-del-papa-per-il-lancio-del-family-global-compact\/#primaryimage"},"thumbnailUrl":"https:\/\/exaudi.org\/wp-content\/uploads\/2021\/10\/Familia-CELAM.jpg","datePublished":"2023-05-30T16:44:57+00:00","dateModified":"2023-05-30T16:56:51+00:00","author":{"@id":"https:\/\/exaudi.org\/#\/schema\/person\/e1ab6ed07c01774724dd96f925f3a5f0"},"breadcrumb":{"@id":"https:\/\/exaudi.org\/it\/messaggio-del-papa-per-il-lancio-del-family-global-compact\/#breadcrumb"},"inLanguage":"it-IT","potentialAction":[{"@type":"ReadAction","target":["https:\/\/exaudi.org\/it\/messaggio-del-papa-per-il-lancio-del-family-global-compact\/"]}]},{"@type":"ImageObject","inLanguage":"it-IT","@id":"https:\/\/exaudi.org\/it\/messaggio-del-papa-per-il-lancio-del-family-global-compact\/#primaryimage","url":"https:\/\/exaudi.org\/wp-content\/uploads\/2021\/10\/Familia-CELAM.jpg","contentUrl":"https:\/\/exaudi.org\/wp-content\/uploads\/2021\/10\/Familia-CELAM.jpg","width":1200,"height":650},{"@type":"BreadcrumbList","@id":"https:\/\/exaudi.org\/it\/messaggio-del-papa-per-il-lancio-del-family-global-compact\/#breadcrumb","itemListElement":[{"@type":"ListItem","position":1,"name":"Portada","item":"https:\/\/exaudi.org\/it\/"},{"@type":"ListItem","position":2,"name":"Messaggio del Papa per il Lancio del \u201cFamily Global Compact\u201d"}]},{"@type":"WebSite","@id":"https:\/\/exaudi.org\/#website","url":"https:\/\/exaudi.org\/","name":"Exaudi","description":"News","potentialAction":[{"@type":"SearchAction","target":{"@type":"EntryPoint","urlTemplate":"https:\/\/exaudi.org\/?s={search_term_string}"},"query-input":{"@type":"PropertyValueSpecification","valueRequired":true,"valueName":"search_term_string"}}],"inLanguage":"it-IT"},{"@type":"Person","@id":"https:\/\/exaudi.org\/#\/schema\/person\/e1ab6ed07c01774724dd96f925f3a5f0","name":"Exaudi Redazione","image":{"@type":"ImageObject","inLanguage":"it-IT","@id":"https:\/\/secure.gravatar.com\/avatar\/ad6774b3ada023bf5b939d64f45c94b3adf91502dd883507d469b4308a943bb3?s=96&d=mm&r=g","url":"https:\/\/secure.gravatar.com\/avatar\/ad6774b3ada023bf5b939d64f45c94b3adf91502dd883507d469b4308a943bb3?s=96&d=mm&r=g","contentUrl":"https:\/\/secure.gravatar.com\/avatar\/ad6774b3ada023bf5b939d64f45c94b3adf91502dd883507d469b4308a943bb3?s=96&d=mm&r=g","caption":"Exaudi Redazione"},"description":"Che cosa \u00e8 Exaudi News? Exaudi News \u00e8 un agenzia cattolica internazionale che informa, istruisce e trasforma quotidianamente in spagnolo, inglese e italiano. Attraverso notizie, articoli di analisi e trasmissioni in diretta degli eventi del Papa, Exaudi cerca di rafforzare l'unit\u00e0 dei cristiani e di contribuire all'evangelizzazione del mondo, sempre guidato dalla dottrina sociale della Chiesa. Lavoriamo per portare la verit\u00e0 e i valori cristiani in ogni angolo del pianeta. Aiutaci a trasformare il mondo con Exaudi! Noi di Exaudi crediamo che l'evangelizzazione e l'informazione di qualit\u00e0 possano cambiare la vita. Per continuare la nostra missione ed espandere la nostra portata, abbiamo bisogno del tuo aiuto. Stiamo anche cercando persone motivate che vogliano unirsi al nostro team. Grazie al vostro sostegno raggiungeremo pi\u00f9 persone, diffonderemo il messaggio di Cristo e rafforzeremo l'unit\u00e0 dei cristiani. Vuoi unirti alla nostra missione? Per maggiori informazioni su come contribuire, visita Exaudi.org\/it o contattaci direttamente: info@exaudi.org Exaudi: informa, forma e trasforma.","sameAs":["https:\/\/www.facebook.com\/ExaudiNotizie\/","https:\/\/www.instagram.com\/Exaudi_notizie\/","https:\/\/x.com\/Exaudi_Notizie","https:\/\/www.youtube.com\/@exaudicatholicnews"],"url":"https:\/\/exaudi.org\/it\/author\/dlvedi-org\/"}]}},"jetpack_featured_media_url":"https:\/\/exaudi.org\/wp-content\/uploads\/2021\/10\/Familia-CELAM.jpg","jetpack_shortlink":"https:\/\/wp.me\/pgKjF2-k2X","_links":{"self":[{"href":"https:\/\/exaudi.org\/it\/wp-json\/wp\/v2\/posts\/77063","targetHints":{"allow":["GET"]}}],"collection":[{"href":"https:\/\/exaudi.org\/it\/wp-json\/wp\/v2\/posts"}],"about":[{"href":"https:\/\/exaudi.org\/it\/wp-json\/wp\/v2\/types\/post"}],"author":[{"embeddable":true,"href":"https:\/\/exaudi.org\/it\/wp-json\/wp\/v2\/users\/17"}],"replies":[{"embeddable":true,"href":"https:\/\/exaudi.org\/it\/wp-json\/wp\/v2\/comments?post=77063"}],"version-history":[{"count":0,"href":"https:\/\/exaudi.org\/it\/wp-json\/wp\/v2\/posts\/77063\/revisions"}],"wp:featuredmedia":[{"embeddable":true,"href":"https:\/\/exaudi.org\/it\/wp-json\/wp\/v2\/media\/35614"}],"wp:attachment":[{"href":"https:\/\/exaudi.org\/it\/wp-json\/wp\/v2\/media?parent=77063"}],"wp:term":[{"taxonomy":"category","embeddable":true,"href":"https:\/\/exaudi.org\/it\/wp-json\/wp\/v2\/categories?post=77063"},{"taxonomy":"post_tag","embeddable":true,"href":"https:\/\/exaudi.org\/it\/wp-json\/wp\/v2\/tags?post=77063"}],"curies":[{"name":"wp","href":"https:\/\/api.w.org\/{rel}","templated":true}]}}