{"id":76976,"date":"2023-05-29T21:18:13","date_gmt":"2023-05-29T19:18:13","guid":{"rendered":"https:\/\/exaudi.org\/?p=76976"},"modified":"2023-05-29T21:18:13","modified_gmt":"2023-05-29T19:18:13","slug":"il-santo-padre-ha-nominato-vescovo-di-avila","status":"publish","type":"post","link":"https:\/\/exaudi.org\/it\/il-santo-padre-ha-nominato-vescovo-di-avila\/","title":{"rendered":"Il Santo Padre ha nominato Vescovo di \u00c1vila"},"content":{"rendered":"<p>Il Santo Padre ha nominato Vescovo di \u00c1vila (Spagna) il Rev.do Jes\u00fas Rico Garc\u00eda, Membro della Fraternit\u00e0 dei Sacerdoti Operai Diocesani del Cuore di Ges\u00f9, finora Rettore del\u00a0<i>Pontificio Colegio Espa\u00f1ol de San Jos\u00e9<\/i>\u00a0a Roma.<\/p>\n<p><b><i>Curriculum vitae<\/i><\/b><\/p>\n<p>S.E. Mons. Jes\u00fas Rico Garc\u00eda \u00e8 nato il 15 ottobre 1954 a Montemayor de Pililla, Arcidiocesi di Valladolid. Ha svolto gli studi filosofici e teologici presso l\u2019<i>Universidad Pontificia de Salamanca<\/i>.<\/p>\n<p>\u00c8 stato ordinato sacerdote il 24 giugno 1979 da San Giovanni Paolo II nella Basilica di San Pietro. Ha emesso l\u2019atto d\u2019incorporazione alla Fraternit\u00e0 degli Operai Diocesani il 3 maggio 1981.<\/p>\n<p>Ha ricoperto i seguenti incarichi e svolto ulteriori studi: Licenza in Catechetica e Diploma in Scienze dell\u2019Educazione presso la\u00a0<i>Pontificia Universit\u00e0 Salesiana<\/i>\u00a0di Roma (1981); Vice Rettore del Seminario di Zaragoza (1981-1988); Vice Direttore dell\u2019Istituto Vocazionale\u00a0<i>Maestro \u00c1vila<\/i>\u00a0di Salamanca (1988-1990); Rettore dell\u2019Aspirantato Maggiore (1990-1996); Membro del Consiglio Generale (1996-2002), Vice Direttore Generale (2002-2008) e poi Direttore Generale (2008-2014) della Fraternit\u00e0 dei Sacerdoti Operai Diocesani; Direttore Spirituale del\u00a0<i>Pontificio Colegio Espa\u00f1ol de San Jos\u00e9<\/i>\u00a0(2003-2007); Direttore del Segretariato per i Seminari della Conferenza Episcopale Spagnola (2007-2008); Rettore dell\u2019Aspirantato di Huixquilucan, Messico (2014-2020). Dal 2020 \u00e8 Rettore del\u00a0<i>Pontificio Colegio Espa\u00f1ol de San Jos\u00e9<\/i>\u00a0di Roma.<\/p>\n","protected":false},"excerpt":{"rendered":"<p>Il Rev.do Jes\u00fas Rico Garc\u00eda occuper\u00e0 la titolarit\u00e0<\/p>\n","protected":false},"author":17,"featured_media":76989,"comment_status":"closed","ping_status":"closed","sticky":false,"template":"","format":"standard","meta":{"_acf_changed":false,"_crdt_document":"","inline_featured_image":false,"footnotes":""},"categories":[58],"tags":[],"class_list":["post-76976","post","type-post","status-publish","format-standard","has-post-thumbnail","hentry","category-featured-news"],"acf":[],"yoast_head":"<!-- This site is optimized with the Yoast SEO plugin v27.4 - https:\/\/yoast.com\/product\/yoast-seo-wordpress\/ -->\n<title>Il Santo Padre ha nominato Vescovo di \u00c1vila &#8211; Exaudi<\/title>\n<meta name=\"robots\" content=\"index, follow, max-snippet:-1, max-image-preview:large, max-video-preview:-1\" \/>\n<link rel=\"canonical\" href=\"https:\/\/exaudi.org\/it\/il-santo-padre-ha-nominato-vescovo-di-avila\/\" \/>\n<meta property=\"og:locale\" content=\"it_IT\" \/>\n<meta property=\"og:type\" content=\"article\" \/>\n<meta property=\"og:title\" content=\"Il Santo Padre ha nominato Vescovo di \u00c1vila &#8211; Exaudi\" \/>\n<meta property=\"og:description\" content=\"Il Rev.do Jes\u00fas Rico Garc\u00eda occuper\u00e0 la titolarit\u00e0\" \/>\n<meta property=\"og:url\" content=\"https:\/\/exaudi.org\/it\/il-santo-padre-ha-nominato-vescovo-di-avila\/\" \/>\n<meta property=\"og:site_name\" content=\"Exaudi\" \/>\n<meta property=\"article:publisher\" content=\"https:\/\/www.facebook.com\/ExaudiNews\" \/>\n<meta property=\"article:author\" content=\"https:\/\/www.facebook.com\/ExaudiNotizie\/\" \/>\n<meta property=\"article:published_time\" content=\"2023-05-29T19:18:13+00:00\" \/>\n<meta property=\"og:image\" content=\"https:\/\/exaudi.org\/wp-content\/uploads\/2023\/05\/Jesus-Rico-Garcia-2023-Avila.jpg\" \/>\n\t<meta property=\"og:image:width\" content=\"800\" \/>\n\t<meta property=\"og:image:height\" content=\"600\" \/>\n\t<meta property=\"og:image:type\" content=\"image\/jpeg\" \/>\n<meta name=\"author\" content=\"Exaudi Redazione\" \/>\n<meta name=\"twitter:card\" content=\"summary_large_image\" \/>\n<meta name=\"twitter:creator\" content=\"@Exaudi_Notizie\" \/>\n<meta name=\"twitter:site\" content=\"@Exaudi_News\" \/>\n<meta name=\"twitter:label1\" content=\"Scritto da\" \/>\n\t<meta name=\"twitter:data1\" content=\"Exaudi Redazione\" \/>\n\t<meta name=\"twitter:label2\" content=\"Tempo di lettura stimato\" \/>\n\t<meta name=\"twitter:data2\" content=\"1 minuto\" \/>\n<script type=\"application\/ld+json\" class=\"yoast-schema-graph\">{\"@context\":\"https:\\\/\\\/schema.org\",\"@graph\":[{\"@type\":\"Article\",\"@id\":\"https:\\\/\\\/exaudi.org\\\/it\\\/il-santo-padre-ha-nominato-vescovo-di-avila\\\/#article\",\"isPartOf\":{\"@id\":\"https:\\\/\\\/exaudi.org\\\/it\\\/il-santo-padre-ha-nominato-vescovo-di-avila\\\/\"},\"author\":{\"name\":\"Exaudi Redazione\",\"@id\":\"https:\\\/\\\/exaudi.org\\\/#\\\/schema\\\/person\\\/e1ab6ed07c01774724dd96f925f3a5f0\"},\"headline\":\"Il Santo Padre ha nominato Vescovo di \u00c1vila\",\"datePublished\":\"2023-05-29T19:18:13+00:00\",\"mainEntityOfPage\":{\"@id\":\"https:\\\/\\\/exaudi.org\\\/it\\\/il-santo-padre-ha-nominato-vescovo-di-avila\\\/\"},\"wordCount\":217,\"image\":{\"@id\":\"https:\\\/\\\/exaudi.org\\\/it\\\/il-santo-padre-ha-nominato-vescovo-di-avila\\\/#primaryimage\"},\"thumbnailUrl\":\"https:\\\/\\\/exaudi.org\\\/wp-content\\\/uploads\\\/2023\\\/05\\\/Jesus-Rico-Garcia-2023-Avila.jpg\",\"articleSection\":[\"Featured News\"],\"inLanguage\":\"it-IT\"},{\"@type\":\"WebPage\",\"@id\":\"https:\\\/\\\/exaudi.org\\\/it\\\/il-santo-padre-ha-nominato-vescovo-di-avila\\\/\",\"url\":\"https:\\\/\\\/exaudi.org\\\/it\\\/il-santo-padre-ha-nominato-vescovo-di-avila\\\/\",\"name\":\"Il Santo Padre ha nominato Vescovo di \u00c1vila &#8211; Exaudi\",\"isPartOf\":{\"@id\":\"https:\\\/\\\/exaudi.org\\\/#website\"},\"primaryImageOfPage\":{\"@id\":\"https:\\\/\\\/exaudi.org\\\/it\\\/il-santo-padre-ha-nominato-vescovo-di-avila\\\/#primaryimage\"},\"image\":{\"@id\":\"https:\\\/\\\/exaudi.org\\\/it\\\/il-santo-padre-ha-nominato-vescovo-di-avila\\\/#primaryimage\"},\"thumbnailUrl\":\"https:\\\/\\\/exaudi.org\\\/wp-content\\\/uploads\\\/2023\\\/05\\\/Jesus-Rico-Garcia-2023-Avila.jpg\",\"datePublished\":\"2023-05-29T19:18:13+00:00\",\"author\":{\"@id\":\"https:\\\/\\\/exaudi.org\\\/#\\\/schema\\\/person\\\/e1ab6ed07c01774724dd96f925f3a5f0\"},\"breadcrumb\":{\"@id\":\"https:\\\/\\\/exaudi.org\\\/it\\\/il-santo-padre-ha-nominato-vescovo-di-avila\\\/#breadcrumb\"},\"inLanguage\":\"it-IT\",\"potentialAction\":[{\"@type\":\"ReadAction\",\"target\":[\"https:\\\/\\\/exaudi.org\\\/it\\\/il-santo-padre-ha-nominato-vescovo-di-avila\\\/\"]}]},{\"@type\":\"ImageObject\",\"inLanguage\":\"it-IT\",\"@id\":\"https:\\\/\\\/exaudi.org\\\/it\\\/il-santo-padre-ha-nominato-vescovo-di-avila\\\/#primaryimage\",\"url\":\"https:\\\/\\\/exaudi.org\\\/wp-content\\\/uploads\\\/2023\\\/05\\\/Jesus-Rico-Garcia-2023-Avila.jpg\",\"contentUrl\":\"https:\\\/\\\/exaudi.org\\\/wp-content\\\/uploads\\\/2023\\\/05\\\/Jesus-Rico-Garcia-2023-Avila.jpg\",\"width\":800,\"height\":600,\"caption\":\"conferenciaepiscopal\"},{\"@type\":\"BreadcrumbList\",\"@id\":\"https:\\\/\\\/exaudi.org\\\/it\\\/il-santo-padre-ha-nominato-vescovo-di-avila\\\/#breadcrumb\",\"itemListElement\":[{\"@type\":\"ListItem\",\"position\":1,\"name\":\"Portada\",\"item\":\"https:\\\/\\\/exaudi.org\\\/it\\\/\"},{\"@type\":\"ListItem\",\"position\":2,\"name\":\"Il Santo Padre ha nominato Vescovo di \u00c1vila\"}]},{\"@type\":\"WebSite\",\"@id\":\"https:\\\/\\\/exaudi.org\\\/#website\",\"url\":\"https:\\\/\\\/exaudi.org\\\/\",\"name\":\"Exaudi\",\"description\":\"News\",\"potentialAction\":[{\"@type\":\"SearchAction\",\"target\":{\"@type\":\"EntryPoint\",\"urlTemplate\":\"https:\\\/\\\/exaudi.org\\\/?s={search_term_string}\"},\"query-input\":{\"@type\":\"PropertyValueSpecification\",\"valueRequired\":true,\"valueName\":\"search_term_string\"}}],\"inLanguage\":\"it-IT\"},{\"@type\":\"Person\",\"@id\":\"https:\\\/\\\/exaudi.org\\\/#\\\/schema\\\/person\\\/e1ab6ed07c01774724dd96f925f3a5f0\",\"name\":\"Exaudi Redazione\",\"image\":{\"@type\":\"ImageObject\",\"inLanguage\":\"it-IT\",\"@id\":\"https:\\\/\\\/secure.gravatar.com\\\/avatar\\\/ad6774b3ada023bf5b939d64f45c94b3adf91502dd883507d469b4308a943bb3?s=96&d=mm&r=g\",\"url\":\"https:\\\/\\\/secure.gravatar.com\\\/avatar\\\/ad6774b3ada023bf5b939d64f45c94b3adf91502dd883507d469b4308a943bb3?s=96&d=mm&r=g\",\"contentUrl\":\"https:\\\/\\\/secure.gravatar.com\\\/avatar\\\/ad6774b3ada023bf5b939d64f45c94b3adf91502dd883507d469b4308a943bb3?s=96&d=mm&r=g\",\"caption\":\"Exaudi Redazione\"},\"description\":\"Che cosa \u00e8 Exaudi News? Exaudi News \u00e8 un agenzia cattolica internazionale che informa, istruisce e trasforma quotidianamente in spagnolo, inglese e italiano. Attraverso notizie, articoli di analisi e trasmissioni in diretta degli eventi del Papa, Exaudi cerca di rafforzare l'unit\u00e0 dei cristiani e di contribuire all'evangelizzazione del mondo, sempre guidato dalla dottrina sociale della Chiesa. Lavoriamo per portare la verit\u00e0 e i valori cristiani in ogni angolo del pianeta. Aiutaci a trasformare il mondo con Exaudi! Noi di Exaudi crediamo che l'evangelizzazione e l'informazione di qualit\u00e0 possano cambiare la vita. Per continuare la nostra missione ed espandere la nostra portata, abbiamo bisogno del tuo aiuto. Stiamo anche cercando persone motivate che vogliano unirsi al nostro team. Grazie al vostro sostegno raggiungeremo pi\u00f9 persone, diffonderemo il messaggio di Cristo e rafforzeremo l'unit\u00e0 dei cristiani. Vuoi unirti alla nostra missione? Per maggiori informazioni su come contribuire, visita Exaudi.org\\\/it o contattaci direttamente: info@exaudi.org Exaudi: informa, forma e trasforma.\",\"sameAs\":[\"https:\\\/\\\/www.facebook.com\\\/ExaudiNotizie\\\/\",\"https:\\\/\\\/www.instagram.com\\\/Exaudi_notizie\\\/\",\"https:\\\/\\\/x.com\\\/Exaudi_Notizie\",\"https:\\\/\\\/www.youtube.com\\\/@exaudicatholicnews\"],\"url\":\"https:\\\/\\\/exaudi.org\\\/it\\\/author\\\/dlvedi-org\\\/\"}]}<\/script>\n<!-- \/ Yoast SEO plugin. -->","yoast_head_json":{"title":"Il Santo Padre ha nominato Vescovo di \u00c1vila &#8211; Exaudi","robots":{"index":"index","follow":"follow","max-snippet":"max-snippet:-1","max-image-preview":"max-image-preview:large","max-video-preview":"max-video-preview:-1"},"canonical":"https:\/\/exaudi.org\/it\/il-santo-padre-ha-nominato-vescovo-di-avila\/","og_locale":"it_IT","og_type":"article","og_title":"Il Santo Padre ha nominato Vescovo di \u00c1vila &#8211; Exaudi","og_description":"Il Rev.do Jes\u00fas Rico Garc\u00eda occuper\u00e0 la titolarit\u00e0","og_url":"https:\/\/exaudi.org\/it\/il-santo-padre-ha-nominato-vescovo-di-avila\/","og_site_name":"Exaudi","article_publisher":"https:\/\/www.facebook.com\/ExaudiNews","article_author":"https:\/\/www.facebook.com\/ExaudiNotizie\/","article_published_time":"2023-05-29T19:18:13+00:00","og_image":[{"width":800,"height":600,"url":"https:\/\/exaudi.org\/wp-content\/uploads\/2023\/05\/Jesus-Rico-Garcia-2023-Avila.jpg","type":"image\/jpeg"}],"author":"Exaudi Redazione","twitter_card":"summary_large_image","twitter_creator":"@Exaudi_Notizie","twitter_site":"@Exaudi_News","twitter_misc":{"Scritto da":"Exaudi Redazione","Tempo di lettura stimato":"1 minuto"},"schema":{"@context":"https:\/\/schema.org","@graph":[{"@type":"Article","@id":"https:\/\/exaudi.org\/it\/il-santo-padre-ha-nominato-vescovo-di-avila\/#article","isPartOf":{"@id":"https:\/\/exaudi.org\/it\/il-santo-padre-ha-nominato-vescovo-di-avila\/"},"author":{"name":"Exaudi Redazione","@id":"https:\/\/exaudi.org\/#\/schema\/person\/e1ab6ed07c01774724dd96f925f3a5f0"},"headline":"Il Santo Padre ha nominato Vescovo di \u00c1vila","datePublished":"2023-05-29T19:18:13+00:00","mainEntityOfPage":{"@id":"https:\/\/exaudi.org\/it\/il-santo-padre-ha-nominato-vescovo-di-avila\/"},"wordCount":217,"image":{"@id":"https:\/\/exaudi.org\/it\/il-santo-padre-ha-nominato-vescovo-di-avila\/#primaryimage"},"thumbnailUrl":"https:\/\/exaudi.org\/wp-content\/uploads\/2023\/05\/Jesus-Rico-Garcia-2023-Avila.jpg","articleSection":["Featured News"],"inLanguage":"it-IT"},{"@type":"WebPage","@id":"https:\/\/exaudi.org\/it\/il-santo-padre-ha-nominato-vescovo-di-avila\/","url":"https:\/\/exaudi.org\/it\/il-santo-padre-ha-nominato-vescovo-di-avila\/","name":"Il Santo Padre ha nominato Vescovo di \u00c1vila &#8211; Exaudi","isPartOf":{"@id":"https:\/\/exaudi.org\/#website"},"primaryImageOfPage":{"@id":"https:\/\/exaudi.org\/it\/il-santo-padre-ha-nominato-vescovo-di-avila\/#primaryimage"},"image":{"@id":"https:\/\/exaudi.org\/it\/il-santo-padre-ha-nominato-vescovo-di-avila\/#primaryimage"},"thumbnailUrl":"https:\/\/exaudi.org\/wp-content\/uploads\/2023\/05\/Jesus-Rico-Garcia-2023-Avila.jpg","datePublished":"2023-05-29T19:18:13+00:00","author":{"@id":"https:\/\/exaudi.org\/#\/schema\/person\/e1ab6ed07c01774724dd96f925f3a5f0"},"breadcrumb":{"@id":"https:\/\/exaudi.org\/it\/il-santo-padre-ha-nominato-vescovo-di-avila\/#breadcrumb"},"inLanguage":"it-IT","potentialAction":[{"@type":"ReadAction","target":["https:\/\/exaudi.org\/it\/il-santo-padre-ha-nominato-vescovo-di-avila\/"]}]},{"@type":"ImageObject","inLanguage":"it-IT","@id":"https:\/\/exaudi.org\/it\/il-santo-padre-ha-nominato-vescovo-di-avila\/#primaryimage","url":"https:\/\/exaudi.org\/wp-content\/uploads\/2023\/05\/Jesus-Rico-Garcia-2023-Avila.jpg","contentUrl":"https:\/\/exaudi.org\/wp-content\/uploads\/2023\/05\/Jesus-Rico-Garcia-2023-Avila.jpg","width":800,"height":600,"caption":"conferenciaepiscopal"},{"@type":"BreadcrumbList","@id":"https:\/\/exaudi.org\/it\/il-santo-padre-ha-nominato-vescovo-di-avila\/#breadcrumb","itemListElement":[{"@type":"ListItem","position":1,"name":"Portada","item":"https:\/\/exaudi.org\/it\/"},{"@type":"ListItem","position":2,"name":"Il Santo Padre ha nominato Vescovo di \u00c1vila"}]},{"@type":"WebSite","@id":"https:\/\/exaudi.org\/#website","url":"https:\/\/exaudi.org\/","name":"Exaudi","description":"News","potentialAction":[{"@type":"SearchAction","target":{"@type":"EntryPoint","urlTemplate":"https:\/\/exaudi.org\/?s={search_term_string}"},"query-input":{"@type":"PropertyValueSpecification","valueRequired":true,"valueName":"search_term_string"}}],"inLanguage":"it-IT"},{"@type":"Person","@id":"https:\/\/exaudi.org\/#\/schema\/person\/e1ab6ed07c01774724dd96f925f3a5f0","name":"Exaudi Redazione","image":{"@type":"ImageObject","inLanguage":"it-IT","@id":"https:\/\/secure.gravatar.com\/avatar\/ad6774b3ada023bf5b939d64f45c94b3adf91502dd883507d469b4308a943bb3?s=96&d=mm&r=g","url":"https:\/\/secure.gravatar.com\/avatar\/ad6774b3ada023bf5b939d64f45c94b3adf91502dd883507d469b4308a943bb3?s=96&d=mm&r=g","contentUrl":"https:\/\/secure.gravatar.com\/avatar\/ad6774b3ada023bf5b939d64f45c94b3adf91502dd883507d469b4308a943bb3?s=96&d=mm&r=g","caption":"Exaudi Redazione"},"description":"Che cosa \u00e8 Exaudi News? Exaudi News \u00e8 un agenzia cattolica internazionale che informa, istruisce e trasforma quotidianamente in spagnolo, inglese e italiano. Attraverso notizie, articoli di analisi e trasmissioni in diretta degli eventi del Papa, Exaudi cerca di rafforzare l'unit\u00e0 dei cristiani e di contribuire all'evangelizzazione del mondo, sempre guidato dalla dottrina sociale della Chiesa. Lavoriamo per portare la verit\u00e0 e i valori cristiani in ogni angolo del pianeta. Aiutaci a trasformare il mondo con Exaudi! Noi di Exaudi crediamo che l'evangelizzazione e l'informazione di qualit\u00e0 possano cambiare la vita. Per continuare la nostra missione ed espandere la nostra portata, abbiamo bisogno del tuo aiuto. Stiamo anche cercando persone motivate che vogliano unirsi al nostro team. Grazie al vostro sostegno raggiungeremo pi\u00f9 persone, diffonderemo il messaggio di Cristo e rafforzeremo l'unit\u00e0 dei cristiani. Vuoi unirti alla nostra missione? Per maggiori informazioni su come contribuire, visita Exaudi.org\/it o contattaci direttamente: info@exaudi.org Exaudi: informa, forma e trasforma.","sameAs":["https:\/\/www.facebook.com\/ExaudiNotizie\/","https:\/\/www.instagram.com\/Exaudi_notizie\/","https:\/\/x.com\/Exaudi_Notizie","https:\/\/www.youtube.com\/@exaudicatholicnews"],"url":"https:\/\/exaudi.org\/it\/author\/dlvedi-org\/"}]}},"jetpack_featured_media_url":"https:\/\/exaudi.org\/wp-content\/uploads\/2023\/05\/Jesus-Rico-Garcia-2023-Avila.jpg","jetpack_shortlink":"https:\/\/wp.me\/pgKjF2-k1y","_links":{"self":[{"href":"https:\/\/exaudi.org\/it\/wp-json\/wp\/v2\/posts\/76976","targetHints":{"allow":["GET"]}}],"collection":[{"href":"https:\/\/exaudi.org\/it\/wp-json\/wp\/v2\/posts"}],"about":[{"href":"https:\/\/exaudi.org\/it\/wp-json\/wp\/v2\/types\/post"}],"author":[{"embeddable":true,"href":"https:\/\/exaudi.org\/it\/wp-json\/wp\/v2\/users\/17"}],"replies":[{"embeddable":true,"href":"https:\/\/exaudi.org\/it\/wp-json\/wp\/v2\/comments?post=76976"}],"version-history":[{"count":0,"href":"https:\/\/exaudi.org\/it\/wp-json\/wp\/v2\/posts\/76976\/revisions"}],"wp:featuredmedia":[{"embeddable":true,"href":"https:\/\/exaudi.org\/it\/wp-json\/wp\/v2\/media\/76989"}],"wp:attachment":[{"href":"https:\/\/exaudi.org\/it\/wp-json\/wp\/v2\/media?parent=76976"}],"wp:term":[{"taxonomy":"category","embeddable":true,"href":"https:\/\/exaudi.org\/it\/wp-json\/wp\/v2\/categories?post=76976"},{"taxonomy":"post_tag","embeddable":true,"href":"https:\/\/exaudi.org\/it\/wp-json\/wp\/v2\/tags?post=76976"}],"curies":[{"name":"wp","href":"https:\/\/api.w.org\/{rel}","templated":true}]}}