{"id":76971,"date":"2023-05-29T20:29:47","date_gmt":"2023-05-29T18:29:47","guid":{"rendered":"https:\/\/exaudi.org\/?p=76971"},"modified":"2023-05-29T20:29:47","modified_gmt":"2023-05-29T18:29:47","slug":"il-papa-ha-consegnato-il-premio-paolo-vi-al-presidente-italiano","status":"publish","type":"post","link":"https:\/\/exaudi.org\/it\/il-papa-ha-consegnato-il-premio-paolo-vi-al-presidente-italiano\/","title":{"rendered":"Il Papa ha consegnato il &#8220;Premio Paolo VI&#8221; al Presidente italiano"},"content":{"rendered":"<p>Questa mattina, nella Sala Clementina del Palazzo Apostolico Vaticano, il Santo Padre Francesco ha ricevuto in Udienza i membri dell\u2019Istituto Paolo VI di Brescia, per il conferimento del \u201cPremio Paolo VI\u201d all\u2019On. Sergio Mattarella, Presidente della Repubblica Italiana.<\/p>\n<p>Pubblichiamo di seguito il discorso che il Papa ha rivolto ai presenti nel corso della cerimonia:<\/p>\n<p><b><u>Discorso del Santo Padre<\/u><\/b><\/p>\n<p>Signor Presidente della Repubblica,<br \/>\ndistinte Autorit\u00e0 civili e religiose,<br \/>\ngentili Signore e Signori,<br \/>\ncari fratelli e sorelle!<\/p>\n<p>Vi do il benvenuto e vi saluto cordialmente, felice per la vostra presenza. Sono lieto di consegnare al Presidente Sergio Mattarella il Premio Internazionale Paolo VI, che gli \u00e8 stato attribuito dall\u2019omonimo Istituto, al quale vorrei esprimere riconoscenza per il prezioso lavoro che svolge nella cura della memoria di Papa Montini: i suoi scritti e i suoi discorsi sono una miniera inesauribile di pensiero e testimoniano l\u2019intensa vita spirituale da cui \u00e8 sgorgata la sua azione di grande Pastore della Chiesa. Grazie dunque ai membri e ai collaboratori dell\u2019Istituto, e grazie a quanti sono giunti dalla Diocesi di Brescia!<\/p>\n<p>Il Concilio Vaticano II, per il quale dobbiamo essere tanto grati a San Paolo VI, ha sottolineato il ruolo dei fedeli laici, mettendone in luce il\u00a0<i>carattere secolare<\/i>. I laici, infatti, in virt\u00f9 del battesimo hanno una vera e propria missione, da svolgere \u00ab<i>nel secolo<\/i>, cio\u00e8 implicati in tutti e singoli gli impieghi e gli affari del mondo e nelle ordinarie condizioni della vita familiare e sociale\u00bb (<i>Lumen gentium<\/i>, 31). E tra queste occupazioni spicca la politica, che \u00e8 la \u00abforma pi\u00f9 alta di carit\u00e0\u00bb (Pio XI,\u00a0<i>Ai dirigenti della Federazione Universitaria Cattolica<\/i>, 18 dic. 1927). Ma \u2013 ci possiamo chiedere \u2013 come fare dell\u2019agire politico una forma di carit\u00e0 e, d\u2019altra parte, come vivere la carit\u00e0, cio\u00e8 l\u2019amore nel senso pi\u00f9 alto, all\u2019interno delle dinamiche politiche?<\/p>\n<p>Credo che la risposta risieda in una parola:\u00a0<i>servizio<\/i>. San Paolo VI disse che quanti esercitano il potere pubblico devono considerarsi \u00ab<i>come i servitori<\/i>\u00a0dei loro compatrioti, con il disinteresse e l\u2019integrit\u00e0 che convengono alla loro alta funzione\u00bb (<i>Ai rappresentanti dell\u2019Unione Europea dei Democratici Cristiani<\/i>, 8 apr. 1972). E sentenzi\u00f2: \u00abIl dovere del servizio \u00e8 inerente all\u2019autorit\u00e0; e tanto maggiore \u00e8 tale dovere quanto pi\u00f9 alta \u00e8 tale autorit\u00e0\u00bb (<i>Udienza gen.<\/i>, 9 ott. 1968). Eppure, sappiamo bene quanto ci\u00f2 non sia facile e come la tentazione diffusa, in ogni tempo, anche nei migliori sistemi politici, sia di servirsi dell\u2019autorit\u00e0 anzich\u00e9 di servire attraverso l\u2019autorit\u00e0. Com\u2019\u00e8 facile salire sul piedistallo e com\u2019\u00e8 difficile calarsi nel servizio degli altri!<\/p>\n<p>Cristo stesso parl\u00f2 della difficolt\u00e0 a servire e prodigarsi per gli altri, ammettendo, con un realismo velato di tristezza, che \u00abcoloro i quali sono considerati i governanti delle nazioni dominano su di esse e i loro capi le opprimono\u00bb. Ma subito disse ai suoi: \u00abTra voi per\u00f2 non \u00e8 cos\u00ec, ma chi vuole diventare grande tra voi sar\u00e0 vostro servitore\u00bb (<i>Mc<\/i>\u00a010,42-43). Da allora in poi, per il cristiano, grandezza \u00e8 sinonimo di servizio. Amo dire che \u201cnon serve per vivere chi non vive per servire\u201d. E credo che oggi il conferimento del Premio Paolo VI al Presidente Mattarella sia proprio una bella occasione per celebrare il valore e la dignit\u00e0 del servizio, lo stile pi\u00f9 alto del vivere, che pone gli altri prima delle proprie aspettative.<\/p>\n<p>Che ci\u00f2 sia vero per Lei, Signor Presidente, lo testimonia il popolo italiano, che non dimentica la sua rinuncia al meritato riposo fatta in nome del servizio richiestole dallo Stato. Una settimana fa ha voluto omaggiare, in occasione dei 150 anni dalla morte, quel grande italiano e cristiano che fu Alessandro Manzoni, capace di intessere con le parole la pregiata stoffa di valori sociali, religiosi e solidali del popolo italiano. Paolo VI lo defin\u00ec \u00abgenio universale\u00bb, \u00abtesoro inesauribile di sapienza morale\u00bb, \u00abmaestro di vita\u00bb (<i>Regina caeli<\/i>, 20 mag. 1973). Anch\u2019io custodisco nel cuore tanti suoi personaggi. Penso al sarto, che racconta la buona laboriosit\u00e0 di chi concepisce la vita come il tempo dato al singolo per accrescere il bene altrui, per \u00abindustriarsi, aiutarsi, e poi esser contenti\u00bb (<i>I promessi sposi<\/i>, cap. XXIV). E con questo lavoro \u00e8 riuscito ad esprimere uno dei passi pi\u00f9 sapienti: \u00abNon ho mai trovato che il Signore abbia cominciato un miracolo senza finirlo bene\u00bb (<i>ibid.<\/i>). Perch\u00e9 servire crea gioia e fa bene anzitutto a chi serve. Per dirla ancora con il Manzoni: \u00abSi dovrebbe pensare pi\u00f9 a far bene, che a star bene: e cos\u00ec si finirebbe anche a star meglio\u00bb (cap. XXVIII).<\/p>\n<p>Ma il servizio rischia di restare un ideale piuttosto astratto senza una seconda parola che non pu\u00f2 mai esserle disgiunta:\u00a0<i>responsabilit\u00e0.\u00a0<\/i>Essa, come indica la parola stessa, \u00e8 l\u2019abilit\u00e0 di offrire risposte, facendo leva sul proprio impegno, senza aspettare che siano altri a darle. Quante volte, Signor Presidente, prima con l\u2019esempio che con le parole, Lei lo ha richiamato! Anche in questo non si pu\u00f2 che notare una feconda affinit\u00e0 con Giovanni Battista Montini, che fin da giovane prete fu \u201ceducatore di responsabilit\u00e0\u201d. Da Papa, poi, scrisse che le parole servono a poco \u00abse non sono accompagnate in ciascuno da una presa di coscienza pi\u00f9 viva della propria responsabilit\u00e0\u00bb (Lett. ap.\u00a0<i>Octogesima adveniens<\/i>, 14 mag. 1971, 48). Perch\u00e9, spiegava, \u00ab\u00e8 troppo facile scaricare sugli altri la responsabilit\u00e0 delle ingiustizie, se non si \u00e8 convinti allo stesso tempo che ciascuno vi partecipa e che \u00e8 necessaria innanzi tutto la conversione personale\u00bb (<i>ivi<\/i>, 47). Sono parole che mi sembrano molto attuali oggi, quando viene quasi automatico colpevolizzare gli altri, mentre la passione per l\u2019insieme si affievolisce e l\u2019impegno comune rischia di eclissarsi davanti ai bisogni dell\u2019individuo; dove, in un clima d\u2019incertezza, la diffidenza si trasforma facilmente in indifferenza. La responsabilit\u00e0, invece, come ci mostrano in questi giorni tanti cittadini dell\u2019Emilia Romagna, chiama ciascuno ad andare contro-corrente rispetto al clima di disfattismo e lamentela, per sentire proprie le necessit\u00e0 altrui e riscoprire s\u00e9 stessi come parti insostituibili dell\u2019unico tessuto sociale e umano a cui tutti apparteniamo.<\/p>\n<p>Sempre a proposito di responsabilit\u00e0, penso a quella componente essenziale del vivere comune che \u00e8 l\u2019impegno per la legalit\u00e0. Essa richiede lotta ed esempio, determinazione e memoria, memoria di quanti hanno sacrificato la vita per la giustizia; penso a suo fratello Piersanti, Signor Presidente, e alle vittime della strage mafiosa di Capaci, di cui pochi giorni fa si \u00e8 commemorato il trentunesimo anniversario. San Paolo VI notava che nelle societ\u00e0 democratiche non mancano istituzioni, patti e statuti, ma \u00abmanca tante volte l\u2019osservanza libera ed onesta della legalit\u00e0\u00bb e che l\u00ec \u00abl\u2019egoismo collettivo insorge\u00bb (<i>Angelus<\/i>, 31 ag. 1975). Anche in quest\u2019ambito, Signor Presidente, con le sue parole e il suo esempio, avvalorati da quanto ha vissuto, Lei rappresenta un coerente maestro di responsabilit\u00e0.<\/p>\n<p>San Paolo VI sent\u00ec l\u2019importanza della responsabilit\u00e0 di ciascuno per il mondo di tutti, per un mondo diventato globale. Lo fece parlando di pace \u2013 quanto \u00e8 urgente oggi! \u2013, lo fece esortando a lottare senza rassegnarsi di fronte agli squilibri delle ingiustizie planetarie, perch\u00e9 la questione sociale \u00e8 questione morale e perch\u00e9 un\u2019azione solidale dopo le guerre mondiali \u00e8 veramente tale solo se \u00e8 globale (cfr Lett. enc.\u00a0<i>Populorum progressio<\/i>, 26 marzo 1967, 1). Oltre cinquant\u2019anni fa, avvert\u00ec l\u2019urgenza di fronteggiare le sfide climatiche, davanti alla minaccia di un ambiente che \u2013 scrisse \u2013 sarebbe diventato intollerabile all\u2019uomo in conseguenza della distruttiva attivit\u00e0 dell\u2019uomo stesso che, spadroneggiando sul creato, si sarebbe trovato a non padroneggiarlo pi\u00f9. E precis\u00f2: \u00abA queste nuove prospettive il cristiano deve dedicare la sua attenzione, per assumere, insieme con gli altri uomini,\u00a0<i>la responsabilit\u00e0<\/i>\u00a0di un destino diventato ormai comune\u00bb (<i>Octogesima adveniens<\/i>, 21).<\/p>\n<p><b><i><\/i><\/b>S\u00ec, il senso di responsabilit\u00e0 e lo spirito di servizio stavano per San Paolo VI alla base della costruzione della vita sociale. Egli ci ha lasciato l\u2019impegnativa eredit\u00e0 di edificare\u00a0<i>comunit\u00e0 solidali.<\/i>\u00a0Era il suo sogno, che si scontr\u00f2 con vari incubi diventati realt\u00e0 \u2013 penso alla terribile vicenda di Aldo Moro; era il desiderio ardente che portava nel cuore e che espresse nei termini di \u00abcomunit\u00e0 di partecipazione e di vita\u00bb, animate dall\u2019impegno a \u00abprodigarsi per costruire solidariet\u00e0 attive e vissute\u00bb (<i>ivi<\/i>, 47). Non sono utopie, ma profezie; profezie che esortano a vivere ideali alti. Perch\u00e9 di questo oggi hanno bisogno i giovani. E sono lieto, Signor Presidente, di farmi strumento di riconoscenza a nome di quanti, giovani e meno giovani, vedono in Lei un maestro, un maestro semplice, e soprattutto un testimone coerente e garbato di servizio e di responsabilit\u00e0. Ne sarebbe lieto Papa Montini, del quale mi piace ripetere, infine, alcune parole tanto note quanto vere: \u00abL\u2019uomo contemporaneo ascolta pi\u00f9 volentieri i testimoni che i maestri, o se ascolta i maestri lo fa perch\u00e9 sono dei testimoni\u00bb (Esort. ap.\u00a0<i>Evangelii nuntiandi<\/i>, 41). Grazie.<\/p>\n<p><iframe loading=\"lazy\" title=\"Conferimento &quot;Premio Paolo VI&quot; a Sergio Mattarella, Papa Francesco\" width=\"500\" height=\"281\" src=\"https:\/\/www.youtube.com\/embed\/LV0nluDKtmQ?feature=oembed\" frameborder=\"0\" allow=\"accelerometer; autoplay; clipboard-write; encrypted-media; gyroscope; picture-in-picture; web-share\" referrerpolicy=\"strict-origin-when-cross-origin\" allowfullscreen><\/iframe><\/p>\n","protected":false},"excerpt":{"rendered":"<p>Udienza con i membri dell&#8217;Istituto Paolo VI a Brescia, Italia<\/p>\n","protected":false},"author":17,"featured_media":76972,"comment_status":"closed","ping_status":"closed","sticky":false,"template":"","format":"standard","meta":{"_acf_changed":false,"_crdt_document":"","inline_featured_image":false,"footnotes":""},"categories":[123,67],"tags":[251,8877,7452,4952,1843],"class_list":["post-76971","post","type-post","status-publish","format-standard","has-post-thumbnail","hentry","category-discorsi","category-leone-xiv","tag-papa-francesco","tag-premio-paolo-vi-2023","tag-repubblica-italiana","tag-trending-it","tag-udienza"],"acf":[],"yoast_head":"<!-- This site is optimized with the Yoast SEO plugin v27.5 - https:\/\/yoast.com\/product\/yoast-seo-wordpress\/ -->\n<title>Il Papa ha consegnato il &quot;Premio Paolo VI&quot; al Presidente italiano &#8211; Exaudi<\/title>\n<meta name=\"robots\" content=\"index, follow, max-snippet:-1, max-image-preview:large, max-video-preview:-1\" \/>\n<link rel=\"canonical\" href=\"https:\/\/exaudi.org\/it\/il-papa-ha-consegnato-il-premio-paolo-vi-al-presidente-italiano\/\" \/>\n<meta property=\"og:locale\" content=\"it_IT\" \/>\n<meta property=\"og:type\" content=\"article\" \/>\n<meta property=\"og:title\" content=\"Il Papa ha consegnato il &quot;Premio Paolo VI&quot; al Presidente italiano &#8211; Exaudi\" \/>\n<meta property=\"og:description\" content=\"Udienza con i membri dell&#039;Istituto Paolo VI a Brescia, Italia\" \/>\n<meta property=\"og:url\" content=\"https:\/\/exaudi.org\/it\/il-papa-ha-consegnato-il-premio-paolo-vi-al-presidente-italiano\/\" \/>\n<meta property=\"og:site_name\" content=\"Exaudi\" \/>\n<meta property=\"article:publisher\" content=\"https:\/\/www.facebook.com\/ExaudiNews\" \/>\n<meta property=\"article:author\" content=\"https:\/\/www.facebook.com\/ExaudiNotizie\/\" \/>\n<meta property=\"article:published_time\" content=\"2023-05-29T18:29:47+00:00\" \/>\n<meta property=\"og:image\" content=\"https:\/\/exaudi.org\/wp-content\/uploads\/2023\/05\/cq5dam.thumbnail.cropped.750.422-23.jpeg\" \/>\n\t<meta property=\"og:image:width\" content=\"750\" \/>\n\t<meta property=\"og:image:height\" content=\"422\" \/>\n\t<meta property=\"og:image:type\" content=\"image\/jpeg\" \/>\n<meta name=\"author\" content=\"Exaudi Redazione\" \/>\n<meta name=\"twitter:card\" content=\"summary_large_image\" \/>\n<meta name=\"twitter:creator\" content=\"@Exaudi_Notizie\" \/>\n<meta name=\"twitter:site\" content=\"@Exaudi_News\" \/>\n<meta name=\"twitter:label1\" content=\"Scritto da\" \/>\n\t<meta name=\"twitter:data1\" content=\"Exaudi Redazione\" \/>\n\t<meta name=\"twitter:label2\" content=\"Tempo di lettura stimato\" \/>\n\t<meta name=\"twitter:data2\" content=\"7 minuti\" \/>\n<script type=\"application\/ld+json\" class=\"yoast-schema-graph\">{\"@context\":\"https:\\\/\\\/schema.org\",\"@graph\":[{\"@type\":\"Article\",\"@id\":\"https:\\\/\\\/exaudi.org\\\/it\\\/il-papa-ha-consegnato-il-premio-paolo-vi-al-presidente-italiano\\\/#article\",\"isPartOf\":{\"@id\":\"https:\\\/\\\/exaudi.org\\\/it\\\/il-papa-ha-consegnato-il-premio-paolo-vi-al-presidente-italiano\\\/\"},\"author\":{\"name\":\"Exaudi Redazione\",\"@id\":\"https:\\\/\\\/exaudi.org\\\/#\\\/schema\\\/person\\\/e1ab6ed07c01774724dd96f925f3a5f0\"},\"headline\":\"Il Papa ha consegnato il &#8220;Premio Paolo VI&#8221; al Presidente italiano\",\"datePublished\":\"2023-05-29T18:29:47+00:00\",\"mainEntityOfPage\":{\"@id\":\"https:\\\/\\\/exaudi.org\\\/it\\\/il-papa-ha-consegnato-il-premio-paolo-vi-al-presidente-italiano\\\/\"},\"wordCount\":1448,\"image\":{\"@id\":\"https:\\\/\\\/exaudi.org\\\/it\\\/il-papa-ha-consegnato-il-premio-paolo-vi-al-presidente-italiano\\\/#primaryimage\"},\"thumbnailUrl\":\"https:\\\/\\\/exaudi.org\\\/wp-content\\\/uploads\\\/2023\\\/05\\\/cq5dam.thumbnail.cropped.750.422-23.jpeg\",\"keywords\":[\"Papa Francesco\",\"Premio Paolo VI 2023\",\"Repubblica Italiana\",\"Trending\",\"udienza\"],\"articleSection\":[\"Discorsi\",\"Leone XIV\"],\"inLanguage\":\"it-IT\"},{\"@type\":\"WebPage\",\"@id\":\"https:\\\/\\\/exaudi.org\\\/it\\\/il-papa-ha-consegnato-il-premio-paolo-vi-al-presidente-italiano\\\/\",\"url\":\"https:\\\/\\\/exaudi.org\\\/it\\\/il-papa-ha-consegnato-il-premio-paolo-vi-al-presidente-italiano\\\/\",\"name\":\"Il Papa ha consegnato il \\\"Premio Paolo VI\\\" al Presidente italiano &#8211; Exaudi\",\"isPartOf\":{\"@id\":\"https:\\\/\\\/exaudi.org\\\/#website\"},\"primaryImageOfPage\":{\"@id\":\"https:\\\/\\\/exaudi.org\\\/it\\\/il-papa-ha-consegnato-il-premio-paolo-vi-al-presidente-italiano\\\/#primaryimage\"},\"image\":{\"@id\":\"https:\\\/\\\/exaudi.org\\\/it\\\/il-papa-ha-consegnato-il-premio-paolo-vi-al-presidente-italiano\\\/#primaryimage\"},\"thumbnailUrl\":\"https:\\\/\\\/exaudi.org\\\/wp-content\\\/uploads\\\/2023\\\/05\\\/cq5dam.thumbnail.cropped.750.422-23.jpeg\",\"datePublished\":\"2023-05-29T18:29:47+00:00\",\"author\":{\"@id\":\"https:\\\/\\\/exaudi.org\\\/#\\\/schema\\\/person\\\/e1ab6ed07c01774724dd96f925f3a5f0\"},\"breadcrumb\":{\"@id\":\"https:\\\/\\\/exaudi.org\\\/it\\\/il-papa-ha-consegnato-il-premio-paolo-vi-al-presidente-italiano\\\/#breadcrumb\"},\"inLanguage\":\"it-IT\",\"potentialAction\":[{\"@type\":\"ReadAction\",\"target\":[\"https:\\\/\\\/exaudi.org\\\/it\\\/il-papa-ha-consegnato-il-premio-paolo-vi-al-presidente-italiano\\\/\"]}]},{\"@type\":\"ImageObject\",\"inLanguage\":\"it-IT\",\"@id\":\"https:\\\/\\\/exaudi.org\\\/it\\\/il-papa-ha-consegnato-il-premio-paolo-vi-al-presidente-italiano\\\/#primaryimage\",\"url\":\"https:\\\/\\\/exaudi.org\\\/wp-content\\\/uploads\\\/2023\\\/05\\\/cq5dam.thumbnail.cropped.750.422-23.jpeg\",\"contentUrl\":\"https:\\\/\\\/exaudi.org\\\/wp-content\\\/uploads\\\/2023\\\/05\\\/cq5dam.thumbnail.cropped.750.422-23.jpeg\",\"width\":750,\"height\":422,\"caption\":\"Vatican News\"},{\"@type\":\"BreadcrumbList\",\"@id\":\"https:\\\/\\\/exaudi.org\\\/it\\\/il-papa-ha-consegnato-il-premio-paolo-vi-al-presidente-italiano\\\/#breadcrumb\",\"itemListElement\":[{\"@type\":\"ListItem\",\"position\":1,\"name\":\"Portada\",\"item\":\"https:\\\/\\\/exaudi.org\\\/it\\\/\"},{\"@type\":\"ListItem\",\"position\":2,\"name\":\"Il Papa ha consegnato il &#8220;Premio Paolo VI&#8221; al Presidente italiano\"}]},{\"@type\":\"WebSite\",\"@id\":\"https:\\\/\\\/exaudi.org\\\/#website\",\"url\":\"https:\\\/\\\/exaudi.org\\\/\",\"name\":\"Exaudi\",\"description\":\"News\",\"potentialAction\":[{\"@type\":\"SearchAction\",\"target\":{\"@type\":\"EntryPoint\",\"urlTemplate\":\"https:\\\/\\\/exaudi.org\\\/?s={search_term_string}\"},\"query-input\":{\"@type\":\"PropertyValueSpecification\",\"valueRequired\":true,\"valueName\":\"search_term_string\"}}],\"inLanguage\":\"it-IT\"},{\"@type\":\"Person\",\"@id\":\"https:\\\/\\\/exaudi.org\\\/#\\\/schema\\\/person\\\/e1ab6ed07c01774724dd96f925f3a5f0\",\"name\":\"Exaudi Redazione\",\"image\":{\"@type\":\"ImageObject\",\"inLanguage\":\"it-IT\",\"@id\":\"https:\\\/\\\/secure.gravatar.com\\\/avatar\\\/ad6774b3ada023bf5b939d64f45c94b3adf91502dd883507d469b4308a943bb3?s=96&d=mm&r=g\",\"url\":\"https:\\\/\\\/secure.gravatar.com\\\/avatar\\\/ad6774b3ada023bf5b939d64f45c94b3adf91502dd883507d469b4308a943bb3?s=96&d=mm&r=g\",\"contentUrl\":\"https:\\\/\\\/secure.gravatar.com\\\/avatar\\\/ad6774b3ada023bf5b939d64f45c94b3adf91502dd883507d469b4308a943bb3?s=96&d=mm&r=g\",\"caption\":\"Exaudi Redazione\"},\"description\":\"Che cosa \u00e8 Exaudi News? Exaudi News \u00e8 un agenzia cattolica internazionale che informa, istruisce e trasforma quotidianamente in spagnolo, inglese e italiano. Attraverso notizie, articoli di analisi e trasmissioni in diretta degli eventi del Papa, Exaudi cerca di rafforzare l'unit\u00e0 dei cristiani e di contribuire all'evangelizzazione del mondo, sempre guidato dalla dottrina sociale della Chiesa. Lavoriamo per portare la verit\u00e0 e i valori cristiani in ogni angolo del pianeta. Aiutaci a trasformare il mondo con Exaudi! Noi di Exaudi crediamo che l'evangelizzazione e l'informazione di qualit\u00e0 possano cambiare la vita. Per continuare la nostra missione ed espandere la nostra portata, abbiamo bisogno del tuo aiuto. Stiamo anche cercando persone motivate che vogliano unirsi al nostro team. Grazie al vostro sostegno raggiungeremo pi\u00f9 persone, diffonderemo il messaggio di Cristo e rafforzeremo l'unit\u00e0 dei cristiani. Vuoi unirti alla nostra missione? Per maggiori informazioni su come contribuire, visita Exaudi.org\\\/it o contattaci direttamente: info@exaudi.org Exaudi: informa, forma e trasforma.\",\"sameAs\":[\"https:\\\/\\\/www.facebook.com\\\/ExaudiNotizie\\\/\",\"https:\\\/\\\/www.instagram.com\\\/Exaudi_notizie\\\/\",\"https:\\\/\\\/x.com\\\/Exaudi_Notizie\",\"https:\\\/\\\/www.youtube.com\\\/@exaudicatholicnews\"],\"url\":\"https:\\\/\\\/exaudi.org\\\/it\\\/author\\\/dlvedi-org\\\/\"}]}<\/script>\n<!-- \/ Yoast SEO plugin. -->","yoast_head_json":{"title":"Il Papa ha consegnato il \"Premio Paolo VI\" al Presidente italiano &#8211; Exaudi","robots":{"index":"index","follow":"follow","max-snippet":"max-snippet:-1","max-image-preview":"max-image-preview:large","max-video-preview":"max-video-preview:-1"},"canonical":"https:\/\/exaudi.org\/it\/il-papa-ha-consegnato-il-premio-paolo-vi-al-presidente-italiano\/","og_locale":"it_IT","og_type":"article","og_title":"Il Papa ha consegnato il \"Premio Paolo VI\" al Presidente italiano &#8211; Exaudi","og_description":"Udienza con i membri dell'Istituto Paolo VI a Brescia, Italia","og_url":"https:\/\/exaudi.org\/it\/il-papa-ha-consegnato-il-premio-paolo-vi-al-presidente-italiano\/","og_site_name":"Exaudi","article_publisher":"https:\/\/www.facebook.com\/ExaudiNews","article_author":"https:\/\/www.facebook.com\/ExaudiNotizie\/","article_published_time":"2023-05-29T18:29:47+00:00","og_image":[{"width":750,"height":422,"url":"https:\/\/exaudi.org\/wp-content\/uploads\/2023\/05\/cq5dam.thumbnail.cropped.750.422-23.jpeg","type":"image\/jpeg"}],"author":"Exaudi Redazione","twitter_card":"summary_large_image","twitter_creator":"@Exaudi_Notizie","twitter_site":"@Exaudi_News","twitter_misc":{"Scritto da":"Exaudi Redazione","Tempo di lettura stimato":"7 minuti"},"schema":{"@context":"https:\/\/schema.org","@graph":[{"@type":"Article","@id":"https:\/\/exaudi.org\/it\/il-papa-ha-consegnato-il-premio-paolo-vi-al-presidente-italiano\/#article","isPartOf":{"@id":"https:\/\/exaudi.org\/it\/il-papa-ha-consegnato-il-premio-paolo-vi-al-presidente-italiano\/"},"author":{"name":"Exaudi Redazione","@id":"https:\/\/exaudi.org\/#\/schema\/person\/e1ab6ed07c01774724dd96f925f3a5f0"},"headline":"Il Papa ha consegnato il &#8220;Premio Paolo VI&#8221; al Presidente italiano","datePublished":"2023-05-29T18:29:47+00:00","mainEntityOfPage":{"@id":"https:\/\/exaudi.org\/it\/il-papa-ha-consegnato-il-premio-paolo-vi-al-presidente-italiano\/"},"wordCount":1448,"image":{"@id":"https:\/\/exaudi.org\/it\/il-papa-ha-consegnato-il-premio-paolo-vi-al-presidente-italiano\/#primaryimage"},"thumbnailUrl":"https:\/\/exaudi.org\/wp-content\/uploads\/2023\/05\/cq5dam.thumbnail.cropped.750.422-23.jpeg","keywords":["Papa Francesco","Premio Paolo VI 2023","Repubblica Italiana","Trending","udienza"],"articleSection":["Discorsi","Leone XIV"],"inLanguage":"it-IT"},{"@type":"WebPage","@id":"https:\/\/exaudi.org\/it\/il-papa-ha-consegnato-il-premio-paolo-vi-al-presidente-italiano\/","url":"https:\/\/exaudi.org\/it\/il-papa-ha-consegnato-il-premio-paolo-vi-al-presidente-italiano\/","name":"Il Papa ha consegnato il \"Premio Paolo VI\" al Presidente italiano &#8211; Exaudi","isPartOf":{"@id":"https:\/\/exaudi.org\/#website"},"primaryImageOfPage":{"@id":"https:\/\/exaudi.org\/it\/il-papa-ha-consegnato-il-premio-paolo-vi-al-presidente-italiano\/#primaryimage"},"image":{"@id":"https:\/\/exaudi.org\/it\/il-papa-ha-consegnato-il-premio-paolo-vi-al-presidente-italiano\/#primaryimage"},"thumbnailUrl":"https:\/\/exaudi.org\/wp-content\/uploads\/2023\/05\/cq5dam.thumbnail.cropped.750.422-23.jpeg","datePublished":"2023-05-29T18:29:47+00:00","author":{"@id":"https:\/\/exaudi.org\/#\/schema\/person\/e1ab6ed07c01774724dd96f925f3a5f0"},"breadcrumb":{"@id":"https:\/\/exaudi.org\/it\/il-papa-ha-consegnato-il-premio-paolo-vi-al-presidente-italiano\/#breadcrumb"},"inLanguage":"it-IT","potentialAction":[{"@type":"ReadAction","target":["https:\/\/exaudi.org\/it\/il-papa-ha-consegnato-il-premio-paolo-vi-al-presidente-italiano\/"]}]},{"@type":"ImageObject","inLanguage":"it-IT","@id":"https:\/\/exaudi.org\/it\/il-papa-ha-consegnato-il-premio-paolo-vi-al-presidente-italiano\/#primaryimage","url":"https:\/\/exaudi.org\/wp-content\/uploads\/2023\/05\/cq5dam.thumbnail.cropped.750.422-23.jpeg","contentUrl":"https:\/\/exaudi.org\/wp-content\/uploads\/2023\/05\/cq5dam.thumbnail.cropped.750.422-23.jpeg","width":750,"height":422,"caption":"Vatican News"},{"@type":"BreadcrumbList","@id":"https:\/\/exaudi.org\/it\/il-papa-ha-consegnato-il-premio-paolo-vi-al-presidente-italiano\/#breadcrumb","itemListElement":[{"@type":"ListItem","position":1,"name":"Portada","item":"https:\/\/exaudi.org\/it\/"},{"@type":"ListItem","position":2,"name":"Il Papa ha consegnato il &#8220;Premio Paolo VI&#8221; al Presidente italiano"}]},{"@type":"WebSite","@id":"https:\/\/exaudi.org\/#website","url":"https:\/\/exaudi.org\/","name":"Exaudi","description":"News","potentialAction":[{"@type":"SearchAction","target":{"@type":"EntryPoint","urlTemplate":"https:\/\/exaudi.org\/?s={search_term_string}"},"query-input":{"@type":"PropertyValueSpecification","valueRequired":true,"valueName":"search_term_string"}}],"inLanguage":"it-IT"},{"@type":"Person","@id":"https:\/\/exaudi.org\/#\/schema\/person\/e1ab6ed07c01774724dd96f925f3a5f0","name":"Exaudi Redazione","image":{"@type":"ImageObject","inLanguage":"it-IT","@id":"https:\/\/secure.gravatar.com\/avatar\/ad6774b3ada023bf5b939d64f45c94b3adf91502dd883507d469b4308a943bb3?s=96&d=mm&r=g","url":"https:\/\/secure.gravatar.com\/avatar\/ad6774b3ada023bf5b939d64f45c94b3adf91502dd883507d469b4308a943bb3?s=96&d=mm&r=g","contentUrl":"https:\/\/secure.gravatar.com\/avatar\/ad6774b3ada023bf5b939d64f45c94b3adf91502dd883507d469b4308a943bb3?s=96&d=mm&r=g","caption":"Exaudi Redazione"},"description":"Che cosa \u00e8 Exaudi News? Exaudi News \u00e8 un agenzia cattolica internazionale che informa, istruisce e trasforma quotidianamente in spagnolo, inglese e italiano. Attraverso notizie, articoli di analisi e trasmissioni in diretta degli eventi del Papa, Exaudi cerca di rafforzare l'unit\u00e0 dei cristiani e di contribuire all'evangelizzazione del mondo, sempre guidato dalla dottrina sociale della Chiesa. Lavoriamo per portare la verit\u00e0 e i valori cristiani in ogni angolo del pianeta. Aiutaci a trasformare il mondo con Exaudi! Noi di Exaudi crediamo che l'evangelizzazione e l'informazione di qualit\u00e0 possano cambiare la vita. Per continuare la nostra missione ed espandere la nostra portata, abbiamo bisogno del tuo aiuto. Stiamo anche cercando persone motivate che vogliano unirsi al nostro team. Grazie al vostro sostegno raggiungeremo pi\u00f9 persone, diffonderemo il messaggio di Cristo e rafforzeremo l'unit\u00e0 dei cristiani. Vuoi unirti alla nostra missione? Per maggiori informazioni su come contribuire, visita Exaudi.org\/it o contattaci direttamente: info@exaudi.org Exaudi: informa, forma e trasforma.","sameAs":["https:\/\/www.facebook.com\/ExaudiNotizie\/","https:\/\/www.instagram.com\/Exaudi_notizie\/","https:\/\/x.com\/Exaudi_Notizie","https:\/\/www.youtube.com\/@exaudicatholicnews"],"url":"https:\/\/exaudi.org\/it\/author\/dlvedi-org\/"}]}},"jetpack_featured_media_url":"https:\/\/exaudi.org\/wp-content\/uploads\/2023\/05\/cq5dam.thumbnail.cropped.750.422-23.jpeg","jetpack_shortlink":"https:\/\/wp.me\/pgKjF2-k1t","_links":{"self":[{"href":"https:\/\/exaudi.org\/it\/wp-json\/wp\/v2\/posts\/76971","targetHints":{"allow":["GET"]}}],"collection":[{"href":"https:\/\/exaudi.org\/it\/wp-json\/wp\/v2\/posts"}],"about":[{"href":"https:\/\/exaudi.org\/it\/wp-json\/wp\/v2\/types\/post"}],"author":[{"embeddable":true,"href":"https:\/\/exaudi.org\/it\/wp-json\/wp\/v2\/users\/17"}],"replies":[{"embeddable":true,"href":"https:\/\/exaudi.org\/it\/wp-json\/wp\/v2\/comments?post=76971"}],"version-history":[{"count":0,"href":"https:\/\/exaudi.org\/it\/wp-json\/wp\/v2\/posts\/76971\/revisions"}],"wp:featuredmedia":[{"embeddable":true,"href":"https:\/\/exaudi.org\/it\/wp-json\/wp\/v2\/media\/76972"}],"wp:attachment":[{"href":"https:\/\/exaudi.org\/it\/wp-json\/wp\/v2\/media?parent=76971"}],"wp:term":[{"taxonomy":"category","embeddable":true,"href":"https:\/\/exaudi.org\/it\/wp-json\/wp\/v2\/categories?post=76971"},{"taxonomy":"post_tag","embeddable":true,"href":"https:\/\/exaudi.org\/it\/wp-json\/wp\/v2\/tags?post=76971"}],"curies":[{"name":"wp","href":"https:\/\/api.w.org\/{rel}","templated":true}]}}