{"id":76950,"date":"2023-05-29T18:42:50","date_gmt":"2023-05-29T16:42:50","guid":{"rendered":"https:\/\/exaudi.org\/?p=76950"},"modified":"2023-05-29T18:42:50","modified_gmt":"2023-05-29T16:42:50","slug":"portare-lo-spirito-vivo-di-cristo-dappertutto","status":"publish","type":"post","link":"https:\/\/exaudi.org\/it\/portare-lo-spirito-vivo-di-cristo-dappertutto\/","title":{"rendered":"\u201cPortare lo Spirito vivo di Cristo dappertutto\u201d"},"content":{"rendered":"<p>Questa mattina, nel Palazzo Apostolico Vaticano, il Santo Padre Francesco ha ricevuto in Udienza i Chierici Regolari di San Paolo (Barnabiti) e la famiglia spirituale di Sant\u2019Antonio Maria Zaccaria in occasione del 125.mo anniversario dalla sua canonizzazione.<\/p>\n<p>Pubblichiamo di seguito il discorso che il Papa ha rivolto ai presenti nel corso dell\u2019incontro:<\/p>\n<p><b><u>Discorso del Santo Padre<\/u><\/b><\/p>\n<p>&nbsp;<\/p>\n<p>Cari fratelli e sorelle, benvenuti!<\/p>\n<p>Sono lieto di condividere con voi questo momento di incontro, in occasione del 125\u00b0 anniversario dalla canonizzazione di Sant\u2019Antonio Maria Zaccaria e mentre vi preparate a due importanti Capitoli Generali. Siete padri, suore e laici, radunati in tre \u201ccollegi\u201d, come li ha definiti il vostro Fondatore; tutti animati dallo spirito apostolico di San Paolo, a cui si sono ispirate le vostre origini e sotto la cui protezione tuttora lavorate in varie parti del mondo.<\/p>\n<p>Prendo spunto da un\u2019espressione caratteristica di Sant\u2019Antonio Maria. Diceva ai suoi seguaci: \u00abDovete correre come pazzi! Correre verso Dio e verso gli altri!\u00bb \u2013 correre come pazzi, non essere pazzi che corrono, \u00e8 un\u2019altra cosa! \u2013 Di questa esortazione, tipicamente paolina, vorrei sottolineare tre aspetti: il rapporto con Cristo, lo zelo apostolico e il coraggio creativo.<\/p>\n<p>Nell\u2019esperienza dello stesso Zaccaria, alla base della missione c\u2019\u00e8 il \u201ccorrere verso Dio\u201d, cio\u00e8 un rapporto forte con il Signore Ges\u00f9, coltivato fin dalla sua giovinezza in un serio cammino di crescita, in particolare meditando la Parola di Dio con l\u2019aiuto di due bravi religiosi. \u00c8 questo che lo ha portato prima all\u2019impegno catechetico, poi al sacerdozio e infine alla fondazione religiosa. Questo tipo di relazione con Cristo \u00e8 fondamentale anche per noi, per dire a tutti, avendolo sperimentato personalmente, che la vita non \u00e8 la stessa con o senza il Signore (cfr Esort. ap.\u00a0<i>Evangelii gaudium<\/i>, 266), per continuare a \u201ccorrere verso la meta\u201d, come dice San Paolo, e coinvolgere in questa corsa le persone che ci sono affidate (cfr\u00a0<i>1Cor<\/i>\u00a09,24-27). Il nostro annuncio missionario non \u00e8 proselitismo \u2013 sottolineo tanto questo \u2013 ma condivisione di un incontro personale che ha cambiato la nostra vita! Senza questo, non abbiamo nulla da annunciare, n\u00e9 una destinazione verso cui camminare insieme.<\/p>\n<p>Ho avuto, in questo, una brutta esperienza, in un incontro giovanile alcuni anni fa. Uscivo dalla sagrestia e c\u2019era una signora, molto elegante, si vedeva anche che era molto ricca,<b>\u00a0<\/b>con un ragazzo e una ragazza. E questa signora, che parlava lo spagnolo, mi dice: \u201cPadre, sono contenta perch\u00e9 ho convertito questi due: questo viene dal tal posto e questa viene dal tal altro\u201d. Mi sono arrabbiato, sapete?, e ho detto: \u201cTu non hai convertito nulla, hai mancato di rispetto verso queste persone: non li hai accompagnati, hai fatto proselitismo e questo non \u00e8 evangelizzare\u201d. Era orgogliosa per aver\u00a0<i>convertito<\/i>! State attenti a distinguere bene l\u2019azione apostolica dal proselitismo: noi non facciamo proselitismo. Il Signore non ha mai fatto proselitismo.<\/p>\n<p>\u00abCorrere verso gli altri\u00bb: questa \u00e8 la seconda indicazione. Anche questo \u00e8 fondamentale. Infatti se perdiamo di vista, nella nostra vita di fede, l\u2019orizzonte dell\u2019annuncio, finiamo col chiuderci in noi stessi e coll\u2019inaridirci nei terreni deserti dell\u2019autoreferenzialit\u00e0 (cfr\u00a0<i>Udienza Generale<\/i>, 11 gennaio 2023). Ci succede come a un atleta che continua a prepararsi per la grande corsa della sua vita senza partire mai: prima o poi finisce col deprimersi e comincia a lasciarsi andare, l\u2019entusiasmo si spegne. E cos\u00ec si diventa discepoli tristi. Noi non vogliamo diventare discepoli tristi! Anche qui faccio una domanda: c\u2019\u00e8 dentro di me quel verme della tristezza? A volte in me, religioso, religiosa, laico, lascio che quel verme entri? Qualcuno diceva che un cristiano triste \u00e8 un triste cristiano: \u00e8 vero. Ma in noi consacrati la tristezza non deve entrare, e se qualcuno sente quella tristezza, vada subito davanti al Signore e chieda luce, e chieda a qualche fratello o sorella che lo aiuti a uscirne.<\/p>\n<p>Per questo Ges\u00f9 mette alle radici stesse della Chiesa il mandato: \u00abAndate in tutto il mondo e proclamate il Vangelo ad ogni creatura\u00bb (<i>Mc<\/i>\u00a016,15); e San Paolo lo conferma quando dice, parlando del suo apostolato: \u201cNon posso farne a meno, e guai a me se non annuncio Cristo\u201d (cfr\u00a0<i>1Cor<\/i>\u00a09,16). Non c\u2019era posto per la tristezza, ha voluto andare avanti. Guai a noi se non annunciamo Cristo! Perci\u00f2 vi incoraggio ad andare avanti nella direzione indicata dal vostro carisma: \u201cPortare lo Spirito vivo di Cristo dappertutto\u201d. Lo\u00a0<i>Spirito \u201cvivo\u201d<\/i>\u00a0di Cristo \u00e8 quello che conquista il cuore, che non ti fa stare seduto in poltrona, ma ti fa uscire verso i fratelli, con lo zaino leggero e lo sguardo pieno di carit\u00e0. Portate questo Spirito\u00a0<i>dappertutto<\/i>, non escludendo nessuno e aprendosi anche a nuove forme di apostolato, in un mondo che cambia e che ha bisogno di menti flessibili e menti aperte, di cammini di ricerca condivisi, per individuare i modi adatti a trasmettere l\u2019unico Vangelo di sempre.<\/p>\n<p>E con questo veniamo al terzo punto: \u00abcorrere come pazzi\u00bb \u2013 che non \u00e8 lo stesso di pazzi che corrono, \u00e8 differente \u2013 cio\u00e8 il\u00a0<i>coraggio creativo<\/i>. Non si tratta tanto di elaborare tecniche sofisticate di evangelizzazione, quanto piuttosto, come dice San Paolo, di farsi \u00abtutto per tutti, per salvare a ogni costo qualcuno\u00bb (<i>1Cor<\/i>\u00a09,22), di non fermarsi di fronte alle difficolt\u00e0 e di guardare oltre gli orizzonti dell\u2019abitudine e del quieto vivere, del \u201csi \u00e8 sempre fatto cos\u00ec\u201d. Sant\u2019Antonio Maria questo coraggio l\u2019ha avuto, dando vita a istituzioni nuove per la sua epoca: una congregazione di riforma del clero in un tempo in cui tanti ecclesiastici si erano abituati a una vita comoda e agiata; una congregazione religiosa femminile non claustrale, dedita all\u2019evangelizzazione, in un tempo in cui per le donne la vita consacrata era prevista solo in clausura; una congregazione di laici missionari attivamente coinvolti nell\u2019annuncio, in un tempo in cui dominava un certo clericalismo. Erano tutte realt\u00e0 nuove \u2013 \u00e8 stato creativo, ma con la fedelt\u00e0 al Vangelo \u2013, queste realt\u00e0 non c\u2019erano prima: il Fondatore ha capito che potevano essere utili per il bene della Chiesa e della societ\u00e0, e per questo le ha inventate e le ha difese di fronte a chi non ne capiva il senso e l\u2019opportunit\u00e0, fino al punto di venire a renderne conto a Roma. E anche in questo c\u2019\u00e8 un insegnamento importante, perch\u00e9 non ha esercitato la sua creativit\u00e0 al di fuori della Chiesa: lo ha fatto dentro di essa, accettando le correzioni e i richiami, cercando di spiegare e illustrare le ragioni delle sue scelte e custodendo la comunione nell\u2019obbedienza.<\/p>\n<p>Concludo richiamando un ultimo valore importante per i vostri \u201ccollegi\u201d: l\u2019importanza di\u00a0<i>fare insieme<\/i>. La comunione nella vita e nell\u2019apostolato \u00e8 infatti la prima testimonianza che siete chiamati a rendere, particolarmente in un mondo diviso da lotte ed egoismi. Essa \u00e8 scritta nel DNA della vita cristiana e dell\u2019apostolato: \u00abPerch\u00e9 tutti siano una sola cosa\u00bb (<i>Gv<\/i>\u00a017,21), come preg\u00f2 il Signore. Del resto la parola stessa \u201ccollegio\u201d indica proprio questo:\u00a0<i>scelti per stare insieme<\/i>, per vivere, lavorare, pregare, soffrire e gioire insieme, come comunit\u00e0. E allora, cari fratelli e sorelle: \u00abCorrete come pazzi, verso Dio e verso gli altri,\u00a0<i>insieme<\/i>!\u00bb. E la Madonna, che and\u00f2 in fretta ad aiutare Elisabetta, vi accompagni. Vi benedico di cuore. E per favore, non dimenticatevi di pregare per me. Grazie.<\/p>\n","protected":false},"excerpt":{"rendered":"<p>Il Papa nel suo discorso ai Chierici Regolari di San Paolo (Barnabiti)<\/p>\n","protected":false},"author":17,"featured_media":76951,"comment_status":"closed","ping_status":"closed","sticky":false,"template":"","format":"standard","meta":{"_acf_changed":false,"_crdt_document":"","inline_featured_image":false,"footnotes":""},"categories":[123,67],"tags":[1092,251,6535,1843],"class_list":["post-76950","post","type-post","status-publish","format-standard","has-post-thumbnail","hentry","category-discorsi","category-leone-xiv","tag-evangelizzazione","tag-papa-francesco","tag-santi-e-beati","tag-udienza"],"acf":[],"yoast_head":"<!-- This site is optimized with the Yoast SEO plugin v27.5 - https:\/\/yoast.com\/product\/yoast-seo-wordpress\/ -->\n<title>\u201cPortare lo Spirito vivo di Cristo dappertutto\u201d &#8211; Exaudi<\/title>\n<meta name=\"robots\" content=\"index, follow, max-snippet:-1, max-image-preview:large, max-video-preview:-1\" \/>\n<link rel=\"canonical\" href=\"https:\/\/exaudi.org\/it\/portare-lo-spirito-vivo-di-cristo-dappertutto\/\" \/>\n<meta property=\"og:locale\" content=\"it_IT\" \/>\n<meta property=\"og:type\" content=\"article\" \/>\n<meta property=\"og:title\" content=\"\u201cPortare lo Spirito vivo di Cristo dappertutto\u201d &#8211; Exaudi\" \/>\n<meta property=\"og:description\" content=\"Il Papa nel suo discorso ai Chierici Regolari di San Paolo (Barnabiti)\" \/>\n<meta property=\"og:url\" content=\"https:\/\/exaudi.org\/it\/portare-lo-spirito-vivo-di-cristo-dappertutto\/\" \/>\n<meta property=\"og:site_name\" content=\"Exaudi\" \/>\n<meta property=\"article:publisher\" content=\"https:\/\/www.facebook.com\/ExaudiNews\" \/>\n<meta property=\"article:author\" content=\"https:\/\/www.facebook.com\/ExaudiNotizie\/\" \/>\n<meta property=\"article:published_time\" content=\"2023-05-29T16:42:50+00:00\" \/>\n<meta property=\"og:image\" content=\"https:\/\/exaudi.org\/wp-content\/uploads\/2023\/05\/cq5dam.thumbnail.cropped.750.422-21.jpeg\" \/>\n\t<meta property=\"og:image:width\" content=\"750\" \/>\n\t<meta property=\"og:image:height\" content=\"422\" \/>\n\t<meta property=\"og:image:type\" content=\"image\/jpeg\" \/>\n<meta name=\"author\" content=\"Exaudi Redazione\" \/>\n<meta name=\"twitter:card\" content=\"summary_large_image\" \/>\n<meta name=\"twitter:creator\" content=\"@Exaudi_Notizie\" \/>\n<meta name=\"twitter:site\" content=\"@Exaudi_News\" \/>\n<meta name=\"twitter:label1\" content=\"Scritto da\" \/>\n\t<meta name=\"twitter:data1\" content=\"Exaudi Redazione\" \/>\n\t<meta name=\"twitter:label2\" content=\"Tempo di lettura stimato\" \/>\n\t<meta name=\"twitter:data2\" content=\"6 minuti\" \/>\n<script type=\"application\/ld+json\" class=\"yoast-schema-graph\">{\"@context\":\"https:\\\/\\\/schema.org\",\"@graph\":[{\"@type\":\"Article\",\"@id\":\"https:\\\/\\\/exaudi.org\\\/it\\\/portare-lo-spirito-vivo-di-cristo-dappertutto\\\/#article\",\"isPartOf\":{\"@id\":\"https:\\\/\\\/exaudi.org\\\/it\\\/portare-lo-spirito-vivo-di-cristo-dappertutto\\\/\"},\"author\":{\"name\":\"Exaudi Redazione\",\"@id\":\"https:\\\/\\\/exaudi.org\\\/#\\\/schema\\\/person\\\/e1ab6ed07c01774724dd96f925f3a5f0\"},\"headline\":\"\u201cPortare lo Spirito vivo di Cristo dappertutto\u201d\",\"datePublished\":\"2023-05-29T16:42:50+00:00\",\"mainEntityOfPage\":{\"@id\":\"https:\\\/\\\/exaudi.org\\\/it\\\/portare-lo-spirito-vivo-di-cristo-dappertutto\\\/\"},\"wordCount\":1205,\"image\":{\"@id\":\"https:\\\/\\\/exaudi.org\\\/it\\\/portare-lo-spirito-vivo-di-cristo-dappertutto\\\/#primaryimage\"},\"thumbnailUrl\":\"https:\\\/\\\/exaudi.org\\\/wp-content\\\/uploads\\\/2023\\\/05\\\/cq5dam.thumbnail.cropped.750.422-21.jpeg\",\"keywords\":[\"evangelizzazione\",\"Papa Francesco\",\"Santi e Beati\",\"udienza\"],\"articleSection\":[\"Discorsi\",\"Leone XIV\"],\"inLanguage\":\"it-IT\"},{\"@type\":\"WebPage\",\"@id\":\"https:\\\/\\\/exaudi.org\\\/it\\\/portare-lo-spirito-vivo-di-cristo-dappertutto\\\/\",\"url\":\"https:\\\/\\\/exaudi.org\\\/it\\\/portare-lo-spirito-vivo-di-cristo-dappertutto\\\/\",\"name\":\"\u201cPortare lo Spirito vivo di Cristo dappertutto\u201d &#8211; Exaudi\",\"isPartOf\":{\"@id\":\"https:\\\/\\\/exaudi.org\\\/#website\"},\"primaryImageOfPage\":{\"@id\":\"https:\\\/\\\/exaudi.org\\\/it\\\/portare-lo-spirito-vivo-di-cristo-dappertutto\\\/#primaryimage\"},\"image\":{\"@id\":\"https:\\\/\\\/exaudi.org\\\/it\\\/portare-lo-spirito-vivo-di-cristo-dappertutto\\\/#primaryimage\"},\"thumbnailUrl\":\"https:\\\/\\\/exaudi.org\\\/wp-content\\\/uploads\\\/2023\\\/05\\\/cq5dam.thumbnail.cropped.750.422-21.jpeg\",\"datePublished\":\"2023-05-29T16:42:50+00:00\",\"author\":{\"@id\":\"https:\\\/\\\/exaudi.org\\\/#\\\/schema\\\/person\\\/e1ab6ed07c01774724dd96f925f3a5f0\"},\"breadcrumb\":{\"@id\":\"https:\\\/\\\/exaudi.org\\\/it\\\/portare-lo-spirito-vivo-di-cristo-dappertutto\\\/#breadcrumb\"},\"inLanguage\":\"it-IT\",\"potentialAction\":[{\"@type\":\"ReadAction\",\"target\":[\"https:\\\/\\\/exaudi.org\\\/it\\\/portare-lo-spirito-vivo-di-cristo-dappertutto\\\/\"]}]},{\"@type\":\"ImageObject\",\"inLanguage\":\"it-IT\",\"@id\":\"https:\\\/\\\/exaudi.org\\\/it\\\/portare-lo-spirito-vivo-di-cristo-dappertutto\\\/#primaryimage\",\"url\":\"https:\\\/\\\/exaudi.org\\\/wp-content\\\/uploads\\\/2023\\\/05\\\/cq5dam.thumbnail.cropped.750.422-21.jpeg\",\"contentUrl\":\"https:\\\/\\\/exaudi.org\\\/wp-content\\\/uploads\\\/2023\\\/05\\\/cq5dam.thumbnail.cropped.750.422-21.jpeg\",\"width\":750,\"height\":422,\"caption\":\"Vatican News\"},{\"@type\":\"BreadcrumbList\",\"@id\":\"https:\\\/\\\/exaudi.org\\\/it\\\/portare-lo-spirito-vivo-di-cristo-dappertutto\\\/#breadcrumb\",\"itemListElement\":[{\"@type\":\"ListItem\",\"position\":1,\"name\":\"Portada\",\"item\":\"https:\\\/\\\/exaudi.org\\\/it\\\/\"},{\"@type\":\"ListItem\",\"position\":2,\"name\":\"\u201cPortare lo Spirito vivo di Cristo dappertutto\u201d\"}]},{\"@type\":\"WebSite\",\"@id\":\"https:\\\/\\\/exaudi.org\\\/#website\",\"url\":\"https:\\\/\\\/exaudi.org\\\/\",\"name\":\"Exaudi\",\"description\":\"News\",\"potentialAction\":[{\"@type\":\"SearchAction\",\"target\":{\"@type\":\"EntryPoint\",\"urlTemplate\":\"https:\\\/\\\/exaudi.org\\\/?s={search_term_string}\"},\"query-input\":{\"@type\":\"PropertyValueSpecification\",\"valueRequired\":true,\"valueName\":\"search_term_string\"}}],\"inLanguage\":\"it-IT\"},{\"@type\":\"Person\",\"@id\":\"https:\\\/\\\/exaudi.org\\\/#\\\/schema\\\/person\\\/e1ab6ed07c01774724dd96f925f3a5f0\",\"name\":\"Exaudi Redazione\",\"image\":{\"@type\":\"ImageObject\",\"inLanguage\":\"it-IT\",\"@id\":\"https:\\\/\\\/secure.gravatar.com\\\/avatar\\\/ad6774b3ada023bf5b939d64f45c94b3adf91502dd883507d469b4308a943bb3?s=96&d=mm&r=g\",\"url\":\"https:\\\/\\\/secure.gravatar.com\\\/avatar\\\/ad6774b3ada023bf5b939d64f45c94b3adf91502dd883507d469b4308a943bb3?s=96&d=mm&r=g\",\"contentUrl\":\"https:\\\/\\\/secure.gravatar.com\\\/avatar\\\/ad6774b3ada023bf5b939d64f45c94b3adf91502dd883507d469b4308a943bb3?s=96&d=mm&r=g\",\"caption\":\"Exaudi Redazione\"},\"description\":\"Che cosa \u00e8 Exaudi News? Exaudi News \u00e8 un agenzia cattolica internazionale che informa, istruisce e trasforma quotidianamente in spagnolo, inglese e italiano. Attraverso notizie, articoli di analisi e trasmissioni in diretta degli eventi del Papa, Exaudi cerca di rafforzare l'unit\u00e0 dei cristiani e di contribuire all'evangelizzazione del mondo, sempre guidato dalla dottrina sociale della Chiesa. Lavoriamo per portare la verit\u00e0 e i valori cristiani in ogni angolo del pianeta. Aiutaci a trasformare il mondo con Exaudi! Noi di Exaudi crediamo che l'evangelizzazione e l'informazione di qualit\u00e0 possano cambiare la vita. Per continuare la nostra missione ed espandere la nostra portata, abbiamo bisogno del tuo aiuto. Stiamo anche cercando persone motivate che vogliano unirsi al nostro team. Grazie al vostro sostegno raggiungeremo pi\u00f9 persone, diffonderemo il messaggio di Cristo e rafforzeremo l'unit\u00e0 dei cristiani. Vuoi unirti alla nostra missione? Per maggiori informazioni su come contribuire, visita Exaudi.org\\\/it o contattaci direttamente: info@exaudi.org Exaudi: informa, forma e trasforma.\",\"sameAs\":[\"https:\\\/\\\/www.facebook.com\\\/ExaudiNotizie\\\/\",\"https:\\\/\\\/www.instagram.com\\\/Exaudi_notizie\\\/\",\"https:\\\/\\\/x.com\\\/Exaudi_Notizie\",\"https:\\\/\\\/www.youtube.com\\\/@exaudicatholicnews\"],\"url\":\"https:\\\/\\\/exaudi.org\\\/it\\\/author\\\/dlvedi-org\\\/\"}]}<\/script>\n<!-- \/ Yoast SEO plugin. -->","yoast_head_json":{"title":"\u201cPortare lo Spirito vivo di Cristo dappertutto\u201d &#8211; Exaudi","robots":{"index":"index","follow":"follow","max-snippet":"max-snippet:-1","max-image-preview":"max-image-preview:large","max-video-preview":"max-video-preview:-1"},"canonical":"https:\/\/exaudi.org\/it\/portare-lo-spirito-vivo-di-cristo-dappertutto\/","og_locale":"it_IT","og_type":"article","og_title":"\u201cPortare lo Spirito vivo di Cristo dappertutto\u201d &#8211; Exaudi","og_description":"Il Papa nel suo discorso ai Chierici Regolari di San Paolo (Barnabiti)","og_url":"https:\/\/exaudi.org\/it\/portare-lo-spirito-vivo-di-cristo-dappertutto\/","og_site_name":"Exaudi","article_publisher":"https:\/\/www.facebook.com\/ExaudiNews","article_author":"https:\/\/www.facebook.com\/ExaudiNotizie\/","article_published_time":"2023-05-29T16:42:50+00:00","og_image":[{"width":750,"height":422,"url":"https:\/\/exaudi.org\/wp-content\/uploads\/2023\/05\/cq5dam.thumbnail.cropped.750.422-21.jpeg","type":"image\/jpeg"}],"author":"Exaudi Redazione","twitter_card":"summary_large_image","twitter_creator":"@Exaudi_Notizie","twitter_site":"@Exaudi_News","twitter_misc":{"Scritto da":"Exaudi Redazione","Tempo di lettura stimato":"6 minuti"},"schema":{"@context":"https:\/\/schema.org","@graph":[{"@type":"Article","@id":"https:\/\/exaudi.org\/it\/portare-lo-spirito-vivo-di-cristo-dappertutto\/#article","isPartOf":{"@id":"https:\/\/exaudi.org\/it\/portare-lo-spirito-vivo-di-cristo-dappertutto\/"},"author":{"name":"Exaudi Redazione","@id":"https:\/\/exaudi.org\/#\/schema\/person\/e1ab6ed07c01774724dd96f925f3a5f0"},"headline":"\u201cPortare lo Spirito vivo di Cristo dappertutto\u201d","datePublished":"2023-05-29T16:42:50+00:00","mainEntityOfPage":{"@id":"https:\/\/exaudi.org\/it\/portare-lo-spirito-vivo-di-cristo-dappertutto\/"},"wordCount":1205,"image":{"@id":"https:\/\/exaudi.org\/it\/portare-lo-spirito-vivo-di-cristo-dappertutto\/#primaryimage"},"thumbnailUrl":"https:\/\/exaudi.org\/wp-content\/uploads\/2023\/05\/cq5dam.thumbnail.cropped.750.422-21.jpeg","keywords":["evangelizzazione","Papa Francesco","Santi e Beati","udienza"],"articleSection":["Discorsi","Leone XIV"],"inLanguage":"it-IT"},{"@type":"WebPage","@id":"https:\/\/exaudi.org\/it\/portare-lo-spirito-vivo-di-cristo-dappertutto\/","url":"https:\/\/exaudi.org\/it\/portare-lo-spirito-vivo-di-cristo-dappertutto\/","name":"\u201cPortare lo Spirito vivo di Cristo dappertutto\u201d &#8211; Exaudi","isPartOf":{"@id":"https:\/\/exaudi.org\/#website"},"primaryImageOfPage":{"@id":"https:\/\/exaudi.org\/it\/portare-lo-spirito-vivo-di-cristo-dappertutto\/#primaryimage"},"image":{"@id":"https:\/\/exaudi.org\/it\/portare-lo-spirito-vivo-di-cristo-dappertutto\/#primaryimage"},"thumbnailUrl":"https:\/\/exaudi.org\/wp-content\/uploads\/2023\/05\/cq5dam.thumbnail.cropped.750.422-21.jpeg","datePublished":"2023-05-29T16:42:50+00:00","author":{"@id":"https:\/\/exaudi.org\/#\/schema\/person\/e1ab6ed07c01774724dd96f925f3a5f0"},"breadcrumb":{"@id":"https:\/\/exaudi.org\/it\/portare-lo-spirito-vivo-di-cristo-dappertutto\/#breadcrumb"},"inLanguage":"it-IT","potentialAction":[{"@type":"ReadAction","target":["https:\/\/exaudi.org\/it\/portare-lo-spirito-vivo-di-cristo-dappertutto\/"]}]},{"@type":"ImageObject","inLanguage":"it-IT","@id":"https:\/\/exaudi.org\/it\/portare-lo-spirito-vivo-di-cristo-dappertutto\/#primaryimage","url":"https:\/\/exaudi.org\/wp-content\/uploads\/2023\/05\/cq5dam.thumbnail.cropped.750.422-21.jpeg","contentUrl":"https:\/\/exaudi.org\/wp-content\/uploads\/2023\/05\/cq5dam.thumbnail.cropped.750.422-21.jpeg","width":750,"height":422,"caption":"Vatican News"},{"@type":"BreadcrumbList","@id":"https:\/\/exaudi.org\/it\/portare-lo-spirito-vivo-di-cristo-dappertutto\/#breadcrumb","itemListElement":[{"@type":"ListItem","position":1,"name":"Portada","item":"https:\/\/exaudi.org\/it\/"},{"@type":"ListItem","position":2,"name":"\u201cPortare lo Spirito vivo di Cristo dappertutto\u201d"}]},{"@type":"WebSite","@id":"https:\/\/exaudi.org\/#website","url":"https:\/\/exaudi.org\/","name":"Exaudi","description":"News","potentialAction":[{"@type":"SearchAction","target":{"@type":"EntryPoint","urlTemplate":"https:\/\/exaudi.org\/?s={search_term_string}"},"query-input":{"@type":"PropertyValueSpecification","valueRequired":true,"valueName":"search_term_string"}}],"inLanguage":"it-IT"},{"@type":"Person","@id":"https:\/\/exaudi.org\/#\/schema\/person\/e1ab6ed07c01774724dd96f925f3a5f0","name":"Exaudi Redazione","image":{"@type":"ImageObject","inLanguage":"it-IT","@id":"https:\/\/secure.gravatar.com\/avatar\/ad6774b3ada023bf5b939d64f45c94b3adf91502dd883507d469b4308a943bb3?s=96&d=mm&r=g","url":"https:\/\/secure.gravatar.com\/avatar\/ad6774b3ada023bf5b939d64f45c94b3adf91502dd883507d469b4308a943bb3?s=96&d=mm&r=g","contentUrl":"https:\/\/secure.gravatar.com\/avatar\/ad6774b3ada023bf5b939d64f45c94b3adf91502dd883507d469b4308a943bb3?s=96&d=mm&r=g","caption":"Exaudi Redazione"},"description":"Che cosa \u00e8 Exaudi News? Exaudi News \u00e8 un agenzia cattolica internazionale che informa, istruisce e trasforma quotidianamente in spagnolo, inglese e italiano. Attraverso notizie, articoli di analisi e trasmissioni in diretta degli eventi del Papa, Exaudi cerca di rafforzare l'unit\u00e0 dei cristiani e di contribuire all'evangelizzazione del mondo, sempre guidato dalla dottrina sociale della Chiesa. Lavoriamo per portare la verit\u00e0 e i valori cristiani in ogni angolo del pianeta. Aiutaci a trasformare il mondo con Exaudi! Noi di Exaudi crediamo che l'evangelizzazione e l'informazione di qualit\u00e0 possano cambiare la vita. Per continuare la nostra missione ed espandere la nostra portata, abbiamo bisogno del tuo aiuto. Stiamo anche cercando persone motivate che vogliano unirsi al nostro team. Grazie al vostro sostegno raggiungeremo pi\u00f9 persone, diffonderemo il messaggio di Cristo e rafforzeremo l'unit\u00e0 dei cristiani. Vuoi unirti alla nostra missione? Per maggiori informazioni su come contribuire, visita Exaudi.org\/it o contattaci direttamente: info@exaudi.org Exaudi: informa, forma e trasforma.","sameAs":["https:\/\/www.facebook.com\/ExaudiNotizie\/","https:\/\/www.instagram.com\/Exaudi_notizie\/","https:\/\/x.com\/Exaudi_Notizie","https:\/\/www.youtube.com\/@exaudicatholicnews"],"url":"https:\/\/exaudi.org\/it\/author\/dlvedi-org\/"}]}},"jetpack_featured_media_url":"https:\/\/exaudi.org\/wp-content\/uploads\/2023\/05\/cq5dam.thumbnail.cropped.750.422-21.jpeg","jetpack_shortlink":"https:\/\/wp.me\/pgKjF2-k18","_links":{"self":[{"href":"https:\/\/exaudi.org\/it\/wp-json\/wp\/v2\/posts\/76950","targetHints":{"allow":["GET"]}}],"collection":[{"href":"https:\/\/exaudi.org\/it\/wp-json\/wp\/v2\/posts"}],"about":[{"href":"https:\/\/exaudi.org\/it\/wp-json\/wp\/v2\/types\/post"}],"author":[{"embeddable":true,"href":"https:\/\/exaudi.org\/it\/wp-json\/wp\/v2\/users\/17"}],"replies":[{"embeddable":true,"href":"https:\/\/exaudi.org\/it\/wp-json\/wp\/v2\/comments?post=76950"}],"version-history":[{"count":0,"href":"https:\/\/exaudi.org\/it\/wp-json\/wp\/v2\/posts\/76950\/revisions"}],"wp:featuredmedia":[{"embeddable":true,"href":"https:\/\/exaudi.org\/it\/wp-json\/wp\/v2\/media\/76951"}],"wp:attachment":[{"href":"https:\/\/exaudi.org\/it\/wp-json\/wp\/v2\/media?parent=76950"}],"wp:term":[{"taxonomy":"category","embeddable":true,"href":"https:\/\/exaudi.org\/it\/wp-json\/wp\/v2\/categories?post=76950"},{"taxonomy":"post_tag","embeddable":true,"href":"https:\/\/exaudi.org\/it\/wp-json\/wp\/v2\/tags?post=76950"}],"curies":[{"name":"wp","href":"https:\/\/api.w.org\/{rel}","templated":true}]}}