{"id":76785,"date":"2023-05-25T19:46:20","date_gmt":"2023-05-25T17:46:20","guid":{"rendered":"https:\/\/exaudi.org\/?p=76785"},"modified":"2023-05-25T19:46:20","modified_gmt":"2023-05-25T17:46:20","slug":"una-chiesa-sinodale-cammina-nella-storia-in-compagnia-del-risorto-servendo-il-vangelo","status":"publish","type":"post","link":"https:\/\/exaudi.org\/it\/una-chiesa-sinodale-cammina-nella-storia-in-compagnia-del-risorto-servendo-il-vangelo\/","title":{"rendered":"&#8220;Una Chiesa sinodale cammina nella storia in compagnia del Risorto, servendo il Vangelo&#8221;"},"content":{"rendered":"<p>Questa mattina, nell\u2019Aula Paolo VI, il Santo Padre Francesco ha ricevuto in Udienza i partecipanti all\u2019Incontro Nazionale dei Referenti diocesani del Cammino Sinodale Italiano e ha rivolto loro il discorso che pubblichiamo di seguito:<\/p>\n<p><b><u>Discorso del Santo Padre<\/u><\/b><\/p>\n<p>Cari fratelli e sorelle, buongiorno e benvenuti!<\/p>\n<p>Saluto tutti voi, Vescovi, insieme ai referenti diocesani, al Comitato e alla Presidenza: grazie di essere qui.<\/p>\n<p>Questo incontro si colloca nel vivo di un processo di Sinodo che sta interessando tutta la Chiesa e, in essa, le Chiese locali, nelle quali i Cantieri sinodali si sono costituiti come una bella esperienza di ascolto dello Spirito e di confronto tra le diverse voci delle comunit\u00e0 cristiane. Ci\u00f2 ha generato un coinvolgimento di tanti, specialmente su alcuni temi che riconoscete come cruciali e prioritari per il presente e per il futuro. Si tratta di un\u2019esperienza spirituale unica, di conversione e di rinnovamento, che potr\u00e0 rendere le vostre comunit\u00e0 ecclesiali pi\u00f9 missionarie e pi\u00f9 preparate all\u2019evangelizzazione nel mondo attuale. Questo cammino \u00e8 cominciato 60 anni fa, quando San Paolo VI, alla fine del Concilio, si \u00e8 accorto che la Chiesa in occidente aveva perso la sinodalit\u00e0. Lui cre\u00f2 la Segreteria per il Sinodo dei Vescovi. In questi anni \u00e8 stato fatto ogni quattro anni un Sinodo; nel 50\u00b0 anni \u00e8 stato fatto un documento sulla sinodalit\u00e0 &#8211; \u00e8 importante quel documento -; e poi in questi ultimi dieci anni si \u00e8 andati avanti e adesso si fa un Sinodo per dire cosa sia la sinodalit\u00e0, che come sappiamo non \u00e8 cercare le opinioni della gente e neppure un mettersi d\u2019accordo, \u00e8 un\u2019altra cosa.<\/p>\n<p>Vorrei perci\u00f2 esortarvi a proseguire con coraggio e determinazione su questa strada, anzitutto valorizzando il potenziale presente nelle parrocchie e nelle varie comunit\u00e0 cristiane. Per favore questo \u00e8 importante. Nello stesso tempo, poich\u00e9, dopo il biennio dedicato all\u2019ascolto, state per affacciarvi a quella che chiamate \u201cfase sapienziale\u201d, con l\u2019intento di non disperdere quanto \u00e8 stato raccolto e di avviare un discernimento ecclesiale, vorrei affidarvi alcune\u00a0<i>consegne<\/i>. Con esse cerco di rispondere, almeno in parte, alle domande che il Comitato mi ha fatto pervenire sulle priorit\u00e0 per la Chiesa in relazione alla societ\u00e0, su come superare resistenze e preoccupazioni, sul coinvolgimento dei sacerdoti e dei laici e sulle esperienze di emarginazione.<\/p>\n<p>Ecco, dunque, la prima consegna:\u00a0<i>continuate a camminare<\/i>. Si deve fare. Mentre cogliete i primi frutti nel rispetto delle domande e delle questioni emerse, siete invitati a non fermarvi. La vita cristiana \u00e8 un cammino. Continuate a camminare, lasciandovi guidare dallo Spirito. Al Convegno ecclesiale di Firenze indicavo nell\u2019<i>umilt\u00e0<\/i>, nel\u00a0<i>disinteresse<\/i>\u00a0e nella\u00a0<i>beatitudine<\/i>\u00a0tre tratti che devono caratterizzare il volto della Chiesa, il volto delle vostre comunit\u00e0. Umilt\u00e0, disinteresse e beatitudine. Una Chiesa sinodale \u00e8 tale perch\u00e9 ha viva consapevolezza di camminare nella storia in compagnia del Risorto, preoccupata non di salvaguardare s\u00e9 stessa e i propri interessi, ma di servire il Vangelo in stile di gratuit\u00e0 e di cura, coltivando la libert\u00e0 e la creativit\u00e0 proprie di chi testimonia la lieta notizia dell\u2019amore di Dio rimanendo radicato in ci\u00f2 che \u00e8 essenziale. Una Chiesa appesantita dalle strutture, dalla burocrazia, dal formalismo faticher\u00e0 a camminare nella storia, al passo dello Spirito, rimarr\u00e0 l\u00ec e non potr\u00e0 camminare incontro agli uomini e alle donne del nostro tempo.<\/p>\n<p>La seconda consegna \u00e8 questa:\u00a0<i>fare Chiesa insieme<\/i>. \u00c8 un\u2019esigenza che sentiamo di urgente, oggi, sessant\u2019anni dopo la conclusione del Vaticano II. Infatti, \u00e8 sempre in agguato la tentazione di separare alcuni \u201cattori qualificati\u201d che portano avanti l\u2019azione pastorale, mentre il resto del popolo fedele rimane \u00absolamente recettivo delle loro azioni\u00bb (<i>Evangelii gaudium<\/i>, 120). Ci sono i \u201ccapi\u201d di una parrocchia, portano avanti le cose e la gente riceve soltanto quello. La Chiesa \u00e8 il santo Popolo fedele di Dio e in esso, \u00abin virt\u00f9 del Battesimo ricevuto, ogni membro [\u2026] \u00e8 diventato discepolo missionario\u00bb (<i>ibid<\/i>.). Questa consapevolezza deve far crescere sempre pi\u00f9 uno stile di corresponsabilit\u00e0 ecclesiale: ogni battezzato \u00e8 chiamato a partecipare attivamente alla vita e alla missione della Chiesa, a partire dallo specifico della propria vocazione, in relazione con le altre e con gli altri carismi, donati dallo Spirito per il bene di tutti. Abbiamo bisogno di comunit\u00e0 cristiane nelle quali si allarghi lo spazio, dove tutti possano sentirsi a casa, dove le strutture e i mezzi pastorali favoriscano non la creazione di piccoli gruppi, ma la gioia di sentirsi corresponsabili.<\/p>\n<p>In tal senso, dobbiamo chiedere allo Spirito Santo di farci comprendere e sperimentare come essere ministri ordinati e come esercitare il ministero in questo tempo e in questa Chiesa: mai senza l\u2019Altro con la \u201cA\u201d maiuscola, mai senza gli altri con cui condividere il cammino. Questo vale per i Vescovi, il cui ministero non pu\u00f2 fare a meno di quello dei presbiteri e dei diaconi; e vale anche per gli stessi presbiteri e diaconi, chiamati a esprimere il loro servizio all\u2019interno di un\u00a0<i>noi<\/i>\u00a0pi\u00f9 ampio, che \u00e8 il presbiterio. Ma questo vale anche per l\u2019intera comunit\u00e0 dei battezzati, nella quale ciascuno cammina con altri fratelli e altre sorelle alla scuola dell\u2019unico Vangelo e nella luce dello Spirito.<\/p>\n<p>La terza consegna:\u00a0<i>essere una Chiesa aperta<\/i>. Riscoprirsi corresponsabili nella Chiesa non equivale a mettere in atto logiche mondane di distribuzione dei poteri, ma significa coltivare il desiderio di riconoscere l\u2019altro nella ricchezza dei suoi carismi e della sua singolarit\u00e0. Cos\u00ec, possono trovare posto quanti ancora faticano a vedere riconosciuta la loro presenza nella Chiesa, quanti non hanno voce, coloro le cui voci sono coperte se non zittite o ignorate, coloro che si sentono inadeguati, magari perch\u00e9 hanno percorsi di vita difficili o complessi. A volte sono \u201cscomunicati\u201d a priori. Ma ricordiamocelo: la Chiesa deve lasciar trasparire il cuore di Dio: un cuore aperto a tutti e per tutti. Non dimentichiamo per favore la parabola di Ges\u00f9 della festa di nozze fallita, quando quel signore, non essendo venuti gli invitati, cosa dice? \u201cAndate agli incroci delle strade e chiamate tutti\u201d (cfr\u00a0<i>Mt<\/i>\u00a022,9). Tutti: malati, non malati, giusti, peccatori, tutti, tutti dentro.<\/p>\n<p>Dovremmo domandarci quanto facciamo spazio e quanto ascoltiamo realmente nelle nostre comunit\u00e0 le voci dei giovani, delle donne, dei poveri, di coloro che sono delusi, di chi nella vita \u00e8 stato ferito ed \u00e8 arrabbiato con la Chiesa. Fino a quando la loro presenza rester\u00e0 una nota sporadica nel complesso della vita ecclesiale, la Chiesa non sar\u00e0 sinodale, sar\u00e0 una Chiesa di pochi. Ricordate questo, chiamate tutti: giusti, peccatori, sani, malati, tutti, tutti, tutti.<\/p>\n<p>A volte si ha l\u2019impressione che le comunit\u00e0 religiose, le curie, le parrocchie siano ancora un po\u2019 troppo autoreferenziali. E l\u2019autoreferenzialit\u00e0 \u00e8 un po\u2019 la teologia dello specchio: guardarsi allo specchio,\u00a0<i>maquillage<\/i>, mi pettino bene\u2026 \u00c8 una bella malattia questa, una bella malattia che ha la Chiesa: autoreferenziale, la mia parrocchia, la mia classe, il mio gruppo, la mia associazione\u2026 Sembra che si insinui, un po\u2019 nascostamente, una sorta di \u201cneoclericalismo di difesa\u201d \u2013 il clericalismo \u00e8 una perversione, e il vescovo, il prete clericale \u00e8 perverso, ma il laico e la laica clericale lo \u00e8 ancora di pi\u00f9: quando il clericalismo entra nei laici \u00e8 terribile! \u2013: il neoclericalismo di difesa generato da un atteggiamento timoroso, dalla lamentela per un mondo che \u201cnon ci capisce pi\u00f9\u201d, dove \u201ci giovani sono perduti\u201d, dal bisogno di ribadire e far sentire la propria influenza \u2013 \u201cma io far\u00f2 questo\u2026\u201d. Il Sinodo ci chiama a diventare una Chiesa che cammina con gioia, con umilt\u00e0 e con creativit\u00e0 dentro questo nostro tempo, nella consapevolezza che siamo tutti vulnerabili e abbiamo bisogno gli uni degli altri. E a me piacerebbe che in un percorso sinodale si prendesse sul serio questa parola \u201cvulnerabilit\u00e0\u201d e si parlasse di questo, con senso di comunit\u00e0, sulla vulnerabilit\u00e0 della Chiesa. E aggiungo: camminare cercando di generare vita, di moltiplicare la gioia, di non spegnere i fuochi che lo Spirito accende nei cuori. Don Primo Mazzolari scriveva: \u00abChe contrasto quando la nostra vita spegne la vita delle anime! Preti che sono soffocatori di vita. Invece di accendere l\u2019eternit\u00e0, spegniamo la vita\u00bb. Siamo inviati non per spegnere, ma per accendere i cuori dei nostri fratelli e sorelle, e per lasciarci rischiarare a nostra volta dai bagliori delle loro coscienze che cercano la verit\u00e0.<\/p>\n<p>Mi ha colpito, a questo proposito, la domanda del cappellano di un carcere italiano, che mi chiedeva come far s\u00ec che l\u2019esperienza sinodale vissuta in una casa circondariale possa poi trovare un seguito di accoglienza nelle comunit\u00e0. Su questa domanda inserirei un\u2019ultima consegna:\u00a0<i>essere una Chiesa \u201cinquieta\u201d nelle inquietudini del nostro tempo<\/i>. Siamo chiamati a raccogliere le inquietudini della storia e a lasciarcene interrogare, a portarle davanti a Dio, a immergerle nella Pasqua di Cristo. Il grande nemico di questo cammino \u00e8 la paura: \u201cHo paura, stai attento\u2026\u201d.<\/p>\n<p>Formare dei gruppi sinodali nelle carceri vuol dire mettersi in ascolto di un\u2019umanit\u00e0 ferita, ma, nel contempo, bisognosa di redenzione. C\u2019\u00e8 in Spagna un carcere, con un bravo cappellano, che mi invia messaggi perch\u00e9 io veda sempre le loro riunioni\u2026 Ma sono in sinodo permanente questi carcerati! \u00c8 interessante vedere come questo cappellano fa uscire da dentro il meglio di loro stessi, per proiettarlo al futuro. Per un detenuto, scontare la pena pu\u00f2 diventare occasione per fare esperienza del volto misericordioso di Dio, e cos\u00ec cominciare una vita nuova. E la comunit\u00e0 cristiana \u00e8 provocata a uscire dai pregiudizi, a mettersi in ricerca di coloro che provengono da anni di detenzione, per incontrarli, per ascoltare la loro testimonianza, e spezzare con loro il pane della Parola di Dio. Questo \u00e8 un esempio di inquietudine buona, che voi mi avete dato; e potrei citarne tanti altri: esperienze di una Chiesa che accoglie le sfide del nostro tempo, che sa uscire verso tutti per annunciare la gioia del Vangelo.<\/p>\n<p>Cari fratelli e sorelle, proseguiamo insieme questo percorso, con grande fiducia nell\u2019opera che lo Spirito Santo va realizzando. \u00c8 Lui il protagonista del processo sinodale, Lui, non noi! \u00c8 Lui che apre i singoli e le comunit\u00e0 all\u2019ascolto; \u00e8 Lui che rende autentico e fecondo il dialogo; \u00e8 Lui che illumina il discernimento; \u00e8 Lui che orienta le scelte e le decisioni. \u00c8 Lui soprattutto che crea l\u2019armonia, la comunione nella Chiesa. Mi piace come lo definisce San Basilio: Lui \u00e8 l\u2019armonia. Non ci facciamo l\u2019illusione che il Sinodo lo facciamo noi, no. Il Sinodo andr\u00e0 avanti se noi saremo aperti a Lui che \u00e8 il protagonista. Afferma la\u00a0<i>Lumen gentium<\/i>: \u00abEgli \u2013 lo Spirito \u2013 introduce la Chiesa nella pienezza della verit\u00e0 (cfr\u00a0<i>Gv<\/i>\u00a016,13), la unifica nella comunione e nel ministero, la provvede e dirige con diversi doni gerarchici e carismatici, la abbellisce dei suoi frutti (cfr\u00a0<i>Ef<\/i>\u00a04,11-12;\u00a0<i>1 Cor<\/i>\u00a012,4;\u00a0<i>Gal<\/i>\u00a05,22)\u00bb (n. 4).<\/p>\n<p>Grazie del lavoro che state facendo. Quando sono entrato uno di voi mi ha detto un\u2019espressione molto argentina, che non ripeto, ma ha una bella traduzione in italiano, che forse lui dir\u00e0\u2026 Una cosa che sembra disordinata\u2026 Pensate al processo degli Apostoli la mattina di Pentecoste: quella mattina era peggio! Disordine totale! E chi ha provocato quel \u201cpeggio\u201d \u00e8 lo Spirito: Lui \u00e8 bravo a fare queste cose, il disordine, per smuovere\u2026 Ma lo stesso Spirito che ha provocato questo ha provocato l\u2019armonia. Entrambe le cose sono fatte dallo Spirito, Lui \u00e8 il protagonista, \u00e8 Lui che fa queste cose. Non bisogna avere paura quando ci sono disordini provocati dallo Spirito; ma averne paura quando sono provocati dai nostri egoismi o dallo Spirito del male. Affidiamoci allo Spirito Santo. Lui \u00e8 l\u2019armonia. Lui fa tutto questo, il disordine, ma Lui \u00e8 capace di fare l\u2019armonia, che \u00e8 una cosa totalmente diversa dall\u2019ordine che noi potremmo fare da noi stessi.<\/p>\n<p>Il Signore vi benedica e la Madonna vi custodisca. E per favore, non dimenticatevi di pregare per me. Grazie.<\/p>\n<p><iframe loading=\"lazy\" title=\"May 25 2023, Audience with diocesan representatives of the Italian Synodal Journey, Pope Francis\" width=\"500\" height=\"281\" src=\"https:\/\/www.youtube.com\/embed\/jtr1BoQvtN4?feature=oembed\" frameborder=\"0\" allow=\"accelerometer; autoplay; clipboard-write; encrypted-media; gyroscope; picture-in-picture; web-share\" referrerpolicy=\"strict-origin-when-cross-origin\" allowfullscreen><\/iframe><\/p>\n","protected":false},"excerpt":{"rendered":"<p>Le parole del Papa all&#8217;incontro dei responsabili del Cammino sinodale italiano<\/p>\n","protected":false},"author":17,"featured_media":76786,"comment_status":"closed","ping_status":"closed","sticky":false,"template":"","format":"standard","meta":{"_acf_changed":false,"_crdt_document":"","inline_featured_image":false,"footnotes":""},"categories":[123,67],"tags":[9277,251,4952,1843],"class_list":["post-76785","post","type-post","status-publish","format-standard","has-post-thumbnail","hentry","category-discorsi","category-leone-xiv","tag-cammino-sinodale-italiano","tag-papa-francesco","tag-trending-it","tag-udienza"],"acf":[],"yoast_head":"<!-- This site is optimized with the Yoast SEO plugin v27.5 - https:\/\/yoast.com\/product\/yoast-seo-wordpress\/ -->\n<title>&quot;Una Chiesa sinodale cammina nella storia in compagnia del Risorto, servendo il Vangelo&quot; &#8211; Exaudi<\/title>\n<meta name=\"robots\" content=\"index, follow, max-snippet:-1, max-image-preview:large, max-video-preview:-1\" \/>\n<link rel=\"canonical\" href=\"https:\/\/exaudi.org\/it\/una-chiesa-sinodale-cammina-nella-storia-in-compagnia-del-risorto-servendo-il-vangelo\/\" \/>\n<meta property=\"og:locale\" content=\"it_IT\" \/>\n<meta property=\"og:type\" content=\"article\" \/>\n<meta property=\"og:title\" content=\"&quot;Una Chiesa sinodale cammina nella storia in compagnia del Risorto, servendo il Vangelo&quot; &#8211; Exaudi\" \/>\n<meta property=\"og:description\" content=\"Le parole del Papa all&#039;incontro dei responsabili del Cammino sinodale italiano\" \/>\n<meta property=\"og:url\" content=\"https:\/\/exaudi.org\/it\/una-chiesa-sinodale-cammina-nella-storia-in-compagnia-del-risorto-servendo-il-vangelo\/\" \/>\n<meta property=\"og:site_name\" content=\"Exaudi\" \/>\n<meta property=\"article:publisher\" content=\"https:\/\/www.facebook.com\/ExaudiNews\" \/>\n<meta property=\"article:author\" content=\"https:\/\/www.facebook.com\/ExaudiNotizie\/\" \/>\n<meta property=\"article:published_time\" content=\"2023-05-25T17:46:20+00:00\" \/>\n<meta property=\"og:image\" content=\"https:\/\/exaudi.org\/wp-content\/uploads\/2023\/05\/cq5dam.thumbnail.cropped.750.422-18.jpeg\" \/>\n\t<meta property=\"og:image:width\" content=\"800\" \/>\n\t<meta property=\"og:image:height\" content=\"533\" \/>\n\t<meta property=\"og:image:type\" content=\"image\/jpeg\" \/>\n<meta name=\"author\" content=\"Exaudi Redazione\" \/>\n<meta name=\"twitter:card\" content=\"summary_large_image\" \/>\n<meta name=\"twitter:creator\" content=\"@Exaudi_Notizie\" \/>\n<meta name=\"twitter:site\" content=\"@Exaudi_News\" \/>\n<meta name=\"twitter:label1\" content=\"Scritto da\" \/>\n\t<meta name=\"twitter:data1\" content=\"Exaudi Redazione\" \/>\n\t<meta name=\"twitter:label2\" content=\"Tempo di lettura stimato\" \/>\n\t<meta name=\"twitter:data2\" content=\"9 minuti\" \/>\n<script type=\"application\/ld+json\" class=\"yoast-schema-graph\">{\"@context\":\"https:\\\/\\\/schema.org\",\"@graph\":[{\"@type\":\"Article\",\"@id\":\"https:\\\/\\\/exaudi.org\\\/it\\\/una-chiesa-sinodale-cammina-nella-storia-in-compagnia-del-risorto-servendo-il-vangelo\\\/#article\",\"isPartOf\":{\"@id\":\"https:\\\/\\\/exaudi.org\\\/it\\\/una-chiesa-sinodale-cammina-nella-storia-in-compagnia-del-risorto-servendo-il-vangelo\\\/\"},\"author\":{\"name\":\"Exaudi Redazione\",\"@id\":\"https:\\\/\\\/exaudi.org\\\/#\\\/schema\\\/person\\\/e1ab6ed07c01774724dd96f925f3a5f0\"},\"headline\":\"&#8220;Una Chiesa sinodale cammina nella storia in compagnia del Risorto, servendo il Vangelo&#8221;\",\"datePublished\":\"2023-05-25T17:46:20+00:00\",\"mainEntityOfPage\":{\"@id\":\"https:\\\/\\\/exaudi.org\\\/it\\\/una-chiesa-sinodale-cammina-nella-storia-in-compagnia-del-risorto-servendo-il-vangelo\\\/\"},\"wordCount\":1945,\"image\":{\"@id\":\"https:\\\/\\\/exaudi.org\\\/it\\\/una-chiesa-sinodale-cammina-nella-storia-in-compagnia-del-risorto-servendo-il-vangelo\\\/#primaryimage\"},\"thumbnailUrl\":\"https:\\\/\\\/exaudi.org\\\/wp-content\\\/uploads\\\/2023\\\/05\\\/cq5dam.thumbnail.cropped.750.422-18.jpeg\",\"keywords\":[\"Cammino Sinodale Italiano\",\"Papa Francesco\",\"Trending\",\"udienza\"],\"articleSection\":[\"Discorsi\",\"Leone XIV\"],\"inLanguage\":\"it-IT\"},{\"@type\":\"WebPage\",\"@id\":\"https:\\\/\\\/exaudi.org\\\/it\\\/una-chiesa-sinodale-cammina-nella-storia-in-compagnia-del-risorto-servendo-il-vangelo\\\/\",\"url\":\"https:\\\/\\\/exaudi.org\\\/it\\\/una-chiesa-sinodale-cammina-nella-storia-in-compagnia-del-risorto-servendo-il-vangelo\\\/\",\"name\":\"\\\"Una Chiesa sinodale cammina nella storia in compagnia del Risorto, servendo il Vangelo\\\" &#8211; Exaudi\",\"isPartOf\":{\"@id\":\"https:\\\/\\\/exaudi.org\\\/#website\"},\"primaryImageOfPage\":{\"@id\":\"https:\\\/\\\/exaudi.org\\\/it\\\/una-chiesa-sinodale-cammina-nella-storia-in-compagnia-del-risorto-servendo-il-vangelo\\\/#primaryimage\"},\"image\":{\"@id\":\"https:\\\/\\\/exaudi.org\\\/it\\\/una-chiesa-sinodale-cammina-nella-storia-in-compagnia-del-risorto-servendo-il-vangelo\\\/#primaryimage\"},\"thumbnailUrl\":\"https:\\\/\\\/exaudi.org\\\/wp-content\\\/uploads\\\/2023\\\/05\\\/cq5dam.thumbnail.cropped.750.422-18.jpeg\",\"datePublished\":\"2023-05-25T17:46:20+00:00\",\"author\":{\"@id\":\"https:\\\/\\\/exaudi.org\\\/#\\\/schema\\\/person\\\/e1ab6ed07c01774724dd96f925f3a5f0\"},\"breadcrumb\":{\"@id\":\"https:\\\/\\\/exaudi.org\\\/it\\\/una-chiesa-sinodale-cammina-nella-storia-in-compagnia-del-risorto-servendo-il-vangelo\\\/#breadcrumb\"},\"inLanguage\":\"it-IT\",\"potentialAction\":[{\"@type\":\"ReadAction\",\"target\":[\"https:\\\/\\\/exaudi.org\\\/it\\\/una-chiesa-sinodale-cammina-nella-storia-in-compagnia-del-risorto-servendo-il-vangelo\\\/\"]}]},{\"@type\":\"ImageObject\",\"inLanguage\":\"it-IT\",\"@id\":\"https:\\\/\\\/exaudi.org\\\/it\\\/una-chiesa-sinodale-cammina-nella-storia-in-compagnia-del-risorto-servendo-il-vangelo\\\/#primaryimage\",\"url\":\"https:\\\/\\\/exaudi.org\\\/wp-content\\\/uploads\\\/2023\\\/05\\\/cq5dam.thumbnail.cropped.750.422-18.jpeg\",\"contentUrl\":\"https:\\\/\\\/exaudi.org\\\/wp-content\\\/uploads\\\/2023\\\/05\\\/cq5dam.thumbnail.cropped.750.422-18.jpeg\",\"width\":800,\"height\":533,\"caption\":\"Vatican Media\"},{\"@type\":\"BreadcrumbList\",\"@id\":\"https:\\\/\\\/exaudi.org\\\/it\\\/una-chiesa-sinodale-cammina-nella-storia-in-compagnia-del-risorto-servendo-il-vangelo\\\/#breadcrumb\",\"itemListElement\":[{\"@type\":\"ListItem\",\"position\":1,\"name\":\"Portada\",\"item\":\"https:\\\/\\\/exaudi.org\\\/it\\\/\"},{\"@type\":\"ListItem\",\"position\":2,\"name\":\"&#8220;Una Chiesa sinodale cammina nella storia in compagnia del Risorto, servendo il Vangelo&#8221;\"}]},{\"@type\":\"WebSite\",\"@id\":\"https:\\\/\\\/exaudi.org\\\/#website\",\"url\":\"https:\\\/\\\/exaudi.org\\\/\",\"name\":\"Exaudi\",\"description\":\"News\",\"potentialAction\":[{\"@type\":\"SearchAction\",\"target\":{\"@type\":\"EntryPoint\",\"urlTemplate\":\"https:\\\/\\\/exaudi.org\\\/?s={search_term_string}\"},\"query-input\":{\"@type\":\"PropertyValueSpecification\",\"valueRequired\":true,\"valueName\":\"search_term_string\"}}],\"inLanguage\":\"it-IT\"},{\"@type\":\"Person\",\"@id\":\"https:\\\/\\\/exaudi.org\\\/#\\\/schema\\\/person\\\/e1ab6ed07c01774724dd96f925f3a5f0\",\"name\":\"Exaudi Redazione\",\"image\":{\"@type\":\"ImageObject\",\"inLanguage\":\"it-IT\",\"@id\":\"https:\\\/\\\/secure.gravatar.com\\\/avatar\\\/ad6774b3ada023bf5b939d64f45c94b3adf91502dd883507d469b4308a943bb3?s=96&d=mm&r=g\",\"url\":\"https:\\\/\\\/secure.gravatar.com\\\/avatar\\\/ad6774b3ada023bf5b939d64f45c94b3adf91502dd883507d469b4308a943bb3?s=96&d=mm&r=g\",\"contentUrl\":\"https:\\\/\\\/secure.gravatar.com\\\/avatar\\\/ad6774b3ada023bf5b939d64f45c94b3adf91502dd883507d469b4308a943bb3?s=96&d=mm&r=g\",\"caption\":\"Exaudi Redazione\"},\"description\":\"Che cosa \u00e8 Exaudi News? Exaudi News \u00e8 un agenzia cattolica internazionale che informa, istruisce e trasforma quotidianamente in spagnolo, inglese e italiano. Attraverso notizie, articoli di analisi e trasmissioni in diretta degli eventi del Papa, Exaudi cerca di rafforzare l'unit\u00e0 dei cristiani e di contribuire all'evangelizzazione del mondo, sempre guidato dalla dottrina sociale della Chiesa. Lavoriamo per portare la verit\u00e0 e i valori cristiani in ogni angolo del pianeta. Aiutaci a trasformare il mondo con Exaudi! Noi di Exaudi crediamo che l'evangelizzazione e l'informazione di qualit\u00e0 possano cambiare la vita. Per continuare la nostra missione ed espandere la nostra portata, abbiamo bisogno del tuo aiuto. Stiamo anche cercando persone motivate che vogliano unirsi al nostro team. Grazie al vostro sostegno raggiungeremo pi\u00f9 persone, diffonderemo il messaggio di Cristo e rafforzeremo l'unit\u00e0 dei cristiani. Vuoi unirti alla nostra missione? Per maggiori informazioni su come contribuire, visita Exaudi.org\\\/it o contattaci direttamente: info@exaudi.org Exaudi: informa, forma e trasforma.\",\"sameAs\":[\"https:\\\/\\\/www.facebook.com\\\/ExaudiNotizie\\\/\",\"https:\\\/\\\/www.instagram.com\\\/Exaudi_notizie\\\/\",\"https:\\\/\\\/x.com\\\/Exaudi_Notizie\",\"https:\\\/\\\/www.youtube.com\\\/@exaudicatholicnews\"],\"url\":\"https:\\\/\\\/exaudi.org\\\/it\\\/author\\\/dlvedi-org\\\/\"}]}<\/script>\n<!-- \/ Yoast SEO plugin. -->","yoast_head_json":{"title":"\"Una Chiesa sinodale cammina nella storia in compagnia del Risorto, servendo il Vangelo\" &#8211; Exaudi","robots":{"index":"index","follow":"follow","max-snippet":"max-snippet:-1","max-image-preview":"max-image-preview:large","max-video-preview":"max-video-preview:-1"},"canonical":"https:\/\/exaudi.org\/it\/una-chiesa-sinodale-cammina-nella-storia-in-compagnia-del-risorto-servendo-il-vangelo\/","og_locale":"it_IT","og_type":"article","og_title":"\"Una Chiesa sinodale cammina nella storia in compagnia del Risorto, servendo il Vangelo\" &#8211; Exaudi","og_description":"Le parole del Papa all'incontro dei responsabili del Cammino sinodale italiano","og_url":"https:\/\/exaudi.org\/it\/una-chiesa-sinodale-cammina-nella-storia-in-compagnia-del-risorto-servendo-il-vangelo\/","og_site_name":"Exaudi","article_publisher":"https:\/\/www.facebook.com\/ExaudiNews","article_author":"https:\/\/www.facebook.com\/ExaudiNotizie\/","article_published_time":"2023-05-25T17:46:20+00:00","og_image":[{"width":800,"height":533,"url":"https:\/\/exaudi.org\/wp-content\/uploads\/2023\/05\/cq5dam.thumbnail.cropped.750.422-18.jpeg","type":"image\/jpeg"}],"author":"Exaudi Redazione","twitter_card":"summary_large_image","twitter_creator":"@Exaudi_Notizie","twitter_site":"@Exaudi_News","twitter_misc":{"Scritto da":"Exaudi Redazione","Tempo di lettura stimato":"9 minuti"},"schema":{"@context":"https:\/\/schema.org","@graph":[{"@type":"Article","@id":"https:\/\/exaudi.org\/it\/una-chiesa-sinodale-cammina-nella-storia-in-compagnia-del-risorto-servendo-il-vangelo\/#article","isPartOf":{"@id":"https:\/\/exaudi.org\/it\/una-chiesa-sinodale-cammina-nella-storia-in-compagnia-del-risorto-servendo-il-vangelo\/"},"author":{"name":"Exaudi Redazione","@id":"https:\/\/exaudi.org\/#\/schema\/person\/e1ab6ed07c01774724dd96f925f3a5f0"},"headline":"&#8220;Una Chiesa sinodale cammina nella storia in compagnia del Risorto, servendo il Vangelo&#8221;","datePublished":"2023-05-25T17:46:20+00:00","mainEntityOfPage":{"@id":"https:\/\/exaudi.org\/it\/una-chiesa-sinodale-cammina-nella-storia-in-compagnia-del-risorto-servendo-il-vangelo\/"},"wordCount":1945,"image":{"@id":"https:\/\/exaudi.org\/it\/una-chiesa-sinodale-cammina-nella-storia-in-compagnia-del-risorto-servendo-il-vangelo\/#primaryimage"},"thumbnailUrl":"https:\/\/exaudi.org\/wp-content\/uploads\/2023\/05\/cq5dam.thumbnail.cropped.750.422-18.jpeg","keywords":["Cammino Sinodale Italiano","Papa Francesco","Trending","udienza"],"articleSection":["Discorsi","Leone XIV"],"inLanguage":"it-IT"},{"@type":"WebPage","@id":"https:\/\/exaudi.org\/it\/una-chiesa-sinodale-cammina-nella-storia-in-compagnia-del-risorto-servendo-il-vangelo\/","url":"https:\/\/exaudi.org\/it\/una-chiesa-sinodale-cammina-nella-storia-in-compagnia-del-risorto-servendo-il-vangelo\/","name":"\"Una Chiesa sinodale cammina nella storia in compagnia del Risorto, servendo il Vangelo\" &#8211; Exaudi","isPartOf":{"@id":"https:\/\/exaudi.org\/#website"},"primaryImageOfPage":{"@id":"https:\/\/exaudi.org\/it\/una-chiesa-sinodale-cammina-nella-storia-in-compagnia-del-risorto-servendo-il-vangelo\/#primaryimage"},"image":{"@id":"https:\/\/exaudi.org\/it\/una-chiesa-sinodale-cammina-nella-storia-in-compagnia-del-risorto-servendo-il-vangelo\/#primaryimage"},"thumbnailUrl":"https:\/\/exaudi.org\/wp-content\/uploads\/2023\/05\/cq5dam.thumbnail.cropped.750.422-18.jpeg","datePublished":"2023-05-25T17:46:20+00:00","author":{"@id":"https:\/\/exaudi.org\/#\/schema\/person\/e1ab6ed07c01774724dd96f925f3a5f0"},"breadcrumb":{"@id":"https:\/\/exaudi.org\/it\/una-chiesa-sinodale-cammina-nella-storia-in-compagnia-del-risorto-servendo-il-vangelo\/#breadcrumb"},"inLanguage":"it-IT","potentialAction":[{"@type":"ReadAction","target":["https:\/\/exaudi.org\/it\/una-chiesa-sinodale-cammina-nella-storia-in-compagnia-del-risorto-servendo-il-vangelo\/"]}]},{"@type":"ImageObject","inLanguage":"it-IT","@id":"https:\/\/exaudi.org\/it\/una-chiesa-sinodale-cammina-nella-storia-in-compagnia-del-risorto-servendo-il-vangelo\/#primaryimage","url":"https:\/\/exaudi.org\/wp-content\/uploads\/2023\/05\/cq5dam.thumbnail.cropped.750.422-18.jpeg","contentUrl":"https:\/\/exaudi.org\/wp-content\/uploads\/2023\/05\/cq5dam.thumbnail.cropped.750.422-18.jpeg","width":800,"height":533,"caption":"Vatican Media"},{"@type":"BreadcrumbList","@id":"https:\/\/exaudi.org\/it\/una-chiesa-sinodale-cammina-nella-storia-in-compagnia-del-risorto-servendo-il-vangelo\/#breadcrumb","itemListElement":[{"@type":"ListItem","position":1,"name":"Portada","item":"https:\/\/exaudi.org\/it\/"},{"@type":"ListItem","position":2,"name":"&#8220;Una Chiesa sinodale cammina nella storia in compagnia del Risorto, servendo il Vangelo&#8221;"}]},{"@type":"WebSite","@id":"https:\/\/exaudi.org\/#website","url":"https:\/\/exaudi.org\/","name":"Exaudi","description":"News","potentialAction":[{"@type":"SearchAction","target":{"@type":"EntryPoint","urlTemplate":"https:\/\/exaudi.org\/?s={search_term_string}"},"query-input":{"@type":"PropertyValueSpecification","valueRequired":true,"valueName":"search_term_string"}}],"inLanguage":"it-IT"},{"@type":"Person","@id":"https:\/\/exaudi.org\/#\/schema\/person\/e1ab6ed07c01774724dd96f925f3a5f0","name":"Exaudi Redazione","image":{"@type":"ImageObject","inLanguage":"it-IT","@id":"https:\/\/secure.gravatar.com\/avatar\/ad6774b3ada023bf5b939d64f45c94b3adf91502dd883507d469b4308a943bb3?s=96&d=mm&r=g","url":"https:\/\/secure.gravatar.com\/avatar\/ad6774b3ada023bf5b939d64f45c94b3adf91502dd883507d469b4308a943bb3?s=96&d=mm&r=g","contentUrl":"https:\/\/secure.gravatar.com\/avatar\/ad6774b3ada023bf5b939d64f45c94b3adf91502dd883507d469b4308a943bb3?s=96&d=mm&r=g","caption":"Exaudi Redazione"},"description":"Che cosa \u00e8 Exaudi News? Exaudi News \u00e8 un agenzia cattolica internazionale che informa, istruisce e trasforma quotidianamente in spagnolo, inglese e italiano. Attraverso notizie, articoli di analisi e trasmissioni in diretta degli eventi del Papa, Exaudi cerca di rafforzare l'unit\u00e0 dei cristiani e di contribuire all'evangelizzazione del mondo, sempre guidato dalla dottrina sociale della Chiesa. Lavoriamo per portare la verit\u00e0 e i valori cristiani in ogni angolo del pianeta. Aiutaci a trasformare il mondo con Exaudi! Noi di Exaudi crediamo che l'evangelizzazione e l'informazione di qualit\u00e0 possano cambiare la vita. Per continuare la nostra missione ed espandere la nostra portata, abbiamo bisogno del tuo aiuto. Stiamo anche cercando persone motivate che vogliano unirsi al nostro team. Grazie al vostro sostegno raggiungeremo pi\u00f9 persone, diffonderemo il messaggio di Cristo e rafforzeremo l'unit\u00e0 dei cristiani. Vuoi unirti alla nostra missione? Per maggiori informazioni su come contribuire, visita Exaudi.org\/it o contattaci direttamente: info@exaudi.org Exaudi: informa, forma e trasforma.","sameAs":["https:\/\/www.facebook.com\/ExaudiNotizie\/","https:\/\/www.instagram.com\/Exaudi_notizie\/","https:\/\/x.com\/Exaudi_Notizie","https:\/\/www.youtube.com\/@exaudicatholicnews"],"url":"https:\/\/exaudi.org\/it\/author\/dlvedi-org\/"}]}},"jetpack_featured_media_url":"https:\/\/exaudi.org\/wp-content\/uploads\/2023\/05\/cq5dam.thumbnail.cropped.750.422-18.jpeg","jetpack_shortlink":"https:\/\/wp.me\/pgKjF2-jYt","_links":{"self":[{"href":"https:\/\/exaudi.org\/it\/wp-json\/wp\/v2\/posts\/76785","targetHints":{"allow":["GET"]}}],"collection":[{"href":"https:\/\/exaudi.org\/it\/wp-json\/wp\/v2\/posts"}],"about":[{"href":"https:\/\/exaudi.org\/it\/wp-json\/wp\/v2\/types\/post"}],"author":[{"embeddable":true,"href":"https:\/\/exaudi.org\/it\/wp-json\/wp\/v2\/users\/17"}],"replies":[{"embeddable":true,"href":"https:\/\/exaudi.org\/it\/wp-json\/wp\/v2\/comments?post=76785"}],"version-history":[{"count":0,"href":"https:\/\/exaudi.org\/it\/wp-json\/wp\/v2\/posts\/76785\/revisions"}],"wp:featuredmedia":[{"embeddable":true,"href":"https:\/\/exaudi.org\/it\/wp-json\/wp\/v2\/media\/76786"}],"wp:attachment":[{"href":"https:\/\/exaudi.org\/it\/wp-json\/wp\/v2\/media?parent=76785"}],"wp:term":[{"taxonomy":"category","embeddable":true,"href":"https:\/\/exaudi.org\/it\/wp-json\/wp\/v2\/categories?post=76785"},{"taxonomy":"post_tag","embeddable":true,"href":"https:\/\/exaudi.org\/it\/wp-json\/wp\/v2\/tags?post=76785"}],"curies":[{"name":"wp","href":"https:\/\/api.w.org\/{rel}","templated":true}]}}