{"id":76347,"date":"2023-05-20T18:05:06","date_gmt":"2023-05-20T16:05:06","guid":{"rendered":"https:\/\/exaudi.org\/?p=76347"},"modified":"2023-05-20T18:05:06","modified_gmt":"2023-05-20T16:05:06","slug":"il-papa-riconosce-le-virtu-eroiche-dei-servi-di-dio","status":"publish","type":"post","link":"https:\/\/exaudi.org\/it\/il-papa-riconosce-le-virtu-eroiche-dei-servi-di-dio\/","title":{"rendered":"Il Papa riconosce le virt\u00f9 eroiche dei Servi di Dio"},"content":{"rendered":"<p><i>Durante l\u2019Udienza concessa a Sua Eminenza Reverendissima il Signor Cardinale Marcello Semeraro, Prefetto del Dicastero delle Cause dei Santi, il Sommo Pontefice ha autorizzato il medesimo Dicastero a promulgare i Decreti riguardanti:<\/i><\/p>\n<p>&#8211; il martirio del Servo di Dio Giuseppe Beotti, Sacerdote diocesano; nato il 26 agosto 1912 a Campremoldo Sotto, frazione di Gragnano Trebbiense (Italia) e ucciso in odio alla fede il 20 luglio 1944 a Sidolo, frazione di Bardi (Italia);<\/p>\n<p>&#8211; le virt\u00f9 eroiche del Servo di Dio Simon Mpeke (detto\u00a0<i>Baba Simon<\/i>), Sacerdote diocesano; nato intorno al 1906 a Batomb\u00e9 (Camerun) e morto il 13 agosto 1975 a \u00c9d\u00e9a (Camerun);<\/p>\n<p>&#8211; le virt\u00f9 eroiche del Servo di Dio Pedro de la Virgen del Carmen (al secolo: Pedro D\u00edez Gil), Sacerdote professo dell\u2019Ordine dei Chierici Regolari Poveri della Madre di Dio delle Scuole Pie; nato il 14 aprile 1913 a Pampliega (Spagna) e morto il 14 dicembre 1983 a Saragozza (Spagna);<\/p>\n<p>&#8211; le virt\u00f9 eroiche della Serva di Dio Edda Roda (al secolo: Edda Maria Caterina), Suora professa dell\u2019Istituto delle Suore Cappuccine di Madre Rubatto; nata il 30 ottobre 1940 a Leno (Italia) e morta il 16 giugno 1996 a Bergamo (Italia);<\/p>\n<p>&#8211; le virt\u00f9 eroiche della Serva di Dio Tereza Margarida do Cora\u00e7\u00e3o de Maria (al secolo: Maria Luiza Rezende Marques), Monaca professa dell\u2019Ordine dei Carmelitani Scalzi; nata il 24 dicembre 1915 a Borda da Mata (Brasile) e morta il 14 novembre 2005 a Tr\u00eas Pontas (Brasile);<\/p>\n<p>&#8211; le virt\u00f9 eroiche del Servo di Dio Arnaldo Canepa, Fedele Laico Catechista; nato il 24 settembre 1882 a Roma (Italia) e ivi morto il 2 novembre 1966;<\/p>\n<p>&#8211; le virt\u00f9 eroiche del Servo di Dio Guido Vidal Fran\u00e7a Sch\u00e4ffer, Seminarista; nato il 22 maggio 1974 a Volta Redonda (Brasile) e morto il 1\u00b0 maggio 2009 a Rio de Janeiro (Brasile);<\/p>\n<p>&#8211; le virt\u00f9 eroiche della Serva di Dio Maria Cristina Ogier, Fedele Laica; nata il 9 marzo 1955 a Firenze (Italia) e morta l\u20198 gennaio 1974 a Roma (Italia);<\/p>\n<p>&#8211; le virt\u00f9 eroiche della Serva di Dio Lorena D\u2019Alessandro, Fedele Laica; nata il 20 novembre 1964 a Roma (Italia) e ivi morta il 3 aprile 1981.<\/p>\n","protected":false},"excerpt":{"rendered":"<p>Promulgazione di Decreti del Dicastero delle Cause dei Santi<\/p>\n","protected":false},"author":17,"featured_media":76348,"comment_status":"closed","ping_status":"closed","sticky":false,"template":"","format":"standard","meta":{"_acf_changed":false,"_crdt_document":"","inline_featured_image":false,"footnotes":""},"categories":[67],"tags":[7014,251,6535],"class_list":["post-76347","post","type-post","status-publish","format-standard","has-post-thumbnail","hentry","category-leone-xiv","tag-dicastero-delle-cause-dei-santi","tag-papa-francesco","tag-santi-e-beati"],"acf":[],"yoast_head":"<!-- This site is optimized with the Yoast SEO plugin v27.5 - https:\/\/yoast.com\/product\/yoast-seo-wordpress\/ -->\n<title>Il Papa riconosce le virt\u00f9 eroiche dei Servi di Dio &#8211; Exaudi<\/title>\n<meta name=\"robots\" content=\"index, follow, max-snippet:-1, max-image-preview:large, max-video-preview:-1\" \/>\n<link rel=\"canonical\" href=\"https:\/\/exaudi.org\/it\/il-papa-riconosce-le-virtu-eroiche-dei-servi-di-dio\/\" \/>\n<meta property=\"og:locale\" content=\"it_IT\" \/>\n<meta property=\"og:type\" content=\"article\" \/>\n<meta property=\"og:title\" content=\"Il Papa riconosce le virt\u00f9 eroiche dei Servi di Dio &#8211; Exaudi\" \/>\n<meta property=\"og:description\" content=\"Promulgazione di Decreti del Dicastero delle Cause dei Santi\" \/>\n<meta property=\"og:url\" content=\"https:\/\/exaudi.org\/it\/il-papa-riconosce-le-virtu-eroiche-dei-servi-di-dio\/\" \/>\n<meta property=\"og:site_name\" content=\"Exaudi\" \/>\n<meta property=\"article:publisher\" content=\"https:\/\/www.facebook.com\/ExaudiNews\" \/>\n<meta property=\"article:author\" content=\"https:\/\/www.facebook.com\/ExaudiNotizie\/\" \/>\n<meta property=\"article:published_time\" content=\"2023-05-20T16:05:06+00:00\" \/>\n<meta property=\"og:image\" content=\"https:\/\/exaudi.org\/wp-content\/uploads\/2023\/05\/cq5dam.thumbnail.cropped.750.422-12.jpeg\" \/>\n\t<meta property=\"og:image:width\" content=\"750\" \/>\n\t<meta property=\"og:image:height\" content=\"422\" \/>\n\t<meta property=\"og:image:type\" content=\"image\/jpeg\" \/>\n<meta name=\"author\" content=\"Exaudi Redazione\" \/>\n<meta name=\"twitter:card\" content=\"summary_large_image\" \/>\n<meta name=\"twitter:creator\" content=\"@Exaudi_Notizie\" \/>\n<meta name=\"twitter:site\" content=\"@Exaudi_News\" \/>\n<meta name=\"twitter:label1\" content=\"Scritto da\" \/>\n\t<meta name=\"twitter:data1\" content=\"Exaudi Redazione\" \/>\n\t<meta name=\"twitter:label2\" content=\"Tempo di lettura stimato\" \/>\n\t<meta name=\"twitter:data2\" content=\"2 minuti\" \/>\n<script type=\"application\/ld+json\" class=\"yoast-schema-graph\">{\"@context\":\"https:\\\/\\\/schema.org\",\"@graph\":[{\"@type\":\"Article\",\"@id\":\"https:\\\/\\\/exaudi.org\\\/it\\\/il-papa-riconosce-le-virtu-eroiche-dei-servi-di-dio\\\/#article\",\"isPartOf\":{\"@id\":\"https:\\\/\\\/exaudi.org\\\/it\\\/il-papa-riconosce-le-virtu-eroiche-dei-servi-di-dio\\\/\"},\"author\":{\"name\":\"Exaudi Redazione\",\"@id\":\"https:\\\/\\\/exaudi.org\\\/#\\\/schema\\\/person\\\/e1ab6ed07c01774724dd96f925f3a5f0\"},\"headline\":\"Il Papa riconosce le virt\u00f9 eroiche dei Servi di Dio\",\"datePublished\":\"2023-05-20T16:05:06+00:00\",\"mainEntityOfPage\":{\"@id\":\"https:\\\/\\\/exaudi.org\\\/it\\\/il-papa-riconosce-le-virtu-eroiche-dei-servi-di-dio\\\/\"},\"wordCount\":344,\"image\":{\"@id\":\"https:\\\/\\\/exaudi.org\\\/it\\\/il-papa-riconosce-le-virtu-eroiche-dei-servi-di-dio\\\/#primaryimage\"},\"thumbnailUrl\":\"https:\\\/\\\/exaudi.org\\\/wp-content\\\/uploads\\\/2023\\\/05\\\/cq5dam.thumbnail.cropped.750.422-12.jpeg\",\"keywords\":[\"Dicastero delle Cause dei Santi\",\"Papa Francesco\",\"Santi e Beati\"],\"articleSection\":[\"Leone XIV\"],\"inLanguage\":\"it-IT\"},{\"@type\":\"WebPage\",\"@id\":\"https:\\\/\\\/exaudi.org\\\/it\\\/il-papa-riconosce-le-virtu-eroiche-dei-servi-di-dio\\\/\",\"url\":\"https:\\\/\\\/exaudi.org\\\/it\\\/il-papa-riconosce-le-virtu-eroiche-dei-servi-di-dio\\\/\",\"name\":\"Il Papa riconosce le virt\u00f9 eroiche dei Servi di Dio &#8211; Exaudi\",\"isPartOf\":{\"@id\":\"https:\\\/\\\/exaudi.org\\\/#website\"},\"primaryImageOfPage\":{\"@id\":\"https:\\\/\\\/exaudi.org\\\/it\\\/il-papa-riconosce-le-virtu-eroiche-dei-servi-di-dio\\\/#primaryimage\"},\"image\":{\"@id\":\"https:\\\/\\\/exaudi.org\\\/it\\\/il-papa-riconosce-le-virtu-eroiche-dei-servi-di-dio\\\/#primaryimage\"},\"thumbnailUrl\":\"https:\\\/\\\/exaudi.org\\\/wp-content\\\/uploads\\\/2023\\\/05\\\/cq5dam.thumbnail.cropped.750.422-12.jpeg\",\"datePublished\":\"2023-05-20T16:05:06+00:00\",\"author\":{\"@id\":\"https:\\\/\\\/exaudi.org\\\/#\\\/schema\\\/person\\\/e1ab6ed07c01774724dd96f925f3a5f0\"},\"breadcrumb\":{\"@id\":\"https:\\\/\\\/exaudi.org\\\/it\\\/il-papa-riconosce-le-virtu-eroiche-dei-servi-di-dio\\\/#breadcrumb\"},\"inLanguage\":\"it-IT\",\"potentialAction\":[{\"@type\":\"ReadAction\",\"target\":[\"https:\\\/\\\/exaudi.org\\\/it\\\/il-papa-riconosce-le-virtu-eroiche-dei-servi-di-dio\\\/\"]}]},{\"@type\":\"ImageObject\",\"inLanguage\":\"it-IT\",\"@id\":\"https:\\\/\\\/exaudi.org\\\/it\\\/il-papa-riconosce-le-virtu-eroiche-dei-servi-di-dio\\\/#primaryimage\",\"url\":\"https:\\\/\\\/exaudi.org\\\/wp-content\\\/uploads\\\/2023\\\/05\\\/cq5dam.thumbnail.cropped.750.422-12.jpeg\",\"contentUrl\":\"https:\\\/\\\/exaudi.org\\\/wp-content\\\/uploads\\\/2023\\\/05\\\/cq5dam.thumbnail.cropped.750.422-12.jpeg\",\"width\":750,\"height\":422,\"caption\":\"Vatican News\"},{\"@type\":\"BreadcrumbList\",\"@id\":\"https:\\\/\\\/exaudi.org\\\/it\\\/il-papa-riconosce-le-virtu-eroiche-dei-servi-di-dio\\\/#breadcrumb\",\"itemListElement\":[{\"@type\":\"ListItem\",\"position\":1,\"name\":\"Portada\",\"item\":\"https:\\\/\\\/exaudi.org\\\/it\\\/\"},{\"@type\":\"ListItem\",\"position\":2,\"name\":\"Il Papa riconosce le virt\u00f9 eroiche dei Servi di Dio\"}]},{\"@type\":\"WebSite\",\"@id\":\"https:\\\/\\\/exaudi.org\\\/#website\",\"url\":\"https:\\\/\\\/exaudi.org\\\/\",\"name\":\"Exaudi\",\"description\":\"News\",\"potentialAction\":[{\"@type\":\"SearchAction\",\"target\":{\"@type\":\"EntryPoint\",\"urlTemplate\":\"https:\\\/\\\/exaudi.org\\\/?s={search_term_string}\"},\"query-input\":{\"@type\":\"PropertyValueSpecification\",\"valueRequired\":true,\"valueName\":\"search_term_string\"}}],\"inLanguage\":\"it-IT\"},{\"@type\":\"Person\",\"@id\":\"https:\\\/\\\/exaudi.org\\\/#\\\/schema\\\/person\\\/e1ab6ed07c01774724dd96f925f3a5f0\",\"name\":\"Exaudi Redazione\",\"image\":{\"@type\":\"ImageObject\",\"inLanguage\":\"it-IT\",\"@id\":\"https:\\\/\\\/secure.gravatar.com\\\/avatar\\\/ad6774b3ada023bf5b939d64f45c94b3adf91502dd883507d469b4308a943bb3?s=96&d=mm&r=g\",\"url\":\"https:\\\/\\\/secure.gravatar.com\\\/avatar\\\/ad6774b3ada023bf5b939d64f45c94b3adf91502dd883507d469b4308a943bb3?s=96&d=mm&r=g\",\"contentUrl\":\"https:\\\/\\\/secure.gravatar.com\\\/avatar\\\/ad6774b3ada023bf5b939d64f45c94b3adf91502dd883507d469b4308a943bb3?s=96&d=mm&r=g\",\"caption\":\"Exaudi Redazione\"},\"description\":\"Che cosa \u00e8 Exaudi News? Exaudi News \u00e8 un agenzia cattolica internazionale che informa, istruisce e trasforma quotidianamente in spagnolo, inglese e italiano. Attraverso notizie, articoli di analisi e trasmissioni in diretta degli eventi del Papa, Exaudi cerca di rafforzare l'unit\u00e0 dei cristiani e di contribuire all'evangelizzazione del mondo, sempre guidato dalla dottrina sociale della Chiesa. Lavoriamo per portare la verit\u00e0 e i valori cristiani in ogni angolo del pianeta. Aiutaci a trasformare il mondo con Exaudi! Noi di Exaudi crediamo che l'evangelizzazione e l'informazione di qualit\u00e0 possano cambiare la vita. Per continuare la nostra missione ed espandere la nostra portata, abbiamo bisogno del tuo aiuto. Stiamo anche cercando persone motivate che vogliano unirsi al nostro team. Grazie al vostro sostegno raggiungeremo pi\u00f9 persone, diffonderemo il messaggio di Cristo e rafforzeremo l'unit\u00e0 dei cristiani. Vuoi unirti alla nostra missione? Per maggiori informazioni su come contribuire, visita Exaudi.org\\\/it o contattaci direttamente: info@exaudi.org Exaudi: informa, forma e trasforma.\",\"sameAs\":[\"https:\\\/\\\/www.facebook.com\\\/ExaudiNotizie\\\/\",\"https:\\\/\\\/www.instagram.com\\\/Exaudi_notizie\\\/\",\"https:\\\/\\\/x.com\\\/Exaudi_Notizie\",\"https:\\\/\\\/www.youtube.com\\\/@exaudicatholicnews\"],\"url\":\"https:\\\/\\\/exaudi.org\\\/it\\\/author\\\/dlvedi-org\\\/\"}]}<\/script>\n<!-- \/ Yoast SEO plugin. -->","yoast_head_json":{"title":"Il Papa riconosce le virt\u00f9 eroiche dei Servi di Dio &#8211; Exaudi","robots":{"index":"index","follow":"follow","max-snippet":"max-snippet:-1","max-image-preview":"max-image-preview:large","max-video-preview":"max-video-preview:-1"},"canonical":"https:\/\/exaudi.org\/it\/il-papa-riconosce-le-virtu-eroiche-dei-servi-di-dio\/","og_locale":"it_IT","og_type":"article","og_title":"Il Papa riconosce le virt\u00f9 eroiche dei Servi di Dio &#8211; Exaudi","og_description":"Promulgazione di Decreti del Dicastero delle Cause dei Santi","og_url":"https:\/\/exaudi.org\/it\/il-papa-riconosce-le-virtu-eroiche-dei-servi-di-dio\/","og_site_name":"Exaudi","article_publisher":"https:\/\/www.facebook.com\/ExaudiNews","article_author":"https:\/\/www.facebook.com\/ExaudiNotizie\/","article_published_time":"2023-05-20T16:05:06+00:00","og_image":[{"width":750,"height":422,"url":"https:\/\/exaudi.org\/wp-content\/uploads\/2023\/05\/cq5dam.thumbnail.cropped.750.422-12.jpeg","type":"image\/jpeg"}],"author":"Exaudi Redazione","twitter_card":"summary_large_image","twitter_creator":"@Exaudi_Notizie","twitter_site":"@Exaudi_News","twitter_misc":{"Scritto da":"Exaudi Redazione","Tempo di lettura stimato":"2 minuti"},"schema":{"@context":"https:\/\/schema.org","@graph":[{"@type":"Article","@id":"https:\/\/exaudi.org\/it\/il-papa-riconosce-le-virtu-eroiche-dei-servi-di-dio\/#article","isPartOf":{"@id":"https:\/\/exaudi.org\/it\/il-papa-riconosce-le-virtu-eroiche-dei-servi-di-dio\/"},"author":{"name":"Exaudi Redazione","@id":"https:\/\/exaudi.org\/#\/schema\/person\/e1ab6ed07c01774724dd96f925f3a5f0"},"headline":"Il Papa riconosce le virt\u00f9 eroiche dei Servi di Dio","datePublished":"2023-05-20T16:05:06+00:00","mainEntityOfPage":{"@id":"https:\/\/exaudi.org\/it\/il-papa-riconosce-le-virtu-eroiche-dei-servi-di-dio\/"},"wordCount":344,"image":{"@id":"https:\/\/exaudi.org\/it\/il-papa-riconosce-le-virtu-eroiche-dei-servi-di-dio\/#primaryimage"},"thumbnailUrl":"https:\/\/exaudi.org\/wp-content\/uploads\/2023\/05\/cq5dam.thumbnail.cropped.750.422-12.jpeg","keywords":["Dicastero delle Cause dei Santi","Papa Francesco","Santi e Beati"],"articleSection":["Leone XIV"],"inLanguage":"it-IT"},{"@type":"WebPage","@id":"https:\/\/exaudi.org\/it\/il-papa-riconosce-le-virtu-eroiche-dei-servi-di-dio\/","url":"https:\/\/exaudi.org\/it\/il-papa-riconosce-le-virtu-eroiche-dei-servi-di-dio\/","name":"Il Papa riconosce le virt\u00f9 eroiche dei Servi di Dio &#8211; Exaudi","isPartOf":{"@id":"https:\/\/exaudi.org\/#website"},"primaryImageOfPage":{"@id":"https:\/\/exaudi.org\/it\/il-papa-riconosce-le-virtu-eroiche-dei-servi-di-dio\/#primaryimage"},"image":{"@id":"https:\/\/exaudi.org\/it\/il-papa-riconosce-le-virtu-eroiche-dei-servi-di-dio\/#primaryimage"},"thumbnailUrl":"https:\/\/exaudi.org\/wp-content\/uploads\/2023\/05\/cq5dam.thumbnail.cropped.750.422-12.jpeg","datePublished":"2023-05-20T16:05:06+00:00","author":{"@id":"https:\/\/exaudi.org\/#\/schema\/person\/e1ab6ed07c01774724dd96f925f3a5f0"},"breadcrumb":{"@id":"https:\/\/exaudi.org\/it\/il-papa-riconosce-le-virtu-eroiche-dei-servi-di-dio\/#breadcrumb"},"inLanguage":"it-IT","potentialAction":[{"@type":"ReadAction","target":["https:\/\/exaudi.org\/it\/il-papa-riconosce-le-virtu-eroiche-dei-servi-di-dio\/"]}]},{"@type":"ImageObject","inLanguage":"it-IT","@id":"https:\/\/exaudi.org\/it\/il-papa-riconosce-le-virtu-eroiche-dei-servi-di-dio\/#primaryimage","url":"https:\/\/exaudi.org\/wp-content\/uploads\/2023\/05\/cq5dam.thumbnail.cropped.750.422-12.jpeg","contentUrl":"https:\/\/exaudi.org\/wp-content\/uploads\/2023\/05\/cq5dam.thumbnail.cropped.750.422-12.jpeg","width":750,"height":422,"caption":"Vatican News"},{"@type":"BreadcrumbList","@id":"https:\/\/exaudi.org\/it\/il-papa-riconosce-le-virtu-eroiche-dei-servi-di-dio\/#breadcrumb","itemListElement":[{"@type":"ListItem","position":1,"name":"Portada","item":"https:\/\/exaudi.org\/it\/"},{"@type":"ListItem","position":2,"name":"Il Papa riconosce le virt\u00f9 eroiche dei Servi di Dio"}]},{"@type":"WebSite","@id":"https:\/\/exaudi.org\/#website","url":"https:\/\/exaudi.org\/","name":"Exaudi","description":"News","potentialAction":[{"@type":"SearchAction","target":{"@type":"EntryPoint","urlTemplate":"https:\/\/exaudi.org\/?s={search_term_string}"},"query-input":{"@type":"PropertyValueSpecification","valueRequired":true,"valueName":"search_term_string"}}],"inLanguage":"it-IT"},{"@type":"Person","@id":"https:\/\/exaudi.org\/#\/schema\/person\/e1ab6ed07c01774724dd96f925f3a5f0","name":"Exaudi Redazione","image":{"@type":"ImageObject","inLanguage":"it-IT","@id":"https:\/\/secure.gravatar.com\/avatar\/ad6774b3ada023bf5b939d64f45c94b3adf91502dd883507d469b4308a943bb3?s=96&d=mm&r=g","url":"https:\/\/secure.gravatar.com\/avatar\/ad6774b3ada023bf5b939d64f45c94b3adf91502dd883507d469b4308a943bb3?s=96&d=mm&r=g","contentUrl":"https:\/\/secure.gravatar.com\/avatar\/ad6774b3ada023bf5b939d64f45c94b3adf91502dd883507d469b4308a943bb3?s=96&d=mm&r=g","caption":"Exaudi Redazione"},"description":"Che cosa \u00e8 Exaudi News? Exaudi News \u00e8 un agenzia cattolica internazionale che informa, istruisce e trasforma quotidianamente in spagnolo, inglese e italiano. Attraverso notizie, articoli di analisi e trasmissioni in diretta degli eventi del Papa, Exaudi cerca di rafforzare l'unit\u00e0 dei cristiani e di contribuire all'evangelizzazione del mondo, sempre guidato dalla dottrina sociale della Chiesa. Lavoriamo per portare la verit\u00e0 e i valori cristiani in ogni angolo del pianeta. Aiutaci a trasformare il mondo con Exaudi! Noi di Exaudi crediamo che l'evangelizzazione e l'informazione di qualit\u00e0 possano cambiare la vita. Per continuare la nostra missione ed espandere la nostra portata, abbiamo bisogno del tuo aiuto. Stiamo anche cercando persone motivate che vogliano unirsi al nostro team. Grazie al vostro sostegno raggiungeremo pi\u00f9 persone, diffonderemo il messaggio di Cristo e rafforzeremo l'unit\u00e0 dei cristiani. Vuoi unirti alla nostra missione? Per maggiori informazioni su come contribuire, visita Exaudi.org\/it o contattaci direttamente: info@exaudi.org Exaudi: informa, forma e trasforma.","sameAs":["https:\/\/www.facebook.com\/ExaudiNotizie\/","https:\/\/www.instagram.com\/Exaudi_notizie\/","https:\/\/x.com\/Exaudi_Notizie","https:\/\/www.youtube.com\/@exaudicatholicnews"],"url":"https:\/\/exaudi.org\/it\/author\/dlvedi-org\/"}]}},"jetpack_featured_media_url":"https:\/\/exaudi.org\/wp-content\/uploads\/2023\/05\/cq5dam.thumbnail.cropped.750.422-12.jpeg","jetpack_shortlink":"https:\/\/wp.me\/pgKjF2-jRp","_links":{"self":[{"href":"https:\/\/exaudi.org\/it\/wp-json\/wp\/v2\/posts\/76347","targetHints":{"allow":["GET"]}}],"collection":[{"href":"https:\/\/exaudi.org\/it\/wp-json\/wp\/v2\/posts"}],"about":[{"href":"https:\/\/exaudi.org\/it\/wp-json\/wp\/v2\/types\/post"}],"author":[{"embeddable":true,"href":"https:\/\/exaudi.org\/it\/wp-json\/wp\/v2\/users\/17"}],"replies":[{"embeddable":true,"href":"https:\/\/exaudi.org\/it\/wp-json\/wp\/v2\/comments?post=76347"}],"version-history":[{"count":0,"href":"https:\/\/exaudi.org\/it\/wp-json\/wp\/v2\/posts\/76347\/revisions"}],"wp:featuredmedia":[{"embeddable":true,"href":"https:\/\/exaudi.org\/it\/wp-json\/wp\/v2\/media\/76348"}],"wp:attachment":[{"href":"https:\/\/exaudi.org\/it\/wp-json\/wp\/v2\/media?parent=76347"}],"wp:term":[{"taxonomy":"category","embeddable":true,"href":"https:\/\/exaudi.org\/it\/wp-json\/wp\/v2\/categories?post=76347"},{"taxonomy":"post_tag","embeddable":true,"href":"https:\/\/exaudi.org\/it\/wp-json\/wp\/v2\/tags?post=76347"}],"curies":[{"name":"wp","href":"https:\/\/api.w.org\/{rel}","templated":true}]}}